{"id":121861,"date":"2021-09-01T13:29:20","date_gmt":"2021-09-01T20:29:20","guid":{"rendered":"https:\/\/www.sonoraenequipo.com.mx\/?p=121861"},"modified":"2021-09-01T13:30:21","modified_gmt":"2021-09-01T20:30:21","slug":"fortalece-unison-relacion-con-barra-sonorense-de-abogados","status":"publish","type":"post","link":"https:\/\/www.sonoraenequipo.com.mx\/fortalece-unison-relacion-con-barra-sonorense-de-abogados\/","title":{"rendered":"Fortalece Unison relaci\u00f3n con Barra Sonorense de Abogados"},"content":{"rendered":"<p>A lo largo de su historia, la Universidad de Sonora ha destacado por su compromiso con la sociedad sonorense y ha logrado construir una relaci\u00f3n de confianza y prestigio derivado de su actividad acad\u00e9mica, cient\u00edfica y art\u00edstica, as\u00ed lo reconocieron integrantes de la Barra Sonorense de Abogados durante una charla con la rectora de esta casa de estudios, Mar\u00eda Rita Plancarte Mart\u00ednez.<\/p>\n<p>&nbsp;<\/p>\n<p>\u201cLa Universidad es mi preocupaci\u00f3n principal y mi ocupaci\u00f3n principal, porque es la universidad que queremos y que llevamos en el coraz\u00f3n, la que nos dio el ser, la que nos transforma en j\u00f3venes profesionistas en nuestros primeros pasos para ir agarrando nuestra propia fuerza\u201d, expres\u00f3 Plancarte Mart\u00ednez.<\/p>\n<p>&nbsp;<\/p>\n<p>Ante miembros de la Barra Sonorense de Abogados, presidida por H\u00e9ctor Contreras P\u00e9rez, la rectora comparti\u00f3 ayer datos que consolidan a la Universidad de Sonora como la mejor instituci\u00f3n en el estado y del noroeste del pa\u00eds, as\u00ed como una de las m\u00e1s importantes en M\u00e9xico, entre los que destac\u00f3 la s\u00f3lida oferta educativa con la que cuenta la alma mater.<\/p>\n<p>&nbsp;<\/p>\n<p>Esta \u00faltima constituida por 123 programas en 6 campus; con 57 licenciaturas, 52 posgrados -6 especialidades, 33 maestr\u00edas, 13 doctorados-, 10 cursos de idiomas y 4 talleres de artes para una poblaci\u00f3n estudiantil superior a los 33 mil estudiantes de licenciatura y 923 de posgrado para el presente ciclo escolar; adem\u00e1s explic\u00f3 la estructura acad\u00e9mica de la instituci\u00f3n conformada por tres vicerrector\u00edas, \u00e1reas divisionales y departamentales,<\/p>\n<p>&nbsp;<\/p>\n<p>Plancarte Mart\u00ednez enumer\u00f3 diversas \u00e1reas de crecimiento de la Universidad de Sonora, tambi\u00e9n resalt\u00f3 que a pesar de la pandemia por covid-19 la situaci\u00f3n acad\u00e9mica no se ha perjudicado, pues los \u00edndices de deserci\u00f3n no revelan alguna disminuci\u00f3n de la actividad o de la atenci\u00f3n de calidad que se brinda a la comunidad estudiantil.<\/p>\n<p>&nbsp;<\/p>\n<p>Reconoci\u00f3 que la situaci\u00f3n de contingencia sanitaria represent\u00f3 un cambio dif\u00edcil tanto para acad\u00e9micos, como para estudiantes; pero al mismo tiempo, ha sido una experiencia enriquecedora para la vida universitaria pues se han modificado formas de trabajo y el esquema educativo h\u00edbrido ha representado una oportunidad para acceder a la instrucci\u00f3n universitaria.<\/p>\n<p>&nbsp;<\/p>\n<p>La pandemia, agreg\u00f3, ha sido a la vez que una crisis, la generadora de una respuesta s\u00f3lo proactiva de la comunidad universitaria y es claro que la Universidad de debe a la sociedad y tiene un compromiso de servir desde las diferentes \u00e1reas de la academia.<\/p>\n<p>&nbsp;<\/p>\n<p>Aunque las aulas permanecen cerradas, algunos espacios ofrecen sus servicios de manera paulatina y a trav\u00e9s de citas, como las bibliotecas y laboratorios; y en cuanto al regreso a la actividad acad\u00e9mica, \u00e9ste deber\u00e1 ser \u201csumamente cuidadoso, paulatino y muy pensado, porque el virus verdaderamente es impredecible\u201d, resalt\u00f3.<\/p>\n<p>Previ\u00f3 que algunas actividades se realizar\u00e1n con peque\u00f1os grupos de estudiantes y con los debidos protocolos sanitarios, y adem\u00e1s se esperar\u00e1 a que los j\u00f3venes en edad universitaria cumplan con su esquema de vacunaci\u00f3n contra la covid-19.<\/p>\n<p>&nbsp;<\/p>\n<p>En este aspecto, record\u00f3 que la Universidad fue un gran apoyo para el gobierno del estado en el proceso de vacunaci\u00f3n, tal como lo reconoci\u00f3 la propia gobernadora Claudia Pavlovich, y dijo que, adem\u00e1s, la instituci\u00f3n facilit\u00f3 personal voluntario, infraestructura y equipos de ultra congeladores para la conservaci\u00f3n de los biol\u00f3gicos que se aplicaron.<\/p>\n<p>&nbsp;<\/p>\n<p>Por otra parte, acerca del cambio a la Ley Org\u00e1nica de la m\u00e1xima casa de estudios coment\u00f3 que se trata de un aspecto \u201cque tenemos que consultarlo con todos los actores de la vida universitaria: profesores, estudiantes, trabajadores, los empleadores, los egresados. La Universidad camina bien, pero no camina sola, camina siempre de la mano de aquellos quienes les presta servicio y de aquellos quienes fueron sus hijos, nosotros, los universitarios\u201d, puntualiz\u00f3.<\/p>\n<p>En la reuni\u00f3n estuvo presente tambi\u00e9n el jefe del Departamento de Derecho, H\u00e9ctor Guillermo Campbell Araujo y los integrantes de la mesa directiva de la Barra de Abogados, entre otros invitados del gremio.<\/p>\n<p>Fecha de Publicaci\u00f3n\u00a0 mi\u00e9rcoles \/ 1\u00a0 \/ septiembre \u00a0\/ 2021<\/p>\n<p>&nbsp;<\/p>\n","protected":false},"excerpt":{"rendered":"<p>A lo largo de su historia, la Universidad de Sonora ha destacado por su compromiso&#8230;<\/p>\n","protected":false},"author":1,"featured_media":121862,"comment_status":"open","ping_status":"open","sticky":false,"template":"","format":"standard","meta":{"_monsterinsights_skip_tracking":false,"_monsterinsights_sitenote_active":false,"_monsterinsights_sitenote_note":"","_monsterinsights_sitenote_category":0,"footnotes":""},"categories":[22],"tags":[6074,63],"class_list":["post"],"yoast_head":" \n<title>Sonora en Equipo. Fortalece Unison relaci\u00f3n con Barra Sonorense de Abogados Sonora<\/title>\n<meta name=\"description\" content=\"A lo largo de su historia, la Universidad de Sonora ha destacado por su compromiso con la sociedad sonorense y ha logrado construir una relaci\u00f3n de En Sonora en Equipo publicamos toda la informaci\u00f3n de Sonora, M\u00e9xico y el Mundo de manera oportuna y busca que la libertad de expresi\u00f3n sea real. Visita nuestro medio informativo publicado desde Hermosillo, Sonora. %\" \/>\n<meta name=\"robots\" content=\"index, follow, max-snippet:-1, max-image-preview:large, max-video-preview:-1\" \/>\n<link rel=\"canonical\" href=\"https:\/\/www.sonoraenequipo.com.mx\/fortalece-unison-relacion-con-barra-sonorense-de-abogados\/\" \/>\n<meta property=\"og:locale\" content=\"es_ES\" \/>\n<meta property=\"og:type\" content=\"article\" \/>\n<meta property=\"og:title\" content=\"Sonora en Equipo. Fortalece Unison relaci\u00f3n con Barra Sonorense de Abogados Sonora\" \/>\n<meta property=\"og:description\" content=\"A lo largo de su historia, la Universidad de Sonora ha destacado por su compromiso con la sociedad sonorense y ha logrado construir una relaci\u00f3n de En Sonora en Equipo publicamos toda la informaci\u00f3n de Sonora, M\u00e9xico y el Mundo de manera oportuna y busca que la libertad de expresi\u00f3n sea real. Visita nuestro medio informativo publicado desde Hermosillo, Sonora. %\" \/>\n<meta property=\"og:url\" content=\"https:\/\/www.sonoraenequipo.com.mx\/fortalece-unison-relacion-con-barra-sonorense-de-abogados\/\" \/>\n<meta property=\"og:site_name\" content=\"Sonora en Equipo.\" \/>\n<meta property=\"article:publisher\" content=\"https:\/\/www.facebook.com\/SonoraEE\/\" \/>\n<meta property=\"article:author\" content=\"https:\/\/www.facebook.com\/SonoraEE\" \/>\n<meta property=\"article:published_time\" content=\"2021-09-01T20:29:20+00:00\" \/>\n<meta property=\"article:modified_time\" content=\"2021-09-01T20:30:21+00:00\" \/>\n<meta property=\"og:image\" content=\"https:\/\/www.sonoraenequipo.com.mx\/storage\/2021\/09\/unison310821.jpg\" \/>\n\t<meta property=\"og:image:width\" content=\"700\" \/>\n\t<meta property=\"og:image:height\" content=\"393\" \/>\n\t<meta property=\"og:image:type\" content=\"image\/jpeg\" \/>\n<meta name=\"author\" content=\"enequipo\" \/>\n<meta name=\"twitter:card\" content=\"summary_large_image\" \/>\n<meta name=\"twitter:creator\" content=\"@sonoraenequipo\" \/>\n<meta name=\"twitter:site\" content=\"@sonoraenequipo\" \/>\n<meta name=\"twitter:label1\" content=\"Escrito por\" \/>\n\t<meta name=\"twitter:data1\" content=\"enequipo\" \/>\n\t<meta name=\"twitter:label2\" content=\"Tiempo de lectura\" \/>\n\t<meta name=\"twitter:data2\" content=\"3 minutos\" \/>\n<script type=\"application\/ld+json\" class=\"yoast-schema-graph\">{\"@context\":\"https:\/\/schema.org\",\"@graph\":[{\"@type\":\"Article\",\"@id\":\"https:\/\/www.sonoraenequipo.com.mx\/fortalece-unison-relacion-con-barra-sonorense-de-abogados\/#article\",\"isPartOf\":{\"@id\":\"https:\/\/www.sonoraenequipo.com.mx\/fortalece-unison-relacion-con-barra-sonorense-de-abogados\/\"},\"author\":{\"name\":\"enequipo\",\"@id\":\"https:\/\/www.sonoraenequipo.com.mx\/#\/schema\/person\/50102df0fb23a8fa9e8effad8fa81386\"},\"headline\":\"Fortalece Unison relaci\u00f3n con Barra Sonorense de Abogados\",\"datePublished\":\"2021-09-01T20:29:20+00:00\",\"dateModified\":\"2021-09-01T20:30:21+00:00\",\"mainEntityOfPage\":{\"@id\":\"https:\/\/www.sonoraenequipo.com.mx\/fortalece-unison-relacion-con-barra-sonorense-de-abogados\/\"},\"wordCount\":703,\"commentCount\":0,\"publisher\":{\"@id\":\"https:\/\/www.sonoraenequipo.com.mx\/#organization\"},\"image\":{\"@id\":\"https:\/\/www.sonoraenequipo.com.mx\/fortalece-unison-relacion-con-barra-sonorense-de-abogados\/#primaryimage\"},\"thumbnailUrl\":\"https:\/\/www.sonoraenequipo.com.mx\/storage\/2021\/09\/unison310821.jpg\",\"keywords\":[\"barra abogados\",\"UniSon\"],\"articleSection\":[\"Sonora\"],\"inLanguage\":\"es\",\"potentialAction\":[{\"@type\":\"CommentAction\",\"name\":\"Comment\",\"target\":[\"https:\/\/www.sonoraenequipo.com.mx\/fortalece-unison-relacion-con-barra-sonorense-de-abogados\/#respond\"]}]},{\"@type\":\"WebPage\",\"@id\":\"https:\/\/www.sonoraenequipo.com.mx\/fortalece-unison-relacion-con-barra-sonorense-de-abogados\/\",\"url\":\"https:\/\/www.sonoraenequipo.com.mx\/fortalece-unison-relacion-con-barra-sonorense-de-abogados\/\",\"name\":\"Sonora en Equipo. Fortalece Unison relaci\u00f3n con Barra Sonorense de Abogados Sonora\",\"isPartOf\":{\"@id\":\"https:\/\/www.sonoraenequipo.com.mx\/#website\"},\"primaryImageOfPage\":{\"@id\":\"https:\/\/www.sonoraenequipo.com.mx\/fortalece-unison-relacion-con-barra-sonorense-de-abogados\/#primaryimage\"},\"image\":{\"@id\":\"https:\/\/www.sonoraenequipo.com.mx\/fortalece-unison-relacion-con-barra-sonorense-de-abogados\/#primaryimage\"},\"thumbnailUrl\":\"https:\/\/www.sonoraenequipo.com.mx\/storage\/2021\/09\/unison310821.jpg\",\"datePublished\":\"2021-09-01T20:29:20+00:00\",\"dateModified\":\"2021-09-01T20:30:21+00:00\",\"description\":\"A lo largo de su historia, la Universidad de Sonora ha destacado por su compromiso con la sociedad sonorense y ha logrado construir una relaci\u00f3n de En Sonora en Equipo publicamos toda la informaci\u00f3n de Sonora, M\u00e9xico y el Mundo de manera oportuna y busca que la libertad de expresi\u00f3n sea real. Visita nuestro medio informativo publicado desde Hermosillo, Sonora. %\",\"breadcrumb\":{\"@id\":\"https:\/\/www.sonoraenequipo.com.mx\/fortalece-unison-relacion-con-barra-sonorense-de-abogados\/#breadcrumb\"},\"inLanguage\":\"es\",\"potentialAction\":[{\"@type\":\"ReadAction\",\"target\":[\"https:\/\/www.sonoraenequipo.com.mx\/fortalece-unison-relacion-con-barra-sonorense-de-abogados\/\"]}]},{\"@type\":\"ImageObject\",\"inLanguage\":\"es\",\"@id\":\"https:\/\/www.sonoraenequipo.com.mx\/fortalece-unison-relacion-con-barra-sonorense-de-abogados\/#primaryimage\",\"url\":\"https:\/\/www.sonoraenequipo.com.mx\/storage\/2021\/09\/unison310821.jpg\",\"contentUrl\":\"https:\/\/www.sonoraenequipo.com.mx\/storage\/2021\/09\/unison310821.jpg\",\"width\":700,\"height\":393},{\"@type\":\"BreadcrumbList\",\"@id\":\"https:\/\/www.sonoraenequipo.com.mx\/fortalece-unison-relacion-con-barra-sonorense-de-abogados\/#breadcrumb\",\"itemListElement\":[{\"@type\":\"ListItem\",\"position\":1,\"name\":\"Portada\",\"item\":\"https:\/\/www.sonoraenequipo.com.mx\/\"},{\"@type\":\"ListItem\",\"position\":2,\"name\":\"Fortalece Unison relaci\u00f3n con Barra Sonorense de Abogados\"}]},{\"@type\":\"WebSite\",\"@id\":\"https:\/\/www.sonoraenequipo.com.mx\/#website\",\"url\":\"https:\/\/www.sonoraenequipo.com.mx\/\",\"name\":\"Sonora en Equipo.\",\"description\":\"Diario en l\u00ednea con Noticias desde Hermosillo, Sonora\",\"publisher\":{\"@id\":\"https:\/\/www.sonoraenequipo.com.mx\/#organization\"},\"potentialAction\":[{\"@type\":\"SearchAction\",\"target\":{\"@type\":\"EntryPoint\",\"urlTemplate\":\"https:\/\/www.sonoraenequipo.com.mx\/?s={search_term_string}\"},\"query-input\":{\"@type\":\"PropertyValueSpecification\",\"valueRequired\":true,\"valueName\":\"search_term_string\"}}],\"inLanguage\":\"es\"},{\"@type\":\"Organization\",\"@id\":\"https:\/\/www.sonoraenequipo.com.mx\/#organization\",\"name\":\"Sonoraenequipo.com.mx\",\"url\":\"https:\/\/www.sonoraenequipo.com.mx\/\",\"logo\":{\"@type\":\"ImageObject\",\"inLanguage\":\"es\",\"@id\":\"https:\/\/www.sonoraenequipo.com.mx\/#\/schema\/logo\/image\/\",\"url\":\"https:\/\/www.sonoraenequipo.com.mx\/storage\/2019\/01\/sonoraenequipo_opt.png\",\"contentUrl\":\"https:\/\/www.sonoraenequipo.com.mx\/storage\/2019\/01\/sonoraenequipo_opt.png\",\"width\":375,\"height\":125,\"caption\":\"Sonoraenequipo.com.mx\"},\"image\":{\"@id\":\"https:\/\/www.sonoraenequipo.com.mx\/#\/schema\/logo\/image\/\"},\"sameAs\":[\"https:\/\/www.facebook.com\/SonoraEE\/\",\"https:\/\/x.com\/sonoraenequipo\",\"https:\/\/www.youtube.com\/channel\/UC338nW-lPEYmJQs4ZABQ1SQ\"]},{\"@type\":\"Person\",\"@id\":\"https:\/\/www.sonoraenequipo.com.mx\/#\/schema\/person\/50102df0fb23a8fa9e8effad8fa81386\",\"name\":\"enequipo\",\"image\":{\"@type\":\"ImageObject\",\"inLanguage\":\"es\",\"@id\":\"https:\/\/www.sonoraenequipo.com.mx\/#\/schema\/person\/image\/\",\"url\":\"https:\/\/secure.gravatar.com\/avatar\/049821681b589dabc0bc20695993ccebb09f5b5d4d790cd9251b97faac7c652b?s=96&d=blank&r=g\",\"contentUrl\":\"https:\/\/secure.gravatar.com\/avatar\/049821681b589dabc0bc20695993ccebb09f5b5d4d790cd9251b97faac7c652b?s=96&d=blank&r=g\",\"caption\":\"enequipo\"},\"sameAs\":[\"https:\/\/www.facebook.com\/SonoraEE\"]}]}<\/script>\n ","yoast_head_json":{"title":"Sonora en Equipo. Fortalece Unison relaci\u00f3n con Barra Sonorense de Abogados Sonora","description":"A lo largo de su historia, la Universidad de Sonora ha destacado por su compromiso con la sociedad sonorense y ha logrado construir una relaci\u00f3n de En Sonora en Equipo publicamos toda la informaci\u00f3n de Sonora, M\u00e9xico y el Mundo de manera oportuna y busca que la libertad de expresi\u00f3n sea real. Visita nuestro medio informativo publicado desde Hermosillo, Sonora. %","robots":{"index":"index","follow":"follow","max-snippet":"max-snippet:-1","max-image-preview":"max-image-preview:large","max-video-preview":"max-video-preview:-1"},"canonical":"https:\/\/www.sonoraenequipo.com.mx\/fortalece-unison-relacion-con-barra-sonorense-de-abogados\/","og_locale":"es_ES","og_type":"article","og_title":"Sonora en Equipo. Fortalece Unison relaci\u00f3n con Barra Sonorense de Abogados Sonora","og_description":"A lo largo de su historia, la Universidad de Sonora ha destacado por su compromiso con la sociedad sonorense y ha logrado construir una relaci\u00f3n de En Sonora en Equipo publicamos toda la informaci\u00f3n de Sonora, M\u00e9xico y el Mundo de manera oportuna y busca que la libertad de expresi\u00f3n sea real. Visita nuestro medio informativo publicado desde Hermosillo, Sonora. %","og_url":"https:\/\/www.sonoraenequipo.com.mx\/fortalece-unison-relacion-con-barra-sonorense-de-abogados\/","og_site_name":"Sonora en Equipo.","article_publisher":"https:\/\/www.facebook.com\/SonoraEE\/","article_author":"https:\/\/www.facebook.com\/SonoraEE","article_published_time":"2021-09-01T20:29:20+00:00","article_modified_time":"2021-09-01T20:30:21+00:00","og_image":[{"width":700,"height":393,"url":"https:\/\/www.sonoraenequipo.com.mx\/storage\/2021\/09\/unison310821.jpg","type":"image\/jpeg"}],"author":"enequipo","twitter_card":"summary_large_image","twitter_creator":"@sonoraenequipo","twitter_site":"@sonoraenequipo","twitter_misc":{"Escrito por":"enequipo","Tiempo de lectura":"3 minutos"},"schema":{"@context":"https:\/\/schema.org","@graph":[{"@type":"Article","@id":"https:\/\/www.sonoraenequipo.com.mx\/fortalece-unison-relacion-con-barra-sonorense-de-abogados\/#article","isPartOf":{"@id":"https:\/\/www.sonoraenequipo.com.mx\/fortalece-unison-relacion-con-barra-sonorense-de-abogados\/"},"author":{"name":"enequipo","@id":"https:\/\/www.sonoraenequipo.com.mx\/#\/schema\/person\/50102df0fb23a8fa9e8effad8fa81386"},"headline":"Fortalece Unison relaci\u00f3n con Barra Sonorense de Abogados","datePublished":"2021-09-01T20:29:20+00:00","dateModified":"2021-09-01T20:30:21+00:00","mainEntityOfPage":{"@id":"https:\/\/www.sonoraenequipo.com.mx\/fortalece-unison-relacion-con-barra-sonorense-de-abogados\/"},"wordCount":703,"commentCount":0,"publisher":{"@id":"https:\/\/www.sonoraenequipo.com.mx\/#organization"},"image":{"@id":"https:\/\/www.sonoraenequipo.com.mx\/fortalece-unison-relacion-con-barra-sonorense-de-abogados\/#primaryimage"},"thumbnailUrl":"https:\/\/www.sonoraenequipo.com.mx\/storage\/2021\/09\/unison310821.jpg","keywords":["barra abogados","UniSon"],"articleSection":["Sonora"],"inLanguage":"es","potentialAction":[{"@type":"CommentAction","name":"Comment","target":["https:\/\/www.sonoraenequipo.com.mx\/fortalece-unison-relacion-con-barra-sonorense-de-abogados\/#respond"]}]},{"@type":"WebPage","@id":"https:\/\/www.sonoraenequipo.com.mx\/fortalece-unison-relacion-con-barra-sonorense-de-abogados\/","url":"https:\/\/www.sonoraenequipo.com.mx\/fortalece-unison-relacion-con-barra-sonorense-de-abogados\/","name":"Sonora en Equipo. Fortalece Unison relaci\u00f3n con Barra Sonorense de Abogados Sonora","isPartOf":{"@id":"https:\/\/www.sonoraenequipo.com.mx\/#website"},"primaryImageOfPage":{"@id":"https:\/\/www.sonoraenequipo.com.mx\/fortalece-unison-relacion-con-barra-sonorense-de-abogados\/#primaryimage"},"image":{"@id":"https:\/\/www.sonoraenequipo.com.mx\/fortalece-unison-relacion-con-barra-sonorense-de-abogados\/#primaryimage"},"thumbnailUrl":"https:\/\/www.sonoraenequipo.com.mx\/storage\/2021\/09\/unison310821.jpg","datePublished":"2021-09-01T20:29:20+00:00","dateModified":"2021-09-01T20:30:21+00:00","description":"A lo largo de su historia, la Universidad de Sonora ha destacado por su compromiso con la sociedad sonorense y ha logrado construir una relaci\u00f3n de En Sonora en Equipo publicamos toda la informaci\u00f3n de Sonora, M\u00e9xico y el Mundo de manera oportuna y busca que la libertad de expresi\u00f3n sea real. Visita nuestro medio informativo publicado desde Hermosillo, Sonora. %","breadcrumb":{"@id":"https:\/\/www.sonoraenequipo.com.mx\/fortalece-unison-relacion-con-barra-sonorense-de-abogados\/#breadcrumb"},"inLanguage":"es","potentialAction":[{"@type":"ReadAction","target":["https:\/\/www.sonoraenequipo.com.mx\/fortalece-unison-relacion-con-barra-sonorense-de-abogados\/"]}]},{"@type":"ImageObject","inLanguage":"es","@id":"https:\/\/www.sonoraenequipo.com.mx\/fortalece-unison-relacion-con-barra-sonorense-de-abogados\/#primaryimage","url":"https:\/\/www.sonoraenequipo.com.mx\/storage\/2021\/09\/unison310821.jpg","contentUrl":"https:\/\/www.sonoraenequipo.com.mx\/storage\/2021\/09\/unison310821.jpg","width":700,"height":393},{"@type":"BreadcrumbList","@id":"https:\/\/www.sonoraenequipo.com.mx\/fortalece-unison-relacion-con-barra-sonorense-de-abogados\/#breadcrumb","itemListElement":[{"@type":"ListItem","position":1,"name":"Portada","item":"https:\/\/www.sonoraenequipo.com.mx\/"},{"@type":"ListItem","position":2,"name":"Fortalece Unison relaci\u00f3n con Barra Sonorense de Abogados"}]},{"@type":"WebSite","@id":"https:\/\/www.sonoraenequipo.com.mx\/#website","url":"https:\/\/www.sonoraenequipo.com.mx\/","name":"Sonora en Equipo.","description":"Diario en l\u00ednea con Noticias desde Hermosillo, Sonora","publisher":{"@id":"https:\/\/www.sonoraenequipo.com.mx\/#organization"},"potentialAction":[{"@type":"SearchAction","target":{"@type":"EntryPoint","urlTemplate":"https:\/\/www.sonoraenequipo.com.mx\/?s={search_term_string}"},"query-input":{"@type":"PropertyValueSpecification","valueRequired":true,"valueName":"search_term_string"}}],"inLanguage":"es"},{"@type":"Organization","@id":"https:\/\/www.sonoraenequipo.com.mx\/#organization","name":"Sonoraenequipo.com.mx","url":"https:\/\/www.sonoraenequipo.com.mx\/","logo":{"@type":"ImageObject","inLanguage":"es","@id":"https:\/\/www.sonoraenequipo.com.mx\/#\/schema\/logo\/image\/","url":"https:\/\/www.sonoraenequipo.com.mx\/storage\/2019\/01\/sonoraenequipo_opt.png","contentUrl":"https:\/\/www.sonoraenequipo.com.mx\/storage\/2019\/01\/sonoraenequipo_opt.png","width":375,"height":125,"caption":"Sonoraenequipo.com.mx"},"image":{"@id":"https:\/\/www.sonoraenequipo.com.mx\/#\/schema\/logo\/image\/"},"sameAs":["https:\/\/www.facebook.com\/SonoraEE\/","https:\/\/x.com\/sonoraenequipo","https:\/\/www.youtube.com\/channel\/UC338nW-lPEYmJQs4ZABQ1SQ"]},{"@type":"Person","@id":"https:\/\/www.sonoraenequipo.com.mx\/#\/schema\/person\/50102df0fb23a8fa9e8effad8fa81386","name":"enequipo","image":{"@type":"ImageObject","inLanguage":"es","@id":"https:\/\/www.sonoraenequipo.com.mx\/#\/schema\/person\/image\/","url":"https:\/\/secure.gravatar.com\/avatar\/049821681b589dabc0bc20695993ccebb09f5b5d4d790cd9251b97faac7c652b?s=96&d=blank&r=g","contentUrl":"https:\/\/secure.gravatar.com\/avatar\/049821681b589dabc0bc20695993ccebb09f5b5d4d790cd9251b97faac7c652b?s=96&d=blank&r=g","caption":"enequipo"},"sameAs":["https:\/\/www.facebook.com\/SonoraEE"]}]}},"jetpack_featured_media_url":"https:\/\/www.sonoraenequipo.com.mx\/storage\/2021\/09\/unison310821.jpg","_links":{"self":[{"href":"https:\/\/www.sonoraenequipo.com.mx\/api\/wp\/v2\/posts\/121861","targetHints":{"allow":["GET"]}}],"collection":[{"href":"https:\/\/www.sonoraenequipo.com.mx\/api\/wp\/v2\/posts"}],"about":[{"href":"https:\/\/www.sonoraenequipo.com.mx\/api\/wp\/v2\/types\/post"}],"author":[{"embeddable":true,"href":"https:\/\/www.sonoraenequipo.com.mx\/api\/wp\/v2\/users\/1"}],"replies":[{"embeddable":true,"href":"https:\/\/www.sonoraenequipo.com.mx\/api\/wp\/v2\/comments?post=121861"}],"version-history":[{"count":1,"href":"https:\/\/www.sonoraenequipo.com.mx\/api\/wp\/v2\/posts\/121861\/revisions"}],"predecessor-version":[{"id":121863,"href":"https:\/\/www.sonoraenequipo.com.mx\/api\/wp\/v2\/posts\/121861\/revisions\/121863"}],"wp:featuredmedia":[{"embeddable":true,"href":"https:\/\/www.sonoraenequipo.com.mx\/api\/wp\/v2\/media\/121862"}],"wp:attachment":[{"href":"https:\/\/www.sonoraenequipo.com.mx\/api\/wp\/v2\/media?parent=121861"}],"wp:term":[{"taxonomy":"category","embeddable":true,"href":"https:\/\/www.sonoraenequipo.com.mx\/api\/wp\/v2\/categories?post=121861"},{"taxonomy":"post_tag","embeddable":true,"href":"https:\/\/www.sonoraenequipo.com.mx\/api\/wp\/v2\/tags?post=121861"}],"curies":[{"name":"wp","href":"https:\/\/api.w.org\/{rel}","templated":true}]}}