{"id":121873,"date":"2021-09-01T11:20:42","date_gmt":"2021-09-01T18:20:42","guid":{"rendered":"https:\/\/www.sonoraenequipo.com.mx\/?p=121873"},"modified":"2021-09-01T17:48:21","modified_gmt":"2021-09-02T00:48:21","slug":"cuando-entregue-la-banda-presidencial-solo-dire-mision-cumplida-amlo","status":"publish","type":"post","link":"https:\/\/www.sonoraenequipo.com.mx\/cuando-entregue-la-banda-presidencial-solo-dire-mision-cumplida-amlo\/","title":{"rendered":"Cuando entregue la banda presidencial, solo dir\u00e9 misi\u00f3n cumplida: AMLO"},"content":{"rendered":"<p>CIUDAD DE M\u00c9XICO.MX. \u2014 Este 1 de septiembre, Andr\u00e9s Manuel L\u00f3pez Obrador, presidente de M\u00e9xico, se encuentra presentando su Tercer Informe de Gobierno desde Palacio Nacional, que a su vez, es el onceavo informe que ofrece en lo que va del sexenio.<\/p>\n<p>&nbsp;<\/p>\n<p> <\/p>\n<p>&nbsp;<\/p>\n<p>Entre los invitados que se encuentran en el informe del mandatario federal est\u00e1n el canciller, Marcelo Ebrard, la secretaria de Seguridad, Rosa Icela Rodr\u00edguez, el secretario de turismo, Miguel Torruco, la secretaria de Cultura, Alejandra Frausto, el secretario de Agricultura, V\u00edctor Manuel Villalobos.<\/p>\n<p>&nbsp;<\/p>\n<p>Adem\u00e1s del secretario de Salud, Jorge Alcocer, el secretario de Gobierno, Ad\u00e1n Augusto L\u00f3pez, los secretarios de Marina, Jos\u00e9 Rafael Ojeda y el secretario de la Defensa, Luis Cresencio Sandoval; tambi\u00e9n, la jefa de Gobierno de la CDMX, Claudia Sheinbaum.<\/p>\n<p>&nbsp;<\/p>\n<p>Durante la lectura de su Tercer Informe de Gobierno, Andr\u00e9s Manuel L\u00f3pez Obrador, presidente de M\u00e9xico, asegur\u00f3 que la transformaci\u00f3n est\u00e1 en marcha y es necesario \u2018seguir poniendo al descubierto la gran farsa neoliberal y auspiciando el cambio de mentalidad del pueblo.<\/p>\n<p>&nbsp;<\/p>\n<p>El mandatario asever\u00f3 que la medida fue decisiva para parar en seco la tendencia privatizadora; adem\u00e1s, agreg\u00f3 que se dej\u00f3 de entregar a particulares concesiones de minas, agua, hospitales, puertos, v\u00edas f\u00e9rreas, playas, reclusorios y obras p\u00fablicas.<\/p>\n<p>&nbsp;<\/p>\n<p>Puntualiz\u00f3 que gracias a esta nueva pol\u00edtica energ\u00e9tica busca producir la gasolina en M\u00e9xico, y con ello, dejar de importarlas.<\/p>\n<p>&nbsp;<\/p>\n<p>\u201cLa inversi\u00f3n p\u00fablica refiner\u00edas ha sido de 33 mil 580 millones de pesos, cuando legamos a las refiner\u00edas estaban en el abandono y se hab\u00edan comenzado a vender plantas al interior de sus instalaciones. Al inicio de esta administraci\u00f3n transformaban 511 mil barriles por d\u00eda y ahora procesan 706 mil barriles diarios, 38% por ciento m\u00e1s\u201d, agreg\u00f3.<\/p>\n<h3>Enviar\u00e1 AMLO iniciativa de reforma constitucional al sector el\u00e9ctrico<\/h3>\n<p>&nbsp;<\/p>\n<p>El presidente de M\u00e9xico mencion\u00f3 que este mismo mes enviar\u00e1 una iniciativa de reforma constitucional al sector el\u00e9ctrico, y que, con esta nueva pol\u00edtica, se busca no extraer m\u00e1s petr\u00f3leo que el indispensable y as\u00ed satisfacer la demanda interna de combustible.<\/p>\n<p>&nbsp;<\/p>\n<p><em>\u201cEn cuanto a la industria el\u00e9ctrica voy a enviar al Congreso una iniciativa de reforma constitucional, que permitir\u00e1 reparar el grave da\u00f1o que caus\u00f3 la privatizaci\u00f3n al sector p\u00fablico y a la econom\u00eda popular\u201d<\/em>, puntualiz\u00f3.<\/p>\n<p>&nbsp;<\/p>\n<p>L\u00f3pez Obrador agreg\u00f3 que las plantas de CFE fueron abandonadas mientras que el mercado de esta industria se abri\u00f3 para dar preferencia a empresas nacionales y sobre todo extranjeras.<\/p>\n<p>&nbsp;<\/p>\n<h3>Asegura AMLO que ha funcionado el plan de vacunaci\u00f3n con eficacia<\/h3>\n<p>Durante la lectura de su Tercer Informe de Gobierno, el ejecutivo estatal puntualiz\u00f3 que las hospitalizaciones y muertes por Covid-19 se han reducido de manera considerable, esto, gracias al programa nacional de vacunaci\u00f3n con el que cuenta el pa\u00eds.<\/p>\n<p>&nbsp;<\/p>\n<p><em>\u201cHa funcionado con eficacia y llegada a todos los pueblos. Hemos recibido 103 millones 296 mil 665 dosis de vacunas, de farmac\u00e9uticas y gobiernos extranjeros que han demostrado, con hechos, su solidaridad con M\u00e9xico\u201d.<\/em><\/p>\n<p>&nbsp;<\/p>\n<p>El presidente mencion\u00f3 que el 65% de la poblaci\u00f3n se ha vacunado, por lo menos, con una dosis, y reiter\u00f3, que la mitad de los j\u00f3venes de 18 a\u00f1os contar\u00e1n con una dosis de vacuna contra el Covid-19 en octubre.<\/p>\n<p>&nbsp;<\/p>\n<h3>No hemos contratado deuda p\u00fablica adicional: AMLO<\/h3>\n<p>&nbsp;<\/p>\n<p>L\u00f3pez Obrador puntualiz\u00f3 que en lo que va de su gobierno, el pa\u00eds no ha contratado alguna deuda p\u00fablica adicional, y que gracias a ello, el peso no ha tenido una devaluaci\u00f3n y el salario m\u00ednimo aument\u00f3 un 34%<\/p>\n<p>&nbsp;<\/p>\n<p><em>\u201cCuando llegamos al gobierno, un salario m\u00ednimo alcanzaba para comprar 5.8 kilos de tortilla, ahora permite comprar 7.7. No hemos aumentado en t\u00e9rminos reales precios de las gasolinas, di\u00e9sel, electricidad. El gas ha subido un poco encima de la inflaci\u00f3n, pero dentro de poco vamos a corregir ese aumento, pues ya iniciamos la venta de cilindros a precios justos por medio de Gas Bienestar\u201d,<\/em> agreg\u00f3 el presidente de M\u00e9xico.<\/p>\n<p>&nbsp;<\/p>\n<p>Adem\u00e1s, mencion\u00f3 que el \u00edndice de la Bolsa de Valores creci\u00f3 en un 28%, y que aunque la inflaci\u00f3n aument\u00f3 recientemente, ya se encuentra estable.<\/p>\n<p>&nbsp;<\/p>\n<p><em>\u201cPosterior a la pandemia se han creado un mill\u00f3n 202 mil 600 91 empleos y solo faltan 192 mil 713 para recuperar a lo asegurados que hab\u00eda en el IMSS antes de la crisis sanitaria y que sumaban 20 millones 613 mil trabajadores, un objetivo que alcanzaremos en pr\u00f3ximos dos meses\u201d,<\/em> mencion\u00f3.<\/p>\n<h3><\/h3>\n<h3>Presume r\u00e9cords hist\u00f3ricos AMLO en tres a\u00f1os<\/h3>\n<p>&nbsp;<\/p>\n<p>Andr\u00e9s Manuel L\u00f3pez Obrador, presidente de M\u00e9xico, dio a conocer que el pa\u00eds cuenta con el r\u00e9cord hist\u00f3rico en remesas, en inversi\u00f3n extranjera, en incremento al salario m\u00ednimo, r\u00e9cord hist\u00f3rico en no devaluaci\u00f3n del peso, en no incremento de deuda, en aumento del \u00edndice de Bolsa de Valores y en las reservas de Banxico.<\/p>\n<p>&nbsp;<\/p>\n<p>El mandatario agreg\u00f3 que <em>\u201ces algo como presumir a los cuatro vientos, como para decirle a tecn\u00f3cratas neoliberales, tengan para que aprendan\u201d.<\/em><\/p>\n<p>&nbsp;<\/p>\n<p>&nbsp;<\/p>\n<p>(Publicada el 01\/09\/2021)<\/p>\n","protected":false},"excerpt":{"rendered":"<p>CIUDAD DE M\u00c9XICO.MX. \u2014 Este 1 de septiembre, Andr\u00e9s Manuel L\u00f3pez Obrador, presidente de M\u00e9xico,&#8230;<\/p>\n","protected":false},"author":1,"featured_media":121883,"comment_status":"open","ping_status":"open","sticky":false,"template":"","format":"standard","meta":{"_monsterinsights_skip_tracking":false,"_monsterinsights_sitenote_active":false,"_monsterinsights_sitenote_note":"","_monsterinsights_sitenote_category":0,"footnotes":""},"categories":[5],"tags":[],"class_list":["post"],"yoast_head":" \n<title>Sonora en Equipo. Cuando entregue la banda presidencial, solo dir\u00e9 misi\u00f3n cumplida: AMLO Rep\u00fablica<\/title>\n<meta name=\"description\" content=\"CIUDAD DE M\u00c9XICO.MX. \u2014 Este 1 de septiembre, Andr\u00e9s Manuel L\u00f3pez Obrador, presidente de M\u00e9xico, se encuentra presentando su Tercer Informe de Gobierno En Sonora en Equipo publicamos toda la informaci\u00f3n de Sonora, M\u00e9xico y el Mundo de manera oportuna y busca que la libertad de expresi\u00f3n sea real. Visita nuestro medio informativo publicado desde Hermosillo, Sonora. %\" \/>\n<meta name=\"robots\" content=\"index, follow, max-snippet:-1, max-image-preview:large, max-video-preview:-1\" \/>\n<link rel=\"canonical\" href=\"https:\/\/www.sonoraenequipo.com.mx\/cuando-entregue-la-banda-presidencial-solo-dire-mision-cumplida-amlo\/\" \/>\n<meta property=\"og:locale\" content=\"es_ES\" \/>\n<meta property=\"og:type\" content=\"article\" \/>\n<meta property=\"og:title\" content=\"Sonora en Equipo. Cuando entregue la banda presidencial, solo dir\u00e9 misi\u00f3n cumplida: AMLO Rep\u00fablica\" \/>\n<meta property=\"og:description\" content=\"CIUDAD DE M\u00c9XICO.MX. \u2014 Este 1 de septiembre, Andr\u00e9s Manuel L\u00f3pez Obrador, presidente de M\u00e9xico, se encuentra presentando su Tercer Informe de Gobierno En Sonora en Equipo publicamos toda la informaci\u00f3n de Sonora, M\u00e9xico y el Mundo de manera oportuna y busca que la libertad de expresi\u00f3n sea real. Visita nuestro medio informativo publicado desde Hermosillo, Sonora. %\" \/>\n<meta property=\"og:url\" content=\"https:\/\/www.sonoraenequipo.com.mx\/cuando-entregue-la-banda-presidencial-solo-dire-mision-cumplida-amlo\/\" \/>\n<meta property=\"og:site_name\" content=\"Sonora en Equipo.\" \/>\n<meta property=\"article:publisher\" content=\"https:\/\/www.facebook.com\/SonoraEE\/\" \/>\n<meta property=\"article:author\" content=\"https:\/\/www.facebook.com\/SonoraEE\" \/>\n<meta property=\"article:published_time\" content=\"2021-09-01T18:20:42+00:00\" \/>\n<meta property=\"article:modified_time\" content=\"2021-09-02T00:48:21+00:00\" \/>\n<meta property=\"og:image\" content=\"https:\/\/www.sonoraenequipo.com.mx\/storage\/2021\/09\/lopezobrador-3er-informe_opt.jpg\" \/>\n\t<meta property=\"og:image:width\" content=\"700\" \/>\n\t<meta property=\"og:image:height\" content=\"400\" \/>\n\t<meta property=\"og:image:type\" content=\"image\/jpeg\" \/>\n<meta name=\"author\" content=\"enequipo\" \/>\n<meta name=\"twitter:card\" content=\"summary_large_image\" \/>\n<meta name=\"twitter:creator\" content=\"@sonoraenequipo\" \/>\n<meta name=\"twitter:site\" content=\"@sonoraenequipo\" \/>\n<meta name=\"twitter:label1\" content=\"Escrito por\" \/>\n\t<meta name=\"twitter:data1\" content=\"enequipo\" \/>\n\t<meta name=\"twitter:label2\" content=\"Tiempo de lectura\" \/>\n\t<meta name=\"twitter:data2\" content=\"4 minutos\" \/>\n<script type=\"application\/ld+json\" class=\"yoast-schema-graph\">{\"@context\":\"https:\/\/schema.org\",\"@graph\":[{\"@type\":\"Article\",\"@id\":\"https:\/\/www.sonoraenequipo.com.mx\/cuando-entregue-la-banda-presidencial-solo-dire-mision-cumplida-amlo\/#article\",\"isPartOf\":{\"@id\":\"https:\/\/www.sonoraenequipo.com.mx\/cuando-entregue-la-banda-presidencial-solo-dire-mision-cumplida-amlo\/\"},\"author\":{\"name\":\"enequipo\",\"@id\":\"https:\/\/www.sonoraenequipo.com.mx\/#\/schema\/person\/50102df0fb23a8fa9e8effad8fa81386\"},\"headline\":\"Cuando entregue la banda presidencial, solo dir\u00e9 misi\u00f3n cumplida: AMLO\",\"datePublished\":\"2021-09-01T18:20:42+00:00\",\"dateModified\":\"2021-09-02T00:48:21+00:00\",\"mainEntityOfPage\":{\"@id\":\"https:\/\/www.sonoraenequipo.com.mx\/cuando-entregue-la-banda-presidencial-solo-dire-mision-cumplida-amlo\/\"},\"wordCount\":889,\"commentCount\":0,\"publisher\":{\"@id\":\"https:\/\/www.sonoraenequipo.com.mx\/#organization\"},\"image\":{\"@id\":\"https:\/\/www.sonoraenequipo.com.mx\/cuando-entregue-la-banda-presidencial-solo-dire-mision-cumplida-amlo\/#primaryimage\"},\"thumbnailUrl\":\"https:\/\/www.sonoraenequipo.com.mx\/storage\/2021\/09\/lopezobrador-3er-informe_opt.jpg\",\"articleSection\":[\"Rep\u00fablica\"],\"inLanguage\":\"es\",\"potentialAction\":[{\"@type\":\"CommentAction\",\"name\":\"Comment\",\"target\":[\"https:\/\/www.sonoraenequipo.com.mx\/cuando-entregue-la-banda-presidencial-solo-dire-mision-cumplida-amlo\/#respond\"]}]},{\"@type\":\"WebPage\",\"@id\":\"https:\/\/www.sonoraenequipo.com.mx\/cuando-entregue-la-banda-presidencial-solo-dire-mision-cumplida-amlo\/\",\"url\":\"https:\/\/www.sonoraenequipo.com.mx\/cuando-entregue-la-banda-presidencial-solo-dire-mision-cumplida-amlo\/\",\"name\":\"Sonora en Equipo. Cuando entregue la banda presidencial, solo dir\u00e9 misi\u00f3n cumplida: AMLO Rep\u00fablica\",\"isPartOf\":{\"@id\":\"https:\/\/www.sonoraenequipo.com.mx\/#website\"},\"primaryImageOfPage\":{\"@id\":\"https:\/\/www.sonoraenequipo.com.mx\/cuando-entregue-la-banda-presidencial-solo-dire-mision-cumplida-amlo\/#primaryimage\"},\"image\":{\"@id\":\"https:\/\/www.sonoraenequipo.com.mx\/cuando-entregue-la-banda-presidencial-solo-dire-mision-cumplida-amlo\/#primaryimage\"},\"thumbnailUrl\":\"https:\/\/www.sonoraenequipo.com.mx\/storage\/2021\/09\/lopezobrador-3er-informe_opt.jpg\",\"datePublished\":\"2021-09-01T18:20:42+00:00\",\"dateModified\":\"2021-09-02T00:48:21+00:00\",\"description\":\"CIUDAD DE M\u00c9XICO.MX. \u2014 Este 1 de septiembre, Andr\u00e9s Manuel L\u00f3pez Obrador, presidente de M\u00e9xico, se encuentra presentando su Tercer Informe de Gobierno En Sonora en Equipo publicamos toda la informaci\u00f3n de Sonora, M\u00e9xico y el Mundo de manera oportuna y busca que la libertad de expresi\u00f3n sea real. Visita nuestro medio informativo publicado desde Hermosillo, Sonora. %\",\"breadcrumb\":{\"@id\":\"https:\/\/www.sonoraenequipo.com.mx\/cuando-entregue-la-banda-presidencial-solo-dire-mision-cumplida-amlo\/#breadcrumb\"},\"inLanguage\":\"es\",\"potentialAction\":[{\"@type\":\"ReadAction\",\"target\":[\"https:\/\/www.sonoraenequipo.com.mx\/cuando-entregue-la-banda-presidencial-solo-dire-mision-cumplida-amlo\/\"]}]},{\"@type\":\"ImageObject\",\"inLanguage\":\"es\",\"@id\":\"https:\/\/www.sonoraenequipo.com.mx\/cuando-entregue-la-banda-presidencial-solo-dire-mision-cumplida-amlo\/#primaryimage\",\"url\":\"https:\/\/www.sonoraenequipo.com.mx\/storage\/2021\/09\/lopezobrador-3er-informe_opt.jpg\",\"contentUrl\":\"https:\/\/www.sonoraenequipo.com.mx\/storage\/2021\/09\/lopezobrador-3er-informe_opt.jpg\",\"width\":700,\"height\":400},{\"@type\":\"BreadcrumbList\",\"@id\":\"https:\/\/www.sonoraenequipo.com.mx\/cuando-entregue-la-banda-presidencial-solo-dire-mision-cumplida-amlo\/#breadcrumb\",\"itemListElement\":[{\"@type\":\"ListItem\",\"position\":1,\"name\":\"Portada\",\"item\":\"https:\/\/www.sonoraenequipo.com.mx\/\"},{\"@type\":\"ListItem\",\"position\":2,\"name\":\"Cuando entregue la banda presidencial, solo dir\u00e9 misi\u00f3n cumplida: AMLO\"}]},{\"@type\":\"WebSite\",\"@id\":\"https:\/\/www.sonoraenequipo.com.mx\/#website\",\"url\":\"https:\/\/www.sonoraenequipo.com.mx\/\",\"name\":\"Sonora en Equipo.\",\"description\":\"Diario en l\u00ednea con Noticias desde Hermosillo, Sonora\",\"publisher\":{\"@id\":\"https:\/\/www.sonoraenequipo.com.mx\/#organization\"},\"potentialAction\":[{\"@type\":\"SearchAction\",\"target\":{\"@type\":\"EntryPoint\",\"urlTemplate\":\"https:\/\/www.sonoraenequipo.com.mx\/?s={search_term_string}\"},\"query-input\":{\"@type\":\"PropertyValueSpecification\",\"valueRequired\":true,\"valueName\":\"search_term_string\"}}],\"inLanguage\":\"es\"},{\"@type\":\"Organization\",\"@id\":\"https:\/\/www.sonoraenequipo.com.mx\/#organization\",\"name\":\"Sonoraenequipo.com.mx\",\"url\":\"https:\/\/www.sonoraenequipo.com.mx\/\",\"logo\":{\"@type\":\"ImageObject\",\"inLanguage\":\"es\",\"@id\":\"https:\/\/www.sonoraenequipo.com.mx\/#\/schema\/logo\/image\/\",\"url\":\"https:\/\/www.sonoraenequipo.com.mx\/storage\/2019\/01\/sonoraenequipo_opt.png\",\"contentUrl\":\"https:\/\/www.sonoraenequipo.com.mx\/storage\/2019\/01\/sonoraenequipo_opt.png\",\"width\":375,\"height\":125,\"caption\":\"Sonoraenequipo.com.mx\"},\"image\":{\"@id\":\"https:\/\/www.sonoraenequipo.com.mx\/#\/schema\/logo\/image\/\"},\"sameAs\":[\"https:\/\/www.facebook.com\/SonoraEE\/\",\"https:\/\/x.com\/sonoraenequipo\",\"https:\/\/www.youtube.com\/channel\/UC338nW-lPEYmJQs4ZABQ1SQ\"]},{\"@type\":\"Person\",\"@id\":\"https:\/\/www.sonoraenequipo.com.mx\/#\/schema\/person\/50102df0fb23a8fa9e8effad8fa81386\",\"name\":\"enequipo\",\"image\":{\"@type\":\"ImageObject\",\"inLanguage\":\"es\",\"@id\":\"https:\/\/www.sonoraenequipo.com.mx\/#\/schema\/person\/image\/\",\"url\":\"https:\/\/secure.gravatar.com\/avatar\/049821681b589dabc0bc20695993ccebb09f5b5d4d790cd9251b97faac7c652b?s=96&d=blank&r=g\",\"contentUrl\":\"https:\/\/secure.gravatar.com\/avatar\/049821681b589dabc0bc20695993ccebb09f5b5d4d790cd9251b97faac7c652b?s=96&d=blank&r=g\",\"caption\":\"enequipo\"},\"sameAs\":[\"https:\/\/www.facebook.com\/SonoraEE\"]}]}<\/script>\n ","yoast_head_json":{"title":"Sonora en Equipo. Cuando entregue la banda presidencial, solo dir\u00e9 misi\u00f3n cumplida: AMLO Rep\u00fablica","description":"CIUDAD DE M\u00c9XICO.MX. \u2014 Este 1 de septiembre, Andr\u00e9s Manuel L\u00f3pez Obrador, presidente de M\u00e9xico, se encuentra presentando su Tercer Informe de Gobierno En Sonora en Equipo publicamos toda la informaci\u00f3n de Sonora, M\u00e9xico y el Mundo de manera oportuna y busca que la libertad de expresi\u00f3n sea real. Visita nuestro medio informativo publicado desde Hermosillo, Sonora. %","robots":{"index":"index","follow":"follow","max-snippet":"max-snippet:-1","max-image-preview":"max-image-preview:large","max-video-preview":"max-video-preview:-1"},"canonical":"https:\/\/www.sonoraenequipo.com.mx\/cuando-entregue-la-banda-presidencial-solo-dire-mision-cumplida-amlo\/","og_locale":"es_ES","og_type":"article","og_title":"Sonora en Equipo. Cuando entregue la banda presidencial, solo dir\u00e9 misi\u00f3n cumplida: AMLO Rep\u00fablica","og_description":"CIUDAD DE M\u00c9XICO.MX. \u2014 Este 1 de septiembre, Andr\u00e9s Manuel L\u00f3pez Obrador, presidente de M\u00e9xico, se encuentra presentando su Tercer Informe de Gobierno En Sonora en Equipo publicamos toda la informaci\u00f3n de Sonora, M\u00e9xico y el Mundo de manera oportuna y busca que la libertad de expresi\u00f3n sea real. Visita nuestro medio informativo publicado desde Hermosillo, Sonora. %","og_url":"https:\/\/www.sonoraenequipo.com.mx\/cuando-entregue-la-banda-presidencial-solo-dire-mision-cumplida-amlo\/","og_site_name":"Sonora en Equipo.","article_publisher":"https:\/\/www.facebook.com\/SonoraEE\/","article_author":"https:\/\/www.facebook.com\/SonoraEE","article_published_time":"2021-09-01T18:20:42+00:00","article_modified_time":"2021-09-02T00:48:21+00:00","og_image":[{"width":700,"height":400,"url":"https:\/\/www.sonoraenequipo.com.mx\/storage\/2021\/09\/lopezobrador-3er-informe_opt.jpg","type":"image\/jpeg"}],"author":"enequipo","twitter_card":"summary_large_image","twitter_creator":"@sonoraenequipo","twitter_site":"@sonoraenequipo","twitter_misc":{"Escrito por":"enequipo","Tiempo de lectura":"4 minutos"},"schema":{"@context":"https:\/\/schema.org","@graph":[{"@type":"Article","@id":"https:\/\/www.sonoraenequipo.com.mx\/cuando-entregue-la-banda-presidencial-solo-dire-mision-cumplida-amlo\/#article","isPartOf":{"@id":"https:\/\/www.sonoraenequipo.com.mx\/cuando-entregue-la-banda-presidencial-solo-dire-mision-cumplida-amlo\/"},"author":{"name":"enequipo","@id":"https:\/\/www.sonoraenequipo.com.mx\/#\/schema\/person\/50102df0fb23a8fa9e8effad8fa81386"},"headline":"Cuando entregue la banda presidencial, solo dir\u00e9 misi\u00f3n cumplida: AMLO","datePublished":"2021-09-01T18:20:42+00:00","dateModified":"2021-09-02T00:48:21+00:00","mainEntityOfPage":{"@id":"https:\/\/www.sonoraenequipo.com.mx\/cuando-entregue-la-banda-presidencial-solo-dire-mision-cumplida-amlo\/"},"wordCount":889,"commentCount":0,"publisher":{"@id":"https:\/\/www.sonoraenequipo.com.mx\/#organization"},"image":{"@id":"https:\/\/www.sonoraenequipo.com.mx\/cuando-entregue-la-banda-presidencial-solo-dire-mision-cumplida-amlo\/#primaryimage"},"thumbnailUrl":"https:\/\/www.sonoraenequipo.com.mx\/storage\/2021\/09\/lopezobrador-3er-informe_opt.jpg","articleSection":["Rep\u00fablica"],"inLanguage":"es","potentialAction":[{"@type":"CommentAction","name":"Comment","target":["https:\/\/www.sonoraenequipo.com.mx\/cuando-entregue-la-banda-presidencial-solo-dire-mision-cumplida-amlo\/#respond"]}]},{"@type":"WebPage","@id":"https:\/\/www.sonoraenequipo.com.mx\/cuando-entregue-la-banda-presidencial-solo-dire-mision-cumplida-amlo\/","url":"https:\/\/www.sonoraenequipo.com.mx\/cuando-entregue-la-banda-presidencial-solo-dire-mision-cumplida-amlo\/","name":"Sonora en Equipo. Cuando entregue la banda presidencial, solo dir\u00e9 misi\u00f3n cumplida: AMLO Rep\u00fablica","isPartOf":{"@id":"https:\/\/www.sonoraenequipo.com.mx\/#website"},"primaryImageOfPage":{"@id":"https:\/\/www.sonoraenequipo.com.mx\/cuando-entregue-la-banda-presidencial-solo-dire-mision-cumplida-amlo\/#primaryimage"},"image":{"@id":"https:\/\/www.sonoraenequipo.com.mx\/cuando-entregue-la-banda-presidencial-solo-dire-mision-cumplida-amlo\/#primaryimage"},"thumbnailUrl":"https:\/\/www.sonoraenequipo.com.mx\/storage\/2021\/09\/lopezobrador-3er-informe_opt.jpg","datePublished":"2021-09-01T18:20:42+00:00","dateModified":"2021-09-02T00:48:21+00:00","description":"CIUDAD DE M\u00c9XICO.MX. \u2014 Este 1 de septiembre, Andr\u00e9s Manuel L\u00f3pez Obrador, presidente de M\u00e9xico, se encuentra presentando su Tercer Informe de Gobierno En Sonora en Equipo publicamos toda la informaci\u00f3n de Sonora, M\u00e9xico y el Mundo de manera oportuna y busca que la libertad de expresi\u00f3n sea real. Visita nuestro medio informativo publicado desde Hermosillo, Sonora. %","breadcrumb":{"@id":"https:\/\/www.sonoraenequipo.com.mx\/cuando-entregue-la-banda-presidencial-solo-dire-mision-cumplida-amlo\/#breadcrumb"},"inLanguage":"es","potentialAction":[{"@type":"ReadAction","target":["https:\/\/www.sonoraenequipo.com.mx\/cuando-entregue-la-banda-presidencial-solo-dire-mision-cumplida-amlo\/"]}]},{"@type":"ImageObject","inLanguage":"es","@id":"https:\/\/www.sonoraenequipo.com.mx\/cuando-entregue-la-banda-presidencial-solo-dire-mision-cumplida-amlo\/#primaryimage","url":"https:\/\/www.sonoraenequipo.com.mx\/storage\/2021\/09\/lopezobrador-3er-informe_opt.jpg","contentUrl":"https:\/\/www.sonoraenequipo.com.mx\/storage\/2021\/09\/lopezobrador-3er-informe_opt.jpg","width":700,"height":400},{"@type":"BreadcrumbList","@id":"https:\/\/www.sonoraenequipo.com.mx\/cuando-entregue-la-banda-presidencial-solo-dire-mision-cumplida-amlo\/#breadcrumb","itemListElement":[{"@type":"ListItem","position":1,"name":"Portada","item":"https:\/\/www.sonoraenequipo.com.mx\/"},{"@type":"ListItem","position":2,"name":"Cuando entregue la banda presidencial, solo dir\u00e9 misi\u00f3n cumplida: AMLO"}]},{"@type":"WebSite","@id":"https:\/\/www.sonoraenequipo.com.mx\/#website","url":"https:\/\/www.sonoraenequipo.com.mx\/","name":"Sonora en Equipo.","description":"Diario en l\u00ednea con Noticias desde Hermosillo, Sonora","publisher":{"@id":"https:\/\/www.sonoraenequipo.com.mx\/#organization"},"potentialAction":[{"@type":"SearchAction","target":{"@type":"EntryPoint","urlTemplate":"https:\/\/www.sonoraenequipo.com.mx\/?s={search_term_string}"},"query-input":{"@type":"PropertyValueSpecification","valueRequired":true,"valueName":"search_term_string"}}],"inLanguage":"es"},{"@type":"Organization","@id":"https:\/\/www.sonoraenequipo.com.mx\/#organization","name":"Sonoraenequipo.com.mx","url":"https:\/\/www.sonoraenequipo.com.mx\/","logo":{"@type":"ImageObject","inLanguage":"es","@id":"https:\/\/www.sonoraenequipo.com.mx\/#\/schema\/logo\/image\/","url":"https:\/\/www.sonoraenequipo.com.mx\/storage\/2019\/01\/sonoraenequipo_opt.png","contentUrl":"https:\/\/www.sonoraenequipo.com.mx\/storage\/2019\/01\/sonoraenequipo_opt.png","width":375,"height":125,"caption":"Sonoraenequipo.com.mx"},"image":{"@id":"https:\/\/www.sonoraenequipo.com.mx\/#\/schema\/logo\/image\/"},"sameAs":["https:\/\/www.facebook.com\/SonoraEE\/","https:\/\/x.com\/sonoraenequipo","https:\/\/www.youtube.com\/channel\/UC338nW-lPEYmJQs4ZABQ1SQ"]},{"@type":"Person","@id":"https:\/\/www.sonoraenequipo.com.mx\/#\/schema\/person\/50102df0fb23a8fa9e8effad8fa81386","name":"enequipo","image":{"@type":"ImageObject","inLanguage":"es","@id":"https:\/\/www.sonoraenequipo.com.mx\/#\/schema\/person\/image\/","url":"https:\/\/secure.gravatar.com\/avatar\/049821681b589dabc0bc20695993ccebb09f5b5d4d790cd9251b97faac7c652b?s=96&d=blank&r=g","contentUrl":"https:\/\/secure.gravatar.com\/avatar\/049821681b589dabc0bc20695993ccebb09f5b5d4d790cd9251b97faac7c652b?s=96&d=blank&r=g","caption":"enequipo"},"sameAs":["https:\/\/www.facebook.com\/SonoraEE"]}]}},"jetpack_featured_media_url":"https:\/\/www.sonoraenequipo.com.mx\/storage\/2021\/09\/lopezobrador-3er-informe_opt.jpg","_links":{"self":[{"href":"https:\/\/www.sonoraenequipo.com.mx\/api\/wp\/v2\/posts\/121873","targetHints":{"allow":["GET"]}}],"collection":[{"href":"https:\/\/www.sonoraenequipo.com.mx\/api\/wp\/v2\/posts"}],"about":[{"href":"https:\/\/www.sonoraenequipo.com.mx\/api\/wp\/v2\/types\/post"}],"author":[{"embeddable":true,"href":"https:\/\/www.sonoraenequipo.com.mx\/api\/wp\/v2\/users\/1"}],"replies":[{"embeddable":true,"href":"https:\/\/www.sonoraenequipo.com.mx\/api\/wp\/v2\/comments?post=121873"}],"version-history":[{"count":2,"href":"https:\/\/www.sonoraenequipo.com.mx\/api\/wp\/v2\/posts\/121873\/revisions"}],"predecessor-version":[{"id":121885,"href":"https:\/\/www.sonoraenequipo.com.mx\/api\/wp\/v2\/posts\/121873\/revisions\/121885"}],"wp:featuredmedia":[{"embeddable":true,"href":"https:\/\/www.sonoraenequipo.com.mx\/api\/wp\/v2\/media\/121883"}],"wp:attachment":[{"href":"https:\/\/www.sonoraenequipo.com.mx\/api\/wp\/v2\/media?parent=121873"}],"wp:term":[{"taxonomy":"category","embeddable":true,"href":"https:\/\/www.sonoraenequipo.com.mx\/api\/wp\/v2\/categories?post=121873"},{"taxonomy":"post_tag","embeddable":true,"href":"https:\/\/www.sonoraenequipo.com.mx\/api\/wp\/v2\/tags?post=121873"}],"curies":[{"name":"wp","href":"https:\/\/api.w.org\/{rel}","templated":true}]}}