{"id":121874,"date":"2021-09-01T18:00:05","date_gmt":"2021-09-02T01:00:05","guid":{"rendered":"https:\/\/www.sonoraenequipo.com.mx\/?p=121874"},"modified":"2021-09-01T17:52:35","modified_gmt":"2021-09-02T00:52:35","slug":"exhorta-salud-sonora-proteger-la-salud-emocional-las-y-los-ninos-en-el-regreso-a-clases","status":"publish","type":"post","link":"https:\/\/www.sonoraenequipo.com.mx\/exhorta-salud-sonora-proteger-la-salud-emocional-las-y-los-ninos-en-el-regreso-a-clases\/","title":{"rendered":"Exhorta Salud Sonora proteger la salud emocional las y los ni\u00f1os en el regreso a clases"},"content":{"rendered":"<p>HERMOSILLO, SONORA,MX.\u2500\u2500 \u00a0As\u00ed como las aulas y docentes deben estar preparados ante el regreso a clases, despu\u00e9s de la ausencia de alumnos por la pandemia COVID-19, la salud emocional de las y los ni\u00f1os es de suma importancia al ser un aspecto fundamental en la salud integral, inform\u00f3 Enrique Clausen Iberri.<\/p>\n<p>&nbsp;<\/p>\n<p>El secretario de Salud Sonora detall\u00f3 que en la familia se debe estar atentos a los posibles cambios en la conducta del infante para poder brindarle apoyo, en caso de ser necesario.<\/p>\n<p>&nbsp;<\/p>\n<p>\u201cLas primeras dos semanas es normal que las y los ni\u00f1os presenten problemas con el retorno a clases y no hay que tomarlo como una se\u00f1al de alerta en la salud mental del estudiante; sin embargo, si esto persiste se debe buscar un plan B junto a la escuela para apoyar a los menores en este proceso de adaptaci\u00f3n\u201d, refiri\u00f3.<\/p>\n<p>&nbsp;<\/p>\n<p>Luz Ang\u00e9lica Quiroga Souffl\u00e9, directora del Centro Infantil de Desarrollo Neuroconductual (Ciden), detall\u00f3 que es necesario atender las emociones que puedan manifestar las ni\u00f1as, ni\u00f1os o adolescentes y darles validez, no minimizarlas o ignorarlas.<\/p>\n<p>&nbsp;<\/p>\n<p>Mencion\u00f3 que ante este regreso a la escuela hay que fijarse si el menor est\u00e1 teniendo dificultades por la vuelta a clases presenciales y estar alerta a cambios en su conducta como aumento de la irritabilidad y en el caso de ni\u00f1os peque\u00f1os conductas regresivas. La psic\u00f3loga infantil agreg\u00f3 que otro aspecto a tomar en cuenta es que tengan demasiada resistencia a entrar a clases o lloren mucho y en los m\u00e1s grandes que persistan con dificultades para dormir.<\/p>\n<p>&nbsp;<\/p>\n<p>En caso de observar una conducta inusual en los menores, recomend\u00f3 llevarlos a ser valorados y, en caso de ser necesario, brindarle alguna intervenci\u00f3n psicol\u00f3gica.<\/p>\n<p>&nbsp;<\/p>\n<p>\u201cEn CIDEN contamos con un equipo de especialistas en salud mental infantil, donde atendemos a los menores de 12 a\u00f1os que son referidos por su unidad de salud\u201d, coment\u00f3.<\/p>\n<p>&nbsp;<\/p>\n<p>Recomendaciones para el regreso a clases:<\/p>\n<ul>\n<li>Mantener la calma, los ni\u00f1os\/as aprenden por imitaci\u00f3n, si su entorno familiar est\u00e1 en calma, ellos estar\u00e1n tranquilos.<\/li>\n<li>Tener actividades familiares que les de seguridad emocional y tranquilidad, aprovechar los espacios de calidad en familia.<\/li>\n<li>Preguntar a los ni\u00f1os\/as c\u00f3mo se sienten al volver a la escuela y asegurarles que todos los sentimientos son normales y reales.<\/li>\n<li>Ayudarlos a entender sus emociones para que reconozcan sus propios sentimientos<\/li>\n<li>Tranquilizarlos sobre las medidas de seguridad que se implementan en su instituci\u00f3n educativa.<\/li>\n<li>Recordarles los aspectos positivos de regresar a la escuela, como jugar con sus amigos, ver a sus profesores.<\/li>\n<\/ul>\n<p>Fecha de Publicaci\u00f3n\u00a0 mi\u00e9rcoles \/ 1\u00a0 \/ septiembre \u00a0\/ 2021<\/p>\n","protected":false},"excerpt":{"rendered":"<p>HERMOSILLO, SONORA,MX.\u2500\u2500 \u00a0As\u00ed como las aulas y docentes deben estar preparados ante el regreso a&#8230;<\/p>\n","protected":false},"author":1,"featured_media":75194,"comment_status":"open","ping_status":"open","sticky":false,"template":"","format":"standard","meta":{"_monsterinsights_skip_tracking":false,"_monsterinsights_sitenote_active":false,"_monsterinsights_sitenote_note":"","_monsterinsights_sitenote_category":0,"footnotes":""},"categories":[22],"tags":[1502],"class_list":["post"],"yoast_head":" \n<title>Sonora en Equipo. Exhorta Salud Sonora proteger la salud emocional las y los ni\u00f1os en el regreso a clases Sonora<\/title>\n<meta name=\"description\" content=\"HERMOSILLO, SONORA,MX.\u2500\u2500 \u00a0As\u00ed como las aulas y docentes deben estar preparados ante el regreso a clases, despu\u00e9s de la ausencia de alumnos por la pandemia En Sonora en Equipo publicamos toda la informaci\u00f3n de Sonora, M\u00e9xico y el Mundo de manera oportuna y busca que la libertad de expresi\u00f3n sea real. Visita nuestro medio informativo publicado desde Hermosillo, Sonora. %\" \/>\n<meta name=\"robots\" content=\"index, follow, max-snippet:-1, max-image-preview:large, max-video-preview:-1\" \/>\n<link rel=\"canonical\" href=\"https:\/\/www.sonoraenequipo.com.mx\/exhorta-salud-sonora-proteger-la-salud-emocional-las-y-los-ninos-en-el-regreso-a-clases\/\" \/>\n<meta property=\"og:locale\" content=\"es_ES\" \/>\n<meta property=\"og:type\" content=\"article\" \/>\n<meta property=\"og:title\" content=\"Sonora en Equipo. Exhorta Salud Sonora proteger la salud emocional las y los ni\u00f1os en el regreso a clases Sonora\" \/>\n<meta property=\"og:description\" content=\"HERMOSILLO, SONORA,MX.\u2500\u2500 \u00a0As\u00ed como las aulas y docentes deben estar preparados ante el regreso a clases, despu\u00e9s de la ausencia de alumnos por la pandemia En Sonora en Equipo publicamos toda la informaci\u00f3n de Sonora, M\u00e9xico y el Mundo de manera oportuna y busca que la libertad de expresi\u00f3n sea real. Visita nuestro medio informativo publicado desde Hermosillo, Sonora. %\" \/>\n<meta property=\"og:url\" content=\"https:\/\/www.sonoraenequipo.com.mx\/exhorta-salud-sonora-proteger-la-salud-emocional-las-y-los-ninos-en-el-regreso-a-clases\/\" \/>\n<meta property=\"og:site_name\" content=\"Sonora en Equipo.\" \/>\n<meta property=\"article:publisher\" content=\"https:\/\/www.facebook.com\/SonoraEE\/\" \/>\n<meta property=\"article:author\" content=\"https:\/\/www.facebook.com\/SonoraEE\" \/>\n<meta property=\"article:published_time\" content=\"2021-09-02T01:00:05+00:00\" \/>\n<meta property=\"og:image\" content=\"https:\/\/www.sonoraenequipo.com.mx\/storage\/2020\/01\/clasesregreso2_opt1.jpg\" \/>\n\t<meta property=\"og:image:width\" content=\"622\" \/>\n\t<meta property=\"og:image:height\" content=\"400\" \/>\n\t<meta property=\"og:image:type\" content=\"image\/jpeg\" \/>\n<meta name=\"author\" content=\"enequipo\" \/>\n<meta name=\"twitter:card\" content=\"summary_large_image\" \/>\n<meta name=\"twitter:creator\" content=\"@sonoraenequipo\" \/>\n<meta name=\"twitter:site\" content=\"@sonoraenequipo\" \/>\n<meta name=\"twitter:label1\" content=\"Escrito por\" \/>\n\t<meta name=\"twitter:data1\" content=\"enequipo\" \/>\n\t<meta name=\"twitter:label2\" content=\"Tiempo de lectura\" \/>\n\t<meta name=\"twitter:data2\" content=\"2 minutos\" \/>\n<script type=\"application\/ld+json\" class=\"yoast-schema-graph\">{\"@context\":\"https:\/\/schema.org\",\"@graph\":[{\"@type\":\"Article\",\"@id\":\"https:\/\/www.sonoraenequipo.com.mx\/exhorta-salud-sonora-proteger-la-salud-emocional-las-y-los-ninos-en-el-regreso-a-clases\/#article\",\"isPartOf\":{\"@id\":\"https:\/\/www.sonoraenequipo.com.mx\/exhorta-salud-sonora-proteger-la-salud-emocional-las-y-los-ninos-en-el-regreso-a-clases\/\"},\"author\":{\"name\":\"enequipo\",\"@id\":\"https:\/\/www.sonoraenequipo.com.mx\/#\/schema\/person\/50102df0fb23a8fa9e8effad8fa81386\"},\"headline\":\"Exhorta Salud Sonora proteger la salud emocional las y los ni\u00f1os en el regreso a clases\",\"datePublished\":\"2021-09-02T01:00:05+00:00\",\"mainEntityOfPage\":{\"@id\":\"https:\/\/www.sonoraenequipo.com.mx\/exhorta-salud-sonora-proteger-la-salud-emocional-las-y-los-ninos-en-el-regreso-a-clases\/\"},\"wordCount\":469,\"commentCount\":0,\"publisher\":{\"@id\":\"https:\/\/www.sonoraenequipo.com.mx\/#organization\"},\"image\":{\"@id\":\"https:\/\/www.sonoraenequipo.com.mx\/exhorta-salud-sonora-proteger-la-salud-emocional-las-y-los-ninos-en-el-regreso-a-clases\/#primaryimage\"},\"thumbnailUrl\":\"https:\/\/www.sonoraenequipo.com.mx\/storage\/2020\/01\/clasesregreso2_opt1.jpg\",\"keywords\":[\"REGRESO A CLASES\"],\"articleSection\":[\"Sonora\"],\"inLanguage\":\"es\",\"potentialAction\":[{\"@type\":\"CommentAction\",\"name\":\"Comment\",\"target\":[\"https:\/\/www.sonoraenequipo.com.mx\/exhorta-salud-sonora-proteger-la-salud-emocional-las-y-los-ninos-en-el-regreso-a-clases\/#respond\"]}]},{\"@type\":\"WebPage\",\"@id\":\"https:\/\/www.sonoraenequipo.com.mx\/exhorta-salud-sonora-proteger-la-salud-emocional-las-y-los-ninos-en-el-regreso-a-clases\/\",\"url\":\"https:\/\/www.sonoraenequipo.com.mx\/exhorta-salud-sonora-proteger-la-salud-emocional-las-y-los-ninos-en-el-regreso-a-clases\/\",\"name\":\"Sonora en Equipo. Exhorta Salud Sonora proteger la salud emocional las y los ni\u00f1os en el regreso a clases Sonora\",\"isPartOf\":{\"@id\":\"https:\/\/www.sonoraenequipo.com.mx\/#website\"},\"primaryImageOfPage\":{\"@id\":\"https:\/\/www.sonoraenequipo.com.mx\/exhorta-salud-sonora-proteger-la-salud-emocional-las-y-los-ninos-en-el-regreso-a-clases\/#primaryimage\"},\"image\":{\"@id\":\"https:\/\/www.sonoraenequipo.com.mx\/exhorta-salud-sonora-proteger-la-salud-emocional-las-y-los-ninos-en-el-regreso-a-clases\/#primaryimage\"},\"thumbnailUrl\":\"https:\/\/www.sonoraenequipo.com.mx\/storage\/2020\/01\/clasesregreso2_opt1.jpg\",\"datePublished\":\"2021-09-02T01:00:05+00:00\",\"description\":\"HERMOSILLO, SONORA,MX.\u2500\u2500 \u00a0As\u00ed como las aulas y docentes deben estar preparados ante el regreso a clases, despu\u00e9s de la ausencia de alumnos por la pandemia En Sonora en Equipo publicamos toda la informaci\u00f3n de Sonora, M\u00e9xico y el Mundo de manera oportuna y busca que la libertad de expresi\u00f3n sea real. Visita nuestro medio informativo publicado desde Hermosillo, Sonora. %\",\"breadcrumb\":{\"@id\":\"https:\/\/www.sonoraenequipo.com.mx\/exhorta-salud-sonora-proteger-la-salud-emocional-las-y-los-ninos-en-el-regreso-a-clases\/#breadcrumb\"},\"inLanguage\":\"es\",\"potentialAction\":[{\"@type\":\"ReadAction\",\"target\":[\"https:\/\/www.sonoraenequipo.com.mx\/exhorta-salud-sonora-proteger-la-salud-emocional-las-y-los-ninos-en-el-regreso-a-clases\/\"]}]},{\"@type\":\"ImageObject\",\"inLanguage\":\"es\",\"@id\":\"https:\/\/www.sonoraenequipo.com.mx\/exhorta-salud-sonora-proteger-la-salud-emocional-las-y-los-ninos-en-el-regreso-a-clases\/#primaryimage\",\"url\":\"https:\/\/www.sonoraenequipo.com.mx\/storage\/2020\/01\/clasesregreso2_opt1.jpg\",\"contentUrl\":\"https:\/\/www.sonoraenequipo.com.mx\/storage\/2020\/01\/clasesregreso2_opt1.jpg\",\"width\":622,\"height\":400},{\"@type\":\"BreadcrumbList\",\"@id\":\"https:\/\/www.sonoraenequipo.com.mx\/exhorta-salud-sonora-proteger-la-salud-emocional-las-y-los-ninos-en-el-regreso-a-clases\/#breadcrumb\",\"itemListElement\":[{\"@type\":\"ListItem\",\"position\":1,\"name\":\"Portada\",\"item\":\"https:\/\/www.sonoraenequipo.com.mx\/\"},{\"@type\":\"ListItem\",\"position\":2,\"name\":\"Exhorta Salud Sonora proteger la salud emocional las y los ni\u00f1os en el regreso a clases\"}]},{\"@type\":\"WebSite\",\"@id\":\"https:\/\/www.sonoraenequipo.com.mx\/#website\",\"url\":\"https:\/\/www.sonoraenequipo.com.mx\/\",\"name\":\"Sonora en Equipo.\",\"description\":\"Diario en l\u00ednea con Noticias desde Hermosillo, Sonora\",\"publisher\":{\"@id\":\"https:\/\/www.sonoraenequipo.com.mx\/#organization\"},\"potentialAction\":[{\"@type\":\"SearchAction\",\"target\":{\"@type\":\"EntryPoint\",\"urlTemplate\":\"https:\/\/www.sonoraenequipo.com.mx\/?s={search_term_string}\"},\"query-input\":{\"@type\":\"PropertyValueSpecification\",\"valueRequired\":true,\"valueName\":\"search_term_string\"}}],\"inLanguage\":\"es\"},{\"@type\":\"Organization\",\"@id\":\"https:\/\/www.sonoraenequipo.com.mx\/#organization\",\"name\":\"Sonoraenequipo.com.mx\",\"url\":\"https:\/\/www.sonoraenequipo.com.mx\/\",\"logo\":{\"@type\":\"ImageObject\",\"inLanguage\":\"es\",\"@id\":\"https:\/\/www.sonoraenequipo.com.mx\/#\/schema\/logo\/image\/\",\"url\":\"https:\/\/www.sonoraenequipo.com.mx\/storage\/2019\/01\/sonoraenequipo_opt.png\",\"contentUrl\":\"https:\/\/www.sonoraenequipo.com.mx\/storage\/2019\/01\/sonoraenequipo_opt.png\",\"width\":375,\"height\":125,\"caption\":\"Sonoraenequipo.com.mx\"},\"image\":{\"@id\":\"https:\/\/www.sonoraenequipo.com.mx\/#\/schema\/logo\/image\/\"},\"sameAs\":[\"https:\/\/www.facebook.com\/SonoraEE\/\",\"https:\/\/x.com\/sonoraenequipo\",\"https:\/\/www.youtube.com\/channel\/UC338nW-lPEYmJQs4ZABQ1SQ\"]},{\"@type\":\"Person\",\"@id\":\"https:\/\/www.sonoraenequipo.com.mx\/#\/schema\/person\/50102df0fb23a8fa9e8effad8fa81386\",\"name\":\"enequipo\",\"image\":{\"@type\":\"ImageObject\",\"inLanguage\":\"es\",\"@id\":\"https:\/\/www.sonoraenequipo.com.mx\/#\/schema\/person\/image\/\",\"url\":\"https:\/\/secure.gravatar.com\/avatar\/049821681b589dabc0bc20695993ccebb09f5b5d4d790cd9251b97faac7c652b?s=96&d=blank&r=g\",\"contentUrl\":\"https:\/\/secure.gravatar.com\/avatar\/049821681b589dabc0bc20695993ccebb09f5b5d4d790cd9251b97faac7c652b?s=96&d=blank&r=g\",\"caption\":\"enequipo\"},\"sameAs\":[\"https:\/\/www.facebook.com\/SonoraEE\"]}]}<\/script>\n ","yoast_head_json":{"title":"Sonora en Equipo. Exhorta Salud Sonora proteger la salud emocional las y los ni\u00f1os en el regreso a clases Sonora","description":"HERMOSILLO, SONORA,MX.\u2500\u2500 \u00a0As\u00ed como las aulas y docentes deben estar preparados ante el regreso a clases, despu\u00e9s de la ausencia de alumnos por la pandemia En Sonora en Equipo publicamos toda la informaci\u00f3n de Sonora, M\u00e9xico y el Mundo de manera oportuna y busca que la libertad de expresi\u00f3n sea real. Visita nuestro medio informativo publicado desde Hermosillo, Sonora. %","robots":{"index":"index","follow":"follow","max-snippet":"max-snippet:-1","max-image-preview":"max-image-preview:large","max-video-preview":"max-video-preview:-1"},"canonical":"https:\/\/www.sonoraenequipo.com.mx\/exhorta-salud-sonora-proteger-la-salud-emocional-las-y-los-ninos-en-el-regreso-a-clases\/","og_locale":"es_ES","og_type":"article","og_title":"Sonora en Equipo. Exhorta Salud Sonora proteger la salud emocional las y los ni\u00f1os en el regreso a clases Sonora","og_description":"HERMOSILLO, SONORA,MX.\u2500\u2500 \u00a0As\u00ed como las aulas y docentes deben estar preparados ante el regreso a clases, despu\u00e9s de la ausencia de alumnos por la pandemia En Sonora en Equipo publicamos toda la informaci\u00f3n de Sonora, M\u00e9xico y el Mundo de manera oportuna y busca que la libertad de expresi\u00f3n sea real. Visita nuestro medio informativo publicado desde Hermosillo, Sonora. %","og_url":"https:\/\/www.sonoraenequipo.com.mx\/exhorta-salud-sonora-proteger-la-salud-emocional-las-y-los-ninos-en-el-regreso-a-clases\/","og_site_name":"Sonora en Equipo.","article_publisher":"https:\/\/www.facebook.com\/SonoraEE\/","article_author":"https:\/\/www.facebook.com\/SonoraEE","article_published_time":"2021-09-02T01:00:05+00:00","og_image":[{"width":622,"height":400,"url":"https:\/\/www.sonoraenequipo.com.mx\/storage\/2020\/01\/clasesregreso2_opt1.jpg","type":"image\/jpeg"}],"author":"enequipo","twitter_card":"summary_large_image","twitter_creator":"@sonoraenequipo","twitter_site":"@sonoraenequipo","twitter_misc":{"Escrito por":"enequipo","Tiempo de lectura":"2 minutos"},"schema":{"@context":"https:\/\/schema.org","@graph":[{"@type":"Article","@id":"https:\/\/www.sonoraenequipo.com.mx\/exhorta-salud-sonora-proteger-la-salud-emocional-las-y-los-ninos-en-el-regreso-a-clases\/#article","isPartOf":{"@id":"https:\/\/www.sonoraenequipo.com.mx\/exhorta-salud-sonora-proteger-la-salud-emocional-las-y-los-ninos-en-el-regreso-a-clases\/"},"author":{"name":"enequipo","@id":"https:\/\/www.sonoraenequipo.com.mx\/#\/schema\/person\/50102df0fb23a8fa9e8effad8fa81386"},"headline":"Exhorta Salud Sonora proteger la salud emocional las y los ni\u00f1os en el regreso a clases","datePublished":"2021-09-02T01:00:05+00:00","mainEntityOfPage":{"@id":"https:\/\/www.sonoraenequipo.com.mx\/exhorta-salud-sonora-proteger-la-salud-emocional-las-y-los-ninos-en-el-regreso-a-clases\/"},"wordCount":469,"commentCount":0,"publisher":{"@id":"https:\/\/www.sonoraenequipo.com.mx\/#organization"},"image":{"@id":"https:\/\/www.sonoraenequipo.com.mx\/exhorta-salud-sonora-proteger-la-salud-emocional-las-y-los-ninos-en-el-regreso-a-clases\/#primaryimage"},"thumbnailUrl":"https:\/\/www.sonoraenequipo.com.mx\/storage\/2020\/01\/clasesregreso2_opt1.jpg","keywords":["REGRESO A CLASES"],"articleSection":["Sonora"],"inLanguage":"es","potentialAction":[{"@type":"CommentAction","name":"Comment","target":["https:\/\/www.sonoraenequipo.com.mx\/exhorta-salud-sonora-proteger-la-salud-emocional-las-y-los-ninos-en-el-regreso-a-clases\/#respond"]}]},{"@type":"WebPage","@id":"https:\/\/www.sonoraenequipo.com.mx\/exhorta-salud-sonora-proteger-la-salud-emocional-las-y-los-ninos-en-el-regreso-a-clases\/","url":"https:\/\/www.sonoraenequipo.com.mx\/exhorta-salud-sonora-proteger-la-salud-emocional-las-y-los-ninos-en-el-regreso-a-clases\/","name":"Sonora en Equipo. Exhorta Salud Sonora proteger la salud emocional las y los ni\u00f1os en el regreso a clases Sonora","isPartOf":{"@id":"https:\/\/www.sonoraenequipo.com.mx\/#website"},"primaryImageOfPage":{"@id":"https:\/\/www.sonoraenequipo.com.mx\/exhorta-salud-sonora-proteger-la-salud-emocional-las-y-los-ninos-en-el-regreso-a-clases\/#primaryimage"},"image":{"@id":"https:\/\/www.sonoraenequipo.com.mx\/exhorta-salud-sonora-proteger-la-salud-emocional-las-y-los-ninos-en-el-regreso-a-clases\/#primaryimage"},"thumbnailUrl":"https:\/\/www.sonoraenequipo.com.mx\/storage\/2020\/01\/clasesregreso2_opt1.jpg","datePublished":"2021-09-02T01:00:05+00:00","description":"HERMOSILLO, SONORA,MX.\u2500\u2500 \u00a0As\u00ed como las aulas y docentes deben estar preparados ante el regreso a clases, despu\u00e9s de la ausencia de alumnos por la pandemia En Sonora en Equipo publicamos toda la informaci\u00f3n de Sonora, M\u00e9xico y el Mundo de manera oportuna y busca que la libertad de expresi\u00f3n sea real. Visita nuestro medio informativo publicado desde Hermosillo, Sonora. %","breadcrumb":{"@id":"https:\/\/www.sonoraenequipo.com.mx\/exhorta-salud-sonora-proteger-la-salud-emocional-las-y-los-ninos-en-el-regreso-a-clases\/#breadcrumb"},"inLanguage":"es","potentialAction":[{"@type":"ReadAction","target":["https:\/\/www.sonoraenequipo.com.mx\/exhorta-salud-sonora-proteger-la-salud-emocional-las-y-los-ninos-en-el-regreso-a-clases\/"]}]},{"@type":"ImageObject","inLanguage":"es","@id":"https:\/\/www.sonoraenequipo.com.mx\/exhorta-salud-sonora-proteger-la-salud-emocional-las-y-los-ninos-en-el-regreso-a-clases\/#primaryimage","url":"https:\/\/www.sonoraenequipo.com.mx\/storage\/2020\/01\/clasesregreso2_opt1.jpg","contentUrl":"https:\/\/www.sonoraenequipo.com.mx\/storage\/2020\/01\/clasesregreso2_opt1.jpg","width":622,"height":400},{"@type":"BreadcrumbList","@id":"https:\/\/www.sonoraenequipo.com.mx\/exhorta-salud-sonora-proteger-la-salud-emocional-las-y-los-ninos-en-el-regreso-a-clases\/#breadcrumb","itemListElement":[{"@type":"ListItem","position":1,"name":"Portada","item":"https:\/\/www.sonoraenequipo.com.mx\/"},{"@type":"ListItem","position":2,"name":"Exhorta Salud Sonora proteger la salud emocional las y los ni\u00f1os en el regreso a clases"}]},{"@type":"WebSite","@id":"https:\/\/www.sonoraenequipo.com.mx\/#website","url":"https:\/\/www.sonoraenequipo.com.mx\/","name":"Sonora en Equipo.","description":"Diario en l\u00ednea con Noticias desde Hermosillo, Sonora","publisher":{"@id":"https:\/\/www.sonoraenequipo.com.mx\/#organization"},"potentialAction":[{"@type":"SearchAction","target":{"@type":"EntryPoint","urlTemplate":"https:\/\/www.sonoraenequipo.com.mx\/?s={search_term_string}"},"query-input":{"@type":"PropertyValueSpecification","valueRequired":true,"valueName":"search_term_string"}}],"inLanguage":"es"},{"@type":"Organization","@id":"https:\/\/www.sonoraenequipo.com.mx\/#organization","name":"Sonoraenequipo.com.mx","url":"https:\/\/www.sonoraenequipo.com.mx\/","logo":{"@type":"ImageObject","inLanguage":"es","@id":"https:\/\/www.sonoraenequipo.com.mx\/#\/schema\/logo\/image\/","url":"https:\/\/www.sonoraenequipo.com.mx\/storage\/2019\/01\/sonoraenequipo_opt.png","contentUrl":"https:\/\/www.sonoraenequipo.com.mx\/storage\/2019\/01\/sonoraenequipo_opt.png","width":375,"height":125,"caption":"Sonoraenequipo.com.mx"},"image":{"@id":"https:\/\/www.sonoraenequipo.com.mx\/#\/schema\/logo\/image\/"},"sameAs":["https:\/\/www.facebook.com\/SonoraEE\/","https:\/\/x.com\/sonoraenequipo","https:\/\/www.youtube.com\/channel\/UC338nW-lPEYmJQs4ZABQ1SQ"]},{"@type":"Person","@id":"https:\/\/www.sonoraenequipo.com.mx\/#\/schema\/person\/50102df0fb23a8fa9e8effad8fa81386","name":"enequipo","image":{"@type":"ImageObject","inLanguage":"es","@id":"https:\/\/www.sonoraenequipo.com.mx\/#\/schema\/person\/image\/","url":"https:\/\/secure.gravatar.com\/avatar\/049821681b589dabc0bc20695993ccebb09f5b5d4d790cd9251b97faac7c652b?s=96&d=blank&r=g","contentUrl":"https:\/\/secure.gravatar.com\/avatar\/049821681b589dabc0bc20695993ccebb09f5b5d4d790cd9251b97faac7c652b?s=96&d=blank&r=g","caption":"enequipo"},"sameAs":["https:\/\/www.facebook.com\/SonoraEE"]}]}},"jetpack_featured_media_url":"https:\/\/www.sonoraenequipo.com.mx\/storage\/2020\/01\/clasesregreso2_opt1.jpg","_links":{"self":[{"href":"https:\/\/www.sonoraenequipo.com.mx\/api\/wp\/v2\/posts\/121874","targetHints":{"allow":["GET"]}}],"collection":[{"href":"https:\/\/www.sonoraenequipo.com.mx\/api\/wp\/v2\/posts"}],"about":[{"href":"https:\/\/www.sonoraenequipo.com.mx\/api\/wp\/v2\/types\/post"}],"author":[{"embeddable":true,"href":"https:\/\/www.sonoraenequipo.com.mx\/api\/wp\/v2\/users\/1"}],"replies":[{"embeddable":true,"href":"https:\/\/www.sonoraenequipo.com.mx\/api\/wp\/v2\/comments?post=121874"}],"version-history":[{"count":1,"href":"https:\/\/www.sonoraenequipo.com.mx\/api\/wp\/v2\/posts\/121874\/revisions"}],"predecessor-version":[{"id":121875,"href":"https:\/\/www.sonoraenequipo.com.mx\/api\/wp\/v2\/posts\/121874\/revisions\/121875"}],"wp:featuredmedia":[{"embeddable":true,"href":"https:\/\/www.sonoraenequipo.com.mx\/api\/wp\/v2\/media\/75194"}],"wp:attachment":[{"href":"https:\/\/www.sonoraenequipo.com.mx\/api\/wp\/v2\/media?parent=121874"}],"wp:term":[{"taxonomy":"category","embeddable":true,"href":"https:\/\/www.sonoraenequipo.com.mx\/api\/wp\/v2\/categories?post=121874"},{"taxonomy":"post_tag","embeddable":true,"href":"https:\/\/www.sonoraenequipo.com.mx\/api\/wp\/v2\/tags?post=121874"}],"curies":[{"name":"wp","href":"https:\/\/api.w.org\/{rel}","templated":true}]}}