{"id":121895,"date":"2021-09-01T21:47:50","date_gmt":"2021-09-02T04:47:50","guid":{"rendered":"https:\/\/www.sonoraenequipo.com.mx\/?p=121895"},"modified":"2021-09-01T21:47:50","modified_gmt":"2021-09-02T04:47:50","slug":"antonio-astiazaran-y-patricia-ruibal-conocen-programa-de-atencion-integral-a-indigentes","status":"publish","type":"post","link":"https:\/\/www.sonoraenequipo.com.mx\/antonio-astiazaran-y-patricia-ruibal-conocen-programa-de-atencion-integral-a-indigentes\/","title":{"rendered":"Antonio Astiazar\u00e1n y Patricia Ruibal conocen programa de atenci\u00f3n integral a indigentes"},"content":{"rendered":"<p>HERMOSILLO, SONORA,MX.\u2500\u2500 \u00a0Para conocer el funcionamiento del Centro de Atenci\u00f3n Integral a Personas Vulnerables y en Situaci\u00f3n de Calle GALILEA que el Ayuntamiento de Hermosillo a trav\u00e9s de un patronato pone a disposici\u00f3n de personas en situaci\u00f3n de calle, Antonio Astiazar\u00e1n y Patricia Ruibal, lo visitaron<\/p>\n<p>&nbsp;<\/p>\n<p>El alcalde electo de Hermosillo y su esposa coinciden en que este tipo de esfuerzos de la sociedad y el gobierno para la atenci\u00f3n integral de personas en situaci\u00f3n de calle requieren del apoyo de todos.<\/p>\n<p>&nbsp;<\/p>\n<p>\u201cMi Gobierno no ser\u00e1 indiferente ante esta lamentable realidad que viven dichas personas\u201d, mencion\u00f3 Astiazar\u00e1n Guti\u00e9rrez.<\/p>\n<p>&nbsp;<\/p>\n<p>Por su parte, Claudia Villa, directora del centro, expres\u00f3 que actualmente se atiende a 18 personas en un proceso integral para que se readapten a la sociedad.<\/p>\n<p>&nbsp;<\/p>\n<p>Las personas reciben una atenci\u00f3n humanitaria integral que contempla alimentaci\u00f3n, vestido, atenci\u00f3n m\u00e9dica y psicol\u00f3gica, trabajo social, terapias de grupo, opciones ocupacionales, alojamiento y asistencia en su proceso de reincorporarse a la comunidad de manera productiva.<\/p>\n<p>&nbsp;<\/p>\n<p>El centro GALILEA, ubicado en la colonia Palo Verde, actualmente tiene capacidad para atender a 30 personas hombres y hasta 15 personas mujeres hasta por un periodo de 6 meses.<\/p>\n<p>&nbsp;<\/p>\n<p>De acuerdo al \u00faltimo censo que realiz\u00f3 el DIF Municipal en Hermosillo hay 930 personas en situaci\u00f3n de indigencia, por lo que cada esfuerzo que se realice para revertir esa condici\u00f3n en las personas ser\u00e1 apoyado.<\/p>\n<p>Fecha de Publicaci\u00f3n\u00a0 mi\u00e9rcoles \/ 1\u00a0 \/ septiembre \u00a0\/ 2021<\/p>\n","protected":false},"excerpt":{"rendered":"<p>HERMOSILLO, SONORA,MX.\u2500\u2500 \u00a0Para conocer el funcionamiento del Centro de Atenci\u00f3n Integral a Personas Vulnerables y&#8230;<\/p>\n","protected":false},"author":1,"featured_media":121896,"comment_status":"open","ping_status":"open","sticky":false,"template":"","format":"standard","meta":{"_monsterinsights_skip_tracking":false,"_monsterinsights_sitenote_active":false,"_monsterinsights_sitenote_note":"","_monsterinsights_sitenote_category":0,"footnotes":""},"categories":[4],"tags":[6010,35,6079],"class_list":["post"],"yoast_head":" \n<title>Sonora en Equipo. Antonio Astiazar\u00e1n y Patricia Ruibal conocen programa de atenci\u00f3n integral a indigentes Municipios<\/title>\n<meta name=\"description\" content=\"HERMOSILLO, SONORA,MX.\u2500\u2500 \u00a0Para conocer el funcionamiento del Centro de Atenci\u00f3n Integral a Personas Vulnerables y en Situaci\u00f3n de Calle GALILEA que el En Sonora en Equipo publicamos toda la informaci\u00f3n de Sonora, M\u00e9xico y el Mundo de manera oportuna y busca que la libertad de expresi\u00f3n sea real. Visita nuestro medio informativo publicado desde Hermosillo, Sonora. %\" \/>\n<meta name=\"robots\" content=\"index, follow, max-snippet:-1, max-image-preview:large, max-video-preview:-1\" \/>\n<link rel=\"canonical\" href=\"https:\/\/www.sonoraenequipo.com.mx\/antonio-astiazaran-y-patricia-ruibal-conocen-programa-de-atencion-integral-a-indigentes\/\" \/>\n<meta property=\"og:locale\" content=\"es_ES\" \/>\n<meta property=\"og:type\" content=\"article\" \/>\n<meta property=\"og:title\" content=\"Sonora en Equipo. Antonio Astiazar\u00e1n y Patricia Ruibal conocen programa de atenci\u00f3n integral a indigentes Municipios\" \/>\n<meta property=\"og:description\" content=\"HERMOSILLO, SONORA,MX.\u2500\u2500 \u00a0Para conocer el funcionamiento del Centro de Atenci\u00f3n Integral a Personas Vulnerables y en Situaci\u00f3n de Calle GALILEA que el En Sonora en Equipo publicamos toda la informaci\u00f3n de Sonora, M\u00e9xico y el Mundo de manera oportuna y busca que la libertad de expresi\u00f3n sea real. Visita nuestro medio informativo publicado desde Hermosillo, Sonora. %\" \/>\n<meta property=\"og:url\" content=\"https:\/\/www.sonoraenequipo.com.mx\/antonio-astiazaran-y-patricia-ruibal-conocen-programa-de-atencion-integral-a-indigentes\/\" \/>\n<meta property=\"og:site_name\" content=\"Sonora en Equipo.\" \/>\n<meta property=\"article:publisher\" content=\"https:\/\/www.facebook.com\/SonoraEE\/\" \/>\n<meta property=\"article:author\" content=\"https:\/\/www.facebook.com\/SonoraEE\" \/>\n<meta property=\"article:published_time\" content=\"2021-09-02T04:47:50+00:00\" \/>\n<meta property=\"og:image\" content=\"https:\/\/www.sonoraenequipo.com.mx\/storage\/2021\/09\/patricia-y-tono.jpg\" \/>\n\t<meta property=\"og:image:width\" content=\"700\" \/>\n\t<meta property=\"og:image:height\" content=\"394\" \/>\n\t<meta property=\"og:image:type\" content=\"image\/jpeg\" \/>\n<meta name=\"author\" content=\"enequipo\" \/>\n<meta name=\"twitter:card\" content=\"summary_large_image\" \/>\n<meta name=\"twitter:creator\" content=\"@sonoraenequipo\" \/>\n<meta name=\"twitter:site\" content=\"@sonoraenequipo\" \/>\n<meta name=\"twitter:label1\" content=\"Escrito por\" \/>\n\t<meta name=\"twitter:data1\" content=\"enequipo\" \/>\n\t<meta name=\"twitter:label2\" content=\"Tiempo de lectura\" \/>\n\t<meta name=\"twitter:data2\" content=\"2 minutos\" \/>\n<script type=\"application\/ld+json\" class=\"yoast-schema-graph\">{\"@context\":\"https:\/\/schema.org\",\"@graph\":[{\"@type\":\"Article\",\"@id\":\"https:\/\/www.sonoraenequipo.com.mx\/antonio-astiazaran-y-patricia-ruibal-conocen-programa-de-atencion-integral-a-indigentes\/#article\",\"isPartOf\":{\"@id\":\"https:\/\/www.sonoraenequipo.com.mx\/antonio-astiazaran-y-patricia-ruibal-conocen-programa-de-atencion-integral-a-indigentes\/\"},\"author\":{\"name\":\"enequipo\",\"@id\":\"https:\/\/www.sonoraenequipo.com.mx\/#\/schema\/person\/50102df0fb23a8fa9e8effad8fa81386\"},\"headline\":\"Antonio Astiazar\u00e1n y Patricia Ruibal conocen programa de atenci\u00f3n integral a indigentes\",\"datePublished\":\"2021-09-02T04:47:50+00:00\",\"mainEntityOfPage\":{\"@id\":\"https:\/\/www.sonoraenequipo.com.mx\/antonio-astiazaran-y-patricia-ruibal-conocen-programa-de-atencion-integral-a-indigentes\/\"},\"wordCount\":267,\"commentCount\":0,\"publisher\":{\"@id\":\"https:\/\/www.sonoraenequipo.com.mx\/#organization\"},\"image\":{\"@id\":\"https:\/\/www.sonoraenequipo.com.mx\/antonio-astiazaran-y-patricia-ruibal-conocen-programa-de-atencion-integral-a-indigentes\/#primaryimage\"},\"thumbnailUrl\":\"https:\/\/www.sonoraenequipo.com.mx\/storage\/2021\/09\/patricia-y-tono.jpg\",\"keywords\":[\"Antonio astiazaran\",\"hermosillo\",\"indigentes\"],\"articleSection\":[\"Municipios\"],\"inLanguage\":\"es\",\"potentialAction\":[{\"@type\":\"CommentAction\",\"name\":\"Comment\",\"target\":[\"https:\/\/www.sonoraenequipo.com.mx\/antonio-astiazaran-y-patricia-ruibal-conocen-programa-de-atencion-integral-a-indigentes\/#respond\"]}]},{\"@type\":\"WebPage\",\"@id\":\"https:\/\/www.sonoraenequipo.com.mx\/antonio-astiazaran-y-patricia-ruibal-conocen-programa-de-atencion-integral-a-indigentes\/\",\"url\":\"https:\/\/www.sonoraenequipo.com.mx\/antonio-astiazaran-y-patricia-ruibal-conocen-programa-de-atencion-integral-a-indigentes\/\",\"name\":\"Sonora en Equipo. Antonio Astiazar\u00e1n y Patricia Ruibal conocen programa de atenci\u00f3n integral a indigentes Municipios\",\"isPartOf\":{\"@id\":\"https:\/\/www.sonoraenequipo.com.mx\/#website\"},\"primaryImageOfPage\":{\"@id\":\"https:\/\/www.sonoraenequipo.com.mx\/antonio-astiazaran-y-patricia-ruibal-conocen-programa-de-atencion-integral-a-indigentes\/#primaryimage\"},\"image\":{\"@id\":\"https:\/\/www.sonoraenequipo.com.mx\/antonio-astiazaran-y-patricia-ruibal-conocen-programa-de-atencion-integral-a-indigentes\/#primaryimage\"},\"thumbnailUrl\":\"https:\/\/www.sonoraenequipo.com.mx\/storage\/2021\/09\/patricia-y-tono.jpg\",\"datePublished\":\"2021-09-02T04:47:50+00:00\",\"description\":\"HERMOSILLO, SONORA,MX.\u2500\u2500 \u00a0Para conocer el funcionamiento del Centro de Atenci\u00f3n Integral a Personas Vulnerables y en Situaci\u00f3n de Calle GALILEA que el En Sonora en Equipo publicamos toda la informaci\u00f3n de Sonora, M\u00e9xico y el Mundo de manera oportuna y busca que la libertad de expresi\u00f3n sea real. Visita nuestro medio informativo publicado desde Hermosillo, Sonora. %\",\"breadcrumb\":{\"@id\":\"https:\/\/www.sonoraenequipo.com.mx\/antonio-astiazaran-y-patricia-ruibal-conocen-programa-de-atencion-integral-a-indigentes\/#breadcrumb\"},\"inLanguage\":\"es\",\"potentialAction\":[{\"@type\":\"ReadAction\",\"target\":[\"https:\/\/www.sonoraenequipo.com.mx\/antonio-astiazaran-y-patricia-ruibal-conocen-programa-de-atencion-integral-a-indigentes\/\"]}]},{\"@type\":\"ImageObject\",\"inLanguage\":\"es\",\"@id\":\"https:\/\/www.sonoraenequipo.com.mx\/antonio-astiazaran-y-patricia-ruibal-conocen-programa-de-atencion-integral-a-indigentes\/#primaryimage\",\"url\":\"https:\/\/www.sonoraenequipo.com.mx\/storage\/2021\/09\/patricia-y-tono.jpg\",\"contentUrl\":\"https:\/\/www.sonoraenequipo.com.mx\/storage\/2021\/09\/patricia-y-tono.jpg\",\"width\":700,\"height\":394},{\"@type\":\"BreadcrumbList\",\"@id\":\"https:\/\/www.sonoraenequipo.com.mx\/antonio-astiazaran-y-patricia-ruibal-conocen-programa-de-atencion-integral-a-indigentes\/#breadcrumb\",\"itemListElement\":[{\"@type\":\"ListItem\",\"position\":1,\"name\":\"Portada\",\"item\":\"https:\/\/www.sonoraenequipo.com.mx\/\"},{\"@type\":\"ListItem\",\"position\":2,\"name\":\"Antonio Astiazar\u00e1n y Patricia Ruibal conocen programa de atenci\u00f3n integral a indigentes\"}]},{\"@type\":\"WebSite\",\"@id\":\"https:\/\/www.sonoraenequipo.com.mx\/#website\",\"url\":\"https:\/\/www.sonoraenequipo.com.mx\/\",\"name\":\"Sonora en Equipo.\",\"description\":\"Diario en l\u00ednea con Noticias desde Hermosillo, Sonora\",\"publisher\":{\"@id\":\"https:\/\/www.sonoraenequipo.com.mx\/#organization\"},\"potentialAction\":[{\"@type\":\"SearchAction\",\"target\":{\"@type\":\"EntryPoint\",\"urlTemplate\":\"https:\/\/www.sonoraenequipo.com.mx\/?s={search_term_string}\"},\"query-input\":{\"@type\":\"PropertyValueSpecification\",\"valueRequired\":true,\"valueName\":\"search_term_string\"}}],\"inLanguage\":\"es\"},{\"@type\":\"Organization\",\"@id\":\"https:\/\/www.sonoraenequipo.com.mx\/#organization\",\"name\":\"Sonoraenequipo.com.mx\",\"url\":\"https:\/\/www.sonoraenequipo.com.mx\/\",\"logo\":{\"@type\":\"ImageObject\",\"inLanguage\":\"es\",\"@id\":\"https:\/\/www.sonoraenequipo.com.mx\/#\/schema\/logo\/image\/\",\"url\":\"https:\/\/www.sonoraenequipo.com.mx\/storage\/2019\/01\/sonoraenequipo_opt.png\",\"contentUrl\":\"https:\/\/www.sonoraenequipo.com.mx\/storage\/2019\/01\/sonoraenequipo_opt.png\",\"width\":375,\"height\":125,\"caption\":\"Sonoraenequipo.com.mx\"},\"image\":{\"@id\":\"https:\/\/www.sonoraenequipo.com.mx\/#\/schema\/logo\/image\/\"},\"sameAs\":[\"https:\/\/www.facebook.com\/SonoraEE\/\",\"https:\/\/x.com\/sonoraenequipo\",\"https:\/\/www.youtube.com\/channel\/UC338nW-lPEYmJQs4ZABQ1SQ\"]},{\"@type\":\"Person\",\"@id\":\"https:\/\/www.sonoraenequipo.com.mx\/#\/schema\/person\/50102df0fb23a8fa9e8effad8fa81386\",\"name\":\"enequipo\",\"image\":{\"@type\":\"ImageObject\",\"inLanguage\":\"es\",\"@id\":\"https:\/\/www.sonoraenequipo.com.mx\/#\/schema\/person\/image\/\",\"url\":\"https:\/\/secure.gravatar.com\/avatar\/049821681b589dabc0bc20695993ccebb09f5b5d4d790cd9251b97faac7c652b?s=96&d=blank&r=g\",\"contentUrl\":\"https:\/\/secure.gravatar.com\/avatar\/049821681b589dabc0bc20695993ccebb09f5b5d4d790cd9251b97faac7c652b?s=96&d=blank&r=g\",\"caption\":\"enequipo\"},\"sameAs\":[\"https:\/\/www.facebook.com\/SonoraEE\"]}]}<\/script>\n ","yoast_head_json":{"title":"Sonora en Equipo. Antonio Astiazar\u00e1n y Patricia Ruibal conocen programa de atenci\u00f3n integral a indigentes Municipios","description":"HERMOSILLO, SONORA,MX.\u2500\u2500 \u00a0Para conocer el funcionamiento del Centro de Atenci\u00f3n Integral a Personas Vulnerables y en Situaci\u00f3n de Calle GALILEA que el En Sonora en Equipo publicamos toda la informaci\u00f3n de Sonora, M\u00e9xico y el Mundo de manera oportuna y busca que la libertad de expresi\u00f3n sea real. Visita nuestro medio informativo publicado desde Hermosillo, Sonora. %","robots":{"index":"index","follow":"follow","max-snippet":"max-snippet:-1","max-image-preview":"max-image-preview:large","max-video-preview":"max-video-preview:-1"},"canonical":"https:\/\/www.sonoraenequipo.com.mx\/antonio-astiazaran-y-patricia-ruibal-conocen-programa-de-atencion-integral-a-indigentes\/","og_locale":"es_ES","og_type":"article","og_title":"Sonora en Equipo. Antonio Astiazar\u00e1n y Patricia Ruibal conocen programa de atenci\u00f3n integral a indigentes Municipios","og_description":"HERMOSILLO, SONORA,MX.\u2500\u2500 \u00a0Para conocer el funcionamiento del Centro de Atenci\u00f3n Integral a Personas Vulnerables y en Situaci\u00f3n de Calle GALILEA que el En Sonora en Equipo publicamos toda la informaci\u00f3n de Sonora, M\u00e9xico y el Mundo de manera oportuna y busca que la libertad de expresi\u00f3n sea real. Visita nuestro medio informativo publicado desde Hermosillo, Sonora. %","og_url":"https:\/\/www.sonoraenequipo.com.mx\/antonio-astiazaran-y-patricia-ruibal-conocen-programa-de-atencion-integral-a-indigentes\/","og_site_name":"Sonora en Equipo.","article_publisher":"https:\/\/www.facebook.com\/SonoraEE\/","article_author":"https:\/\/www.facebook.com\/SonoraEE","article_published_time":"2021-09-02T04:47:50+00:00","og_image":[{"width":700,"height":394,"url":"https:\/\/www.sonoraenequipo.com.mx\/storage\/2021\/09\/patricia-y-tono.jpg","type":"image\/jpeg"}],"author":"enequipo","twitter_card":"summary_large_image","twitter_creator":"@sonoraenequipo","twitter_site":"@sonoraenequipo","twitter_misc":{"Escrito por":"enequipo","Tiempo de lectura":"2 minutos"},"schema":{"@context":"https:\/\/schema.org","@graph":[{"@type":"Article","@id":"https:\/\/www.sonoraenequipo.com.mx\/antonio-astiazaran-y-patricia-ruibal-conocen-programa-de-atencion-integral-a-indigentes\/#article","isPartOf":{"@id":"https:\/\/www.sonoraenequipo.com.mx\/antonio-astiazaran-y-patricia-ruibal-conocen-programa-de-atencion-integral-a-indigentes\/"},"author":{"name":"enequipo","@id":"https:\/\/www.sonoraenequipo.com.mx\/#\/schema\/person\/50102df0fb23a8fa9e8effad8fa81386"},"headline":"Antonio Astiazar\u00e1n y Patricia Ruibal conocen programa de atenci\u00f3n integral a indigentes","datePublished":"2021-09-02T04:47:50+00:00","mainEntityOfPage":{"@id":"https:\/\/www.sonoraenequipo.com.mx\/antonio-astiazaran-y-patricia-ruibal-conocen-programa-de-atencion-integral-a-indigentes\/"},"wordCount":267,"commentCount":0,"publisher":{"@id":"https:\/\/www.sonoraenequipo.com.mx\/#organization"},"image":{"@id":"https:\/\/www.sonoraenequipo.com.mx\/antonio-astiazaran-y-patricia-ruibal-conocen-programa-de-atencion-integral-a-indigentes\/#primaryimage"},"thumbnailUrl":"https:\/\/www.sonoraenequipo.com.mx\/storage\/2021\/09\/patricia-y-tono.jpg","keywords":["Antonio astiazaran","hermosillo","indigentes"],"articleSection":["Municipios"],"inLanguage":"es","potentialAction":[{"@type":"CommentAction","name":"Comment","target":["https:\/\/www.sonoraenequipo.com.mx\/antonio-astiazaran-y-patricia-ruibal-conocen-programa-de-atencion-integral-a-indigentes\/#respond"]}]},{"@type":"WebPage","@id":"https:\/\/www.sonoraenequipo.com.mx\/antonio-astiazaran-y-patricia-ruibal-conocen-programa-de-atencion-integral-a-indigentes\/","url":"https:\/\/www.sonoraenequipo.com.mx\/antonio-astiazaran-y-patricia-ruibal-conocen-programa-de-atencion-integral-a-indigentes\/","name":"Sonora en Equipo. Antonio Astiazar\u00e1n y Patricia Ruibal conocen programa de atenci\u00f3n integral a indigentes Municipios","isPartOf":{"@id":"https:\/\/www.sonoraenequipo.com.mx\/#website"},"primaryImageOfPage":{"@id":"https:\/\/www.sonoraenequipo.com.mx\/antonio-astiazaran-y-patricia-ruibal-conocen-programa-de-atencion-integral-a-indigentes\/#primaryimage"},"image":{"@id":"https:\/\/www.sonoraenequipo.com.mx\/antonio-astiazaran-y-patricia-ruibal-conocen-programa-de-atencion-integral-a-indigentes\/#primaryimage"},"thumbnailUrl":"https:\/\/www.sonoraenequipo.com.mx\/storage\/2021\/09\/patricia-y-tono.jpg","datePublished":"2021-09-02T04:47:50+00:00","description":"HERMOSILLO, SONORA,MX.\u2500\u2500 \u00a0Para conocer el funcionamiento del Centro de Atenci\u00f3n Integral a Personas Vulnerables y en Situaci\u00f3n de Calle GALILEA que el En Sonora en Equipo publicamos toda la informaci\u00f3n de Sonora, M\u00e9xico y el Mundo de manera oportuna y busca que la libertad de expresi\u00f3n sea real. Visita nuestro medio informativo publicado desde Hermosillo, Sonora. %","breadcrumb":{"@id":"https:\/\/www.sonoraenequipo.com.mx\/antonio-astiazaran-y-patricia-ruibal-conocen-programa-de-atencion-integral-a-indigentes\/#breadcrumb"},"inLanguage":"es","potentialAction":[{"@type":"ReadAction","target":["https:\/\/www.sonoraenequipo.com.mx\/antonio-astiazaran-y-patricia-ruibal-conocen-programa-de-atencion-integral-a-indigentes\/"]}]},{"@type":"ImageObject","inLanguage":"es","@id":"https:\/\/www.sonoraenequipo.com.mx\/antonio-astiazaran-y-patricia-ruibal-conocen-programa-de-atencion-integral-a-indigentes\/#primaryimage","url":"https:\/\/www.sonoraenequipo.com.mx\/storage\/2021\/09\/patricia-y-tono.jpg","contentUrl":"https:\/\/www.sonoraenequipo.com.mx\/storage\/2021\/09\/patricia-y-tono.jpg","width":700,"height":394},{"@type":"BreadcrumbList","@id":"https:\/\/www.sonoraenequipo.com.mx\/antonio-astiazaran-y-patricia-ruibal-conocen-programa-de-atencion-integral-a-indigentes\/#breadcrumb","itemListElement":[{"@type":"ListItem","position":1,"name":"Portada","item":"https:\/\/www.sonoraenequipo.com.mx\/"},{"@type":"ListItem","position":2,"name":"Antonio Astiazar\u00e1n y Patricia Ruibal conocen programa de atenci\u00f3n integral a indigentes"}]},{"@type":"WebSite","@id":"https:\/\/www.sonoraenequipo.com.mx\/#website","url":"https:\/\/www.sonoraenequipo.com.mx\/","name":"Sonora en Equipo.","description":"Diario en l\u00ednea con Noticias desde Hermosillo, Sonora","publisher":{"@id":"https:\/\/www.sonoraenequipo.com.mx\/#organization"},"potentialAction":[{"@type":"SearchAction","target":{"@type":"EntryPoint","urlTemplate":"https:\/\/www.sonoraenequipo.com.mx\/?s={search_term_string}"},"query-input":{"@type":"PropertyValueSpecification","valueRequired":true,"valueName":"search_term_string"}}],"inLanguage":"es"},{"@type":"Organization","@id":"https:\/\/www.sonoraenequipo.com.mx\/#organization","name":"Sonoraenequipo.com.mx","url":"https:\/\/www.sonoraenequipo.com.mx\/","logo":{"@type":"ImageObject","inLanguage":"es","@id":"https:\/\/www.sonoraenequipo.com.mx\/#\/schema\/logo\/image\/","url":"https:\/\/www.sonoraenequipo.com.mx\/storage\/2019\/01\/sonoraenequipo_opt.png","contentUrl":"https:\/\/www.sonoraenequipo.com.mx\/storage\/2019\/01\/sonoraenequipo_opt.png","width":375,"height":125,"caption":"Sonoraenequipo.com.mx"},"image":{"@id":"https:\/\/www.sonoraenequipo.com.mx\/#\/schema\/logo\/image\/"},"sameAs":["https:\/\/www.facebook.com\/SonoraEE\/","https:\/\/x.com\/sonoraenequipo","https:\/\/www.youtube.com\/channel\/UC338nW-lPEYmJQs4ZABQ1SQ"]},{"@type":"Person","@id":"https:\/\/www.sonoraenequipo.com.mx\/#\/schema\/person\/50102df0fb23a8fa9e8effad8fa81386","name":"enequipo","image":{"@type":"ImageObject","inLanguage":"es","@id":"https:\/\/www.sonoraenequipo.com.mx\/#\/schema\/person\/image\/","url":"https:\/\/secure.gravatar.com\/avatar\/049821681b589dabc0bc20695993ccebb09f5b5d4d790cd9251b97faac7c652b?s=96&d=blank&r=g","contentUrl":"https:\/\/secure.gravatar.com\/avatar\/049821681b589dabc0bc20695993ccebb09f5b5d4d790cd9251b97faac7c652b?s=96&d=blank&r=g","caption":"enequipo"},"sameAs":["https:\/\/www.facebook.com\/SonoraEE"]}]}},"jetpack_featured_media_url":"https:\/\/www.sonoraenequipo.com.mx\/storage\/2021\/09\/patricia-y-tono.jpg","_links":{"self":[{"href":"https:\/\/www.sonoraenequipo.com.mx\/api\/wp\/v2\/posts\/121895","targetHints":{"allow":["GET"]}}],"collection":[{"href":"https:\/\/www.sonoraenequipo.com.mx\/api\/wp\/v2\/posts"}],"about":[{"href":"https:\/\/www.sonoraenequipo.com.mx\/api\/wp\/v2\/types\/post"}],"author":[{"embeddable":true,"href":"https:\/\/www.sonoraenequipo.com.mx\/api\/wp\/v2\/users\/1"}],"replies":[{"embeddable":true,"href":"https:\/\/www.sonoraenequipo.com.mx\/api\/wp\/v2\/comments?post=121895"}],"version-history":[{"count":1,"href":"https:\/\/www.sonoraenequipo.com.mx\/api\/wp\/v2\/posts\/121895\/revisions"}],"predecessor-version":[{"id":121899,"href":"https:\/\/www.sonoraenequipo.com.mx\/api\/wp\/v2\/posts\/121895\/revisions\/121899"}],"wp:featuredmedia":[{"embeddable":true,"href":"https:\/\/www.sonoraenequipo.com.mx\/api\/wp\/v2\/media\/121896"}],"wp:attachment":[{"href":"https:\/\/www.sonoraenequipo.com.mx\/api\/wp\/v2\/media?parent=121895"}],"wp:term":[{"taxonomy":"category","embeddable":true,"href":"https:\/\/www.sonoraenequipo.com.mx\/api\/wp\/v2\/categories?post=121895"},{"taxonomy":"post_tag","embeddable":true,"href":"https:\/\/www.sonoraenequipo.com.mx\/api\/wp\/v2\/tags?post=121895"}],"curies":[{"name":"wp","href":"https:\/\/api.w.org\/{rel}","templated":true}]}}