{"id":121901,"date":"2021-09-01T22:08:41","date_gmt":"2021-09-02T05:08:41","guid":{"rendered":"https:\/\/www.sonoraenequipo.com.mx\/?p=121901"},"modified":"2021-09-01T22:08:41","modified_gmt":"2021-09-02T05:08:41","slug":"alfonso-durazo-presenta-proyecto-para-renovar-la-antigua-aduana-de-slrc","status":"publish","type":"post","link":"https:\/\/www.sonoraenequipo.com.mx\/alfonso-durazo-presenta-proyecto-para-renovar-la-antigua-aduana-de-slrc\/","title":{"rendered":"Alfonso Durazo presenta proyecto para renovar la antigua Aduana de SLRC"},"content":{"rendered":"<p>SAN LUIS R\u00cdO COLORADO,SONORA,MX.\u2500 Dentro del programa de renovaci\u00f3n de las aduanas en el estado, Alfonso Durazo Monta\u00f1o anunci\u00f3 que se cambiar\u00e1 el rostro la Aduana 1 de San Luis R\u00edo Colorado que tendr\u00e1 una inversi\u00f3n de 550 millones de pesos e incluir\u00e1 la conclusi\u00f3n del Perif\u00e9rico de la ciudad para evitar el tr\u00e1fico pesado.<\/p>\n<p>&nbsp;<\/p>\n<p>Acompa\u00f1ado de Horacio Duarte Olivares, director general de Aduanas del Servicio de Administraci\u00f3n Tributaria (SAT); Guadalupe Jackes Contreras, administradora de la Aduana de San Luis; y Santos Gonz\u00e1lez Yescas, presidente municipal; el gobernador electo explic\u00f3 a medios y posteriormente a empresarios:<\/p>\n<p>&nbsp;<\/p>\n<p>\u201cEl edificio central va a tener un \u00e1rea peatonal muy importante, y va a tener dos accesos de Estados Unidos hacia San Luis R\u00edo Colorado. Por un lado, una por la avenida Morelos y la otra por la (avenida) Primera\u2026 van a contar ah\u00ed con un sem\u00e1foro inteligente para evitar interrumpir el tr\u00e1fico\u201d.<\/p>\n<p>&nbsp;<\/p>\n<p>Durazo Monta\u00f1o agreg\u00f3 que la nueva Aduana estar\u00e1 vinculada a la construcci\u00f3n del Perif\u00e9rico de la ciudad para desfogar el tr\u00e1fico que circula por la avenida \u00c1lvaro Obreg\u00f3n y que no tenga que atravesar toda la comunidad.<\/p>\n<p>&nbsp;<\/p>\n<p>\u201cEs un Perif\u00e9rico de 28 a 30 kil\u00f3metros. Hay ya una parte construida&#8230; (que) permitir\u00e1 desahogar la ciudad de un tr\u00e1fico de camiones de carga que actualmente pasan por la calle \u00c1lvaro Obreg\u00f3n\u201d.<\/p>\n<p>&nbsp;<\/p>\n<p>Durazo Monta\u00f1o sostuvo que estos dos proyectos est\u00e1n empatados con la construcci\u00f3n y mejoramiento de la aduana del lado americano, e inform\u00f3 que el proyecto administrativo ya se encuentra en marcha. Ambas iniciativas, dijo, iniciar\u00e1n el pr\u00f3ximo a\u00f1o con el apoyo del presidente\u00a0 Andr\u00e9s Manuel L\u00f3pez Obrador.<\/p>\n<p>Fecha de Publicaci\u00f3n\u00a0 mi\u00e9rcoles \/ 1\u00a0 \/ septiembre \u00a0\/ 2021<\/p>\n<p>&nbsp;<\/p>\n","protected":false},"excerpt":{"rendered":"<p>SAN LUIS R\u00cdO COLORADO,SONORA,MX.\u2500 Dentro del programa de renovaci\u00f3n de las aduanas en el estado,&#8230;<\/p>\n","protected":false},"author":1,"featured_media":121908,"comment_status":"open","ping_status":"open","sticky":false,"template":"","format":"standard","meta":{"_monsterinsights_skip_tracking":false,"_monsterinsights_sitenote_active":false,"_monsterinsights_sitenote_note":"","_monsterinsights_sitenote_category":0,"footnotes":""},"categories":[22],"tags":[6080,2200],"class_list":["post"],"yoast_head":" \n<title>Sonora en Equipo. Alfonso Durazo presenta proyecto para renovar la antigua Aduana de SLRC Sonora<\/title>\n<meta name=\"description\" content=\"SAN LUIS R\u00cdO COLORADO,SONORA,MX.\u2500 Dentro del programa de renovaci\u00f3n de las aduanas en el estado, Alfonso Durazo Monta\u00f1o anunci\u00f3 que se cambiar\u00e1 el rostro En Sonora en Equipo publicamos toda la informaci\u00f3n de Sonora, M\u00e9xico y el Mundo de manera oportuna y busca que la libertad de expresi\u00f3n sea real. Visita nuestro medio informativo publicado desde Hermosillo, Sonora. %\" \/>\n<meta name=\"robots\" content=\"index, follow, max-snippet:-1, max-image-preview:large, max-video-preview:-1\" \/>\n<link rel=\"canonical\" href=\"https:\/\/www.sonoraenequipo.com.mx\/alfonso-durazo-presenta-proyecto-para-renovar-la-antigua-aduana-de-slrc\/\" \/>\n<meta property=\"og:locale\" content=\"es_ES\" \/>\n<meta property=\"og:type\" content=\"article\" \/>\n<meta property=\"og:title\" content=\"Sonora en Equipo. Alfonso Durazo presenta proyecto para renovar la antigua Aduana de SLRC Sonora\" \/>\n<meta property=\"og:description\" content=\"SAN LUIS R\u00cdO COLORADO,SONORA,MX.\u2500 Dentro del programa de renovaci\u00f3n de las aduanas en el estado, Alfonso Durazo Monta\u00f1o anunci\u00f3 que se cambiar\u00e1 el rostro En Sonora en Equipo publicamos toda la informaci\u00f3n de Sonora, M\u00e9xico y el Mundo de manera oportuna y busca que la libertad de expresi\u00f3n sea real. Visita nuestro medio informativo publicado desde Hermosillo, Sonora. %\" \/>\n<meta property=\"og:url\" content=\"https:\/\/www.sonoraenequipo.com.mx\/alfonso-durazo-presenta-proyecto-para-renovar-la-antigua-aduana-de-slrc\/\" \/>\n<meta property=\"og:site_name\" content=\"Sonora en Equipo.\" \/>\n<meta property=\"article:publisher\" content=\"https:\/\/www.facebook.com\/SonoraEE\/\" \/>\n<meta property=\"article:author\" content=\"https:\/\/www.facebook.com\/SonoraEE\" \/>\n<meta property=\"article:published_time\" content=\"2021-09-02T05:08:41+00:00\" \/>\n<meta property=\"og:image\" content=\"https:\/\/www.sonoraenequipo.com.mx\/storage\/2021\/09\/adm010921B.jpg\" \/>\n\t<meta property=\"og:image:width\" content=\"700\" \/>\n\t<meta property=\"og:image:height\" content=\"400\" \/>\n\t<meta property=\"og:image:type\" content=\"image\/jpeg\" \/>\n<meta name=\"author\" content=\"enequipo\" \/>\n<meta name=\"twitter:card\" content=\"summary_large_image\" \/>\n<meta name=\"twitter:creator\" content=\"@sonoraenequipo\" \/>\n<meta name=\"twitter:site\" content=\"@sonoraenequipo\" \/>\n<meta name=\"twitter:label1\" content=\"Escrito por\" \/>\n\t<meta name=\"twitter:data1\" content=\"enequipo\" \/>\n\t<meta name=\"twitter:label2\" content=\"Tiempo de lectura\" \/>\n\t<meta name=\"twitter:data2\" content=\"2 minutos\" \/>\n<script type=\"application\/ld+json\" class=\"yoast-schema-graph\">{\"@context\":\"https:\/\/schema.org\",\"@graph\":[{\"@type\":\"Article\",\"@id\":\"https:\/\/www.sonoraenequipo.com.mx\/alfonso-durazo-presenta-proyecto-para-renovar-la-antigua-aduana-de-slrc\/#article\",\"isPartOf\":{\"@id\":\"https:\/\/www.sonoraenequipo.com.mx\/alfonso-durazo-presenta-proyecto-para-renovar-la-antigua-aduana-de-slrc\/\"},\"author\":{\"name\":\"enequipo\",\"@id\":\"https:\/\/www.sonoraenequipo.com.mx\/#\/schema\/person\/50102df0fb23a8fa9e8effad8fa81386\"},\"headline\":\"Alfonso Durazo presenta proyecto para renovar la antigua Aduana de SLRC\",\"datePublished\":\"2021-09-02T05:08:41+00:00\",\"mainEntityOfPage\":{\"@id\":\"https:\/\/www.sonoraenequipo.com.mx\/alfonso-durazo-presenta-proyecto-para-renovar-la-antigua-aduana-de-slrc\/\"},\"wordCount\":319,\"commentCount\":0,\"publisher\":{\"@id\":\"https:\/\/www.sonoraenequipo.com.mx\/#organization\"},\"image\":{\"@id\":\"https:\/\/www.sonoraenequipo.com.mx\/alfonso-durazo-presenta-proyecto-para-renovar-la-antigua-aduana-de-slrc\/#primaryimage\"},\"thumbnailUrl\":\"https:\/\/www.sonoraenequipo.com.mx\/storage\/2021\/09\/adm010921B.jpg\",\"keywords\":[\"ADUANAS\",\"Alfonso Durazo\"],\"articleSection\":[\"Sonora\"],\"inLanguage\":\"es\",\"potentialAction\":[{\"@type\":\"CommentAction\",\"name\":\"Comment\",\"target\":[\"https:\/\/www.sonoraenequipo.com.mx\/alfonso-durazo-presenta-proyecto-para-renovar-la-antigua-aduana-de-slrc\/#respond\"]}]},{\"@type\":\"WebPage\",\"@id\":\"https:\/\/www.sonoraenequipo.com.mx\/alfonso-durazo-presenta-proyecto-para-renovar-la-antigua-aduana-de-slrc\/\",\"url\":\"https:\/\/www.sonoraenequipo.com.mx\/alfonso-durazo-presenta-proyecto-para-renovar-la-antigua-aduana-de-slrc\/\",\"name\":\"Sonora en Equipo. Alfonso Durazo presenta proyecto para renovar la antigua Aduana de SLRC Sonora\",\"isPartOf\":{\"@id\":\"https:\/\/www.sonoraenequipo.com.mx\/#website\"},\"primaryImageOfPage\":{\"@id\":\"https:\/\/www.sonoraenequipo.com.mx\/alfonso-durazo-presenta-proyecto-para-renovar-la-antigua-aduana-de-slrc\/#primaryimage\"},\"image\":{\"@id\":\"https:\/\/www.sonoraenequipo.com.mx\/alfonso-durazo-presenta-proyecto-para-renovar-la-antigua-aduana-de-slrc\/#primaryimage\"},\"thumbnailUrl\":\"https:\/\/www.sonoraenequipo.com.mx\/storage\/2021\/09\/adm010921B.jpg\",\"datePublished\":\"2021-09-02T05:08:41+00:00\",\"description\":\"SAN LUIS R\u00cdO COLORADO,SONORA,MX.\u2500 Dentro del programa de renovaci\u00f3n de las aduanas en el estado, Alfonso Durazo Monta\u00f1o anunci\u00f3 que se cambiar\u00e1 el rostro En Sonora en Equipo publicamos toda la informaci\u00f3n de Sonora, M\u00e9xico y el Mundo de manera oportuna y busca que la libertad de expresi\u00f3n sea real. Visita nuestro medio informativo publicado desde Hermosillo, Sonora. %\",\"breadcrumb\":{\"@id\":\"https:\/\/www.sonoraenequipo.com.mx\/alfonso-durazo-presenta-proyecto-para-renovar-la-antigua-aduana-de-slrc\/#breadcrumb\"},\"inLanguage\":\"es\",\"potentialAction\":[{\"@type\":\"ReadAction\",\"target\":[\"https:\/\/www.sonoraenequipo.com.mx\/alfonso-durazo-presenta-proyecto-para-renovar-la-antigua-aduana-de-slrc\/\"]}]},{\"@type\":\"ImageObject\",\"inLanguage\":\"es\",\"@id\":\"https:\/\/www.sonoraenequipo.com.mx\/alfonso-durazo-presenta-proyecto-para-renovar-la-antigua-aduana-de-slrc\/#primaryimage\",\"url\":\"https:\/\/www.sonoraenequipo.com.mx\/storage\/2021\/09\/adm010921B.jpg\",\"contentUrl\":\"https:\/\/www.sonoraenequipo.com.mx\/storage\/2021\/09\/adm010921B.jpg\",\"width\":700,\"height\":400},{\"@type\":\"BreadcrumbList\",\"@id\":\"https:\/\/www.sonoraenequipo.com.mx\/alfonso-durazo-presenta-proyecto-para-renovar-la-antigua-aduana-de-slrc\/#breadcrumb\",\"itemListElement\":[{\"@type\":\"ListItem\",\"position\":1,\"name\":\"Portada\",\"item\":\"https:\/\/www.sonoraenequipo.com.mx\/\"},{\"@type\":\"ListItem\",\"position\":2,\"name\":\"Alfonso Durazo presenta proyecto para renovar la antigua Aduana de SLRC\"}]},{\"@type\":\"WebSite\",\"@id\":\"https:\/\/www.sonoraenequipo.com.mx\/#website\",\"url\":\"https:\/\/www.sonoraenequipo.com.mx\/\",\"name\":\"Sonora en Equipo.\",\"description\":\"Diario en l\u00ednea con Noticias desde Hermosillo, Sonora\",\"publisher\":{\"@id\":\"https:\/\/www.sonoraenequipo.com.mx\/#organization\"},\"potentialAction\":[{\"@type\":\"SearchAction\",\"target\":{\"@type\":\"EntryPoint\",\"urlTemplate\":\"https:\/\/www.sonoraenequipo.com.mx\/?s={search_term_string}\"},\"query-input\":{\"@type\":\"PropertyValueSpecification\",\"valueRequired\":true,\"valueName\":\"search_term_string\"}}],\"inLanguage\":\"es\"},{\"@type\":\"Organization\",\"@id\":\"https:\/\/www.sonoraenequipo.com.mx\/#organization\",\"name\":\"Sonoraenequipo.com.mx\",\"url\":\"https:\/\/www.sonoraenequipo.com.mx\/\",\"logo\":{\"@type\":\"ImageObject\",\"inLanguage\":\"es\",\"@id\":\"https:\/\/www.sonoraenequipo.com.mx\/#\/schema\/logo\/image\/\",\"url\":\"https:\/\/www.sonoraenequipo.com.mx\/storage\/2019\/01\/sonoraenequipo_opt.png\",\"contentUrl\":\"https:\/\/www.sonoraenequipo.com.mx\/storage\/2019\/01\/sonoraenequipo_opt.png\",\"width\":375,\"height\":125,\"caption\":\"Sonoraenequipo.com.mx\"},\"image\":{\"@id\":\"https:\/\/www.sonoraenequipo.com.mx\/#\/schema\/logo\/image\/\"},\"sameAs\":[\"https:\/\/www.facebook.com\/SonoraEE\/\",\"https:\/\/x.com\/sonoraenequipo\",\"https:\/\/www.youtube.com\/channel\/UC338nW-lPEYmJQs4ZABQ1SQ\"]},{\"@type\":\"Person\",\"@id\":\"https:\/\/www.sonoraenequipo.com.mx\/#\/schema\/person\/50102df0fb23a8fa9e8effad8fa81386\",\"name\":\"enequipo\",\"image\":{\"@type\":\"ImageObject\",\"inLanguage\":\"es\",\"@id\":\"https:\/\/www.sonoraenequipo.com.mx\/#\/schema\/person\/image\/\",\"url\":\"https:\/\/secure.gravatar.com\/avatar\/049821681b589dabc0bc20695993ccebb09f5b5d4d790cd9251b97faac7c652b?s=96&d=blank&r=g\",\"contentUrl\":\"https:\/\/secure.gravatar.com\/avatar\/049821681b589dabc0bc20695993ccebb09f5b5d4d790cd9251b97faac7c652b?s=96&d=blank&r=g\",\"caption\":\"enequipo\"},\"sameAs\":[\"https:\/\/www.facebook.com\/SonoraEE\"]}]}<\/script>\n ","yoast_head_json":{"title":"Sonora en Equipo. Alfonso Durazo presenta proyecto para renovar la antigua Aduana de SLRC Sonora","description":"SAN LUIS R\u00cdO COLORADO,SONORA,MX.\u2500 Dentro del programa de renovaci\u00f3n de las aduanas en el estado, Alfonso Durazo Monta\u00f1o anunci\u00f3 que se cambiar\u00e1 el rostro En Sonora en Equipo publicamos toda la informaci\u00f3n de Sonora, M\u00e9xico y el Mundo de manera oportuna y busca que la libertad de expresi\u00f3n sea real. Visita nuestro medio informativo publicado desde Hermosillo, Sonora. %","robots":{"index":"index","follow":"follow","max-snippet":"max-snippet:-1","max-image-preview":"max-image-preview:large","max-video-preview":"max-video-preview:-1"},"canonical":"https:\/\/www.sonoraenequipo.com.mx\/alfonso-durazo-presenta-proyecto-para-renovar-la-antigua-aduana-de-slrc\/","og_locale":"es_ES","og_type":"article","og_title":"Sonora en Equipo. Alfonso Durazo presenta proyecto para renovar la antigua Aduana de SLRC Sonora","og_description":"SAN LUIS R\u00cdO COLORADO,SONORA,MX.\u2500 Dentro del programa de renovaci\u00f3n de las aduanas en el estado, Alfonso Durazo Monta\u00f1o anunci\u00f3 que se cambiar\u00e1 el rostro En Sonora en Equipo publicamos toda la informaci\u00f3n de Sonora, M\u00e9xico y el Mundo de manera oportuna y busca que la libertad de expresi\u00f3n sea real. Visita nuestro medio informativo publicado desde Hermosillo, Sonora. %","og_url":"https:\/\/www.sonoraenequipo.com.mx\/alfonso-durazo-presenta-proyecto-para-renovar-la-antigua-aduana-de-slrc\/","og_site_name":"Sonora en Equipo.","article_publisher":"https:\/\/www.facebook.com\/SonoraEE\/","article_author":"https:\/\/www.facebook.com\/SonoraEE","article_published_time":"2021-09-02T05:08:41+00:00","og_image":[{"width":700,"height":400,"url":"https:\/\/www.sonoraenequipo.com.mx\/storage\/2021\/09\/adm010921B.jpg","type":"image\/jpeg"}],"author":"enequipo","twitter_card":"summary_large_image","twitter_creator":"@sonoraenequipo","twitter_site":"@sonoraenequipo","twitter_misc":{"Escrito por":"enequipo","Tiempo de lectura":"2 minutos"},"schema":{"@context":"https:\/\/schema.org","@graph":[{"@type":"Article","@id":"https:\/\/www.sonoraenequipo.com.mx\/alfonso-durazo-presenta-proyecto-para-renovar-la-antigua-aduana-de-slrc\/#article","isPartOf":{"@id":"https:\/\/www.sonoraenequipo.com.mx\/alfonso-durazo-presenta-proyecto-para-renovar-la-antigua-aduana-de-slrc\/"},"author":{"name":"enequipo","@id":"https:\/\/www.sonoraenequipo.com.mx\/#\/schema\/person\/50102df0fb23a8fa9e8effad8fa81386"},"headline":"Alfonso Durazo presenta proyecto para renovar la antigua Aduana de SLRC","datePublished":"2021-09-02T05:08:41+00:00","mainEntityOfPage":{"@id":"https:\/\/www.sonoraenequipo.com.mx\/alfonso-durazo-presenta-proyecto-para-renovar-la-antigua-aduana-de-slrc\/"},"wordCount":319,"commentCount":0,"publisher":{"@id":"https:\/\/www.sonoraenequipo.com.mx\/#organization"},"image":{"@id":"https:\/\/www.sonoraenequipo.com.mx\/alfonso-durazo-presenta-proyecto-para-renovar-la-antigua-aduana-de-slrc\/#primaryimage"},"thumbnailUrl":"https:\/\/www.sonoraenequipo.com.mx\/storage\/2021\/09\/adm010921B.jpg","keywords":["ADUANAS","Alfonso Durazo"],"articleSection":["Sonora"],"inLanguage":"es","potentialAction":[{"@type":"CommentAction","name":"Comment","target":["https:\/\/www.sonoraenequipo.com.mx\/alfonso-durazo-presenta-proyecto-para-renovar-la-antigua-aduana-de-slrc\/#respond"]}]},{"@type":"WebPage","@id":"https:\/\/www.sonoraenequipo.com.mx\/alfonso-durazo-presenta-proyecto-para-renovar-la-antigua-aduana-de-slrc\/","url":"https:\/\/www.sonoraenequipo.com.mx\/alfonso-durazo-presenta-proyecto-para-renovar-la-antigua-aduana-de-slrc\/","name":"Sonora en Equipo. Alfonso Durazo presenta proyecto para renovar la antigua Aduana de SLRC Sonora","isPartOf":{"@id":"https:\/\/www.sonoraenequipo.com.mx\/#website"},"primaryImageOfPage":{"@id":"https:\/\/www.sonoraenequipo.com.mx\/alfonso-durazo-presenta-proyecto-para-renovar-la-antigua-aduana-de-slrc\/#primaryimage"},"image":{"@id":"https:\/\/www.sonoraenequipo.com.mx\/alfonso-durazo-presenta-proyecto-para-renovar-la-antigua-aduana-de-slrc\/#primaryimage"},"thumbnailUrl":"https:\/\/www.sonoraenequipo.com.mx\/storage\/2021\/09\/adm010921B.jpg","datePublished":"2021-09-02T05:08:41+00:00","description":"SAN LUIS R\u00cdO COLORADO,SONORA,MX.\u2500 Dentro del programa de renovaci\u00f3n de las aduanas en el estado, Alfonso Durazo Monta\u00f1o anunci\u00f3 que se cambiar\u00e1 el rostro En Sonora en Equipo publicamos toda la informaci\u00f3n de Sonora, M\u00e9xico y el Mundo de manera oportuna y busca que la libertad de expresi\u00f3n sea real. Visita nuestro medio informativo publicado desde Hermosillo, Sonora. %","breadcrumb":{"@id":"https:\/\/www.sonoraenequipo.com.mx\/alfonso-durazo-presenta-proyecto-para-renovar-la-antigua-aduana-de-slrc\/#breadcrumb"},"inLanguage":"es","potentialAction":[{"@type":"ReadAction","target":["https:\/\/www.sonoraenequipo.com.mx\/alfonso-durazo-presenta-proyecto-para-renovar-la-antigua-aduana-de-slrc\/"]}]},{"@type":"ImageObject","inLanguage":"es","@id":"https:\/\/www.sonoraenequipo.com.mx\/alfonso-durazo-presenta-proyecto-para-renovar-la-antigua-aduana-de-slrc\/#primaryimage","url":"https:\/\/www.sonoraenequipo.com.mx\/storage\/2021\/09\/adm010921B.jpg","contentUrl":"https:\/\/www.sonoraenequipo.com.mx\/storage\/2021\/09\/adm010921B.jpg","width":700,"height":400},{"@type":"BreadcrumbList","@id":"https:\/\/www.sonoraenequipo.com.mx\/alfonso-durazo-presenta-proyecto-para-renovar-la-antigua-aduana-de-slrc\/#breadcrumb","itemListElement":[{"@type":"ListItem","position":1,"name":"Portada","item":"https:\/\/www.sonoraenequipo.com.mx\/"},{"@type":"ListItem","position":2,"name":"Alfonso Durazo presenta proyecto para renovar la antigua Aduana de SLRC"}]},{"@type":"WebSite","@id":"https:\/\/www.sonoraenequipo.com.mx\/#website","url":"https:\/\/www.sonoraenequipo.com.mx\/","name":"Sonora en Equipo.","description":"Diario en l\u00ednea con Noticias desde Hermosillo, Sonora","publisher":{"@id":"https:\/\/www.sonoraenequipo.com.mx\/#organization"},"potentialAction":[{"@type":"SearchAction","target":{"@type":"EntryPoint","urlTemplate":"https:\/\/www.sonoraenequipo.com.mx\/?s={search_term_string}"},"query-input":{"@type":"PropertyValueSpecification","valueRequired":true,"valueName":"search_term_string"}}],"inLanguage":"es"},{"@type":"Organization","@id":"https:\/\/www.sonoraenequipo.com.mx\/#organization","name":"Sonoraenequipo.com.mx","url":"https:\/\/www.sonoraenequipo.com.mx\/","logo":{"@type":"ImageObject","inLanguage":"es","@id":"https:\/\/www.sonoraenequipo.com.mx\/#\/schema\/logo\/image\/","url":"https:\/\/www.sonoraenequipo.com.mx\/storage\/2019\/01\/sonoraenequipo_opt.png","contentUrl":"https:\/\/www.sonoraenequipo.com.mx\/storage\/2019\/01\/sonoraenequipo_opt.png","width":375,"height":125,"caption":"Sonoraenequipo.com.mx"},"image":{"@id":"https:\/\/www.sonoraenequipo.com.mx\/#\/schema\/logo\/image\/"},"sameAs":["https:\/\/www.facebook.com\/SonoraEE\/","https:\/\/x.com\/sonoraenequipo","https:\/\/www.youtube.com\/channel\/UC338nW-lPEYmJQs4ZABQ1SQ"]},{"@type":"Person","@id":"https:\/\/www.sonoraenequipo.com.mx\/#\/schema\/person\/50102df0fb23a8fa9e8effad8fa81386","name":"enequipo","image":{"@type":"ImageObject","inLanguage":"es","@id":"https:\/\/www.sonoraenequipo.com.mx\/#\/schema\/person\/image\/","url":"https:\/\/secure.gravatar.com\/avatar\/049821681b589dabc0bc20695993ccebb09f5b5d4d790cd9251b97faac7c652b?s=96&d=blank&r=g","contentUrl":"https:\/\/secure.gravatar.com\/avatar\/049821681b589dabc0bc20695993ccebb09f5b5d4d790cd9251b97faac7c652b?s=96&d=blank&r=g","caption":"enequipo"},"sameAs":["https:\/\/www.facebook.com\/SonoraEE"]}]}},"jetpack_featured_media_url":"https:\/\/www.sonoraenequipo.com.mx\/storage\/2021\/09\/adm010921B.jpg","_links":{"self":[{"href":"https:\/\/www.sonoraenequipo.com.mx\/api\/wp\/v2\/posts\/121901","targetHints":{"allow":["GET"]}}],"collection":[{"href":"https:\/\/www.sonoraenequipo.com.mx\/api\/wp\/v2\/posts"}],"about":[{"href":"https:\/\/www.sonoraenequipo.com.mx\/api\/wp\/v2\/types\/post"}],"author":[{"embeddable":true,"href":"https:\/\/www.sonoraenequipo.com.mx\/api\/wp\/v2\/users\/1"}],"replies":[{"embeddable":true,"href":"https:\/\/www.sonoraenequipo.com.mx\/api\/wp\/v2\/comments?post=121901"}],"version-history":[{"count":1,"href":"https:\/\/www.sonoraenequipo.com.mx\/api\/wp\/v2\/posts\/121901\/revisions"}],"predecessor-version":[{"id":121909,"href":"https:\/\/www.sonoraenequipo.com.mx\/api\/wp\/v2\/posts\/121901\/revisions\/121909"}],"wp:featuredmedia":[{"embeddable":true,"href":"https:\/\/www.sonoraenequipo.com.mx\/api\/wp\/v2\/media\/121908"}],"wp:attachment":[{"href":"https:\/\/www.sonoraenequipo.com.mx\/api\/wp\/v2\/media?parent=121901"}],"wp:term":[{"taxonomy":"category","embeddable":true,"href":"https:\/\/www.sonoraenequipo.com.mx\/api\/wp\/v2\/categories?post=121901"},{"taxonomy":"post_tag","embeddable":true,"href":"https:\/\/www.sonoraenequipo.com.mx\/api\/wp\/v2\/tags?post=121901"}],"curies":[{"name":"wp","href":"https:\/\/api.w.org\/{rel}","templated":true}]}}