{"id":121914,"date":"2021-09-01T22:39:31","date_gmt":"2021-09-02T05:39:31","guid":{"rendered":"https:\/\/www.sonoraenequipo.com.mx\/?p=121914"},"modified":"2021-09-01T22:39:31","modified_gmt":"2021-09-02T05:39:31","slug":"fifa-sanciona-al-wolverhampton-por-no-prestar-a-raul-al-tri","status":"publish","type":"post","link":"https:\/\/www.sonoraenequipo.com.mx\/fifa-sanciona-al-wolverhampton-por-no-prestar-a-raul-al-tri\/","title":{"rendered":"FIFA sanciona al Wolverhampton por no prestar a Ra\u00fal al Tri"},"content":{"rendered":"<p>CIUDAD DE M\u00c9XICO.\u2500\u2500 La Direcci\u00f3n General Deportiva informa que debido a la negativa del Club Wolverhampton de la Liga Inglesa de permitir que Ra\u00fal Jim\u00e9nez reporte con la Selecci\u00f3n Nacional de M\u00e9xico, el Cuerpo T\u00e9cnico determin\u00f3 convocar para el partido M\u00e9xico vs Jamaica a Santiago Gim\u00e9nez del Club Cruz Azul.<\/p>\n<p>&nbsp;<\/p>\n<p>&nbsp;<\/p>\n<p>&nbsp;<\/p>\n<p>Frente a esta negativa, la Federaci\u00f3n Mexicana de F\u00fatbol ha hecho las gestiones necesarias ante las instancias correspondientes de la FIFA, quienes hoy notificaron al Club Wolverhampton, que de no liberar al jugador, el mismo no ser\u00e1 elegible para participar con su Club, durante la fecha FIFA m\u00e1s un periodo adicional de 5 d\u00edas.<\/p>\n<p>&nbsp;<\/p>\n<p>&nbsp;<\/p>\n<p>&nbsp;<\/p>\n<p>Adem\u00e1s de mencionar que el Club podr\u00e1 recibir sanciones adicionales.<\/p>\n<p>&nbsp;<\/p>\n<p>&nbsp;<\/p>\n<p>&nbsp;<\/p>\n<p>La FMF est\u00e1 en espera de la respuesta del Club ante dicha resoluci\u00f3n y se une al pronunciamiento del Presidente de la FIFA, Gianni Infantino que cita:<\/p>\n<p>&nbsp;<\/p>\n<p>&nbsp;<\/p>\n<p>&nbsp;<\/p>\n<p>\u201cLa cesi\u00f3n de jugadores para los pr\u00f3ximos periodos internacionales es un asunto de suma urgencia e importancia\u2026<\/p>\n<p>&nbsp;<\/p>\n<p>&nbsp;<\/p>\n<p>&nbsp;<\/p>\n<p>Me gustar\u00eda que todas las federaciones miembro, todas las ligas y todos los clubes mostraran solidaridad e hicieran lo que es tanto correcto como justo para el f\u00fatbol mundial.<\/p>\n<p>&nbsp;<\/p>\n<p>&nbsp;<\/p>\n<p>&nbsp;<\/p>\n<p>Muchos de los mejores jugadores del mundo compiten en la liga espa\u00f1ola y la liga inglesa, y consideramos que estos pa\u00edses tambi\u00e9n comparten la responsabilidad de preservar y proteger la integridad deportiva de las competiciones de todo el planeta.\u201d<\/p>\n<p>&nbsp;<\/p>\n<p>&nbsp;<\/p>\n<p>&nbsp;<\/p>\n<p>La Federaci\u00f3n Mexicana de F\u00fatbol reitera su compromiso para aplicar de manera estricta los protocolos de salud establecidos, con el prop\u00f3sito de cuidar a cada uno de los integrantes de la Selecci\u00f3n Nacional de M\u00e9xico.<\/p>\n<p>Fecha de Publicaci\u00f3n\u00a0 mi\u00e9rcoles \/ 1\u00a0 \/ septiembre \u00a0\/ 2021 \/ FMF<\/p>\n<p>&nbsp;<\/p>\n","protected":false},"excerpt":{"rendered":"<p>CIUDAD DE M\u00c9XICO.\u2500\u2500 La Direcci\u00f3n General Deportiva informa que debido a la negativa del Club&#8230;<\/p>\n","protected":false},"author":1,"featured_media":121915,"comment_status":"open","ping_status":"open","sticky":false,"template":"","format":"standard","meta":{"_monsterinsights_skip_tracking":false,"_monsterinsights_sitenote_active":false,"_monsterinsights_sitenote_note":"","_monsterinsights_sitenote_category":0,"footnotes":""},"categories":[10],"tags":[6046,53,6081],"class_list":["post"],"yoast_head":" \n<title>Sonora en Equipo. FIFA sanciona al Wolverhampton por no prestar a Ra\u00fal al Tri Deportes<\/title>\n<meta name=\"description\" content=\"CIUDAD DE M\u00c9XICO.\u2500\u2500 La Direcci\u00f3n General Deportiva informa que debido a la negativa del Club Wolverhampton de la Liga Inglesa de permitir que Ra\u00fal Jim\u00e9nez En Sonora en Equipo publicamos toda la informaci\u00f3n de Sonora, M\u00e9xico y el Mundo de manera oportuna y busca que la libertad de expresi\u00f3n sea real. Visita nuestro medio informativo publicado desde Hermosillo, Sonora. %\" \/>\n<meta name=\"robots\" content=\"index, follow, max-snippet:-1, max-image-preview:large, max-video-preview:-1\" \/>\n<link rel=\"canonical\" href=\"https:\/\/www.sonoraenequipo.com.mx\/fifa-sanciona-al-wolverhampton-por-no-prestar-a-raul-al-tri\/\" \/>\n<meta property=\"og:locale\" content=\"es_ES\" \/>\n<meta property=\"og:type\" content=\"article\" \/>\n<meta property=\"og:title\" content=\"Sonora en Equipo. FIFA sanciona al Wolverhampton por no prestar a Ra\u00fal al Tri Deportes\" \/>\n<meta property=\"og:description\" content=\"CIUDAD DE M\u00c9XICO.\u2500\u2500 La Direcci\u00f3n General Deportiva informa que debido a la negativa del Club Wolverhampton de la Liga Inglesa de permitir que Ra\u00fal Jim\u00e9nez En Sonora en Equipo publicamos toda la informaci\u00f3n de Sonora, M\u00e9xico y el Mundo de manera oportuna y busca que la libertad de expresi\u00f3n sea real. Visita nuestro medio informativo publicado desde Hermosillo, Sonora. %\" \/>\n<meta property=\"og:url\" content=\"https:\/\/www.sonoraenequipo.com.mx\/fifa-sanciona-al-wolverhampton-por-no-prestar-a-raul-al-tri\/\" \/>\n<meta property=\"og:site_name\" content=\"Sonora en Equipo.\" \/>\n<meta property=\"article:publisher\" content=\"https:\/\/www.facebook.com\/SonoraEE\/\" \/>\n<meta property=\"article:author\" content=\"https:\/\/www.facebook.com\/SonoraEE\" \/>\n<meta property=\"article:published_time\" content=\"2021-09-02T05:39:31+00:00\" \/>\n<meta property=\"og:image\" content=\"https:\/\/www.sonoraenequipo.com.mx\/storage\/2021\/09\/raul-jimenez.jpg\" \/>\n\t<meta property=\"og:image:width\" content=\"700\" \/>\n\t<meta property=\"og:image:height\" content=\"400\" \/>\n\t<meta property=\"og:image:type\" content=\"image\/jpeg\" \/>\n<meta name=\"author\" content=\"enequipo\" \/>\n<meta name=\"twitter:card\" content=\"summary_large_image\" \/>\n<meta name=\"twitter:creator\" content=\"@sonoraenequipo\" \/>\n<meta name=\"twitter:site\" content=\"@sonoraenequipo\" \/>\n<meta name=\"twitter:label1\" content=\"Escrito por\" \/>\n\t<meta name=\"twitter:data1\" content=\"enequipo\" \/>\n\t<meta name=\"twitter:label2\" content=\"Tiempo de lectura\" \/>\n\t<meta name=\"twitter:data2\" content=\"2 minutos\" \/>\n<script type=\"application\/ld+json\" class=\"yoast-schema-graph\">{\"@context\":\"https:\/\/schema.org\",\"@graph\":[{\"@type\":\"Article\",\"@id\":\"https:\/\/www.sonoraenequipo.com.mx\/fifa-sanciona-al-wolverhampton-por-no-prestar-a-raul-al-tri\/#article\",\"isPartOf\":{\"@id\":\"https:\/\/www.sonoraenequipo.com.mx\/fifa-sanciona-al-wolverhampton-por-no-prestar-a-raul-al-tri\/\"},\"author\":{\"name\":\"enequipo\",\"@id\":\"https:\/\/www.sonoraenequipo.com.mx\/#\/schema\/person\/50102df0fb23a8fa9e8effad8fa81386\"},\"headline\":\"FIFA sanciona al Wolverhampton por no prestar a Ra\u00fal al Tri\",\"datePublished\":\"2021-09-02T05:39:31+00:00\",\"mainEntityOfPage\":{\"@id\":\"https:\/\/www.sonoraenequipo.com.mx\/fifa-sanciona-al-wolverhampton-por-no-prestar-a-raul-al-tri\/\"},\"wordCount\":329,\"commentCount\":0,\"publisher\":{\"@id\":\"https:\/\/www.sonoraenequipo.com.mx\/#organization\"},\"image\":{\"@id\":\"https:\/\/www.sonoraenequipo.com.mx\/fifa-sanciona-al-wolverhampton-por-no-prestar-a-raul-al-tri\/#primaryimage\"},\"thumbnailUrl\":\"https:\/\/www.sonoraenequipo.com.mx\/storage\/2021\/09\/raul-jimenez.jpg\",\"keywords\":[\"catar\",\"mexico\",\"RAUL.WOLVES\"],\"articleSection\":[\"Deportes\"],\"inLanguage\":\"es\",\"potentialAction\":[{\"@type\":\"CommentAction\",\"name\":\"Comment\",\"target\":[\"https:\/\/www.sonoraenequipo.com.mx\/fifa-sanciona-al-wolverhampton-por-no-prestar-a-raul-al-tri\/#respond\"]}]},{\"@type\":\"WebPage\",\"@id\":\"https:\/\/www.sonoraenequipo.com.mx\/fifa-sanciona-al-wolverhampton-por-no-prestar-a-raul-al-tri\/\",\"url\":\"https:\/\/www.sonoraenequipo.com.mx\/fifa-sanciona-al-wolverhampton-por-no-prestar-a-raul-al-tri\/\",\"name\":\"Sonora en Equipo. FIFA sanciona al Wolverhampton por no prestar a Ra\u00fal al Tri Deportes\",\"isPartOf\":{\"@id\":\"https:\/\/www.sonoraenequipo.com.mx\/#website\"},\"primaryImageOfPage\":{\"@id\":\"https:\/\/www.sonoraenequipo.com.mx\/fifa-sanciona-al-wolverhampton-por-no-prestar-a-raul-al-tri\/#primaryimage\"},\"image\":{\"@id\":\"https:\/\/www.sonoraenequipo.com.mx\/fifa-sanciona-al-wolverhampton-por-no-prestar-a-raul-al-tri\/#primaryimage\"},\"thumbnailUrl\":\"https:\/\/www.sonoraenequipo.com.mx\/storage\/2021\/09\/raul-jimenez.jpg\",\"datePublished\":\"2021-09-02T05:39:31+00:00\",\"description\":\"CIUDAD DE M\u00c9XICO.\u2500\u2500 La Direcci\u00f3n General Deportiva informa que debido a la negativa del Club Wolverhampton de la Liga Inglesa de permitir que Ra\u00fal Jim\u00e9nez En Sonora en Equipo publicamos toda la informaci\u00f3n de Sonora, M\u00e9xico y el Mundo de manera oportuna y busca que la libertad de expresi\u00f3n sea real. Visita nuestro medio informativo publicado desde Hermosillo, Sonora. %\",\"breadcrumb\":{\"@id\":\"https:\/\/www.sonoraenequipo.com.mx\/fifa-sanciona-al-wolverhampton-por-no-prestar-a-raul-al-tri\/#breadcrumb\"},\"inLanguage\":\"es\",\"potentialAction\":[{\"@type\":\"ReadAction\",\"target\":[\"https:\/\/www.sonoraenequipo.com.mx\/fifa-sanciona-al-wolverhampton-por-no-prestar-a-raul-al-tri\/\"]}]},{\"@type\":\"ImageObject\",\"inLanguage\":\"es\",\"@id\":\"https:\/\/www.sonoraenequipo.com.mx\/fifa-sanciona-al-wolverhampton-por-no-prestar-a-raul-al-tri\/#primaryimage\",\"url\":\"https:\/\/www.sonoraenequipo.com.mx\/storage\/2021\/09\/raul-jimenez.jpg\",\"contentUrl\":\"https:\/\/www.sonoraenequipo.com.mx\/storage\/2021\/09\/raul-jimenez.jpg\",\"width\":700,\"height\":400,\"caption\":\"Imagen: FMF\"},{\"@type\":\"BreadcrumbList\",\"@id\":\"https:\/\/www.sonoraenequipo.com.mx\/fifa-sanciona-al-wolverhampton-por-no-prestar-a-raul-al-tri\/#breadcrumb\",\"itemListElement\":[{\"@type\":\"ListItem\",\"position\":1,\"name\":\"Portada\",\"item\":\"https:\/\/www.sonoraenequipo.com.mx\/\"},{\"@type\":\"ListItem\",\"position\":2,\"name\":\"FIFA sanciona al Wolverhampton por no prestar a Ra\u00fal al Tri\"}]},{\"@type\":\"WebSite\",\"@id\":\"https:\/\/www.sonoraenequipo.com.mx\/#website\",\"url\":\"https:\/\/www.sonoraenequipo.com.mx\/\",\"name\":\"Sonora en Equipo.\",\"description\":\"Diario en l\u00ednea con Noticias desde Hermosillo, Sonora\",\"publisher\":{\"@id\":\"https:\/\/www.sonoraenequipo.com.mx\/#organization\"},\"potentialAction\":[{\"@type\":\"SearchAction\",\"target\":{\"@type\":\"EntryPoint\",\"urlTemplate\":\"https:\/\/www.sonoraenequipo.com.mx\/?s={search_term_string}\"},\"query-input\":{\"@type\":\"PropertyValueSpecification\",\"valueRequired\":true,\"valueName\":\"search_term_string\"}}],\"inLanguage\":\"es\"},{\"@type\":\"Organization\",\"@id\":\"https:\/\/www.sonoraenequipo.com.mx\/#organization\",\"name\":\"Sonoraenequipo.com.mx\",\"url\":\"https:\/\/www.sonoraenequipo.com.mx\/\",\"logo\":{\"@type\":\"ImageObject\",\"inLanguage\":\"es\",\"@id\":\"https:\/\/www.sonoraenequipo.com.mx\/#\/schema\/logo\/image\/\",\"url\":\"https:\/\/www.sonoraenequipo.com.mx\/storage\/2019\/01\/sonoraenequipo_opt.png\",\"contentUrl\":\"https:\/\/www.sonoraenequipo.com.mx\/storage\/2019\/01\/sonoraenequipo_opt.png\",\"width\":375,\"height\":125,\"caption\":\"Sonoraenequipo.com.mx\"},\"image\":{\"@id\":\"https:\/\/www.sonoraenequipo.com.mx\/#\/schema\/logo\/image\/\"},\"sameAs\":[\"https:\/\/www.facebook.com\/SonoraEE\/\",\"https:\/\/x.com\/sonoraenequipo\",\"https:\/\/www.youtube.com\/channel\/UC338nW-lPEYmJQs4ZABQ1SQ\"]},{\"@type\":\"Person\",\"@id\":\"https:\/\/www.sonoraenequipo.com.mx\/#\/schema\/person\/50102df0fb23a8fa9e8effad8fa81386\",\"name\":\"enequipo\",\"image\":{\"@type\":\"ImageObject\",\"inLanguage\":\"es\",\"@id\":\"https:\/\/www.sonoraenequipo.com.mx\/#\/schema\/person\/image\/\",\"url\":\"https:\/\/secure.gravatar.com\/avatar\/049821681b589dabc0bc20695993ccebb09f5b5d4d790cd9251b97faac7c652b?s=96&d=blank&r=g\",\"contentUrl\":\"https:\/\/secure.gravatar.com\/avatar\/049821681b589dabc0bc20695993ccebb09f5b5d4d790cd9251b97faac7c652b?s=96&d=blank&r=g\",\"caption\":\"enequipo\"},\"sameAs\":[\"https:\/\/www.facebook.com\/SonoraEE\"]}]}<\/script>\n ","yoast_head_json":{"title":"Sonora en Equipo. FIFA sanciona al Wolverhampton por no prestar a Ra\u00fal al Tri Deportes","description":"CIUDAD DE M\u00c9XICO.\u2500\u2500 La Direcci\u00f3n General Deportiva informa que debido a la negativa del Club Wolverhampton de la Liga Inglesa de permitir que Ra\u00fal Jim\u00e9nez En Sonora en Equipo publicamos toda la informaci\u00f3n de Sonora, M\u00e9xico y el Mundo de manera oportuna y busca que la libertad de expresi\u00f3n sea real. Visita nuestro medio informativo publicado desde Hermosillo, Sonora. %","robots":{"index":"index","follow":"follow","max-snippet":"max-snippet:-1","max-image-preview":"max-image-preview:large","max-video-preview":"max-video-preview:-1"},"canonical":"https:\/\/www.sonoraenequipo.com.mx\/fifa-sanciona-al-wolverhampton-por-no-prestar-a-raul-al-tri\/","og_locale":"es_ES","og_type":"article","og_title":"Sonora en Equipo. FIFA sanciona al Wolverhampton por no prestar a Ra\u00fal al Tri Deportes","og_description":"CIUDAD DE M\u00c9XICO.\u2500\u2500 La Direcci\u00f3n General Deportiva informa que debido a la negativa del Club Wolverhampton de la Liga Inglesa de permitir que Ra\u00fal Jim\u00e9nez En Sonora en Equipo publicamos toda la informaci\u00f3n de Sonora, M\u00e9xico y el Mundo de manera oportuna y busca que la libertad de expresi\u00f3n sea real. Visita nuestro medio informativo publicado desde Hermosillo, Sonora. %","og_url":"https:\/\/www.sonoraenequipo.com.mx\/fifa-sanciona-al-wolverhampton-por-no-prestar-a-raul-al-tri\/","og_site_name":"Sonora en Equipo.","article_publisher":"https:\/\/www.facebook.com\/SonoraEE\/","article_author":"https:\/\/www.facebook.com\/SonoraEE","article_published_time":"2021-09-02T05:39:31+00:00","og_image":[{"width":700,"height":400,"url":"https:\/\/www.sonoraenequipo.com.mx\/storage\/2021\/09\/raul-jimenez.jpg","type":"image\/jpeg"}],"author":"enequipo","twitter_card":"summary_large_image","twitter_creator":"@sonoraenequipo","twitter_site":"@sonoraenequipo","twitter_misc":{"Escrito por":"enequipo","Tiempo de lectura":"2 minutos"},"schema":{"@context":"https:\/\/schema.org","@graph":[{"@type":"Article","@id":"https:\/\/www.sonoraenequipo.com.mx\/fifa-sanciona-al-wolverhampton-por-no-prestar-a-raul-al-tri\/#article","isPartOf":{"@id":"https:\/\/www.sonoraenequipo.com.mx\/fifa-sanciona-al-wolverhampton-por-no-prestar-a-raul-al-tri\/"},"author":{"name":"enequipo","@id":"https:\/\/www.sonoraenequipo.com.mx\/#\/schema\/person\/50102df0fb23a8fa9e8effad8fa81386"},"headline":"FIFA sanciona al Wolverhampton por no prestar a Ra\u00fal al Tri","datePublished":"2021-09-02T05:39:31+00:00","mainEntityOfPage":{"@id":"https:\/\/www.sonoraenequipo.com.mx\/fifa-sanciona-al-wolverhampton-por-no-prestar-a-raul-al-tri\/"},"wordCount":329,"commentCount":0,"publisher":{"@id":"https:\/\/www.sonoraenequipo.com.mx\/#organization"},"image":{"@id":"https:\/\/www.sonoraenequipo.com.mx\/fifa-sanciona-al-wolverhampton-por-no-prestar-a-raul-al-tri\/#primaryimage"},"thumbnailUrl":"https:\/\/www.sonoraenequipo.com.mx\/storage\/2021\/09\/raul-jimenez.jpg","keywords":["catar","mexico","RAUL.WOLVES"],"articleSection":["Deportes"],"inLanguage":"es","potentialAction":[{"@type":"CommentAction","name":"Comment","target":["https:\/\/www.sonoraenequipo.com.mx\/fifa-sanciona-al-wolverhampton-por-no-prestar-a-raul-al-tri\/#respond"]}]},{"@type":"WebPage","@id":"https:\/\/www.sonoraenequipo.com.mx\/fifa-sanciona-al-wolverhampton-por-no-prestar-a-raul-al-tri\/","url":"https:\/\/www.sonoraenequipo.com.mx\/fifa-sanciona-al-wolverhampton-por-no-prestar-a-raul-al-tri\/","name":"Sonora en Equipo. FIFA sanciona al Wolverhampton por no prestar a Ra\u00fal al Tri Deportes","isPartOf":{"@id":"https:\/\/www.sonoraenequipo.com.mx\/#website"},"primaryImageOfPage":{"@id":"https:\/\/www.sonoraenequipo.com.mx\/fifa-sanciona-al-wolverhampton-por-no-prestar-a-raul-al-tri\/#primaryimage"},"image":{"@id":"https:\/\/www.sonoraenequipo.com.mx\/fifa-sanciona-al-wolverhampton-por-no-prestar-a-raul-al-tri\/#primaryimage"},"thumbnailUrl":"https:\/\/www.sonoraenequipo.com.mx\/storage\/2021\/09\/raul-jimenez.jpg","datePublished":"2021-09-02T05:39:31+00:00","description":"CIUDAD DE M\u00c9XICO.\u2500\u2500 La Direcci\u00f3n General Deportiva informa que debido a la negativa del Club Wolverhampton de la Liga Inglesa de permitir que Ra\u00fal Jim\u00e9nez En Sonora en Equipo publicamos toda la informaci\u00f3n de Sonora, M\u00e9xico y el Mundo de manera oportuna y busca que la libertad de expresi\u00f3n sea real. Visita nuestro medio informativo publicado desde Hermosillo, Sonora. %","breadcrumb":{"@id":"https:\/\/www.sonoraenequipo.com.mx\/fifa-sanciona-al-wolverhampton-por-no-prestar-a-raul-al-tri\/#breadcrumb"},"inLanguage":"es","potentialAction":[{"@type":"ReadAction","target":["https:\/\/www.sonoraenequipo.com.mx\/fifa-sanciona-al-wolverhampton-por-no-prestar-a-raul-al-tri\/"]}]},{"@type":"ImageObject","inLanguage":"es","@id":"https:\/\/www.sonoraenequipo.com.mx\/fifa-sanciona-al-wolverhampton-por-no-prestar-a-raul-al-tri\/#primaryimage","url":"https:\/\/www.sonoraenequipo.com.mx\/storage\/2021\/09\/raul-jimenez.jpg","contentUrl":"https:\/\/www.sonoraenequipo.com.mx\/storage\/2021\/09\/raul-jimenez.jpg","width":700,"height":400,"caption":"Imagen: FMF"},{"@type":"BreadcrumbList","@id":"https:\/\/www.sonoraenequipo.com.mx\/fifa-sanciona-al-wolverhampton-por-no-prestar-a-raul-al-tri\/#breadcrumb","itemListElement":[{"@type":"ListItem","position":1,"name":"Portada","item":"https:\/\/www.sonoraenequipo.com.mx\/"},{"@type":"ListItem","position":2,"name":"FIFA sanciona al Wolverhampton por no prestar a Ra\u00fal al Tri"}]},{"@type":"WebSite","@id":"https:\/\/www.sonoraenequipo.com.mx\/#website","url":"https:\/\/www.sonoraenequipo.com.mx\/","name":"Sonora en Equipo.","description":"Diario en l\u00ednea con Noticias desde Hermosillo, Sonora","publisher":{"@id":"https:\/\/www.sonoraenequipo.com.mx\/#organization"},"potentialAction":[{"@type":"SearchAction","target":{"@type":"EntryPoint","urlTemplate":"https:\/\/www.sonoraenequipo.com.mx\/?s={search_term_string}"},"query-input":{"@type":"PropertyValueSpecification","valueRequired":true,"valueName":"search_term_string"}}],"inLanguage":"es"},{"@type":"Organization","@id":"https:\/\/www.sonoraenequipo.com.mx\/#organization","name":"Sonoraenequipo.com.mx","url":"https:\/\/www.sonoraenequipo.com.mx\/","logo":{"@type":"ImageObject","inLanguage":"es","@id":"https:\/\/www.sonoraenequipo.com.mx\/#\/schema\/logo\/image\/","url":"https:\/\/www.sonoraenequipo.com.mx\/storage\/2019\/01\/sonoraenequipo_opt.png","contentUrl":"https:\/\/www.sonoraenequipo.com.mx\/storage\/2019\/01\/sonoraenequipo_opt.png","width":375,"height":125,"caption":"Sonoraenequipo.com.mx"},"image":{"@id":"https:\/\/www.sonoraenequipo.com.mx\/#\/schema\/logo\/image\/"},"sameAs":["https:\/\/www.facebook.com\/SonoraEE\/","https:\/\/x.com\/sonoraenequipo","https:\/\/www.youtube.com\/channel\/UC338nW-lPEYmJQs4ZABQ1SQ"]},{"@type":"Person","@id":"https:\/\/www.sonoraenequipo.com.mx\/#\/schema\/person\/50102df0fb23a8fa9e8effad8fa81386","name":"enequipo","image":{"@type":"ImageObject","inLanguage":"es","@id":"https:\/\/www.sonoraenequipo.com.mx\/#\/schema\/person\/image\/","url":"https:\/\/secure.gravatar.com\/avatar\/049821681b589dabc0bc20695993ccebb09f5b5d4d790cd9251b97faac7c652b?s=96&d=blank&r=g","contentUrl":"https:\/\/secure.gravatar.com\/avatar\/049821681b589dabc0bc20695993ccebb09f5b5d4d790cd9251b97faac7c652b?s=96&d=blank&r=g","caption":"enequipo"},"sameAs":["https:\/\/www.facebook.com\/SonoraEE"]}]}},"jetpack_featured_media_url":"https:\/\/www.sonoraenequipo.com.mx\/storage\/2021\/09\/raul-jimenez.jpg","_links":{"self":[{"href":"https:\/\/www.sonoraenequipo.com.mx\/api\/wp\/v2\/posts\/121914","targetHints":{"allow":["GET"]}}],"collection":[{"href":"https:\/\/www.sonoraenequipo.com.mx\/api\/wp\/v2\/posts"}],"about":[{"href":"https:\/\/www.sonoraenequipo.com.mx\/api\/wp\/v2\/types\/post"}],"author":[{"embeddable":true,"href":"https:\/\/www.sonoraenequipo.com.mx\/api\/wp\/v2\/users\/1"}],"replies":[{"embeddable":true,"href":"https:\/\/www.sonoraenequipo.com.mx\/api\/wp\/v2\/comments?post=121914"}],"version-history":[{"count":1,"href":"https:\/\/www.sonoraenequipo.com.mx\/api\/wp\/v2\/posts\/121914\/revisions"}],"predecessor-version":[{"id":121916,"href":"https:\/\/www.sonoraenequipo.com.mx\/api\/wp\/v2\/posts\/121914\/revisions\/121916"}],"wp:featuredmedia":[{"embeddable":true,"href":"https:\/\/www.sonoraenequipo.com.mx\/api\/wp\/v2\/media\/121915"}],"wp:attachment":[{"href":"https:\/\/www.sonoraenequipo.com.mx\/api\/wp\/v2\/media?parent=121914"}],"wp:term":[{"taxonomy":"category","embeddable":true,"href":"https:\/\/www.sonoraenequipo.com.mx\/api\/wp\/v2\/categories?post=121914"},{"taxonomy":"post_tag","embeddable":true,"href":"https:\/\/www.sonoraenequipo.com.mx\/api\/wp\/v2\/tags?post=121914"}],"curies":[{"name":"wp","href":"https:\/\/api.w.org\/{rel}","templated":true}]}}