{"id":121918,"date":"2021-09-01T23:48:21","date_gmt":"2021-09-02T06:48:21","guid":{"rendered":"https:\/\/www.sonoraenequipo.com.mx\/?p=121918"},"modified":"2021-09-02T10:31:36","modified_gmt":"2021-09-02T17:31:36","slug":"un-exito-el-primer-coloquio-internacional-de-datil-medjool-organizado-por-la-ues","status":"publish","type":"post","link":"https:\/\/www.sonoraenequipo.com.mx\/un-exito-el-primer-coloquio-internacional-de-datil-medjool-organizado-por-la-ues\/","title":{"rendered":"Un \u00e9xito el Primer Coloquio Internacional de D\u00e1til Medjool Organizado por la UES"},"content":{"rendered":"<p>SAN LUIS R\u00cdO COLORADO, SONORA. MX. \u2014 Como instituci\u00f3n l\u00edder en la investigaci\u00f3n de la Palma Datilera en M\u00e9xico, la Universidad Estatal de Sonora (UES), a trav\u00e9s de su Cuerpo Acad\u00e9mico de Biotecnolog\u00eda y Desarrollo Sustentable, organiz\u00f3 el Primer Coloquio Internacional de D\u00e1til Medjool con la participaci\u00f3n de expertos internacionales de Israel, Jordania, Marruecos, Estados Unidos y M\u00e9xico.<\/p>\n<p>&nbsp;<\/p>\n<p> <\/p>\n<p>&nbsp;<\/p>\n<p>Pedro Ortega Romero, rector de la UES, destac\u00f3 que solo en los \u00faltimos a\u00f1os la producci\u00f3n de d\u00e1til en M\u00e9xico ha superado las 19 mil 800 toneladas, por lo que M\u00e9xico y la regi\u00f3n del valle de San Luis R\u00edo Colorado y Mexicali se han convertido en uno de los principales productores de D\u00e1til Medjool en el mundo, solo detr\u00e1s de pa\u00edses con gran tradici\u00f3n datilera como Israel, Jordania y Palestina y Estados Unidos.<\/p>\n<p>&nbsp;<\/p>\n<p><em>\u201cEstamos muy orgullosos del esfuerzo que han hecho investigadores de la UES al organizar este coloquio internacional con el fin de unir las voces de los principales actores de la industria datilera, y desde la investigaci\u00f3n apoyar y vincular a la actividad productiva de la regi\u00f3n\u201d,<\/em> expres\u00f3 Ortega Romero.<\/p>\n<p>&nbsp;<\/p>\n<p>El evento internacional re\u00fane a expertos de Israel, Jordania, Marruecos, Estados Unidos y M\u00e9xico, como Yaniv Cohen y Baruch Glasner de Hadiklaim Date Growers Cooperative; Yuval Cohen del Instituto de Ciencias de las Plantas del Centro de Investigaci\u00f3n Volcani con sede en Israel, Anwar Haddad, presidente de la Asociaci\u00f3n Datilera Jordana y Mohammed Aziz Elhoumaizi de la Universidad Premier Mohammed de Marruecos.<\/p>\n<p>&nbsp;<\/p>\n<p>Entre los expositores norteamericanos participaron Robert Krueger del Departamento de Agricultura de Estados Unidos (USDA); Albert Keck II, presidente de la Comisi\u00f3n Datilera de California y de Hadley Date Gardens y; Juan Guzm\u00e1n, vicepresidente senior de operaciones de Datepac LLC.<\/p>\n<p>&nbsp;<\/p>\n<p>Por parte de la UES, participaron los profesores e investigadores Ricardo Salom\u00f3n Torres y No\u00e9 Ortiz Uribe. As\u00ed como los productores mexicanos Ramiro Quir\u00f3z, presidente del Sistema Producto D\u00e1til de Baja California y director de la empresa Palmeras RQ; Juanita Mart\u00ednez, secretaria del Sistema Producto D\u00e1til de Baja California y directora de Vieyra Dates; y Melissa Bustamante Vizcarra, vicepresidente senior de operaciones de Camel Xecue y Natividad Jaime, presidente de Date Kings Company.<\/p>\n<p>&nbsp;<\/p>\n<p>El programa de conferencias se desarroll\u00f3 en modalidad en l\u00ednea, los d\u00edas 30 y 31 de agosto, a trav\u00e9s del Facebook de la Universidad Estatal de Sonora, y su registro de asistencia sum\u00f3 m\u00e1s de 500 inscritos, entre investigadores, productores, docentes y estudiantes interesados en la tem\u00e1tica. Todas las conferencias se grabaron y est\u00e1n disponibles para el p\u00fablico interesado en https:\/\/www.facebook.com\/ues.mx\/<\/p>\n<p>&nbsp;<\/p>\n<p>&nbsp;<\/p>\n<p>(Publicada el 01\/09\/2021)<\/p>\n","protected":false},"excerpt":{"rendered":"<p>SAN LUIS R\u00cdO COLORADO, SONORA. MX. \u2014 Como instituci\u00f3n l\u00edder en la investigaci\u00f3n de la&#8230;<\/p>\n","protected":false},"author":1,"featured_media":121919,"comment_status":"open","ping_status":"open","sticky":false,"template":"","format":"standard","meta":{"_monsterinsights_skip_tracking":false,"_monsterinsights_sitenote_active":false,"_monsterinsights_sitenote_note":"","_monsterinsights_sitenote_category":0,"footnotes":""},"categories":[22],"tags":[],"class_list":["post"],"yoast_head":" \n<title>Sonora en Equipo. Un \u00e9xito el Primer Coloquio Internacional de D\u00e1til Medjool Organizado por la UES Sonora<\/title>\n<meta name=\"description\" content=\"SAN LUIS R\u00cdO COLORADO, SONORA. MX. \u2014 Como instituci\u00f3n l\u00edder en la investigaci\u00f3n de la Palma Datilera en M\u00e9xico, la Universidad Estatal de Sonora (UES), a En Sonora en Equipo publicamos toda la informaci\u00f3n de Sonora, M\u00e9xico y el Mundo de manera oportuna y busca que la libertad de expresi\u00f3n sea real. Visita nuestro medio informativo publicado desde Hermosillo, Sonora. %\" \/>\n<meta name=\"robots\" content=\"index, follow, max-snippet:-1, max-image-preview:large, max-video-preview:-1\" \/>\n<link rel=\"canonical\" href=\"https:\/\/www.sonoraenequipo.com.mx\/un-exito-el-primer-coloquio-internacional-de-datil-medjool-organizado-por-la-ues\/\" \/>\n<meta property=\"og:locale\" content=\"es_ES\" \/>\n<meta property=\"og:type\" content=\"article\" \/>\n<meta property=\"og:title\" content=\"Sonora en Equipo. Un \u00e9xito el Primer Coloquio Internacional de D\u00e1til Medjool Organizado por la UES Sonora\" \/>\n<meta property=\"og:description\" content=\"SAN LUIS R\u00cdO COLORADO, SONORA. MX. \u2014 Como instituci\u00f3n l\u00edder en la investigaci\u00f3n de la Palma Datilera en M\u00e9xico, la Universidad Estatal de Sonora (UES), a En Sonora en Equipo publicamos toda la informaci\u00f3n de Sonora, M\u00e9xico y el Mundo de manera oportuna y busca que la libertad de expresi\u00f3n sea real. Visita nuestro medio informativo publicado desde Hermosillo, Sonora. %\" \/>\n<meta property=\"og:url\" content=\"https:\/\/www.sonoraenequipo.com.mx\/un-exito-el-primer-coloquio-internacional-de-datil-medjool-organizado-por-la-ues\/\" \/>\n<meta property=\"og:site_name\" content=\"Sonora en Equipo.\" \/>\n<meta property=\"article:publisher\" content=\"https:\/\/www.facebook.com\/SonoraEE\/\" \/>\n<meta property=\"article:author\" content=\"https:\/\/www.facebook.com\/SonoraEE\" \/>\n<meta property=\"article:published_time\" content=\"2021-09-02T06:48:21+00:00\" \/>\n<meta property=\"article:modified_time\" content=\"2021-09-02T17:31:36+00:00\" \/>\n<meta property=\"og:image\" content=\"https:\/\/www.sonoraenequipo.com.mx\/storage\/2021\/09\/Ues-datil_opt.jpg\" \/>\n\t<meta property=\"og:image:width\" content=\"700\" \/>\n\t<meta property=\"og:image:height\" content=\"400\" \/>\n\t<meta property=\"og:image:type\" content=\"image\/jpeg\" \/>\n<meta name=\"author\" content=\"enequipo\" \/>\n<meta name=\"twitter:card\" content=\"summary_large_image\" \/>\n<meta name=\"twitter:creator\" content=\"@sonoraenequipo\" \/>\n<meta name=\"twitter:site\" content=\"@sonoraenequipo\" \/>\n<meta name=\"twitter:label1\" content=\"Escrito por\" \/>\n\t<meta name=\"twitter:data1\" content=\"enequipo\" \/>\n\t<meta name=\"twitter:label2\" content=\"Tiempo de lectura\" \/>\n\t<meta name=\"twitter:data2\" content=\"2 minutos\" \/>\n<script type=\"application\/ld+json\" class=\"yoast-schema-graph\">{\"@context\":\"https:\/\/schema.org\",\"@graph\":[{\"@type\":\"Article\",\"@id\":\"https:\/\/www.sonoraenequipo.com.mx\/un-exito-el-primer-coloquio-internacional-de-datil-medjool-organizado-por-la-ues\/#article\",\"isPartOf\":{\"@id\":\"https:\/\/www.sonoraenequipo.com.mx\/un-exito-el-primer-coloquio-internacional-de-datil-medjool-organizado-por-la-ues\/\"},\"author\":{\"name\":\"enequipo\",\"@id\":\"https:\/\/www.sonoraenequipo.com.mx\/#\/schema\/person\/50102df0fb23a8fa9e8effad8fa81386\"},\"headline\":\"Un \u00e9xito el Primer Coloquio Internacional de D\u00e1til Medjool Organizado por la UES\",\"datePublished\":\"2021-09-02T06:48:21+00:00\",\"dateModified\":\"2021-09-02T17:31:36+00:00\",\"mainEntityOfPage\":{\"@id\":\"https:\/\/www.sonoraenequipo.com.mx\/un-exito-el-primer-coloquio-internacional-de-datil-medjool-organizado-por-la-ues\/\"},\"wordCount\":483,\"commentCount\":0,\"publisher\":{\"@id\":\"https:\/\/www.sonoraenequipo.com.mx\/#organization\"},\"image\":{\"@id\":\"https:\/\/www.sonoraenequipo.com.mx\/un-exito-el-primer-coloquio-internacional-de-datil-medjool-organizado-por-la-ues\/#primaryimage\"},\"thumbnailUrl\":\"https:\/\/www.sonoraenequipo.com.mx\/storage\/2021\/09\/Ues-datil_opt.jpg\",\"articleSection\":[\"Sonora\"],\"inLanguage\":\"es\",\"potentialAction\":[{\"@type\":\"CommentAction\",\"name\":\"Comment\",\"target\":[\"https:\/\/www.sonoraenequipo.com.mx\/un-exito-el-primer-coloquio-internacional-de-datil-medjool-organizado-por-la-ues\/#respond\"]}]},{\"@type\":\"WebPage\",\"@id\":\"https:\/\/www.sonoraenequipo.com.mx\/un-exito-el-primer-coloquio-internacional-de-datil-medjool-organizado-por-la-ues\/\",\"url\":\"https:\/\/www.sonoraenequipo.com.mx\/un-exito-el-primer-coloquio-internacional-de-datil-medjool-organizado-por-la-ues\/\",\"name\":\"Sonora en Equipo. Un \u00e9xito el Primer Coloquio Internacional de D\u00e1til Medjool Organizado por la UES Sonora\",\"isPartOf\":{\"@id\":\"https:\/\/www.sonoraenequipo.com.mx\/#website\"},\"primaryImageOfPage\":{\"@id\":\"https:\/\/www.sonoraenequipo.com.mx\/un-exito-el-primer-coloquio-internacional-de-datil-medjool-organizado-por-la-ues\/#primaryimage\"},\"image\":{\"@id\":\"https:\/\/www.sonoraenequipo.com.mx\/un-exito-el-primer-coloquio-internacional-de-datil-medjool-organizado-por-la-ues\/#primaryimage\"},\"thumbnailUrl\":\"https:\/\/www.sonoraenequipo.com.mx\/storage\/2021\/09\/Ues-datil_opt.jpg\",\"datePublished\":\"2021-09-02T06:48:21+00:00\",\"dateModified\":\"2021-09-02T17:31:36+00:00\",\"description\":\"SAN LUIS R\u00cdO COLORADO, SONORA. MX. \u2014 Como instituci\u00f3n l\u00edder en la investigaci\u00f3n de la Palma Datilera en M\u00e9xico, la Universidad Estatal de Sonora (UES), a En Sonora en Equipo publicamos toda la informaci\u00f3n de Sonora, M\u00e9xico y el Mundo de manera oportuna y busca que la libertad de expresi\u00f3n sea real. Visita nuestro medio informativo publicado desde Hermosillo, Sonora. %\",\"breadcrumb\":{\"@id\":\"https:\/\/www.sonoraenequipo.com.mx\/un-exito-el-primer-coloquio-internacional-de-datil-medjool-organizado-por-la-ues\/#breadcrumb\"},\"inLanguage\":\"es\",\"potentialAction\":[{\"@type\":\"ReadAction\",\"target\":[\"https:\/\/www.sonoraenequipo.com.mx\/un-exito-el-primer-coloquio-internacional-de-datil-medjool-organizado-por-la-ues\/\"]}]},{\"@type\":\"ImageObject\",\"inLanguage\":\"es\",\"@id\":\"https:\/\/www.sonoraenequipo.com.mx\/un-exito-el-primer-coloquio-internacional-de-datil-medjool-organizado-por-la-ues\/#primaryimage\",\"url\":\"https:\/\/www.sonoraenequipo.com.mx\/storage\/2021\/09\/Ues-datil_opt.jpg\",\"contentUrl\":\"https:\/\/www.sonoraenequipo.com.mx\/storage\/2021\/09\/Ues-datil_opt.jpg\",\"width\":700,\"height\":400},{\"@type\":\"BreadcrumbList\",\"@id\":\"https:\/\/www.sonoraenequipo.com.mx\/un-exito-el-primer-coloquio-internacional-de-datil-medjool-organizado-por-la-ues\/#breadcrumb\",\"itemListElement\":[{\"@type\":\"ListItem\",\"position\":1,\"name\":\"Portada\",\"item\":\"https:\/\/www.sonoraenequipo.com.mx\/\"},{\"@type\":\"ListItem\",\"position\":2,\"name\":\"Un \u00e9xito el Primer Coloquio Internacional de D\u00e1til Medjool Organizado por la UES\"}]},{\"@type\":\"WebSite\",\"@id\":\"https:\/\/www.sonoraenequipo.com.mx\/#website\",\"url\":\"https:\/\/www.sonoraenequipo.com.mx\/\",\"name\":\"Sonora en Equipo.\",\"description\":\"Diario en l\u00ednea con Noticias desde Hermosillo, Sonora\",\"publisher\":{\"@id\":\"https:\/\/www.sonoraenequipo.com.mx\/#organization\"},\"potentialAction\":[{\"@type\":\"SearchAction\",\"target\":{\"@type\":\"EntryPoint\",\"urlTemplate\":\"https:\/\/www.sonoraenequipo.com.mx\/?s={search_term_string}\"},\"query-input\":{\"@type\":\"PropertyValueSpecification\",\"valueRequired\":true,\"valueName\":\"search_term_string\"}}],\"inLanguage\":\"es\"},{\"@type\":\"Organization\",\"@id\":\"https:\/\/www.sonoraenequipo.com.mx\/#organization\",\"name\":\"Sonoraenequipo.com.mx\",\"url\":\"https:\/\/www.sonoraenequipo.com.mx\/\",\"logo\":{\"@type\":\"ImageObject\",\"inLanguage\":\"es\",\"@id\":\"https:\/\/www.sonoraenequipo.com.mx\/#\/schema\/logo\/image\/\",\"url\":\"https:\/\/www.sonoraenequipo.com.mx\/storage\/2019\/01\/sonoraenequipo_opt.png\",\"contentUrl\":\"https:\/\/www.sonoraenequipo.com.mx\/storage\/2019\/01\/sonoraenequipo_opt.png\",\"width\":375,\"height\":125,\"caption\":\"Sonoraenequipo.com.mx\"},\"image\":{\"@id\":\"https:\/\/www.sonoraenequipo.com.mx\/#\/schema\/logo\/image\/\"},\"sameAs\":[\"https:\/\/www.facebook.com\/SonoraEE\/\",\"https:\/\/x.com\/sonoraenequipo\",\"https:\/\/www.youtube.com\/channel\/UC338nW-lPEYmJQs4ZABQ1SQ\"]},{\"@type\":\"Person\",\"@id\":\"https:\/\/www.sonoraenequipo.com.mx\/#\/schema\/person\/50102df0fb23a8fa9e8effad8fa81386\",\"name\":\"enequipo\",\"image\":{\"@type\":\"ImageObject\",\"inLanguage\":\"es\",\"@id\":\"https:\/\/www.sonoraenequipo.com.mx\/#\/schema\/person\/image\/\",\"url\":\"https:\/\/secure.gravatar.com\/avatar\/049821681b589dabc0bc20695993ccebb09f5b5d4d790cd9251b97faac7c652b?s=96&d=blank&r=g\",\"contentUrl\":\"https:\/\/secure.gravatar.com\/avatar\/049821681b589dabc0bc20695993ccebb09f5b5d4d790cd9251b97faac7c652b?s=96&d=blank&r=g\",\"caption\":\"enequipo\"},\"sameAs\":[\"https:\/\/www.facebook.com\/SonoraEE\"]}]}<\/script>\n ","yoast_head_json":{"title":"Sonora en Equipo. Un \u00e9xito el Primer Coloquio Internacional de D\u00e1til Medjool Organizado por la UES Sonora","description":"SAN LUIS R\u00cdO COLORADO, SONORA. MX. \u2014 Como instituci\u00f3n l\u00edder en la investigaci\u00f3n de la Palma Datilera en M\u00e9xico, la Universidad Estatal de Sonora (UES), a En Sonora en Equipo publicamos toda la informaci\u00f3n de Sonora, M\u00e9xico y el Mundo de manera oportuna y busca que la libertad de expresi\u00f3n sea real. Visita nuestro medio informativo publicado desde Hermosillo, Sonora. %","robots":{"index":"index","follow":"follow","max-snippet":"max-snippet:-1","max-image-preview":"max-image-preview:large","max-video-preview":"max-video-preview:-1"},"canonical":"https:\/\/www.sonoraenequipo.com.mx\/un-exito-el-primer-coloquio-internacional-de-datil-medjool-organizado-por-la-ues\/","og_locale":"es_ES","og_type":"article","og_title":"Sonora en Equipo. Un \u00e9xito el Primer Coloquio Internacional de D\u00e1til Medjool Organizado por la UES Sonora","og_description":"SAN LUIS R\u00cdO COLORADO, SONORA. MX. \u2014 Como instituci\u00f3n l\u00edder en la investigaci\u00f3n de la Palma Datilera en M\u00e9xico, la Universidad Estatal de Sonora (UES), a En Sonora en Equipo publicamos toda la informaci\u00f3n de Sonora, M\u00e9xico y el Mundo de manera oportuna y busca que la libertad de expresi\u00f3n sea real. Visita nuestro medio informativo publicado desde Hermosillo, Sonora. %","og_url":"https:\/\/www.sonoraenequipo.com.mx\/un-exito-el-primer-coloquio-internacional-de-datil-medjool-organizado-por-la-ues\/","og_site_name":"Sonora en Equipo.","article_publisher":"https:\/\/www.facebook.com\/SonoraEE\/","article_author":"https:\/\/www.facebook.com\/SonoraEE","article_published_time":"2021-09-02T06:48:21+00:00","article_modified_time":"2021-09-02T17:31:36+00:00","og_image":[{"width":700,"height":400,"url":"https:\/\/www.sonoraenequipo.com.mx\/storage\/2021\/09\/Ues-datil_opt.jpg","type":"image\/jpeg"}],"author":"enequipo","twitter_card":"summary_large_image","twitter_creator":"@sonoraenequipo","twitter_site":"@sonoraenequipo","twitter_misc":{"Escrito por":"enequipo","Tiempo de lectura":"2 minutos"},"schema":{"@context":"https:\/\/schema.org","@graph":[{"@type":"Article","@id":"https:\/\/www.sonoraenequipo.com.mx\/un-exito-el-primer-coloquio-internacional-de-datil-medjool-organizado-por-la-ues\/#article","isPartOf":{"@id":"https:\/\/www.sonoraenequipo.com.mx\/un-exito-el-primer-coloquio-internacional-de-datil-medjool-organizado-por-la-ues\/"},"author":{"name":"enequipo","@id":"https:\/\/www.sonoraenequipo.com.mx\/#\/schema\/person\/50102df0fb23a8fa9e8effad8fa81386"},"headline":"Un \u00e9xito el Primer Coloquio Internacional de D\u00e1til Medjool Organizado por la UES","datePublished":"2021-09-02T06:48:21+00:00","dateModified":"2021-09-02T17:31:36+00:00","mainEntityOfPage":{"@id":"https:\/\/www.sonoraenequipo.com.mx\/un-exito-el-primer-coloquio-internacional-de-datil-medjool-organizado-por-la-ues\/"},"wordCount":483,"commentCount":0,"publisher":{"@id":"https:\/\/www.sonoraenequipo.com.mx\/#organization"},"image":{"@id":"https:\/\/www.sonoraenequipo.com.mx\/un-exito-el-primer-coloquio-internacional-de-datil-medjool-organizado-por-la-ues\/#primaryimage"},"thumbnailUrl":"https:\/\/www.sonoraenequipo.com.mx\/storage\/2021\/09\/Ues-datil_opt.jpg","articleSection":["Sonora"],"inLanguage":"es","potentialAction":[{"@type":"CommentAction","name":"Comment","target":["https:\/\/www.sonoraenequipo.com.mx\/un-exito-el-primer-coloquio-internacional-de-datil-medjool-organizado-por-la-ues\/#respond"]}]},{"@type":"WebPage","@id":"https:\/\/www.sonoraenequipo.com.mx\/un-exito-el-primer-coloquio-internacional-de-datil-medjool-organizado-por-la-ues\/","url":"https:\/\/www.sonoraenequipo.com.mx\/un-exito-el-primer-coloquio-internacional-de-datil-medjool-organizado-por-la-ues\/","name":"Sonora en Equipo. Un \u00e9xito el Primer Coloquio Internacional de D\u00e1til Medjool Organizado por la UES Sonora","isPartOf":{"@id":"https:\/\/www.sonoraenequipo.com.mx\/#website"},"primaryImageOfPage":{"@id":"https:\/\/www.sonoraenequipo.com.mx\/un-exito-el-primer-coloquio-internacional-de-datil-medjool-organizado-por-la-ues\/#primaryimage"},"image":{"@id":"https:\/\/www.sonoraenequipo.com.mx\/un-exito-el-primer-coloquio-internacional-de-datil-medjool-organizado-por-la-ues\/#primaryimage"},"thumbnailUrl":"https:\/\/www.sonoraenequipo.com.mx\/storage\/2021\/09\/Ues-datil_opt.jpg","datePublished":"2021-09-02T06:48:21+00:00","dateModified":"2021-09-02T17:31:36+00:00","description":"SAN LUIS R\u00cdO COLORADO, SONORA. MX. \u2014 Como instituci\u00f3n l\u00edder en la investigaci\u00f3n de la Palma Datilera en M\u00e9xico, la Universidad Estatal de Sonora (UES), a En Sonora en Equipo publicamos toda la informaci\u00f3n de Sonora, M\u00e9xico y el Mundo de manera oportuna y busca que la libertad de expresi\u00f3n sea real. Visita nuestro medio informativo publicado desde Hermosillo, Sonora. %","breadcrumb":{"@id":"https:\/\/www.sonoraenequipo.com.mx\/un-exito-el-primer-coloquio-internacional-de-datil-medjool-organizado-por-la-ues\/#breadcrumb"},"inLanguage":"es","potentialAction":[{"@type":"ReadAction","target":["https:\/\/www.sonoraenequipo.com.mx\/un-exito-el-primer-coloquio-internacional-de-datil-medjool-organizado-por-la-ues\/"]}]},{"@type":"ImageObject","inLanguage":"es","@id":"https:\/\/www.sonoraenequipo.com.mx\/un-exito-el-primer-coloquio-internacional-de-datil-medjool-organizado-por-la-ues\/#primaryimage","url":"https:\/\/www.sonoraenequipo.com.mx\/storage\/2021\/09\/Ues-datil_opt.jpg","contentUrl":"https:\/\/www.sonoraenequipo.com.mx\/storage\/2021\/09\/Ues-datil_opt.jpg","width":700,"height":400},{"@type":"BreadcrumbList","@id":"https:\/\/www.sonoraenequipo.com.mx\/un-exito-el-primer-coloquio-internacional-de-datil-medjool-organizado-por-la-ues\/#breadcrumb","itemListElement":[{"@type":"ListItem","position":1,"name":"Portada","item":"https:\/\/www.sonoraenequipo.com.mx\/"},{"@type":"ListItem","position":2,"name":"Un \u00e9xito el Primer Coloquio Internacional de D\u00e1til Medjool Organizado por la UES"}]},{"@type":"WebSite","@id":"https:\/\/www.sonoraenequipo.com.mx\/#website","url":"https:\/\/www.sonoraenequipo.com.mx\/","name":"Sonora en Equipo.","description":"Diario en l\u00ednea con Noticias desde Hermosillo, Sonora","publisher":{"@id":"https:\/\/www.sonoraenequipo.com.mx\/#organization"},"potentialAction":[{"@type":"SearchAction","target":{"@type":"EntryPoint","urlTemplate":"https:\/\/www.sonoraenequipo.com.mx\/?s={search_term_string}"},"query-input":{"@type":"PropertyValueSpecification","valueRequired":true,"valueName":"search_term_string"}}],"inLanguage":"es"},{"@type":"Organization","@id":"https:\/\/www.sonoraenequipo.com.mx\/#organization","name":"Sonoraenequipo.com.mx","url":"https:\/\/www.sonoraenequipo.com.mx\/","logo":{"@type":"ImageObject","inLanguage":"es","@id":"https:\/\/www.sonoraenequipo.com.mx\/#\/schema\/logo\/image\/","url":"https:\/\/www.sonoraenequipo.com.mx\/storage\/2019\/01\/sonoraenequipo_opt.png","contentUrl":"https:\/\/www.sonoraenequipo.com.mx\/storage\/2019\/01\/sonoraenequipo_opt.png","width":375,"height":125,"caption":"Sonoraenequipo.com.mx"},"image":{"@id":"https:\/\/www.sonoraenequipo.com.mx\/#\/schema\/logo\/image\/"},"sameAs":["https:\/\/www.facebook.com\/SonoraEE\/","https:\/\/x.com\/sonoraenequipo","https:\/\/www.youtube.com\/channel\/UC338nW-lPEYmJQs4ZABQ1SQ"]},{"@type":"Person","@id":"https:\/\/www.sonoraenequipo.com.mx\/#\/schema\/person\/50102df0fb23a8fa9e8effad8fa81386","name":"enequipo","image":{"@type":"ImageObject","inLanguage":"es","@id":"https:\/\/www.sonoraenequipo.com.mx\/#\/schema\/person\/image\/","url":"https:\/\/secure.gravatar.com\/avatar\/049821681b589dabc0bc20695993ccebb09f5b5d4d790cd9251b97faac7c652b?s=96&d=blank&r=g","contentUrl":"https:\/\/secure.gravatar.com\/avatar\/049821681b589dabc0bc20695993ccebb09f5b5d4d790cd9251b97faac7c652b?s=96&d=blank&r=g","caption":"enequipo"},"sameAs":["https:\/\/www.facebook.com\/SonoraEE"]}]}},"jetpack_featured_media_url":"https:\/\/www.sonoraenequipo.com.mx\/storage\/2021\/09\/Ues-datil_opt.jpg","_links":{"self":[{"href":"https:\/\/www.sonoraenequipo.com.mx\/api\/wp\/v2\/posts\/121918","targetHints":{"allow":["GET"]}}],"collection":[{"href":"https:\/\/www.sonoraenequipo.com.mx\/api\/wp\/v2\/posts"}],"about":[{"href":"https:\/\/www.sonoraenequipo.com.mx\/api\/wp\/v2\/types\/post"}],"author":[{"embeddable":true,"href":"https:\/\/www.sonoraenequipo.com.mx\/api\/wp\/v2\/users\/1"}],"replies":[{"embeddable":true,"href":"https:\/\/www.sonoraenequipo.com.mx\/api\/wp\/v2\/comments?post=121918"}],"version-history":[{"count":1,"href":"https:\/\/www.sonoraenequipo.com.mx\/api\/wp\/v2\/posts\/121918\/revisions"}],"predecessor-version":[{"id":121922,"href":"https:\/\/www.sonoraenequipo.com.mx\/api\/wp\/v2\/posts\/121918\/revisions\/121922"}],"wp:featuredmedia":[{"embeddable":true,"href":"https:\/\/www.sonoraenequipo.com.mx\/api\/wp\/v2\/media\/121919"}],"wp:attachment":[{"href":"https:\/\/www.sonoraenequipo.com.mx\/api\/wp\/v2\/media?parent=121918"}],"wp:term":[{"taxonomy":"category","embeddable":true,"href":"https:\/\/www.sonoraenequipo.com.mx\/api\/wp\/v2\/categories?post=121918"},{"taxonomy":"post_tag","embeddable":true,"href":"https:\/\/www.sonoraenequipo.com.mx\/api\/wp\/v2\/tags?post=121918"}],"curies":[{"name":"wp","href":"https:\/\/api.w.org\/{rel}","templated":true}]}}