{"id":121924,"date":"2021-09-02T07:09:45","date_gmt":"2021-09-02T14:09:45","guid":{"rendered":"https:\/\/www.sonoraenequipo.com.mx\/?p=121924"},"modified":"2021-09-02T11:42:54","modified_gmt":"2021-09-02T18:42:54","slug":"confirma-secretaria-de-salud-270-nuevos-casos-y-18-defunciones-mas-por-covid-19-en-sonora","status":"publish","type":"post","link":"https:\/\/www.sonoraenequipo.com.mx\/confirma-secretaria-de-salud-270-nuevos-casos-y-18-defunciones-mas-por-covid-19-en-sonora\/","title":{"rendered":"Confirma Secretar\u00eda de Salud 270 nuevos casos y 18 defunciones m\u00e1s por COVID-19 en Sonora"},"content":{"rendered":"<p>\u25baLa mejor manera de protegerse es contar con espacios libres del virus: Enrique Clausen<\/p>\n<p>&nbsp;<\/p>\n<p>&nbsp;<\/p>\n<p>HERMOSILLO, SONORA,MX.\u2500\u2500 \u00a0En la nueva normalidad que se vive por el COVID-19, la mejor manera de protegerse es tener la seguridad de convivir en espacios libres del virus, asever\u00f3 Enrique Clausen Iberri, tras confirmar 270 nuevos casos y 18 defunciones m\u00e1s por COVID-19 en Sonora.<\/p>\n<p>&nbsp;<\/p>\n<p>&nbsp;<\/p>\n<p>&nbsp;<\/p>\n<p>El secretario de Salud en la entidad record\u00f3 las distintas medidas sanitarias para evitar contagios, como el uso correcto de cubrebocas, el distanciamiento social, y el lavado frecuente de manos.<\/p>\n<p>&nbsp;<\/p>\n<p>&nbsp;<\/p>\n<p>&nbsp;<\/p>\n<p>\u201c\u00bfC\u00f3mo asegurarnos? Realizando y fomentando las acciones contra contagios, las que ya sabes, las que te hemos venido recordando por m\u00e1s de 17 meses. Primero que nada, el cubrebocas, este es fundamental y debes colocarlo cubriendo boca y nariz, el lavado de manos debe ser frecuente con agua y jab\u00f3n o bien, sanit\u00edzalas con alcohol gel, respeta la sana distancia de al menos 1.5 metros y mant\u00e9n ventilados espacios cerrados o evita acudir a lugares que no lo est\u00e9n\u201d, indic\u00f3.<\/p>\n<p>&nbsp;<\/p>\n<p>&nbsp;<\/p>\n<p>&nbsp;<\/p>\n<p>Clausen Iberri llam\u00f3 a la poblaci\u00f3n a vacunarse y completar su esquema, ya que entre m\u00e1s personas est\u00e9n inoculadas, estar\u00e1n m\u00e1s cerca de conformar entornos saludables.<\/p>\n<p>&nbsp;<\/p>\n<p>&nbsp;<\/p>\n<p>&nbsp;<\/p>\n<p>\u201cY te recuerdo, acude a vacunarte contra el Coronavirus y completa el esquema, as\u00ed aumentar\u00e1s tu protecci\u00f3n. Entre todos construiremos as\u00ed, entornos saludables\u201d, se\u00f1al\u00f3.<\/p>\n<p>&nbsp;<\/p>\n<p>&nbsp;<\/p>\n<p>&nbsp;<\/p>\n<p>Hoy se confirmaron 18 decesos por COVID-19, en 10 hombres y 8 mujeres, residentes de: Cajeme 6; Huatabampo 4; Naco 2; Benito Ju\u00e1rez, Guaymas, Navojoa, Nogales, San Luis R\u00edo Colorado y Hermosillo 1 cada uno; con lo que se acumulan 7 mil 273 defunciones.<\/p>\n<p>&nbsp;<\/p>\n<p>&nbsp;<\/p>\n<p>&nbsp;<\/p>\n<p>Este d\u00eda se sumaron 270 nuevos contagios en 145 mujeres y 125 hombres, acumul\u00e1ndose 100 mil 419 casos en total. Los nuevos casos son en residentes de: Hermosillo 101; Cajeme 64; San Luis R\u00edo Colorado 16; Navojoa 14; Huatabampo y Moctezuma 12 cada uno; Empalme 8; Agua Prieta, B\u00e1cum, General Plutarco El\u00edas Calles y Guaymas 6 cada uno; Hu\u00e1sabas, Nogales y Puerto Pe\u00f1asco 3 cada uno; \u00c1lamos, Etchojoa y Nacozari de Garc\u00eda 2 cada uno; Caborca, Cumpas, Sahuaripa y Naco 1 cada uno.<\/p>\n<p>&nbsp;<\/p>\n<p>&nbsp;<\/p>\n<p>&nbsp;<\/p>\n<p>Se confirmaron 25 casos pedi\u00e1tricos en 13 ni\u00f1as y 12 ni\u00f1os, acumul\u00e1ndose 2 mil 942 casos en total; adem\u00e1s se sumaron 2 casos en mujeres embarazadas, alcanzando un total de 728 casos.<\/p>\n<p>&nbsp;<\/p>\n<p>&nbsp;<\/p>\n<p>&nbsp;<\/p>\n<p>Al momento se han realizado 197 mil 266 pruebas, de las cuales 100 mil 419 han resultado en casos confirmados, y 96 mil 847 casos descartados. Con cuadro leve se tienen registradas 21 mil 482 personas, de las cuales 2 mil 952 son activos y 18 mil 530 con seguimiento terminado.<\/p>\n<p>&nbsp;<\/p>\n<p>&nbsp;<\/p>\n<p>&nbsp;<\/p>\n<p>De las 346 personas hospitalizadas, 47 est\u00e1n estables, 233 graves, y 66 cr\u00edticos. A la fecha se han recuperado 89 mil 848 personas de Covid-19 en Sonora.<\/p>\n<p>&nbsp;<\/p>\n<p>&nbsp;<\/p>\n<p>&nbsp;<\/p>\n<p>Casos COVID-19 en Sonora 100,149 casos confirmados y 7,255 defunciones<\/p>\n<p>&nbsp;<\/p>\n<p>Defunciones registradas 1 de septiembre de 2021: 18<\/p>\n<p>&nbsp;<\/p>\n<p>Fecha de Publicaci\u00f3n jueves \/ 02\u00a0\u00a0 \/ septiembre \/ 2021<\/p>\n<p>&nbsp;<\/p>\n","protected":false},"excerpt":{"rendered":"<p>\u25baLa mejor manera de protegerse es contar con espacios libres del virus: Enrique Clausen &nbsp;&#8230;<\/p>\n","protected":false},"author":1,"featured_media":106887,"comment_status":"open","ping_status":"open","sticky":false,"template":"","format":"standard","meta":{"_monsterinsights_skip_tracking":false,"_monsterinsights_sitenote_active":false,"_monsterinsights_sitenote_note":"","_monsterinsights_sitenote_category":0,"footnotes":""},"categories":[22],"tags":[4249,15],"class_list":["post"],"yoast_head":" \n<title>Sonora en Equipo. Confirma Secretar\u00eda de Salud 270 nuevos casos y 18 defunciones m\u00e1s por COVID-19 en Sonora Sonora<\/title>\n<meta name=\"description\" content=\"\u25baLa mejor manera de protegerse es contar con espacios libres del virus: Enrique Clausen &nbsp; &nbsp; HERMOSILLO, SONORA,MX.\u2500\u2500 \u00a0En la nueva normalidad que En Sonora en Equipo publicamos toda la informaci\u00f3n de Sonora, M\u00e9xico y el Mundo de manera oportuna y busca que la libertad de expresi\u00f3n sea real. Visita nuestro medio informativo publicado desde Hermosillo, Sonora. %\" \/>\n<meta name=\"robots\" content=\"index, follow, max-snippet:-1, max-image-preview:large, max-video-preview:-1\" \/>\n<link rel=\"canonical\" href=\"https:\/\/www.sonoraenequipo.com.mx\/confirma-secretaria-de-salud-270-nuevos-casos-y-18-defunciones-mas-por-covid-19-en-sonora\/\" \/>\n<meta property=\"og:locale\" content=\"es_ES\" \/>\n<meta property=\"og:type\" content=\"article\" \/>\n<meta property=\"og:title\" content=\"Sonora en Equipo. Confirma Secretar\u00eda de Salud 270 nuevos casos y 18 defunciones m\u00e1s por COVID-19 en Sonora Sonora\" \/>\n<meta property=\"og:description\" content=\"\u25baLa mejor manera de protegerse es contar con espacios libres del virus: Enrique Clausen &nbsp; &nbsp; HERMOSILLO, SONORA,MX.\u2500\u2500 \u00a0En la nueva normalidad que En Sonora en Equipo publicamos toda la informaci\u00f3n de Sonora, M\u00e9xico y el Mundo de manera oportuna y busca que la libertad de expresi\u00f3n sea real. Visita nuestro medio informativo publicado desde Hermosillo, Sonora. %\" \/>\n<meta property=\"og:url\" content=\"https:\/\/www.sonoraenequipo.com.mx\/confirma-secretaria-de-salud-270-nuevos-casos-y-18-defunciones-mas-por-covid-19-en-sonora\/\" \/>\n<meta property=\"og:site_name\" content=\"Sonora en Equipo.\" \/>\n<meta property=\"article:publisher\" content=\"https:\/\/www.facebook.com\/SonoraEE\/\" \/>\n<meta property=\"article:author\" content=\"https:\/\/www.facebook.com\/SonoraEE\" \/>\n<meta property=\"article:published_time\" content=\"2021-09-02T14:09:45+00:00\" \/>\n<meta property=\"article:modified_time\" content=\"2021-09-02T18:42:54+00:00\" \/>\n<meta property=\"og:image\" content=\"https:\/\/www.sonoraenequipo.com.mx\/storage\/2021\/02\/e-clausen13.jpg\" \/>\n\t<meta property=\"og:image:width\" content=\"500\" \/>\n\t<meta property=\"og:image:height\" content=\"300\" \/>\n\t<meta property=\"og:image:type\" content=\"image\/jpeg\" \/>\n<meta name=\"author\" content=\"enequipo\" \/>\n<meta name=\"twitter:card\" content=\"summary_large_image\" \/>\n<meta name=\"twitter:creator\" content=\"@sonoraenequipo\" \/>\n<meta name=\"twitter:site\" content=\"@sonoraenequipo\" \/>\n<meta name=\"twitter:label1\" content=\"Escrito por\" \/>\n\t<meta name=\"twitter:data1\" content=\"enequipo\" \/>\n\t<meta name=\"twitter:label2\" content=\"Tiempo de lectura\" \/>\n\t<meta name=\"twitter:data2\" content=\"3 minutos\" \/>\n<script type=\"application\/ld+json\" class=\"yoast-schema-graph\">{\"@context\":\"https:\/\/schema.org\",\"@graph\":[{\"@type\":\"Article\",\"@id\":\"https:\/\/www.sonoraenequipo.com.mx\/confirma-secretaria-de-salud-270-nuevos-casos-y-18-defunciones-mas-por-covid-19-en-sonora\/#article\",\"isPartOf\":{\"@id\":\"https:\/\/www.sonoraenequipo.com.mx\/confirma-secretaria-de-salud-270-nuevos-casos-y-18-defunciones-mas-por-covid-19-en-sonora\/\"},\"author\":{\"name\":\"enequipo\",\"@id\":\"https:\/\/www.sonoraenequipo.com.mx\/#\/schema\/person\/50102df0fb23a8fa9e8effad8fa81386\"},\"headline\":\"Confirma Secretar\u00eda de Salud 270 nuevos casos y 18 defunciones m\u00e1s por COVID-19 en Sonora\",\"datePublished\":\"2021-09-02T14:09:45+00:00\",\"dateModified\":\"2021-09-02T18:42:54+00:00\",\"mainEntityOfPage\":{\"@id\":\"https:\/\/www.sonoraenequipo.com.mx\/confirma-secretaria-de-salud-270-nuevos-casos-y-18-defunciones-mas-por-covid-19-en-sonora\/\"},\"wordCount\":505,\"commentCount\":0,\"publisher\":{\"@id\":\"https:\/\/www.sonoraenequipo.com.mx\/#organization\"},\"image\":{\"@id\":\"https:\/\/www.sonoraenequipo.com.mx\/confirma-secretaria-de-salud-270-nuevos-casos-y-18-defunciones-mas-por-covid-19-en-sonora\/#primaryimage\"},\"thumbnailUrl\":\"https:\/\/www.sonoraenequipo.com.mx\/storage\/2021\/02\/e-clausen13.jpg\",\"keywords\":[\"covid\",\"Sonora\"],\"articleSection\":[\"Sonora\"],\"inLanguage\":\"es\",\"potentialAction\":[{\"@type\":\"CommentAction\",\"name\":\"Comment\",\"target\":[\"https:\/\/www.sonoraenequipo.com.mx\/confirma-secretaria-de-salud-270-nuevos-casos-y-18-defunciones-mas-por-covid-19-en-sonora\/#respond\"]}]},{\"@type\":\"WebPage\",\"@id\":\"https:\/\/www.sonoraenequipo.com.mx\/confirma-secretaria-de-salud-270-nuevos-casos-y-18-defunciones-mas-por-covid-19-en-sonora\/\",\"url\":\"https:\/\/www.sonoraenequipo.com.mx\/confirma-secretaria-de-salud-270-nuevos-casos-y-18-defunciones-mas-por-covid-19-en-sonora\/\",\"name\":\"Sonora en Equipo. Confirma Secretar\u00eda de Salud 270 nuevos casos y 18 defunciones m\u00e1s por COVID-19 en Sonora Sonora\",\"isPartOf\":{\"@id\":\"https:\/\/www.sonoraenequipo.com.mx\/#website\"},\"primaryImageOfPage\":{\"@id\":\"https:\/\/www.sonoraenequipo.com.mx\/confirma-secretaria-de-salud-270-nuevos-casos-y-18-defunciones-mas-por-covid-19-en-sonora\/#primaryimage\"},\"image\":{\"@id\":\"https:\/\/www.sonoraenequipo.com.mx\/confirma-secretaria-de-salud-270-nuevos-casos-y-18-defunciones-mas-por-covid-19-en-sonora\/#primaryimage\"},\"thumbnailUrl\":\"https:\/\/www.sonoraenequipo.com.mx\/storage\/2021\/02\/e-clausen13.jpg\",\"datePublished\":\"2021-09-02T14:09:45+00:00\",\"dateModified\":\"2021-09-02T18:42:54+00:00\",\"description\":\"\u25baLa mejor manera de protegerse es contar con espacios libres del virus: Enrique Clausen &nbsp; &nbsp; HERMOSILLO, SONORA,MX.\u2500\u2500 \u00a0En la nueva normalidad que En Sonora en Equipo publicamos toda la informaci\u00f3n de Sonora, M\u00e9xico y el Mundo de manera oportuna y busca que la libertad de expresi\u00f3n sea real. Visita nuestro medio informativo publicado desde Hermosillo, Sonora. %\",\"breadcrumb\":{\"@id\":\"https:\/\/www.sonoraenequipo.com.mx\/confirma-secretaria-de-salud-270-nuevos-casos-y-18-defunciones-mas-por-covid-19-en-sonora\/#breadcrumb\"},\"inLanguage\":\"es\",\"potentialAction\":[{\"@type\":\"ReadAction\",\"target\":[\"https:\/\/www.sonoraenequipo.com.mx\/confirma-secretaria-de-salud-270-nuevos-casos-y-18-defunciones-mas-por-covid-19-en-sonora\/\"]}]},{\"@type\":\"ImageObject\",\"inLanguage\":\"es\",\"@id\":\"https:\/\/www.sonoraenequipo.com.mx\/confirma-secretaria-de-salud-270-nuevos-casos-y-18-defunciones-mas-por-covid-19-en-sonora\/#primaryimage\",\"url\":\"https:\/\/www.sonoraenequipo.com.mx\/storage\/2021\/02\/e-clausen13.jpg\",\"contentUrl\":\"https:\/\/www.sonoraenequipo.com.mx\/storage\/2021\/02\/e-clausen13.jpg\",\"width\":500,\"height\":300},{\"@type\":\"BreadcrumbList\",\"@id\":\"https:\/\/www.sonoraenequipo.com.mx\/confirma-secretaria-de-salud-270-nuevos-casos-y-18-defunciones-mas-por-covid-19-en-sonora\/#breadcrumb\",\"itemListElement\":[{\"@type\":\"ListItem\",\"position\":1,\"name\":\"Portada\",\"item\":\"https:\/\/www.sonoraenequipo.com.mx\/\"},{\"@type\":\"ListItem\",\"position\":2,\"name\":\"Confirma Secretar\u00eda de Salud 270 nuevos casos y 18 defunciones m\u00e1s por COVID-19 en Sonora\"}]},{\"@type\":\"WebSite\",\"@id\":\"https:\/\/www.sonoraenequipo.com.mx\/#website\",\"url\":\"https:\/\/www.sonoraenequipo.com.mx\/\",\"name\":\"Sonora en Equipo.\",\"description\":\"Diario en l\u00ednea con Noticias desde Hermosillo, Sonora\",\"publisher\":{\"@id\":\"https:\/\/www.sonoraenequipo.com.mx\/#organization\"},\"potentialAction\":[{\"@type\":\"SearchAction\",\"target\":{\"@type\":\"EntryPoint\",\"urlTemplate\":\"https:\/\/www.sonoraenequipo.com.mx\/?s={search_term_string}\"},\"query-input\":{\"@type\":\"PropertyValueSpecification\",\"valueRequired\":true,\"valueName\":\"search_term_string\"}}],\"inLanguage\":\"es\"},{\"@type\":\"Organization\",\"@id\":\"https:\/\/www.sonoraenequipo.com.mx\/#organization\",\"name\":\"Sonoraenequipo.com.mx\",\"url\":\"https:\/\/www.sonoraenequipo.com.mx\/\",\"logo\":{\"@type\":\"ImageObject\",\"inLanguage\":\"es\",\"@id\":\"https:\/\/www.sonoraenequipo.com.mx\/#\/schema\/logo\/image\/\",\"url\":\"https:\/\/www.sonoraenequipo.com.mx\/storage\/2019\/01\/sonoraenequipo_opt.png\",\"contentUrl\":\"https:\/\/www.sonoraenequipo.com.mx\/storage\/2019\/01\/sonoraenequipo_opt.png\",\"width\":375,\"height\":125,\"caption\":\"Sonoraenequipo.com.mx\"},\"image\":{\"@id\":\"https:\/\/www.sonoraenequipo.com.mx\/#\/schema\/logo\/image\/\"},\"sameAs\":[\"https:\/\/www.facebook.com\/SonoraEE\/\",\"https:\/\/x.com\/sonoraenequipo\",\"https:\/\/www.youtube.com\/channel\/UC338nW-lPEYmJQs4ZABQ1SQ\"]},{\"@type\":\"Person\",\"@id\":\"https:\/\/www.sonoraenequipo.com.mx\/#\/schema\/person\/50102df0fb23a8fa9e8effad8fa81386\",\"name\":\"enequipo\",\"image\":{\"@type\":\"ImageObject\",\"inLanguage\":\"es\",\"@id\":\"https:\/\/www.sonoraenequipo.com.mx\/#\/schema\/person\/image\/\",\"url\":\"https:\/\/secure.gravatar.com\/avatar\/049821681b589dabc0bc20695993ccebb09f5b5d4d790cd9251b97faac7c652b?s=96&d=blank&r=g\",\"contentUrl\":\"https:\/\/secure.gravatar.com\/avatar\/049821681b589dabc0bc20695993ccebb09f5b5d4d790cd9251b97faac7c652b?s=96&d=blank&r=g\",\"caption\":\"enequipo\"},\"sameAs\":[\"https:\/\/www.facebook.com\/SonoraEE\"]}]}<\/script>\n ","yoast_head_json":{"title":"Sonora en Equipo. Confirma Secretar\u00eda de Salud 270 nuevos casos y 18 defunciones m\u00e1s por COVID-19 en Sonora Sonora","description":"\u25baLa mejor manera de protegerse es contar con espacios libres del virus: Enrique Clausen &nbsp; &nbsp; HERMOSILLO, SONORA,MX.\u2500\u2500 \u00a0En la nueva normalidad que En Sonora en Equipo publicamos toda la informaci\u00f3n de Sonora, M\u00e9xico y el Mundo de manera oportuna y busca que la libertad de expresi\u00f3n sea real. Visita nuestro medio informativo publicado desde Hermosillo, Sonora. %","robots":{"index":"index","follow":"follow","max-snippet":"max-snippet:-1","max-image-preview":"max-image-preview:large","max-video-preview":"max-video-preview:-1"},"canonical":"https:\/\/www.sonoraenequipo.com.mx\/confirma-secretaria-de-salud-270-nuevos-casos-y-18-defunciones-mas-por-covid-19-en-sonora\/","og_locale":"es_ES","og_type":"article","og_title":"Sonora en Equipo. Confirma Secretar\u00eda de Salud 270 nuevos casos y 18 defunciones m\u00e1s por COVID-19 en Sonora Sonora","og_description":"\u25baLa mejor manera de protegerse es contar con espacios libres del virus: Enrique Clausen &nbsp; &nbsp; HERMOSILLO, SONORA,MX.\u2500\u2500 \u00a0En la nueva normalidad que En Sonora en Equipo publicamos toda la informaci\u00f3n de Sonora, M\u00e9xico y el Mundo de manera oportuna y busca que la libertad de expresi\u00f3n sea real. Visita nuestro medio informativo publicado desde Hermosillo, Sonora. %","og_url":"https:\/\/www.sonoraenequipo.com.mx\/confirma-secretaria-de-salud-270-nuevos-casos-y-18-defunciones-mas-por-covid-19-en-sonora\/","og_site_name":"Sonora en Equipo.","article_publisher":"https:\/\/www.facebook.com\/SonoraEE\/","article_author":"https:\/\/www.facebook.com\/SonoraEE","article_published_time":"2021-09-02T14:09:45+00:00","article_modified_time":"2021-09-02T18:42:54+00:00","og_image":[{"width":500,"height":300,"url":"https:\/\/www.sonoraenequipo.com.mx\/storage\/2021\/02\/e-clausen13.jpg","type":"image\/jpeg"}],"author":"enequipo","twitter_card":"summary_large_image","twitter_creator":"@sonoraenequipo","twitter_site":"@sonoraenequipo","twitter_misc":{"Escrito por":"enequipo","Tiempo de lectura":"3 minutos"},"schema":{"@context":"https:\/\/schema.org","@graph":[{"@type":"Article","@id":"https:\/\/www.sonoraenequipo.com.mx\/confirma-secretaria-de-salud-270-nuevos-casos-y-18-defunciones-mas-por-covid-19-en-sonora\/#article","isPartOf":{"@id":"https:\/\/www.sonoraenequipo.com.mx\/confirma-secretaria-de-salud-270-nuevos-casos-y-18-defunciones-mas-por-covid-19-en-sonora\/"},"author":{"name":"enequipo","@id":"https:\/\/www.sonoraenequipo.com.mx\/#\/schema\/person\/50102df0fb23a8fa9e8effad8fa81386"},"headline":"Confirma Secretar\u00eda de Salud 270 nuevos casos y 18 defunciones m\u00e1s por COVID-19 en Sonora","datePublished":"2021-09-02T14:09:45+00:00","dateModified":"2021-09-02T18:42:54+00:00","mainEntityOfPage":{"@id":"https:\/\/www.sonoraenequipo.com.mx\/confirma-secretaria-de-salud-270-nuevos-casos-y-18-defunciones-mas-por-covid-19-en-sonora\/"},"wordCount":505,"commentCount":0,"publisher":{"@id":"https:\/\/www.sonoraenequipo.com.mx\/#organization"},"image":{"@id":"https:\/\/www.sonoraenequipo.com.mx\/confirma-secretaria-de-salud-270-nuevos-casos-y-18-defunciones-mas-por-covid-19-en-sonora\/#primaryimage"},"thumbnailUrl":"https:\/\/www.sonoraenequipo.com.mx\/storage\/2021\/02\/e-clausen13.jpg","keywords":["covid","Sonora"],"articleSection":["Sonora"],"inLanguage":"es","potentialAction":[{"@type":"CommentAction","name":"Comment","target":["https:\/\/www.sonoraenequipo.com.mx\/confirma-secretaria-de-salud-270-nuevos-casos-y-18-defunciones-mas-por-covid-19-en-sonora\/#respond"]}]},{"@type":"WebPage","@id":"https:\/\/www.sonoraenequipo.com.mx\/confirma-secretaria-de-salud-270-nuevos-casos-y-18-defunciones-mas-por-covid-19-en-sonora\/","url":"https:\/\/www.sonoraenequipo.com.mx\/confirma-secretaria-de-salud-270-nuevos-casos-y-18-defunciones-mas-por-covid-19-en-sonora\/","name":"Sonora en Equipo. Confirma Secretar\u00eda de Salud 270 nuevos casos y 18 defunciones m\u00e1s por COVID-19 en Sonora Sonora","isPartOf":{"@id":"https:\/\/www.sonoraenequipo.com.mx\/#website"},"primaryImageOfPage":{"@id":"https:\/\/www.sonoraenequipo.com.mx\/confirma-secretaria-de-salud-270-nuevos-casos-y-18-defunciones-mas-por-covid-19-en-sonora\/#primaryimage"},"image":{"@id":"https:\/\/www.sonoraenequipo.com.mx\/confirma-secretaria-de-salud-270-nuevos-casos-y-18-defunciones-mas-por-covid-19-en-sonora\/#primaryimage"},"thumbnailUrl":"https:\/\/www.sonoraenequipo.com.mx\/storage\/2021\/02\/e-clausen13.jpg","datePublished":"2021-09-02T14:09:45+00:00","dateModified":"2021-09-02T18:42:54+00:00","description":"\u25baLa mejor manera de protegerse es contar con espacios libres del virus: Enrique Clausen &nbsp; &nbsp; HERMOSILLO, SONORA,MX.\u2500\u2500 \u00a0En la nueva normalidad que En Sonora en Equipo publicamos toda la informaci\u00f3n de Sonora, M\u00e9xico y el Mundo de manera oportuna y busca que la libertad de expresi\u00f3n sea real. Visita nuestro medio informativo publicado desde Hermosillo, Sonora. %","breadcrumb":{"@id":"https:\/\/www.sonoraenequipo.com.mx\/confirma-secretaria-de-salud-270-nuevos-casos-y-18-defunciones-mas-por-covid-19-en-sonora\/#breadcrumb"},"inLanguage":"es","potentialAction":[{"@type":"ReadAction","target":["https:\/\/www.sonoraenequipo.com.mx\/confirma-secretaria-de-salud-270-nuevos-casos-y-18-defunciones-mas-por-covid-19-en-sonora\/"]}]},{"@type":"ImageObject","inLanguage":"es","@id":"https:\/\/www.sonoraenequipo.com.mx\/confirma-secretaria-de-salud-270-nuevos-casos-y-18-defunciones-mas-por-covid-19-en-sonora\/#primaryimage","url":"https:\/\/www.sonoraenequipo.com.mx\/storage\/2021\/02\/e-clausen13.jpg","contentUrl":"https:\/\/www.sonoraenequipo.com.mx\/storage\/2021\/02\/e-clausen13.jpg","width":500,"height":300},{"@type":"BreadcrumbList","@id":"https:\/\/www.sonoraenequipo.com.mx\/confirma-secretaria-de-salud-270-nuevos-casos-y-18-defunciones-mas-por-covid-19-en-sonora\/#breadcrumb","itemListElement":[{"@type":"ListItem","position":1,"name":"Portada","item":"https:\/\/www.sonoraenequipo.com.mx\/"},{"@type":"ListItem","position":2,"name":"Confirma Secretar\u00eda de Salud 270 nuevos casos y 18 defunciones m\u00e1s por COVID-19 en Sonora"}]},{"@type":"WebSite","@id":"https:\/\/www.sonoraenequipo.com.mx\/#website","url":"https:\/\/www.sonoraenequipo.com.mx\/","name":"Sonora en Equipo.","description":"Diario en l\u00ednea con Noticias desde Hermosillo, Sonora","publisher":{"@id":"https:\/\/www.sonoraenequipo.com.mx\/#organization"},"potentialAction":[{"@type":"SearchAction","target":{"@type":"EntryPoint","urlTemplate":"https:\/\/www.sonoraenequipo.com.mx\/?s={search_term_string}"},"query-input":{"@type":"PropertyValueSpecification","valueRequired":true,"valueName":"search_term_string"}}],"inLanguage":"es"},{"@type":"Organization","@id":"https:\/\/www.sonoraenequipo.com.mx\/#organization","name":"Sonoraenequipo.com.mx","url":"https:\/\/www.sonoraenequipo.com.mx\/","logo":{"@type":"ImageObject","inLanguage":"es","@id":"https:\/\/www.sonoraenequipo.com.mx\/#\/schema\/logo\/image\/","url":"https:\/\/www.sonoraenequipo.com.mx\/storage\/2019\/01\/sonoraenequipo_opt.png","contentUrl":"https:\/\/www.sonoraenequipo.com.mx\/storage\/2019\/01\/sonoraenequipo_opt.png","width":375,"height":125,"caption":"Sonoraenequipo.com.mx"},"image":{"@id":"https:\/\/www.sonoraenequipo.com.mx\/#\/schema\/logo\/image\/"},"sameAs":["https:\/\/www.facebook.com\/SonoraEE\/","https:\/\/x.com\/sonoraenequipo","https:\/\/www.youtube.com\/channel\/UC338nW-lPEYmJQs4ZABQ1SQ"]},{"@type":"Person","@id":"https:\/\/www.sonoraenequipo.com.mx\/#\/schema\/person\/50102df0fb23a8fa9e8effad8fa81386","name":"enequipo","image":{"@type":"ImageObject","inLanguage":"es","@id":"https:\/\/www.sonoraenequipo.com.mx\/#\/schema\/person\/image\/","url":"https:\/\/secure.gravatar.com\/avatar\/049821681b589dabc0bc20695993ccebb09f5b5d4d790cd9251b97faac7c652b?s=96&d=blank&r=g","contentUrl":"https:\/\/secure.gravatar.com\/avatar\/049821681b589dabc0bc20695993ccebb09f5b5d4d790cd9251b97faac7c652b?s=96&d=blank&r=g","caption":"enequipo"},"sameAs":["https:\/\/www.facebook.com\/SonoraEE"]}]}},"jetpack_featured_media_url":"https:\/\/www.sonoraenequipo.com.mx\/storage\/2021\/02\/e-clausen13.jpg","_links":{"self":[{"href":"https:\/\/www.sonoraenequipo.com.mx\/api\/wp\/v2\/posts\/121924","targetHints":{"allow":["GET"]}}],"collection":[{"href":"https:\/\/www.sonoraenequipo.com.mx\/api\/wp\/v2\/posts"}],"about":[{"href":"https:\/\/www.sonoraenequipo.com.mx\/api\/wp\/v2\/types\/post"}],"author":[{"embeddable":true,"href":"https:\/\/www.sonoraenequipo.com.mx\/api\/wp\/v2\/users\/1"}],"replies":[{"embeddable":true,"href":"https:\/\/www.sonoraenequipo.com.mx\/api\/wp\/v2\/comments?post=121924"}],"version-history":[{"count":1,"href":"https:\/\/www.sonoraenequipo.com.mx\/api\/wp\/v2\/posts\/121924\/revisions"}],"predecessor-version":[{"id":121927,"href":"https:\/\/www.sonoraenequipo.com.mx\/api\/wp\/v2\/posts\/121924\/revisions\/121927"}],"wp:featuredmedia":[{"embeddable":true,"href":"https:\/\/www.sonoraenequipo.com.mx\/api\/wp\/v2\/media\/106887"}],"wp:attachment":[{"href":"https:\/\/www.sonoraenequipo.com.mx\/api\/wp\/v2\/media?parent=121924"}],"wp:term":[{"taxonomy":"category","embeddable":true,"href":"https:\/\/www.sonoraenequipo.com.mx\/api\/wp\/v2\/categories?post=121924"},{"taxonomy":"post_tag","embeddable":true,"href":"https:\/\/www.sonoraenequipo.com.mx\/api\/wp\/v2\/tags?post=121924"}],"curies":[{"name":"wp","href":"https:\/\/api.w.org\/{rel}","templated":true}]}}