{"id":121940,"date":"2021-09-02T10:30:50","date_gmt":"2021-09-02T17:30:50","guid":{"rendered":"https:\/\/www.sonoraenequipo.com.mx\/?p=121940"},"modified":"2021-09-02T13:00:30","modified_gmt":"2021-09-02T20:00:30","slug":"amenazan-con-cerrar-la-carretera-interncional-habitantes-de-pueblo-mayo","status":"publish","type":"post","link":"https:\/\/www.sonoraenequipo.com.mx\/amenazan-con-cerrar-la-carretera-interncional-habitantes-de-pueblo-mayo\/","title":{"rendered":"Amenazan con cerrar la carretera internacional habitantes de Pueblo Mayo"},"content":{"rendered":"<p>NAVOJOA, SONORA. MX.\u2014 Para presionar por soluci\u00f3n al cr\u00edtico desabasto de agua potable que padecen desde hace meses residentes de Pueblo Mayo bloquearon ayer el acceso a dicha comunidad durante unas tres horas logrando que personal t\u00e9cnico de Oomapasn acudiera a atenderlos.<\/p>\n<p>&nbsp;<\/p>\n<p> <\/p>\n<p>&nbsp;<\/p>\n<p>El grupo de manifestantes hab\u00eda advertido a las autoridades municipales que a las 11:00 horas cerrar\u00edan la carretera Federal 15 a la altura del poblado si nadie asist\u00eda a escucharlos y actuar en lo inmediato.<\/p>\n<p>&nbsp;<\/p>\n<p>Con veh\u00edculos y hasta maquinaria habitantes de Pueblo Mayo bloquearon la entrada a la comunidad para exigir suministro de agua potable.<\/p>\n<p>&nbsp;<\/p>\n<p>La protesta inici\u00f3 alrededor de las 7:30 de la ma\u00f1ana a la entrada de la comunidad donde motos, autom\u00f3viles, maquinaria pesada, sillas y otros objetos fueron colocados en el acceso principal sin poder entrar o salir camiones de pasajeros suburbanos, vendedores ni visitantes.<\/p>\n<p>&nbsp;<\/p>\n<p>Este constituy\u00f3 el segundo d\u00eda en que moradores de Pueblo Mayo obstruyeron el paso, ya que el pasado martes lo hicieron no obteniendo respuesta por parte de directivos de Oomapasn.<\/p>\n<p>&nbsp;<\/p>\n<p>Manifestantes comentaron ayer que ya est\u00e1n enfadados de poner reportes y quejas en las oficinas centrales de Oomapasn ante la carencia de agua potable durante m\u00ednimo seis meses.<\/p>\n<p>&nbsp;<\/p>\n<p>Balvanedo Fuentes, uno de los participantes, explic\u00f3 que al parecer la causa de las fallas es que la bomba que extrae agua del pozo de la comunidad no fue bien arreglada y volvi\u00f3 a paralizarse repentinamente.<\/p>\n<p>&nbsp;<\/p>\n<p>La insuficiencia de agua est\u00e1 m\u00e1s cr\u00edtica desde hace unos tres meses, apunt\u00f3, sin embargo Oomapasn no aplica un plan efectivo de rehabilitaci\u00f3n al equipo mec\u00e1nico y el\u00e9ctrico del pozo.<\/p>\n<p>&nbsp;<\/p>\n<p>Antes del plazo de ultim\u00e1tum para el cierre de la carretera federal una cuadrilla de personal del \u00e1rea t\u00e9cnica de Oomapasn se present\u00f3 en el bloqueo para luego trasladarse a efectuar reparaciones en el pozo.<\/p>\n<p>&nbsp;<\/p>\n<h3>PAGAN DEUDA A CFE<\/h3>\n<p>&nbsp;<\/p>\n<p>Ayer las oficinas centrales de Oomapasn brindaron el servicio normal de cobros y tr\u00e1mites a la clientela al reconect\u00e1rsele la energ\u00eda el\u00e9ctrica luego del pago del saldo pendiente con la CFE.<\/p>\n<p>&nbsp;<\/p>\n<p>El edificio permanec\u00eda sin \u201cluz\u201d desde la tarde del pasado lunes y fue hasta la noche del martes cuando qued\u00f3 reactivada con el dep\u00f3sito bancario de una cantidad que superar\u00eda el mill\u00f3n de pesos de acuerdo a fuentes extraoficiales.<\/p>\n<p>&nbsp;<\/p>\n<p>Rogelio \u00c1lvarez Cevallos, regidor presidente de la Comisi\u00f3n de Agua Potable, coment\u00f3 que aunque no existe una informaci\u00f3n oficial Oomapasn debi\u00f3 haber saldado la cuenta con la CFE pues ya no les aceptan abonos.<\/p>\n<p>&nbsp;<\/p>\n<p>En promedio cada mes la facturaci\u00f3n por consumo de energ\u00eda el\u00e9ctrica del organismo es de unos 4 millones de pesos, indic\u00f3, ello incluye el servicio a los pozos.<\/p>\n<p>&nbsp;<\/p>\n<p>(Publicada el 02\/09\/2021 \/Con informaci\u00f3n de Miriam Mill\u00e1n)<\/p>\n","protected":false},"excerpt":{"rendered":"<p>NAVOJOA, SONORA. MX.\u2014 Para presionar por soluci\u00f3n al cr\u00edtico desabasto de agua potable que padecen&#8230;<\/p>\n","protected":false},"author":1,"featured_media":121943,"comment_status":"open","ping_status":"open","sticky":false,"template":"","format":"standard","meta":{"_monsterinsights_skip_tracking":false,"_monsterinsights_sitenote_active":false,"_monsterinsights_sitenote_note":"","_monsterinsights_sitenote_category":0,"footnotes":""},"categories":[22],"tags":[],"class_list":["post"],"yoast_head":" \n<title>Sonora en Equipo. Amenazan con cerrar la carretera internacional habitantes de Pueblo Mayo Sonora<\/title>\n<meta name=\"description\" content=\"NAVOJOA, SONORA. MX.\u2014 Para presionar por soluci\u00f3n al cr\u00edtico desabasto de agua potable que padecen desde hace meses residentes de Pueblo Mayo bloquearon En Sonora en Equipo publicamos toda la informaci\u00f3n de Sonora, M\u00e9xico y el Mundo de manera oportuna y busca que la libertad de expresi\u00f3n sea real. Visita nuestro medio informativo publicado desde Hermosillo, Sonora. %\" \/>\n<meta name=\"robots\" content=\"index, follow, max-snippet:-1, max-image-preview:large, max-video-preview:-1\" \/>\n<link rel=\"canonical\" href=\"https:\/\/www.sonoraenequipo.com.mx\/amenazan-con-cerrar-la-carretera-interncional-habitantes-de-pueblo-mayo\/\" \/>\n<meta property=\"og:locale\" content=\"es_ES\" \/>\n<meta property=\"og:type\" content=\"article\" \/>\n<meta property=\"og:title\" content=\"Sonora en Equipo. Amenazan con cerrar la carretera internacional habitantes de Pueblo Mayo Sonora\" \/>\n<meta property=\"og:description\" content=\"NAVOJOA, SONORA. MX.\u2014 Para presionar por soluci\u00f3n al cr\u00edtico desabasto de agua potable que padecen desde hace meses residentes de Pueblo Mayo bloquearon En Sonora en Equipo publicamos toda la informaci\u00f3n de Sonora, M\u00e9xico y el Mundo de manera oportuna y busca que la libertad de expresi\u00f3n sea real. Visita nuestro medio informativo publicado desde Hermosillo, Sonora. %\" \/>\n<meta property=\"og:url\" content=\"https:\/\/www.sonoraenequipo.com.mx\/amenazan-con-cerrar-la-carretera-interncional-habitantes-de-pueblo-mayo\/\" \/>\n<meta property=\"og:site_name\" content=\"Sonora en Equipo.\" \/>\n<meta property=\"article:publisher\" content=\"https:\/\/www.facebook.com\/SonoraEE\/\" \/>\n<meta property=\"article:author\" content=\"https:\/\/www.facebook.com\/SonoraEE\" \/>\n<meta property=\"article:published_time\" content=\"2021-09-02T17:30:50+00:00\" \/>\n<meta property=\"article:modified_time\" content=\"2021-09-02T20:00:30+00:00\" \/>\n<meta property=\"og:image\" content=\"https:\/\/www.sonoraenequipo.com.mx\/storage\/2021\/09\/protesta-pueblo-mayo_opt.jpg\" \/>\n\t<meta property=\"og:image:width\" content=\"700\" \/>\n\t<meta property=\"og:image:height\" content=\"400\" \/>\n\t<meta property=\"og:image:type\" content=\"image\/jpeg\" \/>\n<meta name=\"author\" content=\"enequipo\" \/>\n<meta name=\"twitter:card\" content=\"summary_large_image\" \/>\n<meta name=\"twitter:creator\" content=\"@sonoraenequipo\" \/>\n<meta name=\"twitter:site\" content=\"@sonoraenequipo\" \/>\n<meta name=\"twitter:label1\" content=\"Escrito por\" \/>\n\t<meta name=\"twitter:data1\" content=\"enequipo\" \/>\n\t<meta name=\"twitter:label2\" content=\"Tiempo de lectura\" \/>\n\t<meta name=\"twitter:data2\" content=\"2 minutos\" \/>\n<script type=\"application\/ld+json\" class=\"yoast-schema-graph\">{\"@context\":\"https:\/\/schema.org\",\"@graph\":[{\"@type\":\"Article\",\"@id\":\"https:\/\/www.sonoraenequipo.com.mx\/amenazan-con-cerrar-la-carretera-interncional-habitantes-de-pueblo-mayo\/#article\",\"isPartOf\":{\"@id\":\"https:\/\/www.sonoraenequipo.com.mx\/amenazan-con-cerrar-la-carretera-interncional-habitantes-de-pueblo-mayo\/\"},\"author\":{\"name\":\"enequipo\",\"@id\":\"https:\/\/www.sonoraenequipo.com.mx\/#\/schema\/person\/50102df0fb23a8fa9e8effad8fa81386\"},\"headline\":\"Amenazan con cerrar la carretera internacional habitantes de Pueblo Mayo\",\"datePublished\":\"2021-09-02T17:30:50+00:00\",\"dateModified\":\"2021-09-02T20:00:30+00:00\",\"mainEntityOfPage\":{\"@id\":\"https:\/\/www.sonoraenequipo.com.mx\/amenazan-con-cerrar-la-carretera-interncional-habitantes-de-pueblo-mayo\/\"},\"wordCount\":498,\"commentCount\":0,\"publisher\":{\"@id\":\"https:\/\/www.sonoraenequipo.com.mx\/#organization\"},\"image\":{\"@id\":\"https:\/\/www.sonoraenequipo.com.mx\/amenazan-con-cerrar-la-carretera-interncional-habitantes-de-pueblo-mayo\/#primaryimage\"},\"thumbnailUrl\":\"https:\/\/www.sonoraenequipo.com.mx\/storage\/2021\/09\/protesta-pueblo-mayo_opt.jpg\",\"articleSection\":[\"Sonora\"],\"inLanguage\":\"es\",\"potentialAction\":[{\"@type\":\"CommentAction\",\"name\":\"Comment\",\"target\":[\"https:\/\/www.sonoraenequipo.com.mx\/amenazan-con-cerrar-la-carretera-interncional-habitantes-de-pueblo-mayo\/#respond\"]}]},{\"@type\":\"WebPage\",\"@id\":\"https:\/\/www.sonoraenequipo.com.mx\/amenazan-con-cerrar-la-carretera-interncional-habitantes-de-pueblo-mayo\/\",\"url\":\"https:\/\/www.sonoraenequipo.com.mx\/amenazan-con-cerrar-la-carretera-interncional-habitantes-de-pueblo-mayo\/\",\"name\":\"Sonora en Equipo. Amenazan con cerrar la carretera internacional habitantes de Pueblo Mayo Sonora\",\"isPartOf\":{\"@id\":\"https:\/\/www.sonoraenequipo.com.mx\/#website\"},\"primaryImageOfPage\":{\"@id\":\"https:\/\/www.sonoraenequipo.com.mx\/amenazan-con-cerrar-la-carretera-interncional-habitantes-de-pueblo-mayo\/#primaryimage\"},\"image\":{\"@id\":\"https:\/\/www.sonoraenequipo.com.mx\/amenazan-con-cerrar-la-carretera-interncional-habitantes-de-pueblo-mayo\/#primaryimage\"},\"thumbnailUrl\":\"https:\/\/www.sonoraenequipo.com.mx\/storage\/2021\/09\/protesta-pueblo-mayo_opt.jpg\",\"datePublished\":\"2021-09-02T17:30:50+00:00\",\"dateModified\":\"2021-09-02T20:00:30+00:00\",\"description\":\"NAVOJOA, SONORA. MX.\u2014 Para presionar por soluci\u00f3n al cr\u00edtico desabasto de agua potable que padecen desde hace meses residentes de Pueblo Mayo bloquearon En Sonora en Equipo publicamos toda la informaci\u00f3n de Sonora, M\u00e9xico y el Mundo de manera oportuna y busca que la libertad de expresi\u00f3n sea real. Visita nuestro medio informativo publicado desde Hermosillo, Sonora. %\",\"breadcrumb\":{\"@id\":\"https:\/\/www.sonoraenequipo.com.mx\/amenazan-con-cerrar-la-carretera-interncional-habitantes-de-pueblo-mayo\/#breadcrumb\"},\"inLanguage\":\"es\",\"potentialAction\":[{\"@type\":\"ReadAction\",\"target\":[\"https:\/\/www.sonoraenequipo.com.mx\/amenazan-con-cerrar-la-carretera-interncional-habitantes-de-pueblo-mayo\/\"]}]},{\"@type\":\"ImageObject\",\"inLanguage\":\"es\",\"@id\":\"https:\/\/www.sonoraenequipo.com.mx\/amenazan-con-cerrar-la-carretera-interncional-habitantes-de-pueblo-mayo\/#primaryimage\",\"url\":\"https:\/\/www.sonoraenequipo.com.mx\/storage\/2021\/09\/protesta-pueblo-mayo_opt.jpg\",\"contentUrl\":\"https:\/\/www.sonoraenequipo.com.mx\/storage\/2021\/09\/protesta-pueblo-mayo_opt.jpg\",\"width\":700,\"height\":400},{\"@type\":\"BreadcrumbList\",\"@id\":\"https:\/\/www.sonoraenequipo.com.mx\/amenazan-con-cerrar-la-carretera-interncional-habitantes-de-pueblo-mayo\/#breadcrumb\",\"itemListElement\":[{\"@type\":\"ListItem\",\"position\":1,\"name\":\"Portada\",\"item\":\"https:\/\/www.sonoraenequipo.com.mx\/\"},{\"@type\":\"ListItem\",\"position\":2,\"name\":\"Amenazan con cerrar la carretera internacional habitantes de Pueblo Mayo\"}]},{\"@type\":\"WebSite\",\"@id\":\"https:\/\/www.sonoraenequipo.com.mx\/#website\",\"url\":\"https:\/\/www.sonoraenequipo.com.mx\/\",\"name\":\"Sonora en Equipo.\",\"description\":\"Diario en l\u00ednea con Noticias desde Hermosillo, Sonora\",\"publisher\":{\"@id\":\"https:\/\/www.sonoraenequipo.com.mx\/#organization\"},\"potentialAction\":[{\"@type\":\"SearchAction\",\"target\":{\"@type\":\"EntryPoint\",\"urlTemplate\":\"https:\/\/www.sonoraenequipo.com.mx\/?s={search_term_string}\"},\"query-input\":{\"@type\":\"PropertyValueSpecification\",\"valueRequired\":true,\"valueName\":\"search_term_string\"}}],\"inLanguage\":\"es\"},{\"@type\":\"Organization\",\"@id\":\"https:\/\/www.sonoraenequipo.com.mx\/#organization\",\"name\":\"Sonoraenequipo.com.mx\",\"url\":\"https:\/\/www.sonoraenequipo.com.mx\/\",\"logo\":{\"@type\":\"ImageObject\",\"inLanguage\":\"es\",\"@id\":\"https:\/\/www.sonoraenequipo.com.mx\/#\/schema\/logo\/image\/\",\"url\":\"https:\/\/www.sonoraenequipo.com.mx\/storage\/2019\/01\/sonoraenequipo_opt.png\",\"contentUrl\":\"https:\/\/www.sonoraenequipo.com.mx\/storage\/2019\/01\/sonoraenequipo_opt.png\",\"width\":375,\"height\":125,\"caption\":\"Sonoraenequipo.com.mx\"},\"image\":{\"@id\":\"https:\/\/www.sonoraenequipo.com.mx\/#\/schema\/logo\/image\/\"},\"sameAs\":[\"https:\/\/www.facebook.com\/SonoraEE\/\",\"https:\/\/x.com\/sonoraenequipo\",\"https:\/\/www.youtube.com\/channel\/UC338nW-lPEYmJQs4ZABQ1SQ\"]},{\"@type\":\"Person\",\"@id\":\"https:\/\/www.sonoraenequipo.com.mx\/#\/schema\/person\/50102df0fb23a8fa9e8effad8fa81386\",\"name\":\"enequipo\",\"image\":{\"@type\":\"ImageObject\",\"inLanguage\":\"es\",\"@id\":\"https:\/\/www.sonoraenequipo.com.mx\/#\/schema\/person\/image\/\",\"url\":\"https:\/\/secure.gravatar.com\/avatar\/049821681b589dabc0bc20695993ccebb09f5b5d4d790cd9251b97faac7c652b?s=96&d=blank&r=g\",\"contentUrl\":\"https:\/\/secure.gravatar.com\/avatar\/049821681b589dabc0bc20695993ccebb09f5b5d4d790cd9251b97faac7c652b?s=96&d=blank&r=g\",\"caption\":\"enequipo\"},\"sameAs\":[\"https:\/\/www.facebook.com\/SonoraEE\"]}]}<\/script>\n ","yoast_head_json":{"title":"Sonora en Equipo. Amenazan con cerrar la carretera internacional habitantes de Pueblo Mayo Sonora","description":"NAVOJOA, SONORA. MX.\u2014 Para presionar por soluci\u00f3n al cr\u00edtico desabasto de agua potable que padecen desde hace meses residentes de Pueblo Mayo bloquearon En Sonora en Equipo publicamos toda la informaci\u00f3n de Sonora, M\u00e9xico y el Mundo de manera oportuna y busca que la libertad de expresi\u00f3n sea real. Visita nuestro medio informativo publicado desde Hermosillo, Sonora. %","robots":{"index":"index","follow":"follow","max-snippet":"max-snippet:-1","max-image-preview":"max-image-preview:large","max-video-preview":"max-video-preview:-1"},"canonical":"https:\/\/www.sonoraenequipo.com.mx\/amenazan-con-cerrar-la-carretera-interncional-habitantes-de-pueblo-mayo\/","og_locale":"es_ES","og_type":"article","og_title":"Sonora en Equipo. Amenazan con cerrar la carretera internacional habitantes de Pueblo Mayo Sonora","og_description":"NAVOJOA, SONORA. MX.\u2014 Para presionar por soluci\u00f3n al cr\u00edtico desabasto de agua potable que padecen desde hace meses residentes de Pueblo Mayo bloquearon En Sonora en Equipo publicamos toda la informaci\u00f3n de Sonora, M\u00e9xico y el Mundo de manera oportuna y busca que la libertad de expresi\u00f3n sea real. Visita nuestro medio informativo publicado desde Hermosillo, Sonora. %","og_url":"https:\/\/www.sonoraenequipo.com.mx\/amenazan-con-cerrar-la-carretera-interncional-habitantes-de-pueblo-mayo\/","og_site_name":"Sonora en Equipo.","article_publisher":"https:\/\/www.facebook.com\/SonoraEE\/","article_author":"https:\/\/www.facebook.com\/SonoraEE","article_published_time":"2021-09-02T17:30:50+00:00","article_modified_time":"2021-09-02T20:00:30+00:00","og_image":[{"width":700,"height":400,"url":"https:\/\/www.sonoraenequipo.com.mx\/storage\/2021\/09\/protesta-pueblo-mayo_opt.jpg","type":"image\/jpeg"}],"author":"enequipo","twitter_card":"summary_large_image","twitter_creator":"@sonoraenequipo","twitter_site":"@sonoraenequipo","twitter_misc":{"Escrito por":"enequipo","Tiempo de lectura":"2 minutos"},"schema":{"@context":"https:\/\/schema.org","@graph":[{"@type":"Article","@id":"https:\/\/www.sonoraenequipo.com.mx\/amenazan-con-cerrar-la-carretera-interncional-habitantes-de-pueblo-mayo\/#article","isPartOf":{"@id":"https:\/\/www.sonoraenequipo.com.mx\/amenazan-con-cerrar-la-carretera-interncional-habitantes-de-pueblo-mayo\/"},"author":{"name":"enequipo","@id":"https:\/\/www.sonoraenequipo.com.mx\/#\/schema\/person\/50102df0fb23a8fa9e8effad8fa81386"},"headline":"Amenazan con cerrar la carretera internacional habitantes de Pueblo Mayo","datePublished":"2021-09-02T17:30:50+00:00","dateModified":"2021-09-02T20:00:30+00:00","mainEntityOfPage":{"@id":"https:\/\/www.sonoraenequipo.com.mx\/amenazan-con-cerrar-la-carretera-interncional-habitantes-de-pueblo-mayo\/"},"wordCount":498,"commentCount":0,"publisher":{"@id":"https:\/\/www.sonoraenequipo.com.mx\/#organization"},"image":{"@id":"https:\/\/www.sonoraenequipo.com.mx\/amenazan-con-cerrar-la-carretera-interncional-habitantes-de-pueblo-mayo\/#primaryimage"},"thumbnailUrl":"https:\/\/www.sonoraenequipo.com.mx\/storage\/2021\/09\/protesta-pueblo-mayo_opt.jpg","articleSection":["Sonora"],"inLanguage":"es","potentialAction":[{"@type":"CommentAction","name":"Comment","target":["https:\/\/www.sonoraenequipo.com.mx\/amenazan-con-cerrar-la-carretera-interncional-habitantes-de-pueblo-mayo\/#respond"]}]},{"@type":"WebPage","@id":"https:\/\/www.sonoraenequipo.com.mx\/amenazan-con-cerrar-la-carretera-interncional-habitantes-de-pueblo-mayo\/","url":"https:\/\/www.sonoraenequipo.com.mx\/amenazan-con-cerrar-la-carretera-interncional-habitantes-de-pueblo-mayo\/","name":"Sonora en Equipo. Amenazan con cerrar la carretera internacional habitantes de Pueblo Mayo Sonora","isPartOf":{"@id":"https:\/\/www.sonoraenequipo.com.mx\/#website"},"primaryImageOfPage":{"@id":"https:\/\/www.sonoraenequipo.com.mx\/amenazan-con-cerrar-la-carretera-interncional-habitantes-de-pueblo-mayo\/#primaryimage"},"image":{"@id":"https:\/\/www.sonoraenequipo.com.mx\/amenazan-con-cerrar-la-carretera-interncional-habitantes-de-pueblo-mayo\/#primaryimage"},"thumbnailUrl":"https:\/\/www.sonoraenequipo.com.mx\/storage\/2021\/09\/protesta-pueblo-mayo_opt.jpg","datePublished":"2021-09-02T17:30:50+00:00","dateModified":"2021-09-02T20:00:30+00:00","description":"NAVOJOA, SONORA. MX.\u2014 Para presionar por soluci\u00f3n al cr\u00edtico desabasto de agua potable que padecen desde hace meses residentes de Pueblo Mayo bloquearon En Sonora en Equipo publicamos toda la informaci\u00f3n de Sonora, M\u00e9xico y el Mundo de manera oportuna y busca que la libertad de expresi\u00f3n sea real. Visita nuestro medio informativo publicado desde Hermosillo, Sonora. %","breadcrumb":{"@id":"https:\/\/www.sonoraenequipo.com.mx\/amenazan-con-cerrar-la-carretera-interncional-habitantes-de-pueblo-mayo\/#breadcrumb"},"inLanguage":"es","potentialAction":[{"@type":"ReadAction","target":["https:\/\/www.sonoraenequipo.com.mx\/amenazan-con-cerrar-la-carretera-interncional-habitantes-de-pueblo-mayo\/"]}]},{"@type":"ImageObject","inLanguage":"es","@id":"https:\/\/www.sonoraenequipo.com.mx\/amenazan-con-cerrar-la-carretera-interncional-habitantes-de-pueblo-mayo\/#primaryimage","url":"https:\/\/www.sonoraenequipo.com.mx\/storage\/2021\/09\/protesta-pueblo-mayo_opt.jpg","contentUrl":"https:\/\/www.sonoraenequipo.com.mx\/storage\/2021\/09\/protesta-pueblo-mayo_opt.jpg","width":700,"height":400},{"@type":"BreadcrumbList","@id":"https:\/\/www.sonoraenequipo.com.mx\/amenazan-con-cerrar-la-carretera-interncional-habitantes-de-pueblo-mayo\/#breadcrumb","itemListElement":[{"@type":"ListItem","position":1,"name":"Portada","item":"https:\/\/www.sonoraenequipo.com.mx\/"},{"@type":"ListItem","position":2,"name":"Amenazan con cerrar la carretera internacional habitantes de Pueblo Mayo"}]},{"@type":"WebSite","@id":"https:\/\/www.sonoraenequipo.com.mx\/#website","url":"https:\/\/www.sonoraenequipo.com.mx\/","name":"Sonora en Equipo.","description":"Diario en l\u00ednea con Noticias desde Hermosillo, Sonora","publisher":{"@id":"https:\/\/www.sonoraenequipo.com.mx\/#organization"},"potentialAction":[{"@type":"SearchAction","target":{"@type":"EntryPoint","urlTemplate":"https:\/\/www.sonoraenequipo.com.mx\/?s={search_term_string}"},"query-input":{"@type":"PropertyValueSpecification","valueRequired":true,"valueName":"search_term_string"}}],"inLanguage":"es"},{"@type":"Organization","@id":"https:\/\/www.sonoraenequipo.com.mx\/#organization","name":"Sonoraenequipo.com.mx","url":"https:\/\/www.sonoraenequipo.com.mx\/","logo":{"@type":"ImageObject","inLanguage":"es","@id":"https:\/\/www.sonoraenequipo.com.mx\/#\/schema\/logo\/image\/","url":"https:\/\/www.sonoraenequipo.com.mx\/storage\/2019\/01\/sonoraenequipo_opt.png","contentUrl":"https:\/\/www.sonoraenequipo.com.mx\/storage\/2019\/01\/sonoraenequipo_opt.png","width":375,"height":125,"caption":"Sonoraenequipo.com.mx"},"image":{"@id":"https:\/\/www.sonoraenequipo.com.mx\/#\/schema\/logo\/image\/"},"sameAs":["https:\/\/www.facebook.com\/SonoraEE\/","https:\/\/x.com\/sonoraenequipo","https:\/\/www.youtube.com\/channel\/UC338nW-lPEYmJQs4ZABQ1SQ"]},{"@type":"Person","@id":"https:\/\/www.sonoraenequipo.com.mx\/#\/schema\/person\/50102df0fb23a8fa9e8effad8fa81386","name":"enequipo","image":{"@type":"ImageObject","inLanguage":"es","@id":"https:\/\/www.sonoraenequipo.com.mx\/#\/schema\/person\/image\/","url":"https:\/\/secure.gravatar.com\/avatar\/049821681b589dabc0bc20695993ccebb09f5b5d4d790cd9251b97faac7c652b?s=96&d=blank&r=g","contentUrl":"https:\/\/secure.gravatar.com\/avatar\/049821681b589dabc0bc20695993ccebb09f5b5d4d790cd9251b97faac7c652b?s=96&d=blank&r=g","caption":"enequipo"},"sameAs":["https:\/\/www.facebook.com\/SonoraEE"]}]}},"jetpack_featured_media_url":"https:\/\/www.sonoraenequipo.com.mx\/storage\/2021\/09\/protesta-pueblo-mayo_opt.jpg","_links":{"self":[{"href":"https:\/\/www.sonoraenequipo.com.mx\/api\/wp\/v2\/posts\/121940","targetHints":{"allow":["GET"]}}],"collection":[{"href":"https:\/\/www.sonoraenequipo.com.mx\/api\/wp\/v2\/posts"}],"about":[{"href":"https:\/\/www.sonoraenequipo.com.mx\/api\/wp\/v2\/types\/post"}],"author":[{"embeddable":true,"href":"https:\/\/www.sonoraenequipo.com.mx\/api\/wp\/v2\/users\/1"}],"replies":[{"embeddable":true,"href":"https:\/\/www.sonoraenequipo.com.mx\/api\/wp\/v2\/comments?post=121940"}],"version-history":[{"count":2,"href":"https:\/\/www.sonoraenequipo.com.mx\/api\/wp\/v2\/posts\/121940\/revisions"}],"predecessor-version":[{"id":121951,"href":"https:\/\/www.sonoraenequipo.com.mx\/api\/wp\/v2\/posts\/121940\/revisions\/121951"}],"wp:featuredmedia":[{"embeddable":true,"href":"https:\/\/www.sonoraenequipo.com.mx\/api\/wp\/v2\/media\/121943"}],"wp:attachment":[{"href":"https:\/\/www.sonoraenequipo.com.mx\/api\/wp\/v2\/media?parent=121940"}],"wp:term":[{"taxonomy":"category","embeddable":true,"href":"https:\/\/www.sonoraenequipo.com.mx\/api\/wp\/v2\/categories?post=121940"},{"taxonomy":"post_tag","embeddable":true,"href":"https:\/\/www.sonoraenequipo.com.mx\/api\/wp\/v2\/tags?post=121940"}],"curies":[{"name":"wp","href":"https:\/\/api.w.org\/{rel}","templated":true}]}}