{"id":121945,"date":"2021-09-02T12:33:47","date_gmt":"2021-09-02T19:33:47","guid":{"rendered":"https:\/\/www.sonoraenequipo.com.mx\/?p=121945"},"modified":"2021-09-02T12:33:47","modified_gmt":"2021-09-02T19:33:47","slug":"regreso-a-clases-presenciales-de-los-mayores-retos-para-coahuila-gobernador-riquelme","status":"publish","type":"post","link":"https:\/\/www.sonoraenequipo.com.mx\/regreso-a-clases-presenciales-de-los-mayores-retos-para-coahuila-gobernador-riquelme\/","title":{"rendered":"Regreso a clases presenciales de los mayores retos para Coahuila: gobernador Riquelme"},"content":{"rendered":"<p>PIEDRAS NEGRAS, COAHUILA\u2500\u2500 El gobernador Miguel \u00c1ngel Riquelme Sol\u00eds presidi\u00f3 la 64 Reuni\u00f3n del Subcomit\u00e9 T\u00e9cnico Covid-19 de la Regi\u00f3n Norte, donde expres\u00f3 que uno de los mayores retos que se tienen es el regreso a clases presenciales, por lo que previamente se adoptaron medidas en conjunto con el sector magisterial y padres de familia para prevenir los contagios entre la poblaci\u00f3n estudiantil y docente.<\/p>\n<p>&nbsp;<\/p>\n<p>Explic\u00f3 que se est\u00e1 a\u00fan en fase de prueba, esperando la disminuci\u00f3n de casos en todas las regiones, con el avance de la aplicaci\u00f3n de la vacuna anticovid: \u201cY hay que explorar la experiencia para irla valorando, lo que permitir\u00e1 generar tranquilidad entre la poblaci\u00f3n\u201d.<\/p>\n<p>&nbsp;<\/p>\n<p>El Secretario de Inclusi\u00f3n y Desarrollo Social del Estado, Francisco Saracho Navarro, coordinador del Subcomit\u00e9, inform\u00f3 que en los 10 municipios de la Regi\u00f3n Norte se reforzaron los protocolos sanitarios.<\/p>\n<p>&nbsp;<\/p>\n<p>Roberto Bernal G\u00f3mez, Secretario de Salud de Coahuila, dio a conocer un panorama en la entidad de los casos de Covid-19, se\u00f1alando que se han realizado 514 mil 296 ex\u00e1menes PCR, con 74 mil pruebas de ant\u00edgeno, una herramienta \u00fatil y r\u00e1pida para identificar a las personas contagiosas transmisoras del virus.<\/p>\n<p>&nbsp;<\/p>\n<p>Destac\u00f3 que el programa de vacunaci\u00f3n en Coahuila sigue adelante con buenos resultados.<\/p>\n<p>&nbsp;<\/p>\n<p>A la fecha, se han aplicado 1 mill\u00f3n 464 mil 251 dosis a la poblaci\u00f3n de 18 a\u00f1os en adelante.<\/p>\n<p>&nbsp;<\/p>\n<p>Sobre el inicio de clases en la entidad, se\u00f1al\u00f3 que se da seguimiento al manual para el retorno seguro a las aulas actualmente de forma semipresencial en Coahuila.<\/p>\n<p>&nbsp;<\/p>\n<p>A\u00f1adi\u00f3 que es responsabilidad de todos observar los lineamientos sanitarios establecidos.<\/p>\n<p>&nbsp;<\/p>\n<p>A la reuni\u00f3n asistieron los presidentes municipales Claudio Bres Garza, de Piedras Negras; Antero Alberto Alvarado Sald\u00edvar, de Allende; Matilde Estrada Torres, de Guerrero; Roberto de los Santos V\u00e1zquez, de Acu\u00f1a; Gerardo Xavier de Hoyos Perales, de Morelos; Sergio Zen\u00f3n Vel\u00e1zquez V\u00e1zquez, de Nava; Narcedalia Padr\u00f3n Arizpe, de Villa Uni\u00f3n; Delia Pimentel G\u00f3mez, de Hidalgo; Ra\u00fal Pecina Villarreal, de Jim\u00e9nez, y la representaci\u00f3n de la Alcaldesa de Zaragoza, \u00c1ngeles Elo\u00edsa Flores Torres.<\/p>\n<p>&nbsp;<\/p>\n<p>Por el Sector Salud, Iv\u00e1n Alejandro Moscoso, Jefe de la Jurisdicci\u00f3n Sanitaria 1; por la Jurisdicci\u00f3n Sanitaria 2, Guillermo Herrera T\u00e9llez; Julio Garibaldi Zapatero, Director del Hospital General de Piedras Negras; representantes del Hospital General de Zona 11 del IMSS y de la Unidad de Medicina Familiar 79 del IMSS; por la Cl\u00ednica-Hospital 92 del IMSS en Acu\u00f1a, Juan Francisco Tejeda Ram\u00edrez.<\/p>\n<p>&nbsp;<\/p>\n<p>Tambi\u00e9n participaron el Comandante del 12 Regimiento de Caballer\u00eda Motorizado, Coronel Mario Guti\u00e9rrez Mart\u00ednez; representantes de la Guarnici\u00f3n Militar de la Plaza y Guardia Nacional; Jes\u00fas Manuel de la Garza Long, de la Secretar\u00eda de Educaci\u00f3n; \u00d3scar L\u00f3pez Elizondo, Rector de la Universidad Tecnol\u00f3gica del Norte de Coahuila; los presidentes de la C\u00e1mara de Comercio de Piedras Negras, Carlos Gonz\u00e1lez Rodr\u00edguez, y Acu\u00f1a, Luis \u00c1ngel Urraza Dugay.<\/p>\n<p>&nbsp;<\/p>\n<p>Fecha de Publicaci\u00f3n jueves \/ 02\u00a0\u00a0 \/ septiembre \/ 2021<\/p>\n<p>Tomado de<a href=\"http:\/\/intersip.org\/2021\/09\/02\/regreso-a-clases-presenciales-de-los-mayores-retos-para-coahuila-mars\/\"> http:\/\/intersip.org\/2021\/09\/02\/regreso-a-clases-presenciales-de-los-mayores-retos-para-coahuila-mars\/<\/a><\/p>\n","protected":false},"excerpt":{"rendered":"<p>PIEDRAS NEGRAS, COAHUILA\u2500\u2500 El gobernador Miguel \u00c1ngel Riquelme Sol\u00eds presidi\u00f3 la 64 Reuni\u00f3n del Subcomit\u00e9&#8230;<\/p>\n","protected":false},"author":1,"featured_media":121948,"comment_status":"open","ping_status":"open","sticky":false,"template":"","format":"standard","meta":{"_monsterinsights_skip_tracking":false,"_monsterinsights_sitenote_active":false,"_monsterinsights_sitenote_note":"","_monsterinsights_sitenote_category":0,"footnotes":""},"categories":[5],"tags":[1079,4249],"class_list":["post"],"yoast_head":" \n<title>Sonora en Equipo. Regreso a clases presenciales de los mayores retos para Coahuila: gobernador Riquelme Rep\u00fablica<\/title>\n<meta name=\"description\" content=\"PIEDRAS NEGRAS, COAHUILA\u2500\u2500 El gobernador Miguel \u00c1ngel Riquelme Sol\u00eds presidi\u00f3 la 64 Reuni\u00f3n del Subcomit\u00e9 T\u00e9cnico Covid-19 de la Regi\u00f3n Norte, donde En Sonora en Equipo publicamos toda la informaci\u00f3n de Sonora, M\u00e9xico y el Mundo de manera oportuna y busca que la libertad de expresi\u00f3n sea real. Visita nuestro medio informativo publicado desde Hermosillo, Sonora. %\" \/>\n<meta name=\"robots\" content=\"index, follow, max-snippet:-1, max-image-preview:large, max-video-preview:-1\" \/>\n<link rel=\"canonical\" href=\"https:\/\/www.sonoraenequipo.com.mx\/regreso-a-clases-presenciales-de-los-mayores-retos-para-coahuila-gobernador-riquelme\/\" \/>\n<meta property=\"og:locale\" content=\"es_ES\" \/>\n<meta property=\"og:type\" content=\"article\" \/>\n<meta property=\"og:title\" content=\"Sonora en Equipo. Regreso a clases presenciales de los mayores retos para Coahuila: gobernador Riquelme Rep\u00fablica\" \/>\n<meta property=\"og:description\" content=\"PIEDRAS NEGRAS, COAHUILA\u2500\u2500 El gobernador Miguel \u00c1ngel Riquelme Sol\u00eds presidi\u00f3 la 64 Reuni\u00f3n del Subcomit\u00e9 T\u00e9cnico Covid-19 de la Regi\u00f3n Norte, donde En Sonora en Equipo publicamos toda la informaci\u00f3n de Sonora, M\u00e9xico y el Mundo de manera oportuna y busca que la libertad de expresi\u00f3n sea real. Visita nuestro medio informativo publicado desde Hermosillo, Sonora. %\" \/>\n<meta property=\"og:url\" content=\"https:\/\/www.sonoraenequipo.com.mx\/regreso-a-clases-presenciales-de-los-mayores-retos-para-coahuila-gobernador-riquelme\/\" \/>\n<meta property=\"og:site_name\" content=\"Sonora en Equipo.\" \/>\n<meta property=\"article:publisher\" content=\"https:\/\/www.facebook.com\/SonoraEE\/\" \/>\n<meta property=\"article:author\" content=\"https:\/\/www.facebook.com\/SonoraEE\" \/>\n<meta property=\"article:published_time\" content=\"2021-09-02T19:33:47+00:00\" \/>\n<meta property=\"og:image\" content=\"https:\/\/www.sonoraenequipo.com.mx\/storage\/2021\/09\/riquelme.jpg\" \/>\n\t<meta property=\"og:image:width\" content=\"700\" \/>\n\t<meta property=\"og:image:height\" content=\"399\" \/>\n\t<meta property=\"og:image:type\" content=\"image\/jpeg\" \/>\n<meta name=\"author\" content=\"enequipo\" \/>\n<meta name=\"twitter:card\" content=\"summary_large_image\" \/>\n<meta name=\"twitter:creator\" content=\"@sonoraenequipo\" \/>\n<meta name=\"twitter:site\" content=\"@sonoraenequipo\" \/>\n<meta name=\"twitter:label1\" content=\"Escrito por\" \/>\n\t<meta name=\"twitter:data1\" content=\"enequipo\" \/>\n\t<meta name=\"twitter:label2\" content=\"Tiempo de lectura\" \/>\n\t<meta name=\"twitter:data2\" content=\"3 minutos\" \/>\n<script type=\"application\/ld+json\" class=\"yoast-schema-graph\">{\"@context\":\"https:\/\/schema.org\",\"@graph\":[{\"@type\":\"Article\",\"@id\":\"https:\/\/www.sonoraenequipo.com.mx\/regreso-a-clases-presenciales-de-los-mayores-retos-para-coahuila-gobernador-riquelme\/#article\",\"isPartOf\":{\"@id\":\"https:\/\/www.sonoraenequipo.com.mx\/regreso-a-clases-presenciales-de-los-mayores-retos-para-coahuila-gobernador-riquelme\/\"},\"author\":{\"name\":\"enequipo\",\"@id\":\"https:\/\/www.sonoraenequipo.com.mx\/#\/schema\/person\/50102df0fb23a8fa9e8effad8fa81386\"},\"headline\":\"Regreso a clases presenciales de los mayores retos para Coahuila: gobernador Riquelme\",\"datePublished\":\"2021-09-02T19:33:47+00:00\",\"mainEntityOfPage\":{\"@id\":\"https:\/\/www.sonoraenequipo.com.mx\/regreso-a-clases-presenciales-de-los-mayores-retos-para-coahuila-gobernador-riquelme\/\"},\"wordCount\":541,\"commentCount\":0,\"publisher\":{\"@id\":\"https:\/\/www.sonoraenequipo.com.mx\/#organization\"},\"image\":{\"@id\":\"https:\/\/www.sonoraenequipo.com.mx\/regreso-a-clases-presenciales-de-los-mayores-retos-para-coahuila-gobernador-riquelme\/#primaryimage\"},\"thumbnailUrl\":\"https:\/\/www.sonoraenequipo.com.mx\/storage\/2021\/09\/riquelme.jpg\",\"keywords\":[\"Coahuila\",\"covid\"],\"articleSection\":[\"Rep\u00fablica\"],\"inLanguage\":\"es\",\"potentialAction\":[{\"@type\":\"CommentAction\",\"name\":\"Comment\",\"target\":[\"https:\/\/www.sonoraenequipo.com.mx\/regreso-a-clases-presenciales-de-los-mayores-retos-para-coahuila-gobernador-riquelme\/#respond\"]}]},{\"@type\":\"WebPage\",\"@id\":\"https:\/\/www.sonoraenequipo.com.mx\/regreso-a-clases-presenciales-de-los-mayores-retos-para-coahuila-gobernador-riquelme\/\",\"url\":\"https:\/\/www.sonoraenequipo.com.mx\/regreso-a-clases-presenciales-de-los-mayores-retos-para-coahuila-gobernador-riquelme\/\",\"name\":\"Sonora en Equipo. Regreso a clases presenciales de los mayores retos para Coahuila: gobernador Riquelme Rep\u00fablica\",\"isPartOf\":{\"@id\":\"https:\/\/www.sonoraenequipo.com.mx\/#website\"},\"primaryImageOfPage\":{\"@id\":\"https:\/\/www.sonoraenequipo.com.mx\/regreso-a-clases-presenciales-de-los-mayores-retos-para-coahuila-gobernador-riquelme\/#primaryimage\"},\"image\":{\"@id\":\"https:\/\/www.sonoraenequipo.com.mx\/regreso-a-clases-presenciales-de-los-mayores-retos-para-coahuila-gobernador-riquelme\/#primaryimage\"},\"thumbnailUrl\":\"https:\/\/www.sonoraenequipo.com.mx\/storage\/2021\/09\/riquelme.jpg\",\"datePublished\":\"2021-09-02T19:33:47+00:00\",\"description\":\"PIEDRAS NEGRAS, COAHUILA\u2500\u2500 El gobernador Miguel \u00c1ngel Riquelme Sol\u00eds presidi\u00f3 la 64 Reuni\u00f3n del Subcomit\u00e9 T\u00e9cnico Covid-19 de la Regi\u00f3n Norte, donde En Sonora en Equipo publicamos toda la informaci\u00f3n de Sonora, M\u00e9xico y el Mundo de manera oportuna y busca que la libertad de expresi\u00f3n sea real. Visita nuestro medio informativo publicado desde Hermosillo, Sonora. %\",\"breadcrumb\":{\"@id\":\"https:\/\/www.sonoraenequipo.com.mx\/regreso-a-clases-presenciales-de-los-mayores-retos-para-coahuila-gobernador-riquelme\/#breadcrumb\"},\"inLanguage\":\"es\",\"potentialAction\":[{\"@type\":\"ReadAction\",\"target\":[\"https:\/\/www.sonoraenequipo.com.mx\/regreso-a-clases-presenciales-de-los-mayores-retos-para-coahuila-gobernador-riquelme\/\"]}]},{\"@type\":\"ImageObject\",\"inLanguage\":\"es\",\"@id\":\"https:\/\/www.sonoraenequipo.com.mx\/regreso-a-clases-presenciales-de-los-mayores-retos-para-coahuila-gobernador-riquelme\/#primaryimage\",\"url\":\"https:\/\/www.sonoraenequipo.com.mx\/storage\/2021\/09\/riquelme.jpg\",\"contentUrl\":\"https:\/\/www.sonoraenequipo.com.mx\/storage\/2021\/09\/riquelme.jpg\",\"width\":700,\"height\":399},{\"@type\":\"BreadcrumbList\",\"@id\":\"https:\/\/www.sonoraenequipo.com.mx\/regreso-a-clases-presenciales-de-los-mayores-retos-para-coahuila-gobernador-riquelme\/#breadcrumb\",\"itemListElement\":[{\"@type\":\"ListItem\",\"position\":1,\"name\":\"Portada\",\"item\":\"https:\/\/www.sonoraenequipo.com.mx\/\"},{\"@type\":\"ListItem\",\"position\":2,\"name\":\"Regreso a clases presenciales de los mayores retos para Coahuila: gobernador Riquelme\"}]},{\"@type\":\"WebSite\",\"@id\":\"https:\/\/www.sonoraenequipo.com.mx\/#website\",\"url\":\"https:\/\/www.sonoraenequipo.com.mx\/\",\"name\":\"Sonora en Equipo.\",\"description\":\"Diario en l\u00ednea con Noticias desde Hermosillo, Sonora\",\"publisher\":{\"@id\":\"https:\/\/www.sonoraenequipo.com.mx\/#organization\"},\"potentialAction\":[{\"@type\":\"SearchAction\",\"target\":{\"@type\":\"EntryPoint\",\"urlTemplate\":\"https:\/\/www.sonoraenequipo.com.mx\/?s={search_term_string}\"},\"query-input\":{\"@type\":\"PropertyValueSpecification\",\"valueRequired\":true,\"valueName\":\"search_term_string\"}}],\"inLanguage\":\"es\"},{\"@type\":\"Organization\",\"@id\":\"https:\/\/www.sonoraenequipo.com.mx\/#organization\",\"name\":\"Sonoraenequipo.com.mx\",\"url\":\"https:\/\/www.sonoraenequipo.com.mx\/\",\"logo\":{\"@type\":\"ImageObject\",\"inLanguage\":\"es\",\"@id\":\"https:\/\/www.sonoraenequipo.com.mx\/#\/schema\/logo\/image\/\",\"url\":\"https:\/\/www.sonoraenequipo.com.mx\/storage\/2019\/01\/sonoraenequipo_opt.png\",\"contentUrl\":\"https:\/\/www.sonoraenequipo.com.mx\/storage\/2019\/01\/sonoraenequipo_opt.png\",\"width\":375,\"height\":125,\"caption\":\"Sonoraenequipo.com.mx\"},\"image\":{\"@id\":\"https:\/\/www.sonoraenequipo.com.mx\/#\/schema\/logo\/image\/\"},\"sameAs\":[\"https:\/\/www.facebook.com\/SonoraEE\/\",\"https:\/\/x.com\/sonoraenequipo\",\"https:\/\/www.youtube.com\/channel\/UC338nW-lPEYmJQs4ZABQ1SQ\"]},{\"@type\":\"Person\",\"@id\":\"https:\/\/www.sonoraenequipo.com.mx\/#\/schema\/person\/50102df0fb23a8fa9e8effad8fa81386\",\"name\":\"enequipo\",\"image\":{\"@type\":\"ImageObject\",\"inLanguage\":\"es\",\"@id\":\"https:\/\/www.sonoraenequipo.com.mx\/#\/schema\/person\/image\/\",\"url\":\"https:\/\/secure.gravatar.com\/avatar\/049821681b589dabc0bc20695993ccebb09f5b5d4d790cd9251b97faac7c652b?s=96&d=blank&r=g\",\"contentUrl\":\"https:\/\/secure.gravatar.com\/avatar\/049821681b589dabc0bc20695993ccebb09f5b5d4d790cd9251b97faac7c652b?s=96&d=blank&r=g\",\"caption\":\"enequipo\"},\"sameAs\":[\"https:\/\/www.facebook.com\/SonoraEE\"]}]}<\/script>\n ","yoast_head_json":{"title":"Sonora en Equipo. Regreso a clases presenciales de los mayores retos para Coahuila: gobernador Riquelme Rep\u00fablica","description":"PIEDRAS NEGRAS, COAHUILA\u2500\u2500 El gobernador Miguel \u00c1ngel Riquelme Sol\u00eds presidi\u00f3 la 64 Reuni\u00f3n del Subcomit\u00e9 T\u00e9cnico Covid-19 de la Regi\u00f3n Norte, donde En Sonora en Equipo publicamos toda la informaci\u00f3n de Sonora, M\u00e9xico y el Mundo de manera oportuna y busca que la libertad de expresi\u00f3n sea real. Visita nuestro medio informativo publicado desde Hermosillo, Sonora. %","robots":{"index":"index","follow":"follow","max-snippet":"max-snippet:-1","max-image-preview":"max-image-preview:large","max-video-preview":"max-video-preview:-1"},"canonical":"https:\/\/www.sonoraenequipo.com.mx\/regreso-a-clases-presenciales-de-los-mayores-retos-para-coahuila-gobernador-riquelme\/","og_locale":"es_ES","og_type":"article","og_title":"Sonora en Equipo. Regreso a clases presenciales de los mayores retos para Coahuila: gobernador Riquelme Rep\u00fablica","og_description":"PIEDRAS NEGRAS, COAHUILA\u2500\u2500 El gobernador Miguel \u00c1ngel Riquelme Sol\u00eds presidi\u00f3 la 64 Reuni\u00f3n del Subcomit\u00e9 T\u00e9cnico Covid-19 de la Regi\u00f3n Norte, donde En Sonora en Equipo publicamos toda la informaci\u00f3n de Sonora, M\u00e9xico y el Mundo de manera oportuna y busca que la libertad de expresi\u00f3n sea real. Visita nuestro medio informativo publicado desde Hermosillo, Sonora. %","og_url":"https:\/\/www.sonoraenequipo.com.mx\/regreso-a-clases-presenciales-de-los-mayores-retos-para-coahuila-gobernador-riquelme\/","og_site_name":"Sonora en Equipo.","article_publisher":"https:\/\/www.facebook.com\/SonoraEE\/","article_author":"https:\/\/www.facebook.com\/SonoraEE","article_published_time":"2021-09-02T19:33:47+00:00","og_image":[{"width":700,"height":399,"url":"https:\/\/www.sonoraenequipo.com.mx\/storage\/2021\/09\/riquelme.jpg","type":"image\/jpeg"}],"author":"enequipo","twitter_card":"summary_large_image","twitter_creator":"@sonoraenequipo","twitter_site":"@sonoraenequipo","twitter_misc":{"Escrito por":"enequipo","Tiempo de lectura":"3 minutos"},"schema":{"@context":"https:\/\/schema.org","@graph":[{"@type":"Article","@id":"https:\/\/www.sonoraenequipo.com.mx\/regreso-a-clases-presenciales-de-los-mayores-retos-para-coahuila-gobernador-riquelme\/#article","isPartOf":{"@id":"https:\/\/www.sonoraenequipo.com.mx\/regreso-a-clases-presenciales-de-los-mayores-retos-para-coahuila-gobernador-riquelme\/"},"author":{"name":"enequipo","@id":"https:\/\/www.sonoraenequipo.com.mx\/#\/schema\/person\/50102df0fb23a8fa9e8effad8fa81386"},"headline":"Regreso a clases presenciales de los mayores retos para Coahuila: gobernador Riquelme","datePublished":"2021-09-02T19:33:47+00:00","mainEntityOfPage":{"@id":"https:\/\/www.sonoraenequipo.com.mx\/regreso-a-clases-presenciales-de-los-mayores-retos-para-coahuila-gobernador-riquelme\/"},"wordCount":541,"commentCount":0,"publisher":{"@id":"https:\/\/www.sonoraenequipo.com.mx\/#organization"},"image":{"@id":"https:\/\/www.sonoraenequipo.com.mx\/regreso-a-clases-presenciales-de-los-mayores-retos-para-coahuila-gobernador-riquelme\/#primaryimage"},"thumbnailUrl":"https:\/\/www.sonoraenequipo.com.mx\/storage\/2021\/09\/riquelme.jpg","keywords":["Coahuila","covid"],"articleSection":["Rep\u00fablica"],"inLanguage":"es","potentialAction":[{"@type":"CommentAction","name":"Comment","target":["https:\/\/www.sonoraenequipo.com.mx\/regreso-a-clases-presenciales-de-los-mayores-retos-para-coahuila-gobernador-riquelme\/#respond"]}]},{"@type":"WebPage","@id":"https:\/\/www.sonoraenequipo.com.mx\/regreso-a-clases-presenciales-de-los-mayores-retos-para-coahuila-gobernador-riquelme\/","url":"https:\/\/www.sonoraenequipo.com.mx\/regreso-a-clases-presenciales-de-los-mayores-retos-para-coahuila-gobernador-riquelme\/","name":"Sonora en Equipo. Regreso a clases presenciales de los mayores retos para Coahuila: gobernador Riquelme Rep\u00fablica","isPartOf":{"@id":"https:\/\/www.sonoraenequipo.com.mx\/#website"},"primaryImageOfPage":{"@id":"https:\/\/www.sonoraenequipo.com.mx\/regreso-a-clases-presenciales-de-los-mayores-retos-para-coahuila-gobernador-riquelme\/#primaryimage"},"image":{"@id":"https:\/\/www.sonoraenequipo.com.mx\/regreso-a-clases-presenciales-de-los-mayores-retos-para-coahuila-gobernador-riquelme\/#primaryimage"},"thumbnailUrl":"https:\/\/www.sonoraenequipo.com.mx\/storage\/2021\/09\/riquelme.jpg","datePublished":"2021-09-02T19:33:47+00:00","description":"PIEDRAS NEGRAS, COAHUILA\u2500\u2500 El gobernador Miguel \u00c1ngel Riquelme Sol\u00eds presidi\u00f3 la 64 Reuni\u00f3n del Subcomit\u00e9 T\u00e9cnico Covid-19 de la Regi\u00f3n Norte, donde En Sonora en Equipo publicamos toda la informaci\u00f3n de Sonora, M\u00e9xico y el Mundo de manera oportuna y busca que la libertad de expresi\u00f3n sea real. Visita nuestro medio informativo publicado desde Hermosillo, Sonora. %","breadcrumb":{"@id":"https:\/\/www.sonoraenequipo.com.mx\/regreso-a-clases-presenciales-de-los-mayores-retos-para-coahuila-gobernador-riquelme\/#breadcrumb"},"inLanguage":"es","potentialAction":[{"@type":"ReadAction","target":["https:\/\/www.sonoraenequipo.com.mx\/regreso-a-clases-presenciales-de-los-mayores-retos-para-coahuila-gobernador-riquelme\/"]}]},{"@type":"ImageObject","inLanguage":"es","@id":"https:\/\/www.sonoraenequipo.com.mx\/regreso-a-clases-presenciales-de-los-mayores-retos-para-coahuila-gobernador-riquelme\/#primaryimage","url":"https:\/\/www.sonoraenequipo.com.mx\/storage\/2021\/09\/riquelme.jpg","contentUrl":"https:\/\/www.sonoraenequipo.com.mx\/storage\/2021\/09\/riquelme.jpg","width":700,"height":399},{"@type":"BreadcrumbList","@id":"https:\/\/www.sonoraenequipo.com.mx\/regreso-a-clases-presenciales-de-los-mayores-retos-para-coahuila-gobernador-riquelme\/#breadcrumb","itemListElement":[{"@type":"ListItem","position":1,"name":"Portada","item":"https:\/\/www.sonoraenequipo.com.mx\/"},{"@type":"ListItem","position":2,"name":"Regreso a clases presenciales de los mayores retos para Coahuila: gobernador Riquelme"}]},{"@type":"WebSite","@id":"https:\/\/www.sonoraenequipo.com.mx\/#website","url":"https:\/\/www.sonoraenequipo.com.mx\/","name":"Sonora en Equipo.","description":"Diario en l\u00ednea con Noticias desde Hermosillo, Sonora","publisher":{"@id":"https:\/\/www.sonoraenequipo.com.mx\/#organization"},"potentialAction":[{"@type":"SearchAction","target":{"@type":"EntryPoint","urlTemplate":"https:\/\/www.sonoraenequipo.com.mx\/?s={search_term_string}"},"query-input":{"@type":"PropertyValueSpecification","valueRequired":true,"valueName":"search_term_string"}}],"inLanguage":"es"},{"@type":"Organization","@id":"https:\/\/www.sonoraenequipo.com.mx\/#organization","name":"Sonoraenequipo.com.mx","url":"https:\/\/www.sonoraenequipo.com.mx\/","logo":{"@type":"ImageObject","inLanguage":"es","@id":"https:\/\/www.sonoraenequipo.com.mx\/#\/schema\/logo\/image\/","url":"https:\/\/www.sonoraenequipo.com.mx\/storage\/2019\/01\/sonoraenequipo_opt.png","contentUrl":"https:\/\/www.sonoraenequipo.com.mx\/storage\/2019\/01\/sonoraenequipo_opt.png","width":375,"height":125,"caption":"Sonoraenequipo.com.mx"},"image":{"@id":"https:\/\/www.sonoraenequipo.com.mx\/#\/schema\/logo\/image\/"},"sameAs":["https:\/\/www.facebook.com\/SonoraEE\/","https:\/\/x.com\/sonoraenequipo","https:\/\/www.youtube.com\/channel\/UC338nW-lPEYmJQs4ZABQ1SQ"]},{"@type":"Person","@id":"https:\/\/www.sonoraenequipo.com.mx\/#\/schema\/person\/50102df0fb23a8fa9e8effad8fa81386","name":"enequipo","image":{"@type":"ImageObject","inLanguage":"es","@id":"https:\/\/www.sonoraenequipo.com.mx\/#\/schema\/person\/image\/","url":"https:\/\/secure.gravatar.com\/avatar\/049821681b589dabc0bc20695993ccebb09f5b5d4d790cd9251b97faac7c652b?s=96&d=blank&r=g","contentUrl":"https:\/\/secure.gravatar.com\/avatar\/049821681b589dabc0bc20695993ccebb09f5b5d4d790cd9251b97faac7c652b?s=96&d=blank&r=g","caption":"enequipo"},"sameAs":["https:\/\/www.facebook.com\/SonoraEE"]}]}},"jetpack_featured_media_url":"https:\/\/www.sonoraenequipo.com.mx\/storage\/2021\/09\/riquelme.jpg","_links":{"self":[{"href":"https:\/\/www.sonoraenequipo.com.mx\/api\/wp\/v2\/posts\/121945","targetHints":{"allow":["GET"]}}],"collection":[{"href":"https:\/\/www.sonoraenequipo.com.mx\/api\/wp\/v2\/posts"}],"about":[{"href":"https:\/\/www.sonoraenequipo.com.mx\/api\/wp\/v2\/types\/post"}],"author":[{"embeddable":true,"href":"https:\/\/www.sonoraenequipo.com.mx\/api\/wp\/v2\/users\/1"}],"replies":[{"embeddable":true,"href":"https:\/\/www.sonoraenequipo.com.mx\/api\/wp\/v2\/comments?post=121945"}],"version-history":[{"count":1,"href":"https:\/\/www.sonoraenequipo.com.mx\/api\/wp\/v2\/posts\/121945\/revisions"}],"predecessor-version":[{"id":121949,"href":"https:\/\/www.sonoraenequipo.com.mx\/api\/wp\/v2\/posts\/121945\/revisions\/121949"}],"wp:featuredmedia":[{"embeddable":true,"href":"https:\/\/www.sonoraenequipo.com.mx\/api\/wp\/v2\/media\/121948"}],"wp:attachment":[{"href":"https:\/\/www.sonoraenequipo.com.mx\/api\/wp\/v2\/media?parent=121945"}],"wp:term":[{"taxonomy":"category","embeddable":true,"href":"https:\/\/www.sonoraenequipo.com.mx\/api\/wp\/v2\/categories?post=121945"},{"taxonomy":"post_tag","embeddable":true,"href":"https:\/\/www.sonoraenequipo.com.mx\/api\/wp\/v2\/tags?post=121945"}],"curies":[{"name":"wp","href":"https:\/\/api.w.org\/{rel}","templated":true}]}}