{"id":121958,"date":"2021-09-02T13:54:50","date_gmt":"2021-09-02T20:54:50","guid":{"rendered":"https:\/\/www.sonoraenequipo.com.mx\/?p=121958"},"modified":"2021-09-02T13:54:50","modified_gmt":"2021-09-02T20:54:50","slug":"la-investigacion-en-salud-constituye-un-rayo-de-esperanza-rectora-plancarte-martinez","status":"publish","type":"post","link":"https:\/\/www.sonoraenequipo.com.mx\/la-investigacion-en-salud-constituye-un-rayo-de-esperanza-rectora-plancarte-martinez\/","title":{"rendered":"\u00a0\u00a0 La investigaci\u00f3n en salud constituye un rayo de esperanza: Rectora Plancarte Mart\u00ednez"},"content":{"rendered":"<p>HERMOSILLO, SONORA,MX.\u2500\u2500 \u00a0El desarrollo de las investigaciones sobre salud constituye un rayo de esperanza en un mundo actual sacudido por la perturbadora incertidumbre que gener\u00f3 la pandemia de covid-19, asegur\u00f3 la rectora Mar\u00eda Rita Plancarte al inaugurar el Primer Congreso de Enfermedades Cr\u00f3nicas e Infecciosas, organizado por el Departamento de Medicina y Ciencias de la Salud de esta casa de estudios.<\/p>\n<p>En su mensaje, sostuvo que las acciones a realizar por las universidades como instituciones p\u00fablicas que buscan el bienestar social permiten expresar los sentimientos m\u00e1s nobles a una ciudadan\u00eda que deposita su confianza en nuestra vocaci\u00f3n solidaria y responsable en el tiempo.<\/p>\n<p>Plancarte Mart\u00ednez expres\u00f3 con benepl\u00e1cito que existen razones para estar optimistas en este campo, ya que como instituciones p\u00fablicas se forma recurso humano en disciplinas m\u00e9dicas generando conocimiento y que, adem\u00e1s, uno de los objetivos es exactamente la lucha contra la enfermedad y el deterioro de la salud, lo cual debe de ir de la mano con la producci\u00f3n de sistemas de salud sostenibles y equitativos en todas las regiones del pa\u00eds.<\/p>\n<p>\u201cRealizamos acciones que ampl\u00eden nuestro conocimiento en el campo de la salud para estar en condiciones como sociedad de enfrentar con menos incertidumbre las adversidades como hoy lo hacemos en este congreso\u201d, dijo.<\/p>\n<p>Asimismo, hizo ver que no es tarea f\u00e1cil reunir en congresos de esa naturaleza a investigadores, profesionales y estudiantes del \u00e1rea de la salud para difundir, discutir y fomentar la vinculaci\u00f3n cient\u00edfica transdisciplinaria con base en el desarrollo sostenible y as\u00ed fortalecer las l\u00edneas de investigaci\u00f3n relacionadas con enfermedades transmisibles o no y de salud p\u00fablica de mayor prevalencia nacional.<\/p>\n<p>Plancarte Mart\u00ednez puntualiz\u00f3 en la importancia de que a este evento se le visualice como un foro amplio y abierto para cuestiones de trabajos acad\u00e9micos y de investigaci\u00f3n, tanto para el propio Departamento como las instituciones organizadoras y la comunidad cient\u00edfica nacional e internacional.<\/p>\n<p>En su mensaje tambi\u00e9n consider\u00f3 que el Departamento de Medicina y Ciencias de la Salud, con apenas 20 a\u00f1os de vida en ense\u00f1anza e investigaci\u00f3n, es pertinente en nuestra entidad debido tanto por\u00a0 la elevad\u00edsima\u00a0 demanda de ingreso como a las perspectivas de desarrollo del sistema de salud regional a partir de la formaci\u00f3n de m\u00e9dicos con las competencias necesarias para interacciones con otros profesionales del mismo sector, as\u00ed como con los conocimientos, calidad t\u00e9cnica y \u00e9tica para el cuidado y la protecci\u00f3n en los niveles individual, familiar y comunitaria.<\/p>\n<p>En la ceremonia inaugural hubo mensajes de Juan Carlos G\u00e1lvez Ru\u00edz, director de la Divisi\u00f3n de Ciencias Biol\u00f3gicas y de la Salud; Jorge Isaac Cardoza Amador, jefe del Departamento, as\u00ed como Jes\u00fas Adriana Soto Guzm\u00e1n, l\u00edder del Cuerpo Acad\u00e9mico Determinantes de Enfermedades Cr\u00f3nicas e Infecciosas de la Universidad de Sonora.<\/p>\n<p>&nbsp;<\/p>\n<p>Objetivos y programa acad\u00e9mico<\/p>\n<p>&nbsp;<\/p>\n<p>El Primer Congreso de Enfermedades Cr\u00f3nicas e Infecciosas tiene como objetivo reunir a investigadores, profesionales y estudiantes del \u00e1rea de la salud para difundir, discutir y fomentar la vinculaci\u00f3n cient\u00edfica transdisciplinaria con base en el desarrollo sostenible para fortalecer l\u00edneas de investigaci\u00f3n relacionadas con enfermedades transmisibles y no transmisibles de mayor prevalencia nacional.<\/p>\n<p>En igual forma, pretende ser un foro para la difusi\u00f3n del trabajo docente y de investigaci\u00f3n de los profesores integrantes del Cuerpo acad\u00e9mico Determinantes de Enfermedades Cr\u00f3nicas e Infecciosas del Departamento de Medicina y Ciencias de la Salud y\u00a0 de la comunidad cient\u00edfica regional y nacional.<\/p>\n<p>En el desarrollo de los trabajos se abordar\u00e1n los ejes tem\u00e1ticos: Vinculaci\u00f3n cient\u00edfica con base al desarrollo sostenible para fortalecer l\u00edneas de investigaci\u00f3n relacionadas con enfermedades no transmisibles (cardiovasculares, diabetes, c\u00e1ncer y obesidad); Vinculaci\u00f3n cient\u00edfica con base al desarrollo sostenible para fortalecer l\u00edneas de investigaci\u00f3n relacionadas con enfermedades transmisibles (resistencia a antibi\u00f3ticos, tuberculosis y virales, transmitidas por vectores), y Vinculaci\u00f3n cient\u00edfica con base al desarrollo sostenible para fortalecer l\u00edneas de investigaci\u00f3n relacionadas con la Salud P\u00fablica (enfermedades transmisibles y no transmisibles).<\/p>\n<p>Las modalidades de participaci\u00f3n son ponencia y cartel cient\u00edfico, pudi\u00e9ndose presentar trabajos con investigaciones concluidas o en proceso. Los mejores ser\u00e1n considerados para su publicaci\u00f3n en las revistas Biotecnia y Epistemus, respectivamente, bajo la anuencia de los autores y con el compromiso de cumplir con los lineamientos y calidad que rige la normativa de ambas revistas.<\/p>\n<p>Fecha de Publicaci\u00f3n jueves \/ 02\u00a0\u00a0 \/ septiembre \/ 2021<\/p>\n<p>&nbsp;<\/p>\n<p>&nbsp;<\/p>\n","protected":false},"excerpt":{"rendered":"<p>HERMOSILLO, SONORA,MX.\u2500\u2500 \u00a0El desarrollo de las investigaciones sobre salud constituye un rayo de esperanza en&#8230;<\/p>\n","protected":false},"author":1,"featured_media":121960,"comment_status":"open","ping_status":"open","sticky":false,"template":"","format":"standard","meta":{"_monsterinsights_skip_tracking":false,"_monsterinsights_sitenote_active":false,"_monsterinsights_sitenote_note":"","_monsterinsights_sitenote_category":0,"footnotes":""},"categories":[2216],"tags":[],"class_list":["post"],"yoast_head":" \n<title>Sonora en Equipo. \u00a0\u00a0 La investigaci\u00f3n en salud constituye un rayo de esperanza: Rectora Plancarte Mart\u00ednez Ciencia y Tecnolog\u00eda<\/title>\n<meta name=\"description\" content=\"HERMOSILLO, SONORA,MX.\u2500\u2500 \u00a0El desarrollo de las investigaciones sobre salud constituye un rayo de esperanza en un mundo actual sacudido por la perturbadora En Sonora en Equipo publicamos toda la informaci\u00f3n de Sonora, M\u00e9xico y el Mundo de manera oportuna y busca que la libertad de expresi\u00f3n sea real. Visita nuestro medio informativo publicado desde Hermosillo, Sonora. %\" \/>\n<meta name=\"robots\" content=\"index, follow, max-snippet:-1, max-image-preview:large, max-video-preview:-1\" \/>\n<link rel=\"canonical\" href=\"https:\/\/www.sonoraenequipo.com.mx\/la-investigacion-en-salud-constituye-un-rayo-de-esperanza-rectora-plancarte-martinez\/\" \/>\n<meta property=\"og:locale\" content=\"es_ES\" \/>\n<meta property=\"og:type\" content=\"article\" \/>\n<meta property=\"og:title\" content=\"Sonora en Equipo. \u00a0\u00a0 La investigaci\u00f3n en salud constituye un rayo de esperanza: Rectora Plancarte Mart\u00ednez Ciencia y Tecnolog\u00eda\" \/>\n<meta property=\"og:description\" content=\"HERMOSILLO, SONORA,MX.\u2500\u2500 \u00a0El desarrollo de las investigaciones sobre salud constituye un rayo de esperanza en un mundo actual sacudido por la perturbadora En Sonora en Equipo publicamos toda la informaci\u00f3n de Sonora, M\u00e9xico y el Mundo de manera oportuna y busca que la libertad de expresi\u00f3n sea real. Visita nuestro medio informativo publicado desde Hermosillo, Sonora. %\" \/>\n<meta property=\"og:url\" content=\"https:\/\/www.sonoraenequipo.com.mx\/la-investigacion-en-salud-constituye-un-rayo-de-esperanza-rectora-plancarte-martinez\/\" \/>\n<meta property=\"og:site_name\" content=\"Sonora en Equipo.\" \/>\n<meta property=\"article:publisher\" content=\"https:\/\/www.facebook.com\/SonoraEE\/\" \/>\n<meta property=\"article:author\" content=\"https:\/\/www.facebook.com\/SonoraEE\" \/>\n<meta property=\"article:published_time\" content=\"2021-09-02T20:54:50+00:00\" \/>\n<meta property=\"og:image\" content=\"https:\/\/www.sonoraenequipo.com.mx\/storage\/2021\/09\/MEDICINA-UNISON.jpg\" \/>\n\t<meta property=\"og:image:width\" content=\"700\" \/>\n\t<meta property=\"og:image:height\" content=\"400\" \/>\n\t<meta property=\"og:image:type\" content=\"image\/jpeg\" \/>\n<meta name=\"author\" content=\"enequipo\" \/>\n<meta name=\"twitter:card\" content=\"summary_large_image\" \/>\n<meta name=\"twitter:creator\" content=\"@sonoraenequipo\" \/>\n<meta name=\"twitter:site\" content=\"@sonoraenequipo\" \/>\n<meta name=\"twitter:label1\" content=\"Escrito por\" \/>\n\t<meta name=\"twitter:data1\" content=\"enequipo\" \/>\n\t<meta name=\"twitter:label2\" content=\"Tiempo de lectura\" \/>\n\t<meta name=\"twitter:data2\" content=\"4 minutos\" \/>\n<script type=\"application\/ld+json\" class=\"yoast-schema-graph\">{\"@context\":\"https:\/\/schema.org\",\"@graph\":[{\"@type\":\"Article\",\"@id\":\"https:\/\/www.sonoraenequipo.com.mx\/la-investigacion-en-salud-constituye-un-rayo-de-esperanza-rectora-plancarte-martinez\/#article\",\"isPartOf\":{\"@id\":\"https:\/\/www.sonoraenequipo.com.mx\/la-investigacion-en-salud-constituye-un-rayo-de-esperanza-rectora-plancarte-martinez\/\"},\"author\":{\"name\":\"enequipo\",\"@id\":\"https:\/\/www.sonoraenequipo.com.mx\/#\/schema\/person\/50102df0fb23a8fa9e8effad8fa81386\"},\"headline\":\"\u00a0\u00a0 La investigaci\u00f3n en salud constituye un rayo de esperanza: Rectora Plancarte Mart\u00ednez\",\"datePublished\":\"2021-09-02T20:54:50+00:00\",\"mainEntityOfPage\":{\"@id\":\"https:\/\/www.sonoraenequipo.com.mx\/la-investigacion-en-salud-constituye-un-rayo-de-esperanza-rectora-plancarte-martinez\/\"},\"wordCount\":791,\"commentCount\":0,\"publisher\":{\"@id\":\"https:\/\/www.sonoraenequipo.com.mx\/#organization\"},\"image\":{\"@id\":\"https:\/\/www.sonoraenequipo.com.mx\/la-investigacion-en-salud-constituye-un-rayo-de-esperanza-rectora-plancarte-martinez\/#primaryimage\"},\"thumbnailUrl\":\"https:\/\/www.sonoraenequipo.com.mx\/storage\/2021\/09\/MEDICINA-UNISON.jpg\",\"articleSection\":[\"Ciencia y Tecnolog\u00eda\"],\"inLanguage\":\"es\",\"potentialAction\":[{\"@type\":\"CommentAction\",\"name\":\"Comment\",\"target\":[\"https:\/\/www.sonoraenequipo.com.mx\/la-investigacion-en-salud-constituye-un-rayo-de-esperanza-rectora-plancarte-martinez\/#respond\"]}]},{\"@type\":\"WebPage\",\"@id\":\"https:\/\/www.sonoraenequipo.com.mx\/la-investigacion-en-salud-constituye-un-rayo-de-esperanza-rectora-plancarte-martinez\/\",\"url\":\"https:\/\/www.sonoraenequipo.com.mx\/la-investigacion-en-salud-constituye-un-rayo-de-esperanza-rectora-plancarte-martinez\/\",\"name\":\"Sonora en Equipo. \u00a0\u00a0 La investigaci\u00f3n en salud constituye un rayo de esperanza: Rectora Plancarte Mart\u00ednez Ciencia y Tecnolog\u00eda\",\"isPartOf\":{\"@id\":\"https:\/\/www.sonoraenequipo.com.mx\/#website\"},\"primaryImageOfPage\":{\"@id\":\"https:\/\/www.sonoraenequipo.com.mx\/la-investigacion-en-salud-constituye-un-rayo-de-esperanza-rectora-plancarte-martinez\/#primaryimage\"},\"image\":{\"@id\":\"https:\/\/www.sonoraenequipo.com.mx\/la-investigacion-en-salud-constituye-un-rayo-de-esperanza-rectora-plancarte-martinez\/#primaryimage\"},\"thumbnailUrl\":\"https:\/\/www.sonoraenequipo.com.mx\/storage\/2021\/09\/MEDICINA-UNISON.jpg\",\"datePublished\":\"2021-09-02T20:54:50+00:00\",\"description\":\"HERMOSILLO, SONORA,MX.\u2500\u2500 \u00a0El desarrollo de las investigaciones sobre salud constituye un rayo de esperanza en un mundo actual sacudido por la perturbadora En Sonora en Equipo publicamos toda la informaci\u00f3n de Sonora, M\u00e9xico y el Mundo de manera oportuna y busca que la libertad de expresi\u00f3n sea real. Visita nuestro medio informativo publicado desde Hermosillo, Sonora. %\",\"breadcrumb\":{\"@id\":\"https:\/\/www.sonoraenequipo.com.mx\/la-investigacion-en-salud-constituye-un-rayo-de-esperanza-rectora-plancarte-martinez\/#breadcrumb\"},\"inLanguage\":\"es\",\"potentialAction\":[{\"@type\":\"ReadAction\",\"target\":[\"https:\/\/www.sonoraenequipo.com.mx\/la-investigacion-en-salud-constituye-un-rayo-de-esperanza-rectora-plancarte-martinez\/\"]}]},{\"@type\":\"ImageObject\",\"inLanguage\":\"es\",\"@id\":\"https:\/\/www.sonoraenequipo.com.mx\/la-investigacion-en-salud-constituye-un-rayo-de-esperanza-rectora-plancarte-martinez\/#primaryimage\",\"url\":\"https:\/\/www.sonoraenequipo.com.mx\/storage\/2021\/09\/MEDICINA-UNISON.jpg\",\"contentUrl\":\"https:\/\/www.sonoraenequipo.com.mx\/storage\/2021\/09\/MEDICINA-UNISON.jpg\",\"width\":700,\"height\":400},{\"@type\":\"BreadcrumbList\",\"@id\":\"https:\/\/www.sonoraenequipo.com.mx\/la-investigacion-en-salud-constituye-un-rayo-de-esperanza-rectora-plancarte-martinez\/#breadcrumb\",\"itemListElement\":[{\"@type\":\"ListItem\",\"position\":1,\"name\":\"Portada\",\"item\":\"https:\/\/www.sonoraenequipo.com.mx\/\"},{\"@type\":\"ListItem\",\"position\":2,\"name\":\"\u00a0\u00a0 La investigaci\u00f3n en salud constituye un rayo de esperanza: Rectora Plancarte Mart\u00ednez\"}]},{\"@type\":\"WebSite\",\"@id\":\"https:\/\/www.sonoraenequipo.com.mx\/#website\",\"url\":\"https:\/\/www.sonoraenequipo.com.mx\/\",\"name\":\"Sonora en Equipo.\",\"description\":\"Diario en l\u00ednea con Noticias desde Hermosillo, Sonora\",\"publisher\":{\"@id\":\"https:\/\/www.sonoraenequipo.com.mx\/#organization\"},\"potentialAction\":[{\"@type\":\"SearchAction\",\"target\":{\"@type\":\"EntryPoint\",\"urlTemplate\":\"https:\/\/www.sonoraenequipo.com.mx\/?s={search_term_string}\"},\"query-input\":{\"@type\":\"PropertyValueSpecification\",\"valueRequired\":true,\"valueName\":\"search_term_string\"}}],\"inLanguage\":\"es\"},{\"@type\":\"Organization\",\"@id\":\"https:\/\/www.sonoraenequipo.com.mx\/#organization\",\"name\":\"Sonoraenequipo.com.mx\",\"url\":\"https:\/\/www.sonoraenequipo.com.mx\/\",\"logo\":{\"@type\":\"ImageObject\",\"inLanguage\":\"es\",\"@id\":\"https:\/\/www.sonoraenequipo.com.mx\/#\/schema\/logo\/image\/\",\"url\":\"https:\/\/www.sonoraenequipo.com.mx\/storage\/2019\/01\/sonoraenequipo_opt.png\",\"contentUrl\":\"https:\/\/www.sonoraenequipo.com.mx\/storage\/2019\/01\/sonoraenequipo_opt.png\",\"width\":375,\"height\":125,\"caption\":\"Sonoraenequipo.com.mx\"},\"image\":{\"@id\":\"https:\/\/www.sonoraenequipo.com.mx\/#\/schema\/logo\/image\/\"},\"sameAs\":[\"https:\/\/www.facebook.com\/SonoraEE\/\",\"https:\/\/x.com\/sonoraenequipo\",\"https:\/\/www.youtube.com\/channel\/UC338nW-lPEYmJQs4ZABQ1SQ\"]},{\"@type\":\"Person\",\"@id\":\"https:\/\/www.sonoraenequipo.com.mx\/#\/schema\/person\/50102df0fb23a8fa9e8effad8fa81386\",\"name\":\"enequipo\",\"image\":{\"@type\":\"ImageObject\",\"inLanguage\":\"es\",\"@id\":\"https:\/\/www.sonoraenequipo.com.mx\/#\/schema\/person\/image\/\",\"url\":\"https:\/\/secure.gravatar.com\/avatar\/049821681b589dabc0bc20695993ccebb09f5b5d4d790cd9251b97faac7c652b?s=96&d=blank&r=g\",\"contentUrl\":\"https:\/\/secure.gravatar.com\/avatar\/049821681b589dabc0bc20695993ccebb09f5b5d4d790cd9251b97faac7c652b?s=96&d=blank&r=g\",\"caption\":\"enequipo\"},\"sameAs\":[\"https:\/\/www.facebook.com\/SonoraEE\"]}]}<\/script>\n ","yoast_head_json":{"title":"Sonora en Equipo. \u00a0\u00a0 La investigaci\u00f3n en salud constituye un rayo de esperanza: Rectora Plancarte Mart\u00ednez Ciencia y Tecnolog\u00eda","description":"HERMOSILLO, SONORA,MX.\u2500\u2500 \u00a0El desarrollo de las investigaciones sobre salud constituye un rayo de esperanza en un mundo actual sacudido por la perturbadora En Sonora en Equipo publicamos toda la informaci\u00f3n de Sonora, M\u00e9xico y el Mundo de manera oportuna y busca que la libertad de expresi\u00f3n sea real. Visita nuestro medio informativo publicado desde Hermosillo, Sonora. %","robots":{"index":"index","follow":"follow","max-snippet":"max-snippet:-1","max-image-preview":"max-image-preview:large","max-video-preview":"max-video-preview:-1"},"canonical":"https:\/\/www.sonoraenequipo.com.mx\/la-investigacion-en-salud-constituye-un-rayo-de-esperanza-rectora-plancarte-martinez\/","og_locale":"es_ES","og_type":"article","og_title":"Sonora en Equipo. \u00a0\u00a0 La investigaci\u00f3n en salud constituye un rayo de esperanza: Rectora Plancarte Mart\u00ednez Ciencia y Tecnolog\u00eda","og_description":"HERMOSILLO, SONORA,MX.\u2500\u2500 \u00a0El desarrollo de las investigaciones sobre salud constituye un rayo de esperanza en un mundo actual sacudido por la perturbadora En Sonora en Equipo publicamos toda la informaci\u00f3n de Sonora, M\u00e9xico y el Mundo de manera oportuna y busca que la libertad de expresi\u00f3n sea real. Visita nuestro medio informativo publicado desde Hermosillo, Sonora. %","og_url":"https:\/\/www.sonoraenequipo.com.mx\/la-investigacion-en-salud-constituye-un-rayo-de-esperanza-rectora-plancarte-martinez\/","og_site_name":"Sonora en Equipo.","article_publisher":"https:\/\/www.facebook.com\/SonoraEE\/","article_author":"https:\/\/www.facebook.com\/SonoraEE","article_published_time":"2021-09-02T20:54:50+00:00","og_image":[{"width":700,"height":400,"url":"https:\/\/www.sonoraenequipo.com.mx\/storage\/2021\/09\/MEDICINA-UNISON.jpg","type":"image\/jpeg"}],"author":"enequipo","twitter_card":"summary_large_image","twitter_creator":"@sonoraenequipo","twitter_site":"@sonoraenequipo","twitter_misc":{"Escrito por":"enequipo","Tiempo de lectura":"4 minutos"},"schema":{"@context":"https:\/\/schema.org","@graph":[{"@type":"Article","@id":"https:\/\/www.sonoraenequipo.com.mx\/la-investigacion-en-salud-constituye-un-rayo-de-esperanza-rectora-plancarte-martinez\/#article","isPartOf":{"@id":"https:\/\/www.sonoraenequipo.com.mx\/la-investigacion-en-salud-constituye-un-rayo-de-esperanza-rectora-plancarte-martinez\/"},"author":{"name":"enequipo","@id":"https:\/\/www.sonoraenequipo.com.mx\/#\/schema\/person\/50102df0fb23a8fa9e8effad8fa81386"},"headline":"\u00a0\u00a0 La investigaci\u00f3n en salud constituye un rayo de esperanza: Rectora Plancarte Mart\u00ednez","datePublished":"2021-09-02T20:54:50+00:00","mainEntityOfPage":{"@id":"https:\/\/www.sonoraenequipo.com.mx\/la-investigacion-en-salud-constituye-un-rayo-de-esperanza-rectora-plancarte-martinez\/"},"wordCount":791,"commentCount":0,"publisher":{"@id":"https:\/\/www.sonoraenequipo.com.mx\/#organization"},"image":{"@id":"https:\/\/www.sonoraenequipo.com.mx\/la-investigacion-en-salud-constituye-un-rayo-de-esperanza-rectora-plancarte-martinez\/#primaryimage"},"thumbnailUrl":"https:\/\/www.sonoraenequipo.com.mx\/storage\/2021\/09\/MEDICINA-UNISON.jpg","articleSection":["Ciencia y Tecnolog\u00eda"],"inLanguage":"es","potentialAction":[{"@type":"CommentAction","name":"Comment","target":["https:\/\/www.sonoraenequipo.com.mx\/la-investigacion-en-salud-constituye-un-rayo-de-esperanza-rectora-plancarte-martinez\/#respond"]}]},{"@type":"WebPage","@id":"https:\/\/www.sonoraenequipo.com.mx\/la-investigacion-en-salud-constituye-un-rayo-de-esperanza-rectora-plancarte-martinez\/","url":"https:\/\/www.sonoraenequipo.com.mx\/la-investigacion-en-salud-constituye-un-rayo-de-esperanza-rectora-plancarte-martinez\/","name":"Sonora en Equipo. \u00a0\u00a0 La investigaci\u00f3n en salud constituye un rayo de esperanza: Rectora Plancarte Mart\u00ednez Ciencia y Tecnolog\u00eda","isPartOf":{"@id":"https:\/\/www.sonoraenequipo.com.mx\/#website"},"primaryImageOfPage":{"@id":"https:\/\/www.sonoraenequipo.com.mx\/la-investigacion-en-salud-constituye-un-rayo-de-esperanza-rectora-plancarte-martinez\/#primaryimage"},"image":{"@id":"https:\/\/www.sonoraenequipo.com.mx\/la-investigacion-en-salud-constituye-un-rayo-de-esperanza-rectora-plancarte-martinez\/#primaryimage"},"thumbnailUrl":"https:\/\/www.sonoraenequipo.com.mx\/storage\/2021\/09\/MEDICINA-UNISON.jpg","datePublished":"2021-09-02T20:54:50+00:00","description":"HERMOSILLO, SONORA,MX.\u2500\u2500 \u00a0El desarrollo de las investigaciones sobre salud constituye un rayo de esperanza en un mundo actual sacudido por la perturbadora En Sonora en Equipo publicamos toda la informaci\u00f3n de Sonora, M\u00e9xico y el Mundo de manera oportuna y busca que la libertad de expresi\u00f3n sea real. Visita nuestro medio informativo publicado desde Hermosillo, Sonora. %","breadcrumb":{"@id":"https:\/\/www.sonoraenequipo.com.mx\/la-investigacion-en-salud-constituye-un-rayo-de-esperanza-rectora-plancarte-martinez\/#breadcrumb"},"inLanguage":"es","potentialAction":[{"@type":"ReadAction","target":["https:\/\/www.sonoraenequipo.com.mx\/la-investigacion-en-salud-constituye-un-rayo-de-esperanza-rectora-plancarte-martinez\/"]}]},{"@type":"ImageObject","inLanguage":"es","@id":"https:\/\/www.sonoraenequipo.com.mx\/la-investigacion-en-salud-constituye-un-rayo-de-esperanza-rectora-plancarte-martinez\/#primaryimage","url":"https:\/\/www.sonoraenequipo.com.mx\/storage\/2021\/09\/MEDICINA-UNISON.jpg","contentUrl":"https:\/\/www.sonoraenequipo.com.mx\/storage\/2021\/09\/MEDICINA-UNISON.jpg","width":700,"height":400},{"@type":"BreadcrumbList","@id":"https:\/\/www.sonoraenequipo.com.mx\/la-investigacion-en-salud-constituye-un-rayo-de-esperanza-rectora-plancarte-martinez\/#breadcrumb","itemListElement":[{"@type":"ListItem","position":1,"name":"Portada","item":"https:\/\/www.sonoraenequipo.com.mx\/"},{"@type":"ListItem","position":2,"name":"\u00a0\u00a0 La investigaci\u00f3n en salud constituye un rayo de esperanza: Rectora Plancarte Mart\u00ednez"}]},{"@type":"WebSite","@id":"https:\/\/www.sonoraenequipo.com.mx\/#website","url":"https:\/\/www.sonoraenequipo.com.mx\/","name":"Sonora en Equipo.","description":"Diario en l\u00ednea con Noticias desde Hermosillo, Sonora","publisher":{"@id":"https:\/\/www.sonoraenequipo.com.mx\/#organization"},"potentialAction":[{"@type":"SearchAction","target":{"@type":"EntryPoint","urlTemplate":"https:\/\/www.sonoraenequipo.com.mx\/?s={search_term_string}"},"query-input":{"@type":"PropertyValueSpecification","valueRequired":true,"valueName":"search_term_string"}}],"inLanguage":"es"},{"@type":"Organization","@id":"https:\/\/www.sonoraenequipo.com.mx\/#organization","name":"Sonoraenequipo.com.mx","url":"https:\/\/www.sonoraenequipo.com.mx\/","logo":{"@type":"ImageObject","inLanguage":"es","@id":"https:\/\/www.sonoraenequipo.com.mx\/#\/schema\/logo\/image\/","url":"https:\/\/www.sonoraenequipo.com.mx\/storage\/2019\/01\/sonoraenequipo_opt.png","contentUrl":"https:\/\/www.sonoraenequipo.com.mx\/storage\/2019\/01\/sonoraenequipo_opt.png","width":375,"height":125,"caption":"Sonoraenequipo.com.mx"},"image":{"@id":"https:\/\/www.sonoraenequipo.com.mx\/#\/schema\/logo\/image\/"},"sameAs":["https:\/\/www.facebook.com\/SonoraEE\/","https:\/\/x.com\/sonoraenequipo","https:\/\/www.youtube.com\/channel\/UC338nW-lPEYmJQs4ZABQ1SQ"]},{"@type":"Person","@id":"https:\/\/www.sonoraenequipo.com.mx\/#\/schema\/person\/50102df0fb23a8fa9e8effad8fa81386","name":"enequipo","image":{"@type":"ImageObject","inLanguage":"es","@id":"https:\/\/www.sonoraenequipo.com.mx\/#\/schema\/person\/image\/","url":"https:\/\/secure.gravatar.com\/avatar\/049821681b589dabc0bc20695993ccebb09f5b5d4d790cd9251b97faac7c652b?s=96&d=blank&r=g","contentUrl":"https:\/\/secure.gravatar.com\/avatar\/049821681b589dabc0bc20695993ccebb09f5b5d4d790cd9251b97faac7c652b?s=96&d=blank&r=g","caption":"enequipo"},"sameAs":["https:\/\/www.facebook.com\/SonoraEE"]}]}},"jetpack_featured_media_url":"https:\/\/www.sonoraenequipo.com.mx\/storage\/2021\/09\/MEDICINA-UNISON.jpg","_links":{"self":[{"href":"https:\/\/www.sonoraenequipo.com.mx\/api\/wp\/v2\/posts\/121958","targetHints":{"allow":["GET"]}}],"collection":[{"href":"https:\/\/www.sonoraenequipo.com.mx\/api\/wp\/v2\/posts"}],"about":[{"href":"https:\/\/www.sonoraenequipo.com.mx\/api\/wp\/v2\/types\/post"}],"author":[{"embeddable":true,"href":"https:\/\/www.sonoraenequipo.com.mx\/api\/wp\/v2\/users\/1"}],"replies":[{"embeddable":true,"href":"https:\/\/www.sonoraenequipo.com.mx\/api\/wp\/v2\/comments?post=121958"}],"version-history":[{"count":1,"href":"https:\/\/www.sonoraenequipo.com.mx\/api\/wp\/v2\/posts\/121958\/revisions"}],"predecessor-version":[{"id":121961,"href":"https:\/\/www.sonoraenequipo.com.mx\/api\/wp\/v2\/posts\/121958\/revisions\/121961"}],"wp:featuredmedia":[{"embeddable":true,"href":"https:\/\/www.sonoraenequipo.com.mx\/api\/wp\/v2\/media\/121960"}],"wp:attachment":[{"href":"https:\/\/www.sonoraenequipo.com.mx\/api\/wp\/v2\/media?parent=121958"}],"wp:term":[{"taxonomy":"category","embeddable":true,"href":"https:\/\/www.sonoraenequipo.com.mx\/api\/wp\/v2\/categories?post=121958"},{"taxonomy":"post_tag","embeddable":true,"href":"https:\/\/www.sonoraenequipo.com.mx\/api\/wp\/v2\/tags?post=121958"}],"curies":[{"name":"wp","href":"https:\/\/api.w.org\/{rel}","templated":true}]}}