{"id":121967,"date":"2021-09-02T16:22:46","date_gmt":"2021-09-02T23:22:46","guid":{"rendered":"https:\/\/www.sonoraenequipo.com.mx\/?p=121967"},"modified":"2021-09-02T17:59:21","modified_gmt":"2021-09-03T00:59:21","slug":"el-tramo-de-la-calle-nuevo-leon-a-la-veracruz-fue-recarpeteada-con-recursos-federales-del-fais","status":"publish","type":"post","link":"https:\/\/www.sonoraenequipo.com.mx\/el-tramo-de-la-calle-nuevo-leon-a-la-veracruz-fue-recarpeteada-con-recursos-federales-del-fais\/","title":{"rendered":"El tramo de la calle Nuevo Le\u00f3n a la Veracruz fue recarpeteada con recursos federales del FAIS"},"content":{"rendered":"<p>HERMOSILLO, SONORA.MX. \u2014 El Alcalde Ferm\u00edn Gonz\u00e1lez Gaxiola supervis\u00f3 la obra de rehabilitaci\u00f3n terminada en la calle 16 de Septiembre, de la Nuevo Le\u00f3n a la Veracruz, en la colonia 5 de Mayo.<\/p>\n<p>&nbsp;<\/p>\n<p> <\/p>\n<p>&nbsp;<\/p>\n<p>El Presidente Municipal coment\u00f3 que esta es una de las 25 obras que se encuentran en proceso de finalizar en distintos puntos del municipio, mediante recursos del Fondo de Aportaciones para la Infraestructura Social (FAIS) y que se entregar\u00e1n antes de finalizar la administraci\u00f3n.<\/p>\n<p>&nbsp;<\/p>\n<p>&nbsp;<\/p>\n<p>Jos\u00e9 Carrillo Atondo, coordinador general de Infraestructura, Desarrollo Urbano y Ecolog\u00eda (CIDUE), explic\u00f3 que con recursos federales del Ramo 33 por 3 millones 469 mil 228.14 pesos se realiz\u00f3 en el lugar con bacheo superficial y profundo, fresado y calafateo, para colocar m\u00e1s de 7 mil 440 metros cuadrados de carpeta asf\u00e1ltica.<\/p>\n<p>&nbsp;<\/p>\n<p>&nbsp;<\/p>\n<p>Dijo que en el tramo se instalaron se\u00f1alamientos verticales, se\u00f1alizaci\u00f3n vial con pintura de pasos peatonales y delimitaci\u00f3n de carriles, que brindan seguridad tanto a peatones como automovilistas.<\/p>\n<p>&nbsp;<\/p>\n<p>&nbsp;<\/p>\n<p>Carrillo Atondo apunt\u00f3 que el a\u00f1o pasado se intervino de la misma manera la calle Tamaulipas, que cruza con la 16 de septiembre y es una de las principales de la colonia.<\/p>\n<p>&nbsp;<\/p>\n<p>&nbsp;<\/p>\n<p>(Publicada el 02\/09\/2021)<\/p>\n","protected":false},"excerpt":{"rendered":"<p>HERMOSILLO, SONORA.MX. \u2014 El Alcalde Ferm\u00edn Gonz\u00e1lez Gaxiola supervis\u00f3 la obra de rehabilitaci\u00f3n terminada en&#8230;<\/p>\n","protected":false},"author":1,"featured_media":121970,"comment_status":"open","ping_status":"open","sticky":false,"template":"","format":"standard","meta":{"_monsterinsights_skip_tracking":false,"_monsterinsights_sitenote_active":false,"_monsterinsights_sitenote_note":"","_monsterinsights_sitenote_category":0,"footnotes":""},"categories":[4],"tags":[],"class_list":["post"],"yoast_head":" \n<title>Sonora en Equipo. El tramo de la calle Nuevo Le\u00f3n a la Veracruz fue recarpeteada con recursos federales del FAIS Municipios<\/title>\n<meta name=\"description\" content=\"HERMOSILLO, SONORA.MX. \u2014 El Alcalde Ferm\u00edn Gonz\u00e1lez Gaxiola supervis\u00f3 la obra de rehabilitaci\u00f3n terminada en la calle 16 de Septiembre, de la Nuevo Le\u00f3n a En Sonora en Equipo publicamos toda la informaci\u00f3n de Sonora, M\u00e9xico y el Mundo de manera oportuna y busca que la libertad de expresi\u00f3n sea real. Visita nuestro medio informativo publicado desde Hermosillo, Sonora. %\" \/>\n<meta name=\"robots\" content=\"index, follow, max-snippet:-1, max-image-preview:large, max-video-preview:-1\" \/>\n<link rel=\"canonical\" href=\"https:\/\/www.sonoraenequipo.com.mx\/el-tramo-de-la-calle-nuevo-leon-a-la-veracruz-fue-recarpeteada-con-recursos-federales-del-fais\/\" \/>\n<meta property=\"og:locale\" content=\"es_ES\" \/>\n<meta property=\"og:type\" content=\"article\" \/>\n<meta property=\"og:title\" content=\"Sonora en Equipo. El tramo de la calle Nuevo Le\u00f3n a la Veracruz fue recarpeteada con recursos federales del FAIS Municipios\" \/>\n<meta property=\"og:description\" content=\"HERMOSILLO, SONORA.MX. \u2014 El Alcalde Ferm\u00edn Gonz\u00e1lez Gaxiola supervis\u00f3 la obra de rehabilitaci\u00f3n terminada en la calle 16 de Septiembre, de la Nuevo Le\u00f3n a En Sonora en Equipo publicamos toda la informaci\u00f3n de Sonora, M\u00e9xico y el Mundo de manera oportuna y busca que la libertad de expresi\u00f3n sea real. Visita nuestro medio informativo publicado desde Hermosillo, Sonora. %\" \/>\n<meta property=\"og:url\" content=\"https:\/\/www.sonoraenequipo.com.mx\/el-tramo-de-la-calle-nuevo-leon-a-la-veracruz-fue-recarpeteada-con-recursos-federales-del-fais\/\" \/>\n<meta property=\"og:site_name\" content=\"Sonora en Equipo.\" \/>\n<meta property=\"article:publisher\" content=\"https:\/\/www.facebook.com\/SonoraEE\/\" \/>\n<meta property=\"article:author\" content=\"https:\/\/www.facebook.com\/SonoraEE\" \/>\n<meta property=\"article:published_time\" content=\"2021-09-02T23:22:46+00:00\" \/>\n<meta property=\"article:modified_time\" content=\"2021-09-03T00:59:21+00:00\" \/>\n<meta property=\"og:image\" content=\"https:\/\/www.sonoraenequipo.com.mx\/storage\/2021\/09\/Calle-16-Sept-rehabiilitada-el-0209-1_opt.jpg\" \/>\n\t<meta property=\"og:image:width\" content=\"700\" \/>\n\t<meta property=\"og:image:height\" content=\"400\" \/>\n\t<meta property=\"og:image:type\" content=\"image\/jpeg\" \/>\n<meta name=\"author\" content=\"enequipo\" \/>\n<meta name=\"twitter:card\" content=\"summary_large_image\" \/>\n<meta name=\"twitter:creator\" content=\"@sonoraenequipo\" \/>\n<meta name=\"twitter:site\" content=\"@sonoraenequipo\" \/>\n<meta name=\"twitter:label1\" content=\"Escrito por\" \/>\n\t<meta name=\"twitter:data1\" content=\"enequipo\" \/>\n\t<meta name=\"twitter:label2\" content=\"Tiempo de lectura\" \/>\n\t<meta name=\"twitter:data2\" content=\"1 minuto\" \/>\n<script type=\"application\/ld+json\" class=\"yoast-schema-graph\">{\"@context\":\"https:\/\/schema.org\",\"@graph\":[{\"@type\":\"Article\",\"@id\":\"https:\/\/www.sonoraenequipo.com.mx\/el-tramo-de-la-calle-nuevo-leon-a-la-veracruz-fue-recarpeteada-con-recursos-federales-del-fais\/#article\",\"isPartOf\":{\"@id\":\"https:\/\/www.sonoraenequipo.com.mx\/el-tramo-de-la-calle-nuevo-leon-a-la-veracruz-fue-recarpeteada-con-recursos-federales-del-fais\/\"},\"author\":{\"name\":\"enequipo\",\"@id\":\"https:\/\/www.sonoraenequipo.com.mx\/#\/schema\/person\/50102df0fb23a8fa9e8effad8fa81386\"},\"headline\":\"El tramo de la calle Nuevo Le\u00f3n a la Veracruz fue recarpeteada con recursos federales del FAIS\",\"datePublished\":\"2021-09-02T23:22:46+00:00\",\"dateModified\":\"2021-09-03T00:59:21+00:00\",\"mainEntityOfPage\":{\"@id\":\"https:\/\/www.sonoraenequipo.com.mx\/el-tramo-de-la-calle-nuevo-leon-a-la-veracruz-fue-recarpeteada-con-recursos-federales-del-fais\/\"},\"wordCount\":223,\"commentCount\":0,\"publisher\":{\"@id\":\"https:\/\/www.sonoraenequipo.com.mx\/#organization\"},\"image\":{\"@id\":\"https:\/\/www.sonoraenequipo.com.mx\/el-tramo-de-la-calle-nuevo-leon-a-la-veracruz-fue-recarpeteada-con-recursos-federales-del-fais\/#primaryimage\"},\"thumbnailUrl\":\"https:\/\/www.sonoraenequipo.com.mx\/storage\/2021\/09\/Calle-16-Sept-rehabiilitada-el-0209-1_opt.jpg\",\"articleSection\":[\"Municipios\"],\"inLanguage\":\"es\",\"potentialAction\":[{\"@type\":\"CommentAction\",\"name\":\"Comment\",\"target\":[\"https:\/\/www.sonoraenequipo.com.mx\/el-tramo-de-la-calle-nuevo-leon-a-la-veracruz-fue-recarpeteada-con-recursos-federales-del-fais\/#respond\"]}]},{\"@type\":\"WebPage\",\"@id\":\"https:\/\/www.sonoraenequipo.com.mx\/el-tramo-de-la-calle-nuevo-leon-a-la-veracruz-fue-recarpeteada-con-recursos-federales-del-fais\/\",\"url\":\"https:\/\/www.sonoraenequipo.com.mx\/el-tramo-de-la-calle-nuevo-leon-a-la-veracruz-fue-recarpeteada-con-recursos-federales-del-fais\/\",\"name\":\"Sonora en Equipo. El tramo de la calle Nuevo Le\u00f3n a la Veracruz fue recarpeteada con recursos federales del FAIS Municipios\",\"isPartOf\":{\"@id\":\"https:\/\/www.sonoraenequipo.com.mx\/#website\"},\"primaryImageOfPage\":{\"@id\":\"https:\/\/www.sonoraenequipo.com.mx\/el-tramo-de-la-calle-nuevo-leon-a-la-veracruz-fue-recarpeteada-con-recursos-federales-del-fais\/#primaryimage\"},\"image\":{\"@id\":\"https:\/\/www.sonoraenequipo.com.mx\/el-tramo-de-la-calle-nuevo-leon-a-la-veracruz-fue-recarpeteada-con-recursos-federales-del-fais\/#primaryimage\"},\"thumbnailUrl\":\"https:\/\/www.sonoraenequipo.com.mx\/storage\/2021\/09\/Calle-16-Sept-rehabiilitada-el-0209-1_opt.jpg\",\"datePublished\":\"2021-09-02T23:22:46+00:00\",\"dateModified\":\"2021-09-03T00:59:21+00:00\",\"description\":\"HERMOSILLO, SONORA.MX. \u2014 El Alcalde Ferm\u00edn Gonz\u00e1lez Gaxiola supervis\u00f3 la obra de rehabilitaci\u00f3n terminada en la calle 16 de Septiembre, de la Nuevo Le\u00f3n a En Sonora en Equipo publicamos toda la informaci\u00f3n de Sonora, M\u00e9xico y el Mundo de manera oportuna y busca que la libertad de expresi\u00f3n sea real. Visita nuestro medio informativo publicado desde Hermosillo, Sonora. %\",\"breadcrumb\":{\"@id\":\"https:\/\/www.sonoraenequipo.com.mx\/el-tramo-de-la-calle-nuevo-leon-a-la-veracruz-fue-recarpeteada-con-recursos-federales-del-fais\/#breadcrumb\"},\"inLanguage\":\"es\",\"potentialAction\":[{\"@type\":\"ReadAction\",\"target\":[\"https:\/\/www.sonoraenequipo.com.mx\/el-tramo-de-la-calle-nuevo-leon-a-la-veracruz-fue-recarpeteada-con-recursos-federales-del-fais\/\"]}]},{\"@type\":\"ImageObject\",\"inLanguage\":\"es\",\"@id\":\"https:\/\/www.sonoraenequipo.com.mx\/el-tramo-de-la-calle-nuevo-leon-a-la-veracruz-fue-recarpeteada-con-recursos-federales-del-fais\/#primaryimage\",\"url\":\"https:\/\/www.sonoraenequipo.com.mx\/storage\/2021\/09\/Calle-16-Sept-rehabiilitada-el-0209-1_opt.jpg\",\"contentUrl\":\"https:\/\/www.sonoraenequipo.com.mx\/storage\/2021\/09\/Calle-16-Sept-rehabiilitada-el-0209-1_opt.jpg\",\"width\":700,\"height\":400},{\"@type\":\"BreadcrumbList\",\"@id\":\"https:\/\/www.sonoraenequipo.com.mx\/el-tramo-de-la-calle-nuevo-leon-a-la-veracruz-fue-recarpeteada-con-recursos-federales-del-fais\/#breadcrumb\",\"itemListElement\":[{\"@type\":\"ListItem\",\"position\":1,\"name\":\"Portada\",\"item\":\"https:\/\/www.sonoraenequipo.com.mx\/\"},{\"@type\":\"ListItem\",\"position\":2,\"name\":\"El tramo de la calle Nuevo Le\u00f3n a la Veracruz fue recarpeteada con recursos federales del FAIS\"}]},{\"@type\":\"WebSite\",\"@id\":\"https:\/\/www.sonoraenequipo.com.mx\/#website\",\"url\":\"https:\/\/www.sonoraenequipo.com.mx\/\",\"name\":\"Sonora en Equipo.\",\"description\":\"Diario en l\u00ednea con Noticias desde Hermosillo, Sonora\",\"publisher\":{\"@id\":\"https:\/\/www.sonoraenequipo.com.mx\/#organization\"},\"potentialAction\":[{\"@type\":\"SearchAction\",\"target\":{\"@type\":\"EntryPoint\",\"urlTemplate\":\"https:\/\/www.sonoraenequipo.com.mx\/?s={search_term_string}\"},\"query-input\":{\"@type\":\"PropertyValueSpecification\",\"valueRequired\":true,\"valueName\":\"search_term_string\"}}],\"inLanguage\":\"es\"},{\"@type\":\"Organization\",\"@id\":\"https:\/\/www.sonoraenequipo.com.mx\/#organization\",\"name\":\"Sonoraenequipo.com.mx\",\"url\":\"https:\/\/www.sonoraenequipo.com.mx\/\",\"logo\":{\"@type\":\"ImageObject\",\"inLanguage\":\"es\",\"@id\":\"https:\/\/www.sonoraenequipo.com.mx\/#\/schema\/logo\/image\/\",\"url\":\"https:\/\/www.sonoraenequipo.com.mx\/storage\/2019\/01\/sonoraenequipo_opt.png\",\"contentUrl\":\"https:\/\/www.sonoraenequipo.com.mx\/storage\/2019\/01\/sonoraenequipo_opt.png\",\"width\":375,\"height\":125,\"caption\":\"Sonoraenequipo.com.mx\"},\"image\":{\"@id\":\"https:\/\/www.sonoraenequipo.com.mx\/#\/schema\/logo\/image\/\"},\"sameAs\":[\"https:\/\/www.facebook.com\/SonoraEE\/\",\"https:\/\/x.com\/sonoraenequipo\",\"https:\/\/www.youtube.com\/channel\/UC338nW-lPEYmJQs4ZABQ1SQ\"]},{\"@type\":\"Person\",\"@id\":\"https:\/\/www.sonoraenequipo.com.mx\/#\/schema\/person\/50102df0fb23a8fa9e8effad8fa81386\",\"name\":\"enequipo\",\"image\":{\"@type\":\"ImageObject\",\"inLanguage\":\"es\",\"@id\":\"https:\/\/www.sonoraenequipo.com.mx\/#\/schema\/person\/image\/\",\"url\":\"https:\/\/secure.gravatar.com\/avatar\/049821681b589dabc0bc20695993ccebb09f5b5d4d790cd9251b97faac7c652b?s=96&d=blank&r=g\",\"contentUrl\":\"https:\/\/secure.gravatar.com\/avatar\/049821681b589dabc0bc20695993ccebb09f5b5d4d790cd9251b97faac7c652b?s=96&d=blank&r=g\",\"caption\":\"enequipo\"},\"sameAs\":[\"https:\/\/www.facebook.com\/SonoraEE\"]}]}<\/script>\n ","yoast_head_json":{"title":"Sonora en Equipo. El tramo de la calle Nuevo Le\u00f3n a la Veracruz fue recarpeteada con recursos federales del FAIS Municipios","description":"HERMOSILLO, SONORA.MX. \u2014 El Alcalde Ferm\u00edn Gonz\u00e1lez Gaxiola supervis\u00f3 la obra de rehabilitaci\u00f3n terminada en la calle 16 de Septiembre, de la Nuevo Le\u00f3n a En Sonora en Equipo publicamos toda la informaci\u00f3n de Sonora, M\u00e9xico y el Mundo de manera oportuna y busca que la libertad de expresi\u00f3n sea real. Visita nuestro medio informativo publicado desde Hermosillo, Sonora. %","robots":{"index":"index","follow":"follow","max-snippet":"max-snippet:-1","max-image-preview":"max-image-preview:large","max-video-preview":"max-video-preview:-1"},"canonical":"https:\/\/www.sonoraenequipo.com.mx\/el-tramo-de-la-calle-nuevo-leon-a-la-veracruz-fue-recarpeteada-con-recursos-federales-del-fais\/","og_locale":"es_ES","og_type":"article","og_title":"Sonora en Equipo. El tramo de la calle Nuevo Le\u00f3n a la Veracruz fue recarpeteada con recursos federales del FAIS Municipios","og_description":"HERMOSILLO, SONORA.MX. \u2014 El Alcalde Ferm\u00edn Gonz\u00e1lez Gaxiola supervis\u00f3 la obra de rehabilitaci\u00f3n terminada en la calle 16 de Septiembre, de la Nuevo Le\u00f3n a En Sonora en Equipo publicamos toda la informaci\u00f3n de Sonora, M\u00e9xico y el Mundo de manera oportuna y busca que la libertad de expresi\u00f3n sea real. Visita nuestro medio informativo publicado desde Hermosillo, Sonora. %","og_url":"https:\/\/www.sonoraenequipo.com.mx\/el-tramo-de-la-calle-nuevo-leon-a-la-veracruz-fue-recarpeteada-con-recursos-federales-del-fais\/","og_site_name":"Sonora en Equipo.","article_publisher":"https:\/\/www.facebook.com\/SonoraEE\/","article_author":"https:\/\/www.facebook.com\/SonoraEE","article_published_time":"2021-09-02T23:22:46+00:00","article_modified_time":"2021-09-03T00:59:21+00:00","og_image":[{"width":700,"height":400,"url":"https:\/\/www.sonoraenequipo.com.mx\/storage\/2021\/09\/Calle-16-Sept-rehabiilitada-el-0209-1_opt.jpg","type":"image\/jpeg"}],"author":"enequipo","twitter_card":"summary_large_image","twitter_creator":"@sonoraenequipo","twitter_site":"@sonoraenequipo","twitter_misc":{"Escrito por":"enequipo","Tiempo de lectura":"1 minuto"},"schema":{"@context":"https:\/\/schema.org","@graph":[{"@type":"Article","@id":"https:\/\/www.sonoraenequipo.com.mx\/el-tramo-de-la-calle-nuevo-leon-a-la-veracruz-fue-recarpeteada-con-recursos-federales-del-fais\/#article","isPartOf":{"@id":"https:\/\/www.sonoraenequipo.com.mx\/el-tramo-de-la-calle-nuevo-leon-a-la-veracruz-fue-recarpeteada-con-recursos-federales-del-fais\/"},"author":{"name":"enequipo","@id":"https:\/\/www.sonoraenequipo.com.mx\/#\/schema\/person\/50102df0fb23a8fa9e8effad8fa81386"},"headline":"El tramo de la calle Nuevo Le\u00f3n a la Veracruz fue recarpeteada con recursos federales del FAIS","datePublished":"2021-09-02T23:22:46+00:00","dateModified":"2021-09-03T00:59:21+00:00","mainEntityOfPage":{"@id":"https:\/\/www.sonoraenequipo.com.mx\/el-tramo-de-la-calle-nuevo-leon-a-la-veracruz-fue-recarpeteada-con-recursos-federales-del-fais\/"},"wordCount":223,"commentCount":0,"publisher":{"@id":"https:\/\/www.sonoraenequipo.com.mx\/#organization"},"image":{"@id":"https:\/\/www.sonoraenequipo.com.mx\/el-tramo-de-la-calle-nuevo-leon-a-la-veracruz-fue-recarpeteada-con-recursos-federales-del-fais\/#primaryimage"},"thumbnailUrl":"https:\/\/www.sonoraenequipo.com.mx\/storage\/2021\/09\/Calle-16-Sept-rehabiilitada-el-0209-1_opt.jpg","articleSection":["Municipios"],"inLanguage":"es","potentialAction":[{"@type":"CommentAction","name":"Comment","target":["https:\/\/www.sonoraenequipo.com.mx\/el-tramo-de-la-calle-nuevo-leon-a-la-veracruz-fue-recarpeteada-con-recursos-federales-del-fais\/#respond"]}]},{"@type":"WebPage","@id":"https:\/\/www.sonoraenequipo.com.mx\/el-tramo-de-la-calle-nuevo-leon-a-la-veracruz-fue-recarpeteada-con-recursos-federales-del-fais\/","url":"https:\/\/www.sonoraenequipo.com.mx\/el-tramo-de-la-calle-nuevo-leon-a-la-veracruz-fue-recarpeteada-con-recursos-federales-del-fais\/","name":"Sonora en Equipo. El tramo de la calle Nuevo Le\u00f3n a la Veracruz fue recarpeteada con recursos federales del FAIS Municipios","isPartOf":{"@id":"https:\/\/www.sonoraenequipo.com.mx\/#website"},"primaryImageOfPage":{"@id":"https:\/\/www.sonoraenequipo.com.mx\/el-tramo-de-la-calle-nuevo-leon-a-la-veracruz-fue-recarpeteada-con-recursos-federales-del-fais\/#primaryimage"},"image":{"@id":"https:\/\/www.sonoraenequipo.com.mx\/el-tramo-de-la-calle-nuevo-leon-a-la-veracruz-fue-recarpeteada-con-recursos-federales-del-fais\/#primaryimage"},"thumbnailUrl":"https:\/\/www.sonoraenequipo.com.mx\/storage\/2021\/09\/Calle-16-Sept-rehabiilitada-el-0209-1_opt.jpg","datePublished":"2021-09-02T23:22:46+00:00","dateModified":"2021-09-03T00:59:21+00:00","description":"HERMOSILLO, SONORA.MX. \u2014 El Alcalde Ferm\u00edn Gonz\u00e1lez Gaxiola supervis\u00f3 la obra de rehabilitaci\u00f3n terminada en la calle 16 de Septiembre, de la Nuevo Le\u00f3n a En Sonora en Equipo publicamos toda la informaci\u00f3n de Sonora, M\u00e9xico y el Mundo de manera oportuna y busca que la libertad de expresi\u00f3n sea real. Visita nuestro medio informativo publicado desde Hermosillo, Sonora. %","breadcrumb":{"@id":"https:\/\/www.sonoraenequipo.com.mx\/el-tramo-de-la-calle-nuevo-leon-a-la-veracruz-fue-recarpeteada-con-recursos-federales-del-fais\/#breadcrumb"},"inLanguage":"es","potentialAction":[{"@type":"ReadAction","target":["https:\/\/www.sonoraenequipo.com.mx\/el-tramo-de-la-calle-nuevo-leon-a-la-veracruz-fue-recarpeteada-con-recursos-federales-del-fais\/"]}]},{"@type":"ImageObject","inLanguage":"es","@id":"https:\/\/www.sonoraenequipo.com.mx\/el-tramo-de-la-calle-nuevo-leon-a-la-veracruz-fue-recarpeteada-con-recursos-federales-del-fais\/#primaryimage","url":"https:\/\/www.sonoraenequipo.com.mx\/storage\/2021\/09\/Calle-16-Sept-rehabiilitada-el-0209-1_opt.jpg","contentUrl":"https:\/\/www.sonoraenequipo.com.mx\/storage\/2021\/09\/Calle-16-Sept-rehabiilitada-el-0209-1_opt.jpg","width":700,"height":400},{"@type":"BreadcrumbList","@id":"https:\/\/www.sonoraenequipo.com.mx\/el-tramo-de-la-calle-nuevo-leon-a-la-veracruz-fue-recarpeteada-con-recursos-federales-del-fais\/#breadcrumb","itemListElement":[{"@type":"ListItem","position":1,"name":"Portada","item":"https:\/\/www.sonoraenequipo.com.mx\/"},{"@type":"ListItem","position":2,"name":"El tramo de la calle Nuevo Le\u00f3n a la Veracruz fue recarpeteada con recursos federales del FAIS"}]},{"@type":"WebSite","@id":"https:\/\/www.sonoraenequipo.com.mx\/#website","url":"https:\/\/www.sonoraenequipo.com.mx\/","name":"Sonora en Equipo.","description":"Diario en l\u00ednea con Noticias desde Hermosillo, Sonora","publisher":{"@id":"https:\/\/www.sonoraenequipo.com.mx\/#organization"},"potentialAction":[{"@type":"SearchAction","target":{"@type":"EntryPoint","urlTemplate":"https:\/\/www.sonoraenequipo.com.mx\/?s={search_term_string}"},"query-input":{"@type":"PropertyValueSpecification","valueRequired":true,"valueName":"search_term_string"}}],"inLanguage":"es"},{"@type":"Organization","@id":"https:\/\/www.sonoraenequipo.com.mx\/#organization","name":"Sonoraenequipo.com.mx","url":"https:\/\/www.sonoraenequipo.com.mx\/","logo":{"@type":"ImageObject","inLanguage":"es","@id":"https:\/\/www.sonoraenequipo.com.mx\/#\/schema\/logo\/image\/","url":"https:\/\/www.sonoraenequipo.com.mx\/storage\/2019\/01\/sonoraenequipo_opt.png","contentUrl":"https:\/\/www.sonoraenequipo.com.mx\/storage\/2019\/01\/sonoraenequipo_opt.png","width":375,"height":125,"caption":"Sonoraenequipo.com.mx"},"image":{"@id":"https:\/\/www.sonoraenequipo.com.mx\/#\/schema\/logo\/image\/"},"sameAs":["https:\/\/www.facebook.com\/SonoraEE\/","https:\/\/x.com\/sonoraenequipo","https:\/\/www.youtube.com\/channel\/UC338nW-lPEYmJQs4ZABQ1SQ"]},{"@type":"Person","@id":"https:\/\/www.sonoraenequipo.com.mx\/#\/schema\/person\/50102df0fb23a8fa9e8effad8fa81386","name":"enequipo","image":{"@type":"ImageObject","inLanguage":"es","@id":"https:\/\/www.sonoraenequipo.com.mx\/#\/schema\/person\/image\/","url":"https:\/\/secure.gravatar.com\/avatar\/049821681b589dabc0bc20695993ccebb09f5b5d4d790cd9251b97faac7c652b?s=96&d=blank&r=g","contentUrl":"https:\/\/secure.gravatar.com\/avatar\/049821681b589dabc0bc20695993ccebb09f5b5d4d790cd9251b97faac7c652b?s=96&d=blank&r=g","caption":"enequipo"},"sameAs":["https:\/\/www.facebook.com\/SonoraEE"]}]}},"jetpack_featured_media_url":"https:\/\/www.sonoraenequipo.com.mx\/storage\/2021\/09\/Calle-16-Sept-rehabiilitada-el-0209-1_opt.jpg","_links":{"self":[{"href":"https:\/\/www.sonoraenequipo.com.mx\/api\/wp\/v2\/posts\/121967","targetHints":{"allow":["GET"]}}],"collection":[{"href":"https:\/\/www.sonoraenequipo.com.mx\/api\/wp\/v2\/posts"}],"about":[{"href":"https:\/\/www.sonoraenequipo.com.mx\/api\/wp\/v2\/types\/post"}],"author":[{"embeddable":true,"href":"https:\/\/www.sonoraenequipo.com.mx\/api\/wp\/v2\/users\/1"}],"replies":[{"embeddable":true,"href":"https:\/\/www.sonoraenequipo.com.mx\/api\/wp\/v2\/comments?post=121967"}],"version-history":[{"count":3,"href":"https:\/\/www.sonoraenequipo.com.mx\/api\/wp\/v2\/posts\/121967\/revisions"}],"predecessor-version":[{"id":121975,"href":"https:\/\/www.sonoraenequipo.com.mx\/api\/wp\/v2\/posts\/121967\/revisions\/121975"}],"wp:featuredmedia":[{"embeddable":true,"href":"https:\/\/www.sonoraenequipo.com.mx\/api\/wp\/v2\/media\/121970"}],"wp:attachment":[{"href":"https:\/\/www.sonoraenequipo.com.mx\/api\/wp\/v2\/media?parent=121967"}],"wp:term":[{"taxonomy":"category","embeddable":true,"href":"https:\/\/www.sonoraenequipo.com.mx\/api\/wp\/v2\/categories?post=121967"},{"taxonomy":"post_tag","embeddable":true,"href":"https:\/\/www.sonoraenequipo.com.mx\/api\/wp\/v2\/tags?post=121967"}],"curies":[{"name":"wp","href":"https:\/\/api.w.org\/{rel}","templated":true}]}}