{"id":121976,"date":"2021-09-02T15:08:02","date_gmt":"2021-09-02T22:08:02","guid":{"rendered":"https:\/\/www.sonoraenequipo.com.mx\/?p=121976"},"modified":"2021-09-02T18:14:55","modified_gmt":"2021-09-03T01:14:55","slug":"eligen-a-reyes-rodriguez-mondragon-como-nuevo-presidente-del-tepjf","status":"publish","type":"post","link":"https:\/\/www.sonoraenequipo.com.mx\/eligen-a-reyes-rodriguez-mondragon-como-nuevo-presidente-del-tepjf\/","title":{"rendered":"Eligen a Reyes Rodr\u00edguez Mondrag\u00f3n como nuevo presidente del TEPJF"},"content":{"rendered":"<p>CIUDAD DE M\u00c9XICO. MX. \u2014 El Tribunal Electoral del Poder Judicial de la Federaci\u00f3n (TEPJF) eligi\u00f3, por unanimidad, al magistrado, Reyes Rodr\u00edguez Mondrag\u00f3n, como nuevo presidente de la instituci\u00f3n para sellar la crisis interna desatada por la rebeli\u00f3n interna contra el anterior presidente, Jos\u00e9 Luis Vargas, acusado de corrupci\u00f3n.<\/p>\n<p>&nbsp;<\/p>\n<p> <\/p>\n<p>&nbsp;<\/p>\n<p><em>\u201cEs un honor y un desaf\u00edo asumir esta responsabilidad, particularmente en estos tiempos en los que nuestra democracia se torna cada d\u00eda m\u00e1s din\u00e1mica\u201d, expres\u00f3 tras su nombramiento el nuevo presidente, quien consider\u00f3 \u201curgente revisar los procesos y la normatividad\u201d<\/em> de la instituci\u00f3n para prevenir nuevas crisis.<\/p>\n<p>&nbsp;<\/p>\n<p>La sesi\u00f3n en que se eligi\u00f3 a Rodr\u00edguez Mondrag\u00f3n se celebr\u00f3 de forma privada, algo que fue criticado por el expresidente, Jos\u00e9 Luis Vargas, quien expres\u00f3 en redes sociales que \u201cla ciudadan\u00eda merece conocer los argumentos que respaldan la nueva designaci\u00f3n\u201d.<\/p>\n<p>&nbsp;<\/p>\n<p>El pasado 4 de agosto, cinco de los siete magistrados del Tribunal Electoral del Poder Judicial de la Federaci\u00f3n se rebelaron contra Jos\u00e9 Luis Vargas y acordaron en una sesi\u00f3n paralela removerlo del cargo por tomar decisiones arbitrarias y fuera del reglamento de la instituci\u00f3n.<\/p>\n<p>&nbsp;<\/p>\n<p>Vargas, quien denunci\u00f3 un \u201cgolpe de Estado\u201d en su contra, est\u00e1 investigado adem\u00e1s por la Unidad de Inteligencia Financiera (UIF) por gastos de 36.7 millones de pesos (m\u00e1s de 1.8 millones de d\u00f3lares) de 2013 a la fecha, superiores a los ingresos declarados.<\/p>\n<p>&nbsp;<\/p>\n<p>Los cinco magistrados hab\u00edan elegido entonces a Rodr\u00edguez Mondrag\u00f3n como nuevo presidente del Tribunal Electoral del Poder Judicial de la Federaci\u00f3n, pero Vargas se neg\u00f3 a dejar el cargo por considerar ilegal su sustituci\u00f3n.<\/p>\n<p>&nbsp;<\/p>\n<p>Ante esta crisis interna, tuvo que intervenir el presidente de la Suprema Corte de Justicia de la Naci\u00f3n, Arturo Zald\u00edvar, quien pact\u00f3 con Vargas y Reyes Mondrag\u00f3n su renuncia a la presidencia del organismo.<\/p>\n<p>&nbsp;<\/p>\n<p>El 10 de agosto, el TEPJF eligi\u00f3 al magistrado, Felipe Alfredo Fuentes Barrera, como presidente interino del organismo por un per\u00edodo que venci\u00f3 el mi\u00e9rcoles, dando paso a la sesi\u00f3n de este jueves en la que Rodr\u00edguez Mondrag\u00f3n fue definitivamente nombrado por un periodo que concluye en octubre de 2024.<\/p>\n<p>El presidente de M\u00e9xico, Andr\u00e9s Manuel L\u00f3pez Obrador (AMLO), enfrentado a los organismos electorales independientes, opin\u00f3 tras la rebeli\u00f3n interna que todos los magistrados \u201cdeber\u00edan renunciar por dignidad\u201d, ya que dicha crisis es \u201cun asunto lamentable, que da verg\u00fcenza\u201d.<\/p>\n<p><a class=\"twitter-timeline\" data-width=\"640\" data-height=\"960\" data-dnt=\"true\" href=\"https:\/\/twitter.com\/TEPJF_informa?ref_src=twsrc%5Etfw\">Tweets by TEPJF_informa<\/a><script async src=\"https:\/\/platform.twitter.com\/widgets.js\" charset=\"utf-8\"><\/script><\/p>\n<p>&nbsp;<\/p>\n<p>&nbsp;<\/p>\n<p>(Publicada el 02\/09\/2021 \/EFE)<\/p>\n","protected":false},"excerpt":{"rendered":"<p>CIUDAD DE M\u00c9XICO. MX. \u2014 El Tribunal Electoral del Poder Judicial de la Federaci\u00f3n (TEPJF)&#8230;<\/p>\n","protected":false},"author":1,"featured_media":121972,"comment_status":"open","ping_status":"open","sticky":false,"template":"","format":"standard","meta":{"_monsterinsights_skip_tracking":false,"_monsterinsights_sitenote_active":false,"_monsterinsights_sitenote_note":"","_monsterinsights_sitenote_category":0,"footnotes":""},"categories":[5],"tags":[],"class_list":["post"],"yoast_head":" \n<title>Sonora en Equipo. Eligen a Reyes Rodr\u00edguez Mondrag\u00f3n como nuevo presidente del TEPJF Rep\u00fablica<\/title>\n<meta name=\"description\" content=\"CIUDAD DE M\u00c9XICO. MX. \u2014 El Tribunal Electoral del Poder Judicial de la Federaci\u00f3n (TEPJF) eligi\u00f3, por unanimidad, al magistrado, Reyes Rodr\u00edguez En Sonora en Equipo publicamos toda la informaci\u00f3n de Sonora, M\u00e9xico y el Mundo de manera oportuna y busca que la libertad de expresi\u00f3n sea real. Visita nuestro medio informativo publicado desde Hermosillo, Sonora. %\" \/>\n<meta name=\"robots\" content=\"index, follow, max-snippet:-1, max-image-preview:large, max-video-preview:-1\" \/>\n<link rel=\"canonical\" href=\"https:\/\/www.sonoraenequipo.com.mx\/eligen-a-reyes-rodriguez-mondragon-como-nuevo-presidente-del-tepjf\/\" \/>\n<meta property=\"og:locale\" content=\"es_ES\" \/>\n<meta property=\"og:type\" content=\"article\" \/>\n<meta property=\"og:title\" content=\"Sonora en Equipo. Eligen a Reyes Rodr\u00edguez Mondrag\u00f3n como nuevo presidente del TEPJF Rep\u00fablica\" \/>\n<meta property=\"og:description\" content=\"CIUDAD DE M\u00c9XICO. MX. \u2014 El Tribunal Electoral del Poder Judicial de la Federaci\u00f3n (TEPJF) eligi\u00f3, por unanimidad, al magistrado, Reyes Rodr\u00edguez En Sonora en Equipo publicamos toda la informaci\u00f3n de Sonora, M\u00e9xico y el Mundo de manera oportuna y busca que la libertad de expresi\u00f3n sea real. Visita nuestro medio informativo publicado desde Hermosillo, Sonora. %\" \/>\n<meta property=\"og:url\" content=\"https:\/\/www.sonoraenequipo.com.mx\/eligen-a-reyes-rodriguez-mondragon-como-nuevo-presidente-del-tepjf\/\" \/>\n<meta property=\"og:site_name\" content=\"Sonora en Equipo.\" \/>\n<meta property=\"article:publisher\" content=\"https:\/\/www.facebook.com\/SonoraEE\/\" \/>\n<meta property=\"article:author\" content=\"https:\/\/www.facebook.com\/SonoraEE\" \/>\n<meta property=\"article:published_time\" content=\"2021-09-02T22:08:02+00:00\" \/>\n<meta property=\"article:modified_time\" content=\"2021-09-03T01:14:55+00:00\" \/>\n<meta property=\"og:image\" content=\"https:\/\/www.sonoraenequipo.com.mx\/storage\/2021\/09\/reyes-mondragon-tepjf_opt.jpg\" \/>\n\t<meta property=\"og:image:width\" content=\"700\" \/>\n\t<meta property=\"og:image:height\" content=\"400\" \/>\n\t<meta property=\"og:image:type\" content=\"image\/jpeg\" \/>\n<meta name=\"author\" content=\"enequipo\" \/>\n<meta name=\"twitter:card\" content=\"summary_large_image\" \/>\n<meta name=\"twitter:creator\" content=\"@sonoraenequipo\" \/>\n<meta name=\"twitter:site\" content=\"@sonoraenequipo\" \/>\n<meta name=\"twitter:label1\" content=\"Escrito por\" \/>\n\t<meta name=\"twitter:data1\" content=\"enequipo\" \/>\n\t<meta name=\"twitter:label2\" content=\"Tiempo de lectura\" \/>\n\t<meta name=\"twitter:data2\" content=\"2 minutos\" \/>\n<script type=\"application\/ld+json\" class=\"yoast-schema-graph\">{\"@context\":\"https:\/\/schema.org\",\"@graph\":[{\"@type\":\"Article\",\"@id\":\"https:\/\/www.sonoraenequipo.com.mx\/eligen-a-reyes-rodriguez-mondragon-como-nuevo-presidente-del-tepjf\/#article\",\"isPartOf\":{\"@id\":\"https:\/\/www.sonoraenequipo.com.mx\/eligen-a-reyes-rodriguez-mondragon-como-nuevo-presidente-del-tepjf\/\"},\"author\":{\"name\":\"enequipo\",\"@id\":\"https:\/\/www.sonoraenequipo.com.mx\/#\/schema\/person\/50102df0fb23a8fa9e8effad8fa81386\"},\"headline\":\"Eligen a Reyes Rodr\u00edguez Mondrag\u00f3n como nuevo presidente del TEPJF\",\"datePublished\":\"2021-09-02T22:08:02+00:00\",\"dateModified\":\"2021-09-03T01:14:55+00:00\",\"mainEntityOfPage\":{\"@id\":\"https:\/\/www.sonoraenequipo.com.mx\/eligen-a-reyes-rodriguez-mondragon-como-nuevo-presidente-del-tepjf\/\"},\"wordCount\":447,\"commentCount\":0,\"publisher\":{\"@id\":\"https:\/\/www.sonoraenequipo.com.mx\/#organization\"},\"image\":{\"@id\":\"https:\/\/www.sonoraenequipo.com.mx\/eligen-a-reyes-rodriguez-mondragon-como-nuevo-presidente-del-tepjf\/#primaryimage\"},\"thumbnailUrl\":\"https:\/\/www.sonoraenequipo.com.mx\/storage\/2021\/09\/reyes-mondragon-tepjf_opt.jpg\",\"articleSection\":[\"Rep\u00fablica\"],\"inLanguage\":\"es\",\"potentialAction\":[{\"@type\":\"CommentAction\",\"name\":\"Comment\",\"target\":[\"https:\/\/www.sonoraenequipo.com.mx\/eligen-a-reyes-rodriguez-mondragon-como-nuevo-presidente-del-tepjf\/#respond\"]}]},{\"@type\":\"WebPage\",\"@id\":\"https:\/\/www.sonoraenequipo.com.mx\/eligen-a-reyes-rodriguez-mondragon-como-nuevo-presidente-del-tepjf\/\",\"url\":\"https:\/\/www.sonoraenequipo.com.mx\/eligen-a-reyes-rodriguez-mondragon-como-nuevo-presidente-del-tepjf\/\",\"name\":\"Sonora en Equipo. Eligen a Reyes Rodr\u00edguez Mondrag\u00f3n como nuevo presidente del TEPJF Rep\u00fablica\",\"isPartOf\":{\"@id\":\"https:\/\/www.sonoraenequipo.com.mx\/#website\"},\"primaryImageOfPage\":{\"@id\":\"https:\/\/www.sonoraenequipo.com.mx\/eligen-a-reyes-rodriguez-mondragon-como-nuevo-presidente-del-tepjf\/#primaryimage\"},\"image\":{\"@id\":\"https:\/\/www.sonoraenequipo.com.mx\/eligen-a-reyes-rodriguez-mondragon-como-nuevo-presidente-del-tepjf\/#primaryimage\"},\"thumbnailUrl\":\"https:\/\/www.sonoraenequipo.com.mx\/storage\/2021\/09\/reyes-mondragon-tepjf_opt.jpg\",\"datePublished\":\"2021-09-02T22:08:02+00:00\",\"dateModified\":\"2021-09-03T01:14:55+00:00\",\"description\":\"CIUDAD DE M\u00c9XICO. MX. \u2014 El Tribunal Electoral del Poder Judicial de la Federaci\u00f3n (TEPJF) eligi\u00f3, por unanimidad, al magistrado, Reyes Rodr\u00edguez En Sonora en Equipo publicamos toda la informaci\u00f3n de Sonora, M\u00e9xico y el Mundo de manera oportuna y busca que la libertad de expresi\u00f3n sea real. Visita nuestro medio informativo publicado desde Hermosillo, Sonora. %\",\"breadcrumb\":{\"@id\":\"https:\/\/www.sonoraenequipo.com.mx\/eligen-a-reyes-rodriguez-mondragon-como-nuevo-presidente-del-tepjf\/#breadcrumb\"},\"inLanguage\":\"es\",\"potentialAction\":[{\"@type\":\"ReadAction\",\"target\":[\"https:\/\/www.sonoraenequipo.com.mx\/eligen-a-reyes-rodriguez-mondragon-como-nuevo-presidente-del-tepjf\/\"]}]},{\"@type\":\"ImageObject\",\"inLanguage\":\"es\",\"@id\":\"https:\/\/www.sonoraenequipo.com.mx\/eligen-a-reyes-rodriguez-mondragon-como-nuevo-presidente-del-tepjf\/#primaryimage\",\"url\":\"https:\/\/www.sonoraenequipo.com.mx\/storage\/2021\/09\/reyes-mondragon-tepjf_opt.jpg\",\"contentUrl\":\"https:\/\/www.sonoraenequipo.com.mx\/storage\/2021\/09\/reyes-mondragon-tepjf_opt.jpg\",\"width\":700,\"height\":400},{\"@type\":\"BreadcrumbList\",\"@id\":\"https:\/\/www.sonoraenequipo.com.mx\/eligen-a-reyes-rodriguez-mondragon-como-nuevo-presidente-del-tepjf\/#breadcrumb\",\"itemListElement\":[{\"@type\":\"ListItem\",\"position\":1,\"name\":\"Portada\",\"item\":\"https:\/\/www.sonoraenequipo.com.mx\/\"},{\"@type\":\"ListItem\",\"position\":2,\"name\":\"Eligen a Reyes Rodr\u00edguez Mondrag\u00f3n como nuevo presidente del TEPJF\"}]},{\"@type\":\"WebSite\",\"@id\":\"https:\/\/www.sonoraenequipo.com.mx\/#website\",\"url\":\"https:\/\/www.sonoraenequipo.com.mx\/\",\"name\":\"Sonora en Equipo.\",\"description\":\"Diario en l\u00ednea con Noticias desde Hermosillo, Sonora\",\"publisher\":{\"@id\":\"https:\/\/www.sonoraenequipo.com.mx\/#organization\"},\"potentialAction\":[{\"@type\":\"SearchAction\",\"target\":{\"@type\":\"EntryPoint\",\"urlTemplate\":\"https:\/\/www.sonoraenequipo.com.mx\/?s={search_term_string}\"},\"query-input\":{\"@type\":\"PropertyValueSpecification\",\"valueRequired\":true,\"valueName\":\"search_term_string\"}}],\"inLanguage\":\"es\"},{\"@type\":\"Organization\",\"@id\":\"https:\/\/www.sonoraenequipo.com.mx\/#organization\",\"name\":\"Sonoraenequipo.com.mx\",\"url\":\"https:\/\/www.sonoraenequipo.com.mx\/\",\"logo\":{\"@type\":\"ImageObject\",\"inLanguage\":\"es\",\"@id\":\"https:\/\/www.sonoraenequipo.com.mx\/#\/schema\/logo\/image\/\",\"url\":\"https:\/\/www.sonoraenequipo.com.mx\/storage\/2019\/01\/sonoraenequipo_opt.png\",\"contentUrl\":\"https:\/\/www.sonoraenequipo.com.mx\/storage\/2019\/01\/sonoraenequipo_opt.png\",\"width\":375,\"height\":125,\"caption\":\"Sonoraenequipo.com.mx\"},\"image\":{\"@id\":\"https:\/\/www.sonoraenequipo.com.mx\/#\/schema\/logo\/image\/\"},\"sameAs\":[\"https:\/\/www.facebook.com\/SonoraEE\/\",\"https:\/\/x.com\/sonoraenequipo\",\"https:\/\/www.youtube.com\/channel\/UC338nW-lPEYmJQs4ZABQ1SQ\"]},{\"@type\":\"Person\",\"@id\":\"https:\/\/www.sonoraenequipo.com.mx\/#\/schema\/person\/50102df0fb23a8fa9e8effad8fa81386\",\"name\":\"enequipo\",\"image\":{\"@type\":\"ImageObject\",\"inLanguage\":\"es\",\"@id\":\"https:\/\/www.sonoraenequipo.com.mx\/#\/schema\/person\/image\/\",\"url\":\"https:\/\/secure.gravatar.com\/avatar\/049821681b589dabc0bc20695993ccebb09f5b5d4d790cd9251b97faac7c652b?s=96&d=blank&r=g\",\"contentUrl\":\"https:\/\/secure.gravatar.com\/avatar\/049821681b589dabc0bc20695993ccebb09f5b5d4d790cd9251b97faac7c652b?s=96&d=blank&r=g\",\"caption\":\"enequipo\"},\"sameAs\":[\"https:\/\/www.facebook.com\/SonoraEE\"]}]}<\/script>\n ","yoast_head_json":{"title":"Sonora en Equipo. Eligen a Reyes Rodr\u00edguez Mondrag\u00f3n como nuevo presidente del TEPJF Rep\u00fablica","description":"CIUDAD DE M\u00c9XICO. MX. \u2014 El Tribunal Electoral del Poder Judicial de la Federaci\u00f3n (TEPJF) eligi\u00f3, por unanimidad, al magistrado, Reyes Rodr\u00edguez En Sonora en Equipo publicamos toda la informaci\u00f3n de Sonora, M\u00e9xico y el Mundo de manera oportuna y busca que la libertad de expresi\u00f3n sea real. Visita nuestro medio informativo publicado desde Hermosillo, Sonora. %","robots":{"index":"index","follow":"follow","max-snippet":"max-snippet:-1","max-image-preview":"max-image-preview:large","max-video-preview":"max-video-preview:-1"},"canonical":"https:\/\/www.sonoraenequipo.com.mx\/eligen-a-reyes-rodriguez-mondragon-como-nuevo-presidente-del-tepjf\/","og_locale":"es_ES","og_type":"article","og_title":"Sonora en Equipo. Eligen a Reyes Rodr\u00edguez Mondrag\u00f3n como nuevo presidente del TEPJF Rep\u00fablica","og_description":"CIUDAD DE M\u00c9XICO. MX. \u2014 El Tribunal Electoral del Poder Judicial de la Federaci\u00f3n (TEPJF) eligi\u00f3, por unanimidad, al magistrado, Reyes Rodr\u00edguez En Sonora en Equipo publicamos toda la informaci\u00f3n de Sonora, M\u00e9xico y el Mundo de manera oportuna y busca que la libertad de expresi\u00f3n sea real. Visita nuestro medio informativo publicado desde Hermosillo, Sonora. %","og_url":"https:\/\/www.sonoraenequipo.com.mx\/eligen-a-reyes-rodriguez-mondragon-como-nuevo-presidente-del-tepjf\/","og_site_name":"Sonora en Equipo.","article_publisher":"https:\/\/www.facebook.com\/SonoraEE\/","article_author":"https:\/\/www.facebook.com\/SonoraEE","article_published_time":"2021-09-02T22:08:02+00:00","article_modified_time":"2021-09-03T01:14:55+00:00","og_image":[{"width":700,"height":400,"url":"https:\/\/www.sonoraenequipo.com.mx\/storage\/2021\/09\/reyes-mondragon-tepjf_opt.jpg","type":"image\/jpeg"}],"author":"enequipo","twitter_card":"summary_large_image","twitter_creator":"@sonoraenequipo","twitter_site":"@sonoraenequipo","twitter_misc":{"Escrito por":"enequipo","Tiempo de lectura":"2 minutos"},"schema":{"@context":"https:\/\/schema.org","@graph":[{"@type":"Article","@id":"https:\/\/www.sonoraenequipo.com.mx\/eligen-a-reyes-rodriguez-mondragon-como-nuevo-presidente-del-tepjf\/#article","isPartOf":{"@id":"https:\/\/www.sonoraenequipo.com.mx\/eligen-a-reyes-rodriguez-mondragon-como-nuevo-presidente-del-tepjf\/"},"author":{"name":"enequipo","@id":"https:\/\/www.sonoraenequipo.com.mx\/#\/schema\/person\/50102df0fb23a8fa9e8effad8fa81386"},"headline":"Eligen a Reyes Rodr\u00edguez Mondrag\u00f3n como nuevo presidente del TEPJF","datePublished":"2021-09-02T22:08:02+00:00","dateModified":"2021-09-03T01:14:55+00:00","mainEntityOfPage":{"@id":"https:\/\/www.sonoraenequipo.com.mx\/eligen-a-reyes-rodriguez-mondragon-como-nuevo-presidente-del-tepjf\/"},"wordCount":447,"commentCount":0,"publisher":{"@id":"https:\/\/www.sonoraenequipo.com.mx\/#organization"},"image":{"@id":"https:\/\/www.sonoraenequipo.com.mx\/eligen-a-reyes-rodriguez-mondragon-como-nuevo-presidente-del-tepjf\/#primaryimage"},"thumbnailUrl":"https:\/\/www.sonoraenequipo.com.mx\/storage\/2021\/09\/reyes-mondragon-tepjf_opt.jpg","articleSection":["Rep\u00fablica"],"inLanguage":"es","potentialAction":[{"@type":"CommentAction","name":"Comment","target":["https:\/\/www.sonoraenequipo.com.mx\/eligen-a-reyes-rodriguez-mondragon-como-nuevo-presidente-del-tepjf\/#respond"]}]},{"@type":"WebPage","@id":"https:\/\/www.sonoraenequipo.com.mx\/eligen-a-reyes-rodriguez-mondragon-como-nuevo-presidente-del-tepjf\/","url":"https:\/\/www.sonoraenequipo.com.mx\/eligen-a-reyes-rodriguez-mondragon-como-nuevo-presidente-del-tepjf\/","name":"Sonora en Equipo. Eligen a Reyes Rodr\u00edguez Mondrag\u00f3n como nuevo presidente del TEPJF Rep\u00fablica","isPartOf":{"@id":"https:\/\/www.sonoraenequipo.com.mx\/#website"},"primaryImageOfPage":{"@id":"https:\/\/www.sonoraenequipo.com.mx\/eligen-a-reyes-rodriguez-mondragon-como-nuevo-presidente-del-tepjf\/#primaryimage"},"image":{"@id":"https:\/\/www.sonoraenequipo.com.mx\/eligen-a-reyes-rodriguez-mondragon-como-nuevo-presidente-del-tepjf\/#primaryimage"},"thumbnailUrl":"https:\/\/www.sonoraenequipo.com.mx\/storage\/2021\/09\/reyes-mondragon-tepjf_opt.jpg","datePublished":"2021-09-02T22:08:02+00:00","dateModified":"2021-09-03T01:14:55+00:00","description":"CIUDAD DE M\u00c9XICO. MX. \u2014 El Tribunal Electoral del Poder Judicial de la Federaci\u00f3n (TEPJF) eligi\u00f3, por unanimidad, al magistrado, Reyes Rodr\u00edguez En Sonora en Equipo publicamos toda la informaci\u00f3n de Sonora, M\u00e9xico y el Mundo de manera oportuna y busca que la libertad de expresi\u00f3n sea real. Visita nuestro medio informativo publicado desde Hermosillo, Sonora. %","breadcrumb":{"@id":"https:\/\/www.sonoraenequipo.com.mx\/eligen-a-reyes-rodriguez-mondragon-como-nuevo-presidente-del-tepjf\/#breadcrumb"},"inLanguage":"es","potentialAction":[{"@type":"ReadAction","target":["https:\/\/www.sonoraenequipo.com.mx\/eligen-a-reyes-rodriguez-mondragon-como-nuevo-presidente-del-tepjf\/"]}]},{"@type":"ImageObject","inLanguage":"es","@id":"https:\/\/www.sonoraenequipo.com.mx\/eligen-a-reyes-rodriguez-mondragon-como-nuevo-presidente-del-tepjf\/#primaryimage","url":"https:\/\/www.sonoraenequipo.com.mx\/storage\/2021\/09\/reyes-mondragon-tepjf_opt.jpg","contentUrl":"https:\/\/www.sonoraenequipo.com.mx\/storage\/2021\/09\/reyes-mondragon-tepjf_opt.jpg","width":700,"height":400},{"@type":"BreadcrumbList","@id":"https:\/\/www.sonoraenequipo.com.mx\/eligen-a-reyes-rodriguez-mondragon-como-nuevo-presidente-del-tepjf\/#breadcrumb","itemListElement":[{"@type":"ListItem","position":1,"name":"Portada","item":"https:\/\/www.sonoraenequipo.com.mx\/"},{"@type":"ListItem","position":2,"name":"Eligen a Reyes Rodr\u00edguez Mondrag\u00f3n como nuevo presidente del TEPJF"}]},{"@type":"WebSite","@id":"https:\/\/www.sonoraenequipo.com.mx\/#website","url":"https:\/\/www.sonoraenequipo.com.mx\/","name":"Sonora en Equipo.","description":"Diario en l\u00ednea con Noticias desde Hermosillo, Sonora","publisher":{"@id":"https:\/\/www.sonoraenequipo.com.mx\/#organization"},"potentialAction":[{"@type":"SearchAction","target":{"@type":"EntryPoint","urlTemplate":"https:\/\/www.sonoraenequipo.com.mx\/?s={search_term_string}"},"query-input":{"@type":"PropertyValueSpecification","valueRequired":true,"valueName":"search_term_string"}}],"inLanguage":"es"},{"@type":"Organization","@id":"https:\/\/www.sonoraenequipo.com.mx\/#organization","name":"Sonoraenequipo.com.mx","url":"https:\/\/www.sonoraenequipo.com.mx\/","logo":{"@type":"ImageObject","inLanguage":"es","@id":"https:\/\/www.sonoraenequipo.com.mx\/#\/schema\/logo\/image\/","url":"https:\/\/www.sonoraenequipo.com.mx\/storage\/2019\/01\/sonoraenequipo_opt.png","contentUrl":"https:\/\/www.sonoraenequipo.com.mx\/storage\/2019\/01\/sonoraenequipo_opt.png","width":375,"height":125,"caption":"Sonoraenequipo.com.mx"},"image":{"@id":"https:\/\/www.sonoraenequipo.com.mx\/#\/schema\/logo\/image\/"},"sameAs":["https:\/\/www.facebook.com\/SonoraEE\/","https:\/\/x.com\/sonoraenequipo","https:\/\/www.youtube.com\/channel\/UC338nW-lPEYmJQs4ZABQ1SQ"]},{"@type":"Person","@id":"https:\/\/www.sonoraenequipo.com.mx\/#\/schema\/person\/50102df0fb23a8fa9e8effad8fa81386","name":"enequipo","image":{"@type":"ImageObject","inLanguage":"es","@id":"https:\/\/www.sonoraenequipo.com.mx\/#\/schema\/person\/image\/","url":"https:\/\/secure.gravatar.com\/avatar\/049821681b589dabc0bc20695993ccebb09f5b5d4d790cd9251b97faac7c652b?s=96&d=blank&r=g","contentUrl":"https:\/\/secure.gravatar.com\/avatar\/049821681b589dabc0bc20695993ccebb09f5b5d4d790cd9251b97faac7c652b?s=96&d=blank&r=g","caption":"enequipo"},"sameAs":["https:\/\/www.facebook.com\/SonoraEE"]}]}},"jetpack_featured_media_url":"https:\/\/www.sonoraenequipo.com.mx\/storage\/2021\/09\/reyes-mondragon-tepjf_opt.jpg","_links":{"self":[{"href":"https:\/\/www.sonoraenequipo.com.mx\/api\/wp\/v2\/posts\/121976","targetHints":{"allow":["GET"]}}],"collection":[{"href":"https:\/\/www.sonoraenequipo.com.mx\/api\/wp\/v2\/posts"}],"about":[{"href":"https:\/\/www.sonoraenequipo.com.mx\/api\/wp\/v2\/types\/post"}],"author":[{"embeddable":true,"href":"https:\/\/www.sonoraenequipo.com.mx\/api\/wp\/v2\/users\/1"}],"replies":[{"embeddable":true,"href":"https:\/\/www.sonoraenequipo.com.mx\/api\/wp\/v2\/comments?post=121976"}],"version-history":[{"count":1,"href":"https:\/\/www.sonoraenequipo.com.mx\/api\/wp\/v2\/posts\/121976\/revisions"}],"predecessor-version":[{"id":121977,"href":"https:\/\/www.sonoraenequipo.com.mx\/api\/wp\/v2\/posts\/121976\/revisions\/121977"}],"wp:featuredmedia":[{"embeddable":true,"href":"https:\/\/www.sonoraenequipo.com.mx\/api\/wp\/v2\/media\/121972"}],"wp:attachment":[{"href":"https:\/\/www.sonoraenequipo.com.mx\/api\/wp\/v2\/media?parent=121976"}],"wp:term":[{"taxonomy":"category","embeddable":true,"href":"https:\/\/www.sonoraenequipo.com.mx\/api\/wp\/v2\/categories?post=121976"},{"taxonomy":"post_tag","embeddable":true,"href":"https:\/\/www.sonoraenequipo.com.mx\/api\/wp\/v2\/tags?post=121976"}],"curies":[{"name":"wp","href":"https:\/\/api.w.org\/{rel}","templated":true}]}}