{"id":121989,"date":"2021-09-02T09:15:39","date_gmt":"2021-09-02T16:15:39","guid":{"rendered":"https:\/\/www.sonoraenequipo.com.mx\/?p=121989"},"modified":"2021-09-02T20:37:20","modified_gmt":"2021-09-03T03:37:20","slug":"sigue-el-estado-de-emergencia-en-ny-por-las-inundaciones","status":"publish","type":"post","link":"https:\/\/www.sonoraenequipo.com.mx\/sigue-el-estado-de-emergencia-en-ny-por-las-inundaciones\/","title":{"rendered":"Sigue el estado de emergencia en NY por las inundaciones"},"content":{"rendered":"<p>NUEVA YORK, ESTADOS UNIDOS. \u2014 El alcalde de Nueva York, Bill de Blasio, declar\u00f3 Estado de Emergencia desde desde la noche el d\u00eda 01 de septiembre\u00a0 debido a las inundaciones.<\/p>\n<p>&nbsp;<\/p>\n<p> <\/p>\n<p>&nbsp;<\/p>\n<p><em>\u201cEstamos soportando un evento meteorol\u00f3gico hist\u00f3rico esta noche con lluvias r\u00e9cord en toda la ciudad, inundaciones brutales y condiciones peligrosas en nuestras carreteras<\/em>\u201d, public\u00f3 en su cuenta de Twitter.<\/p>\n<p>&nbsp;<\/p>\n<p>De Blasio pidi\u00f3 a la gente no salir a la calle esta noche para que los servicios de emergencia hagan su trabajo.<\/p>\n<p>&nbsp;<\/p>\n<p><em>\u201cSi est\u00e1n pensando en salir, no lo hagan. Mant\u00e9ngase alejados del metro. Mant\u00e9ngase alejado de las carreteras. No conduzcan hacia estas aguas turbulentas. Permanezcan en los interiores\u201d,<\/em> agreg\u00f3.<\/p>\n<p>&nbsp;<\/p>\n<p>El alcalde inform\u00f3 que alrededor de 5,300 usuarios est\u00e1n sin electricidad y que esperan que las fuertes lluvias se detengan en las pr\u00f3ximas horas.<\/p>\n<p>&nbsp;<\/p>\n<p>&nbsp;<\/p>\n<p>Tormenta Larry se fortalece y puede que se convierta en hurac\u00e1n esta noche<\/p>\n<p>&nbsp;<\/p>\n<p>Larry, la tormenta tropical 12 de esta temporada cicl\u00f3nica en el Atl\u00e1ntico, sigue fortaleci\u00e9ndose al sur de las islas de Cabo Verde, en \u00c1frica, y puede que se convierta en hurac\u00e1n esta noche y el viernes sea ya de categor\u00eda mayor.<\/p>\n<p><a class=\"twitter-timeline\" data-width=\"640\" data-height=\"960\" data-dnt=\"true\" href=\"https:\/\/twitter.com\/MundoEConflicto?ref_src=twsrc%5Etfw\">Tweets by MundoEConflicto<\/a><script async src=\"https:\/\/platform.twitter.com\/widgets.js\" charset=\"utf-8\"><\/script><\/p>\n<p>&nbsp;<\/p>\n<p>&nbsp;<\/p>\n<p>El sistema presenta vientos m\u00e1ximos sostenidos de 70 mph (110 km\/h) y se encuentra sobre el este del Atl\u00e1ntico, 595 kil\u00f3metros (370 millas) al oeste-suroeste al sur de las islas de Cabo Verde.<\/p>\n<p>&nbsp;<\/p>\n<p>Larry se desplaza hacia el oeste a 35 km\/h (22 mph).<\/p>\n<p>&nbsp;<\/p>\n<p>Los meteor\u00f3logos pronostican un movimiento hacia el oeste hasta el jueves, seguido de un progresivo cambio hacia el oeste-noroeste en la noche del jueves y el viernes.<\/p>\n<p>&nbsp;<\/p>\n<p>&nbsp;<\/p>\n<p>Los vientos de intensidad de tormenta tropical se extienden hasta 110 kil\u00f3metros (70 millas) del centro, se\u00f1al\u00f3 el Centro Nacional de Huracanes (NHC) de Estados Unidos en su bolet\u00edn m\u00e1s reciente.<\/p>\n<p>&nbsp;<\/p>\n<p>El NHC, con sede en Miami, prev\u00e9 que Larry \u201csiga fortaleci\u00e9ndose en los pr\u00f3ximos d\u00edas\u201d, de manera que pudiera convertirse en hurac\u00e1n esta noche y alcanzar el viernes la categor\u00eda de cicl\u00f3n mayor ( 3, 4 o 6 en la escala de intensidad de Saffir-Simpson, de un m\u00e1ximo de 5).<\/p>\n<p>&nbsp;<\/p>\n<p>A Larry lo acompa\u00f1an hoy el ahora cicl\u00f3n postropical Ida, que se mueve hacia el noreste de Estados Unidos, dejando intensas lluvias a su paso, y la depresi\u00f3n tropical Kate, \u201cpobremente organizada\u201d, que se desplaza por el Atl\u00e1ntico y se prev\u00e9 su pronta desaparici\u00f3n.<\/p>\n<p>&nbsp;<\/p>\n<p>Ida presenta vientos m\u00e1ximos sostenidos de unos 55 km\/h (35 mph) y supone a\u00fan riesgos de copiosas lluvias y las consecuentes inundaciones, como tambi\u00e9n tornados, en el noreste estadounidense.<\/p>\n<p>&nbsp;<\/p>\n<p>El paso del hurac\u00e1n Ida, degradado ahora, ha dejado al menos 6 muertos, cortes de electricidad masivos, inundaciones y grandes destrozos en Luisiana y zonas de Misisipi, aunque parece que no ha llegado a la gravedad que se tem\u00eda, en buena parte gracias a los diques reconstruidos del \u00e1rea de Nueva Orleans.<\/p>\n<p>&nbsp;<\/p>\n<p>El sistema se encontraba unos 60 kil\u00f3metros (35 millas) al este de Hagerstow (Maryland) y unos 55 kil\u00f3metros al sur de Harrisburg, en Pensilvania.<\/p>\n<p>&nbsp;<\/p>\n<p>Los meteor\u00f3logos alertan de inundaciones y crecidas repentinas para partes de los Apalaches centrales, el Atl\u00e1ntico medio y el sur de Nueva York y de Nueva Inglaterra.<\/p>\n<p>&nbsp;<\/p>\n<p>La Administraci\u00f3n Nacional de Oc\u00e9anos y Atm\u00f3sfera de Estados Unidos (NOAA) pronostica que la actual temporada cicl\u00f3nica en el Atl\u00e1ntico tendr\u00e1 una actividad por encima del promedio.<\/p>\n<p>&nbsp;<\/p>\n<p>En lo que va del a\u00f1o se han formado cuatro huracanes en la cuenca atl\u00e1ntica\u2014Elsa, Grace, Henri e Ida\u2014, de los cuales Grace e Ida alcanzaron la categor\u00eda mayor.<\/p>\n<p>&nbsp;<\/p>\n<p>&nbsp;<\/p>\n<p>(Publicada el 02\/09\/2021\/Con la informaci\u00f3n de Forbes\/ EFE\/ y otros medios)<\/p>\n","protected":false},"excerpt":{"rendered":"<p>NUEVA YORK, ESTADOS UNIDOS. \u2014 El alcalde de Nueva York, Bill de Blasio, declar\u00f3 Estado&#8230;<\/p>\n","protected":false},"author":1,"featured_media":121990,"comment_status":"open","ping_status":"open","sticky":false,"template":"","format":"standard","meta":{"_monsterinsights_skip_tracking":false,"_monsterinsights_sitenote_active":false,"_monsterinsights_sitenote_note":"","_monsterinsights_sitenote_category":0,"footnotes":""},"categories":[3],"tags":[],"class_list":["post"],"yoast_head":" \n<title>Sonora en Equipo. Sigue el estado de emergencia en NY por las inundaciones MUNDO<\/title>\n<meta name=\"description\" content=\"NUEVA YORK, ESTADOS UNIDOS. \u2014 El alcalde de Nueva York, Bill de Blasio, declar\u00f3 Estado de Emergencia desde desde la noche el d\u00eda 01 de septiembre\u00a0 debido En Sonora en Equipo publicamos toda la informaci\u00f3n de Sonora, M\u00e9xico y el Mundo de manera oportuna y busca que la libertad de expresi\u00f3n sea real. Visita nuestro medio informativo publicado desde Hermosillo, Sonora. %\" \/>\n<meta name=\"robots\" content=\"index, follow, max-snippet:-1, max-image-preview:large, max-video-preview:-1\" \/>\n<link rel=\"canonical\" href=\"https:\/\/www.sonoraenequipo.com.mx\/sigue-el-estado-de-emergencia-en-ny-por-las-inundaciones\/\" \/>\n<meta property=\"og:locale\" content=\"es_ES\" \/>\n<meta property=\"og:type\" content=\"article\" \/>\n<meta property=\"og:title\" content=\"Sonora en Equipo. Sigue el estado de emergencia en NY por las inundaciones MUNDO\" \/>\n<meta property=\"og:description\" content=\"NUEVA YORK, ESTADOS UNIDOS. \u2014 El alcalde de Nueva York, Bill de Blasio, declar\u00f3 Estado de Emergencia desde desde la noche el d\u00eda 01 de septiembre\u00a0 debido En Sonora en Equipo publicamos toda la informaci\u00f3n de Sonora, M\u00e9xico y el Mundo de manera oportuna y busca que la libertad de expresi\u00f3n sea real. Visita nuestro medio informativo publicado desde Hermosillo, Sonora. %\" \/>\n<meta property=\"og:url\" content=\"https:\/\/www.sonoraenequipo.com.mx\/sigue-el-estado-de-emergencia-en-ny-por-las-inundaciones\/\" \/>\n<meta property=\"og:site_name\" content=\"Sonora en Equipo.\" \/>\n<meta property=\"article:publisher\" content=\"https:\/\/www.facebook.com\/SonoraEE\/\" \/>\n<meta property=\"article:author\" content=\"https:\/\/www.facebook.com\/SonoraEE\" \/>\n<meta property=\"article:published_time\" content=\"2021-09-02T16:15:39+00:00\" \/>\n<meta property=\"article:modified_time\" content=\"2021-09-03T03:37:20+00:00\" \/>\n<meta property=\"og:image\" content=\"https:\/\/www.sonoraenequipo.com.mx\/storage\/2021\/09\/nueva-york-en-emergencia_opt.jpg\" \/>\n\t<meta property=\"og:image:width\" content=\"700\" \/>\n\t<meta property=\"og:image:height\" content=\"400\" \/>\n\t<meta property=\"og:image:type\" content=\"image\/jpeg\" \/>\n<meta name=\"author\" content=\"enequipo\" \/>\n<meta name=\"twitter:card\" content=\"summary_large_image\" \/>\n<meta name=\"twitter:creator\" content=\"@sonoraenequipo\" \/>\n<meta name=\"twitter:site\" content=\"@sonoraenequipo\" \/>\n<meta name=\"twitter:label1\" content=\"Escrito por\" \/>\n\t<meta name=\"twitter:data1\" content=\"enequipo\" \/>\n\t<meta name=\"twitter:label2\" content=\"Tiempo de lectura\" \/>\n\t<meta name=\"twitter:data2\" content=\"3 minutos\" \/>\n<script type=\"application\/ld+json\" class=\"yoast-schema-graph\">{\"@context\":\"https:\/\/schema.org\",\"@graph\":[{\"@type\":\"Article\",\"@id\":\"https:\/\/www.sonoraenequipo.com.mx\/sigue-el-estado-de-emergencia-en-ny-por-las-inundaciones\/#article\",\"isPartOf\":{\"@id\":\"https:\/\/www.sonoraenequipo.com.mx\/sigue-el-estado-de-emergencia-en-ny-por-las-inundaciones\/\"},\"author\":{\"name\":\"enequipo\",\"@id\":\"https:\/\/www.sonoraenequipo.com.mx\/#\/schema\/person\/50102df0fb23a8fa9e8effad8fa81386\"},\"headline\":\"Sigue el estado de emergencia en NY por las inundaciones\",\"datePublished\":\"2021-09-02T16:15:39+00:00\",\"dateModified\":\"2021-09-03T03:37:20+00:00\",\"mainEntityOfPage\":{\"@id\":\"https:\/\/www.sonoraenequipo.com.mx\/sigue-el-estado-de-emergencia-en-ny-por-las-inundaciones\/\"},\"wordCount\":654,\"commentCount\":0,\"publisher\":{\"@id\":\"https:\/\/www.sonoraenequipo.com.mx\/#organization\"},\"image\":{\"@id\":\"https:\/\/www.sonoraenequipo.com.mx\/sigue-el-estado-de-emergencia-en-ny-por-las-inundaciones\/#primaryimage\"},\"thumbnailUrl\":\"https:\/\/www.sonoraenequipo.com.mx\/storage\/2021\/09\/nueva-york-en-emergencia_opt.jpg\",\"articleSection\":[\"MUNDO\"],\"inLanguage\":\"es\",\"potentialAction\":[{\"@type\":\"CommentAction\",\"name\":\"Comment\",\"target\":[\"https:\/\/www.sonoraenequipo.com.mx\/sigue-el-estado-de-emergencia-en-ny-por-las-inundaciones\/#respond\"]}]},{\"@type\":\"WebPage\",\"@id\":\"https:\/\/www.sonoraenequipo.com.mx\/sigue-el-estado-de-emergencia-en-ny-por-las-inundaciones\/\",\"url\":\"https:\/\/www.sonoraenequipo.com.mx\/sigue-el-estado-de-emergencia-en-ny-por-las-inundaciones\/\",\"name\":\"Sonora en Equipo. Sigue el estado de emergencia en NY por las inundaciones MUNDO\",\"isPartOf\":{\"@id\":\"https:\/\/www.sonoraenequipo.com.mx\/#website\"},\"primaryImageOfPage\":{\"@id\":\"https:\/\/www.sonoraenequipo.com.mx\/sigue-el-estado-de-emergencia-en-ny-por-las-inundaciones\/#primaryimage\"},\"image\":{\"@id\":\"https:\/\/www.sonoraenequipo.com.mx\/sigue-el-estado-de-emergencia-en-ny-por-las-inundaciones\/#primaryimage\"},\"thumbnailUrl\":\"https:\/\/www.sonoraenequipo.com.mx\/storage\/2021\/09\/nueva-york-en-emergencia_opt.jpg\",\"datePublished\":\"2021-09-02T16:15:39+00:00\",\"dateModified\":\"2021-09-03T03:37:20+00:00\",\"description\":\"NUEVA YORK, ESTADOS UNIDOS. \u2014 El alcalde de Nueva York, Bill de Blasio, declar\u00f3 Estado de Emergencia desde desde la noche el d\u00eda 01 de septiembre\u00a0 debido En Sonora en Equipo publicamos toda la informaci\u00f3n de Sonora, M\u00e9xico y el Mundo de manera oportuna y busca que la libertad de expresi\u00f3n sea real. Visita nuestro medio informativo publicado desde Hermosillo, Sonora. %\",\"breadcrumb\":{\"@id\":\"https:\/\/www.sonoraenequipo.com.mx\/sigue-el-estado-de-emergencia-en-ny-por-las-inundaciones\/#breadcrumb\"},\"inLanguage\":\"es\",\"potentialAction\":[{\"@type\":\"ReadAction\",\"target\":[\"https:\/\/www.sonoraenequipo.com.mx\/sigue-el-estado-de-emergencia-en-ny-por-las-inundaciones\/\"]}]},{\"@type\":\"ImageObject\",\"inLanguage\":\"es\",\"@id\":\"https:\/\/www.sonoraenequipo.com.mx\/sigue-el-estado-de-emergencia-en-ny-por-las-inundaciones\/#primaryimage\",\"url\":\"https:\/\/www.sonoraenequipo.com.mx\/storage\/2021\/09\/nueva-york-en-emergencia_opt.jpg\",\"contentUrl\":\"https:\/\/www.sonoraenequipo.com.mx\/storage\/2021\/09\/nueva-york-en-emergencia_opt.jpg\",\"width\":700,\"height\":400},{\"@type\":\"BreadcrumbList\",\"@id\":\"https:\/\/www.sonoraenequipo.com.mx\/sigue-el-estado-de-emergencia-en-ny-por-las-inundaciones\/#breadcrumb\",\"itemListElement\":[{\"@type\":\"ListItem\",\"position\":1,\"name\":\"Portada\",\"item\":\"https:\/\/www.sonoraenequipo.com.mx\/\"},{\"@type\":\"ListItem\",\"position\":2,\"name\":\"Sigue el estado de emergencia en NY por las inundaciones\"}]},{\"@type\":\"WebSite\",\"@id\":\"https:\/\/www.sonoraenequipo.com.mx\/#website\",\"url\":\"https:\/\/www.sonoraenequipo.com.mx\/\",\"name\":\"Sonora en Equipo.\",\"description\":\"Diario en l\u00ednea con Noticias desde Hermosillo, Sonora\",\"publisher\":{\"@id\":\"https:\/\/www.sonoraenequipo.com.mx\/#organization\"},\"potentialAction\":[{\"@type\":\"SearchAction\",\"target\":{\"@type\":\"EntryPoint\",\"urlTemplate\":\"https:\/\/www.sonoraenequipo.com.mx\/?s={search_term_string}\"},\"query-input\":{\"@type\":\"PropertyValueSpecification\",\"valueRequired\":true,\"valueName\":\"search_term_string\"}}],\"inLanguage\":\"es\"},{\"@type\":\"Organization\",\"@id\":\"https:\/\/www.sonoraenequipo.com.mx\/#organization\",\"name\":\"Sonoraenequipo.com.mx\",\"url\":\"https:\/\/www.sonoraenequipo.com.mx\/\",\"logo\":{\"@type\":\"ImageObject\",\"inLanguage\":\"es\",\"@id\":\"https:\/\/www.sonoraenequipo.com.mx\/#\/schema\/logo\/image\/\",\"url\":\"https:\/\/www.sonoraenequipo.com.mx\/storage\/2019\/01\/sonoraenequipo_opt.png\",\"contentUrl\":\"https:\/\/www.sonoraenequipo.com.mx\/storage\/2019\/01\/sonoraenequipo_opt.png\",\"width\":375,\"height\":125,\"caption\":\"Sonoraenequipo.com.mx\"},\"image\":{\"@id\":\"https:\/\/www.sonoraenequipo.com.mx\/#\/schema\/logo\/image\/\"},\"sameAs\":[\"https:\/\/www.facebook.com\/SonoraEE\/\",\"https:\/\/x.com\/sonoraenequipo\",\"https:\/\/www.youtube.com\/channel\/UC338nW-lPEYmJQs4ZABQ1SQ\"]},{\"@type\":\"Person\",\"@id\":\"https:\/\/www.sonoraenequipo.com.mx\/#\/schema\/person\/50102df0fb23a8fa9e8effad8fa81386\",\"name\":\"enequipo\",\"image\":{\"@type\":\"ImageObject\",\"inLanguage\":\"es\",\"@id\":\"https:\/\/www.sonoraenequipo.com.mx\/#\/schema\/person\/image\/\",\"url\":\"https:\/\/secure.gravatar.com\/avatar\/049821681b589dabc0bc20695993ccebb09f5b5d4d790cd9251b97faac7c652b?s=96&d=blank&r=g\",\"contentUrl\":\"https:\/\/secure.gravatar.com\/avatar\/049821681b589dabc0bc20695993ccebb09f5b5d4d790cd9251b97faac7c652b?s=96&d=blank&r=g\",\"caption\":\"enequipo\"},\"sameAs\":[\"https:\/\/www.facebook.com\/SonoraEE\"]}]}<\/script>\n ","yoast_head_json":{"title":"Sonora en Equipo. Sigue el estado de emergencia en NY por las inundaciones MUNDO","description":"NUEVA YORK, ESTADOS UNIDOS. \u2014 El alcalde de Nueva York, Bill de Blasio, declar\u00f3 Estado de Emergencia desde desde la noche el d\u00eda 01 de septiembre\u00a0 debido En Sonora en Equipo publicamos toda la informaci\u00f3n de Sonora, M\u00e9xico y el Mundo de manera oportuna y busca que la libertad de expresi\u00f3n sea real. Visita nuestro medio informativo publicado desde Hermosillo, Sonora. %","robots":{"index":"index","follow":"follow","max-snippet":"max-snippet:-1","max-image-preview":"max-image-preview:large","max-video-preview":"max-video-preview:-1"},"canonical":"https:\/\/www.sonoraenequipo.com.mx\/sigue-el-estado-de-emergencia-en-ny-por-las-inundaciones\/","og_locale":"es_ES","og_type":"article","og_title":"Sonora en Equipo. Sigue el estado de emergencia en NY por las inundaciones MUNDO","og_description":"NUEVA YORK, ESTADOS UNIDOS. \u2014 El alcalde de Nueva York, Bill de Blasio, declar\u00f3 Estado de Emergencia desde desde la noche el d\u00eda 01 de septiembre\u00a0 debido En Sonora en Equipo publicamos toda la informaci\u00f3n de Sonora, M\u00e9xico y el Mundo de manera oportuna y busca que la libertad de expresi\u00f3n sea real. Visita nuestro medio informativo publicado desde Hermosillo, Sonora. %","og_url":"https:\/\/www.sonoraenequipo.com.mx\/sigue-el-estado-de-emergencia-en-ny-por-las-inundaciones\/","og_site_name":"Sonora en Equipo.","article_publisher":"https:\/\/www.facebook.com\/SonoraEE\/","article_author":"https:\/\/www.facebook.com\/SonoraEE","article_published_time":"2021-09-02T16:15:39+00:00","article_modified_time":"2021-09-03T03:37:20+00:00","og_image":[{"width":700,"height":400,"url":"https:\/\/www.sonoraenequipo.com.mx\/storage\/2021\/09\/nueva-york-en-emergencia_opt.jpg","type":"image\/jpeg"}],"author":"enequipo","twitter_card":"summary_large_image","twitter_creator":"@sonoraenequipo","twitter_site":"@sonoraenequipo","twitter_misc":{"Escrito por":"enequipo","Tiempo de lectura":"3 minutos"},"schema":{"@context":"https:\/\/schema.org","@graph":[{"@type":"Article","@id":"https:\/\/www.sonoraenequipo.com.mx\/sigue-el-estado-de-emergencia-en-ny-por-las-inundaciones\/#article","isPartOf":{"@id":"https:\/\/www.sonoraenequipo.com.mx\/sigue-el-estado-de-emergencia-en-ny-por-las-inundaciones\/"},"author":{"name":"enequipo","@id":"https:\/\/www.sonoraenequipo.com.mx\/#\/schema\/person\/50102df0fb23a8fa9e8effad8fa81386"},"headline":"Sigue el estado de emergencia en NY por las inundaciones","datePublished":"2021-09-02T16:15:39+00:00","dateModified":"2021-09-03T03:37:20+00:00","mainEntityOfPage":{"@id":"https:\/\/www.sonoraenequipo.com.mx\/sigue-el-estado-de-emergencia-en-ny-por-las-inundaciones\/"},"wordCount":654,"commentCount":0,"publisher":{"@id":"https:\/\/www.sonoraenequipo.com.mx\/#organization"},"image":{"@id":"https:\/\/www.sonoraenequipo.com.mx\/sigue-el-estado-de-emergencia-en-ny-por-las-inundaciones\/#primaryimage"},"thumbnailUrl":"https:\/\/www.sonoraenequipo.com.mx\/storage\/2021\/09\/nueva-york-en-emergencia_opt.jpg","articleSection":["MUNDO"],"inLanguage":"es","potentialAction":[{"@type":"CommentAction","name":"Comment","target":["https:\/\/www.sonoraenequipo.com.mx\/sigue-el-estado-de-emergencia-en-ny-por-las-inundaciones\/#respond"]}]},{"@type":"WebPage","@id":"https:\/\/www.sonoraenequipo.com.mx\/sigue-el-estado-de-emergencia-en-ny-por-las-inundaciones\/","url":"https:\/\/www.sonoraenequipo.com.mx\/sigue-el-estado-de-emergencia-en-ny-por-las-inundaciones\/","name":"Sonora en Equipo. Sigue el estado de emergencia en NY por las inundaciones MUNDO","isPartOf":{"@id":"https:\/\/www.sonoraenequipo.com.mx\/#website"},"primaryImageOfPage":{"@id":"https:\/\/www.sonoraenequipo.com.mx\/sigue-el-estado-de-emergencia-en-ny-por-las-inundaciones\/#primaryimage"},"image":{"@id":"https:\/\/www.sonoraenequipo.com.mx\/sigue-el-estado-de-emergencia-en-ny-por-las-inundaciones\/#primaryimage"},"thumbnailUrl":"https:\/\/www.sonoraenequipo.com.mx\/storage\/2021\/09\/nueva-york-en-emergencia_opt.jpg","datePublished":"2021-09-02T16:15:39+00:00","dateModified":"2021-09-03T03:37:20+00:00","description":"NUEVA YORK, ESTADOS UNIDOS. \u2014 El alcalde de Nueva York, Bill de Blasio, declar\u00f3 Estado de Emergencia desde desde la noche el d\u00eda 01 de septiembre\u00a0 debido En Sonora en Equipo publicamos toda la informaci\u00f3n de Sonora, M\u00e9xico y el Mundo de manera oportuna y busca que la libertad de expresi\u00f3n sea real. Visita nuestro medio informativo publicado desde Hermosillo, Sonora. %","breadcrumb":{"@id":"https:\/\/www.sonoraenequipo.com.mx\/sigue-el-estado-de-emergencia-en-ny-por-las-inundaciones\/#breadcrumb"},"inLanguage":"es","potentialAction":[{"@type":"ReadAction","target":["https:\/\/www.sonoraenequipo.com.mx\/sigue-el-estado-de-emergencia-en-ny-por-las-inundaciones\/"]}]},{"@type":"ImageObject","inLanguage":"es","@id":"https:\/\/www.sonoraenequipo.com.mx\/sigue-el-estado-de-emergencia-en-ny-por-las-inundaciones\/#primaryimage","url":"https:\/\/www.sonoraenequipo.com.mx\/storage\/2021\/09\/nueva-york-en-emergencia_opt.jpg","contentUrl":"https:\/\/www.sonoraenequipo.com.mx\/storage\/2021\/09\/nueva-york-en-emergencia_opt.jpg","width":700,"height":400},{"@type":"BreadcrumbList","@id":"https:\/\/www.sonoraenequipo.com.mx\/sigue-el-estado-de-emergencia-en-ny-por-las-inundaciones\/#breadcrumb","itemListElement":[{"@type":"ListItem","position":1,"name":"Portada","item":"https:\/\/www.sonoraenequipo.com.mx\/"},{"@type":"ListItem","position":2,"name":"Sigue el estado de emergencia en NY por las inundaciones"}]},{"@type":"WebSite","@id":"https:\/\/www.sonoraenequipo.com.mx\/#website","url":"https:\/\/www.sonoraenequipo.com.mx\/","name":"Sonora en Equipo.","description":"Diario en l\u00ednea con Noticias desde Hermosillo, Sonora","publisher":{"@id":"https:\/\/www.sonoraenequipo.com.mx\/#organization"},"potentialAction":[{"@type":"SearchAction","target":{"@type":"EntryPoint","urlTemplate":"https:\/\/www.sonoraenequipo.com.mx\/?s={search_term_string}"},"query-input":{"@type":"PropertyValueSpecification","valueRequired":true,"valueName":"search_term_string"}}],"inLanguage":"es"},{"@type":"Organization","@id":"https:\/\/www.sonoraenequipo.com.mx\/#organization","name":"Sonoraenequipo.com.mx","url":"https:\/\/www.sonoraenequipo.com.mx\/","logo":{"@type":"ImageObject","inLanguage":"es","@id":"https:\/\/www.sonoraenequipo.com.mx\/#\/schema\/logo\/image\/","url":"https:\/\/www.sonoraenequipo.com.mx\/storage\/2019\/01\/sonoraenequipo_opt.png","contentUrl":"https:\/\/www.sonoraenequipo.com.mx\/storage\/2019\/01\/sonoraenequipo_opt.png","width":375,"height":125,"caption":"Sonoraenequipo.com.mx"},"image":{"@id":"https:\/\/www.sonoraenequipo.com.mx\/#\/schema\/logo\/image\/"},"sameAs":["https:\/\/www.facebook.com\/SonoraEE\/","https:\/\/x.com\/sonoraenequipo","https:\/\/www.youtube.com\/channel\/UC338nW-lPEYmJQs4ZABQ1SQ"]},{"@type":"Person","@id":"https:\/\/www.sonoraenequipo.com.mx\/#\/schema\/person\/50102df0fb23a8fa9e8effad8fa81386","name":"enequipo","image":{"@type":"ImageObject","inLanguage":"es","@id":"https:\/\/www.sonoraenequipo.com.mx\/#\/schema\/person\/image\/","url":"https:\/\/secure.gravatar.com\/avatar\/049821681b589dabc0bc20695993ccebb09f5b5d4d790cd9251b97faac7c652b?s=96&d=blank&r=g","contentUrl":"https:\/\/secure.gravatar.com\/avatar\/049821681b589dabc0bc20695993ccebb09f5b5d4d790cd9251b97faac7c652b?s=96&d=blank&r=g","caption":"enequipo"},"sameAs":["https:\/\/www.facebook.com\/SonoraEE"]}]}},"jetpack_featured_media_url":"https:\/\/www.sonoraenequipo.com.mx\/storage\/2021\/09\/nueva-york-en-emergencia_opt.jpg","_links":{"self":[{"href":"https:\/\/www.sonoraenequipo.com.mx\/api\/wp\/v2\/posts\/121989","targetHints":{"allow":["GET"]}}],"collection":[{"href":"https:\/\/www.sonoraenequipo.com.mx\/api\/wp\/v2\/posts"}],"about":[{"href":"https:\/\/www.sonoraenequipo.com.mx\/api\/wp\/v2\/types\/post"}],"author":[{"embeddable":true,"href":"https:\/\/www.sonoraenequipo.com.mx\/api\/wp\/v2\/users\/1"}],"replies":[{"embeddable":true,"href":"https:\/\/www.sonoraenequipo.com.mx\/api\/wp\/v2\/comments?post=121989"}],"version-history":[{"count":1,"href":"https:\/\/www.sonoraenequipo.com.mx\/api\/wp\/v2\/posts\/121989\/revisions"}],"predecessor-version":[{"id":121991,"href":"https:\/\/www.sonoraenequipo.com.mx\/api\/wp\/v2\/posts\/121989\/revisions\/121991"}],"wp:featuredmedia":[{"embeddable":true,"href":"https:\/\/www.sonoraenequipo.com.mx\/api\/wp\/v2\/media\/121990"}],"wp:attachment":[{"href":"https:\/\/www.sonoraenequipo.com.mx\/api\/wp\/v2\/media?parent=121989"}],"wp:term":[{"taxonomy":"category","embeddable":true,"href":"https:\/\/www.sonoraenequipo.com.mx\/api\/wp\/v2\/categories?post=121989"},{"taxonomy":"post_tag","embeddable":true,"href":"https:\/\/www.sonoraenequipo.com.mx\/api\/wp\/v2\/tags?post=121989"}],"curies":[{"name":"wp","href":"https:\/\/api.w.org\/{rel}","templated":true}]}}