{"id":122094,"date":"2021-09-02T18:00:07","date_gmt":"2021-09-03T01:00:07","guid":{"rendered":"https:\/\/www.sonoraenequipo.com.mx\/?p=122094"},"modified":"2021-09-04T15:08:26","modified_gmt":"2021-09-04T22:08:26","slug":"tiroteo-en-escuela-de-carolina-del-norte-deja-al-menos-un-alumno-fallecido-a-causa-de-las-lesiones-provocadas-durante-el-tiroteo","status":"publish","type":"post","link":"https:\/\/www.sonoraenequipo.com.mx\/tiroteo-en-escuela-de-carolina-del-norte-deja-al-menos-un-alumno-fallecido-a-causa-de-las-lesiones-provocadas-durante-el-tiroteo\/","title":{"rendered":"Tiroteo en escuela de Carolina del Norte deja al menos un alumno fallecido a causa de las lesiones provocadas durante el tiroteo."},"content":{"rendered":"<p>CALIFORNIA, ESTADOS UNIDOS. \u2014 Tras el tiroteo que se registr\u00f3 este mi\u00e9rcoles dentro de las instalaciones de la escuela secundaria de Mount Tabor en Carolina del Norte, Estados Unidos, un alumno result\u00f3 herido y posteriormente falleci\u00f3 debido a las lesiones causadas.<\/p>\n<p>&nbsp;<\/p>\n<p> <\/p>\n<p><em>\u201cUn estudiante est\u00e1 lesionado, todos los dem\u00e1s est\u00e1n a salvo. Buscamos activamente al sospechoso. No tenemos informaci\u00f3n confirmada de otros tiroteos o lesiones\u201d<\/em>, inform\u00f3 la polic\u00eda local minutos despu\u00e9s del suceso.<\/p>\n<p>&nbsp;<\/p>\n<p>Al poco tiempo de la agresi\u00f3n, se observ\u00f3 en la zona un despliegue de elementos de emergencia.<\/p>\n<p>&nbsp;<\/p>\n<p>A trav\u00e9s de redes sociales, la polic\u00eda de Winston-Salem detall\u00f3 que la escuela se encuentra cerrada y asegurada, adem\u00e1s de que se act\u00faa para garantizar la seguridad del alumnado.<\/p>\n<p>&nbsp;<\/p>\n<p>\u201cLa escuela secundaria Mount Tabor est\u00e1 bajo cierre. Ha habido un tiroteo en la propiedad de la escuela. Nosotros y el WSPD hemos asegurado el campus y estamos haciendo todo lo posible para mantener seguros a los estudiantes. Estamos investigando activamente lo que sucedi\u00f3 y compartiremos informaci\u00f3n confirmada cuando est\u00e9 disponible\u201d, sigui\u00f3 informando la polic\u00eda.<\/p>\n<p>&nbsp;<\/p>\n<p>Asimismo se\u00f1al\u00f3 que se investiga el tiroteo y se busca al responsable, por lo que pidi\u00f3 mantenerse informado por medio de las cuentas oficiales.<\/p>\n<p>&nbsp;<\/p>\n<p>Varias escuelas de zonas aleda\u00f1as tuvieron que ser cerradas por precauci\u00f3n, explic\u00f3 la polic\u00eda.<\/p>\n<p>&nbsp;<\/p>\n<p>La jefa Catrina Thompson del departamento policiaco de Winston-Salem confirm\u00f3 horas m\u00e1s tarde del incidente el fallecimiento del estudiante lesionado por el tiroteo.<\/p>\n<p>&nbsp;<\/p>\n<p><em>\u201cEl estudiante asesinado hoy en el tiroteo en Mt Tabor HS es William Chavis Raynard Miller Jr. Nuestros pensamientos y oraciones est\u00e1n con su familia hoy y en los d\u00edas dif\u00edciles por venir\u201d.<\/em><\/p>\n<p>&nbsp;<\/p>\n<p><a class=\"twitter-timeline\" data-width=\"640\" data-height=\"960\" data-dnt=\"true\" href=\"https:\/\/twitter.com\/cityofwspolice?ref_src=twsrc%5Etfw\">Tweets by cityofwspolice<\/a><script async src=\"https:\/\/platform.twitter.com\/widgets.js\" charset=\"utf-8\"><\/script><\/p>\n<p>(Publicada el 02\/09\/2021)<\/p>\n","protected":false},"excerpt":{"rendered":"<p>CALIFORNIA, ESTADOS UNIDOS. \u2014 Tras el tiroteo que se registr\u00f3 este mi\u00e9rcoles dentro de las&#8230;<\/p>\n","protected":false},"author":1,"featured_media":122113,"comment_status":"open","ping_status":"open","sticky":false,"template":"","format":"standard","meta":{"_monsterinsights_skip_tracking":false,"_monsterinsights_sitenote_active":false,"_monsterinsights_sitenote_note":"","_monsterinsights_sitenote_category":0,"footnotes":""},"categories":[3],"tags":[],"class_list":["post"],"yoast_head":" \n<title>Sonora en Equipo. Tiroteo en escuela de Carolina del Norte deja al menos un alumno fallecido a causa de las lesiones provocadas durante el tiroteo. MUNDO<\/title>\n<meta name=\"description\" content=\"CALIFORNIA, ESTADOS UNIDOS. \u2014 Tras el tiroteo que se registr\u00f3 este mi\u00e9rcoles dentro de las instalaciones de la escuela secundaria de Mount Tabor en En Sonora en Equipo publicamos toda la informaci\u00f3n de Sonora, M\u00e9xico y el Mundo de manera oportuna y busca que la libertad de expresi\u00f3n sea real. Visita nuestro medio informativo publicado desde Hermosillo, Sonora. %\" \/>\n<meta name=\"robots\" content=\"index, follow, max-snippet:-1, max-image-preview:large, max-video-preview:-1\" \/>\n<link rel=\"canonical\" href=\"https:\/\/www.sonoraenequipo.com.mx\/tiroteo-en-escuela-de-carolina-del-norte-deja-al-menos-un-alumno-fallecido-a-causa-de-las-lesiones-provocadas-durante-el-tiroteo\/\" \/>\n<meta property=\"og:locale\" content=\"es_ES\" \/>\n<meta property=\"og:type\" content=\"article\" \/>\n<meta property=\"og:title\" content=\"Sonora en Equipo. Tiroteo en escuela de Carolina del Norte deja al menos un alumno fallecido a causa de las lesiones provocadas durante el tiroteo. MUNDO\" \/>\n<meta property=\"og:description\" content=\"CALIFORNIA, ESTADOS UNIDOS. \u2014 Tras el tiroteo que se registr\u00f3 este mi\u00e9rcoles dentro de las instalaciones de la escuela secundaria de Mount Tabor en En Sonora en Equipo publicamos toda la informaci\u00f3n de Sonora, M\u00e9xico y el Mundo de manera oportuna y busca que la libertad de expresi\u00f3n sea real. Visita nuestro medio informativo publicado desde Hermosillo, Sonora. %\" \/>\n<meta property=\"og:url\" content=\"https:\/\/www.sonoraenequipo.com.mx\/tiroteo-en-escuela-de-carolina-del-norte-deja-al-menos-un-alumno-fallecido-a-causa-de-las-lesiones-provocadas-durante-el-tiroteo\/\" \/>\n<meta property=\"og:site_name\" content=\"Sonora en Equipo.\" \/>\n<meta property=\"article:publisher\" content=\"https:\/\/www.facebook.com\/SonoraEE\/\" \/>\n<meta property=\"article:author\" content=\"https:\/\/www.facebook.com\/SonoraEE\" \/>\n<meta property=\"article:published_time\" content=\"2021-09-03T01:00:07+00:00\" \/>\n<meta property=\"article:modified_time\" content=\"2021-09-04T22:08:26+00:00\" \/>\n<meta property=\"og:image\" content=\"https:\/\/www.sonoraenequipo.com.mx\/storage\/2021\/09\/carolina-del-norte-balacera_opt.jpg\" \/>\n\t<meta property=\"og:image:width\" content=\"700\" \/>\n\t<meta property=\"og:image:height\" content=\"400\" \/>\n\t<meta property=\"og:image:type\" content=\"image\/jpeg\" \/>\n<meta name=\"author\" content=\"enequipo\" \/>\n<meta name=\"twitter:card\" content=\"summary_large_image\" \/>\n<meta name=\"twitter:creator\" content=\"@sonoraenequipo\" \/>\n<meta name=\"twitter:site\" content=\"@sonoraenequipo\" \/>\n<meta name=\"twitter:label1\" content=\"Escrito por\" \/>\n\t<meta name=\"twitter:data1\" content=\"enequipo\" \/>\n\t<meta name=\"twitter:label2\" content=\"Tiempo de lectura\" \/>\n\t<meta name=\"twitter:data2\" content=\"2 minutos\" \/>\n<script type=\"application\/ld+json\" class=\"yoast-schema-graph\">{\"@context\":\"https:\/\/schema.org\",\"@graph\":[{\"@type\":\"Article\",\"@id\":\"https:\/\/www.sonoraenequipo.com.mx\/tiroteo-en-escuela-de-carolina-del-norte-deja-al-menos-un-alumno-fallecido-a-causa-de-las-lesiones-provocadas-durante-el-tiroteo\/#article\",\"isPartOf\":{\"@id\":\"https:\/\/www.sonoraenequipo.com.mx\/tiroteo-en-escuela-de-carolina-del-norte-deja-al-menos-un-alumno-fallecido-a-causa-de-las-lesiones-provocadas-durante-el-tiroteo\/\"},\"author\":{\"name\":\"enequipo\",\"@id\":\"https:\/\/www.sonoraenequipo.com.mx\/#\/schema\/person\/50102df0fb23a8fa9e8effad8fa81386\"},\"headline\":\"Tiroteo en escuela de Carolina del Norte deja al menos un alumno fallecido a causa de las lesiones provocadas durante el tiroteo.\",\"datePublished\":\"2021-09-03T01:00:07+00:00\",\"dateModified\":\"2021-09-04T22:08:26+00:00\",\"mainEntityOfPage\":{\"@id\":\"https:\/\/www.sonoraenequipo.com.mx\/tiroteo-en-escuela-de-carolina-del-norte-deja-al-menos-un-alumno-fallecido-a-causa-de-las-lesiones-provocadas-durante-el-tiroteo\/\"},\"wordCount\":324,\"commentCount\":0,\"publisher\":{\"@id\":\"https:\/\/www.sonoraenequipo.com.mx\/#organization\"},\"image\":{\"@id\":\"https:\/\/www.sonoraenequipo.com.mx\/tiroteo-en-escuela-de-carolina-del-norte-deja-al-menos-un-alumno-fallecido-a-causa-de-las-lesiones-provocadas-durante-el-tiroteo\/#primaryimage\"},\"thumbnailUrl\":\"https:\/\/www.sonoraenequipo.com.mx\/storage\/2021\/09\/carolina-del-norte-balacera_opt.jpg\",\"articleSection\":[\"MUNDO\"],\"inLanguage\":\"es\",\"potentialAction\":[{\"@type\":\"CommentAction\",\"name\":\"Comment\",\"target\":[\"https:\/\/www.sonoraenequipo.com.mx\/tiroteo-en-escuela-de-carolina-del-norte-deja-al-menos-un-alumno-fallecido-a-causa-de-las-lesiones-provocadas-durante-el-tiroteo\/#respond\"]}]},{\"@type\":\"WebPage\",\"@id\":\"https:\/\/www.sonoraenequipo.com.mx\/tiroteo-en-escuela-de-carolina-del-norte-deja-al-menos-un-alumno-fallecido-a-causa-de-las-lesiones-provocadas-durante-el-tiroteo\/\",\"url\":\"https:\/\/www.sonoraenequipo.com.mx\/tiroteo-en-escuela-de-carolina-del-norte-deja-al-menos-un-alumno-fallecido-a-causa-de-las-lesiones-provocadas-durante-el-tiroteo\/\",\"name\":\"Sonora en Equipo. Tiroteo en escuela de Carolina del Norte deja al menos un alumno fallecido a causa de las lesiones provocadas durante el tiroteo. MUNDO\",\"isPartOf\":{\"@id\":\"https:\/\/www.sonoraenequipo.com.mx\/#website\"},\"primaryImageOfPage\":{\"@id\":\"https:\/\/www.sonoraenequipo.com.mx\/tiroteo-en-escuela-de-carolina-del-norte-deja-al-menos-un-alumno-fallecido-a-causa-de-las-lesiones-provocadas-durante-el-tiroteo\/#primaryimage\"},\"image\":{\"@id\":\"https:\/\/www.sonoraenequipo.com.mx\/tiroteo-en-escuela-de-carolina-del-norte-deja-al-menos-un-alumno-fallecido-a-causa-de-las-lesiones-provocadas-durante-el-tiroteo\/#primaryimage\"},\"thumbnailUrl\":\"https:\/\/www.sonoraenequipo.com.mx\/storage\/2021\/09\/carolina-del-norte-balacera_opt.jpg\",\"datePublished\":\"2021-09-03T01:00:07+00:00\",\"dateModified\":\"2021-09-04T22:08:26+00:00\",\"description\":\"CALIFORNIA, ESTADOS UNIDOS. \u2014 Tras el tiroteo que se registr\u00f3 este mi\u00e9rcoles dentro de las instalaciones de la escuela secundaria de Mount Tabor en En Sonora en Equipo publicamos toda la informaci\u00f3n de Sonora, M\u00e9xico y el Mundo de manera oportuna y busca que la libertad de expresi\u00f3n sea real. Visita nuestro medio informativo publicado desde Hermosillo, Sonora. %\",\"breadcrumb\":{\"@id\":\"https:\/\/www.sonoraenequipo.com.mx\/tiroteo-en-escuela-de-carolina-del-norte-deja-al-menos-un-alumno-fallecido-a-causa-de-las-lesiones-provocadas-durante-el-tiroteo\/#breadcrumb\"},\"inLanguage\":\"es\",\"potentialAction\":[{\"@type\":\"ReadAction\",\"target\":[\"https:\/\/www.sonoraenequipo.com.mx\/tiroteo-en-escuela-de-carolina-del-norte-deja-al-menos-un-alumno-fallecido-a-causa-de-las-lesiones-provocadas-durante-el-tiroteo\/\"]}]},{\"@type\":\"ImageObject\",\"inLanguage\":\"es\",\"@id\":\"https:\/\/www.sonoraenequipo.com.mx\/tiroteo-en-escuela-de-carolina-del-norte-deja-al-menos-un-alumno-fallecido-a-causa-de-las-lesiones-provocadas-durante-el-tiroteo\/#primaryimage\",\"url\":\"https:\/\/www.sonoraenequipo.com.mx\/storage\/2021\/09\/carolina-del-norte-balacera_opt.jpg\",\"contentUrl\":\"https:\/\/www.sonoraenequipo.com.mx\/storage\/2021\/09\/carolina-del-norte-balacera_opt.jpg\",\"width\":700,\"height\":400},{\"@type\":\"BreadcrumbList\",\"@id\":\"https:\/\/www.sonoraenequipo.com.mx\/tiroteo-en-escuela-de-carolina-del-norte-deja-al-menos-un-alumno-fallecido-a-causa-de-las-lesiones-provocadas-durante-el-tiroteo\/#breadcrumb\",\"itemListElement\":[{\"@type\":\"ListItem\",\"position\":1,\"name\":\"Portada\",\"item\":\"https:\/\/www.sonoraenequipo.com.mx\/\"},{\"@type\":\"ListItem\",\"position\":2,\"name\":\"Tiroteo en escuela de Carolina del Norte deja al menos un alumno fallecido a causa de las lesiones provocadas durante el tiroteo.\"}]},{\"@type\":\"WebSite\",\"@id\":\"https:\/\/www.sonoraenequipo.com.mx\/#website\",\"url\":\"https:\/\/www.sonoraenequipo.com.mx\/\",\"name\":\"Sonora en Equipo.\",\"description\":\"Diario en l\u00ednea con Noticias desde Hermosillo, Sonora\",\"publisher\":{\"@id\":\"https:\/\/www.sonoraenequipo.com.mx\/#organization\"},\"potentialAction\":[{\"@type\":\"SearchAction\",\"target\":{\"@type\":\"EntryPoint\",\"urlTemplate\":\"https:\/\/www.sonoraenequipo.com.mx\/?s={search_term_string}\"},\"query-input\":{\"@type\":\"PropertyValueSpecification\",\"valueRequired\":true,\"valueName\":\"search_term_string\"}}],\"inLanguage\":\"es\"},{\"@type\":\"Organization\",\"@id\":\"https:\/\/www.sonoraenequipo.com.mx\/#organization\",\"name\":\"Sonoraenequipo.com.mx\",\"url\":\"https:\/\/www.sonoraenequipo.com.mx\/\",\"logo\":{\"@type\":\"ImageObject\",\"inLanguage\":\"es\",\"@id\":\"https:\/\/www.sonoraenequipo.com.mx\/#\/schema\/logo\/image\/\",\"url\":\"https:\/\/www.sonoraenequipo.com.mx\/storage\/2019\/01\/sonoraenequipo_opt.png\",\"contentUrl\":\"https:\/\/www.sonoraenequipo.com.mx\/storage\/2019\/01\/sonoraenequipo_opt.png\",\"width\":375,\"height\":125,\"caption\":\"Sonoraenequipo.com.mx\"},\"image\":{\"@id\":\"https:\/\/www.sonoraenequipo.com.mx\/#\/schema\/logo\/image\/\"},\"sameAs\":[\"https:\/\/www.facebook.com\/SonoraEE\/\",\"https:\/\/x.com\/sonoraenequipo\",\"https:\/\/www.youtube.com\/channel\/UC338nW-lPEYmJQs4ZABQ1SQ\"]},{\"@type\":\"Person\",\"@id\":\"https:\/\/www.sonoraenequipo.com.mx\/#\/schema\/person\/50102df0fb23a8fa9e8effad8fa81386\",\"name\":\"enequipo\",\"image\":{\"@type\":\"ImageObject\",\"inLanguage\":\"es\",\"@id\":\"https:\/\/www.sonoraenequipo.com.mx\/#\/schema\/person\/image\/\",\"url\":\"https:\/\/secure.gravatar.com\/avatar\/049821681b589dabc0bc20695993ccebb09f5b5d4d790cd9251b97faac7c652b?s=96&d=blank&r=g\",\"contentUrl\":\"https:\/\/secure.gravatar.com\/avatar\/049821681b589dabc0bc20695993ccebb09f5b5d4d790cd9251b97faac7c652b?s=96&d=blank&r=g\",\"caption\":\"enequipo\"},\"sameAs\":[\"https:\/\/www.facebook.com\/SonoraEE\"]}]}<\/script>\n ","yoast_head_json":{"title":"Sonora en Equipo. Tiroteo en escuela de Carolina del Norte deja al menos un alumno fallecido a causa de las lesiones provocadas durante el tiroteo. MUNDO","description":"CALIFORNIA, ESTADOS UNIDOS. \u2014 Tras el tiroteo que se registr\u00f3 este mi\u00e9rcoles dentro de las instalaciones de la escuela secundaria de Mount Tabor en En Sonora en Equipo publicamos toda la informaci\u00f3n de Sonora, M\u00e9xico y el Mundo de manera oportuna y busca que la libertad de expresi\u00f3n sea real. Visita nuestro medio informativo publicado desde Hermosillo, Sonora. %","robots":{"index":"index","follow":"follow","max-snippet":"max-snippet:-1","max-image-preview":"max-image-preview:large","max-video-preview":"max-video-preview:-1"},"canonical":"https:\/\/www.sonoraenequipo.com.mx\/tiroteo-en-escuela-de-carolina-del-norte-deja-al-menos-un-alumno-fallecido-a-causa-de-las-lesiones-provocadas-durante-el-tiroteo\/","og_locale":"es_ES","og_type":"article","og_title":"Sonora en Equipo. Tiroteo en escuela de Carolina del Norte deja al menos un alumno fallecido a causa de las lesiones provocadas durante el tiroteo. MUNDO","og_description":"CALIFORNIA, ESTADOS UNIDOS. \u2014 Tras el tiroteo que se registr\u00f3 este mi\u00e9rcoles dentro de las instalaciones de la escuela secundaria de Mount Tabor en En Sonora en Equipo publicamos toda la informaci\u00f3n de Sonora, M\u00e9xico y el Mundo de manera oportuna y busca que la libertad de expresi\u00f3n sea real. Visita nuestro medio informativo publicado desde Hermosillo, Sonora. %","og_url":"https:\/\/www.sonoraenequipo.com.mx\/tiroteo-en-escuela-de-carolina-del-norte-deja-al-menos-un-alumno-fallecido-a-causa-de-las-lesiones-provocadas-durante-el-tiroteo\/","og_site_name":"Sonora en Equipo.","article_publisher":"https:\/\/www.facebook.com\/SonoraEE\/","article_author":"https:\/\/www.facebook.com\/SonoraEE","article_published_time":"2021-09-03T01:00:07+00:00","article_modified_time":"2021-09-04T22:08:26+00:00","og_image":[{"width":700,"height":400,"url":"https:\/\/www.sonoraenequipo.com.mx\/storage\/2021\/09\/carolina-del-norte-balacera_opt.jpg","type":"image\/jpeg"}],"author":"enequipo","twitter_card":"summary_large_image","twitter_creator":"@sonoraenequipo","twitter_site":"@sonoraenequipo","twitter_misc":{"Escrito por":"enequipo","Tiempo de lectura":"2 minutos"},"schema":{"@context":"https:\/\/schema.org","@graph":[{"@type":"Article","@id":"https:\/\/www.sonoraenequipo.com.mx\/tiroteo-en-escuela-de-carolina-del-norte-deja-al-menos-un-alumno-fallecido-a-causa-de-las-lesiones-provocadas-durante-el-tiroteo\/#article","isPartOf":{"@id":"https:\/\/www.sonoraenequipo.com.mx\/tiroteo-en-escuela-de-carolina-del-norte-deja-al-menos-un-alumno-fallecido-a-causa-de-las-lesiones-provocadas-durante-el-tiroteo\/"},"author":{"name":"enequipo","@id":"https:\/\/www.sonoraenequipo.com.mx\/#\/schema\/person\/50102df0fb23a8fa9e8effad8fa81386"},"headline":"Tiroteo en escuela de Carolina del Norte deja al menos un alumno fallecido a causa de las lesiones provocadas durante el tiroteo.","datePublished":"2021-09-03T01:00:07+00:00","dateModified":"2021-09-04T22:08:26+00:00","mainEntityOfPage":{"@id":"https:\/\/www.sonoraenequipo.com.mx\/tiroteo-en-escuela-de-carolina-del-norte-deja-al-menos-un-alumno-fallecido-a-causa-de-las-lesiones-provocadas-durante-el-tiroteo\/"},"wordCount":324,"commentCount":0,"publisher":{"@id":"https:\/\/www.sonoraenequipo.com.mx\/#organization"},"image":{"@id":"https:\/\/www.sonoraenequipo.com.mx\/tiroteo-en-escuela-de-carolina-del-norte-deja-al-menos-un-alumno-fallecido-a-causa-de-las-lesiones-provocadas-durante-el-tiroteo\/#primaryimage"},"thumbnailUrl":"https:\/\/www.sonoraenequipo.com.mx\/storage\/2021\/09\/carolina-del-norte-balacera_opt.jpg","articleSection":["MUNDO"],"inLanguage":"es","potentialAction":[{"@type":"CommentAction","name":"Comment","target":["https:\/\/www.sonoraenequipo.com.mx\/tiroteo-en-escuela-de-carolina-del-norte-deja-al-menos-un-alumno-fallecido-a-causa-de-las-lesiones-provocadas-durante-el-tiroteo\/#respond"]}]},{"@type":"WebPage","@id":"https:\/\/www.sonoraenequipo.com.mx\/tiroteo-en-escuela-de-carolina-del-norte-deja-al-menos-un-alumno-fallecido-a-causa-de-las-lesiones-provocadas-durante-el-tiroteo\/","url":"https:\/\/www.sonoraenequipo.com.mx\/tiroteo-en-escuela-de-carolina-del-norte-deja-al-menos-un-alumno-fallecido-a-causa-de-las-lesiones-provocadas-durante-el-tiroteo\/","name":"Sonora en Equipo. Tiroteo en escuela de Carolina del Norte deja al menos un alumno fallecido a causa de las lesiones provocadas durante el tiroteo. MUNDO","isPartOf":{"@id":"https:\/\/www.sonoraenequipo.com.mx\/#website"},"primaryImageOfPage":{"@id":"https:\/\/www.sonoraenequipo.com.mx\/tiroteo-en-escuela-de-carolina-del-norte-deja-al-menos-un-alumno-fallecido-a-causa-de-las-lesiones-provocadas-durante-el-tiroteo\/#primaryimage"},"image":{"@id":"https:\/\/www.sonoraenequipo.com.mx\/tiroteo-en-escuela-de-carolina-del-norte-deja-al-menos-un-alumno-fallecido-a-causa-de-las-lesiones-provocadas-durante-el-tiroteo\/#primaryimage"},"thumbnailUrl":"https:\/\/www.sonoraenequipo.com.mx\/storage\/2021\/09\/carolina-del-norte-balacera_opt.jpg","datePublished":"2021-09-03T01:00:07+00:00","dateModified":"2021-09-04T22:08:26+00:00","description":"CALIFORNIA, ESTADOS UNIDOS. \u2014 Tras el tiroteo que se registr\u00f3 este mi\u00e9rcoles dentro de las instalaciones de la escuela secundaria de Mount Tabor en En Sonora en Equipo publicamos toda la informaci\u00f3n de Sonora, M\u00e9xico y el Mundo de manera oportuna y busca que la libertad de expresi\u00f3n sea real. Visita nuestro medio informativo publicado desde Hermosillo, Sonora. %","breadcrumb":{"@id":"https:\/\/www.sonoraenequipo.com.mx\/tiroteo-en-escuela-de-carolina-del-norte-deja-al-menos-un-alumno-fallecido-a-causa-de-las-lesiones-provocadas-durante-el-tiroteo\/#breadcrumb"},"inLanguage":"es","potentialAction":[{"@type":"ReadAction","target":["https:\/\/www.sonoraenequipo.com.mx\/tiroteo-en-escuela-de-carolina-del-norte-deja-al-menos-un-alumno-fallecido-a-causa-de-las-lesiones-provocadas-durante-el-tiroteo\/"]}]},{"@type":"ImageObject","inLanguage":"es","@id":"https:\/\/www.sonoraenequipo.com.mx\/tiroteo-en-escuela-de-carolina-del-norte-deja-al-menos-un-alumno-fallecido-a-causa-de-las-lesiones-provocadas-durante-el-tiroteo\/#primaryimage","url":"https:\/\/www.sonoraenequipo.com.mx\/storage\/2021\/09\/carolina-del-norte-balacera_opt.jpg","contentUrl":"https:\/\/www.sonoraenequipo.com.mx\/storage\/2021\/09\/carolina-del-norte-balacera_opt.jpg","width":700,"height":400},{"@type":"BreadcrumbList","@id":"https:\/\/www.sonoraenequipo.com.mx\/tiroteo-en-escuela-de-carolina-del-norte-deja-al-menos-un-alumno-fallecido-a-causa-de-las-lesiones-provocadas-durante-el-tiroteo\/#breadcrumb","itemListElement":[{"@type":"ListItem","position":1,"name":"Portada","item":"https:\/\/www.sonoraenequipo.com.mx\/"},{"@type":"ListItem","position":2,"name":"Tiroteo en escuela de Carolina del Norte deja al menos un alumno fallecido a causa de las lesiones provocadas durante el tiroteo."}]},{"@type":"WebSite","@id":"https:\/\/www.sonoraenequipo.com.mx\/#website","url":"https:\/\/www.sonoraenequipo.com.mx\/","name":"Sonora en Equipo.","description":"Diario en l\u00ednea con Noticias desde Hermosillo, Sonora","publisher":{"@id":"https:\/\/www.sonoraenequipo.com.mx\/#organization"},"potentialAction":[{"@type":"SearchAction","target":{"@type":"EntryPoint","urlTemplate":"https:\/\/www.sonoraenequipo.com.mx\/?s={search_term_string}"},"query-input":{"@type":"PropertyValueSpecification","valueRequired":true,"valueName":"search_term_string"}}],"inLanguage":"es"},{"@type":"Organization","@id":"https:\/\/www.sonoraenequipo.com.mx\/#organization","name":"Sonoraenequipo.com.mx","url":"https:\/\/www.sonoraenequipo.com.mx\/","logo":{"@type":"ImageObject","inLanguage":"es","@id":"https:\/\/www.sonoraenequipo.com.mx\/#\/schema\/logo\/image\/","url":"https:\/\/www.sonoraenequipo.com.mx\/storage\/2019\/01\/sonoraenequipo_opt.png","contentUrl":"https:\/\/www.sonoraenequipo.com.mx\/storage\/2019\/01\/sonoraenequipo_opt.png","width":375,"height":125,"caption":"Sonoraenequipo.com.mx"},"image":{"@id":"https:\/\/www.sonoraenequipo.com.mx\/#\/schema\/logo\/image\/"},"sameAs":["https:\/\/www.facebook.com\/SonoraEE\/","https:\/\/x.com\/sonoraenequipo","https:\/\/www.youtube.com\/channel\/UC338nW-lPEYmJQs4ZABQ1SQ"]},{"@type":"Person","@id":"https:\/\/www.sonoraenequipo.com.mx\/#\/schema\/person\/50102df0fb23a8fa9e8effad8fa81386","name":"enequipo","image":{"@type":"ImageObject","inLanguage":"es","@id":"https:\/\/www.sonoraenequipo.com.mx\/#\/schema\/person\/image\/","url":"https:\/\/secure.gravatar.com\/avatar\/049821681b589dabc0bc20695993ccebb09f5b5d4d790cd9251b97faac7c652b?s=96&d=blank&r=g","contentUrl":"https:\/\/secure.gravatar.com\/avatar\/049821681b589dabc0bc20695993ccebb09f5b5d4d790cd9251b97faac7c652b?s=96&d=blank&r=g","caption":"enequipo"},"sameAs":["https:\/\/www.facebook.com\/SonoraEE"]}]}},"jetpack_featured_media_url":"https:\/\/www.sonoraenequipo.com.mx\/storage\/2021\/09\/carolina-del-norte-balacera_opt.jpg","_links":{"self":[{"href":"https:\/\/www.sonoraenequipo.com.mx\/api\/wp\/v2\/posts\/122094","targetHints":{"allow":["GET"]}}],"collection":[{"href":"https:\/\/www.sonoraenequipo.com.mx\/api\/wp\/v2\/posts"}],"about":[{"href":"https:\/\/www.sonoraenequipo.com.mx\/api\/wp\/v2\/types\/post"}],"author":[{"embeddable":true,"href":"https:\/\/www.sonoraenequipo.com.mx\/api\/wp\/v2\/users\/1"}],"replies":[{"embeddable":true,"href":"https:\/\/www.sonoraenequipo.com.mx\/api\/wp\/v2\/comments?post=122094"}],"version-history":[{"count":1,"href":"https:\/\/www.sonoraenequipo.com.mx\/api\/wp\/v2\/posts\/122094\/revisions"}],"predecessor-version":[{"id":122114,"href":"https:\/\/www.sonoraenequipo.com.mx\/api\/wp\/v2\/posts\/122094\/revisions\/122114"}],"wp:featuredmedia":[{"embeddable":true,"href":"https:\/\/www.sonoraenequipo.com.mx\/api\/wp\/v2\/media\/122113"}],"wp:attachment":[{"href":"https:\/\/www.sonoraenequipo.com.mx\/api\/wp\/v2\/media?parent=122094"}],"wp:term":[{"taxonomy":"category","embeddable":true,"href":"https:\/\/www.sonoraenequipo.com.mx\/api\/wp\/v2\/categories?post=122094"},{"taxonomy":"post_tag","embeddable":true,"href":"https:\/\/www.sonoraenequipo.com.mx\/api\/wp\/v2\/tags?post=122094"}],"curies":[{"name":"wp","href":"https:\/\/api.w.org\/{rel}","templated":true}]}}