{"id":122105,"date":"2021-09-04T14:06:57","date_gmt":"2021-09-04T21:06:57","guid":{"rendered":"https:\/\/www.sonoraenequipo.com.mx\/?p=122105"},"modified":"2021-09-04T14:06:57","modified_gmt":"2021-09-04T21:06:57","slug":"mujer-ecuatoriana-y-sus-dos-hijos-son-rescatados-del-desierto-en-yuma-arizona","status":"publish","type":"post","link":"https:\/\/www.sonoraenequipo.com.mx\/mujer-ecuatoriana-y-sus-dos-hijos-son-rescatados-del-desierto-en-yuma-arizona\/","title":{"rendered":"Mujer ecuatoriana y sus dos hijos son rescatados del desierto en Yuma Arizona"},"content":{"rendered":"<p>&nbsp;<\/p>\n<p>SAN LUIS R\u00cdO COLORADO, SONORA,MX.\u2500\u2500 En una acci\u00f3n conjunta del personal del C5i San Luis R\u00edo Colorado y la Border Patrol de Arizona, una mujer y sus ni\u00f1os, originarios de Ecuador, fueron salvados de los peligros en el desierto de Arizona, inform\u00f3 Ricardo Sarabia Mercado.<\/p>\n<p>&nbsp;<\/p>\n<p>&nbsp;<\/p>\n<p>&nbsp;<\/p>\n<p>El Coordinador del Centro de Control Comando Computo Comunicaci\u00f3n e Inteligencia (C5i) de SLRC dio a conocer que la se\u00f1ora Elvia y sus dos hijos, de 7 a\u00f1os y 1 a\u00f1o 11 meses respectivamente, fueron encontrados en buen estado de salud.<\/p>\n<p>&nbsp;<\/p>\n<p>&nbsp;<\/p>\n<p>&nbsp;<\/p>\n<p>Indic\u00f3 que la ecuatoriana llam\u00f3 al 9-1-1 para solicitar la ayudar\u00e1n a salir del desierto de Arizona ya que hab\u00edan ingresado ilegalmente por Mexicali, Baja California y se encontraba extraviada, junto con sus hijos.<\/p>\n<p>&nbsp;<\/p>\n<p>&nbsp;<\/p>\n<p>&nbsp;<\/p>\n<p>Sarabia Mercado dijo que en la llamada al 9-1-1 la se\u00f1ora inform\u00f3 al operador interviniente que s\u00ed ten\u00eda bater\u00eda suficiente su celular, lo que facilit\u00f3 la ubicaci\u00f3n inmediata al proporcionar v\u00eda WhatsApp la ubicaci\u00f3n y a su vez con la tecnolog\u00eda del C5i detectar las coordenadas.<\/p>\n<p>&nbsp;<\/p>\n<p>&nbsp;<\/p>\n<p>&nbsp;<\/p>\n<p>Enfatiz\u00f3 que de inmediato se entabl\u00f3 comunicaci\u00f3n con personal de la Patrulla Fronteriza y se les proporcion\u00f3 las coordenadas que arrojaba el sistema tecnol\u00f3gico del C5i logrando r\u00e1pidamente el rescate de la madre de familia y sus peque\u00f1os hijos, quienes se encuentran en buen estado de salud.<\/p>\n<p>Fecha de Publicaci\u00f3n s\u00e1bado\/ 04\u00a0\u00a0 \/ septiembre \/ 2021<\/p>\n","protected":false},"excerpt":{"rendered":"<p>&nbsp; SAN LUIS R\u00cdO COLORADO, SONORA,MX.\u2500\u2500 En una acci\u00f3n conjunta del personal del C5i San&#8230;<\/p>\n","protected":false},"author":1,"featured_media":122106,"comment_status":"open","ping_status":"open","sticky":false,"template":"","format":"standard","meta":{"_monsterinsights_skip_tracking":false,"_monsterinsights_sitenote_active":false,"_monsterinsights_sitenote_note":"","_monsterinsights_sitenote_category":0,"footnotes":""},"categories":[22],"tags":[5878,418,5640,15],"class_list":["post"],"yoast_head":" \n<title>Sonora en Equipo. Mujer ecuatoriana y sus dos hijos son rescatados del desierto en Yuma Arizona Sonora<\/title>\n<meta name=\"description\" content=\"&nbsp; SAN LUIS R\u00cdO COLORADO, SONORA,MX.\u2500\u2500 En una acci\u00f3n conjunta del personal del C5i San Luis R\u00edo Colorado y la Border Patrol de Arizona, una mujer y En Sonora en Equipo publicamos toda la informaci\u00f3n de Sonora, M\u00e9xico y el Mundo de manera oportuna y busca que la libertad de expresi\u00f3n sea real. Visita nuestro medio informativo publicado desde Hermosillo, Sonora. %\" \/>\n<meta name=\"robots\" content=\"index, follow, max-snippet:-1, max-image-preview:large, max-video-preview:-1\" \/>\n<link rel=\"canonical\" href=\"https:\/\/www.sonoraenequipo.com.mx\/mujer-ecuatoriana-y-sus-dos-hijos-son-rescatados-del-desierto-en-yuma-arizona\/\" \/>\n<meta property=\"og:locale\" content=\"es_ES\" \/>\n<meta property=\"og:type\" content=\"article\" \/>\n<meta property=\"og:title\" content=\"Sonora en Equipo. Mujer ecuatoriana y sus dos hijos son rescatados del desierto en Yuma Arizona Sonora\" \/>\n<meta property=\"og:description\" content=\"&nbsp; SAN LUIS R\u00cdO COLORADO, SONORA,MX.\u2500\u2500 En una acci\u00f3n conjunta del personal del C5i San Luis R\u00edo Colorado y la Border Patrol de Arizona, una mujer y En Sonora en Equipo publicamos toda la informaci\u00f3n de Sonora, M\u00e9xico y el Mundo de manera oportuna y busca que la libertad de expresi\u00f3n sea real. Visita nuestro medio informativo publicado desde Hermosillo, Sonora. %\" \/>\n<meta property=\"og:url\" content=\"https:\/\/www.sonoraenequipo.com.mx\/mujer-ecuatoriana-y-sus-dos-hijos-son-rescatados-del-desierto-en-yuma-arizona\/\" \/>\n<meta property=\"og:site_name\" content=\"Sonora en Equipo.\" \/>\n<meta property=\"article:publisher\" content=\"https:\/\/www.facebook.com\/SonoraEE\/\" \/>\n<meta property=\"article:author\" content=\"https:\/\/www.facebook.com\/SonoraEE\" \/>\n<meta property=\"article:published_time\" content=\"2021-09-04T21:06:57+00:00\" \/>\n<meta property=\"og:image\" content=\"https:\/\/www.sonoraenequipo.com.mx\/storage\/2021\/09\/funcionaria911B.jpg\" \/>\n\t<meta property=\"og:image:width\" content=\"700\" \/>\n\t<meta property=\"og:image:height\" content=\"394\" \/>\n\t<meta property=\"og:image:type\" content=\"image\/jpeg\" \/>\n<meta name=\"author\" content=\"enequipo\" \/>\n<meta name=\"twitter:card\" content=\"summary_large_image\" \/>\n<meta name=\"twitter:creator\" content=\"@sonoraenequipo\" \/>\n<meta name=\"twitter:site\" content=\"@sonoraenequipo\" \/>\n<meta name=\"twitter:label1\" content=\"Escrito por\" \/>\n\t<meta name=\"twitter:data1\" content=\"enequipo\" \/>\n\t<meta name=\"twitter:label2\" content=\"Tiempo de lectura\" \/>\n\t<meta name=\"twitter:data2\" content=\"1 minuto\" \/>\n<script type=\"application\/ld+json\" class=\"yoast-schema-graph\">{\"@context\":\"https:\/\/schema.org\",\"@graph\":[{\"@type\":\"Article\",\"@id\":\"https:\/\/www.sonoraenequipo.com.mx\/mujer-ecuatoriana-y-sus-dos-hijos-son-rescatados-del-desierto-en-yuma-arizona\/#article\",\"isPartOf\":{\"@id\":\"https:\/\/www.sonoraenequipo.com.mx\/mujer-ecuatoriana-y-sus-dos-hijos-son-rescatados-del-desierto-en-yuma-arizona\/\"},\"author\":{\"name\":\"enequipo\",\"@id\":\"https:\/\/www.sonoraenequipo.com.mx\/#\/schema\/person\/50102df0fb23a8fa9e8effad8fa81386\"},\"headline\":\"Mujer ecuatoriana y sus dos hijos son rescatados del desierto en Yuma Arizona\",\"datePublished\":\"2021-09-04T21:06:57+00:00\",\"mainEntityOfPage\":{\"@id\":\"https:\/\/www.sonoraenequipo.com.mx\/mujer-ecuatoriana-y-sus-dos-hijos-son-rescatados-del-desierto-en-yuma-arizona\/\"},\"wordCount\":271,\"commentCount\":0,\"publisher\":{\"@id\":\"https:\/\/www.sonoraenequipo.com.mx\/#organization\"},\"image\":{\"@id\":\"https:\/\/www.sonoraenequipo.com.mx\/mujer-ecuatoriana-y-sus-dos-hijos-son-rescatados-del-desierto-en-yuma-arizona\/#primaryimage\"},\"thumbnailUrl\":\"https:\/\/www.sonoraenequipo.com.mx\/storage\/2021\/09\/funcionaria911B.jpg\",\"keywords\":[\"911\",\"Arizona\",\"desierto\",\"Sonora\"],\"articleSection\":[\"Sonora\"],\"inLanguage\":\"es\",\"potentialAction\":[{\"@type\":\"CommentAction\",\"name\":\"Comment\",\"target\":[\"https:\/\/www.sonoraenequipo.com.mx\/mujer-ecuatoriana-y-sus-dos-hijos-son-rescatados-del-desierto-en-yuma-arizona\/#respond\"]}]},{\"@type\":\"WebPage\",\"@id\":\"https:\/\/www.sonoraenequipo.com.mx\/mujer-ecuatoriana-y-sus-dos-hijos-son-rescatados-del-desierto-en-yuma-arizona\/\",\"url\":\"https:\/\/www.sonoraenequipo.com.mx\/mujer-ecuatoriana-y-sus-dos-hijos-son-rescatados-del-desierto-en-yuma-arizona\/\",\"name\":\"Sonora en Equipo. Mujer ecuatoriana y sus dos hijos son rescatados del desierto en Yuma Arizona Sonora\",\"isPartOf\":{\"@id\":\"https:\/\/www.sonoraenequipo.com.mx\/#website\"},\"primaryImageOfPage\":{\"@id\":\"https:\/\/www.sonoraenequipo.com.mx\/mujer-ecuatoriana-y-sus-dos-hijos-son-rescatados-del-desierto-en-yuma-arizona\/#primaryimage\"},\"image\":{\"@id\":\"https:\/\/www.sonoraenequipo.com.mx\/mujer-ecuatoriana-y-sus-dos-hijos-son-rescatados-del-desierto-en-yuma-arizona\/#primaryimage\"},\"thumbnailUrl\":\"https:\/\/www.sonoraenequipo.com.mx\/storage\/2021\/09\/funcionaria911B.jpg\",\"datePublished\":\"2021-09-04T21:06:57+00:00\",\"description\":\"&nbsp; SAN LUIS R\u00cdO COLORADO, SONORA,MX.\u2500\u2500 En una acci\u00f3n conjunta del personal del C5i San Luis R\u00edo Colorado y la Border Patrol de Arizona, una mujer y En Sonora en Equipo publicamos toda la informaci\u00f3n de Sonora, M\u00e9xico y el Mundo de manera oportuna y busca que la libertad de expresi\u00f3n sea real. Visita nuestro medio informativo publicado desde Hermosillo, Sonora. %\",\"breadcrumb\":{\"@id\":\"https:\/\/www.sonoraenequipo.com.mx\/mujer-ecuatoriana-y-sus-dos-hijos-son-rescatados-del-desierto-en-yuma-arizona\/#breadcrumb\"},\"inLanguage\":\"es\",\"potentialAction\":[{\"@type\":\"ReadAction\",\"target\":[\"https:\/\/www.sonoraenequipo.com.mx\/mujer-ecuatoriana-y-sus-dos-hijos-son-rescatados-del-desierto-en-yuma-arizona\/\"]}]},{\"@type\":\"ImageObject\",\"inLanguage\":\"es\",\"@id\":\"https:\/\/www.sonoraenequipo.com.mx\/mujer-ecuatoriana-y-sus-dos-hijos-son-rescatados-del-desierto-en-yuma-arizona\/#primaryimage\",\"url\":\"https:\/\/www.sonoraenequipo.com.mx\/storage\/2021\/09\/funcionaria911B.jpg\",\"contentUrl\":\"https:\/\/www.sonoraenequipo.com.mx\/storage\/2021\/09\/funcionaria911B.jpg\",\"width\":700,\"height\":394,\"caption\":\"Operadora del 911\"},{\"@type\":\"BreadcrumbList\",\"@id\":\"https:\/\/www.sonoraenequipo.com.mx\/mujer-ecuatoriana-y-sus-dos-hijos-son-rescatados-del-desierto-en-yuma-arizona\/#breadcrumb\",\"itemListElement\":[{\"@type\":\"ListItem\",\"position\":1,\"name\":\"Portada\",\"item\":\"https:\/\/www.sonoraenequipo.com.mx\/\"},{\"@type\":\"ListItem\",\"position\":2,\"name\":\"Mujer ecuatoriana y sus dos hijos son rescatados del desierto en Yuma Arizona\"}]},{\"@type\":\"WebSite\",\"@id\":\"https:\/\/www.sonoraenequipo.com.mx\/#website\",\"url\":\"https:\/\/www.sonoraenequipo.com.mx\/\",\"name\":\"Sonora en Equipo.\",\"description\":\"Diario en l\u00ednea con Noticias desde Hermosillo, Sonora\",\"publisher\":{\"@id\":\"https:\/\/www.sonoraenequipo.com.mx\/#organization\"},\"potentialAction\":[{\"@type\":\"SearchAction\",\"target\":{\"@type\":\"EntryPoint\",\"urlTemplate\":\"https:\/\/www.sonoraenequipo.com.mx\/?s={search_term_string}\"},\"query-input\":{\"@type\":\"PropertyValueSpecification\",\"valueRequired\":true,\"valueName\":\"search_term_string\"}}],\"inLanguage\":\"es\"},{\"@type\":\"Organization\",\"@id\":\"https:\/\/www.sonoraenequipo.com.mx\/#organization\",\"name\":\"Sonoraenequipo.com.mx\",\"url\":\"https:\/\/www.sonoraenequipo.com.mx\/\",\"logo\":{\"@type\":\"ImageObject\",\"inLanguage\":\"es\",\"@id\":\"https:\/\/www.sonoraenequipo.com.mx\/#\/schema\/logo\/image\/\",\"url\":\"https:\/\/www.sonoraenequipo.com.mx\/storage\/2019\/01\/sonoraenequipo_opt.png\",\"contentUrl\":\"https:\/\/www.sonoraenequipo.com.mx\/storage\/2019\/01\/sonoraenequipo_opt.png\",\"width\":375,\"height\":125,\"caption\":\"Sonoraenequipo.com.mx\"},\"image\":{\"@id\":\"https:\/\/www.sonoraenequipo.com.mx\/#\/schema\/logo\/image\/\"},\"sameAs\":[\"https:\/\/www.facebook.com\/SonoraEE\/\",\"https:\/\/x.com\/sonoraenequipo\",\"https:\/\/www.youtube.com\/channel\/UC338nW-lPEYmJQs4ZABQ1SQ\"]},{\"@type\":\"Person\",\"@id\":\"https:\/\/www.sonoraenequipo.com.mx\/#\/schema\/person\/50102df0fb23a8fa9e8effad8fa81386\",\"name\":\"enequipo\",\"image\":{\"@type\":\"ImageObject\",\"inLanguage\":\"es\",\"@id\":\"https:\/\/www.sonoraenequipo.com.mx\/#\/schema\/person\/image\/\",\"url\":\"https:\/\/secure.gravatar.com\/avatar\/049821681b589dabc0bc20695993ccebb09f5b5d4d790cd9251b97faac7c652b?s=96&d=blank&r=g\",\"contentUrl\":\"https:\/\/secure.gravatar.com\/avatar\/049821681b589dabc0bc20695993ccebb09f5b5d4d790cd9251b97faac7c652b?s=96&d=blank&r=g\",\"caption\":\"enequipo\"},\"sameAs\":[\"https:\/\/www.facebook.com\/SonoraEE\"]}]}<\/script>\n ","yoast_head_json":{"title":"Sonora en Equipo. Mujer ecuatoriana y sus dos hijos son rescatados del desierto en Yuma Arizona Sonora","description":"&nbsp; SAN LUIS R\u00cdO COLORADO, SONORA,MX.\u2500\u2500 En una acci\u00f3n conjunta del personal del C5i San Luis R\u00edo Colorado y la Border Patrol de Arizona, una mujer y En Sonora en Equipo publicamos toda la informaci\u00f3n de Sonora, M\u00e9xico y el Mundo de manera oportuna y busca que la libertad de expresi\u00f3n sea real. Visita nuestro medio informativo publicado desde Hermosillo, Sonora. %","robots":{"index":"index","follow":"follow","max-snippet":"max-snippet:-1","max-image-preview":"max-image-preview:large","max-video-preview":"max-video-preview:-1"},"canonical":"https:\/\/www.sonoraenequipo.com.mx\/mujer-ecuatoriana-y-sus-dos-hijos-son-rescatados-del-desierto-en-yuma-arizona\/","og_locale":"es_ES","og_type":"article","og_title":"Sonora en Equipo. Mujer ecuatoriana y sus dos hijos son rescatados del desierto en Yuma Arizona Sonora","og_description":"&nbsp; SAN LUIS R\u00cdO COLORADO, SONORA,MX.\u2500\u2500 En una acci\u00f3n conjunta del personal del C5i San Luis R\u00edo Colorado y la Border Patrol de Arizona, una mujer y En Sonora en Equipo publicamos toda la informaci\u00f3n de Sonora, M\u00e9xico y el Mundo de manera oportuna y busca que la libertad de expresi\u00f3n sea real. Visita nuestro medio informativo publicado desde Hermosillo, Sonora. %","og_url":"https:\/\/www.sonoraenequipo.com.mx\/mujer-ecuatoriana-y-sus-dos-hijos-son-rescatados-del-desierto-en-yuma-arizona\/","og_site_name":"Sonora en Equipo.","article_publisher":"https:\/\/www.facebook.com\/SonoraEE\/","article_author":"https:\/\/www.facebook.com\/SonoraEE","article_published_time":"2021-09-04T21:06:57+00:00","og_image":[{"width":700,"height":394,"url":"https:\/\/www.sonoraenequipo.com.mx\/storage\/2021\/09\/funcionaria911B.jpg","type":"image\/jpeg"}],"author":"enequipo","twitter_card":"summary_large_image","twitter_creator":"@sonoraenequipo","twitter_site":"@sonoraenequipo","twitter_misc":{"Escrito por":"enequipo","Tiempo de lectura":"1 minuto"},"schema":{"@context":"https:\/\/schema.org","@graph":[{"@type":"Article","@id":"https:\/\/www.sonoraenequipo.com.mx\/mujer-ecuatoriana-y-sus-dos-hijos-son-rescatados-del-desierto-en-yuma-arizona\/#article","isPartOf":{"@id":"https:\/\/www.sonoraenequipo.com.mx\/mujer-ecuatoriana-y-sus-dos-hijos-son-rescatados-del-desierto-en-yuma-arizona\/"},"author":{"name":"enequipo","@id":"https:\/\/www.sonoraenequipo.com.mx\/#\/schema\/person\/50102df0fb23a8fa9e8effad8fa81386"},"headline":"Mujer ecuatoriana y sus dos hijos son rescatados del desierto en Yuma Arizona","datePublished":"2021-09-04T21:06:57+00:00","mainEntityOfPage":{"@id":"https:\/\/www.sonoraenequipo.com.mx\/mujer-ecuatoriana-y-sus-dos-hijos-son-rescatados-del-desierto-en-yuma-arizona\/"},"wordCount":271,"commentCount":0,"publisher":{"@id":"https:\/\/www.sonoraenequipo.com.mx\/#organization"},"image":{"@id":"https:\/\/www.sonoraenequipo.com.mx\/mujer-ecuatoriana-y-sus-dos-hijos-son-rescatados-del-desierto-en-yuma-arizona\/#primaryimage"},"thumbnailUrl":"https:\/\/www.sonoraenequipo.com.mx\/storage\/2021\/09\/funcionaria911B.jpg","keywords":["911","Arizona","desierto","Sonora"],"articleSection":["Sonora"],"inLanguage":"es","potentialAction":[{"@type":"CommentAction","name":"Comment","target":["https:\/\/www.sonoraenequipo.com.mx\/mujer-ecuatoriana-y-sus-dos-hijos-son-rescatados-del-desierto-en-yuma-arizona\/#respond"]}]},{"@type":"WebPage","@id":"https:\/\/www.sonoraenequipo.com.mx\/mujer-ecuatoriana-y-sus-dos-hijos-son-rescatados-del-desierto-en-yuma-arizona\/","url":"https:\/\/www.sonoraenequipo.com.mx\/mujer-ecuatoriana-y-sus-dos-hijos-son-rescatados-del-desierto-en-yuma-arizona\/","name":"Sonora en Equipo. Mujer ecuatoriana y sus dos hijos son rescatados del desierto en Yuma Arizona Sonora","isPartOf":{"@id":"https:\/\/www.sonoraenequipo.com.mx\/#website"},"primaryImageOfPage":{"@id":"https:\/\/www.sonoraenequipo.com.mx\/mujer-ecuatoriana-y-sus-dos-hijos-son-rescatados-del-desierto-en-yuma-arizona\/#primaryimage"},"image":{"@id":"https:\/\/www.sonoraenequipo.com.mx\/mujer-ecuatoriana-y-sus-dos-hijos-son-rescatados-del-desierto-en-yuma-arizona\/#primaryimage"},"thumbnailUrl":"https:\/\/www.sonoraenequipo.com.mx\/storage\/2021\/09\/funcionaria911B.jpg","datePublished":"2021-09-04T21:06:57+00:00","description":"&nbsp; SAN LUIS R\u00cdO COLORADO, SONORA,MX.\u2500\u2500 En una acci\u00f3n conjunta del personal del C5i San Luis R\u00edo Colorado y la Border Patrol de Arizona, una mujer y En Sonora en Equipo publicamos toda la informaci\u00f3n de Sonora, M\u00e9xico y el Mundo de manera oportuna y busca que la libertad de expresi\u00f3n sea real. Visita nuestro medio informativo publicado desde Hermosillo, Sonora. %","breadcrumb":{"@id":"https:\/\/www.sonoraenequipo.com.mx\/mujer-ecuatoriana-y-sus-dos-hijos-son-rescatados-del-desierto-en-yuma-arizona\/#breadcrumb"},"inLanguage":"es","potentialAction":[{"@type":"ReadAction","target":["https:\/\/www.sonoraenequipo.com.mx\/mujer-ecuatoriana-y-sus-dos-hijos-son-rescatados-del-desierto-en-yuma-arizona\/"]}]},{"@type":"ImageObject","inLanguage":"es","@id":"https:\/\/www.sonoraenequipo.com.mx\/mujer-ecuatoriana-y-sus-dos-hijos-son-rescatados-del-desierto-en-yuma-arizona\/#primaryimage","url":"https:\/\/www.sonoraenequipo.com.mx\/storage\/2021\/09\/funcionaria911B.jpg","contentUrl":"https:\/\/www.sonoraenequipo.com.mx\/storage\/2021\/09\/funcionaria911B.jpg","width":700,"height":394,"caption":"Operadora del 911"},{"@type":"BreadcrumbList","@id":"https:\/\/www.sonoraenequipo.com.mx\/mujer-ecuatoriana-y-sus-dos-hijos-son-rescatados-del-desierto-en-yuma-arizona\/#breadcrumb","itemListElement":[{"@type":"ListItem","position":1,"name":"Portada","item":"https:\/\/www.sonoraenequipo.com.mx\/"},{"@type":"ListItem","position":2,"name":"Mujer ecuatoriana y sus dos hijos son rescatados del desierto en Yuma Arizona"}]},{"@type":"WebSite","@id":"https:\/\/www.sonoraenequipo.com.mx\/#website","url":"https:\/\/www.sonoraenequipo.com.mx\/","name":"Sonora en Equipo.","description":"Diario en l\u00ednea con Noticias desde Hermosillo, Sonora","publisher":{"@id":"https:\/\/www.sonoraenequipo.com.mx\/#organization"},"potentialAction":[{"@type":"SearchAction","target":{"@type":"EntryPoint","urlTemplate":"https:\/\/www.sonoraenequipo.com.mx\/?s={search_term_string}"},"query-input":{"@type":"PropertyValueSpecification","valueRequired":true,"valueName":"search_term_string"}}],"inLanguage":"es"},{"@type":"Organization","@id":"https:\/\/www.sonoraenequipo.com.mx\/#organization","name":"Sonoraenequipo.com.mx","url":"https:\/\/www.sonoraenequipo.com.mx\/","logo":{"@type":"ImageObject","inLanguage":"es","@id":"https:\/\/www.sonoraenequipo.com.mx\/#\/schema\/logo\/image\/","url":"https:\/\/www.sonoraenequipo.com.mx\/storage\/2019\/01\/sonoraenequipo_opt.png","contentUrl":"https:\/\/www.sonoraenequipo.com.mx\/storage\/2019\/01\/sonoraenequipo_opt.png","width":375,"height":125,"caption":"Sonoraenequipo.com.mx"},"image":{"@id":"https:\/\/www.sonoraenequipo.com.mx\/#\/schema\/logo\/image\/"},"sameAs":["https:\/\/www.facebook.com\/SonoraEE\/","https:\/\/x.com\/sonoraenequipo","https:\/\/www.youtube.com\/channel\/UC338nW-lPEYmJQs4ZABQ1SQ"]},{"@type":"Person","@id":"https:\/\/www.sonoraenequipo.com.mx\/#\/schema\/person\/50102df0fb23a8fa9e8effad8fa81386","name":"enequipo","image":{"@type":"ImageObject","inLanguage":"es","@id":"https:\/\/www.sonoraenequipo.com.mx\/#\/schema\/person\/image\/","url":"https:\/\/secure.gravatar.com\/avatar\/049821681b589dabc0bc20695993ccebb09f5b5d4d790cd9251b97faac7c652b?s=96&d=blank&r=g","contentUrl":"https:\/\/secure.gravatar.com\/avatar\/049821681b589dabc0bc20695993ccebb09f5b5d4d790cd9251b97faac7c652b?s=96&d=blank&r=g","caption":"enequipo"},"sameAs":["https:\/\/www.facebook.com\/SonoraEE"]}]}},"jetpack_featured_media_url":"https:\/\/www.sonoraenequipo.com.mx\/storage\/2021\/09\/funcionaria911B.jpg","_links":{"self":[{"href":"https:\/\/www.sonoraenequipo.com.mx\/api\/wp\/v2\/posts\/122105","targetHints":{"allow":["GET"]}}],"collection":[{"href":"https:\/\/www.sonoraenequipo.com.mx\/api\/wp\/v2\/posts"}],"about":[{"href":"https:\/\/www.sonoraenequipo.com.mx\/api\/wp\/v2\/types\/post"}],"author":[{"embeddable":true,"href":"https:\/\/www.sonoraenequipo.com.mx\/api\/wp\/v2\/users\/1"}],"replies":[{"embeddable":true,"href":"https:\/\/www.sonoraenequipo.com.mx\/api\/wp\/v2\/comments?post=122105"}],"version-history":[{"count":1,"href":"https:\/\/www.sonoraenequipo.com.mx\/api\/wp\/v2\/posts\/122105\/revisions"}],"predecessor-version":[{"id":122107,"href":"https:\/\/www.sonoraenequipo.com.mx\/api\/wp\/v2\/posts\/122105\/revisions\/122107"}],"wp:featuredmedia":[{"embeddable":true,"href":"https:\/\/www.sonoraenequipo.com.mx\/api\/wp\/v2\/media\/122106"}],"wp:attachment":[{"href":"https:\/\/www.sonoraenequipo.com.mx\/api\/wp\/v2\/media?parent=122105"}],"wp:term":[{"taxonomy":"category","embeddable":true,"href":"https:\/\/www.sonoraenequipo.com.mx\/api\/wp\/v2\/categories?post=122105"},{"taxonomy":"post_tag","embeddable":true,"href":"https:\/\/www.sonoraenequipo.com.mx\/api\/wp\/v2\/tags?post=122105"}],"curies":[{"name":"wp","href":"https:\/\/api.w.org\/{rel}","templated":true}]}}