{"id":122128,"date":"2021-09-04T11:20:20","date_gmt":"2021-09-04T18:20:20","guid":{"rendered":"https:\/\/www.sonoraenequipo.com.mx\/?p=122128"},"modified":"2021-09-04T18:36:30","modified_gmt":"2021-09-05T01:36:30","slug":"le-llueven-las-criticas-a-el-salvador-por-aprobar-la-reeleccion","status":"publish","type":"post","link":"https:\/\/www.sonoraenequipo.com.mx\/le-llueven-las-criticas-a-el-salvador-por-aprobar-la-reeleccion\/","title":{"rendered":"Le \u00abllueven\u00bb las cr\u00edticas a El Salvador por aprobar la reelecci\u00f3n"},"content":{"rendered":"<p>ESTADOS UNIDOS. \u2014 La decisi\u00f3n de la Sala de lo Constitucional que da luz verde en El Salvador a la reelecci\u00f3n es objeto de una \u00ablluvia\u201d de cr\u00edticas este s\u00e1bado (04.09.2021) por parte de organismo internacionales e incluso un congresista de los Estados Unidos.<\/p>\n<p>&nbsp;<\/p>\n<p> <\/p>\n<p>&nbsp;<\/p>\n<p>El director para las Am\u00e9ricas de Human Rights Watch (HRW), Jos\u00e9 Miguel Vivanco, dijo este s\u00e1bado que \u00abla democracia en El Salvador est\u00e1 al borde del abismo\u00bb despu\u00e9s de que la Sala de lo Constitucional de la Corte Suprema de Justicia (CSJ) avalara la posibilidad de la reelecci\u00f3n presidencial de Nayib Bukele.<\/p>\n<p>&nbsp;<\/p>\n<p><em>\u00abLa Sala de lo Constitucional de El Salvador, que Bukele coopt\u00f3 en mayo de este a\u00f1o, acaba de permitir que Bukele se presente a una reelecci\u00f3n\u00bb,<\/em> public\u00f3 Vivanco en Twitter.<\/p>\n<p>&nbsp;<\/p>\n<p>A\u00f1adi\u00f3 que, a su juicio, es <em>\u00abel mismo libreto que usaron Daniel Ortega (Nicaragua) y Juan Orlando Hern\u00e1ndez (Honduras)\u00bb<\/em> para reelegirse.<\/p>\n<p>&nbsp;<\/p>\n<p>Agreg\u00f3 que <em>\u00abmuchos venimos alertando hace m\u00e1s de un a\u00f1o sobre los riesgos para el Estado de derecho en El Salvador\u00bb y lament\u00f3 que el Secretario General de la OEA, Luis Almagro, descartara esas alertas, al tiempo que etiquet\u00f3 a quienes las emit\u00edan de ser \u00abvoces recurrentemente hist\u00e9ricas\u00bb.<\/em><\/p>\n<p>&nbsp;<\/p>\n<p>Comparti\u00f3 un v\u00eddeo con las declaraciones de Almagro de 2020 y agreg\u00f3 que \u00ab<em>ahora es tarde\u00bb.<\/em><\/p>\n<p>&nbsp;<\/p>\n<p>La noche del viernes, los magistrados de la Sala de lo Constitucional de la Corte Suprema de Justicia, nombrados el 1 de mayo, revirtieron un fallo de 2014 y habilitaron la reelecci\u00f3n presidencial inmediata.<\/p>\n<p>&nbsp;<\/p>\n<p>En la resoluci\u00f3n, los magistrados ordenan al Tribunal Supremo Electoral (TSE) permitir \u00abque una persona que ejerza la Presidencia de la Rep\u00fablica y no haya sido presidente en el periodo inmediato anterior participe en la contienda electoral por una segunda ocasi\u00f3n\u00bb.<\/p>\n<h3>\nSe pronuncian en contra a nivel nacional<\/h3>\n<p>&nbsp;<\/p>\n<p>La decisi\u00f3n judicial abre la v\u00eda para que el presidente Nayib Bukele pueda buscar la reelecci\u00f3n en 2024, pues con la interpretaci\u00f3n que se le dio en 2014 al numeral 1 del art\u00edculo 152 de la Constituci\u00f3n deb\u00eda esperar hasta 2034.<\/p>\n<p>&nbsp;<\/p>\n<p>A juicio de los magistrados, la interpretaci\u00f3n de 2014 es <em>\u00aberr\u00f3nea\u00bb<\/em> y apuntaron que la Constituci\u00f3n permite que un ciudadano puede ser presidente por un m\u00e1ximo de 10 a\u00f1os.<\/p>\n<p>&nbsp;<\/p>\n<p>&nbsp;<\/p>\n<p>Adem\u00e1s de HWR, se pronunciaron diversos abogados salvadore\u00f1os y el congresista estadounidense Albio Sires, quien dijo en Twitter que est\u00e1 <em>\u00absumamente preocupado por la interpretaci\u00f3n de la sala de lo constitucional en El Salvador que permite la reelecci\u00f3n, aunque sea prohibido por la Constituci\u00f3n\u00bb<\/em>.<\/p>\n<p>&nbsp;<\/p>\n<p>&nbsp;<\/p>\n<p>Por su parte, la directora para las Am\u00e9ricas de Amnist\u00eda Internacional (AI), Erika Guevara-Rosas, indic\u00f3 que observan a El Salvador para <em>\u00abdenunciar pr\u00e1cticas violatorias\u00bb<\/em> de derechos humanos y advirti\u00f3 sobre el desmantelamiento de las instituciones.<\/p>\n<p>&nbsp;<\/p>\n<p>&nbsp;<\/p>\n<p><em>\u00abEn el mundo nos enfrentamos a gobiernos autoritarios que desmantelan las instituciones para violar DDHH. Queda demostrado que El Salvador no ser\u00e1 la excepci\u00f3n\u00bb<\/em>, public\u00f3 Guevara-Rosas en Twitter.<\/p>\n<p>&nbsp;<\/p>\n<p>A\u00f1adi\u00f3 que en Amnist\u00eda Internacional <em>\u00abtenemos ojos en El Salvador para denunciar las pr\u00e1cticas violatorias de DDHH del gobierno de Nayib Bukele\u00bb<\/em><\/p>\n<p>&nbsp;<\/p>\n<p>El mandatario, que gan\u00f3 las elecciones presidenciales de 2019 en primera vuelta y con una ampl\u00eda ventaja, no ha dicho si buscar\u00e1 la reelecci\u00f3n, posibilidad que sus funcionarios y diputados oficialistas aplauden y alientan en las redes sociales.<\/p>\n<p><a class=\"twitter-timeline\" data-width=\"640\" data-height=\"960\" data-dnt=\"true\" href=\"https:\/\/twitter.com\/GustauAlegret?ref_src=twsrc%5Etfw\">Tweets by GustauAlegret<\/a><script async src=\"https:\/\/platform.twitter.com\/widgets.js\" charset=\"utf-8\"><\/script><\/p>\n<p>&nbsp;<\/p>\n<p>&nbsp;<\/p>\n<p>(Publicada el 04\/09\/2021 \/EFE)<\/p>\n","protected":false},"excerpt":{"rendered":"<p>ESTADOS UNIDOS. \u2014 La decisi\u00f3n de la Sala de lo Constitucional que da luz verde&#8230;<\/p>\n","protected":false},"author":1,"featured_media":122130,"comment_status":"open","ping_status":"open","sticky":false,"template":"","format":"standard","meta":{"_monsterinsights_skip_tracking":false,"_monsterinsights_sitenote_active":false,"_monsterinsights_sitenote_note":"","_monsterinsights_sitenote_category":0,"footnotes":""},"categories":[3],"tags":[],"class_list":["post"],"yoast_head":" \n<title>Sonora en Equipo. Le &quot;llueven&quot; las cr\u00edticas a El Salvador por aprobar la reelecci\u00f3n MUNDO<\/title>\n<meta name=\"description\" content=\"ESTADOS UNIDOS. \u2014 La decisi\u00f3n de la Sala de lo Constitucional que da luz verde en El Salvador a la reelecci\u00f3n es objeto de una &quot;lluvia\u201d de cr\u00edticas este En Sonora en Equipo publicamos toda la informaci\u00f3n de Sonora, M\u00e9xico y el Mundo de manera oportuna y busca que la libertad de expresi\u00f3n sea real. Visita nuestro medio informativo publicado desde Hermosillo, Sonora. %\" \/>\n<meta name=\"robots\" content=\"index, follow, max-snippet:-1, max-image-preview:large, max-video-preview:-1\" \/>\n<link rel=\"canonical\" href=\"https:\/\/www.sonoraenequipo.com.mx\/le-llueven-las-criticas-a-el-salvador-por-aprobar-la-reeleccion\/\" \/>\n<meta property=\"og:locale\" content=\"es_ES\" \/>\n<meta property=\"og:type\" content=\"article\" \/>\n<meta property=\"og:title\" content=\"Sonora en Equipo. Le &quot;llueven&quot; las cr\u00edticas a El Salvador por aprobar la reelecci\u00f3n MUNDO\" \/>\n<meta property=\"og:description\" content=\"ESTADOS UNIDOS. \u2014 La decisi\u00f3n de la Sala de lo Constitucional que da luz verde en El Salvador a la reelecci\u00f3n es objeto de una &quot;lluvia\u201d de cr\u00edticas este En Sonora en Equipo publicamos toda la informaci\u00f3n de Sonora, M\u00e9xico y el Mundo de manera oportuna y busca que la libertad de expresi\u00f3n sea real. Visita nuestro medio informativo publicado desde Hermosillo, Sonora. %\" \/>\n<meta property=\"og:url\" content=\"https:\/\/www.sonoraenequipo.com.mx\/le-llueven-las-criticas-a-el-salvador-por-aprobar-la-reeleccion\/\" \/>\n<meta property=\"og:site_name\" content=\"Sonora en Equipo.\" \/>\n<meta property=\"article:publisher\" content=\"https:\/\/www.facebook.com\/SonoraEE\/\" \/>\n<meta property=\"article:author\" content=\"https:\/\/www.facebook.com\/SonoraEE\" \/>\n<meta property=\"article:published_time\" content=\"2021-09-04T18:20:20+00:00\" \/>\n<meta property=\"article:modified_time\" content=\"2021-09-05T01:36:30+00:00\" \/>\n<meta property=\"og:image\" content=\"https:\/\/www.sonoraenequipo.com.mx\/storage\/2021\/09\/reeleccion-en-el-Salvador_opt.jpg\" \/>\n\t<meta property=\"og:image:width\" content=\"700\" \/>\n\t<meta property=\"og:image:height\" content=\"400\" \/>\n\t<meta property=\"og:image:type\" content=\"image\/jpeg\" \/>\n<meta name=\"author\" content=\"enequipo\" \/>\n<meta name=\"twitter:card\" content=\"summary_large_image\" \/>\n<meta name=\"twitter:creator\" content=\"@sonoraenequipo\" \/>\n<meta name=\"twitter:site\" content=\"@sonoraenequipo\" \/>\n<meta name=\"twitter:label1\" content=\"Escrito por\" \/>\n\t<meta name=\"twitter:data1\" content=\"enequipo\" \/>\n\t<meta name=\"twitter:label2\" content=\"Tiempo de lectura\" \/>\n\t<meta name=\"twitter:data2\" content=\"3 minutos\" \/>\n<script type=\"application\/ld+json\" class=\"yoast-schema-graph\">{\"@context\":\"https:\/\/schema.org\",\"@graph\":[{\"@type\":\"Article\",\"@id\":\"https:\/\/www.sonoraenequipo.com.mx\/le-llueven-las-criticas-a-el-salvador-por-aprobar-la-reeleccion\/#article\",\"isPartOf\":{\"@id\":\"https:\/\/www.sonoraenequipo.com.mx\/le-llueven-las-criticas-a-el-salvador-por-aprobar-la-reeleccion\/\"},\"author\":{\"name\":\"enequipo\",\"@id\":\"https:\/\/www.sonoraenequipo.com.mx\/#\/schema\/person\/50102df0fb23a8fa9e8effad8fa81386\"},\"headline\":\"Le \u00abllueven\u00bb las cr\u00edticas a El Salvador por aprobar la reelecci\u00f3n\",\"datePublished\":\"2021-09-04T18:20:20+00:00\",\"dateModified\":\"2021-09-05T01:36:30+00:00\",\"mainEntityOfPage\":{\"@id\":\"https:\/\/www.sonoraenequipo.com.mx\/le-llueven-las-criticas-a-el-salvador-por-aprobar-la-reeleccion\/\"},\"wordCount\":604,\"commentCount\":0,\"publisher\":{\"@id\":\"https:\/\/www.sonoraenequipo.com.mx\/#organization\"},\"image\":{\"@id\":\"https:\/\/www.sonoraenequipo.com.mx\/le-llueven-las-criticas-a-el-salvador-por-aprobar-la-reeleccion\/#primaryimage\"},\"thumbnailUrl\":\"https:\/\/www.sonoraenequipo.com.mx\/storage\/2021\/09\/reeleccion-en-el-Salvador_opt.jpg\",\"articleSection\":[\"MUNDO\"],\"inLanguage\":\"es\",\"potentialAction\":[{\"@type\":\"CommentAction\",\"name\":\"Comment\",\"target\":[\"https:\/\/www.sonoraenequipo.com.mx\/le-llueven-las-criticas-a-el-salvador-por-aprobar-la-reeleccion\/#respond\"]}]},{\"@type\":\"WebPage\",\"@id\":\"https:\/\/www.sonoraenequipo.com.mx\/le-llueven-las-criticas-a-el-salvador-por-aprobar-la-reeleccion\/\",\"url\":\"https:\/\/www.sonoraenequipo.com.mx\/le-llueven-las-criticas-a-el-salvador-por-aprobar-la-reeleccion\/\",\"name\":\"Sonora en Equipo. Le \\\"llueven\\\" las cr\u00edticas a El Salvador por aprobar la reelecci\u00f3n MUNDO\",\"isPartOf\":{\"@id\":\"https:\/\/www.sonoraenequipo.com.mx\/#website\"},\"primaryImageOfPage\":{\"@id\":\"https:\/\/www.sonoraenequipo.com.mx\/le-llueven-las-criticas-a-el-salvador-por-aprobar-la-reeleccion\/#primaryimage\"},\"image\":{\"@id\":\"https:\/\/www.sonoraenequipo.com.mx\/le-llueven-las-criticas-a-el-salvador-por-aprobar-la-reeleccion\/#primaryimage\"},\"thumbnailUrl\":\"https:\/\/www.sonoraenequipo.com.mx\/storage\/2021\/09\/reeleccion-en-el-Salvador_opt.jpg\",\"datePublished\":\"2021-09-04T18:20:20+00:00\",\"dateModified\":\"2021-09-05T01:36:30+00:00\",\"description\":\"ESTADOS UNIDOS. \u2014 La decisi\u00f3n de la Sala de lo Constitucional que da luz verde en El Salvador a la reelecci\u00f3n es objeto de una \\\"lluvia\u201d de cr\u00edticas este En Sonora en Equipo publicamos toda la informaci\u00f3n de Sonora, M\u00e9xico y el Mundo de manera oportuna y busca que la libertad de expresi\u00f3n sea real. Visita nuestro medio informativo publicado desde Hermosillo, Sonora. %\",\"breadcrumb\":{\"@id\":\"https:\/\/www.sonoraenequipo.com.mx\/le-llueven-las-criticas-a-el-salvador-por-aprobar-la-reeleccion\/#breadcrumb\"},\"inLanguage\":\"es\",\"potentialAction\":[{\"@type\":\"ReadAction\",\"target\":[\"https:\/\/www.sonoraenequipo.com.mx\/le-llueven-las-criticas-a-el-salvador-por-aprobar-la-reeleccion\/\"]}]},{\"@type\":\"ImageObject\",\"inLanguage\":\"es\",\"@id\":\"https:\/\/www.sonoraenequipo.com.mx\/le-llueven-las-criticas-a-el-salvador-por-aprobar-la-reeleccion\/#primaryimage\",\"url\":\"https:\/\/www.sonoraenequipo.com.mx\/storage\/2021\/09\/reeleccion-en-el-Salvador_opt.jpg\",\"contentUrl\":\"https:\/\/www.sonoraenequipo.com.mx\/storage\/2021\/09\/reeleccion-en-el-Salvador_opt.jpg\",\"width\":700,\"height\":400},{\"@type\":\"BreadcrumbList\",\"@id\":\"https:\/\/www.sonoraenequipo.com.mx\/le-llueven-las-criticas-a-el-salvador-por-aprobar-la-reeleccion\/#breadcrumb\",\"itemListElement\":[{\"@type\":\"ListItem\",\"position\":1,\"name\":\"Portada\",\"item\":\"https:\/\/www.sonoraenequipo.com.mx\/\"},{\"@type\":\"ListItem\",\"position\":2,\"name\":\"Le \u00abllueven\u00bb las cr\u00edticas a El Salvador por aprobar la reelecci\u00f3n\"}]},{\"@type\":\"WebSite\",\"@id\":\"https:\/\/www.sonoraenequipo.com.mx\/#website\",\"url\":\"https:\/\/www.sonoraenequipo.com.mx\/\",\"name\":\"Sonora en Equipo.\",\"description\":\"Diario en l\u00ednea con Noticias desde Hermosillo, Sonora\",\"publisher\":{\"@id\":\"https:\/\/www.sonoraenequipo.com.mx\/#organization\"},\"potentialAction\":[{\"@type\":\"SearchAction\",\"target\":{\"@type\":\"EntryPoint\",\"urlTemplate\":\"https:\/\/www.sonoraenequipo.com.mx\/?s={search_term_string}\"},\"query-input\":{\"@type\":\"PropertyValueSpecification\",\"valueRequired\":true,\"valueName\":\"search_term_string\"}}],\"inLanguage\":\"es\"},{\"@type\":\"Organization\",\"@id\":\"https:\/\/www.sonoraenequipo.com.mx\/#organization\",\"name\":\"Sonoraenequipo.com.mx\",\"url\":\"https:\/\/www.sonoraenequipo.com.mx\/\",\"logo\":{\"@type\":\"ImageObject\",\"inLanguage\":\"es\",\"@id\":\"https:\/\/www.sonoraenequipo.com.mx\/#\/schema\/logo\/image\/\",\"url\":\"https:\/\/www.sonoraenequipo.com.mx\/storage\/2019\/01\/sonoraenequipo_opt.png\",\"contentUrl\":\"https:\/\/www.sonoraenequipo.com.mx\/storage\/2019\/01\/sonoraenequipo_opt.png\",\"width\":375,\"height\":125,\"caption\":\"Sonoraenequipo.com.mx\"},\"image\":{\"@id\":\"https:\/\/www.sonoraenequipo.com.mx\/#\/schema\/logo\/image\/\"},\"sameAs\":[\"https:\/\/www.facebook.com\/SonoraEE\/\",\"https:\/\/x.com\/sonoraenequipo\",\"https:\/\/www.youtube.com\/channel\/UC338nW-lPEYmJQs4ZABQ1SQ\"]},{\"@type\":\"Person\",\"@id\":\"https:\/\/www.sonoraenequipo.com.mx\/#\/schema\/person\/50102df0fb23a8fa9e8effad8fa81386\",\"name\":\"enequipo\",\"image\":{\"@type\":\"ImageObject\",\"inLanguage\":\"es\",\"@id\":\"https:\/\/www.sonoraenequipo.com.mx\/#\/schema\/person\/image\/\",\"url\":\"https:\/\/secure.gravatar.com\/avatar\/049821681b589dabc0bc20695993ccebb09f5b5d4d790cd9251b97faac7c652b?s=96&d=blank&r=g\",\"contentUrl\":\"https:\/\/secure.gravatar.com\/avatar\/049821681b589dabc0bc20695993ccebb09f5b5d4d790cd9251b97faac7c652b?s=96&d=blank&r=g\",\"caption\":\"enequipo\"},\"sameAs\":[\"https:\/\/www.facebook.com\/SonoraEE\"]}]}<\/script>\n ","yoast_head_json":{"title":"Sonora en Equipo. Le \"llueven\" las cr\u00edticas a El Salvador por aprobar la reelecci\u00f3n MUNDO","description":"ESTADOS UNIDOS. \u2014 La decisi\u00f3n de la Sala de lo Constitucional que da luz verde en El Salvador a la reelecci\u00f3n es objeto de una \"lluvia\u201d de cr\u00edticas este En Sonora en Equipo publicamos toda la informaci\u00f3n de Sonora, M\u00e9xico y el Mundo de manera oportuna y busca que la libertad de expresi\u00f3n sea real. Visita nuestro medio informativo publicado desde Hermosillo, Sonora. %","robots":{"index":"index","follow":"follow","max-snippet":"max-snippet:-1","max-image-preview":"max-image-preview:large","max-video-preview":"max-video-preview:-1"},"canonical":"https:\/\/www.sonoraenequipo.com.mx\/le-llueven-las-criticas-a-el-salvador-por-aprobar-la-reeleccion\/","og_locale":"es_ES","og_type":"article","og_title":"Sonora en Equipo. Le \"llueven\" las cr\u00edticas a El Salvador por aprobar la reelecci\u00f3n MUNDO","og_description":"ESTADOS UNIDOS. \u2014 La decisi\u00f3n de la Sala de lo Constitucional que da luz verde en El Salvador a la reelecci\u00f3n es objeto de una \"lluvia\u201d de cr\u00edticas este En Sonora en Equipo publicamos toda la informaci\u00f3n de Sonora, M\u00e9xico y el Mundo de manera oportuna y busca que la libertad de expresi\u00f3n sea real. Visita nuestro medio informativo publicado desde Hermosillo, Sonora. %","og_url":"https:\/\/www.sonoraenequipo.com.mx\/le-llueven-las-criticas-a-el-salvador-por-aprobar-la-reeleccion\/","og_site_name":"Sonora en Equipo.","article_publisher":"https:\/\/www.facebook.com\/SonoraEE\/","article_author":"https:\/\/www.facebook.com\/SonoraEE","article_published_time":"2021-09-04T18:20:20+00:00","article_modified_time":"2021-09-05T01:36:30+00:00","og_image":[{"width":700,"height":400,"url":"https:\/\/www.sonoraenequipo.com.mx\/storage\/2021\/09\/reeleccion-en-el-Salvador_opt.jpg","type":"image\/jpeg"}],"author":"enequipo","twitter_card":"summary_large_image","twitter_creator":"@sonoraenequipo","twitter_site":"@sonoraenequipo","twitter_misc":{"Escrito por":"enequipo","Tiempo de lectura":"3 minutos"},"schema":{"@context":"https:\/\/schema.org","@graph":[{"@type":"Article","@id":"https:\/\/www.sonoraenequipo.com.mx\/le-llueven-las-criticas-a-el-salvador-por-aprobar-la-reeleccion\/#article","isPartOf":{"@id":"https:\/\/www.sonoraenequipo.com.mx\/le-llueven-las-criticas-a-el-salvador-por-aprobar-la-reeleccion\/"},"author":{"name":"enequipo","@id":"https:\/\/www.sonoraenequipo.com.mx\/#\/schema\/person\/50102df0fb23a8fa9e8effad8fa81386"},"headline":"Le \u00abllueven\u00bb las cr\u00edticas a El Salvador por aprobar la reelecci\u00f3n","datePublished":"2021-09-04T18:20:20+00:00","dateModified":"2021-09-05T01:36:30+00:00","mainEntityOfPage":{"@id":"https:\/\/www.sonoraenequipo.com.mx\/le-llueven-las-criticas-a-el-salvador-por-aprobar-la-reeleccion\/"},"wordCount":604,"commentCount":0,"publisher":{"@id":"https:\/\/www.sonoraenequipo.com.mx\/#organization"},"image":{"@id":"https:\/\/www.sonoraenequipo.com.mx\/le-llueven-las-criticas-a-el-salvador-por-aprobar-la-reeleccion\/#primaryimage"},"thumbnailUrl":"https:\/\/www.sonoraenequipo.com.mx\/storage\/2021\/09\/reeleccion-en-el-Salvador_opt.jpg","articleSection":["MUNDO"],"inLanguage":"es","potentialAction":[{"@type":"CommentAction","name":"Comment","target":["https:\/\/www.sonoraenequipo.com.mx\/le-llueven-las-criticas-a-el-salvador-por-aprobar-la-reeleccion\/#respond"]}]},{"@type":"WebPage","@id":"https:\/\/www.sonoraenequipo.com.mx\/le-llueven-las-criticas-a-el-salvador-por-aprobar-la-reeleccion\/","url":"https:\/\/www.sonoraenequipo.com.mx\/le-llueven-las-criticas-a-el-salvador-por-aprobar-la-reeleccion\/","name":"Sonora en Equipo. Le \"llueven\" las cr\u00edticas a El Salvador por aprobar la reelecci\u00f3n MUNDO","isPartOf":{"@id":"https:\/\/www.sonoraenequipo.com.mx\/#website"},"primaryImageOfPage":{"@id":"https:\/\/www.sonoraenequipo.com.mx\/le-llueven-las-criticas-a-el-salvador-por-aprobar-la-reeleccion\/#primaryimage"},"image":{"@id":"https:\/\/www.sonoraenequipo.com.mx\/le-llueven-las-criticas-a-el-salvador-por-aprobar-la-reeleccion\/#primaryimage"},"thumbnailUrl":"https:\/\/www.sonoraenequipo.com.mx\/storage\/2021\/09\/reeleccion-en-el-Salvador_opt.jpg","datePublished":"2021-09-04T18:20:20+00:00","dateModified":"2021-09-05T01:36:30+00:00","description":"ESTADOS UNIDOS. \u2014 La decisi\u00f3n de la Sala de lo Constitucional que da luz verde en El Salvador a la reelecci\u00f3n es objeto de una \"lluvia\u201d de cr\u00edticas este En Sonora en Equipo publicamos toda la informaci\u00f3n de Sonora, M\u00e9xico y el Mundo de manera oportuna y busca que la libertad de expresi\u00f3n sea real. Visita nuestro medio informativo publicado desde Hermosillo, Sonora. %","breadcrumb":{"@id":"https:\/\/www.sonoraenequipo.com.mx\/le-llueven-las-criticas-a-el-salvador-por-aprobar-la-reeleccion\/#breadcrumb"},"inLanguage":"es","potentialAction":[{"@type":"ReadAction","target":["https:\/\/www.sonoraenequipo.com.mx\/le-llueven-las-criticas-a-el-salvador-por-aprobar-la-reeleccion\/"]}]},{"@type":"ImageObject","inLanguage":"es","@id":"https:\/\/www.sonoraenequipo.com.mx\/le-llueven-las-criticas-a-el-salvador-por-aprobar-la-reeleccion\/#primaryimage","url":"https:\/\/www.sonoraenequipo.com.mx\/storage\/2021\/09\/reeleccion-en-el-Salvador_opt.jpg","contentUrl":"https:\/\/www.sonoraenequipo.com.mx\/storage\/2021\/09\/reeleccion-en-el-Salvador_opt.jpg","width":700,"height":400},{"@type":"BreadcrumbList","@id":"https:\/\/www.sonoraenequipo.com.mx\/le-llueven-las-criticas-a-el-salvador-por-aprobar-la-reeleccion\/#breadcrumb","itemListElement":[{"@type":"ListItem","position":1,"name":"Portada","item":"https:\/\/www.sonoraenequipo.com.mx\/"},{"@type":"ListItem","position":2,"name":"Le \u00abllueven\u00bb las cr\u00edticas a El Salvador por aprobar la reelecci\u00f3n"}]},{"@type":"WebSite","@id":"https:\/\/www.sonoraenequipo.com.mx\/#website","url":"https:\/\/www.sonoraenequipo.com.mx\/","name":"Sonora en Equipo.","description":"Diario en l\u00ednea con Noticias desde Hermosillo, Sonora","publisher":{"@id":"https:\/\/www.sonoraenequipo.com.mx\/#organization"},"potentialAction":[{"@type":"SearchAction","target":{"@type":"EntryPoint","urlTemplate":"https:\/\/www.sonoraenequipo.com.mx\/?s={search_term_string}"},"query-input":{"@type":"PropertyValueSpecification","valueRequired":true,"valueName":"search_term_string"}}],"inLanguage":"es"},{"@type":"Organization","@id":"https:\/\/www.sonoraenequipo.com.mx\/#organization","name":"Sonoraenequipo.com.mx","url":"https:\/\/www.sonoraenequipo.com.mx\/","logo":{"@type":"ImageObject","inLanguage":"es","@id":"https:\/\/www.sonoraenequipo.com.mx\/#\/schema\/logo\/image\/","url":"https:\/\/www.sonoraenequipo.com.mx\/storage\/2019\/01\/sonoraenequipo_opt.png","contentUrl":"https:\/\/www.sonoraenequipo.com.mx\/storage\/2019\/01\/sonoraenequipo_opt.png","width":375,"height":125,"caption":"Sonoraenequipo.com.mx"},"image":{"@id":"https:\/\/www.sonoraenequipo.com.mx\/#\/schema\/logo\/image\/"},"sameAs":["https:\/\/www.facebook.com\/SonoraEE\/","https:\/\/x.com\/sonoraenequipo","https:\/\/www.youtube.com\/channel\/UC338nW-lPEYmJQs4ZABQ1SQ"]},{"@type":"Person","@id":"https:\/\/www.sonoraenequipo.com.mx\/#\/schema\/person\/50102df0fb23a8fa9e8effad8fa81386","name":"enequipo","image":{"@type":"ImageObject","inLanguage":"es","@id":"https:\/\/www.sonoraenequipo.com.mx\/#\/schema\/person\/image\/","url":"https:\/\/secure.gravatar.com\/avatar\/049821681b589dabc0bc20695993ccebb09f5b5d4d790cd9251b97faac7c652b?s=96&d=blank&r=g","contentUrl":"https:\/\/secure.gravatar.com\/avatar\/049821681b589dabc0bc20695993ccebb09f5b5d4d790cd9251b97faac7c652b?s=96&d=blank&r=g","caption":"enequipo"},"sameAs":["https:\/\/www.facebook.com\/SonoraEE"]}]}},"jetpack_featured_media_url":"https:\/\/www.sonoraenequipo.com.mx\/storage\/2021\/09\/reeleccion-en-el-Salvador_opt.jpg","_links":{"self":[{"href":"https:\/\/www.sonoraenequipo.com.mx\/api\/wp\/v2\/posts\/122128","targetHints":{"allow":["GET"]}}],"collection":[{"href":"https:\/\/www.sonoraenequipo.com.mx\/api\/wp\/v2\/posts"}],"about":[{"href":"https:\/\/www.sonoraenequipo.com.mx\/api\/wp\/v2\/types\/post"}],"author":[{"embeddable":true,"href":"https:\/\/www.sonoraenequipo.com.mx\/api\/wp\/v2\/users\/1"}],"replies":[{"embeddable":true,"href":"https:\/\/www.sonoraenequipo.com.mx\/api\/wp\/v2\/comments?post=122128"}],"version-history":[{"count":1,"href":"https:\/\/www.sonoraenequipo.com.mx\/api\/wp\/v2\/posts\/122128\/revisions"}],"predecessor-version":[{"id":122131,"href":"https:\/\/www.sonoraenequipo.com.mx\/api\/wp\/v2\/posts\/122128\/revisions\/122131"}],"wp:featuredmedia":[{"embeddable":true,"href":"https:\/\/www.sonoraenequipo.com.mx\/api\/wp\/v2\/media\/122130"}],"wp:attachment":[{"href":"https:\/\/www.sonoraenequipo.com.mx\/api\/wp\/v2\/media?parent=122128"}],"wp:term":[{"taxonomy":"category","embeddable":true,"href":"https:\/\/www.sonoraenequipo.com.mx\/api\/wp\/v2\/categories?post=122128"},{"taxonomy":"post_tag","embeddable":true,"href":"https:\/\/www.sonoraenequipo.com.mx\/api\/wp\/v2\/tags?post=122128"}],"curies":[{"name":"wp","href":"https:\/\/api.w.org\/{rel}","templated":true}]}}