{"id":122423,"date":"2021-09-08T16:10:32","date_gmt":"2021-09-08T23:10:32","guid":{"rendered":"https:\/\/www.sonoraenequipo.com.mx\/?p=122423"},"modified":"2021-09-08T15:38:24","modified_gmt":"2021-09-08T22:38:24","slug":"anuncian-rescision-de-contrato-a-tiar-operadora-de-la-ptar-en-hermosillo","status":"publish","type":"post","link":"https:\/\/www.sonoraenequipo.com.mx\/anuncian-rescision-de-contrato-a-tiar-operadora-de-la-ptar-en-hermosillo\/","title":{"rendered":"Anuncian rescisi\u00f3n de contrato a TIAR operadora de la PTAR en Hermosillo"},"content":{"rendered":"<p>\u25ba\u00bbNi un peso m\u00e1s a contratos leoninos que timan a los hermosillenses\u00bb, sentenci\u00f3 el Alcalde Ferm\u00edn Gonz\u00e1lez Gaxiola<\/p>\n<p>HERMOSILLO, SONORA,MX.\u2500\u2500 \u00a0Por incumplimiento a diversas cl\u00e1usulas y dem\u00e1s irregularidades, el Ayuntamiento, a trav\u00e9s de Agua de Hermosillo, anunci\u00f3 la rescisi\u00f3n del contrato con la empresa TIAR Hermosillo S.A.P.I. de C.V., operadora de la Planta Tratadora de Aguas Residuales (PTAR), con lo que la ciudad se ahorrar\u00e1 alrededor de 2 mil millones de pesos.<\/p>\n<p>&nbsp;<\/p>\n<p>&nbsp;<\/p>\n<p>&nbsp;<\/p>\n<p>El alcalde Ferm\u00edn Gonz\u00e1lez Gaxiola expres\u00f3 que es responsabilidad, como administraci\u00f3n municipal, el vigilar y cuidar los intereses de los hermosillenses ante contratos leoninos como este, lo mismo que con el alumbrado p\u00fablico y el relleno sanitario.<\/p>\n<p>&nbsp;<\/p>\n<p>&nbsp;<\/p>\n<p>\u201cSon muchos millones que se van a ese barril sin fondo y que deb\u00edan ser utilizados en beneficio de la ciudad. Esta es una muestra palpable y clara de que nuestro compromiso es con la ciudadan\u00eda nada m\u00e1s, nosotros no vinimos aqu\u00ed a hacer negocio\u201d, asever\u00f3.<\/p>\n<p>&nbsp;<\/p>\n<p>&nbsp;<\/p>\n<p>Por su parte, Daniel S\u00e1nchez Gonz\u00e1lez, director de Agua de Hermosillo, dijo que el pasado 2 de septiembre se inform\u00f3 a la empresa que inici\u00f3 un proceso de rescisi\u00f3n fundado legalmente con base en el incumplimiento del contrato, para que en un plazo no mayor a 10 d\u00edas naturales, realice la entrega- recepci\u00f3n de las obras y la operaci\u00f3n de la PTAR Hermosillo al Organismo Operador; y en no m\u00e1s de 15 d\u00edas, entregue los insumos y materiales necesarios para la operaci\u00f3n normal de seis meses.<\/p>\n<p>&nbsp;<\/p>\n<p>&nbsp;<\/p>\n<p>Los principales motivos incluyen el incumplimiento en la calidad del agua tratada desde el inicio de operaciones; no llevar a cabo los trabajos de conservaci\u00f3n y mantenimiento de la infraestructura de la planta; incumplimiento en la disposici\u00f3n final de s\u00f3lidos y bios\u00f3lidos, como arena, basura y lodo final, los cuales han sido apilados junto con la basura que llega con el agua cruda, dentro del terreno de la PTAR.<\/p>\n<p>&nbsp;<\/p>\n<p>&nbsp;<\/p>\n<p>&nbsp;<\/p>\n<p>Adem\u00e1s, el vertimiento de manera indebida de aguas crudas al cauce del R\u00edo Sonora, lo que representa un grave da\u00f1o al medio ambiente y pone en riesgo la salud de los habitantes de Hermosillo.<\/p>\n<p>&nbsp;<\/p>\n<p>&nbsp;<\/p>\n<p>&nbsp;<\/p>\n<p>S\u00e1nchez Gonz\u00e1lez explic\u00f3 que durante el mes de julio se dej\u00f3 en abandono la operaci\u00f3n de la PTAR, derivado de un corte de energ\u00eda el\u00e9ctrica por parte de Comisi\u00f3n Federal de Electricidad (CFE), por causas imputables a la empresa.<\/p>\n<p>&nbsp;<\/p>\n<p>&nbsp;<\/p>\n<p>&nbsp;<\/p>\n<p>El funcionario detall\u00f3 que la compa\u00f1\u00eda contaba con un contrato para una prestaci\u00f3n de servicio por un lapso de 20 a\u00f1os, que representa un gasto para Agua de Hermosillo de 18 millones de pesos al mes y que al momento se han pagado m\u00e1s de 780 millones.<\/p>\n<p>Fecha de Publicaci\u00f3n\u00a0\u00a0 mi\u00e9rcoles \/ 08\u00a0\u00a0 \/ septiembre \/ 2021<\/p>\n<p>&nbsp;<\/p>\n","protected":false},"excerpt":{"rendered":"<p>\u25ba\u00bbNi un peso m\u00e1s a contratos leoninos que timan a los hermosillenses\u00bb, sentenci\u00f3 el Alcalde&#8230;<\/p>\n","protected":false},"author":1,"featured_media":122424,"comment_status":"open","ping_status":"open","sticky":false,"template":"","format":"standard","meta":{"_monsterinsights_skip_tracking":false,"_monsterinsights_sitenote_active":false,"_monsterinsights_sitenote_note":"","_monsterinsights_sitenote_category":0,"footnotes":""},"categories":[4],"tags":[1761,35,5274],"class_list":["post"],"yoast_head":" \n<title>Sonora en Equipo. Anuncian rescisi\u00f3n de contrato a TIAR operadora de la PTAR en Hermosillo Municipios<\/title>\n<meta name=\"description\" content=\"\u25ba&quot;Ni un peso m\u00e1s a contratos leoninos que timan a los hermosillenses&quot;, sentenci\u00f3 el Alcalde Ferm\u00edn Gonz\u00e1lez Gaxiola HERMOSILLO, SONORA,MX.\u2500\u2500 \u00a0Por En Sonora en Equipo publicamos toda la informaci\u00f3n de Sonora, M\u00e9xico y el Mundo de manera oportuna y busca que la libertad de expresi\u00f3n sea real. Visita nuestro medio informativo publicado desde Hermosillo, Sonora. %\" \/>\n<meta name=\"robots\" content=\"index, follow, max-snippet:-1, max-image-preview:large, max-video-preview:-1\" \/>\n<link rel=\"canonical\" href=\"https:\/\/www.sonoraenequipo.com.mx\/anuncian-rescision-de-contrato-a-tiar-operadora-de-la-ptar-en-hermosillo\/\" \/>\n<meta property=\"og:locale\" content=\"es_ES\" \/>\n<meta property=\"og:type\" content=\"article\" \/>\n<meta property=\"og:title\" content=\"Sonora en Equipo. Anuncian rescisi\u00f3n de contrato a TIAR operadora de la PTAR en Hermosillo Municipios\" \/>\n<meta property=\"og:description\" content=\"\u25ba&quot;Ni un peso m\u00e1s a contratos leoninos que timan a los hermosillenses&quot;, sentenci\u00f3 el Alcalde Ferm\u00edn Gonz\u00e1lez Gaxiola HERMOSILLO, SONORA,MX.\u2500\u2500 \u00a0Por En Sonora en Equipo publicamos toda la informaci\u00f3n de Sonora, M\u00e9xico y el Mundo de manera oportuna y busca que la libertad de expresi\u00f3n sea real. Visita nuestro medio informativo publicado desde Hermosillo, Sonora. %\" \/>\n<meta property=\"og:url\" content=\"https:\/\/www.sonoraenequipo.com.mx\/anuncian-rescision-de-contrato-a-tiar-operadora-de-la-ptar-en-hermosillo\/\" \/>\n<meta property=\"og:site_name\" content=\"Sonora en Equipo.\" \/>\n<meta property=\"article:publisher\" content=\"https:\/\/www.facebook.com\/SonoraEE\/\" \/>\n<meta property=\"article:author\" content=\"https:\/\/www.facebook.com\/SonoraEE\" \/>\n<meta property=\"article:published_time\" content=\"2021-09-08T23:10:32+00:00\" \/>\n<meta property=\"og:image\" content=\"https:\/\/www.sonoraenequipo.com.mx\/storage\/2021\/09\/ptar-recision2.jpg\" \/>\n\t<meta property=\"og:image:width\" content=\"700\" \/>\n\t<meta property=\"og:image:height\" content=\"400\" \/>\n\t<meta property=\"og:image:type\" content=\"image\/jpeg\" \/>\n<meta name=\"author\" content=\"enequipo\" \/>\n<meta name=\"twitter:card\" content=\"summary_large_image\" \/>\n<meta name=\"twitter:creator\" content=\"@sonoraenequipo\" \/>\n<meta name=\"twitter:site\" content=\"@sonoraenequipo\" \/>\n<meta name=\"twitter:label1\" content=\"Escrito por\" \/>\n\t<meta name=\"twitter:data1\" content=\"enequipo\" \/>\n\t<meta name=\"twitter:label2\" content=\"Tiempo de lectura\" \/>\n\t<meta name=\"twitter:data2\" content=\"2 minutos\" \/>\n<script type=\"application\/ld+json\" class=\"yoast-schema-graph\">{\"@context\":\"https:\/\/schema.org\",\"@graph\":[{\"@type\":\"Article\",\"@id\":\"https:\/\/www.sonoraenequipo.com.mx\/anuncian-rescision-de-contrato-a-tiar-operadora-de-la-ptar-en-hermosillo\/#article\",\"isPartOf\":{\"@id\":\"https:\/\/www.sonoraenequipo.com.mx\/anuncian-rescision-de-contrato-a-tiar-operadora-de-la-ptar-en-hermosillo\/\"},\"author\":{\"name\":\"enequipo\",\"@id\":\"https:\/\/www.sonoraenequipo.com.mx\/#\/schema\/person\/50102df0fb23a8fa9e8effad8fa81386\"},\"headline\":\"Anuncian rescisi\u00f3n de contrato a TIAR operadora de la PTAR en Hermosillo\",\"datePublished\":\"2021-09-08T23:10:32+00:00\",\"mainEntityOfPage\":{\"@id\":\"https:\/\/www.sonoraenequipo.com.mx\/anuncian-rescision-de-contrato-a-tiar-operadora-de-la-ptar-en-hermosillo\/\"},\"wordCount\":507,\"commentCount\":0,\"publisher\":{\"@id\":\"https:\/\/www.sonoraenequipo.com.mx\/#organization\"},\"image\":{\"@id\":\"https:\/\/www.sonoraenequipo.com.mx\/anuncian-rescision-de-contrato-a-tiar-operadora-de-la-ptar-en-hermosillo\/#primaryimage\"},\"thumbnailUrl\":\"https:\/\/www.sonoraenequipo.com.mx\/storage\/2021\/09\/ptar-recision2.jpg\",\"keywords\":[\"AGUAH\",\"hermosillo\",\"ptar\"],\"articleSection\":[\"Municipios\"],\"inLanguage\":\"es\",\"potentialAction\":[{\"@type\":\"CommentAction\",\"name\":\"Comment\",\"target\":[\"https:\/\/www.sonoraenequipo.com.mx\/anuncian-rescision-de-contrato-a-tiar-operadora-de-la-ptar-en-hermosillo\/#respond\"]}]},{\"@type\":\"WebPage\",\"@id\":\"https:\/\/www.sonoraenequipo.com.mx\/anuncian-rescision-de-contrato-a-tiar-operadora-de-la-ptar-en-hermosillo\/\",\"url\":\"https:\/\/www.sonoraenequipo.com.mx\/anuncian-rescision-de-contrato-a-tiar-operadora-de-la-ptar-en-hermosillo\/\",\"name\":\"Sonora en Equipo. Anuncian rescisi\u00f3n de contrato a TIAR operadora de la PTAR en Hermosillo Municipios\",\"isPartOf\":{\"@id\":\"https:\/\/www.sonoraenequipo.com.mx\/#website\"},\"primaryImageOfPage\":{\"@id\":\"https:\/\/www.sonoraenequipo.com.mx\/anuncian-rescision-de-contrato-a-tiar-operadora-de-la-ptar-en-hermosillo\/#primaryimage\"},\"image\":{\"@id\":\"https:\/\/www.sonoraenequipo.com.mx\/anuncian-rescision-de-contrato-a-tiar-operadora-de-la-ptar-en-hermosillo\/#primaryimage\"},\"thumbnailUrl\":\"https:\/\/www.sonoraenequipo.com.mx\/storage\/2021\/09\/ptar-recision2.jpg\",\"datePublished\":\"2021-09-08T23:10:32+00:00\",\"description\":\"\u25ba\\\"Ni un peso m\u00e1s a contratos leoninos que timan a los hermosillenses\\\", sentenci\u00f3 el Alcalde Ferm\u00edn Gonz\u00e1lez Gaxiola HERMOSILLO, SONORA,MX.\u2500\u2500 \u00a0Por En Sonora en Equipo publicamos toda la informaci\u00f3n de Sonora, M\u00e9xico y el Mundo de manera oportuna y busca que la libertad de expresi\u00f3n sea real. Visita nuestro medio informativo publicado desde Hermosillo, Sonora. %\",\"breadcrumb\":{\"@id\":\"https:\/\/www.sonoraenequipo.com.mx\/anuncian-rescision-de-contrato-a-tiar-operadora-de-la-ptar-en-hermosillo\/#breadcrumb\"},\"inLanguage\":\"es\",\"potentialAction\":[{\"@type\":\"ReadAction\",\"target\":[\"https:\/\/www.sonoraenequipo.com.mx\/anuncian-rescision-de-contrato-a-tiar-operadora-de-la-ptar-en-hermosillo\/\"]}]},{\"@type\":\"ImageObject\",\"inLanguage\":\"es\",\"@id\":\"https:\/\/www.sonoraenequipo.com.mx\/anuncian-rescision-de-contrato-a-tiar-operadora-de-la-ptar-en-hermosillo\/#primaryimage\",\"url\":\"https:\/\/www.sonoraenequipo.com.mx\/storage\/2021\/09\/ptar-recision2.jpg\",\"contentUrl\":\"https:\/\/www.sonoraenequipo.com.mx\/storage\/2021\/09\/ptar-recision2.jpg\",\"width\":700,\"height\":400},{\"@type\":\"BreadcrumbList\",\"@id\":\"https:\/\/www.sonoraenequipo.com.mx\/anuncian-rescision-de-contrato-a-tiar-operadora-de-la-ptar-en-hermosillo\/#breadcrumb\",\"itemListElement\":[{\"@type\":\"ListItem\",\"position\":1,\"name\":\"Portada\",\"item\":\"https:\/\/www.sonoraenequipo.com.mx\/\"},{\"@type\":\"ListItem\",\"position\":2,\"name\":\"Anuncian rescisi\u00f3n de contrato a TIAR operadora de la PTAR en Hermosillo\"}]},{\"@type\":\"WebSite\",\"@id\":\"https:\/\/www.sonoraenequipo.com.mx\/#website\",\"url\":\"https:\/\/www.sonoraenequipo.com.mx\/\",\"name\":\"Sonora en Equipo.\",\"description\":\"Diario en l\u00ednea con Noticias desde Hermosillo, Sonora\",\"publisher\":{\"@id\":\"https:\/\/www.sonoraenequipo.com.mx\/#organization\"},\"potentialAction\":[{\"@type\":\"SearchAction\",\"target\":{\"@type\":\"EntryPoint\",\"urlTemplate\":\"https:\/\/www.sonoraenequipo.com.mx\/?s={search_term_string}\"},\"query-input\":{\"@type\":\"PropertyValueSpecification\",\"valueRequired\":true,\"valueName\":\"search_term_string\"}}],\"inLanguage\":\"es\"},{\"@type\":\"Organization\",\"@id\":\"https:\/\/www.sonoraenequipo.com.mx\/#organization\",\"name\":\"Sonoraenequipo.com.mx\",\"url\":\"https:\/\/www.sonoraenequipo.com.mx\/\",\"logo\":{\"@type\":\"ImageObject\",\"inLanguage\":\"es\",\"@id\":\"https:\/\/www.sonoraenequipo.com.mx\/#\/schema\/logo\/image\/\",\"url\":\"https:\/\/www.sonoraenequipo.com.mx\/storage\/2019\/01\/sonoraenequipo_opt.png\",\"contentUrl\":\"https:\/\/www.sonoraenequipo.com.mx\/storage\/2019\/01\/sonoraenequipo_opt.png\",\"width\":375,\"height\":125,\"caption\":\"Sonoraenequipo.com.mx\"},\"image\":{\"@id\":\"https:\/\/www.sonoraenequipo.com.mx\/#\/schema\/logo\/image\/\"},\"sameAs\":[\"https:\/\/www.facebook.com\/SonoraEE\/\",\"https:\/\/x.com\/sonoraenequipo\",\"https:\/\/www.youtube.com\/channel\/UC338nW-lPEYmJQs4ZABQ1SQ\"]},{\"@type\":\"Person\",\"@id\":\"https:\/\/www.sonoraenequipo.com.mx\/#\/schema\/person\/50102df0fb23a8fa9e8effad8fa81386\",\"name\":\"enequipo\",\"image\":{\"@type\":\"ImageObject\",\"inLanguage\":\"es\",\"@id\":\"https:\/\/www.sonoraenequipo.com.mx\/#\/schema\/person\/image\/\",\"url\":\"https:\/\/secure.gravatar.com\/avatar\/049821681b589dabc0bc20695993ccebb09f5b5d4d790cd9251b97faac7c652b?s=96&d=blank&r=g\",\"contentUrl\":\"https:\/\/secure.gravatar.com\/avatar\/049821681b589dabc0bc20695993ccebb09f5b5d4d790cd9251b97faac7c652b?s=96&d=blank&r=g\",\"caption\":\"enequipo\"},\"sameAs\":[\"https:\/\/www.facebook.com\/SonoraEE\"]}]}<\/script>\n ","yoast_head_json":{"title":"Sonora en Equipo. Anuncian rescisi\u00f3n de contrato a TIAR operadora de la PTAR en Hermosillo Municipios","description":"\u25ba\"Ni un peso m\u00e1s a contratos leoninos que timan a los hermosillenses\", sentenci\u00f3 el Alcalde Ferm\u00edn Gonz\u00e1lez Gaxiola HERMOSILLO, SONORA,MX.\u2500\u2500 \u00a0Por En Sonora en Equipo publicamos toda la informaci\u00f3n de Sonora, M\u00e9xico y el Mundo de manera oportuna y busca que la libertad de expresi\u00f3n sea real. Visita nuestro medio informativo publicado desde Hermosillo, Sonora. %","robots":{"index":"index","follow":"follow","max-snippet":"max-snippet:-1","max-image-preview":"max-image-preview:large","max-video-preview":"max-video-preview:-1"},"canonical":"https:\/\/www.sonoraenequipo.com.mx\/anuncian-rescision-de-contrato-a-tiar-operadora-de-la-ptar-en-hermosillo\/","og_locale":"es_ES","og_type":"article","og_title":"Sonora en Equipo. Anuncian rescisi\u00f3n de contrato a TIAR operadora de la PTAR en Hermosillo Municipios","og_description":"\u25ba\"Ni un peso m\u00e1s a contratos leoninos que timan a los hermosillenses\", sentenci\u00f3 el Alcalde Ferm\u00edn Gonz\u00e1lez Gaxiola HERMOSILLO, SONORA,MX.\u2500\u2500 \u00a0Por En Sonora en Equipo publicamos toda la informaci\u00f3n de Sonora, M\u00e9xico y el Mundo de manera oportuna y busca que la libertad de expresi\u00f3n sea real. Visita nuestro medio informativo publicado desde Hermosillo, Sonora. %","og_url":"https:\/\/www.sonoraenequipo.com.mx\/anuncian-rescision-de-contrato-a-tiar-operadora-de-la-ptar-en-hermosillo\/","og_site_name":"Sonora en Equipo.","article_publisher":"https:\/\/www.facebook.com\/SonoraEE\/","article_author":"https:\/\/www.facebook.com\/SonoraEE","article_published_time":"2021-09-08T23:10:32+00:00","og_image":[{"width":700,"height":400,"url":"https:\/\/www.sonoraenequipo.com.mx\/storage\/2021\/09\/ptar-recision2.jpg","type":"image\/jpeg"}],"author":"enequipo","twitter_card":"summary_large_image","twitter_creator":"@sonoraenequipo","twitter_site":"@sonoraenequipo","twitter_misc":{"Escrito por":"enequipo","Tiempo de lectura":"2 minutos"},"schema":{"@context":"https:\/\/schema.org","@graph":[{"@type":"Article","@id":"https:\/\/www.sonoraenequipo.com.mx\/anuncian-rescision-de-contrato-a-tiar-operadora-de-la-ptar-en-hermosillo\/#article","isPartOf":{"@id":"https:\/\/www.sonoraenequipo.com.mx\/anuncian-rescision-de-contrato-a-tiar-operadora-de-la-ptar-en-hermosillo\/"},"author":{"name":"enequipo","@id":"https:\/\/www.sonoraenequipo.com.mx\/#\/schema\/person\/50102df0fb23a8fa9e8effad8fa81386"},"headline":"Anuncian rescisi\u00f3n de contrato a TIAR operadora de la PTAR en Hermosillo","datePublished":"2021-09-08T23:10:32+00:00","mainEntityOfPage":{"@id":"https:\/\/www.sonoraenequipo.com.mx\/anuncian-rescision-de-contrato-a-tiar-operadora-de-la-ptar-en-hermosillo\/"},"wordCount":507,"commentCount":0,"publisher":{"@id":"https:\/\/www.sonoraenequipo.com.mx\/#organization"},"image":{"@id":"https:\/\/www.sonoraenequipo.com.mx\/anuncian-rescision-de-contrato-a-tiar-operadora-de-la-ptar-en-hermosillo\/#primaryimage"},"thumbnailUrl":"https:\/\/www.sonoraenequipo.com.mx\/storage\/2021\/09\/ptar-recision2.jpg","keywords":["AGUAH","hermosillo","ptar"],"articleSection":["Municipios"],"inLanguage":"es","potentialAction":[{"@type":"CommentAction","name":"Comment","target":["https:\/\/www.sonoraenequipo.com.mx\/anuncian-rescision-de-contrato-a-tiar-operadora-de-la-ptar-en-hermosillo\/#respond"]}]},{"@type":"WebPage","@id":"https:\/\/www.sonoraenequipo.com.mx\/anuncian-rescision-de-contrato-a-tiar-operadora-de-la-ptar-en-hermosillo\/","url":"https:\/\/www.sonoraenequipo.com.mx\/anuncian-rescision-de-contrato-a-tiar-operadora-de-la-ptar-en-hermosillo\/","name":"Sonora en Equipo. Anuncian rescisi\u00f3n de contrato a TIAR operadora de la PTAR en Hermosillo Municipios","isPartOf":{"@id":"https:\/\/www.sonoraenequipo.com.mx\/#website"},"primaryImageOfPage":{"@id":"https:\/\/www.sonoraenequipo.com.mx\/anuncian-rescision-de-contrato-a-tiar-operadora-de-la-ptar-en-hermosillo\/#primaryimage"},"image":{"@id":"https:\/\/www.sonoraenequipo.com.mx\/anuncian-rescision-de-contrato-a-tiar-operadora-de-la-ptar-en-hermosillo\/#primaryimage"},"thumbnailUrl":"https:\/\/www.sonoraenequipo.com.mx\/storage\/2021\/09\/ptar-recision2.jpg","datePublished":"2021-09-08T23:10:32+00:00","description":"\u25ba\"Ni un peso m\u00e1s a contratos leoninos que timan a los hermosillenses\", sentenci\u00f3 el Alcalde Ferm\u00edn Gonz\u00e1lez Gaxiola HERMOSILLO, SONORA,MX.\u2500\u2500 \u00a0Por En Sonora en Equipo publicamos toda la informaci\u00f3n de Sonora, M\u00e9xico y el Mundo de manera oportuna y busca que la libertad de expresi\u00f3n sea real. Visita nuestro medio informativo publicado desde Hermosillo, Sonora. %","breadcrumb":{"@id":"https:\/\/www.sonoraenequipo.com.mx\/anuncian-rescision-de-contrato-a-tiar-operadora-de-la-ptar-en-hermosillo\/#breadcrumb"},"inLanguage":"es","potentialAction":[{"@type":"ReadAction","target":["https:\/\/www.sonoraenequipo.com.mx\/anuncian-rescision-de-contrato-a-tiar-operadora-de-la-ptar-en-hermosillo\/"]}]},{"@type":"ImageObject","inLanguage":"es","@id":"https:\/\/www.sonoraenequipo.com.mx\/anuncian-rescision-de-contrato-a-tiar-operadora-de-la-ptar-en-hermosillo\/#primaryimage","url":"https:\/\/www.sonoraenequipo.com.mx\/storage\/2021\/09\/ptar-recision2.jpg","contentUrl":"https:\/\/www.sonoraenequipo.com.mx\/storage\/2021\/09\/ptar-recision2.jpg","width":700,"height":400},{"@type":"BreadcrumbList","@id":"https:\/\/www.sonoraenequipo.com.mx\/anuncian-rescision-de-contrato-a-tiar-operadora-de-la-ptar-en-hermosillo\/#breadcrumb","itemListElement":[{"@type":"ListItem","position":1,"name":"Portada","item":"https:\/\/www.sonoraenequipo.com.mx\/"},{"@type":"ListItem","position":2,"name":"Anuncian rescisi\u00f3n de contrato a TIAR operadora de la PTAR en Hermosillo"}]},{"@type":"WebSite","@id":"https:\/\/www.sonoraenequipo.com.mx\/#website","url":"https:\/\/www.sonoraenequipo.com.mx\/","name":"Sonora en Equipo.","description":"Diario en l\u00ednea con Noticias desde Hermosillo, Sonora","publisher":{"@id":"https:\/\/www.sonoraenequipo.com.mx\/#organization"},"potentialAction":[{"@type":"SearchAction","target":{"@type":"EntryPoint","urlTemplate":"https:\/\/www.sonoraenequipo.com.mx\/?s={search_term_string}"},"query-input":{"@type":"PropertyValueSpecification","valueRequired":true,"valueName":"search_term_string"}}],"inLanguage":"es"},{"@type":"Organization","@id":"https:\/\/www.sonoraenequipo.com.mx\/#organization","name":"Sonoraenequipo.com.mx","url":"https:\/\/www.sonoraenequipo.com.mx\/","logo":{"@type":"ImageObject","inLanguage":"es","@id":"https:\/\/www.sonoraenequipo.com.mx\/#\/schema\/logo\/image\/","url":"https:\/\/www.sonoraenequipo.com.mx\/storage\/2019\/01\/sonoraenequipo_opt.png","contentUrl":"https:\/\/www.sonoraenequipo.com.mx\/storage\/2019\/01\/sonoraenequipo_opt.png","width":375,"height":125,"caption":"Sonoraenequipo.com.mx"},"image":{"@id":"https:\/\/www.sonoraenequipo.com.mx\/#\/schema\/logo\/image\/"},"sameAs":["https:\/\/www.facebook.com\/SonoraEE\/","https:\/\/x.com\/sonoraenequipo","https:\/\/www.youtube.com\/channel\/UC338nW-lPEYmJQs4ZABQ1SQ"]},{"@type":"Person","@id":"https:\/\/www.sonoraenequipo.com.mx\/#\/schema\/person\/50102df0fb23a8fa9e8effad8fa81386","name":"enequipo","image":{"@type":"ImageObject","inLanguage":"es","@id":"https:\/\/www.sonoraenequipo.com.mx\/#\/schema\/person\/image\/","url":"https:\/\/secure.gravatar.com\/avatar\/049821681b589dabc0bc20695993ccebb09f5b5d4d790cd9251b97faac7c652b?s=96&d=blank&r=g","contentUrl":"https:\/\/secure.gravatar.com\/avatar\/049821681b589dabc0bc20695993ccebb09f5b5d4d790cd9251b97faac7c652b?s=96&d=blank&r=g","caption":"enequipo"},"sameAs":["https:\/\/www.facebook.com\/SonoraEE"]}]}},"jetpack_featured_media_url":"https:\/\/www.sonoraenequipo.com.mx\/storage\/2021\/09\/ptar-recision2.jpg","_links":{"self":[{"href":"https:\/\/www.sonoraenequipo.com.mx\/api\/wp\/v2\/posts\/122423","targetHints":{"allow":["GET"]}}],"collection":[{"href":"https:\/\/www.sonoraenequipo.com.mx\/api\/wp\/v2\/posts"}],"about":[{"href":"https:\/\/www.sonoraenequipo.com.mx\/api\/wp\/v2\/types\/post"}],"author":[{"embeddable":true,"href":"https:\/\/www.sonoraenequipo.com.mx\/api\/wp\/v2\/users\/1"}],"replies":[{"embeddable":true,"href":"https:\/\/www.sonoraenequipo.com.mx\/api\/wp\/v2\/comments?post=122423"}],"version-history":[{"count":1,"href":"https:\/\/www.sonoraenequipo.com.mx\/api\/wp\/v2\/posts\/122423\/revisions"}],"predecessor-version":[{"id":122425,"href":"https:\/\/www.sonoraenequipo.com.mx\/api\/wp\/v2\/posts\/122423\/revisions\/122425"}],"wp:featuredmedia":[{"embeddable":true,"href":"https:\/\/www.sonoraenequipo.com.mx\/api\/wp\/v2\/media\/122424"}],"wp:attachment":[{"href":"https:\/\/www.sonoraenequipo.com.mx\/api\/wp\/v2\/media?parent=122423"}],"wp:term":[{"taxonomy":"category","embeddable":true,"href":"https:\/\/www.sonoraenequipo.com.mx\/api\/wp\/v2\/categories?post=122423"},{"taxonomy":"post_tag","embeddable":true,"href":"https:\/\/www.sonoraenequipo.com.mx\/api\/wp\/v2\/tags?post=122423"}],"curies":[{"name":"wp","href":"https:\/\/api.w.org\/{rel}","templated":true}]}}