{"id":122426,"date":"2021-09-08T15:17:48","date_gmt":"2021-09-08T22:17:48","guid":{"rendered":"https:\/\/www.sonoraenequipo.com.mx\/?p=122426"},"modified":"2021-09-08T15:28:01","modified_gmt":"2021-09-08T22:28:01","slug":"septiembre-no-es-mes-de-temblores-especialista","status":"publish","type":"post","link":"https:\/\/www.sonoraenequipo.com.mx\/septiembre-no-es-mes-de-temblores-especialista\/","title":{"rendered":"Septiembre no es mes de temblores: especialista"},"content":{"rendered":"<p>La gente ante estos fen\u00f3menos naturales debe contar con un plan de acci\u00f3n que le permita tomar decisiones para salvaguardar su integridad y la de sus seres queridos, si se encuentran en la casa, en la escuela, en el trabajo o en alg\u00fan lugar p\u00fablico.<\/p>\n<p>&nbsp;<\/p>\n<p>El sismo que se registr\u00f3 el d\u00eda de ayer martes 7 de septiembre, en las costas de Guerrero, fue muy superficial, es decir, fue de 10 kil\u00f3metros de profundidad y recordar que cuando se presentan los sismos en las costas de Guerrero, vienen con mucha energ\u00eda y varios de los que se han sentido en Puebla, provienen de la costa del pac\u00edfico.<\/p>\n<p>&nbsp;<\/p>\n<p>Cuando un sismo es muy superficial, las ondas s\u00edsmicas se hacen muy eficientes y producen lo que nosotros conocemos como ondas superficiales, con mucha m\u00e1s amplitud, es decir, registran m\u00e1s movimiento que los temblores con ondas T o S, como se conocen en este campo de estudio, se\u00f1al\u00f3 Hugo Ferrer Toledo, profesor investigador de la Facultad de Ingenier\u00eda Civil de la UPAEP.<\/p>\n<p>&nbsp;<\/p>\n<p>Dijo que los temblores se registran por la acumulaci\u00f3n de energ\u00eda y que constantemente se est\u00e1 liberando, pero en ocasiones con la presencia de sismos profundos, sismos someros e intermedios y en otras ocasiones, m\u00e1s hacia adentro de la corteza del territorio nacional o hacia el mar.<\/p>\n<p>&nbsp;<\/p>\n<p>Por su parte, Eduardo Ismael Hern\u00e1ndez, profesor de la Facultad de Ingenier\u00eda Civil de la UPAEP, manifest\u00f3, los sismos como fue el caso del registrado el d\u00eda de ayer y del hace 4 a\u00f1os, que s\u00f3lo coincidieron con el d\u00eda, cada uno de ellos se presentaron con diferentes caracter\u00edsticas, magnitud y lugar de aparici\u00f3n y que a su paso pueden dejar da\u00f1os o no, por magnitud y distancia con que se registran.<\/p>\n<p>&nbsp;<\/p>\n<p>Ismael Hern\u00e1ndez indic\u00f3 que el hecho de que en el mes de septiembre tiemble en nuestro pa\u00eds, no quiere decir que sea un mes exclusivo para que se registren estos movimientos tel\u00faricos, aunque haya varias coincidencias, con la presencia de estos fen\u00f3menos naturales en este periodo del a\u00f1o, es un fen\u00f3meno aleatorio, no hay una metodolog\u00eda cient\u00edfica para predecir con mucho tiempo de antelaci\u00f3n la presencia de un sismo.<\/p>\n<p>&nbsp;<\/p>\n<p>Dijo que para poder predecir los temblores, se tienen que especificar por lo menos tres cosas, una es la magnitud del sismo, la segunda, la localizaci\u00f3n y la tercera la fecha en que ocurre.<\/p>\n<p>&nbsp;<\/p>\n<p>Expuso que la gente ante estos fen\u00f3menos naturales debe contar con un plan de acci\u00f3n que le permita tomar decisiones para salvaguardar su integridad y la de sus seres queridos, si se encuentran en la casa, en la escuela, en el trabajo o en alg\u00fan lugar p\u00fablico.<\/p>\n<p>&nbsp;<\/p>\n<p>En ese sentido, Ferrer Toledo refiri\u00f3 que despu\u00e9s de este sismo que se registr\u00f3 este 7 de septiembre del a\u00f1o en curso, no se esperan grandes da\u00f1os, aun cuando present\u00f3 mucha energ\u00eda y clasificado por su intensidad de acuerdo a la escala de Mercalli modificada, los efectos fueron importantes, pero no a nivel de da\u00f1os.<\/p>\n<p>&nbsp;<\/p>\n<p>Hugo Ferrer, apunt\u00f3 que la escala de Mercalli cuando comienza a hacer la descripci\u00f3n de las afectaciones del sismo, primero se refiere a la reacci\u00f3n de las personas y posteriormente se refiere a los efectos en las construcciones y otros elementos relacionados.<\/p>\n<p>&nbsp;<\/p>\n<p>Coment\u00f3 que los sismos impactan de diferente forma en las construcciones modernas, en donde quiz\u00e1 se puedan presentar fisuras, el desprendimiento de algunos muros divisorios que no son estructurales, pero m\u00e1s all\u00e1 de eso, no ser considerados como da\u00f1os mayores.<\/p>\n<p>&nbsp;<\/p>\n<p>Agreg\u00f3 que en el caso de los edificios hist\u00f3ricos el comportamiento es otro, (ah\u00ed hay factores como el tipo de construcci\u00f3n, su historia, como los que se encuentran en el centro de la ciudad de Puebla), requieren de mayores revisiones para evaluar su estado, ya que son construcciones que tienen m\u00e1s peso y muchos a\u00f1os de construcci\u00f3n atr\u00e1s y dependiendo de la situaci\u00f3n en que se encuentren, pueden presentar cierta vulnerabilidad.<\/p>\n<p>&nbsp;<\/p>\n<p>Finalmente, los acad\u00e9micos exhortaron a las personas a estar alertas ante estos fen\u00f3menos naturales, conservar la calma, contar con un programa de acci\u00f3n (plan de protecci\u00f3n civil familiar), que les permita actuar de manera eficiente, tener documentos a la mano, contar con un punto de reuni\u00f3n y buscar las zonas m\u00e1s seguras en donde se puedan resguardar, as\u00ed como revisar peri\u00f3dicamente sus inmuebles, muros, columnas y estado general de la casa, antes y despu\u00e9s de un sismo.<\/p>\n<p>Fecha de Publicaci\u00f3n\u00a0\u00a0 mi\u00e9rcoles \/ 08\u00a0\u00a0 \/ septiembre \/ 2021\/ Diario sin Secretos<\/p>\n","protected":false},"excerpt":{"rendered":"<p>La gente ante estos fen\u00f3menos naturales debe contar con un plan de acci\u00f3n que le&#8230;<\/p>\n","protected":false},"author":1,"featured_media":70358,"comment_status":"open","ping_status":"open","sticky":false,"template":"","format":"standard","meta":{"_monsterinsights_skip_tracking":false,"_monsterinsights_sitenote_active":false,"_monsterinsights_sitenote_note":"","_monsterinsights_sitenote_category":0,"footnotes":""},"categories":[2216],"tags":[572],"class_list":["post"],"yoast_head":" \n<title>Sonora en Equipo. Septiembre no es mes de temblores: especialista Ciencia y Tecnolog\u00eda<\/title>\n<meta name=\"description\" content=\"La gente ante estos fen\u00f3menos naturales debe contar con un plan de acci\u00f3n que le permita tomar decisiones para salvaguardar su integridad y la de sus En Sonora en Equipo publicamos toda la informaci\u00f3n de Sonora, M\u00e9xico y el Mundo de manera oportuna y busca que la libertad de expresi\u00f3n sea real. Visita nuestro medio informativo publicado desde Hermosillo, Sonora. %\" \/>\n<meta name=\"robots\" content=\"index, follow, max-snippet:-1, max-image-preview:large, max-video-preview:-1\" \/>\n<link rel=\"canonical\" href=\"https:\/\/www.sonoraenequipo.com.mx\/septiembre-no-es-mes-de-temblores-especialista\/\" \/>\n<meta property=\"og:locale\" content=\"es_ES\" \/>\n<meta property=\"og:type\" content=\"article\" \/>\n<meta property=\"og:title\" content=\"Sonora en Equipo. Septiembre no es mes de temblores: especialista Ciencia y Tecnolog\u00eda\" \/>\n<meta property=\"og:description\" content=\"La gente ante estos fen\u00f3menos naturales debe contar con un plan de acci\u00f3n que le permita tomar decisiones para salvaguardar su integridad y la de sus En Sonora en Equipo publicamos toda la informaci\u00f3n de Sonora, M\u00e9xico y el Mundo de manera oportuna y busca que la libertad de expresi\u00f3n sea real. Visita nuestro medio informativo publicado desde Hermosillo, Sonora. %\" \/>\n<meta property=\"og:url\" content=\"https:\/\/www.sonoraenequipo.com.mx\/septiembre-no-es-mes-de-temblores-especialista\/\" \/>\n<meta property=\"og:site_name\" content=\"Sonora en Equipo.\" \/>\n<meta property=\"article:publisher\" content=\"https:\/\/www.facebook.com\/SonoraEE\/\" \/>\n<meta property=\"article:author\" content=\"https:\/\/www.facebook.com\/SonoraEE\" \/>\n<meta property=\"article:published_time\" content=\"2021-09-08T22:17:48+00:00\" \/>\n<meta property=\"article:modified_time\" content=\"2021-09-08T22:28:01+00:00\" \/>\n<meta property=\"og:image\" content=\"https:\/\/www.sonoraenequipo.com.mx\/storage\/2019\/11\/temblorenchile_opt.jpg\" \/>\n\t<meta property=\"og:image:width\" content=\"750\" \/>\n\t<meta property=\"og:image:height\" content=\"500\" \/>\n\t<meta property=\"og:image:type\" content=\"image\/jpeg\" \/>\n<meta name=\"author\" content=\"enequipo\" \/>\n<meta name=\"twitter:card\" content=\"summary_large_image\" \/>\n<meta name=\"twitter:creator\" content=\"@sonoraenequipo\" \/>\n<meta name=\"twitter:site\" content=\"@sonoraenequipo\" \/>\n<meta name=\"twitter:label1\" content=\"Escrito por\" \/>\n\t<meta name=\"twitter:data1\" content=\"enequipo\" \/>\n\t<meta name=\"twitter:label2\" content=\"Tiempo de lectura\" \/>\n\t<meta name=\"twitter:data2\" content=\"4 minutos\" \/>\n<script type=\"application\/ld+json\" class=\"yoast-schema-graph\">{\"@context\":\"https:\/\/schema.org\",\"@graph\":[{\"@type\":\"Article\",\"@id\":\"https:\/\/www.sonoraenequipo.com.mx\/septiembre-no-es-mes-de-temblores-especialista\/#article\",\"isPartOf\":{\"@id\":\"https:\/\/www.sonoraenequipo.com.mx\/septiembre-no-es-mes-de-temblores-especialista\/\"},\"author\":{\"name\":\"enequipo\",\"@id\":\"https:\/\/www.sonoraenequipo.com.mx\/#\/schema\/person\/50102df0fb23a8fa9e8effad8fa81386\"},\"headline\":\"Septiembre no es mes de temblores: especialista\",\"datePublished\":\"2021-09-08T22:17:48+00:00\",\"dateModified\":\"2021-09-08T22:28:01+00:00\",\"mainEntityOfPage\":{\"@id\":\"https:\/\/www.sonoraenequipo.com.mx\/septiembre-no-es-mes-de-temblores-especialista\/\"},\"wordCount\":811,\"commentCount\":0,\"publisher\":{\"@id\":\"https:\/\/www.sonoraenequipo.com.mx\/#organization\"},\"image\":{\"@id\":\"https:\/\/www.sonoraenequipo.com.mx\/septiembre-no-es-mes-de-temblores-especialista\/#primaryimage\"},\"thumbnailUrl\":\"https:\/\/www.sonoraenequipo.com.mx\/storage\/2019\/11\/temblorenchile_opt.jpg\",\"keywords\":[\"SISMO\"],\"articleSection\":[\"Ciencia y Tecnolog\u00eda\"],\"inLanguage\":\"es\",\"potentialAction\":[{\"@type\":\"CommentAction\",\"name\":\"Comment\",\"target\":[\"https:\/\/www.sonoraenequipo.com.mx\/septiembre-no-es-mes-de-temblores-especialista\/#respond\"]}]},{\"@type\":\"WebPage\",\"@id\":\"https:\/\/www.sonoraenequipo.com.mx\/septiembre-no-es-mes-de-temblores-especialista\/\",\"url\":\"https:\/\/www.sonoraenequipo.com.mx\/septiembre-no-es-mes-de-temblores-especialista\/\",\"name\":\"Sonora en Equipo. Septiembre no es mes de temblores: especialista Ciencia y Tecnolog\u00eda\",\"isPartOf\":{\"@id\":\"https:\/\/www.sonoraenequipo.com.mx\/#website\"},\"primaryImageOfPage\":{\"@id\":\"https:\/\/www.sonoraenequipo.com.mx\/septiembre-no-es-mes-de-temblores-especialista\/#primaryimage\"},\"image\":{\"@id\":\"https:\/\/www.sonoraenequipo.com.mx\/septiembre-no-es-mes-de-temblores-especialista\/#primaryimage\"},\"thumbnailUrl\":\"https:\/\/www.sonoraenequipo.com.mx\/storage\/2019\/11\/temblorenchile_opt.jpg\",\"datePublished\":\"2021-09-08T22:17:48+00:00\",\"dateModified\":\"2021-09-08T22:28:01+00:00\",\"description\":\"La gente ante estos fen\u00f3menos naturales debe contar con un plan de acci\u00f3n que le permita tomar decisiones para salvaguardar su integridad y la de sus En Sonora en Equipo publicamos toda la informaci\u00f3n de Sonora, M\u00e9xico y el Mundo de manera oportuna y busca que la libertad de expresi\u00f3n sea real. Visita nuestro medio informativo publicado desde Hermosillo, Sonora. %\",\"breadcrumb\":{\"@id\":\"https:\/\/www.sonoraenequipo.com.mx\/septiembre-no-es-mes-de-temblores-especialista\/#breadcrumb\"},\"inLanguage\":\"es\",\"potentialAction\":[{\"@type\":\"ReadAction\",\"target\":[\"https:\/\/www.sonoraenequipo.com.mx\/septiembre-no-es-mes-de-temblores-especialista\/\"]}]},{\"@type\":\"ImageObject\",\"inLanguage\":\"es\",\"@id\":\"https:\/\/www.sonoraenequipo.com.mx\/septiembre-no-es-mes-de-temblores-especialista\/#primaryimage\",\"url\":\"https:\/\/www.sonoraenequipo.com.mx\/storage\/2019\/11\/temblorenchile_opt.jpg\",\"contentUrl\":\"https:\/\/www.sonoraenequipo.com.mx\/storage\/2019\/11\/temblorenchile_opt.jpg\",\"width\":750,\"height\":500,\"caption\":\"Imagen de archivo ilustrativa\"},{\"@type\":\"BreadcrumbList\",\"@id\":\"https:\/\/www.sonoraenequipo.com.mx\/septiembre-no-es-mes-de-temblores-especialista\/#breadcrumb\",\"itemListElement\":[{\"@type\":\"ListItem\",\"position\":1,\"name\":\"Portada\",\"item\":\"https:\/\/www.sonoraenequipo.com.mx\/\"},{\"@type\":\"ListItem\",\"position\":2,\"name\":\"Septiembre no es mes de temblores: especialista\"}]},{\"@type\":\"WebSite\",\"@id\":\"https:\/\/www.sonoraenequipo.com.mx\/#website\",\"url\":\"https:\/\/www.sonoraenequipo.com.mx\/\",\"name\":\"Sonora en Equipo.\",\"description\":\"Diario en l\u00ednea con Noticias desde Hermosillo, Sonora\",\"publisher\":{\"@id\":\"https:\/\/www.sonoraenequipo.com.mx\/#organization\"},\"potentialAction\":[{\"@type\":\"SearchAction\",\"target\":{\"@type\":\"EntryPoint\",\"urlTemplate\":\"https:\/\/www.sonoraenequipo.com.mx\/?s={search_term_string}\"},\"query-input\":{\"@type\":\"PropertyValueSpecification\",\"valueRequired\":true,\"valueName\":\"search_term_string\"}}],\"inLanguage\":\"es\"},{\"@type\":\"Organization\",\"@id\":\"https:\/\/www.sonoraenequipo.com.mx\/#organization\",\"name\":\"Sonoraenequipo.com.mx\",\"url\":\"https:\/\/www.sonoraenequipo.com.mx\/\",\"logo\":{\"@type\":\"ImageObject\",\"inLanguage\":\"es\",\"@id\":\"https:\/\/www.sonoraenequipo.com.mx\/#\/schema\/logo\/image\/\",\"url\":\"https:\/\/www.sonoraenequipo.com.mx\/storage\/2019\/01\/sonoraenequipo_opt.png\",\"contentUrl\":\"https:\/\/www.sonoraenequipo.com.mx\/storage\/2019\/01\/sonoraenequipo_opt.png\",\"width\":375,\"height\":125,\"caption\":\"Sonoraenequipo.com.mx\"},\"image\":{\"@id\":\"https:\/\/www.sonoraenequipo.com.mx\/#\/schema\/logo\/image\/\"},\"sameAs\":[\"https:\/\/www.facebook.com\/SonoraEE\/\",\"https:\/\/x.com\/sonoraenequipo\",\"https:\/\/www.youtube.com\/channel\/UC338nW-lPEYmJQs4ZABQ1SQ\"]},{\"@type\":\"Person\",\"@id\":\"https:\/\/www.sonoraenequipo.com.mx\/#\/schema\/person\/50102df0fb23a8fa9e8effad8fa81386\",\"name\":\"enequipo\",\"image\":{\"@type\":\"ImageObject\",\"inLanguage\":\"es\",\"@id\":\"https:\/\/www.sonoraenequipo.com.mx\/#\/schema\/person\/image\/\",\"url\":\"https:\/\/secure.gravatar.com\/avatar\/049821681b589dabc0bc20695993ccebb09f5b5d4d790cd9251b97faac7c652b?s=96&d=blank&r=g\",\"contentUrl\":\"https:\/\/secure.gravatar.com\/avatar\/049821681b589dabc0bc20695993ccebb09f5b5d4d790cd9251b97faac7c652b?s=96&d=blank&r=g\",\"caption\":\"enequipo\"},\"sameAs\":[\"https:\/\/www.facebook.com\/SonoraEE\"]}]}<\/script>\n ","yoast_head_json":{"title":"Sonora en Equipo. Septiembre no es mes de temblores: especialista Ciencia y Tecnolog\u00eda","description":"La gente ante estos fen\u00f3menos naturales debe contar con un plan de acci\u00f3n que le permita tomar decisiones para salvaguardar su integridad y la de sus En Sonora en Equipo publicamos toda la informaci\u00f3n de Sonora, M\u00e9xico y el Mundo de manera oportuna y busca que la libertad de expresi\u00f3n sea real. Visita nuestro medio informativo publicado desde Hermosillo, Sonora. %","robots":{"index":"index","follow":"follow","max-snippet":"max-snippet:-1","max-image-preview":"max-image-preview:large","max-video-preview":"max-video-preview:-1"},"canonical":"https:\/\/www.sonoraenequipo.com.mx\/septiembre-no-es-mes-de-temblores-especialista\/","og_locale":"es_ES","og_type":"article","og_title":"Sonora en Equipo. Septiembre no es mes de temblores: especialista Ciencia y Tecnolog\u00eda","og_description":"La gente ante estos fen\u00f3menos naturales debe contar con un plan de acci\u00f3n que le permita tomar decisiones para salvaguardar su integridad y la de sus En Sonora en Equipo publicamos toda la informaci\u00f3n de Sonora, M\u00e9xico y el Mundo de manera oportuna y busca que la libertad de expresi\u00f3n sea real. Visita nuestro medio informativo publicado desde Hermosillo, Sonora. %","og_url":"https:\/\/www.sonoraenequipo.com.mx\/septiembre-no-es-mes-de-temblores-especialista\/","og_site_name":"Sonora en Equipo.","article_publisher":"https:\/\/www.facebook.com\/SonoraEE\/","article_author":"https:\/\/www.facebook.com\/SonoraEE","article_published_time":"2021-09-08T22:17:48+00:00","article_modified_time":"2021-09-08T22:28:01+00:00","og_image":[{"width":750,"height":500,"url":"https:\/\/www.sonoraenequipo.com.mx\/storage\/2019\/11\/temblorenchile_opt.jpg","type":"image\/jpeg"}],"author":"enequipo","twitter_card":"summary_large_image","twitter_creator":"@sonoraenequipo","twitter_site":"@sonoraenequipo","twitter_misc":{"Escrito por":"enequipo","Tiempo de lectura":"4 minutos"},"schema":{"@context":"https:\/\/schema.org","@graph":[{"@type":"Article","@id":"https:\/\/www.sonoraenequipo.com.mx\/septiembre-no-es-mes-de-temblores-especialista\/#article","isPartOf":{"@id":"https:\/\/www.sonoraenequipo.com.mx\/septiembre-no-es-mes-de-temblores-especialista\/"},"author":{"name":"enequipo","@id":"https:\/\/www.sonoraenequipo.com.mx\/#\/schema\/person\/50102df0fb23a8fa9e8effad8fa81386"},"headline":"Septiembre no es mes de temblores: especialista","datePublished":"2021-09-08T22:17:48+00:00","dateModified":"2021-09-08T22:28:01+00:00","mainEntityOfPage":{"@id":"https:\/\/www.sonoraenequipo.com.mx\/septiembre-no-es-mes-de-temblores-especialista\/"},"wordCount":811,"commentCount":0,"publisher":{"@id":"https:\/\/www.sonoraenequipo.com.mx\/#organization"},"image":{"@id":"https:\/\/www.sonoraenequipo.com.mx\/septiembre-no-es-mes-de-temblores-especialista\/#primaryimage"},"thumbnailUrl":"https:\/\/www.sonoraenequipo.com.mx\/storage\/2019\/11\/temblorenchile_opt.jpg","keywords":["SISMO"],"articleSection":["Ciencia y Tecnolog\u00eda"],"inLanguage":"es","potentialAction":[{"@type":"CommentAction","name":"Comment","target":["https:\/\/www.sonoraenequipo.com.mx\/septiembre-no-es-mes-de-temblores-especialista\/#respond"]}]},{"@type":"WebPage","@id":"https:\/\/www.sonoraenequipo.com.mx\/septiembre-no-es-mes-de-temblores-especialista\/","url":"https:\/\/www.sonoraenequipo.com.mx\/septiembre-no-es-mes-de-temblores-especialista\/","name":"Sonora en Equipo. Septiembre no es mes de temblores: especialista Ciencia y Tecnolog\u00eda","isPartOf":{"@id":"https:\/\/www.sonoraenequipo.com.mx\/#website"},"primaryImageOfPage":{"@id":"https:\/\/www.sonoraenequipo.com.mx\/septiembre-no-es-mes-de-temblores-especialista\/#primaryimage"},"image":{"@id":"https:\/\/www.sonoraenequipo.com.mx\/septiembre-no-es-mes-de-temblores-especialista\/#primaryimage"},"thumbnailUrl":"https:\/\/www.sonoraenequipo.com.mx\/storage\/2019\/11\/temblorenchile_opt.jpg","datePublished":"2021-09-08T22:17:48+00:00","dateModified":"2021-09-08T22:28:01+00:00","description":"La gente ante estos fen\u00f3menos naturales debe contar con un plan de acci\u00f3n que le permita tomar decisiones para salvaguardar su integridad y la de sus En Sonora en Equipo publicamos toda la informaci\u00f3n de Sonora, M\u00e9xico y el Mundo de manera oportuna y busca que la libertad de expresi\u00f3n sea real. Visita nuestro medio informativo publicado desde Hermosillo, Sonora. %","breadcrumb":{"@id":"https:\/\/www.sonoraenequipo.com.mx\/septiembre-no-es-mes-de-temblores-especialista\/#breadcrumb"},"inLanguage":"es","potentialAction":[{"@type":"ReadAction","target":["https:\/\/www.sonoraenequipo.com.mx\/septiembre-no-es-mes-de-temblores-especialista\/"]}]},{"@type":"ImageObject","inLanguage":"es","@id":"https:\/\/www.sonoraenequipo.com.mx\/septiembre-no-es-mes-de-temblores-especialista\/#primaryimage","url":"https:\/\/www.sonoraenequipo.com.mx\/storage\/2019\/11\/temblorenchile_opt.jpg","contentUrl":"https:\/\/www.sonoraenequipo.com.mx\/storage\/2019\/11\/temblorenchile_opt.jpg","width":750,"height":500,"caption":"Imagen de archivo ilustrativa"},{"@type":"BreadcrumbList","@id":"https:\/\/www.sonoraenequipo.com.mx\/septiembre-no-es-mes-de-temblores-especialista\/#breadcrumb","itemListElement":[{"@type":"ListItem","position":1,"name":"Portada","item":"https:\/\/www.sonoraenequipo.com.mx\/"},{"@type":"ListItem","position":2,"name":"Septiembre no es mes de temblores: especialista"}]},{"@type":"WebSite","@id":"https:\/\/www.sonoraenequipo.com.mx\/#website","url":"https:\/\/www.sonoraenequipo.com.mx\/","name":"Sonora en Equipo.","description":"Diario en l\u00ednea con Noticias desde Hermosillo, Sonora","publisher":{"@id":"https:\/\/www.sonoraenequipo.com.mx\/#organization"},"potentialAction":[{"@type":"SearchAction","target":{"@type":"EntryPoint","urlTemplate":"https:\/\/www.sonoraenequipo.com.mx\/?s={search_term_string}"},"query-input":{"@type":"PropertyValueSpecification","valueRequired":true,"valueName":"search_term_string"}}],"inLanguage":"es"},{"@type":"Organization","@id":"https:\/\/www.sonoraenequipo.com.mx\/#organization","name":"Sonoraenequipo.com.mx","url":"https:\/\/www.sonoraenequipo.com.mx\/","logo":{"@type":"ImageObject","inLanguage":"es","@id":"https:\/\/www.sonoraenequipo.com.mx\/#\/schema\/logo\/image\/","url":"https:\/\/www.sonoraenequipo.com.mx\/storage\/2019\/01\/sonoraenequipo_opt.png","contentUrl":"https:\/\/www.sonoraenequipo.com.mx\/storage\/2019\/01\/sonoraenequipo_opt.png","width":375,"height":125,"caption":"Sonoraenequipo.com.mx"},"image":{"@id":"https:\/\/www.sonoraenequipo.com.mx\/#\/schema\/logo\/image\/"},"sameAs":["https:\/\/www.facebook.com\/SonoraEE\/","https:\/\/x.com\/sonoraenequipo","https:\/\/www.youtube.com\/channel\/UC338nW-lPEYmJQs4ZABQ1SQ"]},{"@type":"Person","@id":"https:\/\/www.sonoraenequipo.com.mx\/#\/schema\/person\/50102df0fb23a8fa9e8effad8fa81386","name":"enequipo","image":{"@type":"ImageObject","inLanguage":"es","@id":"https:\/\/www.sonoraenequipo.com.mx\/#\/schema\/person\/image\/","url":"https:\/\/secure.gravatar.com\/avatar\/049821681b589dabc0bc20695993ccebb09f5b5d4d790cd9251b97faac7c652b?s=96&d=blank&r=g","contentUrl":"https:\/\/secure.gravatar.com\/avatar\/049821681b589dabc0bc20695993ccebb09f5b5d4d790cd9251b97faac7c652b?s=96&d=blank&r=g","caption":"enequipo"},"sameAs":["https:\/\/www.facebook.com\/SonoraEE"]}]}},"jetpack_featured_media_url":"https:\/\/www.sonoraenequipo.com.mx\/storage\/2019\/11\/temblorenchile_opt.jpg","_links":{"self":[{"href":"https:\/\/www.sonoraenequipo.com.mx\/api\/wp\/v2\/posts\/122426","targetHints":{"allow":["GET"]}}],"collection":[{"href":"https:\/\/www.sonoraenequipo.com.mx\/api\/wp\/v2\/posts"}],"about":[{"href":"https:\/\/www.sonoraenequipo.com.mx\/api\/wp\/v2\/types\/post"}],"author":[{"embeddable":true,"href":"https:\/\/www.sonoraenequipo.com.mx\/api\/wp\/v2\/users\/1"}],"replies":[{"embeddable":true,"href":"https:\/\/www.sonoraenequipo.com.mx\/api\/wp\/v2\/comments?post=122426"}],"version-history":[{"count":1,"href":"https:\/\/www.sonoraenequipo.com.mx\/api\/wp\/v2\/posts\/122426\/revisions"}],"predecessor-version":[{"id":122430,"href":"https:\/\/www.sonoraenequipo.com.mx\/api\/wp\/v2\/posts\/122426\/revisions\/122430"}],"wp:featuredmedia":[{"embeddable":true,"href":"https:\/\/www.sonoraenequipo.com.mx\/api\/wp\/v2\/media\/70358"}],"wp:attachment":[{"href":"https:\/\/www.sonoraenequipo.com.mx\/api\/wp\/v2\/media?parent=122426"}],"wp:term":[{"taxonomy":"category","embeddable":true,"href":"https:\/\/www.sonoraenequipo.com.mx\/api\/wp\/v2\/categories?post=122426"},{"taxonomy":"post_tag","embeddable":true,"href":"https:\/\/www.sonoraenequipo.com.mx\/api\/wp\/v2\/tags?post=122426"}],"curies":[{"name":"wp","href":"https:\/\/api.w.org\/{rel}","templated":true}]}}