{"id":122439,"date":"2021-09-08T18:39:49","date_gmt":"2021-09-09T01:39:49","guid":{"rendered":"https:\/\/www.sonoraenequipo.com.mx\/?p=122439"},"modified":"2021-09-22T16:17:53","modified_gmt":"2021-09-22T23:17:53","slug":"regresa-el-desfile-por-dia-de-accion-de-gracias-a-calles-de-nueva-york","status":"publish","type":"post","link":"https:\/\/www.sonoraenequipo.com.mx\/regresa-el-desfile-por-dia-de-accion-de-gracias-a-calles-de-nueva-york\/","title":{"rendered":"Regresa el desfile por D\u00eda de Acci\u00f3n de Gracias a calles de Nueva York"},"content":{"rendered":"<h3>El desfile del 25 de noviembre ser\u00e1 transmitido por la NBC y tendr\u00e1 los usuales globos gigantes<\/h3>\n<h3><\/h3>\n<p>NUEVA YORK, ESTADOS UNIDOS. \u2014 El tradicional Desfile por el D\u00eda de Acci\u00f3n de Gracias regresa a las calles de Nueva York este a\u00f1o con protocolos por el covid-19 incluyendo un requerimiento de vacunaci\u00f3n para los voluntarios, dijeron el mi\u00e9rcoles funcionarios municipales y Macy\u2019s, que patrocina el evento.<\/p>\n<p>&nbsp;<\/p>\n<p> <\/p>\n<p>El desfile del 25 de noviembre ser\u00e1 transmitido por la NBC y tendr\u00e1 los usuales globos gigantes, celebridades, payasos y bandas de m\u00fasica, dijo Macy\u2019s.<\/p>\n<p>&nbsp;<\/p>\n<p><em>\u201cEstamos muy felices por el regreso en plena forma del Desfile de Acci\u00f3n de Gracias de Macy\u2019s, una celebraci\u00f3n de fama mundial que lanza la magia de estar en Nueva York durante la temporada navide\u00f1a<\/em>\u201d, dijo el alcalde Bill de Blasio en una declaraci\u00f3n.<\/p>\n<p>&nbsp;<\/p>\n<p>&nbsp;<\/p>\n<p><img loading=\"lazy\" decoding=\"async\" class=\"size-medium  x-right\" src=\"https:\/\/www.sonoraenequipo.com.mx\/storage\/2021\/09\/Desfile-Accion-Gracias_opt-639x365.jpg\" alt=\"\" width=\"639\" height=\"365\" \/>Macy\u2019s presento una versi\u00f3n reducida del desfile el a\u00f1o pasado, con desfiles y artistas confinados a un \u00e1rea cerca de la tienda insignia de la cadena en Manhattan.<\/p>\n<p>&nbsp;<\/p>\n<p>Las bandas musicales que iban a participar originalmente en el desfile del 2020 lo har\u00e1n este a\u00f1o, dijo Macy\u2019s.<\/p>\n<p>&nbsp;<\/p>\n<p>Los miembros del personal del desfile y los voluntarios tendr\u00e1n que mostrar prueba de vacunaci\u00f3n contra el coronavirus, dijo la cadena. Se requerir\u00e1 el uso de cubrebocas, con excepciones para cantantes y otros artistas.<\/p>\n<p>&nbsp;<\/p>\n<p>&nbsp;<\/p>\n<p>Los detalles sobre los sitios para ver el desfile ser\u00e1n dados a conocer m\u00e1s adelante.<\/p>\n<p>&nbsp;<\/p>\n<p>&nbsp;<\/p>\n<p>(Publicada el 08\/09\/2021)<\/p>\n","protected":false},"excerpt":{"rendered":"<p>El desfile del 25 de noviembre ser\u00e1 transmitido por la NBC y tendr\u00e1 los usuales&#8230;<\/p>\n","protected":false},"author":1,"featured_media":122440,"comment_status":"open","ping_status":"open","sticky":false,"template":"","format":"standard","meta":{"_monsterinsights_skip_tracking":false,"_monsterinsights_sitenote_active":false,"_monsterinsights_sitenote_note":"","_monsterinsights_sitenote_category":0,"footnotes":""},"categories":[3],"tags":[],"class_list":["post"],"yoast_head":" \n<title>Sonora en Equipo. Regresa el desfile por D\u00eda de Acci\u00f3n de Gracias a calles de Nueva York<\/title>\n<meta name=\"description\" content=\"El desfile del 25 de noviembre ser\u00e1 transmitido por la NBC y tendr\u00e1 los usuales globos gigantes NUEVA YORK, ESTADOS UNIDOS. \u2014 El tradicional Desfile por En Sonora en Equipo publicamos toda la informaci\u00f3n de Sonora, M\u00e9xico y el Mundo de manera oportuna y busca que la libertad de expresi\u00f3n sea real. Visita nuestro medio informativo publicado desde Hermosillo, Sonora. %\" \/>\n<meta name=\"robots\" content=\"index, follow, max-snippet:-1, max-image-preview:large, max-video-preview:-1\" \/>\n<link rel=\"canonical\" href=\"https:\/\/www.sonoraenequipo.com.mx\/regresa-el-desfile-por-dia-de-accion-de-gracias-a-calles-de-nueva-york\/\" \/>\n<meta property=\"og:locale\" content=\"es_ES\" \/>\n<meta property=\"og:type\" content=\"article\" \/>\n<meta property=\"og:title\" content=\"Sonora en Equipo. Regresa el desfile por D\u00eda de Acci\u00f3n de Gracias a calles de Nueva York\" \/>\n<meta property=\"og:description\" content=\"El desfile del 25 de noviembre ser\u00e1 transmitido por la NBC y tendr\u00e1 los usuales globos gigantes NUEVA YORK, ESTADOS UNIDOS. \u2014 El tradicional Desfile por En Sonora en Equipo publicamos toda la informaci\u00f3n de Sonora, M\u00e9xico y el Mundo de manera oportuna y busca que la libertad de expresi\u00f3n sea real. Visita nuestro medio informativo publicado desde Hermosillo, Sonora. %\" \/>\n<meta property=\"og:url\" content=\"https:\/\/www.sonoraenequipo.com.mx\/regresa-el-desfile-por-dia-de-accion-de-gracias-a-calles-de-nueva-york\/\" \/>\n<meta property=\"og:site_name\" content=\"Sonora en Equipo.\" \/>\n<meta property=\"article:publisher\" content=\"https:\/\/www.facebook.com\/SonoraEE\/\" \/>\n<meta property=\"article:author\" content=\"https:\/\/www.facebook.com\/SonoraEE\" \/>\n<meta property=\"article:published_time\" content=\"2021-09-09T01:39:49+00:00\" \/>\n<meta property=\"article:modified_time\" content=\"2021-09-22T23:17:53+00:00\" \/>\n<meta property=\"og:image\" content=\"https:\/\/www.sonoraenequipo.com.mx\/storage\/2021\/09\/regresa-desfile-Accion-de-Gracias_opt.jpg\" \/>\n\t<meta property=\"og:image:width\" content=\"700\" \/>\n\t<meta property=\"og:image:height\" content=\"400\" \/>\n\t<meta property=\"og:image:type\" content=\"image\/jpeg\" \/>\n<meta name=\"author\" content=\"enequipo\" \/>\n<meta name=\"twitter:card\" content=\"summary_large_image\" \/>\n<meta name=\"twitter:creator\" content=\"@sonoraenequipo\" \/>\n<meta name=\"twitter:site\" content=\"@sonoraenequipo\" \/>\n<meta name=\"twitter:label1\" content=\"Escrito por\" \/>\n\t<meta name=\"twitter:data1\" content=\"enequipo\" \/>\n\t<meta name=\"twitter:label2\" content=\"Tiempo de lectura\" \/>\n\t<meta name=\"twitter:data2\" content=\"2 minutos\" \/>\n<script type=\"application\/ld+json\" class=\"yoast-schema-graph\">{\"@context\":\"https:\/\/schema.org\",\"@graph\":[{\"@type\":\"Article\",\"@id\":\"https:\/\/www.sonoraenequipo.com.mx\/regresa-el-desfile-por-dia-de-accion-de-gracias-a-calles-de-nueva-york\/#article\",\"isPartOf\":{\"@id\":\"https:\/\/www.sonoraenequipo.com.mx\/regresa-el-desfile-por-dia-de-accion-de-gracias-a-calles-de-nueva-york\/\"},\"author\":{\"name\":\"enequipo\",\"@id\":\"https:\/\/www.sonoraenequipo.com.mx\/#\/schema\/person\/50102df0fb23a8fa9e8effad8fa81386\"},\"headline\":\"Regresa el desfile por D\u00eda de Acci\u00f3n de Gracias a calles de Nueva York\",\"datePublished\":\"2021-09-09T01:39:49+00:00\",\"dateModified\":\"2021-09-22T23:17:53+00:00\",\"mainEntityOfPage\":{\"@id\":\"https:\/\/www.sonoraenequipo.com.mx\/regresa-el-desfile-por-dia-de-accion-de-gracias-a-calles-de-nueva-york\/\"},\"wordCount\":277,\"commentCount\":0,\"publisher\":{\"@id\":\"https:\/\/www.sonoraenequipo.com.mx\/#organization\"},\"image\":{\"@id\":\"https:\/\/www.sonoraenequipo.com.mx\/regresa-el-desfile-por-dia-de-accion-de-gracias-a-calles-de-nueva-york\/#primaryimage\"},\"thumbnailUrl\":\"https:\/\/www.sonoraenequipo.com.mx\/storage\/2021\/09\/regresa-desfile-Accion-de-Gracias_opt.jpg\",\"articleSection\":[\"MUNDO\"],\"inLanguage\":\"es\",\"potentialAction\":[{\"@type\":\"CommentAction\",\"name\":\"Comment\",\"target\":[\"https:\/\/www.sonoraenequipo.com.mx\/regresa-el-desfile-por-dia-de-accion-de-gracias-a-calles-de-nueva-york\/#respond\"]}]},{\"@type\":\"WebPage\",\"@id\":\"https:\/\/www.sonoraenequipo.com.mx\/regresa-el-desfile-por-dia-de-accion-de-gracias-a-calles-de-nueva-york\/\",\"url\":\"https:\/\/www.sonoraenequipo.com.mx\/regresa-el-desfile-por-dia-de-accion-de-gracias-a-calles-de-nueva-york\/\",\"name\":\"Sonora en Equipo. Regresa el desfile por D\u00eda de Acci\u00f3n de Gracias a calles de Nueva York\",\"isPartOf\":{\"@id\":\"https:\/\/www.sonoraenequipo.com.mx\/#website\"},\"primaryImageOfPage\":{\"@id\":\"https:\/\/www.sonoraenequipo.com.mx\/regresa-el-desfile-por-dia-de-accion-de-gracias-a-calles-de-nueva-york\/#primaryimage\"},\"image\":{\"@id\":\"https:\/\/www.sonoraenequipo.com.mx\/regresa-el-desfile-por-dia-de-accion-de-gracias-a-calles-de-nueva-york\/#primaryimage\"},\"thumbnailUrl\":\"https:\/\/www.sonoraenequipo.com.mx\/storage\/2021\/09\/regresa-desfile-Accion-de-Gracias_opt.jpg\",\"datePublished\":\"2021-09-09T01:39:49+00:00\",\"dateModified\":\"2021-09-22T23:17:53+00:00\",\"description\":\"El desfile del 25 de noviembre ser\u00e1 transmitido por la NBC y tendr\u00e1 los usuales globos gigantes NUEVA YORK, ESTADOS UNIDOS. \u2014 El tradicional Desfile por En Sonora en Equipo publicamos toda la informaci\u00f3n de Sonora, M\u00e9xico y el Mundo de manera oportuna y busca que la libertad de expresi\u00f3n sea real. Visita nuestro medio informativo publicado desde Hermosillo, Sonora. %\",\"breadcrumb\":{\"@id\":\"https:\/\/www.sonoraenequipo.com.mx\/regresa-el-desfile-por-dia-de-accion-de-gracias-a-calles-de-nueva-york\/#breadcrumb\"},\"inLanguage\":\"es\",\"potentialAction\":[{\"@type\":\"ReadAction\",\"target\":[\"https:\/\/www.sonoraenequipo.com.mx\/regresa-el-desfile-por-dia-de-accion-de-gracias-a-calles-de-nueva-york\/\"]}]},{\"@type\":\"ImageObject\",\"inLanguage\":\"es\",\"@id\":\"https:\/\/www.sonoraenequipo.com.mx\/regresa-el-desfile-por-dia-de-accion-de-gracias-a-calles-de-nueva-york\/#primaryimage\",\"url\":\"https:\/\/www.sonoraenequipo.com.mx\/storage\/2021\/09\/regresa-desfile-Accion-de-Gracias_opt.jpg\",\"contentUrl\":\"https:\/\/www.sonoraenequipo.com.mx\/storage\/2021\/09\/regresa-desfile-Accion-de-Gracias_opt.jpg\",\"width\":700,\"height\":400},{\"@type\":\"BreadcrumbList\",\"@id\":\"https:\/\/www.sonoraenequipo.com.mx\/regresa-el-desfile-por-dia-de-accion-de-gracias-a-calles-de-nueva-york\/#breadcrumb\",\"itemListElement\":[{\"@type\":\"ListItem\",\"position\":1,\"name\":\"Portada\",\"item\":\"https:\/\/www.sonoraenequipo.com.mx\/\"},{\"@type\":\"ListItem\",\"position\":2,\"name\":\"Regresa el desfile por D\u00eda de Acci\u00f3n de Gracias a calles de Nueva York\"}]},{\"@type\":\"WebSite\",\"@id\":\"https:\/\/www.sonoraenequipo.com.mx\/#website\",\"url\":\"https:\/\/www.sonoraenequipo.com.mx\/\",\"name\":\"Sonora en Equipo.\",\"description\":\"Diario en l\u00ednea con Noticias desde Hermosillo, Sonora\",\"publisher\":{\"@id\":\"https:\/\/www.sonoraenequipo.com.mx\/#organization\"},\"potentialAction\":[{\"@type\":\"SearchAction\",\"target\":{\"@type\":\"EntryPoint\",\"urlTemplate\":\"https:\/\/www.sonoraenequipo.com.mx\/?s={search_term_string}\"},\"query-input\":{\"@type\":\"PropertyValueSpecification\",\"valueRequired\":true,\"valueName\":\"search_term_string\"}}],\"inLanguage\":\"es\"},{\"@type\":\"Organization\",\"@id\":\"https:\/\/www.sonoraenequipo.com.mx\/#organization\",\"name\":\"Sonoraenequipo.com.mx\",\"url\":\"https:\/\/www.sonoraenequipo.com.mx\/\",\"logo\":{\"@type\":\"ImageObject\",\"inLanguage\":\"es\",\"@id\":\"https:\/\/www.sonoraenequipo.com.mx\/#\/schema\/logo\/image\/\",\"url\":\"https:\/\/www.sonoraenequipo.com.mx\/storage\/2019\/01\/sonoraenequipo_opt.png\",\"contentUrl\":\"https:\/\/www.sonoraenequipo.com.mx\/storage\/2019\/01\/sonoraenequipo_opt.png\",\"width\":375,\"height\":125,\"caption\":\"Sonoraenequipo.com.mx\"},\"image\":{\"@id\":\"https:\/\/www.sonoraenequipo.com.mx\/#\/schema\/logo\/image\/\"},\"sameAs\":[\"https:\/\/www.facebook.com\/SonoraEE\/\",\"https:\/\/x.com\/sonoraenequipo\",\"https:\/\/www.youtube.com\/channel\/UC338nW-lPEYmJQs4ZABQ1SQ\"]},{\"@type\":\"Person\",\"@id\":\"https:\/\/www.sonoraenequipo.com.mx\/#\/schema\/person\/50102df0fb23a8fa9e8effad8fa81386\",\"name\":\"enequipo\",\"image\":{\"@type\":\"ImageObject\",\"inLanguage\":\"es\",\"@id\":\"https:\/\/www.sonoraenequipo.com.mx\/#\/schema\/person\/image\/\",\"url\":\"https:\/\/secure.gravatar.com\/avatar\/049821681b589dabc0bc20695993ccebb09f5b5d4d790cd9251b97faac7c652b?s=96&d=blank&r=g\",\"contentUrl\":\"https:\/\/secure.gravatar.com\/avatar\/049821681b589dabc0bc20695993ccebb09f5b5d4d790cd9251b97faac7c652b?s=96&d=blank&r=g\",\"caption\":\"enequipo\"},\"sameAs\":[\"https:\/\/www.facebook.com\/SonoraEE\"]}]}<\/script>\n ","yoast_head_json":{"title":"Sonora en Equipo. Regresa el desfile por D\u00eda de Acci\u00f3n de Gracias a calles de Nueva York","description":"El desfile del 25 de noviembre ser\u00e1 transmitido por la NBC y tendr\u00e1 los usuales globos gigantes NUEVA YORK, ESTADOS UNIDOS. \u2014 El tradicional Desfile por En Sonora en Equipo publicamos toda la informaci\u00f3n de Sonora, M\u00e9xico y el Mundo de manera oportuna y busca que la libertad de expresi\u00f3n sea real. Visita nuestro medio informativo publicado desde Hermosillo, Sonora. %","robots":{"index":"index","follow":"follow","max-snippet":"max-snippet:-1","max-image-preview":"max-image-preview:large","max-video-preview":"max-video-preview:-1"},"canonical":"https:\/\/www.sonoraenequipo.com.mx\/regresa-el-desfile-por-dia-de-accion-de-gracias-a-calles-de-nueva-york\/","og_locale":"es_ES","og_type":"article","og_title":"Sonora en Equipo. Regresa el desfile por D\u00eda de Acci\u00f3n de Gracias a calles de Nueva York","og_description":"El desfile del 25 de noviembre ser\u00e1 transmitido por la NBC y tendr\u00e1 los usuales globos gigantes NUEVA YORK, ESTADOS UNIDOS. \u2014 El tradicional Desfile por En Sonora en Equipo publicamos toda la informaci\u00f3n de Sonora, M\u00e9xico y el Mundo de manera oportuna y busca que la libertad de expresi\u00f3n sea real. Visita nuestro medio informativo publicado desde Hermosillo, Sonora. %","og_url":"https:\/\/www.sonoraenequipo.com.mx\/regresa-el-desfile-por-dia-de-accion-de-gracias-a-calles-de-nueva-york\/","og_site_name":"Sonora en Equipo.","article_publisher":"https:\/\/www.facebook.com\/SonoraEE\/","article_author":"https:\/\/www.facebook.com\/SonoraEE","article_published_time":"2021-09-09T01:39:49+00:00","article_modified_time":"2021-09-22T23:17:53+00:00","og_image":[{"width":700,"height":400,"url":"https:\/\/www.sonoraenequipo.com.mx\/storage\/2021\/09\/regresa-desfile-Accion-de-Gracias_opt.jpg","type":"image\/jpeg"}],"author":"enequipo","twitter_card":"summary_large_image","twitter_creator":"@sonoraenequipo","twitter_site":"@sonoraenequipo","twitter_misc":{"Escrito por":"enequipo","Tiempo de lectura":"2 minutos"},"schema":{"@context":"https:\/\/schema.org","@graph":[{"@type":"Article","@id":"https:\/\/www.sonoraenequipo.com.mx\/regresa-el-desfile-por-dia-de-accion-de-gracias-a-calles-de-nueva-york\/#article","isPartOf":{"@id":"https:\/\/www.sonoraenequipo.com.mx\/regresa-el-desfile-por-dia-de-accion-de-gracias-a-calles-de-nueva-york\/"},"author":{"name":"enequipo","@id":"https:\/\/www.sonoraenequipo.com.mx\/#\/schema\/person\/50102df0fb23a8fa9e8effad8fa81386"},"headline":"Regresa el desfile por D\u00eda de Acci\u00f3n de Gracias a calles de Nueva York","datePublished":"2021-09-09T01:39:49+00:00","dateModified":"2021-09-22T23:17:53+00:00","mainEntityOfPage":{"@id":"https:\/\/www.sonoraenequipo.com.mx\/regresa-el-desfile-por-dia-de-accion-de-gracias-a-calles-de-nueva-york\/"},"wordCount":277,"commentCount":0,"publisher":{"@id":"https:\/\/www.sonoraenequipo.com.mx\/#organization"},"image":{"@id":"https:\/\/www.sonoraenequipo.com.mx\/regresa-el-desfile-por-dia-de-accion-de-gracias-a-calles-de-nueva-york\/#primaryimage"},"thumbnailUrl":"https:\/\/www.sonoraenequipo.com.mx\/storage\/2021\/09\/regresa-desfile-Accion-de-Gracias_opt.jpg","articleSection":["MUNDO"],"inLanguage":"es","potentialAction":[{"@type":"CommentAction","name":"Comment","target":["https:\/\/www.sonoraenequipo.com.mx\/regresa-el-desfile-por-dia-de-accion-de-gracias-a-calles-de-nueva-york\/#respond"]}]},{"@type":"WebPage","@id":"https:\/\/www.sonoraenequipo.com.mx\/regresa-el-desfile-por-dia-de-accion-de-gracias-a-calles-de-nueva-york\/","url":"https:\/\/www.sonoraenequipo.com.mx\/regresa-el-desfile-por-dia-de-accion-de-gracias-a-calles-de-nueva-york\/","name":"Sonora en Equipo. Regresa el desfile por D\u00eda de Acci\u00f3n de Gracias a calles de Nueva York","isPartOf":{"@id":"https:\/\/www.sonoraenequipo.com.mx\/#website"},"primaryImageOfPage":{"@id":"https:\/\/www.sonoraenequipo.com.mx\/regresa-el-desfile-por-dia-de-accion-de-gracias-a-calles-de-nueva-york\/#primaryimage"},"image":{"@id":"https:\/\/www.sonoraenequipo.com.mx\/regresa-el-desfile-por-dia-de-accion-de-gracias-a-calles-de-nueva-york\/#primaryimage"},"thumbnailUrl":"https:\/\/www.sonoraenequipo.com.mx\/storage\/2021\/09\/regresa-desfile-Accion-de-Gracias_opt.jpg","datePublished":"2021-09-09T01:39:49+00:00","dateModified":"2021-09-22T23:17:53+00:00","description":"El desfile del 25 de noviembre ser\u00e1 transmitido por la NBC y tendr\u00e1 los usuales globos gigantes NUEVA YORK, ESTADOS UNIDOS. \u2014 El tradicional Desfile por En Sonora en Equipo publicamos toda la informaci\u00f3n de Sonora, M\u00e9xico y el Mundo de manera oportuna y busca que la libertad de expresi\u00f3n sea real. Visita nuestro medio informativo publicado desde Hermosillo, Sonora. %","breadcrumb":{"@id":"https:\/\/www.sonoraenequipo.com.mx\/regresa-el-desfile-por-dia-de-accion-de-gracias-a-calles-de-nueva-york\/#breadcrumb"},"inLanguage":"es","potentialAction":[{"@type":"ReadAction","target":["https:\/\/www.sonoraenequipo.com.mx\/regresa-el-desfile-por-dia-de-accion-de-gracias-a-calles-de-nueva-york\/"]}]},{"@type":"ImageObject","inLanguage":"es","@id":"https:\/\/www.sonoraenequipo.com.mx\/regresa-el-desfile-por-dia-de-accion-de-gracias-a-calles-de-nueva-york\/#primaryimage","url":"https:\/\/www.sonoraenequipo.com.mx\/storage\/2021\/09\/regresa-desfile-Accion-de-Gracias_opt.jpg","contentUrl":"https:\/\/www.sonoraenequipo.com.mx\/storage\/2021\/09\/regresa-desfile-Accion-de-Gracias_opt.jpg","width":700,"height":400},{"@type":"BreadcrumbList","@id":"https:\/\/www.sonoraenequipo.com.mx\/regresa-el-desfile-por-dia-de-accion-de-gracias-a-calles-de-nueva-york\/#breadcrumb","itemListElement":[{"@type":"ListItem","position":1,"name":"Portada","item":"https:\/\/www.sonoraenequipo.com.mx\/"},{"@type":"ListItem","position":2,"name":"Regresa el desfile por D\u00eda de Acci\u00f3n de Gracias a calles de Nueva York"}]},{"@type":"WebSite","@id":"https:\/\/www.sonoraenequipo.com.mx\/#website","url":"https:\/\/www.sonoraenequipo.com.mx\/","name":"Sonora en Equipo.","description":"Diario en l\u00ednea con Noticias desde Hermosillo, Sonora","publisher":{"@id":"https:\/\/www.sonoraenequipo.com.mx\/#organization"},"potentialAction":[{"@type":"SearchAction","target":{"@type":"EntryPoint","urlTemplate":"https:\/\/www.sonoraenequipo.com.mx\/?s={search_term_string}"},"query-input":{"@type":"PropertyValueSpecification","valueRequired":true,"valueName":"search_term_string"}}],"inLanguage":"es"},{"@type":"Organization","@id":"https:\/\/www.sonoraenequipo.com.mx\/#organization","name":"Sonoraenequipo.com.mx","url":"https:\/\/www.sonoraenequipo.com.mx\/","logo":{"@type":"ImageObject","inLanguage":"es","@id":"https:\/\/www.sonoraenequipo.com.mx\/#\/schema\/logo\/image\/","url":"https:\/\/www.sonoraenequipo.com.mx\/storage\/2019\/01\/sonoraenequipo_opt.png","contentUrl":"https:\/\/www.sonoraenequipo.com.mx\/storage\/2019\/01\/sonoraenequipo_opt.png","width":375,"height":125,"caption":"Sonoraenequipo.com.mx"},"image":{"@id":"https:\/\/www.sonoraenequipo.com.mx\/#\/schema\/logo\/image\/"},"sameAs":["https:\/\/www.facebook.com\/SonoraEE\/","https:\/\/x.com\/sonoraenequipo","https:\/\/www.youtube.com\/channel\/UC338nW-lPEYmJQs4ZABQ1SQ"]},{"@type":"Person","@id":"https:\/\/www.sonoraenequipo.com.mx\/#\/schema\/person\/50102df0fb23a8fa9e8effad8fa81386","name":"enequipo","image":{"@type":"ImageObject","inLanguage":"es","@id":"https:\/\/www.sonoraenequipo.com.mx\/#\/schema\/person\/image\/","url":"https:\/\/secure.gravatar.com\/avatar\/049821681b589dabc0bc20695993ccebb09f5b5d4d790cd9251b97faac7c652b?s=96&d=blank&r=g","contentUrl":"https:\/\/secure.gravatar.com\/avatar\/049821681b589dabc0bc20695993ccebb09f5b5d4d790cd9251b97faac7c652b?s=96&d=blank&r=g","caption":"enequipo"},"sameAs":["https:\/\/www.facebook.com\/SonoraEE"]}]}},"jetpack_featured_media_url":"https:\/\/www.sonoraenequipo.com.mx\/storage\/2021\/09\/regresa-desfile-Accion-de-Gracias_opt.jpg","_links":{"self":[{"href":"https:\/\/www.sonoraenequipo.com.mx\/api\/wp\/v2\/posts\/122439","targetHints":{"allow":["GET"]}}],"collection":[{"href":"https:\/\/www.sonoraenequipo.com.mx\/api\/wp\/v2\/posts"}],"about":[{"href":"https:\/\/www.sonoraenequipo.com.mx\/api\/wp\/v2\/types\/post"}],"author":[{"embeddable":true,"href":"https:\/\/www.sonoraenequipo.com.mx\/api\/wp\/v2\/users\/1"}],"replies":[{"embeddable":true,"href":"https:\/\/www.sonoraenequipo.com.mx\/api\/wp\/v2\/comments?post=122439"}],"version-history":[{"count":1,"href":"https:\/\/www.sonoraenequipo.com.mx\/api\/wp\/v2\/posts\/122439\/revisions"}],"predecessor-version":[{"id":122445,"href":"https:\/\/www.sonoraenequipo.com.mx\/api\/wp\/v2\/posts\/122439\/revisions\/122445"}],"wp:featuredmedia":[{"embeddable":true,"href":"https:\/\/www.sonoraenequipo.com.mx\/api\/wp\/v2\/media\/122440"}],"wp:attachment":[{"href":"https:\/\/www.sonoraenequipo.com.mx\/api\/wp\/v2\/media?parent=122439"}],"wp:term":[{"taxonomy":"category","embeddable":true,"href":"https:\/\/www.sonoraenequipo.com.mx\/api\/wp\/v2\/categories?post=122439"},{"taxonomy":"post_tag","embeddable":true,"href":"https:\/\/www.sonoraenequipo.com.mx\/api\/wp\/v2\/tags?post=122439"}],"curies":[{"name":"wp","href":"https:\/\/api.w.org\/{rel}","templated":true}]}}