{"id":122463,"date":"2021-09-08T20:25:36","date_gmt":"2021-09-09T03:25:36","guid":{"rendered":"https:\/\/www.sonoraenequipo.com.mx\/?p=122463"},"modified":"2021-09-08T23:35:05","modified_gmt":"2021-09-09T06:35:05","slug":"amplia-radio-sonora-cobertura-con-dos-nuevas-frecuencias","status":"publish","type":"post","link":"https:\/\/www.sonoraenequipo.com.mx\/amplia-radio-sonora-cobertura-con-dos-nuevas-frecuencias\/","title":{"rendered":"Ampl\u00eda Radio Sonora cobertura con dos nuevas frecuencias"},"content":{"rendered":"<p>SAN JAVIER, SONORA. MX. \u2014\u00a0 Bacerac y San Javier cuentan ya con la se\u00f1al de Radio Sonora, al activarse las frecuencias 104.5 y 99.7 respectivamente, con lo que suman un total de 30 concesiones que dan una cobertura de 99.2% del territorio habitado en Sonora, inform\u00f3 Mar\u00eda Elena Verduzco Chaires.<\/p>\n<p>&nbsp;<\/p>\n<p> <\/p>\n<p>&nbsp;<\/p>\n<p>La directora general de Radio Sonora record\u00f3 que luego de casi dos a\u00f1os de gestiones de la gobernadora Claudia Pavlovich, se logr\u00f3 la aprobaci\u00f3n de la instancia federal para que quedaran activas estas dos nuevas concesiones.<\/p>\n<p>&nbsp;<\/p>\n<p>Con esto, Radio Sonora ampl\u00eda su cobertura desde Bacerac a los municipios de Bavispe y Huachinera y, desde San Javier a los municipios de \u00d3navas, Suaqui Grande y las comunidades de Tecoripa en el municipio de La Colorada y San Antonio de La Huerta en el municipio de Soyopa.<\/p>\n<p>&nbsp;<\/p>\n<p>En la inauguraci\u00f3n de las dos nuevas repetidoras, el evento en el que estuvo el alcalde de San Javier, C\u00e9sar Ruelas Leyva y la directora del Instituto de Becas y Cr\u00e9dito Educativo, Yazmina Anaya; Mar\u00eda Elena Verduzco Chaires detall\u00f3 que al entrar la presente administraci\u00f3n y bajo la misi\u00f3n de hacer m\u00e1s con menos, se promovi\u00f3 ante IFETEL el cambio de antenas de las zonas urbanas de Caborca y Navojoa a puntos de mayor alcance radial, potenciando y modernizando los equipos ya existentes.<\/p>\n<p>&nbsp;<\/p>\n<p><em>\u00abEs algo que ahora es posible, en la primera entrada le dimos cobertura a \u00c1til, Pitiquito, Oquitoa y Altar, despu\u00e9s lo hicimos al sur, en Navojoa, desde donde ampliamos cobertura a Huatabampo, Etchojoa y toda la base ejidal del sur del estado, ahora la se\u00f1al est\u00e1 ac\u00e1 y es esto una gran satisfacci\u00f3n\u201d<\/em>, mencion\u00f3.<\/p>\n<p>&nbsp;<\/p>\n<p>La segunda etapa consisti\u00f3 en la reubicaci\u00f3n de la repetidora del municipio de Navojoa a Cerro Prieto, para alcanzar cobertura en Etchojoa, Huatabampo y el resto de la zona ejidal del sur de Sonora.<\/p>\n<p>&nbsp;<\/p>\n<p>En el mismo evento se entregaron apoyos econ\u00f3micos a estudiantes del municipio por parte del Gobierno del Estado a trav\u00e9s de Yazmina Anaya, titular del Instituto de Becas y Cr\u00e9dito Educativo del Estado de Sonora.<\/p>\n<p>&nbsp;<\/p>\n<p>Tambi\u00e9n se entreg\u00f3 un cami\u00f3n escolar por parte de la Secretar\u00eda de Educaci\u00f3n y Cultura (SEC) que beneficiar\u00e1 a m\u00e1s de 50 ni\u00f1os de la comunidad para su traslado a clases.<\/p>\n<p>&nbsp;<\/p>\n<p>&nbsp;<\/p>\n<p>(Publicada el 08\/09\/2021)<\/p>\n","protected":false},"excerpt":{"rendered":"<p>SAN JAVIER, SONORA. MX. \u2014\u00a0 Bacerac y San Javier cuentan ya con la se\u00f1al de&#8230;<\/p>\n","protected":false},"author":1,"featured_media":122464,"comment_status":"open","ping_status":"open","sticky":false,"template":"","format":"standard","meta":{"_monsterinsights_skip_tracking":false,"_monsterinsights_sitenote_active":false,"_monsterinsights_sitenote_note":"","_monsterinsights_sitenote_category":0,"footnotes":""},"categories":[22],"tags":[],"class_list":["post"],"yoast_head":" \n<title>Sonora en Equipo. Ampl\u00eda Radio Sonora cobertura con dos nuevas frecuencias Sonora<\/title>\n<meta name=\"description\" content=\"SAN JAVIER, SONORA. MX. \u2014\u00a0 Bacerac y San Javier cuentan ya con la se\u00f1al de Radio Sonora, al activarse las frecuencias 104.5 y 99.7 respectivamente, con lo En Sonora en Equipo publicamos toda la informaci\u00f3n de Sonora, M\u00e9xico y el Mundo de manera oportuna y busca que la libertad de expresi\u00f3n sea real. Visita nuestro medio informativo publicado desde Hermosillo, Sonora. %\" \/>\n<meta name=\"robots\" content=\"index, follow, max-snippet:-1, max-image-preview:large, max-video-preview:-1\" \/>\n<link rel=\"canonical\" href=\"https:\/\/www.sonoraenequipo.com.mx\/amplia-radio-sonora-cobertura-con-dos-nuevas-frecuencias\/\" \/>\n<meta property=\"og:locale\" content=\"es_ES\" \/>\n<meta property=\"og:type\" content=\"article\" \/>\n<meta property=\"og:title\" content=\"Sonora en Equipo. Ampl\u00eda Radio Sonora cobertura con dos nuevas frecuencias Sonora\" \/>\n<meta property=\"og:description\" content=\"SAN JAVIER, SONORA. MX. \u2014\u00a0 Bacerac y San Javier cuentan ya con la se\u00f1al de Radio Sonora, al activarse las frecuencias 104.5 y 99.7 respectivamente, con lo En Sonora en Equipo publicamos toda la informaci\u00f3n de Sonora, M\u00e9xico y el Mundo de manera oportuna y busca que la libertad de expresi\u00f3n sea real. Visita nuestro medio informativo publicado desde Hermosillo, Sonora. %\" \/>\n<meta property=\"og:url\" content=\"https:\/\/www.sonoraenequipo.com.mx\/amplia-radio-sonora-cobertura-con-dos-nuevas-frecuencias\/\" \/>\n<meta property=\"og:site_name\" content=\"Sonora en Equipo.\" \/>\n<meta property=\"article:publisher\" content=\"https:\/\/www.facebook.com\/SonoraEE\/\" \/>\n<meta property=\"article:author\" content=\"https:\/\/www.facebook.com\/SonoraEE\" \/>\n<meta property=\"article:published_time\" content=\"2021-09-09T03:25:36+00:00\" \/>\n<meta property=\"article:modified_time\" content=\"2021-09-09T06:35:05+00:00\" \/>\n<meta property=\"og:image\" content=\"https:\/\/www.sonoraenequipo.com.mx\/storage\/2021\/09\/radio-sonora-amplia-senal_opt.jpg\" \/>\n\t<meta property=\"og:image:width\" content=\"700\" \/>\n\t<meta property=\"og:image:height\" content=\"400\" \/>\n\t<meta property=\"og:image:type\" content=\"image\/jpeg\" \/>\n<meta name=\"author\" content=\"enequipo\" \/>\n<meta name=\"twitter:card\" content=\"summary_large_image\" \/>\n<meta name=\"twitter:creator\" content=\"@sonoraenequipo\" \/>\n<meta name=\"twitter:site\" content=\"@sonoraenequipo\" \/>\n<meta name=\"twitter:label1\" content=\"Escrito por\" \/>\n\t<meta name=\"twitter:data1\" content=\"enequipo\" \/>\n\t<meta name=\"twitter:label2\" content=\"Tiempo de lectura\" \/>\n\t<meta name=\"twitter:data2\" content=\"2 minutos\" \/>\n<script type=\"application\/ld+json\" class=\"yoast-schema-graph\">{\"@context\":\"https:\/\/schema.org\",\"@graph\":[{\"@type\":\"Article\",\"@id\":\"https:\/\/www.sonoraenequipo.com.mx\/amplia-radio-sonora-cobertura-con-dos-nuevas-frecuencias\/#article\",\"isPartOf\":{\"@id\":\"https:\/\/www.sonoraenequipo.com.mx\/amplia-radio-sonora-cobertura-con-dos-nuevas-frecuencias\/\"},\"author\":{\"name\":\"enequipo\",\"@id\":\"https:\/\/www.sonoraenequipo.com.mx\/#\/schema\/person\/50102df0fb23a8fa9e8effad8fa81386\"},\"headline\":\"Ampl\u00eda Radio Sonora cobertura con dos nuevas frecuencias\",\"datePublished\":\"2021-09-09T03:25:36+00:00\",\"dateModified\":\"2021-09-09T06:35:05+00:00\",\"mainEntityOfPage\":{\"@id\":\"https:\/\/www.sonoraenequipo.com.mx\/amplia-radio-sonora-cobertura-con-dos-nuevas-frecuencias\/\"},\"wordCount\":412,\"commentCount\":0,\"publisher\":{\"@id\":\"https:\/\/www.sonoraenequipo.com.mx\/#organization\"},\"image\":{\"@id\":\"https:\/\/www.sonoraenequipo.com.mx\/amplia-radio-sonora-cobertura-con-dos-nuevas-frecuencias\/#primaryimage\"},\"thumbnailUrl\":\"https:\/\/www.sonoraenequipo.com.mx\/storage\/2021\/09\/radio-sonora-amplia-senal_opt.jpg\",\"articleSection\":[\"Sonora\"],\"inLanguage\":\"es\",\"potentialAction\":[{\"@type\":\"CommentAction\",\"name\":\"Comment\",\"target\":[\"https:\/\/www.sonoraenequipo.com.mx\/amplia-radio-sonora-cobertura-con-dos-nuevas-frecuencias\/#respond\"]}]},{\"@type\":\"WebPage\",\"@id\":\"https:\/\/www.sonoraenequipo.com.mx\/amplia-radio-sonora-cobertura-con-dos-nuevas-frecuencias\/\",\"url\":\"https:\/\/www.sonoraenequipo.com.mx\/amplia-radio-sonora-cobertura-con-dos-nuevas-frecuencias\/\",\"name\":\"Sonora en Equipo. Ampl\u00eda Radio Sonora cobertura con dos nuevas frecuencias Sonora\",\"isPartOf\":{\"@id\":\"https:\/\/www.sonoraenequipo.com.mx\/#website\"},\"primaryImageOfPage\":{\"@id\":\"https:\/\/www.sonoraenequipo.com.mx\/amplia-radio-sonora-cobertura-con-dos-nuevas-frecuencias\/#primaryimage\"},\"image\":{\"@id\":\"https:\/\/www.sonoraenequipo.com.mx\/amplia-radio-sonora-cobertura-con-dos-nuevas-frecuencias\/#primaryimage\"},\"thumbnailUrl\":\"https:\/\/www.sonoraenequipo.com.mx\/storage\/2021\/09\/radio-sonora-amplia-senal_opt.jpg\",\"datePublished\":\"2021-09-09T03:25:36+00:00\",\"dateModified\":\"2021-09-09T06:35:05+00:00\",\"description\":\"SAN JAVIER, SONORA. MX. \u2014\u00a0 Bacerac y San Javier cuentan ya con la se\u00f1al de Radio Sonora, al activarse las frecuencias 104.5 y 99.7 respectivamente, con lo En Sonora en Equipo publicamos toda la informaci\u00f3n de Sonora, M\u00e9xico y el Mundo de manera oportuna y busca que la libertad de expresi\u00f3n sea real. Visita nuestro medio informativo publicado desde Hermosillo, Sonora. %\",\"breadcrumb\":{\"@id\":\"https:\/\/www.sonoraenequipo.com.mx\/amplia-radio-sonora-cobertura-con-dos-nuevas-frecuencias\/#breadcrumb\"},\"inLanguage\":\"es\",\"potentialAction\":[{\"@type\":\"ReadAction\",\"target\":[\"https:\/\/www.sonoraenequipo.com.mx\/amplia-radio-sonora-cobertura-con-dos-nuevas-frecuencias\/\"]}]},{\"@type\":\"ImageObject\",\"inLanguage\":\"es\",\"@id\":\"https:\/\/www.sonoraenequipo.com.mx\/amplia-radio-sonora-cobertura-con-dos-nuevas-frecuencias\/#primaryimage\",\"url\":\"https:\/\/www.sonoraenequipo.com.mx\/storage\/2021\/09\/radio-sonora-amplia-senal_opt.jpg\",\"contentUrl\":\"https:\/\/www.sonoraenequipo.com.mx\/storage\/2021\/09\/radio-sonora-amplia-senal_opt.jpg\",\"width\":700,\"height\":400},{\"@type\":\"BreadcrumbList\",\"@id\":\"https:\/\/www.sonoraenequipo.com.mx\/amplia-radio-sonora-cobertura-con-dos-nuevas-frecuencias\/#breadcrumb\",\"itemListElement\":[{\"@type\":\"ListItem\",\"position\":1,\"name\":\"Portada\",\"item\":\"https:\/\/www.sonoraenequipo.com.mx\/\"},{\"@type\":\"ListItem\",\"position\":2,\"name\":\"Ampl\u00eda Radio Sonora cobertura con dos nuevas frecuencias\"}]},{\"@type\":\"WebSite\",\"@id\":\"https:\/\/www.sonoraenequipo.com.mx\/#website\",\"url\":\"https:\/\/www.sonoraenequipo.com.mx\/\",\"name\":\"Sonora en Equipo.\",\"description\":\"Diario en l\u00ednea con Noticias desde Hermosillo, Sonora\",\"publisher\":{\"@id\":\"https:\/\/www.sonoraenequipo.com.mx\/#organization\"},\"potentialAction\":[{\"@type\":\"SearchAction\",\"target\":{\"@type\":\"EntryPoint\",\"urlTemplate\":\"https:\/\/www.sonoraenequipo.com.mx\/?s={search_term_string}\"},\"query-input\":{\"@type\":\"PropertyValueSpecification\",\"valueRequired\":true,\"valueName\":\"search_term_string\"}}],\"inLanguage\":\"es\"},{\"@type\":\"Organization\",\"@id\":\"https:\/\/www.sonoraenequipo.com.mx\/#organization\",\"name\":\"Sonoraenequipo.com.mx\",\"url\":\"https:\/\/www.sonoraenequipo.com.mx\/\",\"logo\":{\"@type\":\"ImageObject\",\"inLanguage\":\"es\",\"@id\":\"https:\/\/www.sonoraenequipo.com.mx\/#\/schema\/logo\/image\/\",\"url\":\"https:\/\/www.sonoraenequipo.com.mx\/storage\/2019\/01\/sonoraenequipo_opt.png\",\"contentUrl\":\"https:\/\/www.sonoraenequipo.com.mx\/storage\/2019\/01\/sonoraenequipo_opt.png\",\"width\":375,\"height\":125,\"caption\":\"Sonoraenequipo.com.mx\"},\"image\":{\"@id\":\"https:\/\/www.sonoraenequipo.com.mx\/#\/schema\/logo\/image\/\"},\"sameAs\":[\"https:\/\/www.facebook.com\/SonoraEE\/\",\"https:\/\/x.com\/sonoraenequipo\",\"https:\/\/www.youtube.com\/channel\/UC338nW-lPEYmJQs4ZABQ1SQ\"]},{\"@type\":\"Person\",\"@id\":\"https:\/\/www.sonoraenequipo.com.mx\/#\/schema\/person\/50102df0fb23a8fa9e8effad8fa81386\",\"name\":\"enequipo\",\"image\":{\"@type\":\"ImageObject\",\"inLanguage\":\"es\",\"@id\":\"https:\/\/www.sonoraenequipo.com.mx\/#\/schema\/person\/image\/\",\"url\":\"https:\/\/secure.gravatar.com\/avatar\/049821681b589dabc0bc20695993ccebb09f5b5d4d790cd9251b97faac7c652b?s=96&d=blank&r=g\",\"contentUrl\":\"https:\/\/secure.gravatar.com\/avatar\/049821681b589dabc0bc20695993ccebb09f5b5d4d790cd9251b97faac7c652b?s=96&d=blank&r=g\",\"caption\":\"enequipo\"},\"sameAs\":[\"https:\/\/www.facebook.com\/SonoraEE\"]}]}<\/script>\n ","yoast_head_json":{"title":"Sonora en Equipo. Ampl\u00eda Radio Sonora cobertura con dos nuevas frecuencias Sonora","description":"SAN JAVIER, SONORA. MX. \u2014\u00a0 Bacerac y San Javier cuentan ya con la se\u00f1al de Radio Sonora, al activarse las frecuencias 104.5 y 99.7 respectivamente, con lo En Sonora en Equipo publicamos toda la informaci\u00f3n de Sonora, M\u00e9xico y el Mundo de manera oportuna y busca que la libertad de expresi\u00f3n sea real. Visita nuestro medio informativo publicado desde Hermosillo, Sonora. %","robots":{"index":"index","follow":"follow","max-snippet":"max-snippet:-1","max-image-preview":"max-image-preview:large","max-video-preview":"max-video-preview:-1"},"canonical":"https:\/\/www.sonoraenequipo.com.mx\/amplia-radio-sonora-cobertura-con-dos-nuevas-frecuencias\/","og_locale":"es_ES","og_type":"article","og_title":"Sonora en Equipo. Ampl\u00eda Radio Sonora cobertura con dos nuevas frecuencias Sonora","og_description":"SAN JAVIER, SONORA. MX. \u2014\u00a0 Bacerac y San Javier cuentan ya con la se\u00f1al de Radio Sonora, al activarse las frecuencias 104.5 y 99.7 respectivamente, con lo En Sonora en Equipo publicamos toda la informaci\u00f3n de Sonora, M\u00e9xico y el Mundo de manera oportuna y busca que la libertad de expresi\u00f3n sea real. Visita nuestro medio informativo publicado desde Hermosillo, Sonora. %","og_url":"https:\/\/www.sonoraenequipo.com.mx\/amplia-radio-sonora-cobertura-con-dos-nuevas-frecuencias\/","og_site_name":"Sonora en Equipo.","article_publisher":"https:\/\/www.facebook.com\/SonoraEE\/","article_author":"https:\/\/www.facebook.com\/SonoraEE","article_published_time":"2021-09-09T03:25:36+00:00","article_modified_time":"2021-09-09T06:35:05+00:00","og_image":[{"width":700,"height":400,"url":"https:\/\/www.sonoraenequipo.com.mx\/storage\/2021\/09\/radio-sonora-amplia-senal_opt.jpg","type":"image\/jpeg"}],"author":"enequipo","twitter_card":"summary_large_image","twitter_creator":"@sonoraenequipo","twitter_site":"@sonoraenequipo","twitter_misc":{"Escrito por":"enequipo","Tiempo de lectura":"2 minutos"},"schema":{"@context":"https:\/\/schema.org","@graph":[{"@type":"Article","@id":"https:\/\/www.sonoraenequipo.com.mx\/amplia-radio-sonora-cobertura-con-dos-nuevas-frecuencias\/#article","isPartOf":{"@id":"https:\/\/www.sonoraenequipo.com.mx\/amplia-radio-sonora-cobertura-con-dos-nuevas-frecuencias\/"},"author":{"name":"enequipo","@id":"https:\/\/www.sonoraenequipo.com.mx\/#\/schema\/person\/50102df0fb23a8fa9e8effad8fa81386"},"headline":"Ampl\u00eda Radio Sonora cobertura con dos nuevas frecuencias","datePublished":"2021-09-09T03:25:36+00:00","dateModified":"2021-09-09T06:35:05+00:00","mainEntityOfPage":{"@id":"https:\/\/www.sonoraenequipo.com.mx\/amplia-radio-sonora-cobertura-con-dos-nuevas-frecuencias\/"},"wordCount":412,"commentCount":0,"publisher":{"@id":"https:\/\/www.sonoraenequipo.com.mx\/#organization"},"image":{"@id":"https:\/\/www.sonoraenequipo.com.mx\/amplia-radio-sonora-cobertura-con-dos-nuevas-frecuencias\/#primaryimage"},"thumbnailUrl":"https:\/\/www.sonoraenequipo.com.mx\/storage\/2021\/09\/radio-sonora-amplia-senal_opt.jpg","articleSection":["Sonora"],"inLanguage":"es","potentialAction":[{"@type":"CommentAction","name":"Comment","target":["https:\/\/www.sonoraenequipo.com.mx\/amplia-radio-sonora-cobertura-con-dos-nuevas-frecuencias\/#respond"]}]},{"@type":"WebPage","@id":"https:\/\/www.sonoraenequipo.com.mx\/amplia-radio-sonora-cobertura-con-dos-nuevas-frecuencias\/","url":"https:\/\/www.sonoraenequipo.com.mx\/amplia-radio-sonora-cobertura-con-dos-nuevas-frecuencias\/","name":"Sonora en Equipo. Ampl\u00eda Radio Sonora cobertura con dos nuevas frecuencias Sonora","isPartOf":{"@id":"https:\/\/www.sonoraenequipo.com.mx\/#website"},"primaryImageOfPage":{"@id":"https:\/\/www.sonoraenequipo.com.mx\/amplia-radio-sonora-cobertura-con-dos-nuevas-frecuencias\/#primaryimage"},"image":{"@id":"https:\/\/www.sonoraenequipo.com.mx\/amplia-radio-sonora-cobertura-con-dos-nuevas-frecuencias\/#primaryimage"},"thumbnailUrl":"https:\/\/www.sonoraenequipo.com.mx\/storage\/2021\/09\/radio-sonora-amplia-senal_opt.jpg","datePublished":"2021-09-09T03:25:36+00:00","dateModified":"2021-09-09T06:35:05+00:00","description":"SAN JAVIER, SONORA. MX. \u2014\u00a0 Bacerac y San Javier cuentan ya con la se\u00f1al de Radio Sonora, al activarse las frecuencias 104.5 y 99.7 respectivamente, con lo En Sonora en Equipo publicamos toda la informaci\u00f3n de Sonora, M\u00e9xico y el Mundo de manera oportuna y busca que la libertad de expresi\u00f3n sea real. Visita nuestro medio informativo publicado desde Hermosillo, Sonora. %","breadcrumb":{"@id":"https:\/\/www.sonoraenequipo.com.mx\/amplia-radio-sonora-cobertura-con-dos-nuevas-frecuencias\/#breadcrumb"},"inLanguage":"es","potentialAction":[{"@type":"ReadAction","target":["https:\/\/www.sonoraenequipo.com.mx\/amplia-radio-sonora-cobertura-con-dos-nuevas-frecuencias\/"]}]},{"@type":"ImageObject","inLanguage":"es","@id":"https:\/\/www.sonoraenequipo.com.mx\/amplia-radio-sonora-cobertura-con-dos-nuevas-frecuencias\/#primaryimage","url":"https:\/\/www.sonoraenequipo.com.mx\/storage\/2021\/09\/radio-sonora-amplia-senal_opt.jpg","contentUrl":"https:\/\/www.sonoraenequipo.com.mx\/storage\/2021\/09\/radio-sonora-amplia-senal_opt.jpg","width":700,"height":400},{"@type":"BreadcrumbList","@id":"https:\/\/www.sonoraenequipo.com.mx\/amplia-radio-sonora-cobertura-con-dos-nuevas-frecuencias\/#breadcrumb","itemListElement":[{"@type":"ListItem","position":1,"name":"Portada","item":"https:\/\/www.sonoraenequipo.com.mx\/"},{"@type":"ListItem","position":2,"name":"Ampl\u00eda Radio Sonora cobertura con dos nuevas frecuencias"}]},{"@type":"WebSite","@id":"https:\/\/www.sonoraenequipo.com.mx\/#website","url":"https:\/\/www.sonoraenequipo.com.mx\/","name":"Sonora en Equipo.","description":"Diario en l\u00ednea con Noticias desde Hermosillo, Sonora","publisher":{"@id":"https:\/\/www.sonoraenequipo.com.mx\/#organization"},"potentialAction":[{"@type":"SearchAction","target":{"@type":"EntryPoint","urlTemplate":"https:\/\/www.sonoraenequipo.com.mx\/?s={search_term_string}"},"query-input":{"@type":"PropertyValueSpecification","valueRequired":true,"valueName":"search_term_string"}}],"inLanguage":"es"},{"@type":"Organization","@id":"https:\/\/www.sonoraenequipo.com.mx\/#organization","name":"Sonoraenequipo.com.mx","url":"https:\/\/www.sonoraenequipo.com.mx\/","logo":{"@type":"ImageObject","inLanguage":"es","@id":"https:\/\/www.sonoraenequipo.com.mx\/#\/schema\/logo\/image\/","url":"https:\/\/www.sonoraenequipo.com.mx\/storage\/2019\/01\/sonoraenequipo_opt.png","contentUrl":"https:\/\/www.sonoraenequipo.com.mx\/storage\/2019\/01\/sonoraenequipo_opt.png","width":375,"height":125,"caption":"Sonoraenequipo.com.mx"},"image":{"@id":"https:\/\/www.sonoraenequipo.com.mx\/#\/schema\/logo\/image\/"},"sameAs":["https:\/\/www.facebook.com\/SonoraEE\/","https:\/\/x.com\/sonoraenequipo","https:\/\/www.youtube.com\/channel\/UC338nW-lPEYmJQs4ZABQ1SQ"]},{"@type":"Person","@id":"https:\/\/www.sonoraenequipo.com.mx\/#\/schema\/person\/50102df0fb23a8fa9e8effad8fa81386","name":"enequipo","image":{"@type":"ImageObject","inLanguage":"es","@id":"https:\/\/www.sonoraenequipo.com.mx\/#\/schema\/person\/image\/","url":"https:\/\/secure.gravatar.com\/avatar\/049821681b589dabc0bc20695993ccebb09f5b5d4d790cd9251b97faac7c652b?s=96&d=blank&r=g","contentUrl":"https:\/\/secure.gravatar.com\/avatar\/049821681b589dabc0bc20695993ccebb09f5b5d4d790cd9251b97faac7c652b?s=96&d=blank&r=g","caption":"enequipo"},"sameAs":["https:\/\/www.facebook.com\/SonoraEE"]}]}},"jetpack_featured_media_url":"https:\/\/www.sonoraenequipo.com.mx\/storage\/2021\/09\/radio-sonora-amplia-senal_opt.jpg","_links":{"self":[{"href":"https:\/\/www.sonoraenequipo.com.mx\/api\/wp\/v2\/posts\/122463","targetHints":{"allow":["GET"]}}],"collection":[{"href":"https:\/\/www.sonoraenequipo.com.mx\/api\/wp\/v2\/posts"}],"about":[{"href":"https:\/\/www.sonoraenequipo.com.mx\/api\/wp\/v2\/types\/post"}],"author":[{"embeddable":true,"href":"https:\/\/www.sonoraenequipo.com.mx\/api\/wp\/v2\/users\/1"}],"replies":[{"embeddable":true,"href":"https:\/\/www.sonoraenequipo.com.mx\/api\/wp\/v2\/comments?post=122463"}],"version-history":[{"count":1,"href":"https:\/\/www.sonoraenequipo.com.mx\/api\/wp\/v2\/posts\/122463\/revisions"}],"predecessor-version":[{"id":122465,"href":"https:\/\/www.sonoraenequipo.com.mx\/api\/wp\/v2\/posts\/122463\/revisions\/122465"}],"wp:featuredmedia":[{"embeddable":true,"href":"https:\/\/www.sonoraenequipo.com.mx\/api\/wp\/v2\/media\/122464"}],"wp:attachment":[{"href":"https:\/\/www.sonoraenequipo.com.mx\/api\/wp\/v2\/media?parent=122463"}],"wp:term":[{"taxonomy":"category","embeddable":true,"href":"https:\/\/www.sonoraenequipo.com.mx\/api\/wp\/v2\/categories?post=122463"},{"taxonomy":"post_tag","embeddable":true,"href":"https:\/\/www.sonoraenequipo.com.mx\/api\/wp\/v2\/tags?post=122463"}],"curies":[{"name":"wp","href":"https:\/\/api.w.org\/{rel}","templated":true}]}}