{"id":122840,"date":"2021-09-13T23:39:23","date_gmt":"2021-09-14T06:39:23","guid":{"rendered":"https:\/\/www.sonoraenequipo.com.mx\/?p=122840"},"modified":"2021-09-14T08:55:08","modified_gmt":"2021-09-14T15:55:08","slug":"con-la-creacion-de-la-secretaria-del-agua-vamos-por-una-revolucion-en-el-manejo-hidrico-gonzalo-yanez","status":"publish","type":"post","link":"https:\/\/www.sonoraenequipo.com.mx\/con-la-creacion-de-la-secretaria-del-agua-vamos-por-una-revolucion-en-el-manejo-hidrico-gonzalo-yanez\/","title":{"rendered":"Con la creaci\u00f3n de la Secretar\u00eda del Agua, vamos por una revoluci\u00f3n en el manejo h\u00eddrico: Gonzalo Y\u00e1\u00f1ez"},"content":{"rendered":"<p><strong>Conferencia de prensa ofrecida por el senador Gonzalo Y\u00e1\u00f1ez, del Grupo Parlamentario del PT, para referirse a una iniciativa para crear la Secretar\u00eda del Agua.<\/strong><\/p>\n<p>&nbsp;<\/p>\n<p> <\/p>\n<p>&nbsp;<\/p>\n<p><strong>Sen. Gonzalo Y\u00e1\u00f1ez (GY):<\/strong> Buenos d\u00edas, saludo con aprecio a todas y todos los compa\u00f1eros periodistas, de los diferentes medios de comunicaci\u00f3n.<\/p>\n<p>&nbsp;<\/p>\n<p>El objetivo de esta rueda de prensa es informarles que estamos presentando ante el Pleno de la C\u00e1mara de Senadores, una iniciativa de reforma legal, con el prop\u00f3sito de crear la Secretar\u00eda del Agua.<\/p>\n<p>Es decir, propongo convertir a la Comisi\u00f3n Nacional del Agua (Conagua) en la Secretar\u00eda del Agua; desde ahora lo quiero dejar muy claro, no se trata de engordar la burocracia, ni mucho menos incrementar el presupuesto de gasto administrativo.<\/p>\n<p>Lo que queremos es empoderar al \u00f3rgano regulador del agua en este pa\u00eds para otorgarle m\u00e1s atribuciones, facultades y competencias; darle dientes al \u00f3rgano responsable del manejo del agua en nuestro pa\u00eds.<\/p>\n<p>&nbsp;<\/p>\n<p>En M\u00e9xico vivimos un dilema extra\u00f1o, cuando no llueve hay sequ\u00eda y nos va mal, y cuando llueve hay inundaciones y nos va peor.<\/p>\n<p>&nbsp;<\/p>\n<p>La clave en la respuesta es: crear infraestructura hidr\u00e1ulica suficiente, ah\u00ed s\u00ed, es donde estamos enfocando nuestras bater\u00edas, en que la nueva Secretar\u00eda del Agua se dedique a multiplicar en todas las latitudes de nuestro pa\u00eds la infraestructura hidr\u00e1ulica.<\/p>\n<p>&nbsp;<\/p>\n<p>Es necesario se\u00f1alar que el agua es el oro del presente en el futuro, es el oro azul.<\/p>\n<p>&nbsp;<\/p>\n<p>El nacimiento del capitalismo fue a trav\u00e9s del hallazgo y la utilizaci\u00f3n del oro amarillo; el florecimiento de las econom\u00edas modernas a trav\u00e9s de la utilizaci\u00f3n del oro negro, el petr\u00f3leo.<\/p>\n<p>&nbsp;<\/p>\n<p>Pero el presente y el futuro va a ser del oro azul, el agua. El agua es la clave, quien tenga el agua va a tener la vida, quien tenga la riqueza del agua va a tener la riqueza del planeta, es muy relevante, es de la mayor trascendencia que M\u00e9xico arribe con toda fuerza a la disputa y gobierno del agua.<\/p>\n<p>&nbsp;<\/p>\n<p>Actualmente se est\u00e1 impulsando en la Laguna el principal proyecto h\u00eddrico del sexenio, el Proyecto de Agua Saludable de la Laguna, la inversi\u00f3n es de 10 mil millones de pesos, va otorgar agua saludable para los laguneros tanto de la comarca duranguense como la coahuilense, va a generar el renacimiento de agricultura, de la producci\u00f3n fruticultura, obviamente de la ganader\u00eda y de la miner\u00eda.<\/p>\n<p>&nbsp;<\/p>\n<p>Esta regi\u00f3n se va a convertir en una potencia econ\u00f3mica nacional.<\/p>\n<p>&nbsp;<\/p>\n<p>Es necesario extender este proyecto en todo el pa\u00eds, es por eso que tambi\u00e9n estamos proponiendo y apoyando la construcci\u00f3n del la Presa Tunal II para la capital de Durango.<\/p>\n<p>&nbsp;<\/p>\n<p>En ese tenor es que les expresamos a ustedes que la trascendencia de esta iniciativa es vital para nuestro pa\u00eds.<\/p>\n<p>&nbsp;<\/p>\n<h3>Sesi\u00f3n de preguntas y respuestas:<\/h3>\n<p>&nbsp;<\/p>\n<p><strong>Pregunta (P):<\/strong> <strong>Buenos d\u00edas senador, usted dice que no va a crear m\u00e1s burocracia ni va a representar un gasto adicional \u00bfc\u00f3mo ser\u00eda entonces este paso de una comisi\u00f3n a una Secretar\u00eda de Estado:<\/strong><\/p>\n<p>&nbsp;<\/p>\n<p><strong>GY:<\/strong><em>Bien, muchas gracias Andrea por este cuestionamiento.<\/em><\/p>\n<p>&nbsp;<\/p>\n<p><em>Lo que queremos es elevar de rango, de Comisi\u00f3n a Secretar\u00eda, le damos m\u00e1s atribuciones y facultades, pero es muy necesario se\u00f1alar que es dentro del marco de la austeridad republicana y es dentro de la lucha contra la corrupci\u00f3n.<\/em><\/p>\n<p>&nbsp;<\/p>\n<p><em>Al darle m\u00e1s atribuciones, nos permite garantizar que se instrumentalice el acceso al agua como derecho humano.<\/em><\/p>\n<p>&nbsp;<\/p>\n<p><em>Actualmente el Proyecto de Agua Saludable de la Laguna est\u00e1 siendo torpedeado con amparos interpuestos en el Poder Judicial, y est\u00e1 suspendido.<\/em><\/p>\n<p>&nbsp;<\/p>\n<p><em>El Presidente de la Rep\u00fablica va a la Laguna el 3 de octubre a darle para adelante a la obra o si no se han suspendido los amparos, dif\u00edcilmente se podr\u00e1 impulsar la mega obra h\u00eddrica del sexenio.<\/em><\/p>\n<p>&nbsp;<\/p>\n<p><em>Por eso, si logramos que el acceso al agua sea derecho humano, tambi\u00e9n necesitamos que haya una Secretar\u00eda del Agua para que pueda instrumentar todo esto.<\/em><\/p>\n<p>&nbsp;<\/p>\n<p>&nbsp;<\/p>\n<p><strong>P: \u00bfSin ning\u00fan gasto extra? \u00bfSin m\u00e1s personal?<\/strong><\/p>\n<p>&nbsp;<\/p>\n<p><strong>GY:<\/strong><em> Ser\u00eda el mismo presupuesto para gasto administrativo, no habr\u00eda ampliaci\u00f3n del personal administrativo.<\/em><\/p>\n<p>&nbsp;<\/p>\n<p><em>S\u00ed se requiere mayor inversi\u00f3n en obra hidr\u00e1ulica, pero eso ya est\u00e1 en otro rubro.<\/em><\/p>\n<p>&nbsp;<\/p>\n<p><em>Lo que queremos aqu\u00ed dejar claro es que no estamos proponiendo m\u00e1s burocracia, sino m\u00e1s democracia, en este caso de acceso al agua. Y s\u00ed se puede con el mismo presupuesto de gasto administrativo, lo que si faltara es presupuesto para obra hidr\u00e1ulica.<\/em><\/p>\n<p>&nbsp;<\/p>\n<p>&nbsp;<\/p>\n<p><strong>P: \u00bfCon ese rango ya de Secretar\u00eda podr\u00eda entonces evitar que contin\u00fae la privatizaci\u00f3n del l\u00edquido, que inici\u00f3 en otros sexenios?<\/strong><\/p>\n<p>&nbsp;<\/p>\n<p><strong>GY:<\/strong> <em>Necesitamos detener tajantemente la privatizaci\u00f3n abierta e encubierta del agua nacional.<\/em><\/p>\n<p>&nbsp;<\/p>\n<p><em>En este pa\u00eds hemos hablado constantemente de la privatizaci\u00f3n de Pemex, de CFE, de otros rubros de la econom\u00eda nacional, pero de la privatizaci\u00f3n del agua casi no hemos hablado y pr\u00e1cticamente est\u00e1 privatizada.<\/em><\/p>\n<p>&nbsp;<\/p>\n<p><em>Entonces lo que necesitamos es detener tajantemente la privatizaci\u00f3n del agua y democratiza el acceso al agua.<\/em><\/p>\n<p>&nbsp;<\/p>\n<p><em>Y s\u00ed, vamos por una revoluci\u00f3n en el manejo h\u00eddrico en nuestro pa\u00eds.<\/em><\/p>\n<p>&nbsp;<\/p>\n<p>&nbsp;<\/p>\n<p><em>Muchas gracias, muy amables.<\/em><\/p>\n<p>&nbsp;<\/p>\n<p>&nbsp;<\/p>\n<p>&nbsp;<\/p>\n<p>(Publicada el 13\/09\/2021 \/ Texto y Foto: Grupo Parlamentario del PT en el Senado de la Rep\u00fablica)<\/p>\n","protected":false},"excerpt":{"rendered":"<p>Conferencia de prensa ofrecida por el senador Gonzalo Y\u00e1\u00f1ez, del Grupo Parlamentario del PT, para&#8230;<\/p>\n","protected":false},"author":1,"featured_media":122841,"comment_status":"open","ping_status":"open","sticky":false,"template":"","format":"standard","meta":{"_monsterinsights_skip_tracking":false,"_monsterinsights_sitenote_active":false,"_monsterinsights_sitenote_note":"","_monsterinsights_sitenote_category":0,"footnotes":""},"categories":[5],"tags":[],"class_list":["post"],"yoast_head":" \n<title>Sonora en Equipo. Con la creaci\u00f3n de la Secretar\u00eda del Agua, vamos por una revoluci\u00f3n en el manejo h\u00eddrico: Gonzalo Y\u00e1\u00f1ez Rep\u00fablica<\/title>\n<meta name=\"description\" content=\"Conferencia de prensa ofrecida por el senador Gonzalo Y\u00e1\u00f1ez, del Grupo Parlamentario del PT, para referirse a una iniciativa para crear la Secretar\u00eda del En Sonora en Equipo publicamos toda la informaci\u00f3n de Sonora, M\u00e9xico y el Mundo de manera oportuna y busca que la libertad de expresi\u00f3n sea real. Visita nuestro medio informativo publicado desde Hermosillo, Sonora. %\" \/>\n<meta name=\"robots\" content=\"index, follow, max-snippet:-1, max-image-preview:large, max-video-preview:-1\" \/>\n<link rel=\"canonical\" href=\"https:\/\/www.sonoraenequipo.com.mx\/con-la-creacion-de-la-secretaria-del-agua-vamos-por-una-revolucion-en-el-manejo-hidrico-gonzalo-yanez\/\" \/>\n<meta property=\"og:locale\" content=\"es_ES\" \/>\n<meta property=\"og:type\" content=\"article\" \/>\n<meta property=\"og:title\" content=\"Sonora en Equipo. Con la creaci\u00f3n de la Secretar\u00eda del Agua, vamos por una revoluci\u00f3n en el manejo h\u00eddrico: Gonzalo Y\u00e1\u00f1ez Rep\u00fablica\" \/>\n<meta property=\"og:description\" content=\"Conferencia de prensa ofrecida por el senador Gonzalo Y\u00e1\u00f1ez, del Grupo Parlamentario del PT, para referirse a una iniciativa para crear la Secretar\u00eda del En Sonora en Equipo publicamos toda la informaci\u00f3n de Sonora, M\u00e9xico y el Mundo de manera oportuna y busca que la libertad de expresi\u00f3n sea real. Visita nuestro medio informativo publicado desde Hermosillo, Sonora. %\" \/>\n<meta property=\"og:url\" content=\"https:\/\/www.sonoraenequipo.com.mx\/con-la-creacion-de-la-secretaria-del-agua-vamos-por-una-revolucion-en-el-manejo-hidrico-gonzalo-yanez\/\" \/>\n<meta property=\"og:site_name\" content=\"Sonora en Equipo.\" \/>\n<meta property=\"article:publisher\" content=\"https:\/\/www.facebook.com\/SonoraEE\/\" \/>\n<meta property=\"article:author\" content=\"https:\/\/www.facebook.com\/SonoraEE\" \/>\n<meta property=\"article:published_time\" content=\"2021-09-14T06:39:23+00:00\" \/>\n<meta property=\"article:modified_time\" content=\"2021-09-14T15:55:08+00:00\" \/>\n<meta property=\"og:image\" content=\"https:\/\/www.sonoraenequipo.com.mx\/storage\/2021\/09\/Alejandro-Gozalez-Yanez_opt.jpg\" \/>\n\t<meta property=\"og:image:width\" content=\"700\" \/>\n\t<meta property=\"og:image:height\" content=\"400\" \/>\n\t<meta property=\"og:image:type\" content=\"image\/jpeg\" \/>\n<meta name=\"author\" content=\"enequipo\" \/>\n<meta name=\"twitter:card\" content=\"summary_large_image\" \/>\n<meta name=\"twitter:creator\" content=\"@sonoraenequipo\" \/>\n<meta name=\"twitter:site\" content=\"@sonoraenequipo\" \/>\n<meta name=\"twitter:label1\" content=\"Escrito por\" \/>\n\t<meta name=\"twitter:data1\" content=\"enequipo\" \/>\n\t<meta name=\"twitter:label2\" content=\"Tiempo de lectura\" \/>\n\t<meta name=\"twitter:data2\" content=\"4 minutos\" \/>\n<script type=\"application\/ld+json\" class=\"yoast-schema-graph\">{\"@context\":\"https:\/\/schema.org\",\"@graph\":[{\"@type\":\"Article\",\"@id\":\"https:\/\/www.sonoraenequipo.com.mx\/con-la-creacion-de-la-secretaria-del-agua-vamos-por-una-revolucion-en-el-manejo-hidrico-gonzalo-yanez\/#article\",\"isPartOf\":{\"@id\":\"https:\/\/www.sonoraenequipo.com.mx\/con-la-creacion-de-la-secretaria-del-agua-vamos-por-una-revolucion-en-el-manejo-hidrico-gonzalo-yanez\/\"},\"author\":{\"name\":\"enequipo\",\"@id\":\"https:\/\/www.sonoraenequipo.com.mx\/#\/schema\/person\/50102df0fb23a8fa9e8effad8fa81386\"},\"headline\":\"Con la creaci\u00f3n de la Secretar\u00eda del Agua, vamos por una revoluci\u00f3n en el manejo h\u00eddrico: Gonzalo Y\u00e1\u00f1ez\",\"datePublished\":\"2021-09-14T06:39:23+00:00\",\"dateModified\":\"2021-09-14T15:55:08+00:00\",\"mainEntityOfPage\":{\"@id\":\"https:\/\/www.sonoraenequipo.com.mx\/con-la-creacion-de-la-secretaria-del-agua-vamos-por-una-revolucion-en-el-manejo-hidrico-gonzalo-yanez\/\"},\"wordCount\":979,\"commentCount\":0,\"publisher\":{\"@id\":\"https:\/\/www.sonoraenequipo.com.mx\/#organization\"},\"image\":{\"@id\":\"https:\/\/www.sonoraenequipo.com.mx\/con-la-creacion-de-la-secretaria-del-agua-vamos-por-una-revolucion-en-el-manejo-hidrico-gonzalo-yanez\/#primaryimage\"},\"thumbnailUrl\":\"https:\/\/www.sonoraenequipo.com.mx\/storage\/2021\/09\/Alejandro-Gozalez-Yanez_opt.jpg\",\"articleSection\":[\"Rep\u00fablica\"],\"inLanguage\":\"es\",\"potentialAction\":[{\"@type\":\"CommentAction\",\"name\":\"Comment\",\"target\":[\"https:\/\/www.sonoraenequipo.com.mx\/con-la-creacion-de-la-secretaria-del-agua-vamos-por-una-revolucion-en-el-manejo-hidrico-gonzalo-yanez\/#respond\"]}]},{\"@type\":\"WebPage\",\"@id\":\"https:\/\/www.sonoraenequipo.com.mx\/con-la-creacion-de-la-secretaria-del-agua-vamos-por-una-revolucion-en-el-manejo-hidrico-gonzalo-yanez\/\",\"url\":\"https:\/\/www.sonoraenequipo.com.mx\/con-la-creacion-de-la-secretaria-del-agua-vamos-por-una-revolucion-en-el-manejo-hidrico-gonzalo-yanez\/\",\"name\":\"Sonora en Equipo. Con la creaci\u00f3n de la Secretar\u00eda del Agua, vamos por una revoluci\u00f3n en el manejo h\u00eddrico: Gonzalo Y\u00e1\u00f1ez Rep\u00fablica\",\"isPartOf\":{\"@id\":\"https:\/\/www.sonoraenequipo.com.mx\/#website\"},\"primaryImageOfPage\":{\"@id\":\"https:\/\/www.sonoraenequipo.com.mx\/con-la-creacion-de-la-secretaria-del-agua-vamos-por-una-revolucion-en-el-manejo-hidrico-gonzalo-yanez\/#primaryimage\"},\"image\":{\"@id\":\"https:\/\/www.sonoraenequipo.com.mx\/con-la-creacion-de-la-secretaria-del-agua-vamos-por-una-revolucion-en-el-manejo-hidrico-gonzalo-yanez\/#primaryimage\"},\"thumbnailUrl\":\"https:\/\/www.sonoraenequipo.com.mx\/storage\/2021\/09\/Alejandro-Gozalez-Yanez_opt.jpg\",\"datePublished\":\"2021-09-14T06:39:23+00:00\",\"dateModified\":\"2021-09-14T15:55:08+00:00\",\"description\":\"Conferencia de prensa ofrecida por el senador Gonzalo Y\u00e1\u00f1ez, del Grupo Parlamentario del PT, para referirse a una iniciativa para crear la Secretar\u00eda del En Sonora en Equipo publicamos toda la informaci\u00f3n de Sonora, M\u00e9xico y el Mundo de manera oportuna y busca que la libertad de expresi\u00f3n sea real. Visita nuestro medio informativo publicado desde Hermosillo, Sonora. %\",\"breadcrumb\":{\"@id\":\"https:\/\/www.sonoraenequipo.com.mx\/con-la-creacion-de-la-secretaria-del-agua-vamos-por-una-revolucion-en-el-manejo-hidrico-gonzalo-yanez\/#breadcrumb\"},\"inLanguage\":\"es\",\"potentialAction\":[{\"@type\":\"ReadAction\",\"target\":[\"https:\/\/www.sonoraenequipo.com.mx\/con-la-creacion-de-la-secretaria-del-agua-vamos-por-una-revolucion-en-el-manejo-hidrico-gonzalo-yanez\/\"]}]},{\"@type\":\"ImageObject\",\"inLanguage\":\"es\",\"@id\":\"https:\/\/www.sonoraenequipo.com.mx\/con-la-creacion-de-la-secretaria-del-agua-vamos-por-una-revolucion-en-el-manejo-hidrico-gonzalo-yanez\/#primaryimage\",\"url\":\"https:\/\/www.sonoraenequipo.com.mx\/storage\/2021\/09\/Alejandro-Gozalez-Yanez_opt.jpg\",\"contentUrl\":\"https:\/\/www.sonoraenequipo.com.mx\/storage\/2021\/09\/Alejandro-Gozalez-Yanez_opt.jpg\",\"width\":700,\"height\":400},{\"@type\":\"BreadcrumbList\",\"@id\":\"https:\/\/www.sonoraenequipo.com.mx\/con-la-creacion-de-la-secretaria-del-agua-vamos-por-una-revolucion-en-el-manejo-hidrico-gonzalo-yanez\/#breadcrumb\",\"itemListElement\":[{\"@type\":\"ListItem\",\"position\":1,\"name\":\"Portada\",\"item\":\"https:\/\/www.sonoraenequipo.com.mx\/\"},{\"@type\":\"ListItem\",\"position\":2,\"name\":\"Con la creaci\u00f3n de la Secretar\u00eda del Agua, vamos por una revoluci\u00f3n en el manejo h\u00eddrico: Gonzalo Y\u00e1\u00f1ez\"}]},{\"@type\":\"WebSite\",\"@id\":\"https:\/\/www.sonoraenequipo.com.mx\/#website\",\"url\":\"https:\/\/www.sonoraenequipo.com.mx\/\",\"name\":\"Sonora en Equipo.\",\"description\":\"Diario en l\u00ednea con Noticias desde Hermosillo, Sonora\",\"publisher\":{\"@id\":\"https:\/\/www.sonoraenequipo.com.mx\/#organization\"},\"potentialAction\":[{\"@type\":\"SearchAction\",\"target\":{\"@type\":\"EntryPoint\",\"urlTemplate\":\"https:\/\/www.sonoraenequipo.com.mx\/?s={search_term_string}\"},\"query-input\":{\"@type\":\"PropertyValueSpecification\",\"valueRequired\":true,\"valueName\":\"search_term_string\"}}],\"inLanguage\":\"es\"},{\"@type\":\"Organization\",\"@id\":\"https:\/\/www.sonoraenequipo.com.mx\/#organization\",\"name\":\"Sonoraenequipo.com.mx\",\"url\":\"https:\/\/www.sonoraenequipo.com.mx\/\",\"logo\":{\"@type\":\"ImageObject\",\"inLanguage\":\"es\",\"@id\":\"https:\/\/www.sonoraenequipo.com.mx\/#\/schema\/logo\/image\/\",\"url\":\"https:\/\/www.sonoraenequipo.com.mx\/storage\/2019\/01\/sonoraenequipo_opt.png\",\"contentUrl\":\"https:\/\/www.sonoraenequipo.com.mx\/storage\/2019\/01\/sonoraenequipo_opt.png\",\"width\":375,\"height\":125,\"caption\":\"Sonoraenequipo.com.mx\"},\"image\":{\"@id\":\"https:\/\/www.sonoraenequipo.com.mx\/#\/schema\/logo\/image\/\"},\"sameAs\":[\"https:\/\/www.facebook.com\/SonoraEE\/\",\"https:\/\/x.com\/sonoraenequipo\",\"https:\/\/www.youtube.com\/channel\/UC338nW-lPEYmJQs4ZABQ1SQ\"]},{\"@type\":\"Person\",\"@id\":\"https:\/\/www.sonoraenequipo.com.mx\/#\/schema\/person\/50102df0fb23a8fa9e8effad8fa81386\",\"name\":\"enequipo\",\"image\":{\"@type\":\"ImageObject\",\"inLanguage\":\"es\",\"@id\":\"https:\/\/www.sonoraenequipo.com.mx\/#\/schema\/person\/image\/\",\"url\":\"https:\/\/secure.gravatar.com\/avatar\/049821681b589dabc0bc20695993ccebb09f5b5d4d790cd9251b97faac7c652b?s=96&d=blank&r=g\",\"contentUrl\":\"https:\/\/secure.gravatar.com\/avatar\/049821681b589dabc0bc20695993ccebb09f5b5d4d790cd9251b97faac7c652b?s=96&d=blank&r=g\",\"caption\":\"enequipo\"},\"sameAs\":[\"https:\/\/www.facebook.com\/SonoraEE\"]}]}<\/script>\n ","yoast_head_json":{"title":"Sonora en Equipo. Con la creaci\u00f3n de la Secretar\u00eda del Agua, vamos por una revoluci\u00f3n en el manejo h\u00eddrico: Gonzalo Y\u00e1\u00f1ez Rep\u00fablica","description":"Conferencia de prensa ofrecida por el senador Gonzalo Y\u00e1\u00f1ez, del Grupo Parlamentario del PT, para referirse a una iniciativa para crear la Secretar\u00eda del En Sonora en Equipo publicamos toda la informaci\u00f3n de Sonora, M\u00e9xico y el Mundo de manera oportuna y busca que la libertad de expresi\u00f3n sea real. Visita nuestro medio informativo publicado desde Hermosillo, Sonora. %","robots":{"index":"index","follow":"follow","max-snippet":"max-snippet:-1","max-image-preview":"max-image-preview:large","max-video-preview":"max-video-preview:-1"},"canonical":"https:\/\/www.sonoraenequipo.com.mx\/con-la-creacion-de-la-secretaria-del-agua-vamos-por-una-revolucion-en-el-manejo-hidrico-gonzalo-yanez\/","og_locale":"es_ES","og_type":"article","og_title":"Sonora en Equipo. Con la creaci\u00f3n de la Secretar\u00eda del Agua, vamos por una revoluci\u00f3n en el manejo h\u00eddrico: Gonzalo Y\u00e1\u00f1ez Rep\u00fablica","og_description":"Conferencia de prensa ofrecida por el senador Gonzalo Y\u00e1\u00f1ez, del Grupo Parlamentario del PT, para referirse a una iniciativa para crear la Secretar\u00eda del En Sonora en Equipo publicamos toda la informaci\u00f3n de Sonora, M\u00e9xico y el Mundo de manera oportuna y busca que la libertad de expresi\u00f3n sea real. Visita nuestro medio informativo publicado desde Hermosillo, Sonora. %","og_url":"https:\/\/www.sonoraenequipo.com.mx\/con-la-creacion-de-la-secretaria-del-agua-vamos-por-una-revolucion-en-el-manejo-hidrico-gonzalo-yanez\/","og_site_name":"Sonora en Equipo.","article_publisher":"https:\/\/www.facebook.com\/SonoraEE\/","article_author":"https:\/\/www.facebook.com\/SonoraEE","article_published_time":"2021-09-14T06:39:23+00:00","article_modified_time":"2021-09-14T15:55:08+00:00","og_image":[{"width":700,"height":400,"url":"https:\/\/www.sonoraenequipo.com.mx\/storage\/2021\/09\/Alejandro-Gozalez-Yanez_opt.jpg","type":"image\/jpeg"}],"author":"enequipo","twitter_card":"summary_large_image","twitter_creator":"@sonoraenequipo","twitter_site":"@sonoraenequipo","twitter_misc":{"Escrito por":"enequipo","Tiempo de lectura":"4 minutos"},"schema":{"@context":"https:\/\/schema.org","@graph":[{"@type":"Article","@id":"https:\/\/www.sonoraenequipo.com.mx\/con-la-creacion-de-la-secretaria-del-agua-vamos-por-una-revolucion-en-el-manejo-hidrico-gonzalo-yanez\/#article","isPartOf":{"@id":"https:\/\/www.sonoraenequipo.com.mx\/con-la-creacion-de-la-secretaria-del-agua-vamos-por-una-revolucion-en-el-manejo-hidrico-gonzalo-yanez\/"},"author":{"name":"enequipo","@id":"https:\/\/www.sonoraenequipo.com.mx\/#\/schema\/person\/50102df0fb23a8fa9e8effad8fa81386"},"headline":"Con la creaci\u00f3n de la Secretar\u00eda del Agua, vamos por una revoluci\u00f3n en el manejo h\u00eddrico: Gonzalo Y\u00e1\u00f1ez","datePublished":"2021-09-14T06:39:23+00:00","dateModified":"2021-09-14T15:55:08+00:00","mainEntityOfPage":{"@id":"https:\/\/www.sonoraenequipo.com.mx\/con-la-creacion-de-la-secretaria-del-agua-vamos-por-una-revolucion-en-el-manejo-hidrico-gonzalo-yanez\/"},"wordCount":979,"commentCount":0,"publisher":{"@id":"https:\/\/www.sonoraenequipo.com.mx\/#organization"},"image":{"@id":"https:\/\/www.sonoraenequipo.com.mx\/con-la-creacion-de-la-secretaria-del-agua-vamos-por-una-revolucion-en-el-manejo-hidrico-gonzalo-yanez\/#primaryimage"},"thumbnailUrl":"https:\/\/www.sonoraenequipo.com.mx\/storage\/2021\/09\/Alejandro-Gozalez-Yanez_opt.jpg","articleSection":["Rep\u00fablica"],"inLanguage":"es","potentialAction":[{"@type":"CommentAction","name":"Comment","target":["https:\/\/www.sonoraenequipo.com.mx\/con-la-creacion-de-la-secretaria-del-agua-vamos-por-una-revolucion-en-el-manejo-hidrico-gonzalo-yanez\/#respond"]}]},{"@type":"WebPage","@id":"https:\/\/www.sonoraenequipo.com.mx\/con-la-creacion-de-la-secretaria-del-agua-vamos-por-una-revolucion-en-el-manejo-hidrico-gonzalo-yanez\/","url":"https:\/\/www.sonoraenequipo.com.mx\/con-la-creacion-de-la-secretaria-del-agua-vamos-por-una-revolucion-en-el-manejo-hidrico-gonzalo-yanez\/","name":"Sonora en Equipo. Con la creaci\u00f3n de la Secretar\u00eda del Agua, vamos por una revoluci\u00f3n en el manejo h\u00eddrico: Gonzalo Y\u00e1\u00f1ez Rep\u00fablica","isPartOf":{"@id":"https:\/\/www.sonoraenequipo.com.mx\/#website"},"primaryImageOfPage":{"@id":"https:\/\/www.sonoraenequipo.com.mx\/con-la-creacion-de-la-secretaria-del-agua-vamos-por-una-revolucion-en-el-manejo-hidrico-gonzalo-yanez\/#primaryimage"},"image":{"@id":"https:\/\/www.sonoraenequipo.com.mx\/con-la-creacion-de-la-secretaria-del-agua-vamos-por-una-revolucion-en-el-manejo-hidrico-gonzalo-yanez\/#primaryimage"},"thumbnailUrl":"https:\/\/www.sonoraenequipo.com.mx\/storage\/2021\/09\/Alejandro-Gozalez-Yanez_opt.jpg","datePublished":"2021-09-14T06:39:23+00:00","dateModified":"2021-09-14T15:55:08+00:00","description":"Conferencia de prensa ofrecida por el senador Gonzalo Y\u00e1\u00f1ez, del Grupo Parlamentario del PT, para referirse a una iniciativa para crear la Secretar\u00eda del En Sonora en Equipo publicamos toda la informaci\u00f3n de Sonora, M\u00e9xico y el Mundo de manera oportuna y busca que la libertad de expresi\u00f3n sea real. Visita nuestro medio informativo publicado desde Hermosillo, Sonora. %","breadcrumb":{"@id":"https:\/\/www.sonoraenequipo.com.mx\/con-la-creacion-de-la-secretaria-del-agua-vamos-por-una-revolucion-en-el-manejo-hidrico-gonzalo-yanez\/#breadcrumb"},"inLanguage":"es","potentialAction":[{"@type":"ReadAction","target":["https:\/\/www.sonoraenequipo.com.mx\/con-la-creacion-de-la-secretaria-del-agua-vamos-por-una-revolucion-en-el-manejo-hidrico-gonzalo-yanez\/"]}]},{"@type":"ImageObject","inLanguage":"es","@id":"https:\/\/www.sonoraenequipo.com.mx\/con-la-creacion-de-la-secretaria-del-agua-vamos-por-una-revolucion-en-el-manejo-hidrico-gonzalo-yanez\/#primaryimage","url":"https:\/\/www.sonoraenequipo.com.mx\/storage\/2021\/09\/Alejandro-Gozalez-Yanez_opt.jpg","contentUrl":"https:\/\/www.sonoraenequipo.com.mx\/storage\/2021\/09\/Alejandro-Gozalez-Yanez_opt.jpg","width":700,"height":400},{"@type":"BreadcrumbList","@id":"https:\/\/www.sonoraenequipo.com.mx\/con-la-creacion-de-la-secretaria-del-agua-vamos-por-una-revolucion-en-el-manejo-hidrico-gonzalo-yanez\/#breadcrumb","itemListElement":[{"@type":"ListItem","position":1,"name":"Portada","item":"https:\/\/www.sonoraenequipo.com.mx\/"},{"@type":"ListItem","position":2,"name":"Con la creaci\u00f3n de la Secretar\u00eda del Agua, vamos por una revoluci\u00f3n en el manejo h\u00eddrico: Gonzalo Y\u00e1\u00f1ez"}]},{"@type":"WebSite","@id":"https:\/\/www.sonoraenequipo.com.mx\/#website","url":"https:\/\/www.sonoraenequipo.com.mx\/","name":"Sonora en Equipo.","description":"Diario en l\u00ednea con Noticias desde Hermosillo, Sonora","publisher":{"@id":"https:\/\/www.sonoraenequipo.com.mx\/#organization"},"potentialAction":[{"@type":"SearchAction","target":{"@type":"EntryPoint","urlTemplate":"https:\/\/www.sonoraenequipo.com.mx\/?s={search_term_string}"},"query-input":{"@type":"PropertyValueSpecification","valueRequired":true,"valueName":"search_term_string"}}],"inLanguage":"es"},{"@type":"Organization","@id":"https:\/\/www.sonoraenequipo.com.mx\/#organization","name":"Sonoraenequipo.com.mx","url":"https:\/\/www.sonoraenequipo.com.mx\/","logo":{"@type":"ImageObject","inLanguage":"es","@id":"https:\/\/www.sonoraenequipo.com.mx\/#\/schema\/logo\/image\/","url":"https:\/\/www.sonoraenequipo.com.mx\/storage\/2019\/01\/sonoraenequipo_opt.png","contentUrl":"https:\/\/www.sonoraenequipo.com.mx\/storage\/2019\/01\/sonoraenequipo_opt.png","width":375,"height":125,"caption":"Sonoraenequipo.com.mx"},"image":{"@id":"https:\/\/www.sonoraenequipo.com.mx\/#\/schema\/logo\/image\/"},"sameAs":["https:\/\/www.facebook.com\/SonoraEE\/","https:\/\/x.com\/sonoraenequipo","https:\/\/www.youtube.com\/channel\/UC338nW-lPEYmJQs4ZABQ1SQ"]},{"@type":"Person","@id":"https:\/\/www.sonoraenequipo.com.mx\/#\/schema\/person\/50102df0fb23a8fa9e8effad8fa81386","name":"enequipo","image":{"@type":"ImageObject","inLanguage":"es","@id":"https:\/\/www.sonoraenequipo.com.mx\/#\/schema\/person\/image\/","url":"https:\/\/secure.gravatar.com\/avatar\/049821681b589dabc0bc20695993ccebb09f5b5d4d790cd9251b97faac7c652b?s=96&d=blank&r=g","contentUrl":"https:\/\/secure.gravatar.com\/avatar\/049821681b589dabc0bc20695993ccebb09f5b5d4d790cd9251b97faac7c652b?s=96&d=blank&r=g","caption":"enequipo"},"sameAs":["https:\/\/www.facebook.com\/SonoraEE"]}]}},"jetpack_featured_media_url":"https:\/\/www.sonoraenequipo.com.mx\/storage\/2021\/09\/Alejandro-Gozalez-Yanez_opt.jpg","_links":{"self":[{"href":"https:\/\/www.sonoraenequipo.com.mx\/api\/wp\/v2\/posts\/122840","targetHints":{"allow":["GET"]}}],"collection":[{"href":"https:\/\/www.sonoraenequipo.com.mx\/api\/wp\/v2\/posts"}],"about":[{"href":"https:\/\/www.sonoraenequipo.com.mx\/api\/wp\/v2\/types\/post"}],"author":[{"embeddable":true,"href":"https:\/\/www.sonoraenequipo.com.mx\/api\/wp\/v2\/users\/1"}],"replies":[{"embeddable":true,"href":"https:\/\/www.sonoraenequipo.com.mx\/api\/wp\/v2\/comments?post=122840"}],"version-history":[{"count":2,"href":"https:\/\/www.sonoraenequipo.com.mx\/api\/wp\/v2\/posts\/122840\/revisions"}],"predecessor-version":[{"id":122843,"href":"https:\/\/www.sonoraenequipo.com.mx\/api\/wp\/v2\/posts\/122840\/revisions\/122843"}],"wp:featuredmedia":[{"embeddable":true,"href":"https:\/\/www.sonoraenequipo.com.mx\/api\/wp\/v2\/media\/122841"}],"wp:attachment":[{"href":"https:\/\/www.sonoraenequipo.com.mx\/api\/wp\/v2\/media?parent=122840"}],"wp:term":[{"taxonomy":"category","embeddable":true,"href":"https:\/\/www.sonoraenequipo.com.mx\/api\/wp\/v2\/categories?post=122840"},{"taxonomy":"post_tag","embeddable":true,"href":"https:\/\/www.sonoraenequipo.com.mx\/api\/wp\/v2\/tags?post=122840"}],"curies":[{"name":"wp","href":"https:\/\/api.w.org\/{rel}","templated":true}]}}