{"id":122850,"date":"2021-09-14T11:50:07","date_gmt":"2021-09-14T18:50:07","guid":{"rendered":"https:\/\/www.sonoraenequipo.com.mx\/?p=122850"},"modified":"2021-09-14T15:08:21","modified_gmt":"2021-09-14T22:08:21","slug":"macron-quiere-duplicar-en-diez-anos-la-presencia-policial-en-las-calles-de-francia","status":"publish","type":"post","link":"https:\/\/www.sonoraenequipo.com.mx\/macron-quiere-duplicar-en-diez-anos-la-presencia-policial-en-las-calles-de-francia\/","title":{"rendered":"Macron quiere \u201cduplicar en diez a\u00f1os\u201d la presencia policial en las calles de Francia"},"content":{"rendered":"<p>PAR\u00cdS, FRANCIA. \u2014 Durante su discurso este 14 de septiembre en la Academia de Polic\u00eda de la ciudad de Roubaix, el presidente franc\u00e9s hizo varios anuncios que incluyen una reforma al sistema de seguridad a nivel nacional, medidas de transparencia policial y el aumento de agentes de la polic\u00eda en terreno durante los pr\u00f3ximos diez a\u00f1os.<\/p>\n<p>&nbsp;<\/p>\n<p> <\/p>\n<p>&nbsp;<\/p>\n<p>La presencia de la polic\u00eda y de c\u00e1maras de seguridad podr\u00eda aumentar en los pr\u00f3ximos diez a\u00f1os en toda Francia, seg\u00fan los planes anunciados por el presidente Emmanuel Macron este 14 de septiembre.<\/p>\n<p>&nbsp;<\/p>\n<p>Desde la Academia de polic\u00eda de Roubaix, el mandatario propuso varias iniciativas para una transformaci\u00f3n \u00abradical\u00bb de la seguridad en todo el pa\u00eds, con el fin de contrarrestar las cr\u00edticas a ra\u00edz del uso desmedido de la fuerza y la brutalidad por parte de las autoridades con los ciudadanos, especialmente durante las protestas.<\/p>\n<p>&nbsp;<\/p>\n<p>Entre las diferentes medidas propuestas, la que m\u00e1s destaca es el aumento de agentes de polic\u00eda en las calles en un plazo de diez a\u00f1os y tambi\u00e9n una transformaci\u00f3n de los procedimientos burocr\u00e1ticos y legales.<\/p>\n<p>&nbsp;<\/p>\n<p>Macron anunci\u00f3 una ley de programaci\u00f3n para la seguridad interior que deber\u00eda presentarse al Consejo de Ministros a principios del pr\u00f3ximo a\u00f1o. Adem\u00e1s, prev\u00e9 un presupuesto de 500 millones de euros para las primeras medidas adoptadas.<\/p>\n<p>&nbsp;<\/p>\n<p>Al encuentro con el mandatario asistieron polic\u00edas, gendarmes y tambi\u00e9n funcionarios electos en esta zona del pa\u00eds, entre ellos Xavier Bertrand, que lidera las intenciones de voto entre los candidatos de derecha para las elecciones presidenciales de 2022.<\/p>\n<p>&nbsp;<\/p>\n<p>En d\u00edas pasados, el candidato del Partido Les R\u00e9publicains (LR) dijo en una entrevista con el diario &#8216;Le Figaro&#8217; que Macron no ha logrado \u00abfrenar la violencia que se est\u00e1 desarrollando\u00bb en Francia y calific\u00f3 su pol\u00edtica de seguridad como un <em>\u00abprofundo fracaso\u00bb<\/em> del quinquenio.<\/p>\n<p>&nbsp;<\/p>\n<h3><em>Una Polic\u00eda \u00abequipada de acuerdo a las nuevas amenazas que pesan sobre la sociedad\u00bb<\/em><\/h3>\n<p>&nbsp;<\/p>\n<p>Tras varios meses de discusiones entre el presidente Macron con la Polic\u00eda sobre el tema de la seguridad y las relaciones con la poblaci\u00f3n, este martes se definieron varias medidas que pretenden reformar la seguridad en todo el pa\u00eds.<\/p>\n<p>&nbsp;<\/p>\n<p>&nbsp;<\/p>\n<p><em>\u201cEl objetivo es pensar en la Polic\u00eda y la Gendarmer\u00eda de 2030. Una fuerza policial que debe enfrentar las nuevas formas de delincuencia que abundan en el espacio digital, el trato de mensajer\u00eda encriptada, las estafas digitales, el ciberdelito. Una fuerza policial que debe aprovechar las tecnolog\u00edas digitales para ir m\u00e1s r\u00e1pido e investigar m\u00e1s eficazmente. Un cuerpo policial que debe estar entrenado, equipado de acuerdo a las nuevas amenazas que pesan sobre la sociedad: el terrorismo pero tambi\u00e9n la violencia desenfrenada, las manifestaciones espor\u00e1dicas, la internacionalizaci\u00f3n del crimen\u201d,<\/em> dijo el presidente franc\u00e9s durante su intervenci\u00f3n en Roubaix.<\/p>\n<p>&nbsp;<\/p>\n<p>&nbsp;<\/p>\n<p>El mandatario asegur\u00f3 adem\u00e1s que todos los agentes que patrullan la v\u00eda p\u00fablica tendr\u00e1n una c\u00e1mara personal en su uniforme para finales de 2022 y que lo mismo ocurrir\u00e1 con los autom\u00f3viles de polic\u00eda para 2023.<\/p>\n<p>&nbsp;<\/p>\n<p>&nbsp;<\/p>\n<p><em>\u201cConfirmo en primer lugar la finalizaci\u00f3n del despliegue de una c\u00e1mara por cada patrulla. Ya se han desplegado 15.000, quedan otras 15.000 que estar\u00e1n listas en las pr\u00f3ximas semanas, de aqu\u00ed a octubre. Todos los compromisos son asumidos en esta \u00e1rea, son 30.000 c\u00e1maras que se desplegar\u00e1n\u201d,<\/em> prometi\u00f3 Macron.<\/p>\n<p>&nbsp;<\/p>\n<p><a class=\"twitter-timeline\" data-width=\"640\" data-height=\"960\" data-dnt=\"true\" href=\"https:\/\/twitter.com\/EmmanuelMacron?ref_src=twsrc%5Etfw\">Tweets by EmmanuelMacron<\/a><script async src=\"https:\/\/platform.twitter.com\/widgets.js\" charset=\"utf-8\"><\/script><\/p>\n<p>Entre otros anuncios, se activar\u00e1n las denuncias por Internet para 2023 y tambi\u00e9n las multas autom\u00e1ticas para castigar las ocupaciones ilegales de edificios o terrenos. Adem\u00e1s, se crear\u00e1 un centro de formaci\u00f3n para los polic\u00edas cuya actuaci\u00f3n haya sido criticada durante las manifestaciones, en particular las del movimiento de los \u2018Chalecos amarillos\u2019 y se modernizar\u00e1 algunos elementos de los uniformes de los agentes.<\/p>\n<p>&nbsp;<\/p>\n<p>Para que los planes de Macron sean efectivos se har\u00e1 un aumento de 1.500 millones de euros del presupuesto del Ministerio del Interior en 2022, de los cuales 500 millones se destinar\u00e1n a la aplicaci\u00f3n del nuevo proyecto de reformas. Este \u00faltimo monto constituye una ampliaci\u00f3n frente a la dotaci\u00f3n de 900 millones de euros anunciada por el primer ministro Jean Castex a finales de julio.<\/p>\n<p>&nbsp;<\/p>\n<p>Las nuevas reformas son un avance de lo que ser\u00e1 uno de los ejes de la campa\u00f1a para las elecciones presidenciales de abril pr\u00f3ximo, en las que es muy posible que Macron busque la reelecci\u00f3n.<\/p>\n<p>&nbsp;<\/p>\n<p>&nbsp;<\/p>\n<p>(Publicada el 14\/09\/2021\/AFP y medios locales\/ Andrea Amaya Porras)<\/p>\n","protected":false},"excerpt":{"rendered":"<p>PAR\u00cdS, FRANCIA. \u2014 Durante su discurso este 14 de septiembre en la Academia de Polic\u00eda&#8230;<\/p>\n","protected":false},"author":1,"featured_media":122851,"comment_status":"open","ping_status":"open","sticky":false,"template":"","format":"standard","meta":{"_monsterinsights_skip_tracking":false,"_monsterinsights_sitenote_active":false,"_monsterinsights_sitenote_note":"","_monsterinsights_sitenote_category":0,"footnotes":""},"categories":[3],"tags":[],"class_list":["post"],"yoast_head":" \n<title>Sonora en Equipo. Macron quiere \u201cduplicar en diez a\u00f1os\u201d la presencia policial en las calles de Francia MUNDO<\/title>\n<meta name=\"description\" content=\"PAR\u00cdS, FRANCIA. \u2014 Durante su discurso este 14 de septiembre en la Academia de Polic\u00eda de la ciudad de Roubaix, el presidente franc\u00e9s hizo varios anuncios En Sonora en Equipo publicamos toda la informaci\u00f3n de Sonora, M\u00e9xico y el Mundo de manera oportuna y busca que la libertad de expresi\u00f3n sea real. Visita nuestro medio informativo publicado desde Hermosillo, Sonora. %\" \/>\n<meta name=\"robots\" content=\"index, follow, max-snippet:-1, max-image-preview:large, max-video-preview:-1\" \/>\n<link rel=\"canonical\" href=\"https:\/\/www.sonoraenequipo.com.mx\/macron-quiere-duplicar-en-diez-anos-la-presencia-policial-en-las-calles-de-francia\/\" \/>\n<meta property=\"og:locale\" content=\"es_ES\" \/>\n<meta property=\"og:type\" content=\"article\" \/>\n<meta property=\"og:title\" content=\"Sonora en Equipo. Macron quiere \u201cduplicar en diez a\u00f1os\u201d la presencia policial en las calles de Francia MUNDO\" \/>\n<meta property=\"og:description\" content=\"PAR\u00cdS, FRANCIA. \u2014 Durante su discurso este 14 de septiembre en la Academia de Polic\u00eda de la ciudad de Roubaix, el presidente franc\u00e9s hizo varios anuncios En Sonora en Equipo publicamos toda la informaci\u00f3n de Sonora, M\u00e9xico y el Mundo de manera oportuna y busca que la libertad de expresi\u00f3n sea real. Visita nuestro medio informativo publicado desde Hermosillo, Sonora. %\" \/>\n<meta property=\"og:url\" content=\"https:\/\/www.sonoraenequipo.com.mx\/macron-quiere-duplicar-en-diez-anos-la-presencia-policial-en-las-calles-de-francia\/\" \/>\n<meta property=\"og:site_name\" content=\"Sonora en Equipo.\" \/>\n<meta property=\"article:publisher\" content=\"https:\/\/www.facebook.com\/SonoraEE\/\" \/>\n<meta property=\"article:author\" content=\"https:\/\/www.facebook.com\/SonoraEE\" \/>\n<meta property=\"article:published_time\" content=\"2021-09-14T18:50:07+00:00\" \/>\n<meta property=\"article:modified_time\" content=\"2021-09-14T22:08:21+00:00\" \/>\n<meta property=\"og:image\" content=\"https:\/\/www.sonoraenequipo.com.mx\/storage\/2021\/09\/macron-francia_opt.jpg\" \/>\n\t<meta property=\"og:image:width\" content=\"700\" \/>\n\t<meta property=\"og:image:height\" content=\"400\" \/>\n\t<meta property=\"og:image:type\" content=\"image\/jpeg\" \/>\n<meta name=\"author\" content=\"enequipo\" \/>\n<meta name=\"twitter:card\" content=\"summary_large_image\" \/>\n<meta name=\"twitter:creator\" content=\"@sonoraenequipo\" \/>\n<meta name=\"twitter:site\" content=\"@sonoraenequipo\" \/>\n<meta name=\"twitter:label1\" content=\"Escrito por\" \/>\n\t<meta name=\"twitter:data1\" content=\"enequipo\" \/>\n\t<meta name=\"twitter:label2\" content=\"Tiempo de lectura\" \/>\n\t<meta name=\"twitter:data2\" content=\"4 minutos\" \/>\n<script type=\"application\/ld+json\" class=\"yoast-schema-graph\">{\"@context\":\"https:\/\/schema.org\",\"@graph\":[{\"@type\":\"Article\",\"@id\":\"https:\/\/www.sonoraenequipo.com.mx\/macron-quiere-duplicar-en-diez-anos-la-presencia-policial-en-las-calles-de-francia\/#article\",\"isPartOf\":{\"@id\":\"https:\/\/www.sonoraenequipo.com.mx\/macron-quiere-duplicar-en-diez-anos-la-presencia-policial-en-las-calles-de-francia\/\"},\"author\":{\"name\":\"enequipo\",\"@id\":\"https:\/\/www.sonoraenequipo.com.mx\/#\/schema\/person\/50102df0fb23a8fa9e8effad8fa81386\"},\"headline\":\"Macron quiere \u201cduplicar en diez a\u00f1os\u201d la presencia policial en las calles de Francia\",\"datePublished\":\"2021-09-14T18:50:07+00:00\",\"dateModified\":\"2021-09-14T22:08:21+00:00\",\"mainEntityOfPage\":{\"@id\":\"https:\/\/www.sonoraenequipo.com.mx\/macron-quiere-duplicar-en-diez-anos-la-presencia-policial-en-las-calles-de-francia\/\"},\"wordCount\":805,\"commentCount\":0,\"publisher\":{\"@id\":\"https:\/\/www.sonoraenequipo.com.mx\/#organization\"},\"image\":{\"@id\":\"https:\/\/www.sonoraenequipo.com.mx\/macron-quiere-duplicar-en-diez-anos-la-presencia-policial-en-las-calles-de-francia\/#primaryimage\"},\"thumbnailUrl\":\"https:\/\/www.sonoraenequipo.com.mx\/storage\/2021\/09\/macron-francia_opt.jpg\",\"articleSection\":[\"MUNDO\"],\"inLanguage\":\"es\",\"potentialAction\":[{\"@type\":\"CommentAction\",\"name\":\"Comment\",\"target\":[\"https:\/\/www.sonoraenequipo.com.mx\/macron-quiere-duplicar-en-diez-anos-la-presencia-policial-en-las-calles-de-francia\/#respond\"]}]},{\"@type\":\"WebPage\",\"@id\":\"https:\/\/www.sonoraenequipo.com.mx\/macron-quiere-duplicar-en-diez-anos-la-presencia-policial-en-las-calles-de-francia\/\",\"url\":\"https:\/\/www.sonoraenequipo.com.mx\/macron-quiere-duplicar-en-diez-anos-la-presencia-policial-en-las-calles-de-francia\/\",\"name\":\"Sonora en Equipo. Macron quiere \u201cduplicar en diez a\u00f1os\u201d la presencia policial en las calles de Francia MUNDO\",\"isPartOf\":{\"@id\":\"https:\/\/www.sonoraenequipo.com.mx\/#website\"},\"primaryImageOfPage\":{\"@id\":\"https:\/\/www.sonoraenequipo.com.mx\/macron-quiere-duplicar-en-diez-anos-la-presencia-policial-en-las-calles-de-francia\/#primaryimage\"},\"image\":{\"@id\":\"https:\/\/www.sonoraenequipo.com.mx\/macron-quiere-duplicar-en-diez-anos-la-presencia-policial-en-las-calles-de-francia\/#primaryimage\"},\"thumbnailUrl\":\"https:\/\/www.sonoraenequipo.com.mx\/storage\/2021\/09\/macron-francia_opt.jpg\",\"datePublished\":\"2021-09-14T18:50:07+00:00\",\"dateModified\":\"2021-09-14T22:08:21+00:00\",\"description\":\"PAR\u00cdS, FRANCIA. \u2014 Durante su discurso este 14 de septiembre en la Academia de Polic\u00eda de la ciudad de Roubaix, el presidente franc\u00e9s hizo varios anuncios En Sonora en Equipo publicamos toda la informaci\u00f3n de Sonora, M\u00e9xico y el Mundo de manera oportuna y busca que la libertad de expresi\u00f3n sea real. Visita nuestro medio informativo publicado desde Hermosillo, Sonora. %\",\"breadcrumb\":{\"@id\":\"https:\/\/www.sonoraenequipo.com.mx\/macron-quiere-duplicar-en-diez-anos-la-presencia-policial-en-las-calles-de-francia\/#breadcrumb\"},\"inLanguage\":\"es\",\"potentialAction\":[{\"@type\":\"ReadAction\",\"target\":[\"https:\/\/www.sonoraenequipo.com.mx\/macron-quiere-duplicar-en-diez-anos-la-presencia-policial-en-las-calles-de-francia\/\"]}]},{\"@type\":\"ImageObject\",\"inLanguage\":\"es\",\"@id\":\"https:\/\/www.sonoraenequipo.com.mx\/macron-quiere-duplicar-en-diez-anos-la-presencia-policial-en-las-calles-de-francia\/#primaryimage\",\"url\":\"https:\/\/www.sonoraenequipo.com.mx\/storage\/2021\/09\/macron-francia_opt.jpg\",\"contentUrl\":\"https:\/\/www.sonoraenequipo.com.mx\/storage\/2021\/09\/macron-francia_opt.jpg\",\"width\":700,\"height\":400},{\"@type\":\"BreadcrumbList\",\"@id\":\"https:\/\/www.sonoraenequipo.com.mx\/macron-quiere-duplicar-en-diez-anos-la-presencia-policial-en-las-calles-de-francia\/#breadcrumb\",\"itemListElement\":[{\"@type\":\"ListItem\",\"position\":1,\"name\":\"Portada\",\"item\":\"https:\/\/www.sonoraenequipo.com.mx\/\"},{\"@type\":\"ListItem\",\"position\":2,\"name\":\"Macron quiere \u201cduplicar en diez a\u00f1os\u201d la presencia policial en las calles de Francia\"}]},{\"@type\":\"WebSite\",\"@id\":\"https:\/\/www.sonoraenequipo.com.mx\/#website\",\"url\":\"https:\/\/www.sonoraenequipo.com.mx\/\",\"name\":\"Sonora en Equipo.\",\"description\":\"Diario en l\u00ednea con Noticias desde Hermosillo, Sonora\",\"publisher\":{\"@id\":\"https:\/\/www.sonoraenequipo.com.mx\/#organization\"},\"potentialAction\":[{\"@type\":\"SearchAction\",\"target\":{\"@type\":\"EntryPoint\",\"urlTemplate\":\"https:\/\/www.sonoraenequipo.com.mx\/?s={search_term_string}\"},\"query-input\":{\"@type\":\"PropertyValueSpecification\",\"valueRequired\":true,\"valueName\":\"search_term_string\"}}],\"inLanguage\":\"es\"},{\"@type\":\"Organization\",\"@id\":\"https:\/\/www.sonoraenequipo.com.mx\/#organization\",\"name\":\"Sonoraenequipo.com.mx\",\"url\":\"https:\/\/www.sonoraenequipo.com.mx\/\",\"logo\":{\"@type\":\"ImageObject\",\"inLanguage\":\"es\",\"@id\":\"https:\/\/www.sonoraenequipo.com.mx\/#\/schema\/logo\/image\/\",\"url\":\"https:\/\/www.sonoraenequipo.com.mx\/storage\/2019\/01\/sonoraenequipo_opt.png\",\"contentUrl\":\"https:\/\/www.sonoraenequipo.com.mx\/storage\/2019\/01\/sonoraenequipo_opt.png\",\"width\":375,\"height\":125,\"caption\":\"Sonoraenequipo.com.mx\"},\"image\":{\"@id\":\"https:\/\/www.sonoraenequipo.com.mx\/#\/schema\/logo\/image\/\"},\"sameAs\":[\"https:\/\/www.facebook.com\/SonoraEE\/\",\"https:\/\/x.com\/sonoraenequipo\",\"https:\/\/www.youtube.com\/channel\/UC338nW-lPEYmJQs4ZABQ1SQ\"]},{\"@type\":\"Person\",\"@id\":\"https:\/\/www.sonoraenequipo.com.mx\/#\/schema\/person\/50102df0fb23a8fa9e8effad8fa81386\",\"name\":\"enequipo\",\"image\":{\"@type\":\"ImageObject\",\"inLanguage\":\"es\",\"@id\":\"https:\/\/www.sonoraenequipo.com.mx\/#\/schema\/person\/image\/\",\"url\":\"https:\/\/secure.gravatar.com\/avatar\/049821681b589dabc0bc20695993ccebb09f5b5d4d790cd9251b97faac7c652b?s=96&d=blank&r=g\",\"contentUrl\":\"https:\/\/secure.gravatar.com\/avatar\/049821681b589dabc0bc20695993ccebb09f5b5d4d790cd9251b97faac7c652b?s=96&d=blank&r=g\",\"caption\":\"enequipo\"},\"sameAs\":[\"https:\/\/www.facebook.com\/SonoraEE\"]}]}<\/script>\n ","yoast_head_json":{"title":"Sonora en Equipo. Macron quiere \u201cduplicar en diez a\u00f1os\u201d la presencia policial en las calles de Francia MUNDO","description":"PAR\u00cdS, FRANCIA. \u2014 Durante su discurso este 14 de septiembre en la Academia de Polic\u00eda de la ciudad de Roubaix, el presidente franc\u00e9s hizo varios anuncios En Sonora en Equipo publicamos toda la informaci\u00f3n de Sonora, M\u00e9xico y el Mundo de manera oportuna y busca que la libertad de expresi\u00f3n sea real. Visita nuestro medio informativo publicado desde Hermosillo, Sonora. %","robots":{"index":"index","follow":"follow","max-snippet":"max-snippet:-1","max-image-preview":"max-image-preview:large","max-video-preview":"max-video-preview:-1"},"canonical":"https:\/\/www.sonoraenequipo.com.mx\/macron-quiere-duplicar-en-diez-anos-la-presencia-policial-en-las-calles-de-francia\/","og_locale":"es_ES","og_type":"article","og_title":"Sonora en Equipo. Macron quiere \u201cduplicar en diez a\u00f1os\u201d la presencia policial en las calles de Francia MUNDO","og_description":"PAR\u00cdS, FRANCIA. \u2014 Durante su discurso este 14 de septiembre en la Academia de Polic\u00eda de la ciudad de Roubaix, el presidente franc\u00e9s hizo varios anuncios En Sonora en Equipo publicamos toda la informaci\u00f3n de Sonora, M\u00e9xico y el Mundo de manera oportuna y busca que la libertad de expresi\u00f3n sea real. Visita nuestro medio informativo publicado desde Hermosillo, Sonora. %","og_url":"https:\/\/www.sonoraenequipo.com.mx\/macron-quiere-duplicar-en-diez-anos-la-presencia-policial-en-las-calles-de-francia\/","og_site_name":"Sonora en Equipo.","article_publisher":"https:\/\/www.facebook.com\/SonoraEE\/","article_author":"https:\/\/www.facebook.com\/SonoraEE","article_published_time":"2021-09-14T18:50:07+00:00","article_modified_time":"2021-09-14T22:08:21+00:00","og_image":[{"width":700,"height":400,"url":"https:\/\/www.sonoraenequipo.com.mx\/storage\/2021\/09\/macron-francia_opt.jpg","type":"image\/jpeg"}],"author":"enequipo","twitter_card":"summary_large_image","twitter_creator":"@sonoraenequipo","twitter_site":"@sonoraenequipo","twitter_misc":{"Escrito por":"enequipo","Tiempo de lectura":"4 minutos"},"schema":{"@context":"https:\/\/schema.org","@graph":[{"@type":"Article","@id":"https:\/\/www.sonoraenequipo.com.mx\/macron-quiere-duplicar-en-diez-anos-la-presencia-policial-en-las-calles-de-francia\/#article","isPartOf":{"@id":"https:\/\/www.sonoraenequipo.com.mx\/macron-quiere-duplicar-en-diez-anos-la-presencia-policial-en-las-calles-de-francia\/"},"author":{"name":"enequipo","@id":"https:\/\/www.sonoraenequipo.com.mx\/#\/schema\/person\/50102df0fb23a8fa9e8effad8fa81386"},"headline":"Macron quiere \u201cduplicar en diez a\u00f1os\u201d la presencia policial en las calles de Francia","datePublished":"2021-09-14T18:50:07+00:00","dateModified":"2021-09-14T22:08:21+00:00","mainEntityOfPage":{"@id":"https:\/\/www.sonoraenequipo.com.mx\/macron-quiere-duplicar-en-diez-anos-la-presencia-policial-en-las-calles-de-francia\/"},"wordCount":805,"commentCount":0,"publisher":{"@id":"https:\/\/www.sonoraenequipo.com.mx\/#organization"},"image":{"@id":"https:\/\/www.sonoraenequipo.com.mx\/macron-quiere-duplicar-en-diez-anos-la-presencia-policial-en-las-calles-de-francia\/#primaryimage"},"thumbnailUrl":"https:\/\/www.sonoraenequipo.com.mx\/storage\/2021\/09\/macron-francia_opt.jpg","articleSection":["MUNDO"],"inLanguage":"es","potentialAction":[{"@type":"CommentAction","name":"Comment","target":["https:\/\/www.sonoraenequipo.com.mx\/macron-quiere-duplicar-en-diez-anos-la-presencia-policial-en-las-calles-de-francia\/#respond"]}]},{"@type":"WebPage","@id":"https:\/\/www.sonoraenequipo.com.mx\/macron-quiere-duplicar-en-diez-anos-la-presencia-policial-en-las-calles-de-francia\/","url":"https:\/\/www.sonoraenequipo.com.mx\/macron-quiere-duplicar-en-diez-anos-la-presencia-policial-en-las-calles-de-francia\/","name":"Sonora en Equipo. Macron quiere \u201cduplicar en diez a\u00f1os\u201d la presencia policial en las calles de Francia MUNDO","isPartOf":{"@id":"https:\/\/www.sonoraenequipo.com.mx\/#website"},"primaryImageOfPage":{"@id":"https:\/\/www.sonoraenequipo.com.mx\/macron-quiere-duplicar-en-diez-anos-la-presencia-policial-en-las-calles-de-francia\/#primaryimage"},"image":{"@id":"https:\/\/www.sonoraenequipo.com.mx\/macron-quiere-duplicar-en-diez-anos-la-presencia-policial-en-las-calles-de-francia\/#primaryimage"},"thumbnailUrl":"https:\/\/www.sonoraenequipo.com.mx\/storage\/2021\/09\/macron-francia_opt.jpg","datePublished":"2021-09-14T18:50:07+00:00","dateModified":"2021-09-14T22:08:21+00:00","description":"PAR\u00cdS, FRANCIA. \u2014 Durante su discurso este 14 de septiembre en la Academia de Polic\u00eda de la ciudad de Roubaix, el presidente franc\u00e9s hizo varios anuncios En Sonora en Equipo publicamos toda la informaci\u00f3n de Sonora, M\u00e9xico y el Mundo de manera oportuna y busca que la libertad de expresi\u00f3n sea real. Visita nuestro medio informativo publicado desde Hermosillo, Sonora. %","breadcrumb":{"@id":"https:\/\/www.sonoraenequipo.com.mx\/macron-quiere-duplicar-en-diez-anos-la-presencia-policial-en-las-calles-de-francia\/#breadcrumb"},"inLanguage":"es","potentialAction":[{"@type":"ReadAction","target":["https:\/\/www.sonoraenequipo.com.mx\/macron-quiere-duplicar-en-diez-anos-la-presencia-policial-en-las-calles-de-francia\/"]}]},{"@type":"ImageObject","inLanguage":"es","@id":"https:\/\/www.sonoraenequipo.com.mx\/macron-quiere-duplicar-en-diez-anos-la-presencia-policial-en-las-calles-de-francia\/#primaryimage","url":"https:\/\/www.sonoraenequipo.com.mx\/storage\/2021\/09\/macron-francia_opt.jpg","contentUrl":"https:\/\/www.sonoraenequipo.com.mx\/storage\/2021\/09\/macron-francia_opt.jpg","width":700,"height":400},{"@type":"BreadcrumbList","@id":"https:\/\/www.sonoraenequipo.com.mx\/macron-quiere-duplicar-en-diez-anos-la-presencia-policial-en-las-calles-de-francia\/#breadcrumb","itemListElement":[{"@type":"ListItem","position":1,"name":"Portada","item":"https:\/\/www.sonoraenequipo.com.mx\/"},{"@type":"ListItem","position":2,"name":"Macron quiere \u201cduplicar en diez a\u00f1os\u201d la presencia policial en las calles de Francia"}]},{"@type":"WebSite","@id":"https:\/\/www.sonoraenequipo.com.mx\/#website","url":"https:\/\/www.sonoraenequipo.com.mx\/","name":"Sonora en Equipo.","description":"Diario en l\u00ednea con Noticias desde Hermosillo, Sonora","publisher":{"@id":"https:\/\/www.sonoraenequipo.com.mx\/#organization"},"potentialAction":[{"@type":"SearchAction","target":{"@type":"EntryPoint","urlTemplate":"https:\/\/www.sonoraenequipo.com.mx\/?s={search_term_string}"},"query-input":{"@type":"PropertyValueSpecification","valueRequired":true,"valueName":"search_term_string"}}],"inLanguage":"es"},{"@type":"Organization","@id":"https:\/\/www.sonoraenequipo.com.mx\/#organization","name":"Sonoraenequipo.com.mx","url":"https:\/\/www.sonoraenequipo.com.mx\/","logo":{"@type":"ImageObject","inLanguage":"es","@id":"https:\/\/www.sonoraenequipo.com.mx\/#\/schema\/logo\/image\/","url":"https:\/\/www.sonoraenequipo.com.mx\/storage\/2019\/01\/sonoraenequipo_opt.png","contentUrl":"https:\/\/www.sonoraenequipo.com.mx\/storage\/2019\/01\/sonoraenequipo_opt.png","width":375,"height":125,"caption":"Sonoraenequipo.com.mx"},"image":{"@id":"https:\/\/www.sonoraenequipo.com.mx\/#\/schema\/logo\/image\/"},"sameAs":["https:\/\/www.facebook.com\/SonoraEE\/","https:\/\/x.com\/sonoraenequipo","https:\/\/www.youtube.com\/channel\/UC338nW-lPEYmJQs4ZABQ1SQ"]},{"@type":"Person","@id":"https:\/\/www.sonoraenequipo.com.mx\/#\/schema\/person\/50102df0fb23a8fa9e8effad8fa81386","name":"enequipo","image":{"@type":"ImageObject","inLanguage":"es","@id":"https:\/\/www.sonoraenequipo.com.mx\/#\/schema\/person\/image\/","url":"https:\/\/secure.gravatar.com\/avatar\/049821681b589dabc0bc20695993ccebb09f5b5d4d790cd9251b97faac7c652b?s=96&d=blank&r=g","contentUrl":"https:\/\/secure.gravatar.com\/avatar\/049821681b589dabc0bc20695993ccebb09f5b5d4d790cd9251b97faac7c652b?s=96&d=blank&r=g","caption":"enequipo"},"sameAs":["https:\/\/www.facebook.com\/SonoraEE"]}]}},"jetpack_featured_media_url":"https:\/\/www.sonoraenequipo.com.mx\/storage\/2021\/09\/macron-francia_opt.jpg","_links":{"self":[{"href":"https:\/\/www.sonoraenequipo.com.mx\/api\/wp\/v2\/posts\/122850","targetHints":{"allow":["GET"]}}],"collection":[{"href":"https:\/\/www.sonoraenequipo.com.mx\/api\/wp\/v2\/posts"}],"about":[{"href":"https:\/\/www.sonoraenequipo.com.mx\/api\/wp\/v2\/types\/post"}],"author":[{"embeddable":true,"href":"https:\/\/www.sonoraenequipo.com.mx\/api\/wp\/v2\/users\/1"}],"replies":[{"embeddable":true,"href":"https:\/\/www.sonoraenequipo.com.mx\/api\/wp\/v2\/comments?post=122850"}],"version-history":[{"count":2,"href":"https:\/\/www.sonoraenequipo.com.mx\/api\/wp\/v2\/posts\/122850\/revisions"}],"predecessor-version":[{"id":122856,"href":"https:\/\/www.sonoraenequipo.com.mx\/api\/wp\/v2\/posts\/122850\/revisions\/122856"}],"wp:featuredmedia":[{"embeddable":true,"href":"https:\/\/www.sonoraenequipo.com.mx\/api\/wp\/v2\/media\/122851"}],"wp:attachment":[{"href":"https:\/\/www.sonoraenequipo.com.mx\/api\/wp\/v2\/media?parent=122850"}],"wp:term":[{"taxonomy":"category","embeddable":true,"href":"https:\/\/www.sonoraenequipo.com.mx\/api\/wp\/v2\/categories?post=122850"},{"taxonomy":"post_tag","embeddable":true,"href":"https:\/\/www.sonoraenequipo.com.mx\/api\/wp\/v2\/tags?post=122850"}],"curies":[{"name":"wp","href":"https:\/\/api.w.org\/{rel}","templated":true}]}}