{"id":122871,"date":"2021-09-14T11:47:31","date_gmt":"2021-09-14T18:47:31","guid":{"rendered":"https:\/\/www.sonoraenequipo.com.mx\/?p=122871"},"modified":"2021-09-14T16:02:41","modified_gmt":"2021-09-14T23:02:41","slug":"inicia-vacunacion-covid-para-ninos-de-piedras-negras-coahuila-con-pfizer-donadas-por-eeuu","status":"publish","type":"post","link":"https:\/\/www.sonoraenequipo.com.mx\/inicia-vacunacion-covid-para-ninos-de-piedras-negras-coahuila-con-pfizer-donadas-por-eeuu\/","title":{"rendered":"Inicia vacunaci\u00f3n covid para ni\u00f1os de Piedras Negras, Coahuila, con Pfizer, donadas por EEUU"},"content":{"rendered":"<p>TORRE\u00d3N, COAHUILA. MX. \u2014 Los ni\u00f1os de Piedras Negras, Coahuila, de entre 12 y 17 a\u00f1os de edad fueron vacunados contra covid a partir de hoy, 14 de septiembre de 2021, con dosis de la farmac\u00e9utica Pfizer, donadas por Estados Unidos (EEUU), para hijos de trabajadores de maquilas, inform\u00f3 Roberto Bernal G\u00f3mez, secretario de Salud de la entidad.<\/p>\n<p>&nbsp;<\/p>\n<p> <\/p>\n<p>&nbsp;<\/p>\n<p>En entrevista para Despierta, con Danielle Dithurbide y Enrique Campos, el secretario de Salud de Coahuila detall\u00f3 que los ni\u00f1os fueron trasladados en camiones a la frontera con Estados Unidos, donde se les aplic\u00f3 la vacuna covid de Pfizer.<\/p>\n<p>&nbsp;<\/p>\n<p>&nbsp;<\/p>\n<p><em>\u201cEste fue un trabajo conjunto entre el Gobierno estatal, el Gobierno municipal y los empresarios del norte de Coahuila, espec\u00edficamente de Piedras Negras<\/em>\u201d, precis\u00f3.<\/p>\n<p>&nbsp;<\/p>\n<p>Mencion\u00f3 que los primeros ni\u00f1os vacunados fueron hijos de los trabajadores de las empresas que ayudaron a solicitar las vacunas covid.<\/p>\n<p>&nbsp;<\/p>\n<p>La vacuna covid de Pfizer para menores de edad ya hab\u00eda sido autorizada en Estados Unidos y posteriormente, la Comisi\u00f3n Federal para la Protecci\u00f3n contra Riesgos Sanitarios (Cofepris) lo hizo en M\u00e9xico, pero el Gobierno deM\u00e9xico no tiene contemplado vacunar a los ni\u00f1os, al menos que fueran aprobadas por organismos internacionales.<\/p>\n<p>&nbsp;<\/p>\n<p>De esta forma, Coahuila se convierte en el primer estado de M\u00e9xico en vacunar contra covid a los menores de 18 a\u00f1os de edad.<\/p>\n<p>&nbsp;<\/p>\n<p>\u201cEstamos buscando ni\u00f1os saludables, ni\u00f1os protegidos y esta vacuna no nos cuesta, nos las don\u00f3 el Gobierno de Estados Unidos, yo creo que no debe haber ning\u00fan inconveniente\u201d con el Gobierno de M\u00e9xico, apunt\u00f3 el secretario de Salud de Coahuila.<\/p>\n<p>&nbsp;<\/p>\n<p>El funcionario agreg\u00f3 que paulatinamente se ampliar\u00e1 la vacunaci\u00f3n covid para el resto de la poblaci\u00f3n de esa edad, en la frontera con Estados Unidos.<\/p>\n<p><a class=\"twitter-timeline\" data-width=\"640\" data-height=\"960\" data-dnt=\"true\" href=\"https:\/\/twitter.com\/mrikelme?ref_src=twsrc%5Etfw\">Tweets by mrikelme<\/a><script async src=\"https:\/\/platform.twitter.com\/widgets.js\" charset=\"utf-8\"><\/script><\/p>\n<p>&nbsp;<\/p>\n<p>&nbsp;<\/p>\n<p>(Publicada el 14\/09\/2021 \/ Con informaci\u00f3n de Televisa )<\/p>\n","protected":false},"excerpt":{"rendered":"<p>TORRE\u00d3N, COAHUILA. MX. \u2014 Los ni\u00f1os de Piedras Negras, Coahuila, de entre 12 y 17&#8230;<\/p>\n","protected":false},"author":1,"featured_media":122872,"comment_status":"open","ping_status":"open","sticky":false,"template":"","format":"standard","meta":{"_monsterinsights_skip_tracking":false,"_monsterinsights_sitenote_active":false,"_monsterinsights_sitenote_note":"","_monsterinsights_sitenote_category":0,"footnotes":""},"categories":[5],"tags":[],"class_list":["post"],"yoast_head":" \n<title>Sonora en Equipo. Inicia vacunaci\u00f3n covid para ni\u00f1os de Piedras Negras, Coahuila, con Pfizer, donadas por EEUU Rep\u00fablica<\/title>\n<meta name=\"description\" content=\"TORRE\u00d3N, COAHUILA. MX. \u2014 Los ni\u00f1os de Piedras Negras, Coahuila, de entre 12 y 17 a\u00f1os de edad fueron vacunados contra covid a partir de hoy, 14 de En Sonora en Equipo publicamos toda la informaci\u00f3n de Sonora, M\u00e9xico y el Mundo de manera oportuna y busca que la libertad de expresi\u00f3n sea real. Visita nuestro medio informativo publicado desde Hermosillo, Sonora. %\" \/>\n<meta name=\"robots\" content=\"index, follow, max-snippet:-1, max-image-preview:large, max-video-preview:-1\" \/>\n<link rel=\"canonical\" href=\"https:\/\/www.sonoraenequipo.com.mx\/inicia-vacunacion-covid-para-ninos-de-piedras-negras-coahuila-con-pfizer-donadas-por-eeuu\/\" \/>\n<meta property=\"og:locale\" content=\"es_ES\" \/>\n<meta property=\"og:type\" content=\"article\" \/>\n<meta property=\"og:title\" content=\"Sonora en Equipo. Inicia vacunaci\u00f3n covid para ni\u00f1os de Piedras Negras, Coahuila, con Pfizer, donadas por EEUU Rep\u00fablica\" \/>\n<meta property=\"og:description\" content=\"TORRE\u00d3N, COAHUILA. MX. \u2014 Los ni\u00f1os de Piedras Negras, Coahuila, de entre 12 y 17 a\u00f1os de edad fueron vacunados contra covid a partir de hoy, 14 de En Sonora en Equipo publicamos toda la informaci\u00f3n de Sonora, M\u00e9xico y el Mundo de manera oportuna y busca que la libertad de expresi\u00f3n sea real. Visita nuestro medio informativo publicado desde Hermosillo, Sonora. %\" \/>\n<meta property=\"og:url\" content=\"https:\/\/www.sonoraenequipo.com.mx\/inicia-vacunacion-covid-para-ninos-de-piedras-negras-coahuila-con-pfizer-donadas-por-eeuu\/\" \/>\n<meta property=\"og:site_name\" content=\"Sonora en Equipo.\" \/>\n<meta property=\"article:publisher\" content=\"https:\/\/www.facebook.com\/SonoraEE\/\" \/>\n<meta property=\"article:author\" content=\"https:\/\/www.facebook.com\/SonoraEE\" \/>\n<meta property=\"article:published_time\" content=\"2021-09-14T18:47:31+00:00\" \/>\n<meta property=\"article:modified_time\" content=\"2021-09-14T23:02:41+00:00\" \/>\n<meta property=\"og:image\" content=\"https:\/\/www.sonoraenequipo.com.mx\/storage\/2021\/09\/coahuila-vacunas-para-ninos_opt.jpg\" \/>\n\t<meta property=\"og:image:width\" content=\"700\" \/>\n\t<meta property=\"og:image:height\" content=\"400\" \/>\n\t<meta property=\"og:image:type\" content=\"image\/jpeg\" \/>\n<meta name=\"author\" content=\"enequipo\" \/>\n<meta name=\"twitter:card\" content=\"summary_large_image\" \/>\n<meta name=\"twitter:creator\" content=\"@sonoraenequipo\" \/>\n<meta name=\"twitter:site\" content=\"@sonoraenequipo\" \/>\n<meta name=\"twitter:label1\" content=\"Escrito por\" \/>\n\t<meta name=\"twitter:data1\" content=\"enequipo\" \/>\n\t<meta name=\"twitter:label2\" content=\"Tiempo de lectura\" \/>\n\t<meta name=\"twitter:data2\" content=\"2 minutos\" \/>\n<script type=\"application\/ld+json\" class=\"yoast-schema-graph\">{\"@context\":\"https:\/\/schema.org\",\"@graph\":[{\"@type\":\"Article\",\"@id\":\"https:\/\/www.sonoraenequipo.com.mx\/inicia-vacunacion-covid-para-ninos-de-piedras-negras-coahuila-con-pfizer-donadas-por-eeuu\/#article\",\"isPartOf\":{\"@id\":\"https:\/\/www.sonoraenequipo.com.mx\/inicia-vacunacion-covid-para-ninos-de-piedras-negras-coahuila-con-pfizer-donadas-por-eeuu\/\"},\"author\":{\"name\":\"enequipo\",\"@id\":\"https:\/\/www.sonoraenequipo.com.mx\/#\/schema\/person\/50102df0fb23a8fa9e8effad8fa81386\"},\"headline\":\"Inicia vacunaci\u00f3n covid para ni\u00f1os de Piedras Negras, Coahuila, con Pfizer, donadas por EEUU\",\"datePublished\":\"2021-09-14T18:47:31+00:00\",\"dateModified\":\"2021-09-14T23:02:41+00:00\",\"mainEntityOfPage\":{\"@id\":\"https:\/\/www.sonoraenequipo.com.mx\/inicia-vacunacion-covid-para-ninos-de-piedras-negras-coahuila-con-pfizer-donadas-por-eeuu\/\"},\"wordCount\":336,\"commentCount\":0,\"publisher\":{\"@id\":\"https:\/\/www.sonoraenequipo.com.mx\/#organization\"},\"image\":{\"@id\":\"https:\/\/www.sonoraenequipo.com.mx\/inicia-vacunacion-covid-para-ninos-de-piedras-negras-coahuila-con-pfizer-donadas-por-eeuu\/#primaryimage\"},\"thumbnailUrl\":\"https:\/\/www.sonoraenequipo.com.mx\/storage\/2021\/09\/coahuila-vacunas-para-ninos_opt.jpg\",\"articleSection\":[\"Rep\u00fablica\"],\"inLanguage\":\"es\",\"potentialAction\":[{\"@type\":\"CommentAction\",\"name\":\"Comment\",\"target\":[\"https:\/\/www.sonoraenequipo.com.mx\/inicia-vacunacion-covid-para-ninos-de-piedras-negras-coahuila-con-pfizer-donadas-por-eeuu\/#respond\"]}]},{\"@type\":\"WebPage\",\"@id\":\"https:\/\/www.sonoraenequipo.com.mx\/inicia-vacunacion-covid-para-ninos-de-piedras-negras-coahuila-con-pfizer-donadas-por-eeuu\/\",\"url\":\"https:\/\/www.sonoraenequipo.com.mx\/inicia-vacunacion-covid-para-ninos-de-piedras-negras-coahuila-con-pfizer-donadas-por-eeuu\/\",\"name\":\"Sonora en Equipo. Inicia vacunaci\u00f3n covid para ni\u00f1os de Piedras Negras, Coahuila, con Pfizer, donadas por EEUU Rep\u00fablica\",\"isPartOf\":{\"@id\":\"https:\/\/www.sonoraenequipo.com.mx\/#website\"},\"primaryImageOfPage\":{\"@id\":\"https:\/\/www.sonoraenequipo.com.mx\/inicia-vacunacion-covid-para-ninos-de-piedras-negras-coahuila-con-pfizer-donadas-por-eeuu\/#primaryimage\"},\"image\":{\"@id\":\"https:\/\/www.sonoraenequipo.com.mx\/inicia-vacunacion-covid-para-ninos-de-piedras-negras-coahuila-con-pfizer-donadas-por-eeuu\/#primaryimage\"},\"thumbnailUrl\":\"https:\/\/www.sonoraenequipo.com.mx\/storage\/2021\/09\/coahuila-vacunas-para-ninos_opt.jpg\",\"datePublished\":\"2021-09-14T18:47:31+00:00\",\"dateModified\":\"2021-09-14T23:02:41+00:00\",\"description\":\"TORRE\u00d3N, COAHUILA. MX. \u2014 Los ni\u00f1os de Piedras Negras, Coahuila, de entre 12 y 17 a\u00f1os de edad fueron vacunados contra covid a partir de hoy, 14 de En Sonora en Equipo publicamos toda la informaci\u00f3n de Sonora, M\u00e9xico y el Mundo de manera oportuna y busca que la libertad de expresi\u00f3n sea real. Visita nuestro medio informativo publicado desde Hermosillo, Sonora. %\",\"breadcrumb\":{\"@id\":\"https:\/\/www.sonoraenequipo.com.mx\/inicia-vacunacion-covid-para-ninos-de-piedras-negras-coahuila-con-pfizer-donadas-por-eeuu\/#breadcrumb\"},\"inLanguage\":\"es\",\"potentialAction\":[{\"@type\":\"ReadAction\",\"target\":[\"https:\/\/www.sonoraenequipo.com.mx\/inicia-vacunacion-covid-para-ninos-de-piedras-negras-coahuila-con-pfizer-donadas-por-eeuu\/\"]}]},{\"@type\":\"ImageObject\",\"inLanguage\":\"es\",\"@id\":\"https:\/\/www.sonoraenequipo.com.mx\/inicia-vacunacion-covid-para-ninos-de-piedras-negras-coahuila-con-pfizer-donadas-por-eeuu\/#primaryimage\",\"url\":\"https:\/\/www.sonoraenequipo.com.mx\/storage\/2021\/09\/coahuila-vacunas-para-ninos_opt.jpg\",\"contentUrl\":\"https:\/\/www.sonoraenequipo.com.mx\/storage\/2021\/09\/coahuila-vacunas-para-ninos_opt.jpg\",\"width\":700,\"height\":400},{\"@type\":\"BreadcrumbList\",\"@id\":\"https:\/\/www.sonoraenequipo.com.mx\/inicia-vacunacion-covid-para-ninos-de-piedras-negras-coahuila-con-pfizer-donadas-por-eeuu\/#breadcrumb\",\"itemListElement\":[{\"@type\":\"ListItem\",\"position\":1,\"name\":\"Portada\",\"item\":\"https:\/\/www.sonoraenequipo.com.mx\/\"},{\"@type\":\"ListItem\",\"position\":2,\"name\":\"Inicia vacunaci\u00f3n covid para ni\u00f1os de Piedras Negras, Coahuila, con Pfizer, donadas por EEUU\"}]},{\"@type\":\"WebSite\",\"@id\":\"https:\/\/www.sonoraenequipo.com.mx\/#website\",\"url\":\"https:\/\/www.sonoraenequipo.com.mx\/\",\"name\":\"Sonora en Equipo.\",\"description\":\"Diario en l\u00ednea con Noticias desde Hermosillo, Sonora\",\"publisher\":{\"@id\":\"https:\/\/www.sonoraenequipo.com.mx\/#organization\"},\"potentialAction\":[{\"@type\":\"SearchAction\",\"target\":{\"@type\":\"EntryPoint\",\"urlTemplate\":\"https:\/\/www.sonoraenequipo.com.mx\/?s={search_term_string}\"},\"query-input\":{\"@type\":\"PropertyValueSpecification\",\"valueRequired\":true,\"valueName\":\"search_term_string\"}}],\"inLanguage\":\"es\"},{\"@type\":\"Organization\",\"@id\":\"https:\/\/www.sonoraenequipo.com.mx\/#organization\",\"name\":\"Sonoraenequipo.com.mx\",\"url\":\"https:\/\/www.sonoraenequipo.com.mx\/\",\"logo\":{\"@type\":\"ImageObject\",\"inLanguage\":\"es\",\"@id\":\"https:\/\/www.sonoraenequipo.com.mx\/#\/schema\/logo\/image\/\",\"url\":\"https:\/\/www.sonoraenequipo.com.mx\/storage\/2019\/01\/sonoraenequipo_opt.png\",\"contentUrl\":\"https:\/\/www.sonoraenequipo.com.mx\/storage\/2019\/01\/sonoraenequipo_opt.png\",\"width\":375,\"height\":125,\"caption\":\"Sonoraenequipo.com.mx\"},\"image\":{\"@id\":\"https:\/\/www.sonoraenequipo.com.mx\/#\/schema\/logo\/image\/\"},\"sameAs\":[\"https:\/\/www.facebook.com\/SonoraEE\/\",\"https:\/\/x.com\/sonoraenequipo\",\"https:\/\/www.youtube.com\/channel\/UC338nW-lPEYmJQs4ZABQ1SQ\"]},{\"@type\":\"Person\",\"@id\":\"https:\/\/www.sonoraenequipo.com.mx\/#\/schema\/person\/50102df0fb23a8fa9e8effad8fa81386\",\"name\":\"enequipo\",\"image\":{\"@type\":\"ImageObject\",\"inLanguage\":\"es\",\"@id\":\"https:\/\/www.sonoraenequipo.com.mx\/#\/schema\/person\/image\/\",\"url\":\"https:\/\/secure.gravatar.com\/avatar\/049821681b589dabc0bc20695993ccebb09f5b5d4d790cd9251b97faac7c652b?s=96&d=blank&r=g\",\"contentUrl\":\"https:\/\/secure.gravatar.com\/avatar\/049821681b589dabc0bc20695993ccebb09f5b5d4d790cd9251b97faac7c652b?s=96&d=blank&r=g\",\"caption\":\"enequipo\"},\"sameAs\":[\"https:\/\/www.facebook.com\/SonoraEE\"]}]}<\/script>\n ","yoast_head_json":{"title":"Sonora en Equipo. Inicia vacunaci\u00f3n covid para ni\u00f1os de Piedras Negras, Coahuila, con Pfizer, donadas por EEUU Rep\u00fablica","description":"TORRE\u00d3N, COAHUILA. MX. \u2014 Los ni\u00f1os de Piedras Negras, Coahuila, de entre 12 y 17 a\u00f1os de edad fueron vacunados contra covid a partir de hoy, 14 de En Sonora en Equipo publicamos toda la informaci\u00f3n de Sonora, M\u00e9xico y el Mundo de manera oportuna y busca que la libertad de expresi\u00f3n sea real. Visita nuestro medio informativo publicado desde Hermosillo, Sonora. %","robots":{"index":"index","follow":"follow","max-snippet":"max-snippet:-1","max-image-preview":"max-image-preview:large","max-video-preview":"max-video-preview:-1"},"canonical":"https:\/\/www.sonoraenequipo.com.mx\/inicia-vacunacion-covid-para-ninos-de-piedras-negras-coahuila-con-pfizer-donadas-por-eeuu\/","og_locale":"es_ES","og_type":"article","og_title":"Sonora en Equipo. Inicia vacunaci\u00f3n covid para ni\u00f1os de Piedras Negras, Coahuila, con Pfizer, donadas por EEUU Rep\u00fablica","og_description":"TORRE\u00d3N, COAHUILA. MX. \u2014 Los ni\u00f1os de Piedras Negras, Coahuila, de entre 12 y 17 a\u00f1os de edad fueron vacunados contra covid a partir de hoy, 14 de En Sonora en Equipo publicamos toda la informaci\u00f3n de Sonora, M\u00e9xico y el Mundo de manera oportuna y busca que la libertad de expresi\u00f3n sea real. Visita nuestro medio informativo publicado desde Hermosillo, Sonora. %","og_url":"https:\/\/www.sonoraenequipo.com.mx\/inicia-vacunacion-covid-para-ninos-de-piedras-negras-coahuila-con-pfizer-donadas-por-eeuu\/","og_site_name":"Sonora en Equipo.","article_publisher":"https:\/\/www.facebook.com\/SonoraEE\/","article_author":"https:\/\/www.facebook.com\/SonoraEE","article_published_time":"2021-09-14T18:47:31+00:00","article_modified_time":"2021-09-14T23:02:41+00:00","og_image":[{"width":700,"height":400,"url":"https:\/\/www.sonoraenequipo.com.mx\/storage\/2021\/09\/coahuila-vacunas-para-ninos_opt.jpg","type":"image\/jpeg"}],"author":"enequipo","twitter_card":"summary_large_image","twitter_creator":"@sonoraenequipo","twitter_site":"@sonoraenequipo","twitter_misc":{"Escrito por":"enequipo","Tiempo de lectura":"2 minutos"},"schema":{"@context":"https:\/\/schema.org","@graph":[{"@type":"Article","@id":"https:\/\/www.sonoraenequipo.com.mx\/inicia-vacunacion-covid-para-ninos-de-piedras-negras-coahuila-con-pfizer-donadas-por-eeuu\/#article","isPartOf":{"@id":"https:\/\/www.sonoraenequipo.com.mx\/inicia-vacunacion-covid-para-ninos-de-piedras-negras-coahuila-con-pfizer-donadas-por-eeuu\/"},"author":{"name":"enequipo","@id":"https:\/\/www.sonoraenequipo.com.mx\/#\/schema\/person\/50102df0fb23a8fa9e8effad8fa81386"},"headline":"Inicia vacunaci\u00f3n covid para ni\u00f1os de Piedras Negras, Coahuila, con Pfizer, donadas por EEUU","datePublished":"2021-09-14T18:47:31+00:00","dateModified":"2021-09-14T23:02:41+00:00","mainEntityOfPage":{"@id":"https:\/\/www.sonoraenequipo.com.mx\/inicia-vacunacion-covid-para-ninos-de-piedras-negras-coahuila-con-pfizer-donadas-por-eeuu\/"},"wordCount":336,"commentCount":0,"publisher":{"@id":"https:\/\/www.sonoraenequipo.com.mx\/#organization"},"image":{"@id":"https:\/\/www.sonoraenequipo.com.mx\/inicia-vacunacion-covid-para-ninos-de-piedras-negras-coahuila-con-pfizer-donadas-por-eeuu\/#primaryimage"},"thumbnailUrl":"https:\/\/www.sonoraenequipo.com.mx\/storage\/2021\/09\/coahuila-vacunas-para-ninos_opt.jpg","articleSection":["Rep\u00fablica"],"inLanguage":"es","potentialAction":[{"@type":"CommentAction","name":"Comment","target":["https:\/\/www.sonoraenequipo.com.mx\/inicia-vacunacion-covid-para-ninos-de-piedras-negras-coahuila-con-pfizer-donadas-por-eeuu\/#respond"]}]},{"@type":"WebPage","@id":"https:\/\/www.sonoraenequipo.com.mx\/inicia-vacunacion-covid-para-ninos-de-piedras-negras-coahuila-con-pfizer-donadas-por-eeuu\/","url":"https:\/\/www.sonoraenequipo.com.mx\/inicia-vacunacion-covid-para-ninos-de-piedras-negras-coahuila-con-pfizer-donadas-por-eeuu\/","name":"Sonora en Equipo. Inicia vacunaci\u00f3n covid para ni\u00f1os de Piedras Negras, Coahuila, con Pfizer, donadas por EEUU Rep\u00fablica","isPartOf":{"@id":"https:\/\/www.sonoraenequipo.com.mx\/#website"},"primaryImageOfPage":{"@id":"https:\/\/www.sonoraenequipo.com.mx\/inicia-vacunacion-covid-para-ninos-de-piedras-negras-coahuila-con-pfizer-donadas-por-eeuu\/#primaryimage"},"image":{"@id":"https:\/\/www.sonoraenequipo.com.mx\/inicia-vacunacion-covid-para-ninos-de-piedras-negras-coahuila-con-pfizer-donadas-por-eeuu\/#primaryimage"},"thumbnailUrl":"https:\/\/www.sonoraenequipo.com.mx\/storage\/2021\/09\/coahuila-vacunas-para-ninos_opt.jpg","datePublished":"2021-09-14T18:47:31+00:00","dateModified":"2021-09-14T23:02:41+00:00","description":"TORRE\u00d3N, COAHUILA. MX. \u2014 Los ni\u00f1os de Piedras Negras, Coahuila, de entre 12 y 17 a\u00f1os de edad fueron vacunados contra covid a partir de hoy, 14 de En Sonora en Equipo publicamos toda la informaci\u00f3n de Sonora, M\u00e9xico y el Mundo de manera oportuna y busca que la libertad de expresi\u00f3n sea real. Visita nuestro medio informativo publicado desde Hermosillo, Sonora. %","breadcrumb":{"@id":"https:\/\/www.sonoraenequipo.com.mx\/inicia-vacunacion-covid-para-ninos-de-piedras-negras-coahuila-con-pfizer-donadas-por-eeuu\/#breadcrumb"},"inLanguage":"es","potentialAction":[{"@type":"ReadAction","target":["https:\/\/www.sonoraenequipo.com.mx\/inicia-vacunacion-covid-para-ninos-de-piedras-negras-coahuila-con-pfizer-donadas-por-eeuu\/"]}]},{"@type":"ImageObject","inLanguage":"es","@id":"https:\/\/www.sonoraenequipo.com.mx\/inicia-vacunacion-covid-para-ninos-de-piedras-negras-coahuila-con-pfizer-donadas-por-eeuu\/#primaryimage","url":"https:\/\/www.sonoraenequipo.com.mx\/storage\/2021\/09\/coahuila-vacunas-para-ninos_opt.jpg","contentUrl":"https:\/\/www.sonoraenequipo.com.mx\/storage\/2021\/09\/coahuila-vacunas-para-ninos_opt.jpg","width":700,"height":400},{"@type":"BreadcrumbList","@id":"https:\/\/www.sonoraenequipo.com.mx\/inicia-vacunacion-covid-para-ninos-de-piedras-negras-coahuila-con-pfizer-donadas-por-eeuu\/#breadcrumb","itemListElement":[{"@type":"ListItem","position":1,"name":"Portada","item":"https:\/\/www.sonoraenequipo.com.mx\/"},{"@type":"ListItem","position":2,"name":"Inicia vacunaci\u00f3n covid para ni\u00f1os de Piedras Negras, Coahuila, con Pfizer, donadas por EEUU"}]},{"@type":"WebSite","@id":"https:\/\/www.sonoraenequipo.com.mx\/#website","url":"https:\/\/www.sonoraenequipo.com.mx\/","name":"Sonora en Equipo.","description":"Diario en l\u00ednea con Noticias desde Hermosillo, Sonora","publisher":{"@id":"https:\/\/www.sonoraenequipo.com.mx\/#organization"},"potentialAction":[{"@type":"SearchAction","target":{"@type":"EntryPoint","urlTemplate":"https:\/\/www.sonoraenequipo.com.mx\/?s={search_term_string}"},"query-input":{"@type":"PropertyValueSpecification","valueRequired":true,"valueName":"search_term_string"}}],"inLanguage":"es"},{"@type":"Organization","@id":"https:\/\/www.sonoraenequipo.com.mx\/#organization","name":"Sonoraenequipo.com.mx","url":"https:\/\/www.sonoraenequipo.com.mx\/","logo":{"@type":"ImageObject","inLanguage":"es","@id":"https:\/\/www.sonoraenequipo.com.mx\/#\/schema\/logo\/image\/","url":"https:\/\/www.sonoraenequipo.com.mx\/storage\/2019\/01\/sonoraenequipo_opt.png","contentUrl":"https:\/\/www.sonoraenequipo.com.mx\/storage\/2019\/01\/sonoraenequipo_opt.png","width":375,"height":125,"caption":"Sonoraenequipo.com.mx"},"image":{"@id":"https:\/\/www.sonoraenequipo.com.mx\/#\/schema\/logo\/image\/"},"sameAs":["https:\/\/www.facebook.com\/SonoraEE\/","https:\/\/x.com\/sonoraenequipo","https:\/\/www.youtube.com\/channel\/UC338nW-lPEYmJQs4ZABQ1SQ"]},{"@type":"Person","@id":"https:\/\/www.sonoraenequipo.com.mx\/#\/schema\/person\/50102df0fb23a8fa9e8effad8fa81386","name":"enequipo","image":{"@type":"ImageObject","inLanguage":"es","@id":"https:\/\/www.sonoraenequipo.com.mx\/#\/schema\/person\/image\/","url":"https:\/\/secure.gravatar.com\/avatar\/049821681b589dabc0bc20695993ccebb09f5b5d4d790cd9251b97faac7c652b?s=96&d=blank&r=g","contentUrl":"https:\/\/secure.gravatar.com\/avatar\/049821681b589dabc0bc20695993ccebb09f5b5d4d790cd9251b97faac7c652b?s=96&d=blank&r=g","caption":"enequipo"},"sameAs":["https:\/\/www.facebook.com\/SonoraEE"]}]}},"jetpack_featured_media_url":"https:\/\/www.sonoraenequipo.com.mx\/storage\/2021\/09\/coahuila-vacunas-para-ninos_opt.jpg","_links":{"self":[{"href":"https:\/\/www.sonoraenequipo.com.mx\/api\/wp\/v2\/posts\/122871","targetHints":{"allow":["GET"]}}],"collection":[{"href":"https:\/\/www.sonoraenequipo.com.mx\/api\/wp\/v2\/posts"}],"about":[{"href":"https:\/\/www.sonoraenequipo.com.mx\/api\/wp\/v2\/types\/post"}],"author":[{"embeddable":true,"href":"https:\/\/www.sonoraenequipo.com.mx\/api\/wp\/v2\/users\/1"}],"replies":[{"embeddable":true,"href":"https:\/\/www.sonoraenequipo.com.mx\/api\/wp\/v2\/comments?post=122871"}],"version-history":[{"count":1,"href":"https:\/\/www.sonoraenequipo.com.mx\/api\/wp\/v2\/posts\/122871\/revisions"}],"predecessor-version":[{"id":122873,"href":"https:\/\/www.sonoraenequipo.com.mx\/api\/wp\/v2\/posts\/122871\/revisions\/122873"}],"wp:featuredmedia":[{"embeddable":true,"href":"https:\/\/www.sonoraenequipo.com.mx\/api\/wp\/v2\/media\/122872"}],"wp:attachment":[{"href":"https:\/\/www.sonoraenequipo.com.mx\/api\/wp\/v2\/media?parent=122871"}],"wp:term":[{"taxonomy":"category","embeddable":true,"href":"https:\/\/www.sonoraenequipo.com.mx\/api\/wp\/v2\/categories?post=122871"},{"taxonomy":"post_tag","embeddable":true,"href":"https:\/\/www.sonoraenequipo.com.mx\/api\/wp\/v2\/tags?post=122871"}],"curies":[{"name":"wp","href":"https:\/\/api.w.org\/{rel}","templated":true}]}}