{"id":122974,"date":"2021-09-16T07:37:04","date_gmt":"2021-09-16T14:37:04","guid":{"rendered":"https:\/\/www.sonoraenequipo.com.mx\/?p=122974"},"modified":"2021-09-16T13:39:57","modified_gmt":"2021-09-16T20:39:57","slug":"encabezo-gobernador-durazo-grito-de-independencia","status":"publish","type":"post","link":"https:\/\/www.sonoraenequipo.com.mx\/encabezo-gobernador-durazo-grito-de-independencia\/","title":{"rendered":"Encabez\u00f3 gobernador Durazo Grito de Independencia"},"content":{"rendered":"<p>HERMOSILLO, SONORA,MX.\u2500\u2500 En una noche llena de m\u00fasica, baile y fuegos artificiales, el gobernador Alfonso Durazo Monta\u00f1o dio su primer Grito de Independencia, en el inicio de la cuarta transformaci\u00f3n en Sonora.<\/p>\n<p>&nbsp;<\/p>\n<p>En la ceremonia del 211 aniversario del inicio de la Independencia de M\u00e9xico, el mandatario estatal, acompa\u00f1ado por su familia e invitados especiales, observ\u00f3 desde el Sal\u00f3n Gobernadores de Palacio de Gobierno la transmisi\u00f3n del Grito de Independencia encabezada por el presidente Andr\u00e9s Manuel L\u00f3pez Obrador en el Z\u00f3calo capitalino.<\/p>\n<p>&nbsp;<\/p>\n<p>Posteriormente dio inicio a la ceremonia local, donde el titular el Ejecutivo estatal recibi\u00f3 la bandera nacional de manos de elementos del 73 Batall\u00f3n de Infanter\u00eda, y se dirigi\u00f3 al balc\u00f3n de Palacio de Gobierno para hacer sonar la campana, ondear el l\u00e1baro patrio y arengar al pueblo sonorense a recordar y exaltar a los h\u00e9roes y hero\u00ednas que dieron patria y libertad a esta tierra, al grito de \u00ab\u00a1Viva M\u00e9xico! \u00a1Viva los h\u00e9roes y las hero\u00ednas que nos dieron patria! \u00a1Vivan los pueblos originarios! \u00a1Viva el Sonora profundo! \u00a1Viva Sonora, Tierra de Oportunidades!\u00bb<\/p>\n<p>&nbsp;<\/p>\n<p>Posteriormente, el gobernador Durazo Monta\u00f1o entreg\u00f3 la bandera a los miembros del Ej\u00e9rcito para despu\u00e9s, en compa\u00f1\u00eda de su familia, disfrutar del \u201cHuapango de Moncayo\u201d, interpretado por la Banda de M\u00fasica del Gobierno del Estado, el baile folcl\u00f3rico del grupo de danza \u201cBeloxkom\u201d, as\u00ed como de los fuegos artificiales que iluminaron el cielo hermosillense.<\/p>\n<p>&nbsp;<\/p>\n<p>Estuvieron presentes \u00c1lvaro Bracamonte Sierra, secretario de Gobierno; Mar\u00eda Dolores del R\u00edo S\u00e1nchez, secretaria de Seguridad P\u00fablica; entre otros integrantes del gabinete.<\/p>\n<p>Fecha de Publicaci\u00f3n\u00a0\u00a0 jueves\u00a0 \/ 16\u00a0\u00a0 \/ septiembre \/ 2021<\/p>\n","protected":false},"excerpt":{"rendered":"<p>HERMOSILLO, SONORA,MX.\u2500\u2500 En una noche llena de m\u00fasica, baile y fuegos artificiales, el gobernador Alfonso&#8230;<\/p>\n","protected":false},"author":1,"featured_media":122975,"comment_status":"open","ping_status":"open","sticky":false,"template":"","format":"standard","meta":{"_monsterinsights_skip_tracking":false,"_monsterinsights_sitenote_active":false,"_monsterinsights_sitenote_note":"","_monsterinsights_sitenote_category":0,"footnotes":""},"categories":[22],"tags":[4700,15],"class_list":["post"],"yoast_head":" \n<title>Sonora en Equipo. Encabez\u00f3 gobernador Durazo Grito de Independencia Sonora<\/title>\n<meta name=\"description\" content=\"HERMOSILLO, SONORA,MX.\u2500\u2500 En una noche llena de m\u00fasica, baile y fuegos artificiales, el gobernador Alfonso Durazo Monta\u00f1o dio su primer Grito de En Sonora en Equipo publicamos toda la informaci\u00f3n de Sonora, M\u00e9xico y el Mundo de manera oportuna y busca que la libertad de expresi\u00f3n sea real. Visita nuestro medio informativo publicado desde Hermosillo, Sonora. %\" \/>\n<meta name=\"robots\" content=\"index, follow, max-snippet:-1, max-image-preview:large, max-video-preview:-1\" \/>\n<link rel=\"canonical\" href=\"https:\/\/www.sonoraenequipo.com.mx\/encabezo-gobernador-durazo-grito-de-independencia\/\" \/>\n<meta property=\"og:locale\" content=\"es_ES\" \/>\n<meta property=\"og:type\" content=\"article\" \/>\n<meta property=\"og:title\" content=\"Sonora en Equipo. Encabez\u00f3 gobernador Durazo Grito de Independencia Sonora\" \/>\n<meta property=\"og:description\" content=\"HERMOSILLO, SONORA,MX.\u2500\u2500 En una noche llena de m\u00fasica, baile y fuegos artificiales, el gobernador Alfonso Durazo Monta\u00f1o dio su primer Grito de En Sonora en Equipo publicamos toda la informaci\u00f3n de Sonora, M\u00e9xico y el Mundo de manera oportuna y busca que la libertad de expresi\u00f3n sea real. Visita nuestro medio informativo publicado desde Hermosillo, Sonora. %\" \/>\n<meta property=\"og:url\" content=\"https:\/\/www.sonoraenequipo.com.mx\/encabezo-gobernador-durazo-grito-de-independencia\/\" \/>\n<meta property=\"og:site_name\" content=\"Sonora en Equipo.\" \/>\n<meta property=\"article:publisher\" content=\"https:\/\/www.facebook.com\/SonoraEE\/\" \/>\n<meta property=\"article:author\" content=\"https:\/\/www.facebook.com\/SonoraEE\" \/>\n<meta property=\"article:published_time\" content=\"2021-09-16T14:37:04+00:00\" \/>\n<meta property=\"article:modified_time\" content=\"2021-09-16T20:39:57+00:00\" \/>\n<meta property=\"og:image\" content=\"https:\/\/www.sonoraenequipo.com.mx\/storage\/2021\/09\/grito-adm.jpg\" \/>\n\t<meta property=\"og:image:width\" content=\"700\" \/>\n\t<meta property=\"og:image:height\" content=\"400\" \/>\n\t<meta property=\"og:image:type\" content=\"image\/jpeg\" \/>\n<meta name=\"author\" content=\"enequipo\" \/>\n<meta name=\"twitter:card\" content=\"summary_large_image\" \/>\n<meta name=\"twitter:creator\" content=\"@sonoraenequipo\" \/>\n<meta name=\"twitter:site\" content=\"@sonoraenequipo\" \/>\n<meta name=\"twitter:label1\" content=\"Escrito por\" \/>\n\t<meta name=\"twitter:data1\" content=\"enequipo\" \/>\n\t<meta name=\"twitter:label2\" content=\"Tiempo de lectura\" \/>\n\t<meta name=\"twitter:data2\" content=\"2 minutos\" \/>\n<script type=\"application\/ld+json\" class=\"yoast-schema-graph\">{\"@context\":\"https:\/\/schema.org\",\"@graph\":[{\"@type\":\"Article\",\"@id\":\"https:\/\/www.sonoraenequipo.com.mx\/encabezo-gobernador-durazo-grito-de-independencia\/#article\",\"isPartOf\":{\"@id\":\"https:\/\/www.sonoraenequipo.com.mx\/encabezo-gobernador-durazo-grito-de-independencia\/\"},\"author\":{\"name\":\"enequipo\",\"@id\":\"https:\/\/www.sonoraenequipo.com.mx\/#\/schema\/person\/50102df0fb23a8fa9e8effad8fa81386\"},\"headline\":\"Encabez\u00f3 gobernador Durazo Grito de Independencia\",\"datePublished\":\"2021-09-16T14:37:04+00:00\",\"dateModified\":\"2021-09-16T20:39:57+00:00\",\"mainEntityOfPage\":{\"@id\":\"https:\/\/www.sonoraenequipo.com.mx\/encabezo-gobernador-durazo-grito-de-independencia\/\"},\"wordCount\":296,\"commentCount\":0,\"publisher\":{\"@id\":\"https:\/\/www.sonoraenequipo.com.mx\/#organization\"},\"image\":{\"@id\":\"https:\/\/www.sonoraenequipo.com.mx\/encabezo-gobernador-durazo-grito-de-independencia\/#primaryimage\"},\"thumbnailUrl\":\"https:\/\/www.sonoraenequipo.com.mx\/storage\/2021\/09\/grito-adm.jpg\",\"keywords\":[\"grito\",\"Sonora\"],\"articleSection\":[\"Sonora\"],\"inLanguage\":\"es\",\"potentialAction\":[{\"@type\":\"CommentAction\",\"name\":\"Comment\",\"target\":[\"https:\/\/www.sonoraenequipo.com.mx\/encabezo-gobernador-durazo-grito-de-independencia\/#respond\"]}]},{\"@type\":\"WebPage\",\"@id\":\"https:\/\/www.sonoraenequipo.com.mx\/encabezo-gobernador-durazo-grito-de-independencia\/\",\"url\":\"https:\/\/www.sonoraenequipo.com.mx\/encabezo-gobernador-durazo-grito-de-independencia\/\",\"name\":\"Sonora en Equipo. Encabez\u00f3 gobernador Durazo Grito de Independencia Sonora\",\"isPartOf\":{\"@id\":\"https:\/\/www.sonoraenequipo.com.mx\/#website\"},\"primaryImageOfPage\":{\"@id\":\"https:\/\/www.sonoraenequipo.com.mx\/encabezo-gobernador-durazo-grito-de-independencia\/#primaryimage\"},\"image\":{\"@id\":\"https:\/\/www.sonoraenequipo.com.mx\/encabezo-gobernador-durazo-grito-de-independencia\/#primaryimage\"},\"thumbnailUrl\":\"https:\/\/www.sonoraenequipo.com.mx\/storage\/2021\/09\/grito-adm.jpg\",\"datePublished\":\"2021-09-16T14:37:04+00:00\",\"dateModified\":\"2021-09-16T20:39:57+00:00\",\"description\":\"HERMOSILLO, SONORA,MX.\u2500\u2500 En una noche llena de m\u00fasica, baile y fuegos artificiales, el gobernador Alfonso Durazo Monta\u00f1o dio su primer Grito de En Sonora en Equipo publicamos toda la informaci\u00f3n de Sonora, M\u00e9xico y el Mundo de manera oportuna y busca que la libertad de expresi\u00f3n sea real. Visita nuestro medio informativo publicado desde Hermosillo, Sonora. %\",\"breadcrumb\":{\"@id\":\"https:\/\/www.sonoraenequipo.com.mx\/encabezo-gobernador-durazo-grito-de-independencia\/#breadcrumb\"},\"inLanguage\":\"es\",\"potentialAction\":[{\"@type\":\"ReadAction\",\"target\":[\"https:\/\/www.sonoraenequipo.com.mx\/encabezo-gobernador-durazo-grito-de-independencia\/\"]}]},{\"@type\":\"ImageObject\",\"inLanguage\":\"es\",\"@id\":\"https:\/\/www.sonoraenequipo.com.mx\/encabezo-gobernador-durazo-grito-de-independencia\/#primaryimage\",\"url\":\"https:\/\/www.sonoraenequipo.com.mx\/storage\/2021\/09\/grito-adm.jpg\",\"contentUrl\":\"https:\/\/www.sonoraenequipo.com.mx\/storage\/2021\/09\/grito-adm.jpg\",\"width\":700,\"height\":400},{\"@type\":\"BreadcrumbList\",\"@id\":\"https:\/\/www.sonoraenequipo.com.mx\/encabezo-gobernador-durazo-grito-de-independencia\/#breadcrumb\",\"itemListElement\":[{\"@type\":\"ListItem\",\"position\":1,\"name\":\"Portada\",\"item\":\"https:\/\/www.sonoraenequipo.com.mx\/\"},{\"@type\":\"ListItem\",\"position\":2,\"name\":\"Encabez\u00f3 gobernador Durazo Grito de Independencia\"}]},{\"@type\":\"WebSite\",\"@id\":\"https:\/\/www.sonoraenequipo.com.mx\/#website\",\"url\":\"https:\/\/www.sonoraenequipo.com.mx\/\",\"name\":\"Sonora en Equipo.\",\"description\":\"Diario en l\u00ednea con Noticias desde Hermosillo, Sonora\",\"publisher\":{\"@id\":\"https:\/\/www.sonoraenequipo.com.mx\/#organization\"},\"potentialAction\":[{\"@type\":\"SearchAction\",\"target\":{\"@type\":\"EntryPoint\",\"urlTemplate\":\"https:\/\/www.sonoraenequipo.com.mx\/?s={search_term_string}\"},\"query-input\":{\"@type\":\"PropertyValueSpecification\",\"valueRequired\":true,\"valueName\":\"search_term_string\"}}],\"inLanguage\":\"es\"},{\"@type\":\"Organization\",\"@id\":\"https:\/\/www.sonoraenequipo.com.mx\/#organization\",\"name\":\"Sonoraenequipo.com.mx\",\"url\":\"https:\/\/www.sonoraenequipo.com.mx\/\",\"logo\":{\"@type\":\"ImageObject\",\"inLanguage\":\"es\",\"@id\":\"https:\/\/www.sonoraenequipo.com.mx\/#\/schema\/logo\/image\/\",\"url\":\"https:\/\/www.sonoraenequipo.com.mx\/storage\/2019\/01\/sonoraenequipo_opt.png\",\"contentUrl\":\"https:\/\/www.sonoraenequipo.com.mx\/storage\/2019\/01\/sonoraenequipo_opt.png\",\"width\":375,\"height\":125,\"caption\":\"Sonoraenequipo.com.mx\"},\"image\":{\"@id\":\"https:\/\/www.sonoraenequipo.com.mx\/#\/schema\/logo\/image\/\"},\"sameAs\":[\"https:\/\/www.facebook.com\/SonoraEE\/\",\"https:\/\/x.com\/sonoraenequipo\",\"https:\/\/www.youtube.com\/channel\/UC338nW-lPEYmJQs4ZABQ1SQ\"]},{\"@type\":\"Person\",\"@id\":\"https:\/\/www.sonoraenequipo.com.mx\/#\/schema\/person\/50102df0fb23a8fa9e8effad8fa81386\",\"name\":\"enequipo\",\"image\":{\"@type\":\"ImageObject\",\"inLanguage\":\"es\",\"@id\":\"https:\/\/www.sonoraenequipo.com.mx\/#\/schema\/person\/image\/\",\"url\":\"https:\/\/secure.gravatar.com\/avatar\/049821681b589dabc0bc20695993ccebb09f5b5d4d790cd9251b97faac7c652b?s=96&d=blank&r=g\",\"contentUrl\":\"https:\/\/secure.gravatar.com\/avatar\/049821681b589dabc0bc20695993ccebb09f5b5d4d790cd9251b97faac7c652b?s=96&d=blank&r=g\",\"caption\":\"enequipo\"},\"sameAs\":[\"https:\/\/www.facebook.com\/SonoraEE\"]}]}<\/script>\n ","yoast_head_json":{"title":"Sonora en Equipo. Encabez\u00f3 gobernador Durazo Grito de Independencia Sonora","description":"HERMOSILLO, SONORA,MX.\u2500\u2500 En una noche llena de m\u00fasica, baile y fuegos artificiales, el gobernador Alfonso Durazo Monta\u00f1o dio su primer Grito de En Sonora en Equipo publicamos toda la informaci\u00f3n de Sonora, M\u00e9xico y el Mundo de manera oportuna y busca que la libertad de expresi\u00f3n sea real. Visita nuestro medio informativo publicado desde Hermosillo, Sonora. %","robots":{"index":"index","follow":"follow","max-snippet":"max-snippet:-1","max-image-preview":"max-image-preview:large","max-video-preview":"max-video-preview:-1"},"canonical":"https:\/\/www.sonoraenequipo.com.mx\/encabezo-gobernador-durazo-grito-de-independencia\/","og_locale":"es_ES","og_type":"article","og_title":"Sonora en Equipo. Encabez\u00f3 gobernador Durazo Grito de Independencia Sonora","og_description":"HERMOSILLO, SONORA,MX.\u2500\u2500 En una noche llena de m\u00fasica, baile y fuegos artificiales, el gobernador Alfonso Durazo Monta\u00f1o dio su primer Grito de En Sonora en Equipo publicamos toda la informaci\u00f3n de Sonora, M\u00e9xico y el Mundo de manera oportuna y busca que la libertad de expresi\u00f3n sea real. Visita nuestro medio informativo publicado desde Hermosillo, Sonora. %","og_url":"https:\/\/www.sonoraenequipo.com.mx\/encabezo-gobernador-durazo-grito-de-independencia\/","og_site_name":"Sonora en Equipo.","article_publisher":"https:\/\/www.facebook.com\/SonoraEE\/","article_author":"https:\/\/www.facebook.com\/SonoraEE","article_published_time":"2021-09-16T14:37:04+00:00","article_modified_time":"2021-09-16T20:39:57+00:00","og_image":[{"width":700,"height":400,"url":"https:\/\/www.sonoraenequipo.com.mx\/storage\/2021\/09\/grito-adm.jpg","type":"image\/jpeg"}],"author":"enequipo","twitter_card":"summary_large_image","twitter_creator":"@sonoraenequipo","twitter_site":"@sonoraenequipo","twitter_misc":{"Escrito por":"enequipo","Tiempo de lectura":"2 minutos"},"schema":{"@context":"https:\/\/schema.org","@graph":[{"@type":"Article","@id":"https:\/\/www.sonoraenequipo.com.mx\/encabezo-gobernador-durazo-grito-de-independencia\/#article","isPartOf":{"@id":"https:\/\/www.sonoraenequipo.com.mx\/encabezo-gobernador-durazo-grito-de-independencia\/"},"author":{"name":"enequipo","@id":"https:\/\/www.sonoraenequipo.com.mx\/#\/schema\/person\/50102df0fb23a8fa9e8effad8fa81386"},"headline":"Encabez\u00f3 gobernador Durazo Grito de Independencia","datePublished":"2021-09-16T14:37:04+00:00","dateModified":"2021-09-16T20:39:57+00:00","mainEntityOfPage":{"@id":"https:\/\/www.sonoraenequipo.com.mx\/encabezo-gobernador-durazo-grito-de-independencia\/"},"wordCount":296,"commentCount":0,"publisher":{"@id":"https:\/\/www.sonoraenequipo.com.mx\/#organization"},"image":{"@id":"https:\/\/www.sonoraenequipo.com.mx\/encabezo-gobernador-durazo-grito-de-independencia\/#primaryimage"},"thumbnailUrl":"https:\/\/www.sonoraenequipo.com.mx\/storage\/2021\/09\/grito-adm.jpg","keywords":["grito","Sonora"],"articleSection":["Sonora"],"inLanguage":"es","potentialAction":[{"@type":"CommentAction","name":"Comment","target":["https:\/\/www.sonoraenequipo.com.mx\/encabezo-gobernador-durazo-grito-de-independencia\/#respond"]}]},{"@type":"WebPage","@id":"https:\/\/www.sonoraenequipo.com.mx\/encabezo-gobernador-durazo-grito-de-independencia\/","url":"https:\/\/www.sonoraenequipo.com.mx\/encabezo-gobernador-durazo-grito-de-independencia\/","name":"Sonora en Equipo. Encabez\u00f3 gobernador Durazo Grito de Independencia Sonora","isPartOf":{"@id":"https:\/\/www.sonoraenequipo.com.mx\/#website"},"primaryImageOfPage":{"@id":"https:\/\/www.sonoraenequipo.com.mx\/encabezo-gobernador-durazo-grito-de-independencia\/#primaryimage"},"image":{"@id":"https:\/\/www.sonoraenequipo.com.mx\/encabezo-gobernador-durazo-grito-de-independencia\/#primaryimage"},"thumbnailUrl":"https:\/\/www.sonoraenequipo.com.mx\/storage\/2021\/09\/grito-adm.jpg","datePublished":"2021-09-16T14:37:04+00:00","dateModified":"2021-09-16T20:39:57+00:00","description":"HERMOSILLO, SONORA,MX.\u2500\u2500 En una noche llena de m\u00fasica, baile y fuegos artificiales, el gobernador Alfonso Durazo Monta\u00f1o dio su primer Grito de En Sonora en Equipo publicamos toda la informaci\u00f3n de Sonora, M\u00e9xico y el Mundo de manera oportuna y busca que la libertad de expresi\u00f3n sea real. Visita nuestro medio informativo publicado desde Hermosillo, Sonora. %","breadcrumb":{"@id":"https:\/\/www.sonoraenequipo.com.mx\/encabezo-gobernador-durazo-grito-de-independencia\/#breadcrumb"},"inLanguage":"es","potentialAction":[{"@type":"ReadAction","target":["https:\/\/www.sonoraenequipo.com.mx\/encabezo-gobernador-durazo-grito-de-independencia\/"]}]},{"@type":"ImageObject","inLanguage":"es","@id":"https:\/\/www.sonoraenequipo.com.mx\/encabezo-gobernador-durazo-grito-de-independencia\/#primaryimage","url":"https:\/\/www.sonoraenequipo.com.mx\/storage\/2021\/09\/grito-adm.jpg","contentUrl":"https:\/\/www.sonoraenequipo.com.mx\/storage\/2021\/09\/grito-adm.jpg","width":700,"height":400},{"@type":"BreadcrumbList","@id":"https:\/\/www.sonoraenequipo.com.mx\/encabezo-gobernador-durazo-grito-de-independencia\/#breadcrumb","itemListElement":[{"@type":"ListItem","position":1,"name":"Portada","item":"https:\/\/www.sonoraenequipo.com.mx\/"},{"@type":"ListItem","position":2,"name":"Encabez\u00f3 gobernador Durazo Grito de Independencia"}]},{"@type":"WebSite","@id":"https:\/\/www.sonoraenequipo.com.mx\/#website","url":"https:\/\/www.sonoraenequipo.com.mx\/","name":"Sonora en Equipo.","description":"Diario en l\u00ednea con Noticias desde Hermosillo, Sonora","publisher":{"@id":"https:\/\/www.sonoraenequipo.com.mx\/#organization"},"potentialAction":[{"@type":"SearchAction","target":{"@type":"EntryPoint","urlTemplate":"https:\/\/www.sonoraenequipo.com.mx\/?s={search_term_string}"},"query-input":{"@type":"PropertyValueSpecification","valueRequired":true,"valueName":"search_term_string"}}],"inLanguage":"es"},{"@type":"Organization","@id":"https:\/\/www.sonoraenequipo.com.mx\/#organization","name":"Sonoraenequipo.com.mx","url":"https:\/\/www.sonoraenequipo.com.mx\/","logo":{"@type":"ImageObject","inLanguage":"es","@id":"https:\/\/www.sonoraenequipo.com.mx\/#\/schema\/logo\/image\/","url":"https:\/\/www.sonoraenequipo.com.mx\/storage\/2019\/01\/sonoraenequipo_opt.png","contentUrl":"https:\/\/www.sonoraenequipo.com.mx\/storage\/2019\/01\/sonoraenequipo_opt.png","width":375,"height":125,"caption":"Sonoraenequipo.com.mx"},"image":{"@id":"https:\/\/www.sonoraenequipo.com.mx\/#\/schema\/logo\/image\/"},"sameAs":["https:\/\/www.facebook.com\/SonoraEE\/","https:\/\/x.com\/sonoraenequipo","https:\/\/www.youtube.com\/channel\/UC338nW-lPEYmJQs4ZABQ1SQ"]},{"@type":"Person","@id":"https:\/\/www.sonoraenequipo.com.mx\/#\/schema\/person\/50102df0fb23a8fa9e8effad8fa81386","name":"enequipo","image":{"@type":"ImageObject","inLanguage":"es","@id":"https:\/\/www.sonoraenequipo.com.mx\/#\/schema\/person\/image\/","url":"https:\/\/secure.gravatar.com\/avatar\/049821681b589dabc0bc20695993ccebb09f5b5d4d790cd9251b97faac7c652b?s=96&d=blank&r=g","contentUrl":"https:\/\/secure.gravatar.com\/avatar\/049821681b589dabc0bc20695993ccebb09f5b5d4d790cd9251b97faac7c652b?s=96&d=blank&r=g","caption":"enequipo"},"sameAs":["https:\/\/www.facebook.com\/SonoraEE"]}]}},"jetpack_featured_media_url":"https:\/\/www.sonoraenequipo.com.mx\/storage\/2021\/09\/grito-adm.jpg","_links":{"self":[{"href":"https:\/\/www.sonoraenequipo.com.mx\/api\/wp\/v2\/posts\/122974","targetHints":{"allow":["GET"]}}],"collection":[{"href":"https:\/\/www.sonoraenequipo.com.mx\/api\/wp\/v2\/posts"}],"about":[{"href":"https:\/\/www.sonoraenequipo.com.mx\/api\/wp\/v2\/types\/post"}],"author":[{"embeddable":true,"href":"https:\/\/www.sonoraenequipo.com.mx\/api\/wp\/v2\/users\/1"}],"replies":[{"embeddable":true,"href":"https:\/\/www.sonoraenequipo.com.mx\/api\/wp\/v2\/comments?post=122974"}],"version-history":[{"count":1,"href":"https:\/\/www.sonoraenequipo.com.mx\/api\/wp\/v2\/posts\/122974\/revisions"}],"predecessor-version":[{"id":122976,"href":"https:\/\/www.sonoraenequipo.com.mx\/api\/wp\/v2\/posts\/122974\/revisions\/122976"}],"wp:featuredmedia":[{"embeddable":true,"href":"https:\/\/www.sonoraenequipo.com.mx\/api\/wp\/v2\/media\/122975"}],"wp:attachment":[{"href":"https:\/\/www.sonoraenequipo.com.mx\/api\/wp\/v2\/media?parent=122974"}],"wp:term":[{"taxonomy":"category","embeddable":true,"href":"https:\/\/www.sonoraenequipo.com.mx\/api\/wp\/v2\/categories?post=122974"},{"taxonomy":"post_tag","embeddable":true,"href":"https:\/\/www.sonoraenequipo.com.mx\/api\/wp\/v2\/tags?post=122974"}],"curies":[{"name":"wp","href":"https:\/\/api.w.org\/{rel}","templated":true}]}}