{"id":123402,"date":"2021-09-22T19:54:16","date_gmt":"2021-09-23T02:54:16","guid":{"rendered":"https:\/\/www.sonoraenequipo.com.mx\/?p=123402"},"modified":"2021-09-22T19:54:16","modified_gmt":"2021-09-23T02:54:16","slug":"instala-tono-astiazaran-junta-de-gobierno-de-dif-hermosillo","status":"publish","type":"post","link":"https:\/\/www.sonoraenequipo.com.mx\/instala-tono-astiazaran-junta-de-gobierno-de-dif-hermosillo\/","title":{"rendered":"Instala To\u00f1o Astiazar\u00e1n Junta de Gobierno de DIF Hermosillo"},"content":{"rendered":"<p>HERMOSILLO, SONORA,MX.\u2500\u2500 \u00a0Con el nombramiento de los directores de las principales \u00e1reas, se cumpli\u00f3 con la primera reuni\u00f3n de trabajo de la Junta de Gobierno del Sistema para el Desarrollo Integral de la Familia en Hermosillo.<\/p>\n<p>&nbsp;<\/p>\n<p>En esta primera sesi\u00f3n extraordinaria se formaliz\u00f3 la incorporaci\u00f3n del Presidente Municipal Antonio Astiazar\u00e1n a la Junta de Gobierno, junto con la Directora de DIF Hermosillo, Isela Montes de Oca Tapia, en calidad de Secretar\u00eda T\u00e9cnica, y los actuales titulares de Tesorer\u00eda, Oficial\u00eda Mayor, Comunicaci\u00f3n Social, Programaci\u00f3n y Presupuesto, CIDUE, Polic\u00eda Preventiva y Tr\u00e1nsito Municipal y Contralor\u00eda, del Ayuntamiento.<\/p>\n<p>&nbsp;<\/p>\n<p>Tambi\u00e9n de dos regidores de la Comisi\u00f3n de Asistencia Social en el Cabildo, un Comisario P\u00fablico y una Comisaria Ciudadana.<\/p>\n<p>&nbsp;<\/p>\n<p>Ante su esposa y presidenta honoraria de DIF Hermosillo, Patricia Ruibal Zaragoza, quien acudi\u00f3 como testigo de honor, el mun\u00edcipe tom\u00f3 protesta formal a los integrantes del la Junta y particip\u00f3 en el desahogo de los asuntos del orden del d\u00eda.<\/p>\n<p>&nbsp;<\/p>\n<p>Estos incluyeron la aprobaci\u00f3n por unanimidad del otorgamiento de poder amplio y representaci\u00f3n legal y administrativa conforme a la Ley, a la Directora General de la instituci\u00f3n, Isela Montes de Oca, as\u00ed como la presentaci\u00f3n y toma de protesta de los nuevos titulares de \u00e1rea.<\/p>\n<p>&nbsp;<\/p>\n<p>El Presidente Municipal tom\u00f3 protesta a Pablo Alfonso Gonz\u00e1lez Escalante como Director Administrativo; Juan Pablo Acosta Suarez, como Director de Asistencia Social; Rafael Gonz\u00e1lez Borrego en la Direcci\u00f3n de Asistencia Jur\u00eddica y a Mar\u00eda Lizeth Salazar L\u00f3pez a cargo de la Procuradur\u00eda para la Protecci\u00f3n de Ni\u00f1as, Ni\u00f1os, Adolescentes y Adultos Mayores.<\/p>\n<p>&nbsp;<\/p>\n<p>Agradeci\u00f3 a los integrantes de la Junta de Gobierno y dem\u00e1s colaboradores de la instituci\u00f3n, por su compromiso y vocaci\u00f3n de servicio.<\/p>\n<p>Fecha de Publicaci\u00f3n\u00a0 mi\u00e9rcoles\u00a0 \/ 22\u00a0\u00a0 \/ septiembre \/ 2021<\/p>\n<p>&nbsp;<\/p>\n","protected":false},"excerpt":{"rendered":"<p>HERMOSILLO, SONORA,MX.\u2500\u2500 \u00a0Con el nombramiento de los directores de las principales \u00e1reas, se cumpli\u00f3 con&#8230;<\/p>\n","protected":false},"author":1,"featured_media":123403,"comment_status":"open","ping_status":"open","sticky":false,"template":"","format":"standard","meta":{"_monsterinsights_skip_tracking":false,"_monsterinsights_sitenote_active":false,"_monsterinsights_sitenote_note":"","_monsterinsights_sitenote_category":0,"footnotes":""},"categories":[4,22],"tags":[6010,3579,35],"class_list":["post"],"yoast_head":" \n<title>Sonora en Equipo. Instala To\u00f1o Astiazar\u00e1n Junta de Gobierno de DIF Hermosillo Sonora<\/title>\n<meta name=\"description\" content=\"HERMOSILLO, SONORA,MX.\u2500\u2500 \u00a0Con el nombramiento de los directores de las principales \u00e1reas, se cumpli\u00f3 con la primera reuni\u00f3n de trabajo de la Junta de En Sonora en Equipo publicamos toda la informaci\u00f3n de Sonora, M\u00e9xico y el Mundo de manera oportuna y busca que la libertad de expresi\u00f3n sea real. Visita nuestro medio informativo publicado desde Hermosillo, Sonora. %\" \/>\n<meta name=\"robots\" content=\"index, follow, max-snippet:-1, max-image-preview:large, max-video-preview:-1\" \/>\n<link rel=\"canonical\" href=\"https:\/\/www.sonoraenequipo.com.mx\/instala-tono-astiazaran-junta-de-gobierno-de-dif-hermosillo\/\" \/>\n<meta property=\"og:locale\" content=\"es_ES\" \/>\n<meta property=\"og:type\" content=\"article\" \/>\n<meta property=\"og:title\" content=\"Sonora en Equipo. Instala To\u00f1o Astiazar\u00e1n Junta de Gobierno de DIF Hermosillo Sonora\" \/>\n<meta property=\"og:description\" content=\"HERMOSILLO, SONORA,MX.\u2500\u2500 \u00a0Con el nombramiento de los directores de las principales \u00e1reas, se cumpli\u00f3 con la primera reuni\u00f3n de trabajo de la Junta de En Sonora en Equipo publicamos toda la informaci\u00f3n de Sonora, M\u00e9xico y el Mundo de manera oportuna y busca que la libertad de expresi\u00f3n sea real. Visita nuestro medio informativo publicado desde Hermosillo, Sonora. %\" \/>\n<meta property=\"og:url\" content=\"https:\/\/www.sonoraenequipo.com.mx\/instala-tono-astiazaran-junta-de-gobierno-de-dif-hermosillo\/\" \/>\n<meta property=\"og:site_name\" content=\"Sonora en Equipo.\" \/>\n<meta property=\"article:publisher\" content=\"https:\/\/www.facebook.com\/SonoraEE\/\" \/>\n<meta property=\"article:author\" content=\"https:\/\/www.facebook.com\/SonoraEE\" \/>\n<meta property=\"article:published_time\" content=\"2021-09-23T02:54:16+00:00\" \/>\n<meta property=\"og:image\" content=\"https:\/\/www.sonoraenequipo.com.mx\/storage\/2021\/09\/junta-dif-hmo.jpg\" \/>\n\t<meta property=\"og:image:width\" content=\"700\" \/>\n\t<meta property=\"og:image:height\" content=\"400\" \/>\n\t<meta property=\"og:image:type\" content=\"image\/jpeg\" \/>\n<meta name=\"author\" content=\"enequipo\" \/>\n<meta name=\"twitter:card\" content=\"summary_large_image\" \/>\n<meta name=\"twitter:creator\" content=\"@sonoraenequipo\" \/>\n<meta name=\"twitter:site\" content=\"@sonoraenequipo\" \/>\n<meta name=\"twitter:label1\" content=\"Escrito por\" \/>\n\t<meta name=\"twitter:data1\" content=\"enequipo\" \/>\n\t<meta name=\"twitter:label2\" content=\"Tiempo de lectura\" \/>\n\t<meta name=\"twitter:data2\" content=\"2 minutos\" \/>\n<script type=\"application\/ld+json\" class=\"yoast-schema-graph\">{\"@context\":\"https:\/\/schema.org\",\"@graph\":[{\"@type\":\"Article\",\"@id\":\"https:\/\/www.sonoraenequipo.com.mx\/instala-tono-astiazaran-junta-de-gobierno-de-dif-hermosillo\/#article\",\"isPartOf\":{\"@id\":\"https:\/\/www.sonoraenequipo.com.mx\/instala-tono-astiazaran-junta-de-gobierno-de-dif-hermosillo\/\"},\"author\":{\"name\":\"enequipo\",\"@id\":\"https:\/\/www.sonoraenequipo.com.mx\/#\/schema\/person\/50102df0fb23a8fa9e8effad8fa81386\"},\"headline\":\"Instala To\u00f1o Astiazar\u00e1n Junta de Gobierno de DIF Hermosillo\",\"datePublished\":\"2021-09-23T02:54:16+00:00\",\"mainEntityOfPage\":{\"@id\":\"https:\/\/www.sonoraenequipo.com.mx\/instala-tono-astiazaran-junta-de-gobierno-de-dif-hermosillo\/\"},\"wordCount\":336,\"commentCount\":0,\"publisher\":{\"@id\":\"https:\/\/www.sonoraenequipo.com.mx\/#organization\"},\"image\":{\"@id\":\"https:\/\/www.sonoraenequipo.com.mx\/instala-tono-astiazaran-junta-de-gobierno-de-dif-hermosillo\/#primaryimage\"},\"thumbnailUrl\":\"https:\/\/www.sonoraenequipo.com.mx\/storage\/2021\/09\/junta-dif-hmo.jpg\",\"keywords\":[\"Antonio astiazaran\",\"dif\",\"hermosillo\"],\"articleSection\":[\"Municipios\",\"Sonora\"],\"inLanguage\":\"es\",\"potentialAction\":[{\"@type\":\"CommentAction\",\"name\":\"Comment\",\"target\":[\"https:\/\/www.sonoraenequipo.com.mx\/instala-tono-astiazaran-junta-de-gobierno-de-dif-hermosillo\/#respond\"]}]},{\"@type\":\"WebPage\",\"@id\":\"https:\/\/www.sonoraenequipo.com.mx\/instala-tono-astiazaran-junta-de-gobierno-de-dif-hermosillo\/\",\"url\":\"https:\/\/www.sonoraenequipo.com.mx\/instala-tono-astiazaran-junta-de-gobierno-de-dif-hermosillo\/\",\"name\":\"Sonora en Equipo. Instala To\u00f1o Astiazar\u00e1n Junta de Gobierno de DIF Hermosillo Sonora\",\"isPartOf\":{\"@id\":\"https:\/\/www.sonoraenequipo.com.mx\/#website\"},\"primaryImageOfPage\":{\"@id\":\"https:\/\/www.sonoraenequipo.com.mx\/instala-tono-astiazaran-junta-de-gobierno-de-dif-hermosillo\/#primaryimage\"},\"image\":{\"@id\":\"https:\/\/www.sonoraenequipo.com.mx\/instala-tono-astiazaran-junta-de-gobierno-de-dif-hermosillo\/#primaryimage\"},\"thumbnailUrl\":\"https:\/\/www.sonoraenequipo.com.mx\/storage\/2021\/09\/junta-dif-hmo.jpg\",\"datePublished\":\"2021-09-23T02:54:16+00:00\",\"description\":\"HERMOSILLO, SONORA,MX.\u2500\u2500 \u00a0Con el nombramiento de los directores de las principales \u00e1reas, se cumpli\u00f3 con la primera reuni\u00f3n de trabajo de la Junta de En Sonora en Equipo publicamos toda la informaci\u00f3n de Sonora, M\u00e9xico y el Mundo de manera oportuna y busca que la libertad de expresi\u00f3n sea real. Visita nuestro medio informativo publicado desde Hermosillo, Sonora. %\",\"breadcrumb\":{\"@id\":\"https:\/\/www.sonoraenequipo.com.mx\/instala-tono-astiazaran-junta-de-gobierno-de-dif-hermosillo\/#breadcrumb\"},\"inLanguage\":\"es\",\"potentialAction\":[{\"@type\":\"ReadAction\",\"target\":[\"https:\/\/www.sonoraenequipo.com.mx\/instala-tono-astiazaran-junta-de-gobierno-de-dif-hermosillo\/\"]}]},{\"@type\":\"ImageObject\",\"inLanguage\":\"es\",\"@id\":\"https:\/\/www.sonoraenequipo.com.mx\/instala-tono-astiazaran-junta-de-gobierno-de-dif-hermosillo\/#primaryimage\",\"url\":\"https:\/\/www.sonoraenequipo.com.mx\/storage\/2021\/09\/junta-dif-hmo.jpg\",\"contentUrl\":\"https:\/\/www.sonoraenequipo.com.mx\/storage\/2021\/09\/junta-dif-hmo.jpg\",\"width\":700,\"height\":400},{\"@type\":\"BreadcrumbList\",\"@id\":\"https:\/\/www.sonoraenequipo.com.mx\/instala-tono-astiazaran-junta-de-gobierno-de-dif-hermosillo\/#breadcrumb\",\"itemListElement\":[{\"@type\":\"ListItem\",\"position\":1,\"name\":\"Portada\",\"item\":\"https:\/\/www.sonoraenequipo.com.mx\/\"},{\"@type\":\"ListItem\",\"position\":2,\"name\":\"Instala To\u00f1o Astiazar\u00e1n Junta de Gobierno de DIF Hermosillo\"}]},{\"@type\":\"WebSite\",\"@id\":\"https:\/\/www.sonoraenequipo.com.mx\/#website\",\"url\":\"https:\/\/www.sonoraenequipo.com.mx\/\",\"name\":\"Sonora en Equipo.\",\"description\":\"Diario en l\u00ednea con Noticias desde Hermosillo, Sonora\",\"publisher\":{\"@id\":\"https:\/\/www.sonoraenequipo.com.mx\/#organization\"},\"potentialAction\":[{\"@type\":\"SearchAction\",\"target\":{\"@type\":\"EntryPoint\",\"urlTemplate\":\"https:\/\/www.sonoraenequipo.com.mx\/?s={search_term_string}\"},\"query-input\":{\"@type\":\"PropertyValueSpecification\",\"valueRequired\":true,\"valueName\":\"search_term_string\"}}],\"inLanguage\":\"es\"},{\"@type\":\"Organization\",\"@id\":\"https:\/\/www.sonoraenequipo.com.mx\/#organization\",\"name\":\"Sonoraenequipo.com.mx\",\"url\":\"https:\/\/www.sonoraenequipo.com.mx\/\",\"logo\":{\"@type\":\"ImageObject\",\"inLanguage\":\"es\",\"@id\":\"https:\/\/www.sonoraenequipo.com.mx\/#\/schema\/logo\/image\/\",\"url\":\"https:\/\/www.sonoraenequipo.com.mx\/storage\/2019\/01\/sonoraenequipo_opt.png\",\"contentUrl\":\"https:\/\/www.sonoraenequipo.com.mx\/storage\/2019\/01\/sonoraenequipo_opt.png\",\"width\":375,\"height\":125,\"caption\":\"Sonoraenequipo.com.mx\"},\"image\":{\"@id\":\"https:\/\/www.sonoraenequipo.com.mx\/#\/schema\/logo\/image\/\"},\"sameAs\":[\"https:\/\/www.facebook.com\/SonoraEE\/\",\"https:\/\/x.com\/sonoraenequipo\",\"https:\/\/www.youtube.com\/channel\/UC338nW-lPEYmJQs4ZABQ1SQ\"]},{\"@type\":\"Person\",\"@id\":\"https:\/\/www.sonoraenequipo.com.mx\/#\/schema\/person\/50102df0fb23a8fa9e8effad8fa81386\",\"name\":\"enequipo\",\"image\":{\"@type\":\"ImageObject\",\"inLanguage\":\"es\",\"@id\":\"https:\/\/www.sonoraenequipo.com.mx\/#\/schema\/person\/image\/\",\"url\":\"https:\/\/secure.gravatar.com\/avatar\/049821681b589dabc0bc20695993ccebb09f5b5d4d790cd9251b97faac7c652b?s=96&d=blank&r=g\",\"contentUrl\":\"https:\/\/secure.gravatar.com\/avatar\/049821681b589dabc0bc20695993ccebb09f5b5d4d790cd9251b97faac7c652b?s=96&d=blank&r=g\",\"caption\":\"enequipo\"},\"sameAs\":[\"https:\/\/www.facebook.com\/SonoraEE\"]}]}<\/script>\n ","yoast_head_json":{"title":"Sonora en Equipo. Instala To\u00f1o Astiazar\u00e1n Junta de Gobierno de DIF Hermosillo Sonora","description":"HERMOSILLO, SONORA,MX.\u2500\u2500 \u00a0Con el nombramiento de los directores de las principales \u00e1reas, se cumpli\u00f3 con la primera reuni\u00f3n de trabajo de la Junta de En Sonora en Equipo publicamos toda la informaci\u00f3n de Sonora, M\u00e9xico y el Mundo de manera oportuna y busca que la libertad de expresi\u00f3n sea real. Visita nuestro medio informativo publicado desde Hermosillo, Sonora. %","robots":{"index":"index","follow":"follow","max-snippet":"max-snippet:-1","max-image-preview":"max-image-preview:large","max-video-preview":"max-video-preview:-1"},"canonical":"https:\/\/www.sonoraenequipo.com.mx\/instala-tono-astiazaran-junta-de-gobierno-de-dif-hermosillo\/","og_locale":"es_ES","og_type":"article","og_title":"Sonora en Equipo. Instala To\u00f1o Astiazar\u00e1n Junta de Gobierno de DIF Hermosillo Sonora","og_description":"HERMOSILLO, SONORA,MX.\u2500\u2500 \u00a0Con el nombramiento de los directores de las principales \u00e1reas, se cumpli\u00f3 con la primera reuni\u00f3n de trabajo de la Junta de En Sonora en Equipo publicamos toda la informaci\u00f3n de Sonora, M\u00e9xico y el Mundo de manera oportuna y busca que la libertad de expresi\u00f3n sea real. Visita nuestro medio informativo publicado desde Hermosillo, Sonora. %","og_url":"https:\/\/www.sonoraenequipo.com.mx\/instala-tono-astiazaran-junta-de-gobierno-de-dif-hermosillo\/","og_site_name":"Sonora en Equipo.","article_publisher":"https:\/\/www.facebook.com\/SonoraEE\/","article_author":"https:\/\/www.facebook.com\/SonoraEE","article_published_time":"2021-09-23T02:54:16+00:00","og_image":[{"width":700,"height":400,"url":"https:\/\/www.sonoraenequipo.com.mx\/storage\/2021\/09\/junta-dif-hmo.jpg","type":"image\/jpeg"}],"author":"enequipo","twitter_card":"summary_large_image","twitter_creator":"@sonoraenequipo","twitter_site":"@sonoraenequipo","twitter_misc":{"Escrito por":"enequipo","Tiempo de lectura":"2 minutos"},"schema":{"@context":"https:\/\/schema.org","@graph":[{"@type":"Article","@id":"https:\/\/www.sonoraenequipo.com.mx\/instala-tono-astiazaran-junta-de-gobierno-de-dif-hermosillo\/#article","isPartOf":{"@id":"https:\/\/www.sonoraenequipo.com.mx\/instala-tono-astiazaran-junta-de-gobierno-de-dif-hermosillo\/"},"author":{"name":"enequipo","@id":"https:\/\/www.sonoraenequipo.com.mx\/#\/schema\/person\/50102df0fb23a8fa9e8effad8fa81386"},"headline":"Instala To\u00f1o Astiazar\u00e1n Junta de Gobierno de DIF Hermosillo","datePublished":"2021-09-23T02:54:16+00:00","mainEntityOfPage":{"@id":"https:\/\/www.sonoraenequipo.com.mx\/instala-tono-astiazaran-junta-de-gobierno-de-dif-hermosillo\/"},"wordCount":336,"commentCount":0,"publisher":{"@id":"https:\/\/www.sonoraenequipo.com.mx\/#organization"},"image":{"@id":"https:\/\/www.sonoraenequipo.com.mx\/instala-tono-astiazaran-junta-de-gobierno-de-dif-hermosillo\/#primaryimage"},"thumbnailUrl":"https:\/\/www.sonoraenequipo.com.mx\/storage\/2021\/09\/junta-dif-hmo.jpg","keywords":["Antonio astiazaran","dif","hermosillo"],"articleSection":["Municipios","Sonora"],"inLanguage":"es","potentialAction":[{"@type":"CommentAction","name":"Comment","target":["https:\/\/www.sonoraenequipo.com.mx\/instala-tono-astiazaran-junta-de-gobierno-de-dif-hermosillo\/#respond"]}]},{"@type":"WebPage","@id":"https:\/\/www.sonoraenequipo.com.mx\/instala-tono-astiazaran-junta-de-gobierno-de-dif-hermosillo\/","url":"https:\/\/www.sonoraenequipo.com.mx\/instala-tono-astiazaran-junta-de-gobierno-de-dif-hermosillo\/","name":"Sonora en Equipo. Instala To\u00f1o Astiazar\u00e1n Junta de Gobierno de DIF Hermosillo Sonora","isPartOf":{"@id":"https:\/\/www.sonoraenequipo.com.mx\/#website"},"primaryImageOfPage":{"@id":"https:\/\/www.sonoraenequipo.com.mx\/instala-tono-astiazaran-junta-de-gobierno-de-dif-hermosillo\/#primaryimage"},"image":{"@id":"https:\/\/www.sonoraenequipo.com.mx\/instala-tono-astiazaran-junta-de-gobierno-de-dif-hermosillo\/#primaryimage"},"thumbnailUrl":"https:\/\/www.sonoraenequipo.com.mx\/storage\/2021\/09\/junta-dif-hmo.jpg","datePublished":"2021-09-23T02:54:16+00:00","description":"HERMOSILLO, SONORA,MX.\u2500\u2500 \u00a0Con el nombramiento de los directores de las principales \u00e1reas, se cumpli\u00f3 con la primera reuni\u00f3n de trabajo de la Junta de En Sonora en Equipo publicamos toda la informaci\u00f3n de Sonora, M\u00e9xico y el Mundo de manera oportuna y busca que la libertad de expresi\u00f3n sea real. Visita nuestro medio informativo publicado desde Hermosillo, Sonora. %","breadcrumb":{"@id":"https:\/\/www.sonoraenequipo.com.mx\/instala-tono-astiazaran-junta-de-gobierno-de-dif-hermosillo\/#breadcrumb"},"inLanguage":"es","potentialAction":[{"@type":"ReadAction","target":["https:\/\/www.sonoraenequipo.com.mx\/instala-tono-astiazaran-junta-de-gobierno-de-dif-hermosillo\/"]}]},{"@type":"ImageObject","inLanguage":"es","@id":"https:\/\/www.sonoraenequipo.com.mx\/instala-tono-astiazaran-junta-de-gobierno-de-dif-hermosillo\/#primaryimage","url":"https:\/\/www.sonoraenequipo.com.mx\/storage\/2021\/09\/junta-dif-hmo.jpg","contentUrl":"https:\/\/www.sonoraenequipo.com.mx\/storage\/2021\/09\/junta-dif-hmo.jpg","width":700,"height":400},{"@type":"BreadcrumbList","@id":"https:\/\/www.sonoraenequipo.com.mx\/instala-tono-astiazaran-junta-de-gobierno-de-dif-hermosillo\/#breadcrumb","itemListElement":[{"@type":"ListItem","position":1,"name":"Portada","item":"https:\/\/www.sonoraenequipo.com.mx\/"},{"@type":"ListItem","position":2,"name":"Instala To\u00f1o Astiazar\u00e1n Junta de Gobierno de DIF Hermosillo"}]},{"@type":"WebSite","@id":"https:\/\/www.sonoraenequipo.com.mx\/#website","url":"https:\/\/www.sonoraenequipo.com.mx\/","name":"Sonora en Equipo.","description":"Diario en l\u00ednea con Noticias desde Hermosillo, Sonora","publisher":{"@id":"https:\/\/www.sonoraenequipo.com.mx\/#organization"},"potentialAction":[{"@type":"SearchAction","target":{"@type":"EntryPoint","urlTemplate":"https:\/\/www.sonoraenequipo.com.mx\/?s={search_term_string}"},"query-input":{"@type":"PropertyValueSpecification","valueRequired":true,"valueName":"search_term_string"}}],"inLanguage":"es"},{"@type":"Organization","@id":"https:\/\/www.sonoraenequipo.com.mx\/#organization","name":"Sonoraenequipo.com.mx","url":"https:\/\/www.sonoraenequipo.com.mx\/","logo":{"@type":"ImageObject","inLanguage":"es","@id":"https:\/\/www.sonoraenequipo.com.mx\/#\/schema\/logo\/image\/","url":"https:\/\/www.sonoraenequipo.com.mx\/storage\/2019\/01\/sonoraenequipo_opt.png","contentUrl":"https:\/\/www.sonoraenequipo.com.mx\/storage\/2019\/01\/sonoraenequipo_opt.png","width":375,"height":125,"caption":"Sonoraenequipo.com.mx"},"image":{"@id":"https:\/\/www.sonoraenequipo.com.mx\/#\/schema\/logo\/image\/"},"sameAs":["https:\/\/www.facebook.com\/SonoraEE\/","https:\/\/x.com\/sonoraenequipo","https:\/\/www.youtube.com\/channel\/UC338nW-lPEYmJQs4ZABQ1SQ"]},{"@type":"Person","@id":"https:\/\/www.sonoraenequipo.com.mx\/#\/schema\/person\/50102df0fb23a8fa9e8effad8fa81386","name":"enequipo","image":{"@type":"ImageObject","inLanguage":"es","@id":"https:\/\/www.sonoraenequipo.com.mx\/#\/schema\/person\/image\/","url":"https:\/\/secure.gravatar.com\/avatar\/049821681b589dabc0bc20695993ccebb09f5b5d4d790cd9251b97faac7c652b?s=96&d=blank&r=g","contentUrl":"https:\/\/secure.gravatar.com\/avatar\/049821681b589dabc0bc20695993ccebb09f5b5d4d790cd9251b97faac7c652b?s=96&d=blank&r=g","caption":"enequipo"},"sameAs":["https:\/\/www.facebook.com\/SonoraEE"]}]}},"jetpack_featured_media_url":"https:\/\/www.sonoraenequipo.com.mx\/storage\/2021\/09\/junta-dif-hmo.jpg","_links":{"self":[{"href":"https:\/\/www.sonoraenequipo.com.mx\/api\/wp\/v2\/posts\/123402","targetHints":{"allow":["GET"]}}],"collection":[{"href":"https:\/\/www.sonoraenequipo.com.mx\/api\/wp\/v2\/posts"}],"about":[{"href":"https:\/\/www.sonoraenequipo.com.mx\/api\/wp\/v2\/types\/post"}],"author":[{"embeddable":true,"href":"https:\/\/www.sonoraenequipo.com.mx\/api\/wp\/v2\/users\/1"}],"replies":[{"embeddable":true,"href":"https:\/\/www.sonoraenequipo.com.mx\/api\/wp\/v2\/comments?post=123402"}],"version-history":[{"count":1,"href":"https:\/\/www.sonoraenequipo.com.mx\/api\/wp\/v2\/posts\/123402\/revisions"}],"predecessor-version":[{"id":123404,"href":"https:\/\/www.sonoraenequipo.com.mx\/api\/wp\/v2\/posts\/123402\/revisions\/123404"}],"wp:featuredmedia":[{"embeddable":true,"href":"https:\/\/www.sonoraenequipo.com.mx\/api\/wp\/v2\/media\/123403"}],"wp:attachment":[{"href":"https:\/\/www.sonoraenequipo.com.mx\/api\/wp\/v2\/media?parent=123402"}],"wp:term":[{"taxonomy":"category","embeddable":true,"href":"https:\/\/www.sonoraenequipo.com.mx\/api\/wp\/v2\/categories?post=123402"},{"taxonomy":"post_tag","embeddable":true,"href":"https:\/\/www.sonoraenequipo.com.mx\/api\/wp\/v2\/tags?post=123402"}],"curies":[{"name":"wp","href":"https:\/\/api.w.org\/{rel}","templated":true}]}}