{"id":123408,"date":"2021-09-22T20:25:29","date_gmt":"2021-09-23T03:25:29","guid":{"rendered":"https:\/\/www.sonoraenequipo.com.mx\/?p=123408"},"modified":"2021-09-22T23:10:55","modified_gmt":"2021-09-23T06:10:55","slug":"inaugura-rectora-ii-jornada-internacional-de-difusion-y-fomento-a-las-ciencias-sociales","status":"publish","type":"post","link":"https:\/\/www.sonoraenequipo.com.mx\/inaugura-rectora-ii-jornada-internacional-de-difusion-y-fomento-a-las-ciencias-sociales\/","title":{"rendered":"Inaugura Rectora II Jornada Internacional de Difusi\u00f3n y fomento a las Ciencias Sociales"},"content":{"rendered":"<p>HERMOSILLO, SONORA.\u00a0 MX. \u2014 Con la presencia de prestigiados expositores e investigadores de Estados Unidos, Brasil, Indonesia, Cuba, Argentina, Espa\u00f1a y M\u00e9xico, se inaugur\u00f3 en el campus Caborca de la Universidad de Sonora la II Jornada Internacional de Difusi\u00f3n y Fomento a la Investigaci\u00f3n en Ciencias Sociales, evento acad\u00e9mico que busca fortalecer y coadyuvar en la problem\u00e1tica social y aportar soluciones a trav\u00e9s de la investigaci\u00f3n.<\/p>\n<p>&nbsp;<\/p>\n<p> <\/p>\n<p>&nbsp;<\/p>\n<p>Antes de la declaratoria inaugural, la rectora de la Universidad de Sonora Mar\u00eda Rita Plancarte Mart\u00ednez dio la bienvenida a representantes de casi 40 instituciones de educaci\u00f3n superior y centros de investigaci\u00f3n, quienes en una apretada agenda de dos d\u00edas participar\u00e1n en el programa que comprende 13 conferencias magistrales, 56 trabajos orales, una exposici\u00f3n de carteles y un panel de experiencias y retos.<\/p>\n<p>&nbsp;<\/p>\n<p>El solo hecho de conformar un programa de actividades con tanto trabajo a desarrollar es toda una odisea, pero sin duda los organizadores cumplir\u00e1n cabalmente con su compromiso porque ese es el esp\u00edritu de la Universidad de Sonora: \u201cser congruentes con los dem\u00e1s, consigo mismos y con la m\u00e1xima casa de estudios de Sonora, origen y destino de todos sus esfuerzos\u201d, expres\u00f3 la rectora.<\/p>\n<p>&nbsp;<\/p>\n<p>\u201cIgualmente, podr\u00eda decirse que este encuentro acad\u00e9mico es una radiograf\u00eda del mundo, pues los temas que se desarrollar\u00e1n tocan terrenos del Derecho, Desarrollo regional, Educaci\u00f3n, Migraci\u00f3n, Salud y Violencia, adem\u00e1s de las variantes que ha generado el ejercicio interdisciplinario de las ciencias sociales y las complejas relaciones humanas de individuo a individuo, de estrato a estrato y de sociedad a sociedad, con sus entornos y circunstancias econ\u00f3micas\u201d, expres\u00f3.<\/p>\n<p>&nbsp;<\/p>\n<p>El programa de esta jornada es un claro ejemplo de que las ciencias sociales se han rebasado a s\u00ed mismas, y ello no es gratuito, pues tienen la capacidad de apreciar luz donde las tradiciones perversas s\u00f3lo ven oscuridad; as\u00ed, su estudio y sobre todo su pr\u00e1ctica se convierte en un ejercicio de liberaci\u00f3n y de sanaci\u00f3n de la ciudadan\u00eda an\u00f3nima, y en una convocatoria a cuidar el tejido de la vida social, asever\u00f3.<\/p>\n<p>&nbsp;<\/p>\n<p><em>\u201cNos emociona ser anfitriones de la II Jornada Internacional de Difusi\u00f3n y Fomento a la Investigaci\u00f3n en Ciencias Sociales, porque toca de manera central una de las funciones sustantivas de la Universidad de Sonora: la investigaci\u00f3n\u201d<\/em>, destac\u00f3 Plancarte Mart\u00ednez.<\/p>\n<p>&nbsp;<\/p>\n<p>Ante las transformaciones del mundo y de la naturaleza, e inevitablemente frente a las heridas que ha provocado la pandemia de covid-19 a todos los pa\u00edses, las ciencias sociales han ampliado de manera asombrosa su espectro y nos han mostrado el drama de pueblos sin rumbo y futuro, y han propuesto soluciones a las crisis, tanto particulares como globales. La realidad ahora tiene una buena dosis de fantas\u00eda. Y eso tambi\u00e9n es objeto de estudio, asegur\u00f3.<\/p>\n<p>&nbsp;<\/p>\n<p>Por su parte, la vicerrectora de la Unidad Regional Norte (URN), Leticia Le\u00f3n God\u00ednez, mostr\u00f3 el orgullo por la realizaci\u00f3n de este evento que contribuye a la generaci\u00f3n,<\/p>\n<p>&nbsp;<\/p>\n<p>transmisi\u00f3n y aplicaci\u00f3n de conocimiento a trav\u00e9s de la investigaci\u00f3n cient\u00edfica, la formaci\u00f3n del recurso humano y el desarrollo de proyectos que generen conocimientos cient\u00edficamente valido y socialmente pertinente en apoyo a la soluci\u00f3n de problemas que favorezcan el crecimiento de empresas, organizaciones y de la sociedad en general.<\/p>\n<p>&nbsp;<\/p>\n<p><em>\u201cEste tipo de eventos, facilita la identificaci\u00f3n de l\u00edneas y grupos de investigaci\u00f3n en nuestra comunidad universitaria, a nivel nacional e internacional; fomenta la relaci\u00f3n entre la docencia, la investigaci\u00f3n, la vinculaci\u00f3n y la difusi\u00f3n del quehacer universitario\u201d<\/em>, precis\u00f3.<\/p>\n<p>&nbsp;<\/p>\n<p>Asimismo, esta jornada contribuye al an\u00e1lisis y discusi\u00f3n de situaciones desde diferentes puntos de vista y disciplinas, para el desarrollo la una investigaci\u00f3n de manera integral e interdisciplinaria indic\u00f3.<\/p>\n<p>&nbsp;<\/p>\n<p>El ofrecer conferencias magistrales con investigadores a nivel nacional e internacional, as\u00ed como la participaci\u00f3n de aproximadamente 80 ponencias, generan una fuerza de uni\u00f3n que propician una mayor movilidad y visibilidad al conocimiento que se genera a nivel mundial y del impacto e importancia de la investigaci\u00f3n, agreg\u00f3.<\/p>\n<p>&nbsp;<\/p>\n<p>A su vez, la presidenta del comit\u00e9 organizador del evento, Libia Yaneli Yanez Pe\u00f1u\u00f1uri, destac\u00f3 la importancia de este tipo de eventos que cumplen con las demandas institucionales de fortalecer la investigaci\u00f3n, la transferencia de tecnolog\u00eda y conocimiento, adem\u00e1s de sembrar en los estudiantes el inter\u00e9s por la investigaci\u00f3n.<\/p>\n<p>&nbsp;<\/p>\n<p><img loading=\"lazy\" decoding=\"async\" class=\"x-center  size-full\" src=\"https:\/\/www.sonoraenequipo.com.mx\/storage\/2021\/09\/jornada-en-URN_opt-2.jpg\" alt=\"\" width=\"991\" height=\"400\" \/>La tambi\u00e9n coordinadora de los programas de Educaci\u00f3n y Psicolog\u00eda agradeci\u00f3 el respaldo de los docentes, investigadores y autoridades universitarias para la realizaci\u00f3n de este evento que por primera vez se desarrolla de manera virtual a trav\u00e9s de la plataforma Zoom, y este a\u00f1o los idiomas oficiales para el evento son espa\u00f1ol, ingl\u00e9s y portugu\u00e9s por lo que se contar\u00e1 con traductores en las diferentes salas de trabajo.<\/p>\n<p>&nbsp;<\/p>\n<p>El evento se realiza 22 y 23 de septiembre organizado por integrantes de la Academia de Metodolog\u00eda y Estudios Sociales del Departamento de Ciencias Sociales campus Caborca de la Unidad Regional Norte (URN) e incluye adem\u00e1s eventos culturales y paneles con la participaci\u00f3n de docentes y alumnos.<\/p>\n<p>&nbsp;<\/p>\n<p>En el pres\u00eddium virtual se cont\u00f3 con la presencia de Josafat Marina Ezquerra Brauer, directora de Apoyo a Docentes, Investigaci\u00f3n y Posgrado; el encargado de la Divisi\u00f3n de Ciencias Econ\u00f3micas y Sociales, Jos\u00e9 Luis Le\u00f3n Villa y la Jefa del Departamento de Ciencias Sociales en campus Caborca, Susana Ang\u00e9lica Pastrana Corral.<\/p>\n<p>&nbsp;<\/p>\n<p>(Publicada el 22\/09\/2021 \/Con informaci\u00f3n de Denice L\u00f3pez Mart\u00ednez\/UNISON)<\/p>\n","protected":false},"excerpt":{"rendered":"<p>HERMOSILLO, SONORA.\u00a0 MX. \u2014 Con la presencia de prestigiados expositores e investigadores de Estados Unidos,&#8230;<\/p>\n","protected":false},"author":1,"featured_media":123411,"comment_status":"open","ping_status":"open","sticky":false,"template":"","format":"standard","meta":{"_monsterinsights_skip_tracking":false,"_monsterinsights_sitenote_active":false,"_monsterinsights_sitenote_note":"","_monsterinsights_sitenote_category":0,"footnotes":""},"categories":[22],"tags":[],"class_list":["post"],"yoast_head":" \n<title>Sonora en Equipo. Inaugura Rectora II Jornada Internacional de Difusi\u00f3n y fomento a las Ciencias Sociales Sonora<\/title>\n<meta name=\"description\" content=\"HERMOSILLO, SONORA.\u00a0 MX. \u2014 Con la presencia de prestigiados expositores e investigadores de Estados Unidos, Brasil, Indonesia, Cuba, Argentina, Espa\u00f1a y En Sonora en Equipo publicamos toda la informaci\u00f3n de Sonora, M\u00e9xico y el Mundo de manera oportuna y busca que la libertad de expresi\u00f3n sea real. Visita nuestro medio informativo publicado desde Hermosillo, Sonora. %\" \/>\n<meta name=\"robots\" content=\"index, follow, max-snippet:-1, max-image-preview:large, max-video-preview:-1\" \/>\n<link rel=\"canonical\" href=\"https:\/\/www.sonoraenequipo.com.mx\/inaugura-rectora-ii-jornada-internacional-de-difusion-y-fomento-a-las-ciencias-sociales\/\" \/>\n<meta property=\"og:locale\" content=\"es_ES\" \/>\n<meta property=\"og:type\" content=\"article\" \/>\n<meta property=\"og:title\" content=\"Sonora en Equipo. Inaugura Rectora II Jornada Internacional de Difusi\u00f3n y fomento a las Ciencias Sociales Sonora\" \/>\n<meta property=\"og:description\" content=\"HERMOSILLO, SONORA.\u00a0 MX. \u2014 Con la presencia de prestigiados expositores e investigadores de Estados Unidos, Brasil, Indonesia, Cuba, Argentina, Espa\u00f1a y En Sonora en Equipo publicamos toda la informaci\u00f3n de Sonora, M\u00e9xico y el Mundo de manera oportuna y busca que la libertad de expresi\u00f3n sea real. Visita nuestro medio informativo publicado desde Hermosillo, Sonora. %\" \/>\n<meta property=\"og:url\" content=\"https:\/\/www.sonoraenequipo.com.mx\/inaugura-rectora-ii-jornada-internacional-de-difusion-y-fomento-a-las-ciencias-sociales\/\" \/>\n<meta property=\"og:site_name\" content=\"Sonora en Equipo.\" \/>\n<meta property=\"article:publisher\" content=\"https:\/\/www.facebook.com\/SonoraEE\/\" \/>\n<meta property=\"article:author\" content=\"https:\/\/www.facebook.com\/SonoraEE\" \/>\n<meta property=\"article:published_time\" content=\"2021-09-23T03:25:29+00:00\" \/>\n<meta property=\"article:modified_time\" content=\"2021-09-23T06:10:55+00:00\" \/>\n<meta property=\"og:image\" content=\"https:\/\/www.sonoraenequipo.com.mx\/storage\/2021\/09\/jornada-en-URN_opt-1.jpg\" \/>\n\t<meta property=\"og:image:width\" content=\"700\" \/>\n\t<meta property=\"og:image:height\" content=\"400\" \/>\n\t<meta property=\"og:image:type\" content=\"image\/jpeg\" \/>\n<meta name=\"author\" content=\"enequipo\" \/>\n<meta name=\"twitter:card\" content=\"summary_large_image\" \/>\n<meta name=\"twitter:creator\" content=\"@sonoraenequipo\" \/>\n<meta name=\"twitter:site\" content=\"@sonoraenequipo\" \/>\n<meta name=\"twitter:label1\" content=\"Escrito por\" \/>\n\t<meta name=\"twitter:data1\" content=\"enequipo\" \/>\n\t<meta name=\"twitter:label2\" content=\"Tiempo de lectura\" \/>\n\t<meta name=\"twitter:data2\" content=\"4 minutos\" \/>\n<script type=\"application\/ld+json\" class=\"yoast-schema-graph\">{\"@context\":\"https:\/\/schema.org\",\"@graph\":[{\"@type\":\"Article\",\"@id\":\"https:\/\/www.sonoraenequipo.com.mx\/inaugura-rectora-ii-jornada-internacional-de-difusion-y-fomento-a-las-ciencias-sociales\/#article\",\"isPartOf\":{\"@id\":\"https:\/\/www.sonoraenequipo.com.mx\/inaugura-rectora-ii-jornada-internacional-de-difusion-y-fomento-a-las-ciencias-sociales\/\"},\"author\":{\"name\":\"enequipo\",\"@id\":\"https:\/\/www.sonoraenequipo.com.mx\/#\/schema\/person\/50102df0fb23a8fa9e8effad8fa81386\"},\"headline\":\"Inaugura Rectora II Jornada Internacional de Difusi\u00f3n y fomento a las Ciencias Sociales\",\"datePublished\":\"2021-09-23T03:25:29+00:00\",\"dateModified\":\"2021-09-23T06:10:55+00:00\",\"mainEntityOfPage\":{\"@id\":\"https:\/\/www.sonoraenequipo.com.mx\/inaugura-rectora-ii-jornada-internacional-de-difusion-y-fomento-a-las-ciencias-sociales\/\"},\"wordCount\":984,\"commentCount\":0,\"publisher\":{\"@id\":\"https:\/\/www.sonoraenequipo.com.mx\/#organization\"},\"image\":{\"@id\":\"https:\/\/www.sonoraenequipo.com.mx\/inaugura-rectora-ii-jornada-internacional-de-difusion-y-fomento-a-las-ciencias-sociales\/#primaryimage\"},\"thumbnailUrl\":\"https:\/\/www.sonoraenequipo.com.mx\/storage\/2021\/09\/jornada-en-URN_opt-1.jpg\",\"articleSection\":[\"Sonora\"],\"inLanguage\":\"es\",\"potentialAction\":[{\"@type\":\"CommentAction\",\"name\":\"Comment\",\"target\":[\"https:\/\/www.sonoraenequipo.com.mx\/inaugura-rectora-ii-jornada-internacional-de-difusion-y-fomento-a-las-ciencias-sociales\/#respond\"]}]},{\"@type\":\"WebPage\",\"@id\":\"https:\/\/www.sonoraenequipo.com.mx\/inaugura-rectora-ii-jornada-internacional-de-difusion-y-fomento-a-las-ciencias-sociales\/\",\"url\":\"https:\/\/www.sonoraenequipo.com.mx\/inaugura-rectora-ii-jornada-internacional-de-difusion-y-fomento-a-las-ciencias-sociales\/\",\"name\":\"Sonora en Equipo. Inaugura Rectora II Jornada Internacional de Difusi\u00f3n y fomento a las Ciencias Sociales Sonora\",\"isPartOf\":{\"@id\":\"https:\/\/www.sonoraenequipo.com.mx\/#website\"},\"primaryImageOfPage\":{\"@id\":\"https:\/\/www.sonoraenequipo.com.mx\/inaugura-rectora-ii-jornada-internacional-de-difusion-y-fomento-a-las-ciencias-sociales\/#primaryimage\"},\"image\":{\"@id\":\"https:\/\/www.sonoraenequipo.com.mx\/inaugura-rectora-ii-jornada-internacional-de-difusion-y-fomento-a-las-ciencias-sociales\/#primaryimage\"},\"thumbnailUrl\":\"https:\/\/www.sonoraenequipo.com.mx\/storage\/2021\/09\/jornada-en-URN_opt-1.jpg\",\"datePublished\":\"2021-09-23T03:25:29+00:00\",\"dateModified\":\"2021-09-23T06:10:55+00:00\",\"description\":\"HERMOSILLO, SONORA.\u00a0 MX. \u2014 Con la presencia de prestigiados expositores e investigadores de Estados Unidos, Brasil, Indonesia, Cuba, Argentina, Espa\u00f1a y En Sonora en Equipo publicamos toda la informaci\u00f3n de Sonora, M\u00e9xico y el Mundo de manera oportuna y busca que la libertad de expresi\u00f3n sea real. Visita nuestro medio informativo publicado desde Hermosillo, Sonora. %\",\"breadcrumb\":{\"@id\":\"https:\/\/www.sonoraenequipo.com.mx\/inaugura-rectora-ii-jornada-internacional-de-difusion-y-fomento-a-las-ciencias-sociales\/#breadcrumb\"},\"inLanguage\":\"es\",\"potentialAction\":[{\"@type\":\"ReadAction\",\"target\":[\"https:\/\/www.sonoraenequipo.com.mx\/inaugura-rectora-ii-jornada-internacional-de-difusion-y-fomento-a-las-ciencias-sociales\/\"]}]},{\"@type\":\"ImageObject\",\"inLanguage\":\"es\",\"@id\":\"https:\/\/www.sonoraenequipo.com.mx\/inaugura-rectora-ii-jornada-internacional-de-difusion-y-fomento-a-las-ciencias-sociales\/#primaryimage\",\"url\":\"https:\/\/www.sonoraenequipo.com.mx\/storage\/2021\/09\/jornada-en-URN_opt-1.jpg\",\"contentUrl\":\"https:\/\/www.sonoraenequipo.com.mx\/storage\/2021\/09\/jornada-en-URN_opt-1.jpg\",\"width\":700,\"height\":400},{\"@type\":\"BreadcrumbList\",\"@id\":\"https:\/\/www.sonoraenequipo.com.mx\/inaugura-rectora-ii-jornada-internacional-de-difusion-y-fomento-a-las-ciencias-sociales\/#breadcrumb\",\"itemListElement\":[{\"@type\":\"ListItem\",\"position\":1,\"name\":\"Portada\",\"item\":\"https:\/\/www.sonoraenequipo.com.mx\/\"},{\"@type\":\"ListItem\",\"position\":2,\"name\":\"Inaugura Rectora II Jornada Internacional de Difusi\u00f3n y fomento a las Ciencias Sociales\"}]},{\"@type\":\"WebSite\",\"@id\":\"https:\/\/www.sonoraenequipo.com.mx\/#website\",\"url\":\"https:\/\/www.sonoraenequipo.com.mx\/\",\"name\":\"Sonora en Equipo.\",\"description\":\"Diario en l\u00ednea con Noticias desde Hermosillo, Sonora\",\"publisher\":{\"@id\":\"https:\/\/www.sonoraenequipo.com.mx\/#organization\"},\"potentialAction\":[{\"@type\":\"SearchAction\",\"target\":{\"@type\":\"EntryPoint\",\"urlTemplate\":\"https:\/\/www.sonoraenequipo.com.mx\/?s={search_term_string}\"},\"query-input\":{\"@type\":\"PropertyValueSpecification\",\"valueRequired\":true,\"valueName\":\"search_term_string\"}}],\"inLanguage\":\"es\"},{\"@type\":\"Organization\",\"@id\":\"https:\/\/www.sonoraenequipo.com.mx\/#organization\",\"name\":\"Sonoraenequipo.com.mx\",\"url\":\"https:\/\/www.sonoraenequipo.com.mx\/\",\"logo\":{\"@type\":\"ImageObject\",\"inLanguage\":\"es\",\"@id\":\"https:\/\/www.sonoraenequipo.com.mx\/#\/schema\/logo\/image\/\",\"url\":\"https:\/\/www.sonoraenequipo.com.mx\/storage\/2019\/01\/sonoraenequipo_opt.png\",\"contentUrl\":\"https:\/\/www.sonoraenequipo.com.mx\/storage\/2019\/01\/sonoraenequipo_opt.png\",\"width\":375,\"height\":125,\"caption\":\"Sonoraenequipo.com.mx\"},\"image\":{\"@id\":\"https:\/\/www.sonoraenequipo.com.mx\/#\/schema\/logo\/image\/\"},\"sameAs\":[\"https:\/\/www.facebook.com\/SonoraEE\/\",\"https:\/\/x.com\/sonoraenequipo\",\"https:\/\/www.youtube.com\/channel\/UC338nW-lPEYmJQs4ZABQ1SQ\"]},{\"@type\":\"Person\",\"@id\":\"https:\/\/www.sonoraenequipo.com.mx\/#\/schema\/person\/50102df0fb23a8fa9e8effad8fa81386\",\"name\":\"enequipo\",\"image\":{\"@type\":\"ImageObject\",\"inLanguage\":\"es\",\"@id\":\"https:\/\/www.sonoraenequipo.com.mx\/#\/schema\/person\/image\/\",\"url\":\"https:\/\/secure.gravatar.com\/avatar\/049821681b589dabc0bc20695993ccebb09f5b5d4d790cd9251b97faac7c652b?s=96&d=blank&r=g\",\"contentUrl\":\"https:\/\/secure.gravatar.com\/avatar\/049821681b589dabc0bc20695993ccebb09f5b5d4d790cd9251b97faac7c652b?s=96&d=blank&r=g\",\"caption\":\"enequipo\"},\"sameAs\":[\"https:\/\/www.facebook.com\/SonoraEE\"]}]}<\/script>\n ","yoast_head_json":{"title":"Sonora en Equipo. Inaugura Rectora II Jornada Internacional de Difusi\u00f3n y fomento a las Ciencias Sociales Sonora","description":"HERMOSILLO, SONORA.\u00a0 MX. \u2014 Con la presencia de prestigiados expositores e investigadores de Estados Unidos, Brasil, Indonesia, Cuba, Argentina, Espa\u00f1a y En Sonora en Equipo publicamos toda la informaci\u00f3n de Sonora, M\u00e9xico y el Mundo de manera oportuna y busca que la libertad de expresi\u00f3n sea real. Visita nuestro medio informativo publicado desde Hermosillo, Sonora. %","robots":{"index":"index","follow":"follow","max-snippet":"max-snippet:-1","max-image-preview":"max-image-preview:large","max-video-preview":"max-video-preview:-1"},"canonical":"https:\/\/www.sonoraenequipo.com.mx\/inaugura-rectora-ii-jornada-internacional-de-difusion-y-fomento-a-las-ciencias-sociales\/","og_locale":"es_ES","og_type":"article","og_title":"Sonora en Equipo. Inaugura Rectora II Jornada Internacional de Difusi\u00f3n y fomento a las Ciencias Sociales Sonora","og_description":"HERMOSILLO, SONORA.\u00a0 MX. \u2014 Con la presencia de prestigiados expositores e investigadores de Estados Unidos, Brasil, Indonesia, Cuba, Argentina, Espa\u00f1a y En Sonora en Equipo publicamos toda la informaci\u00f3n de Sonora, M\u00e9xico y el Mundo de manera oportuna y busca que la libertad de expresi\u00f3n sea real. Visita nuestro medio informativo publicado desde Hermosillo, Sonora. %","og_url":"https:\/\/www.sonoraenequipo.com.mx\/inaugura-rectora-ii-jornada-internacional-de-difusion-y-fomento-a-las-ciencias-sociales\/","og_site_name":"Sonora en Equipo.","article_publisher":"https:\/\/www.facebook.com\/SonoraEE\/","article_author":"https:\/\/www.facebook.com\/SonoraEE","article_published_time":"2021-09-23T03:25:29+00:00","article_modified_time":"2021-09-23T06:10:55+00:00","og_image":[{"width":700,"height":400,"url":"https:\/\/www.sonoraenequipo.com.mx\/storage\/2021\/09\/jornada-en-URN_opt-1.jpg","type":"image\/jpeg"}],"author":"enequipo","twitter_card":"summary_large_image","twitter_creator":"@sonoraenequipo","twitter_site":"@sonoraenequipo","twitter_misc":{"Escrito por":"enequipo","Tiempo de lectura":"4 minutos"},"schema":{"@context":"https:\/\/schema.org","@graph":[{"@type":"Article","@id":"https:\/\/www.sonoraenequipo.com.mx\/inaugura-rectora-ii-jornada-internacional-de-difusion-y-fomento-a-las-ciencias-sociales\/#article","isPartOf":{"@id":"https:\/\/www.sonoraenequipo.com.mx\/inaugura-rectora-ii-jornada-internacional-de-difusion-y-fomento-a-las-ciencias-sociales\/"},"author":{"name":"enequipo","@id":"https:\/\/www.sonoraenequipo.com.mx\/#\/schema\/person\/50102df0fb23a8fa9e8effad8fa81386"},"headline":"Inaugura Rectora II Jornada Internacional de Difusi\u00f3n y fomento a las Ciencias Sociales","datePublished":"2021-09-23T03:25:29+00:00","dateModified":"2021-09-23T06:10:55+00:00","mainEntityOfPage":{"@id":"https:\/\/www.sonoraenequipo.com.mx\/inaugura-rectora-ii-jornada-internacional-de-difusion-y-fomento-a-las-ciencias-sociales\/"},"wordCount":984,"commentCount":0,"publisher":{"@id":"https:\/\/www.sonoraenequipo.com.mx\/#organization"},"image":{"@id":"https:\/\/www.sonoraenequipo.com.mx\/inaugura-rectora-ii-jornada-internacional-de-difusion-y-fomento-a-las-ciencias-sociales\/#primaryimage"},"thumbnailUrl":"https:\/\/www.sonoraenequipo.com.mx\/storage\/2021\/09\/jornada-en-URN_opt-1.jpg","articleSection":["Sonora"],"inLanguage":"es","potentialAction":[{"@type":"CommentAction","name":"Comment","target":["https:\/\/www.sonoraenequipo.com.mx\/inaugura-rectora-ii-jornada-internacional-de-difusion-y-fomento-a-las-ciencias-sociales\/#respond"]}]},{"@type":"WebPage","@id":"https:\/\/www.sonoraenequipo.com.mx\/inaugura-rectora-ii-jornada-internacional-de-difusion-y-fomento-a-las-ciencias-sociales\/","url":"https:\/\/www.sonoraenequipo.com.mx\/inaugura-rectora-ii-jornada-internacional-de-difusion-y-fomento-a-las-ciencias-sociales\/","name":"Sonora en Equipo. Inaugura Rectora II Jornada Internacional de Difusi\u00f3n y fomento a las Ciencias Sociales Sonora","isPartOf":{"@id":"https:\/\/www.sonoraenequipo.com.mx\/#website"},"primaryImageOfPage":{"@id":"https:\/\/www.sonoraenequipo.com.mx\/inaugura-rectora-ii-jornada-internacional-de-difusion-y-fomento-a-las-ciencias-sociales\/#primaryimage"},"image":{"@id":"https:\/\/www.sonoraenequipo.com.mx\/inaugura-rectora-ii-jornada-internacional-de-difusion-y-fomento-a-las-ciencias-sociales\/#primaryimage"},"thumbnailUrl":"https:\/\/www.sonoraenequipo.com.mx\/storage\/2021\/09\/jornada-en-URN_opt-1.jpg","datePublished":"2021-09-23T03:25:29+00:00","dateModified":"2021-09-23T06:10:55+00:00","description":"HERMOSILLO, SONORA.\u00a0 MX. \u2014 Con la presencia de prestigiados expositores e investigadores de Estados Unidos, Brasil, Indonesia, Cuba, Argentina, Espa\u00f1a y En Sonora en Equipo publicamos toda la informaci\u00f3n de Sonora, M\u00e9xico y el Mundo de manera oportuna y busca que la libertad de expresi\u00f3n sea real. Visita nuestro medio informativo publicado desde Hermosillo, Sonora. %","breadcrumb":{"@id":"https:\/\/www.sonoraenequipo.com.mx\/inaugura-rectora-ii-jornada-internacional-de-difusion-y-fomento-a-las-ciencias-sociales\/#breadcrumb"},"inLanguage":"es","potentialAction":[{"@type":"ReadAction","target":["https:\/\/www.sonoraenequipo.com.mx\/inaugura-rectora-ii-jornada-internacional-de-difusion-y-fomento-a-las-ciencias-sociales\/"]}]},{"@type":"ImageObject","inLanguage":"es","@id":"https:\/\/www.sonoraenequipo.com.mx\/inaugura-rectora-ii-jornada-internacional-de-difusion-y-fomento-a-las-ciencias-sociales\/#primaryimage","url":"https:\/\/www.sonoraenequipo.com.mx\/storage\/2021\/09\/jornada-en-URN_opt-1.jpg","contentUrl":"https:\/\/www.sonoraenequipo.com.mx\/storage\/2021\/09\/jornada-en-URN_opt-1.jpg","width":700,"height":400},{"@type":"BreadcrumbList","@id":"https:\/\/www.sonoraenequipo.com.mx\/inaugura-rectora-ii-jornada-internacional-de-difusion-y-fomento-a-las-ciencias-sociales\/#breadcrumb","itemListElement":[{"@type":"ListItem","position":1,"name":"Portada","item":"https:\/\/www.sonoraenequipo.com.mx\/"},{"@type":"ListItem","position":2,"name":"Inaugura Rectora II Jornada Internacional de Difusi\u00f3n y fomento a las Ciencias Sociales"}]},{"@type":"WebSite","@id":"https:\/\/www.sonoraenequipo.com.mx\/#website","url":"https:\/\/www.sonoraenequipo.com.mx\/","name":"Sonora en Equipo.","description":"Diario en l\u00ednea con Noticias desde Hermosillo, Sonora","publisher":{"@id":"https:\/\/www.sonoraenequipo.com.mx\/#organization"},"potentialAction":[{"@type":"SearchAction","target":{"@type":"EntryPoint","urlTemplate":"https:\/\/www.sonoraenequipo.com.mx\/?s={search_term_string}"},"query-input":{"@type":"PropertyValueSpecification","valueRequired":true,"valueName":"search_term_string"}}],"inLanguage":"es"},{"@type":"Organization","@id":"https:\/\/www.sonoraenequipo.com.mx\/#organization","name":"Sonoraenequipo.com.mx","url":"https:\/\/www.sonoraenequipo.com.mx\/","logo":{"@type":"ImageObject","inLanguage":"es","@id":"https:\/\/www.sonoraenequipo.com.mx\/#\/schema\/logo\/image\/","url":"https:\/\/www.sonoraenequipo.com.mx\/storage\/2019\/01\/sonoraenequipo_opt.png","contentUrl":"https:\/\/www.sonoraenequipo.com.mx\/storage\/2019\/01\/sonoraenequipo_opt.png","width":375,"height":125,"caption":"Sonoraenequipo.com.mx"},"image":{"@id":"https:\/\/www.sonoraenequipo.com.mx\/#\/schema\/logo\/image\/"},"sameAs":["https:\/\/www.facebook.com\/SonoraEE\/","https:\/\/x.com\/sonoraenequipo","https:\/\/www.youtube.com\/channel\/UC338nW-lPEYmJQs4ZABQ1SQ"]},{"@type":"Person","@id":"https:\/\/www.sonoraenequipo.com.mx\/#\/schema\/person\/50102df0fb23a8fa9e8effad8fa81386","name":"enequipo","image":{"@type":"ImageObject","inLanguage":"es","@id":"https:\/\/www.sonoraenequipo.com.mx\/#\/schema\/person\/image\/","url":"https:\/\/secure.gravatar.com\/avatar\/049821681b589dabc0bc20695993ccebb09f5b5d4d790cd9251b97faac7c652b?s=96&d=blank&r=g","contentUrl":"https:\/\/secure.gravatar.com\/avatar\/049821681b589dabc0bc20695993ccebb09f5b5d4d790cd9251b97faac7c652b?s=96&d=blank&r=g","caption":"enequipo"},"sameAs":["https:\/\/www.facebook.com\/SonoraEE"]}]}},"jetpack_featured_media_url":"https:\/\/www.sonoraenequipo.com.mx\/storage\/2021\/09\/jornada-en-URN_opt-1.jpg","_links":{"self":[{"href":"https:\/\/www.sonoraenequipo.com.mx\/api\/wp\/v2\/posts\/123408","targetHints":{"allow":["GET"]}}],"collection":[{"href":"https:\/\/www.sonoraenequipo.com.mx\/api\/wp\/v2\/posts"}],"about":[{"href":"https:\/\/www.sonoraenequipo.com.mx\/api\/wp\/v2\/types\/post"}],"author":[{"embeddable":true,"href":"https:\/\/www.sonoraenequipo.com.mx\/api\/wp\/v2\/users\/1"}],"replies":[{"embeddable":true,"href":"https:\/\/www.sonoraenequipo.com.mx\/api\/wp\/v2\/comments?post=123408"}],"version-history":[{"count":1,"href":"https:\/\/www.sonoraenequipo.com.mx\/api\/wp\/v2\/posts\/123408\/revisions"}],"predecessor-version":[{"id":123414,"href":"https:\/\/www.sonoraenequipo.com.mx\/api\/wp\/v2\/posts\/123408\/revisions\/123414"}],"wp:featuredmedia":[{"embeddable":true,"href":"https:\/\/www.sonoraenequipo.com.mx\/api\/wp\/v2\/media\/123411"}],"wp:attachment":[{"href":"https:\/\/www.sonoraenequipo.com.mx\/api\/wp\/v2\/media?parent=123408"}],"wp:term":[{"taxonomy":"category","embeddable":true,"href":"https:\/\/www.sonoraenequipo.com.mx\/api\/wp\/v2\/categories?post=123408"},{"taxonomy":"post_tag","embeddable":true,"href":"https:\/\/www.sonoraenequipo.com.mx\/api\/wp\/v2\/tags?post=123408"}],"curies":[{"name":"wp","href":"https:\/\/api.w.org\/{rel}","templated":true}]}}