{"id":123434,"date":"2021-09-23T08:30:36","date_gmt":"2021-09-23T15:30:36","guid":{"rendered":"https:\/\/www.sonoraenequipo.com.mx\/?p=123434"},"modified":"2021-09-23T10:28:31","modified_gmt":"2021-09-23T17:28:31","slug":"huatabampo-entregan-nombramiento-al-nuevo-director-general-de-oomapas","status":"publish","type":"post","link":"https:\/\/www.sonoraenequipo.com.mx\/huatabampo-entregan-nombramiento-al-nuevo-director-general-de-oomapas\/","title":{"rendered":"HUATABAMPO. Entregan nombramiento al nuevo Director General de OOMAPAS"},"content":{"rendered":"<p>HUATABAMPO, SONORA. MX. \u2014 La junta de gobierno ratific\u00f3 y autoriz\u00f3 la designaci\u00f3n del Presidente Municipal Juan Jes\u00fas Flores Mendoza del Director General del Organismo Operador Municipal de Agua Potable, Alcantarillado y Saneamiento de Huatabampo, en la persona del Ing. Rodolfo Yevismea Ordu\u00f1o.<\/p>\n<p>&nbsp;<\/p>\n<p> <\/p>\n<p>&nbsp;<\/p>\n<p>Siendo esto con la intenci\u00f3n de que en el organismo est\u00e9 una persona bien capacitada, que conozca los temas principales y vitales de la paramunicipal, pero sobre todo que sepa como solventar las necesidades e inconvenientes que a diario ah\u00ed se presentan.<\/p>\n<p>&nbsp;<\/p>\n<p>El Presidente Jes\u00fas Flores dispone de especial atenci\u00f3n al tema del agua potable en el municipio, ya que este es uno de los m\u00e1s importantes y sensibles asuntos a tratar para un ayuntamiento, motivo por el cual el alcalde est\u00e1 buscando siempre contar con personas con perfiles adecuados para cada dependencia, y conf\u00eda plenamente en la capacidad y conocimientos del Ing. Rodolfo Yevismea, sabiendo que llevar\u00e1 a buen puerto los destinos el Organismo.<\/p>\n<p>&nbsp;<\/p>\n<p><em>\u201cEl contar con un servicio de agua potable eficiente es una de las prioridades de mi gobierno, es por ello que presto especial atenci\u00f3n a este tema, conf\u00edo plenamente en que mi designaci\u00f3n del Ing. Rodolfo Yevismea como Director General es la m\u00e1s adecuada, pues conozco su preparaci\u00f3n en este rubro, y s\u00e9 que es una persona muy bien preparada y que sabr\u00e1 dirigir al organismo de la mejor manera posible\u201d,<\/em> coment\u00f3 el alcalde.<\/p>\n<p>&nbsp;<\/p>\n<p>En la sesi\u00f3n, tambi\u00e9n estuvo presente v\u00eda zoom el Ing. Vicente Anduaga Cota representante de la Conagua, quien expres\u00f3 conocer muy bien al nuevo Director del Organismo, puesto que en ocasiones anteriores le ha tocado trabajar con \u00e9l, y destac\u00f3 que es una persona confiable y que conoce muy bien la operaci\u00f3n de la paramunicipal, por tal motivo dijo que Rodolfo Yevismea es una excelente designaci\u00f3n por parte del edil Huatabampense.<\/p>\n<p>&nbsp;<\/p>\n<p>&nbsp;<\/p>\n<p>(Publicada el 23\/09\/2021)<\/p>\n","protected":false},"excerpt":{"rendered":"<p>HUATABAMPO, SONORA. MX. \u2014 La junta de gobierno ratific\u00f3 y autoriz\u00f3 la designaci\u00f3n del Presidente&#8230;<\/p>\n","protected":false},"author":1,"featured_media":123436,"comment_status":"open","ping_status":"open","sticky":false,"template":"","format":"standard","meta":{"_monsterinsights_skip_tracking":false,"_monsterinsights_sitenote_active":false,"_monsterinsights_sitenote_note":"","_monsterinsights_sitenote_category":0,"footnotes":""},"categories":[4],"tags":[],"class_list":["post"],"yoast_head":" \n<title>Sonora en Equipo. HUATABAMPO. Entregan nombramiento al nuevo Director General de OOMAPAS Municipios<\/title>\n<meta name=\"description\" content=\"HUATABAMPO, SONORA. MX. \u2014 La junta de gobierno ratific\u00f3 y autoriz\u00f3 la designaci\u00f3n del Presidente Municipal Juan Jes\u00fas Flores Mendoza del Director General En Sonora en Equipo publicamos toda la informaci\u00f3n de Sonora, M\u00e9xico y el Mundo de manera oportuna y busca que la libertad de expresi\u00f3n sea real. Visita nuestro medio informativo publicado desde Hermosillo, Sonora. %\" \/>\n<meta name=\"robots\" content=\"index, follow, max-snippet:-1, max-image-preview:large, max-video-preview:-1\" \/>\n<link rel=\"canonical\" href=\"https:\/\/www.sonoraenequipo.com.mx\/huatabampo-entregan-nombramiento-al-nuevo-director-general-de-oomapas\/\" \/>\n<meta property=\"og:locale\" content=\"es_ES\" \/>\n<meta property=\"og:type\" content=\"article\" \/>\n<meta property=\"og:title\" content=\"Sonora en Equipo. HUATABAMPO. Entregan nombramiento al nuevo Director General de OOMAPAS Municipios\" \/>\n<meta property=\"og:description\" content=\"HUATABAMPO, SONORA. MX. \u2014 La junta de gobierno ratific\u00f3 y autoriz\u00f3 la designaci\u00f3n del Presidente Municipal Juan Jes\u00fas Flores Mendoza del Director General En Sonora en Equipo publicamos toda la informaci\u00f3n de Sonora, M\u00e9xico y el Mundo de manera oportuna y busca que la libertad de expresi\u00f3n sea real. Visita nuestro medio informativo publicado desde Hermosillo, Sonora. %\" \/>\n<meta property=\"og:url\" content=\"https:\/\/www.sonoraenequipo.com.mx\/huatabampo-entregan-nombramiento-al-nuevo-director-general-de-oomapas\/\" \/>\n<meta property=\"og:site_name\" content=\"Sonora en Equipo.\" \/>\n<meta property=\"article:publisher\" content=\"https:\/\/www.facebook.com\/SonoraEE\/\" \/>\n<meta property=\"article:author\" content=\"https:\/\/www.facebook.com\/SonoraEE\" \/>\n<meta property=\"article:published_time\" content=\"2021-09-23T15:30:36+00:00\" \/>\n<meta property=\"article:modified_time\" content=\"2021-09-23T17:28:31+00:00\" \/>\n<meta property=\"og:image\" content=\"https:\/\/www.sonoraenequipo.com.mx\/storage\/2021\/09\/Ing_opt.jpg\" \/>\n\t<meta property=\"og:image:width\" content=\"700\" \/>\n\t<meta property=\"og:image:height\" content=\"400\" \/>\n\t<meta property=\"og:image:type\" content=\"image\/jpeg\" \/>\n<meta name=\"author\" content=\"enequipo\" \/>\n<meta name=\"twitter:card\" content=\"summary_large_image\" \/>\n<meta name=\"twitter:creator\" content=\"@sonoraenequipo\" \/>\n<meta name=\"twitter:site\" content=\"@sonoraenequipo\" \/>\n<meta name=\"twitter:label1\" content=\"Escrito por\" \/>\n\t<meta name=\"twitter:data1\" content=\"enequipo\" \/>\n\t<meta name=\"twitter:label2\" content=\"Tiempo de lectura\" \/>\n\t<meta name=\"twitter:data2\" content=\"2 minutos\" \/>\n<script type=\"application\/ld+json\" class=\"yoast-schema-graph\">{\"@context\":\"https:\/\/schema.org\",\"@graph\":[{\"@type\":\"Article\",\"@id\":\"https:\/\/www.sonoraenequipo.com.mx\/huatabampo-entregan-nombramiento-al-nuevo-director-general-de-oomapas\/#article\",\"isPartOf\":{\"@id\":\"https:\/\/www.sonoraenequipo.com.mx\/huatabampo-entregan-nombramiento-al-nuevo-director-general-de-oomapas\/\"},\"author\":{\"name\":\"enequipo\",\"@id\":\"https:\/\/www.sonoraenequipo.com.mx\/#\/schema\/person\/50102df0fb23a8fa9e8effad8fa81386\"},\"headline\":\"HUATABAMPO. Entregan nombramiento al nuevo Director General de OOMAPAS\",\"datePublished\":\"2021-09-23T15:30:36+00:00\",\"dateModified\":\"2021-09-23T17:28:31+00:00\",\"mainEntityOfPage\":{\"@id\":\"https:\/\/www.sonoraenequipo.com.mx\/huatabampo-entregan-nombramiento-al-nuevo-director-general-de-oomapas\/\"},\"wordCount\":338,\"commentCount\":0,\"publisher\":{\"@id\":\"https:\/\/www.sonoraenequipo.com.mx\/#organization\"},\"image\":{\"@id\":\"https:\/\/www.sonoraenequipo.com.mx\/huatabampo-entregan-nombramiento-al-nuevo-director-general-de-oomapas\/#primaryimage\"},\"thumbnailUrl\":\"https:\/\/www.sonoraenequipo.com.mx\/storage\/2021\/09\/Ing_opt.jpg\",\"articleSection\":[\"Municipios\"],\"inLanguage\":\"es\",\"potentialAction\":[{\"@type\":\"CommentAction\",\"name\":\"Comment\",\"target\":[\"https:\/\/www.sonoraenequipo.com.mx\/huatabampo-entregan-nombramiento-al-nuevo-director-general-de-oomapas\/#respond\"]}]},{\"@type\":\"WebPage\",\"@id\":\"https:\/\/www.sonoraenequipo.com.mx\/huatabampo-entregan-nombramiento-al-nuevo-director-general-de-oomapas\/\",\"url\":\"https:\/\/www.sonoraenequipo.com.mx\/huatabampo-entregan-nombramiento-al-nuevo-director-general-de-oomapas\/\",\"name\":\"Sonora en Equipo. HUATABAMPO. Entregan nombramiento al nuevo Director General de OOMAPAS Municipios\",\"isPartOf\":{\"@id\":\"https:\/\/www.sonoraenequipo.com.mx\/#website\"},\"primaryImageOfPage\":{\"@id\":\"https:\/\/www.sonoraenequipo.com.mx\/huatabampo-entregan-nombramiento-al-nuevo-director-general-de-oomapas\/#primaryimage\"},\"image\":{\"@id\":\"https:\/\/www.sonoraenequipo.com.mx\/huatabampo-entregan-nombramiento-al-nuevo-director-general-de-oomapas\/#primaryimage\"},\"thumbnailUrl\":\"https:\/\/www.sonoraenequipo.com.mx\/storage\/2021\/09\/Ing_opt.jpg\",\"datePublished\":\"2021-09-23T15:30:36+00:00\",\"dateModified\":\"2021-09-23T17:28:31+00:00\",\"description\":\"HUATABAMPO, SONORA. MX. \u2014 La junta de gobierno ratific\u00f3 y autoriz\u00f3 la designaci\u00f3n del Presidente Municipal Juan Jes\u00fas Flores Mendoza del Director General En Sonora en Equipo publicamos toda la informaci\u00f3n de Sonora, M\u00e9xico y el Mundo de manera oportuna y busca que la libertad de expresi\u00f3n sea real. Visita nuestro medio informativo publicado desde Hermosillo, Sonora. %\",\"breadcrumb\":{\"@id\":\"https:\/\/www.sonoraenequipo.com.mx\/huatabampo-entregan-nombramiento-al-nuevo-director-general-de-oomapas\/#breadcrumb\"},\"inLanguage\":\"es\",\"potentialAction\":[{\"@type\":\"ReadAction\",\"target\":[\"https:\/\/www.sonoraenequipo.com.mx\/huatabampo-entregan-nombramiento-al-nuevo-director-general-de-oomapas\/\"]}]},{\"@type\":\"ImageObject\",\"inLanguage\":\"es\",\"@id\":\"https:\/\/www.sonoraenequipo.com.mx\/huatabampo-entregan-nombramiento-al-nuevo-director-general-de-oomapas\/#primaryimage\",\"url\":\"https:\/\/www.sonoraenequipo.com.mx\/storage\/2021\/09\/Ing_opt.jpg\",\"contentUrl\":\"https:\/\/www.sonoraenequipo.com.mx\/storage\/2021\/09\/Ing_opt.jpg\",\"width\":700,\"height\":400},{\"@type\":\"BreadcrumbList\",\"@id\":\"https:\/\/www.sonoraenequipo.com.mx\/huatabampo-entregan-nombramiento-al-nuevo-director-general-de-oomapas\/#breadcrumb\",\"itemListElement\":[{\"@type\":\"ListItem\",\"position\":1,\"name\":\"Portada\",\"item\":\"https:\/\/www.sonoraenequipo.com.mx\/\"},{\"@type\":\"ListItem\",\"position\":2,\"name\":\"HUATABAMPO. Entregan nombramiento al nuevo Director General de OOMAPAS\"}]},{\"@type\":\"WebSite\",\"@id\":\"https:\/\/www.sonoraenequipo.com.mx\/#website\",\"url\":\"https:\/\/www.sonoraenequipo.com.mx\/\",\"name\":\"Sonora en Equipo.\",\"description\":\"Diario en l\u00ednea con Noticias desde Hermosillo, Sonora\",\"publisher\":{\"@id\":\"https:\/\/www.sonoraenequipo.com.mx\/#organization\"},\"potentialAction\":[{\"@type\":\"SearchAction\",\"target\":{\"@type\":\"EntryPoint\",\"urlTemplate\":\"https:\/\/www.sonoraenequipo.com.mx\/?s={search_term_string}\"},\"query-input\":{\"@type\":\"PropertyValueSpecification\",\"valueRequired\":true,\"valueName\":\"search_term_string\"}}],\"inLanguage\":\"es\"},{\"@type\":\"Organization\",\"@id\":\"https:\/\/www.sonoraenequipo.com.mx\/#organization\",\"name\":\"Sonoraenequipo.com.mx\",\"url\":\"https:\/\/www.sonoraenequipo.com.mx\/\",\"logo\":{\"@type\":\"ImageObject\",\"inLanguage\":\"es\",\"@id\":\"https:\/\/www.sonoraenequipo.com.mx\/#\/schema\/logo\/image\/\",\"url\":\"https:\/\/www.sonoraenequipo.com.mx\/storage\/2019\/01\/sonoraenequipo_opt.png\",\"contentUrl\":\"https:\/\/www.sonoraenequipo.com.mx\/storage\/2019\/01\/sonoraenequipo_opt.png\",\"width\":375,\"height\":125,\"caption\":\"Sonoraenequipo.com.mx\"},\"image\":{\"@id\":\"https:\/\/www.sonoraenequipo.com.mx\/#\/schema\/logo\/image\/\"},\"sameAs\":[\"https:\/\/www.facebook.com\/SonoraEE\/\",\"https:\/\/x.com\/sonoraenequipo\",\"https:\/\/www.youtube.com\/channel\/UC338nW-lPEYmJQs4ZABQ1SQ\"]},{\"@type\":\"Person\",\"@id\":\"https:\/\/www.sonoraenequipo.com.mx\/#\/schema\/person\/50102df0fb23a8fa9e8effad8fa81386\",\"name\":\"enequipo\",\"image\":{\"@type\":\"ImageObject\",\"inLanguage\":\"es\",\"@id\":\"https:\/\/www.sonoraenequipo.com.mx\/#\/schema\/person\/image\/\",\"url\":\"https:\/\/secure.gravatar.com\/avatar\/049821681b589dabc0bc20695993ccebb09f5b5d4d790cd9251b97faac7c652b?s=96&d=blank&r=g\",\"contentUrl\":\"https:\/\/secure.gravatar.com\/avatar\/049821681b589dabc0bc20695993ccebb09f5b5d4d790cd9251b97faac7c652b?s=96&d=blank&r=g\",\"caption\":\"enequipo\"},\"sameAs\":[\"https:\/\/www.facebook.com\/SonoraEE\"]}]}<\/script>\n ","yoast_head_json":{"title":"Sonora en Equipo. HUATABAMPO. Entregan nombramiento al nuevo Director General de OOMAPAS Municipios","description":"HUATABAMPO, SONORA. MX. \u2014 La junta de gobierno ratific\u00f3 y autoriz\u00f3 la designaci\u00f3n del Presidente Municipal Juan Jes\u00fas Flores Mendoza del Director General En Sonora en Equipo publicamos toda la informaci\u00f3n de Sonora, M\u00e9xico y el Mundo de manera oportuna y busca que la libertad de expresi\u00f3n sea real. Visita nuestro medio informativo publicado desde Hermosillo, Sonora. %","robots":{"index":"index","follow":"follow","max-snippet":"max-snippet:-1","max-image-preview":"max-image-preview:large","max-video-preview":"max-video-preview:-1"},"canonical":"https:\/\/www.sonoraenequipo.com.mx\/huatabampo-entregan-nombramiento-al-nuevo-director-general-de-oomapas\/","og_locale":"es_ES","og_type":"article","og_title":"Sonora en Equipo. HUATABAMPO. Entregan nombramiento al nuevo Director General de OOMAPAS Municipios","og_description":"HUATABAMPO, SONORA. MX. \u2014 La junta de gobierno ratific\u00f3 y autoriz\u00f3 la designaci\u00f3n del Presidente Municipal Juan Jes\u00fas Flores Mendoza del Director General En Sonora en Equipo publicamos toda la informaci\u00f3n de Sonora, M\u00e9xico y el Mundo de manera oportuna y busca que la libertad de expresi\u00f3n sea real. Visita nuestro medio informativo publicado desde Hermosillo, Sonora. %","og_url":"https:\/\/www.sonoraenequipo.com.mx\/huatabampo-entregan-nombramiento-al-nuevo-director-general-de-oomapas\/","og_site_name":"Sonora en Equipo.","article_publisher":"https:\/\/www.facebook.com\/SonoraEE\/","article_author":"https:\/\/www.facebook.com\/SonoraEE","article_published_time":"2021-09-23T15:30:36+00:00","article_modified_time":"2021-09-23T17:28:31+00:00","og_image":[{"width":700,"height":400,"url":"https:\/\/www.sonoraenequipo.com.mx\/storage\/2021\/09\/Ing_opt.jpg","type":"image\/jpeg"}],"author":"enequipo","twitter_card":"summary_large_image","twitter_creator":"@sonoraenequipo","twitter_site":"@sonoraenequipo","twitter_misc":{"Escrito por":"enequipo","Tiempo de lectura":"2 minutos"},"schema":{"@context":"https:\/\/schema.org","@graph":[{"@type":"Article","@id":"https:\/\/www.sonoraenequipo.com.mx\/huatabampo-entregan-nombramiento-al-nuevo-director-general-de-oomapas\/#article","isPartOf":{"@id":"https:\/\/www.sonoraenequipo.com.mx\/huatabampo-entregan-nombramiento-al-nuevo-director-general-de-oomapas\/"},"author":{"name":"enequipo","@id":"https:\/\/www.sonoraenequipo.com.mx\/#\/schema\/person\/50102df0fb23a8fa9e8effad8fa81386"},"headline":"HUATABAMPO. Entregan nombramiento al nuevo Director General de OOMAPAS","datePublished":"2021-09-23T15:30:36+00:00","dateModified":"2021-09-23T17:28:31+00:00","mainEntityOfPage":{"@id":"https:\/\/www.sonoraenequipo.com.mx\/huatabampo-entregan-nombramiento-al-nuevo-director-general-de-oomapas\/"},"wordCount":338,"commentCount":0,"publisher":{"@id":"https:\/\/www.sonoraenequipo.com.mx\/#organization"},"image":{"@id":"https:\/\/www.sonoraenequipo.com.mx\/huatabampo-entregan-nombramiento-al-nuevo-director-general-de-oomapas\/#primaryimage"},"thumbnailUrl":"https:\/\/www.sonoraenequipo.com.mx\/storage\/2021\/09\/Ing_opt.jpg","articleSection":["Municipios"],"inLanguage":"es","potentialAction":[{"@type":"CommentAction","name":"Comment","target":["https:\/\/www.sonoraenequipo.com.mx\/huatabampo-entregan-nombramiento-al-nuevo-director-general-de-oomapas\/#respond"]}]},{"@type":"WebPage","@id":"https:\/\/www.sonoraenequipo.com.mx\/huatabampo-entregan-nombramiento-al-nuevo-director-general-de-oomapas\/","url":"https:\/\/www.sonoraenequipo.com.mx\/huatabampo-entregan-nombramiento-al-nuevo-director-general-de-oomapas\/","name":"Sonora en Equipo. HUATABAMPO. Entregan nombramiento al nuevo Director General de OOMAPAS Municipios","isPartOf":{"@id":"https:\/\/www.sonoraenequipo.com.mx\/#website"},"primaryImageOfPage":{"@id":"https:\/\/www.sonoraenequipo.com.mx\/huatabampo-entregan-nombramiento-al-nuevo-director-general-de-oomapas\/#primaryimage"},"image":{"@id":"https:\/\/www.sonoraenequipo.com.mx\/huatabampo-entregan-nombramiento-al-nuevo-director-general-de-oomapas\/#primaryimage"},"thumbnailUrl":"https:\/\/www.sonoraenequipo.com.mx\/storage\/2021\/09\/Ing_opt.jpg","datePublished":"2021-09-23T15:30:36+00:00","dateModified":"2021-09-23T17:28:31+00:00","description":"HUATABAMPO, SONORA. MX. \u2014 La junta de gobierno ratific\u00f3 y autoriz\u00f3 la designaci\u00f3n del Presidente Municipal Juan Jes\u00fas Flores Mendoza del Director General En Sonora en Equipo publicamos toda la informaci\u00f3n de Sonora, M\u00e9xico y el Mundo de manera oportuna y busca que la libertad de expresi\u00f3n sea real. Visita nuestro medio informativo publicado desde Hermosillo, Sonora. %","breadcrumb":{"@id":"https:\/\/www.sonoraenequipo.com.mx\/huatabampo-entregan-nombramiento-al-nuevo-director-general-de-oomapas\/#breadcrumb"},"inLanguage":"es","potentialAction":[{"@type":"ReadAction","target":["https:\/\/www.sonoraenequipo.com.mx\/huatabampo-entregan-nombramiento-al-nuevo-director-general-de-oomapas\/"]}]},{"@type":"ImageObject","inLanguage":"es","@id":"https:\/\/www.sonoraenequipo.com.mx\/huatabampo-entregan-nombramiento-al-nuevo-director-general-de-oomapas\/#primaryimage","url":"https:\/\/www.sonoraenequipo.com.mx\/storage\/2021\/09\/Ing_opt.jpg","contentUrl":"https:\/\/www.sonoraenequipo.com.mx\/storage\/2021\/09\/Ing_opt.jpg","width":700,"height":400},{"@type":"BreadcrumbList","@id":"https:\/\/www.sonoraenequipo.com.mx\/huatabampo-entregan-nombramiento-al-nuevo-director-general-de-oomapas\/#breadcrumb","itemListElement":[{"@type":"ListItem","position":1,"name":"Portada","item":"https:\/\/www.sonoraenequipo.com.mx\/"},{"@type":"ListItem","position":2,"name":"HUATABAMPO. Entregan nombramiento al nuevo Director General de OOMAPAS"}]},{"@type":"WebSite","@id":"https:\/\/www.sonoraenequipo.com.mx\/#website","url":"https:\/\/www.sonoraenequipo.com.mx\/","name":"Sonora en Equipo.","description":"Diario en l\u00ednea con Noticias desde Hermosillo, Sonora","publisher":{"@id":"https:\/\/www.sonoraenequipo.com.mx\/#organization"},"potentialAction":[{"@type":"SearchAction","target":{"@type":"EntryPoint","urlTemplate":"https:\/\/www.sonoraenequipo.com.mx\/?s={search_term_string}"},"query-input":{"@type":"PropertyValueSpecification","valueRequired":true,"valueName":"search_term_string"}}],"inLanguage":"es"},{"@type":"Organization","@id":"https:\/\/www.sonoraenequipo.com.mx\/#organization","name":"Sonoraenequipo.com.mx","url":"https:\/\/www.sonoraenequipo.com.mx\/","logo":{"@type":"ImageObject","inLanguage":"es","@id":"https:\/\/www.sonoraenequipo.com.mx\/#\/schema\/logo\/image\/","url":"https:\/\/www.sonoraenequipo.com.mx\/storage\/2019\/01\/sonoraenequipo_opt.png","contentUrl":"https:\/\/www.sonoraenequipo.com.mx\/storage\/2019\/01\/sonoraenequipo_opt.png","width":375,"height":125,"caption":"Sonoraenequipo.com.mx"},"image":{"@id":"https:\/\/www.sonoraenequipo.com.mx\/#\/schema\/logo\/image\/"},"sameAs":["https:\/\/www.facebook.com\/SonoraEE\/","https:\/\/x.com\/sonoraenequipo","https:\/\/www.youtube.com\/channel\/UC338nW-lPEYmJQs4ZABQ1SQ"]},{"@type":"Person","@id":"https:\/\/www.sonoraenequipo.com.mx\/#\/schema\/person\/50102df0fb23a8fa9e8effad8fa81386","name":"enequipo","image":{"@type":"ImageObject","inLanguage":"es","@id":"https:\/\/www.sonoraenequipo.com.mx\/#\/schema\/person\/image\/","url":"https:\/\/secure.gravatar.com\/avatar\/049821681b589dabc0bc20695993ccebb09f5b5d4d790cd9251b97faac7c652b?s=96&d=blank&r=g","contentUrl":"https:\/\/secure.gravatar.com\/avatar\/049821681b589dabc0bc20695993ccebb09f5b5d4d790cd9251b97faac7c652b?s=96&d=blank&r=g","caption":"enequipo"},"sameAs":["https:\/\/www.facebook.com\/SonoraEE"]}]}},"jetpack_featured_media_url":"https:\/\/www.sonoraenequipo.com.mx\/storage\/2021\/09\/Ing_opt.jpg","_links":{"self":[{"href":"https:\/\/www.sonoraenequipo.com.mx\/api\/wp\/v2\/posts\/123434","targetHints":{"allow":["GET"]}}],"collection":[{"href":"https:\/\/www.sonoraenequipo.com.mx\/api\/wp\/v2\/posts"}],"about":[{"href":"https:\/\/www.sonoraenequipo.com.mx\/api\/wp\/v2\/types\/post"}],"author":[{"embeddable":true,"href":"https:\/\/www.sonoraenequipo.com.mx\/api\/wp\/v2\/users\/1"}],"replies":[{"embeddable":true,"href":"https:\/\/www.sonoraenequipo.com.mx\/api\/wp\/v2\/comments?post=123434"}],"version-history":[{"count":1,"href":"https:\/\/www.sonoraenequipo.com.mx\/api\/wp\/v2\/posts\/123434\/revisions"}],"predecessor-version":[{"id":123437,"href":"https:\/\/www.sonoraenequipo.com.mx\/api\/wp\/v2\/posts\/123434\/revisions\/123437"}],"wp:featuredmedia":[{"embeddable":true,"href":"https:\/\/www.sonoraenequipo.com.mx\/api\/wp\/v2\/media\/123436"}],"wp:attachment":[{"href":"https:\/\/www.sonoraenequipo.com.mx\/api\/wp\/v2\/media?parent=123434"}],"wp:term":[{"taxonomy":"category","embeddable":true,"href":"https:\/\/www.sonoraenequipo.com.mx\/api\/wp\/v2\/categories?post=123434"},{"taxonomy":"post_tag","embeddable":true,"href":"https:\/\/www.sonoraenequipo.com.mx\/api\/wp\/v2\/tags?post=123434"}],"curies":[{"name":"wp","href":"https:\/\/api.w.org\/{rel}","templated":true}]}}