{"id":123440,"date":"2021-09-23T10:35:05","date_gmt":"2021-09-23T17:35:05","guid":{"rendered":"https:\/\/www.sonoraenequipo.com.mx\/?p=123440"},"modified":"2021-09-23T11:48:44","modified_gmt":"2021-09-23T18:48:44","slug":"habra-recursos-para-seguir-atendiendo-la-pandemia-de-coronavirus","status":"publish","type":"post","link":"https:\/\/www.sonoraenequipo.com.mx\/habra-recursos-para-seguir-atendiendo-la-pandemia-de-coronavirus\/","title":{"rendered":"Habr\u00e1 recursos para seguir atendiendo la pandemia de Coronavirus"},"content":{"rendered":"<p>CIUDAD DE M\u00c9XICO. MX. \u2014 Con el fin de seguir atendiendo la emergencia ocasionada por la pandemia de Covid-19, el secretario de Hacienda y Cr\u00e9dito P\u00fablico, Rogelio Ram\u00edrez de la O, asegur\u00f3 que los recursos para el rubro de Salud, han sido garantizados en el proyecto de Presupuesto de Egresos de la Federaci\u00f3n 2022.<\/p>\n<p>&nbsp;<\/p>\n<p> <\/p>\n<p>&nbsp;<\/p>\n<p><em>\u201cDada la actual coyuntura sanitaria, los recursos para continuar haciendo frente a la pandemia han sido plenamente garantizados, el gasto de todo el sector p\u00fablico en Salud, aumenta en 15.1% en t\u00e9rminos reales, con respecto a la asignaci\u00f3n presupuestal de 2021\u201d,<\/em> refiri\u00f3 ante diputados federales en el marco de su comparecencia ante el Pleno.<\/p>\n<p>&nbsp;<\/p>\n<p>De esa manera, resalt\u00f3 que se asignaron 800 mil millones de pesos a este sector que incluye <em>\u201cla adquisici\u00f3n de vacunas y medicamentos, servicios de salud gratuitos y atenci\u00f3n a rezagos a servicios de salud que ven\u00eda de a\u00f1os pasados\u201d,<\/em> refiri\u00f3.<\/p>\n<p>&nbsp;<\/p>\n<p>Dijo que el soporte que tiene el crecimiento econ\u00f3mico est\u00e1 basado en la estrategia nacional de vacunaci\u00f3n y presumi\u00f3 que actualmente 7 de cada 10 personas adultas han sido vacunadas con al menos una dosis, <em>\u201clo que se ha visto reflejado en menores probabilidades de contagios, hospitalizaciones y fallecimientos, adem\u00e1s se han asegurado contratos de vacunas suficientes para vacunar a toda la poblaci\u00f3n\u201d.<\/em><\/p>\n<p>&nbsp;<\/p>\n<p>Se\u00f1al\u00f3 que los apoyos para el bienestar, tuvieron un papel importante para contrarrestar los efectos de la pandemia, \u201c<em>sin estos apoyos las familias de bajos ingresos en M\u00e9xico, habr\u00edan enfrentado condiciones de mayor dificultad durante la pandemia\u201d<\/em> y asegur\u00f3 que se tiene un balance positivo en la recuperaci\u00f3n del mercado laboral.<\/p>\n<p>&nbsp;<\/p>\n<p>En este contexto, el secretario Ram\u00edrez de la O, presumi\u00f3 que el pa\u00eds lleva cuatro trimestres consecutivos de recuperaci\u00f3n sostenida.<em> \u201cSi bien uno de los primeros motores a reactivarse fue el motor externo, hoy el motor m\u00e1s importante es el interno, el cual representa 80% de la econom\u00eda de nuestro pa\u00eds\u201d.<\/em><\/p>\n<p>&nbsp;<\/p>\n<p>Dijo que el consumo privado tuvo un crecimiento de 6.6% durante el primer semestre de 2021 comparado con el mismo de 2020; mientras que la inversi\u00f3n privada aument\u00f3 8.2% durante el mismo periodo.<\/p>\n<p>&nbsp;<\/p>\n<p><em>\u201cEs importante mencionar que el gasto p\u00fablico, los programas sociales, las reformas laborales aprobadas y el impulso a la inversi\u00f3n p\u00fablica y privada a la infraestructura, ayudaron a establecer un soporte a la econom\u00eda popular y ayud\u00f3 a fortalecer los ingresos de la poblaci\u00f3n\u201d,<\/em> se\u00f1al\u00f3 el secretario de Hacienda.<\/p>\n<p>&nbsp;<\/p>\n<p>El secretario de Hacienda, dijo que el PEF refleja un aumento de 4.7% en t\u00e9rminos reales en las transferencias federales a los estados, \u201c<em>poco m\u00e1s de la mitad de estas transferencias est\u00e1n etiquetadas a inversi\u00f3n p\u00fablica\u201d.<\/em><\/p>\n<p>&nbsp;<\/p>\n<p>Asimismo, destac\u00f3 que adicionalmente se destinar\u00e1n casi 83 mil millones de pesos para el apoyo al campo con el objetivo de incrementar la producci\u00f3n y productividad de cultivos y productos agroalimentarios.<\/p>\n<p>&nbsp;<\/p>\n<p><em>\u201cEste presupuesto incluye recursos para promover el uso responsable del suelo y el agua, as\u00ed como la inclusi\u00f3n de sectores hist\u00f3ricamente excluidos para mejorar el bienestar\u201d<\/em>, se\u00f1al\u00f3.<\/p>\n<p>&nbsp;<\/p>\n<p>&nbsp;<\/p>\n<p>(Publicada el 23\/09\/2021)<\/p>\n","protected":false},"excerpt":{"rendered":"<p>CIUDAD DE M\u00c9XICO. MX. \u2014 Con el fin de seguir atendiendo la emergencia ocasionada por&#8230;<\/p>\n","protected":false},"author":1,"featured_media":123442,"comment_status":"open","ping_status":"open","sticky":false,"template":"","format":"standard","meta":{"_monsterinsights_skip_tracking":false,"_monsterinsights_sitenote_active":false,"_monsterinsights_sitenote_note":"","_monsterinsights_sitenote_category":0,"footnotes":""},"categories":[5],"tags":[],"class_list":["post"],"yoast_head":" \n<title>Sonora en Equipo. Habr\u00e1 recursos para seguir atendiendo la pandemia de Coronavirus Rep\u00fablica<\/title>\n<meta name=\"description\" content=\"CIUDAD DE M\u00c9XICO. MX. \u2014 Con el fin de seguir atendiendo la emergencia ocasionada por la pandemia de Covid-19, el secretario de Hacienda y Cr\u00e9dito P\u00fablico, En Sonora en Equipo publicamos toda la informaci\u00f3n de Sonora, M\u00e9xico y el Mundo de manera oportuna y busca que la libertad de expresi\u00f3n sea real. Visita nuestro medio informativo publicado desde Hermosillo, Sonora. %\" \/>\n<meta name=\"robots\" content=\"index, follow, max-snippet:-1, max-image-preview:large, max-video-preview:-1\" \/>\n<link rel=\"canonical\" href=\"https:\/\/www.sonoraenequipo.com.mx\/habra-recursos-para-seguir-atendiendo-la-pandemia-de-coronavirus\/\" \/>\n<meta property=\"og:locale\" content=\"es_ES\" \/>\n<meta property=\"og:type\" content=\"article\" \/>\n<meta property=\"og:title\" content=\"Sonora en Equipo. Habr\u00e1 recursos para seguir atendiendo la pandemia de Coronavirus Rep\u00fablica\" \/>\n<meta property=\"og:description\" content=\"CIUDAD DE M\u00c9XICO. MX. \u2014 Con el fin de seguir atendiendo la emergencia ocasionada por la pandemia de Covid-19, el secretario de Hacienda y Cr\u00e9dito P\u00fablico, En Sonora en Equipo publicamos toda la informaci\u00f3n de Sonora, M\u00e9xico y el Mundo de manera oportuna y busca que la libertad de expresi\u00f3n sea real. Visita nuestro medio informativo publicado desde Hermosillo, Sonora. %\" \/>\n<meta property=\"og:url\" content=\"https:\/\/www.sonoraenequipo.com.mx\/habra-recursos-para-seguir-atendiendo-la-pandemia-de-coronavirus\/\" \/>\n<meta property=\"og:site_name\" content=\"Sonora en Equipo.\" \/>\n<meta property=\"article:publisher\" content=\"https:\/\/www.facebook.com\/SonoraEE\/\" \/>\n<meta property=\"article:author\" content=\"https:\/\/www.facebook.com\/SonoraEE\" \/>\n<meta property=\"article:published_time\" content=\"2021-09-23T17:35:05+00:00\" \/>\n<meta property=\"article:modified_time\" content=\"2021-09-23T18:48:44+00:00\" \/>\n<meta property=\"og:image\" content=\"https:\/\/www.sonoraenequipo.com.mx\/storage\/2021\/09\/hacienda_rogelio-ramirez-de-la-O_opt.jpg\" \/>\n\t<meta property=\"og:image:width\" content=\"700\" \/>\n\t<meta property=\"og:image:height\" content=\"400\" \/>\n\t<meta property=\"og:image:type\" content=\"image\/jpeg\" \/>\n<meta name=\"author\" content=\"enequipo\" \/>\n<meta name=\"twitter:card\" content=\"summary_large_image\" \/>\n<meta name=\"twitter:creator\" content=\"@sonoraenequipo\" \/>\n<meta name=\"twitter:site\" content=\"@sonoraenequipo\" \/>\n<meta name=\"twitter:label1\" content=\"Escrito por\" \/>\n\t<meta name=\"twitter:data1\" content=\"enequipo\" \/>\n\t<meta name=\"twitter:label2\" content=\"Tiempo de lectura\" \/>\n\t<meta name=\"twitter:data2\" content=\"3 minutos\" \/>\n<script type=\"application\/ld+json\" class=\"yoast-schema-graph\">{\"@context\":\"https:\/\/schema.org\",\"@graph\":[{\"@type\":\"Article\",\"@id\":\"https:\/\/www.sonoraenequipo.com.mx\/habra-recursos-para-seguir-atendiendo-la-pandemia-de-coronavirus\/#article\",\"isPartOf\":{\"@id\":\"https:\/\/www.sonoraenequipo.com.mx\/habra-recursos-para-seguir-atendiendo-la-pandemia-de-coronavirus\/\"},\"author\":{\"name\":\"enequipo\",\"@id\":\"https:\/\/www.sonoraenequipo.com.mx\/#\/schema\/person\/50102df0fb23a8fa9e8effad8fa81386\"},\"headline\":\"Habr\u00e1 recursos para seguir atendiendo la pandemia de Coronavirus\",\"datePublished\":\"2021-09-23T17:35:05+00:00\",\"dateModified\":\"2021-09-23T18:48:44+00:00\",\"mainEntityOfPage\":{\"@id\":\"https:\/\/www.sonoraenequipo.com.mx\/habra-recursos-para-seguir-atendiendo-la-pandemia-de-coronavirus\/\"},\"wordCount\":543,\"commentCount\":0,\"publisher\":{\"@id\":\"https:\/\/www.sonoraenequipo.com.mx\/#organization\"},\"image\":{\"@id\":\"https:\/\/www.sonoraenequipo.com.mx\/habra-recursos-para-seguir-atendiendo-la-pandemia-de-coronavirus\/#primaryimage\"},\"thumbnailUrl\":\"https:\/\/www.sonoraenequipo.com.mx\/storage\/2021\/09\/hacienda_rogelio-ramirez-de-la-O_opt.jpg\",\"articleSection\":[\"Rep\u00fablica\"],\"inLanguage\":\"es\",\"potentialAction\":[{\"@type\":\"CommentAction\",\"name\":\"Comment\",\"target\":[\"https:\/\/www.sonoraenequipo.com.mx\/habra-recursos-para-seguir-atendiendo-la-pandemia-de-coronavirus\/#respond\"]}]},{\"@type\":\"WebPage\",\"@id\":\"https:\/\/www.sonoraenequipo.com.mx\/habra-recursos-para-seguir-atendiendo-la-pandemia-de-coronavirus\/\",\"url\":\"https:\/\/www.sonoraenequipo.com.mx\/habra-recursos-para-seguir-atendiendo-la-pandemia-de-coronavirus\/\",\"name\":\"Sonora en Equipo. Habr\u00e1 recursos para seguir atendiendo la pandemia de Coronavirus Rep\u00fablica\",\"isPartOf\":{\"@id\":\"https:\/\/www.sonoraenequipo.com.mx\/#website\"},\"primaryImageOfPage\":{\"@id\":\"https:\/\/www.sonoraenequipo.com.mx\/habra-recursos-para-seguir-atendiendo-la-pandemia-de-coronavirus\/#primaryimage\"},\"image\":{\"@id\":\"https:\/\/www.sonoraenequipo.com.mx\/habra-recursos-para-seguir-atendiendo-la-pandemia-de-coronavirus\/#primaryimage\"},\"thumbnailUrl\":\"https:\/\/www.sonoraenequipo.com.mx\/storage\/2021\/09\/hacienda_rogelio-ramirez-de-la-O_opt.jpg\",\"datePublished\":\"2021-09-23T17:35:05+00:00\",\"dateModified\":\"2021-09-23T18:48:44+00:00\",\"description\":\"CIUDAD DE M\u00c9XICO. MX. \u2014 Con el fin de seguir atendiendo la emergencia ocasionada por la pandemia de Covid-19, el secretario de Hacienda y Cr\u00e9dito P\u00fablico, En Sonora en Equipo publicamos toda la informaci\u00f3n de Sonora, M\u00e9xico y el Mundo de manera oportuna y busca que la libertad de expresi\u00f3n sea real. Visita nuestro medio informativo publicado desde Hermosillo, Sonora. %\",\"breadcrumb\":{\"@id\":\"https:\/\/www.sonoraenequipo.com.mx\/habra-recursos-para-seguir-atendiendo-la-pandemia-de-coronavirus\/#breadcrumb\"},\"inLanguage\":\"es\",\"potentialAction\":[{\"@type\":\"ReadAction\",\"target\":[\"https:\/\/www.sonoraenequipo.com.mx\/habra-recursos-para-seguir-atendiendo-la-pandemia-de-coronavirus\/\"]}]},{\"@type\":\"ImageObject\",\"inLanguage\":\"es\",\"@id\":\"https:\/\/www.sonoraenequipo.com.mx\/habra-recursos-para-seguir-atendiendo-la-pandemia-de-coronavirus\/#primaryimage\",\"url\":\"https:\/\/www.sonoraenequipo.com.mx\/storage\/2021\/09\/hacienda_rogelio-ramirez-de-la-O_opt.jpg\",\"contentUrl\":\"https:\/\/www.sonoraenequipo.com.mx\/storage\/2021\/09\/hacienda_rogelio-ramirez-de-la-O_opt.jpg\",\"width\":700,\"height\":400},{\"@type\":\"BreadcrumbList\",\"@id\":\"https:\/\/www.sonoraenequipo.com.mx\/habra-recursos-para-seguir-atendiendo-la-pandemia-de-coronavirus\/#breadcrumb\",\"itemListElement\":[{\"@type\":\"ListItem\",\"position\":1,\"name\":\"Portada\",\"item\":\"https:\/\/www.sonoraenequipo.com.mx\/\"},{\"@type\":\"ListItem\",\"position\":2,\"name\":\"Habr\u00e1 recursos para seguir atendiendo la pandemia de Coronavirus\"}]},{\"@type\":\"WebSite\",\"@id\":\"https:\/\/www.sonoraenequipo.com.mx\/#website\",\"url\":\"https:\/\/www.sonoraenequipo.com.mx\/\",\"name\":\"Sonora en Equipo.\",\"description\":\"Diario en l\u00ednea con Noticias desde Hermosillo, Sonora\",\"publisher\":{\"@id\":\"https:\/\/www.sonoraenequipo.com.mx\/#organization\"},\"potentialAction\":[{\"@type\":\"SearchAction\",\"target\":{\"@type\":\"EntryPoint\",\"urlTemplate\":\"https:\/\/www.sonoraenequipo.com.mx\/?s={search_term_string}\"},\"query-input\":{\"@type\":\"PropertyValueSpecification\",\"valueRequired\":true,\"valueName\":\"search_term_string\"}}],\"inLanguage\":\"es\"},{\"@type\":\"Organization\",\"@id\":\"https:\/\/www.sonoraenequipo.com.mx\/#organization\",\"name\":\"Sonoraenequipo.com.mx\",\"url\":\"https:\/\/www.sonoraenequipo.com.mx\/\",\"logo\":{\"@type\":\"ImageObject\",\"inLanguage\":\"es\",\"@id\":\"https:\/\/www.sonoraenequipo.com.mx\/#\/schema\/logo\/image\/\",\"url\":\"https:\/\/www.sonoraenequipo.com.mx\/storage\/2019\/01\/sonoraenequipo_opt.png\",\"contentUrl\":\"https:\/\/www.sonoraenequipo.com.mx\/storage\/2019\/01\/sonoraenequipo_opt.png\",\"width\":375,\"height\":125,\"caption\":\"Sonoraenequipo.com.mx\"},\"image\":{\"@id\":\"https:\/\/www.sonoraenequipo.com.mx\/#\/schema\/logo\/image\/\"},\"sameAs\":[\"https:\/\/www.facebook.com\/SonoraEE\/\",\"https:\/\/x.com\/sonoraenequipo\",\"https:\/\/www.youtube.com\/channel\/UC338nW-lPEYmJQs4ZABQ1SQ\"]},{\"@type\":\"Person\",\"@id\":\"https:\/\/www.sonoraenequipo.com.mx\/#\/schema\/person\/50102df0fb23a8fa9e8effad8fa81386\",\"name\":\"enequipo\",\"image\":{\"@type\":\"ImageObject\",\"inLanguage\":\"es\",\"@id\":\"https:\/\/www.sonoraenequipo.com.mx\/#\/schema\/person\/image\/\",\"url\":\"https:\/\/secure.gravatar.com\/avatar\/049821681b589dabc0bc20695993ccebb09f5b5d4d790cd9251b97faac7c652b?s=96&d=blank&r=g\",\"contentUrl\":\"https:\/\/secure.gravatar.com\/avatar\/049821681b589dabc0bc20695993ccebb09f5b5d4d790cd9251b97faac7c652b?s=96&d=blank&r=g\",\"caption\":\"enequipo\"},\"sameAs\":[\"https:\/\/www.facebook.com\/SonoraEE\"]}]}<\/script>\n ","yoast_head_json":{"title":"Sonora en Equipo. Habr\u00e1 recursos para seguir atendiendo la pandemia de Coronavirus Rep\u00fablica","description":"CIUDAD DE M\u00c9XICO. MX. \u2014 Con el fin de seguir atendiendo la emergencia ocasionada por la pandemia de Covid-19, el secretario de Hacienda y Cr\u00e9dito P\u00fablico, En Sonora en Equipo publicamos toda la informaci\u00f3n de Sonora, M\u00e9xico y el Mundo de manera oportuna y busca que la libertad de expresi\u00f3n sea real. Visita nuestro medio informativo publicado desde Hermosillo, Sonora. %","robots":{"index":"index","follow":"follow","max-snippet":"max-snippet:-1","max-image-preview":"max-image-preview:large","max-video-preview":"max-video-preview:-1"},"canonical":"https:\/\/www.sonoraenequipo.com.mx\/habra-recursos-para-seguir-atendiendo-la-pandemia-de-coronavirus\/","og_locale":"es_ES","og_type":"article","og_title":"Sonora en Equipo. Habr\u00e1 recursos para seguir atendiendo la pandemia de Coronavirus Rep\u00fablica","og_description":"CIUDAD DE M\u00c9XICO. MX. \u2014 Con el fin de seguir atendiendo la emergencia ocasionada por la pandemia de Covid-19, el secretario de Hacienda y Cr\u00e9dito P\u00fablico, En Sonora en Equipo publicamos toda la informaci\u00f3n de Sonora, M\u00e9xico y el Mundo de manera oportuna y busca que la libertad de expresi\u00f3n sea real. Visita nuestro medio informativo publicado desde Hermosillo, Sonora. %","og_url":"https:\/\/www.sonoraenequipo.com.mx\/habra-recursos-para-seguir-atendiendo-la-pandemia-de-coronavirus\/","og_site_name":"Sonora en Equipo.","article_publisher":"https:\/\/www.facebook.com\/SonoraEE\/","article_author":"https:\/\/www.facebook.com\/SonoraEE","article_published_time":"2021-09-23T17:35:05+00:00","article_modified_time":"2021-09-23T18:48:44+00:00","og_image":[{"width":700,"height":400,"url":"https:\/\/www.sonoraenequipo.com.mx\/storage\/2021\/09\/hacienda_rogelio-ramirez-de-la-O_opt.jpg","type":"image\/jpeg"}],"author":"enequipo","twitter_card":"summary_large_image","twitter_creator":"@sonoraenequipo","twitter_site":"@sonoraenequipo","twitter_misc":{"Escrito por":"enequipo","Tiempo de lectura":"3 minutos"},"schema":{"@context":"https:\/\/schema.org","@graph":[{"@type":"Article","@id":"https:\/\/www.sonoraenequipo.com.mx\/habra-recursos-para-seguir-atendiendo-la-pandemia-de-coronavirus\/#article","isPartOf":{"@id":"https:\/\/www.sonoraenequipo.com.mx\/habra-recursos-para-seguir-atendiendo-la-pandemia-de-coronavirus\/"},"author":{"name":"enequipo","@id":"https:\/\/www.sonoraenequipo.com.mx\/#\/schema\/person\/50102df0fb23a8fa9e8effad8fa81386"},"headline":"Habr\u00e1 recursos para seguir atendiendo la pandemia de Coronavirus","datePublished":"2021-09-23T17:35:05+00:00","dateModified":"2021-09-23T18:48:44+00:00","mainEntityOfPage":{"@id":"https:\/\/www.sonoraenequipo.com.mx\/habra-recursos-para-seguir-atendiendo-la-pandemia-de-coronavirus\/"},"wordCount":543,"commentCount":0,"publisher":{"@id":"https:\/\/www.sonoraenequipo.com.mx\/#organization"},"image":{"@id":"https:\/\/www.sonoraenequipo.com.mx\/habra-recursos-para-seguir-atendiendo-la-pandemia-de-coronavirus\/#primaryimage"},"thumbnailUrl":"https:\/\/www.sonoraenequipo.com.mx\/storage\/2021\/09\/hacienda_rogelio-ramirez-de-la-O_opt.jpg","articleSection":["Rep\u00fablica"],"inLanguage":"es","potentialAction":[{"@type":"CommentAction","name":"Comment","target":["https:\/\/www.sonoraenequipo.com.mx\/habra-recursos-para-seguir-atendiendo-la-pandemia-de-coronavirus\/#respond"]}]},{"@type":"WebPage","@id":"https:\/\/www.sonoraenequipo.com.mx\/habra-recursos-para-seguir-atendiendo-la-pandemia-de-coronavirus\/","url":"https:\/\/www.sonoraenequipo.com.mx\/habra-recursos-para-seguir-atendiendo-la-pandemia-de-coronavirus\/","name":"Sonora en Equipo. Habr\u00e1 recursos para seguir atendiendo la pandemia de Coronavirus Rep\u00fablica","isPartOf":{"@id":"https:\/\/www.sonoraenequipo.com.mx\/#website"},"primaryImageOfPage":{"@id":"https:\/\/www.sonoraenequipo.com.mx\/habra-recursos-para-seguir-atendiendo-la-pandemia-de-coronavirus\/#primaryimage"},"image":{"@id":"https:\/\/www.sonoraenequipo.com.mx\/habra-recursos-para-seguir-atendiendo-la-pandemia-de-coronavirus\/#primaryimage"},"thumbnailUrl":"https:\/\/www.sonoraenequipo.com.mx\/storage\/2021\/09\/hacienda_rogelio-ramirez-de-la-O_opt.jpg","datePublished":"2021-09-23T17:35:05+00:00","dateModified":"2021-09-23T18:48:44+00:00","description":"CIUDAD DE M\u00c9XICO. MX. \u2014 Con el fin de seguir atendiendo la emergencia ocasionada por la pandemia de Covid-19, el secretario de Hacienda y Cr\u00e9dito P\u00fablico, En Sonora en Equipo publicamos toda la informaci\u00f3n de Sonora, M\u00e9xico y el Mundo de manera oportuna y busca que la libertad de expresi\u00f3n sea real. Visita nuestro medio informativo publicado desde Hermosillo, Sonora. %","breadcrumb":{"@id":"https:\/\/www.sonoraenequipo.com.mx\/habra-recursos-para-seguir-atendiendo-la-pandemia-de-coronavirus\/#breadcrumb"},"inLanguage":"es","potentialAction":[{"@type":"ReadAction","target":["https:\/\/www.sonoraenequipo.com.mx\/habra-recursos-para-seguir-atendiendo-la-pandemia-de-coronavirus\/"]}]},{"@type":"ImageObject","inLanguage":"es","@id":"https:\/\/www.sonoraenequipo.com.mx\/habra-recursos-para-seguir-atendiendo-la-pandemia-de-coronavirus\/#primaryimage","url":"https:\/\/www.sonoraenequipo.com.mx\/storage\/2021\/09\/hacienda_rogelio-ramirez-de-la-O_opt.jpg","contentUrl":"https:\/\/www.sonoraenequipo.com.mx\/storage\/2021\/09\/hacienda_rogelio-ramirez-de-la-O_opt.jpg","width":700,"height":400},{"@type":"BreadcrumbList","@id":"https:\/\/www.sonoraenequipo.com.mx\/habra-recursos-para-seguir-atendiendo-la-pandemia-de-coronavirus\/#breadcrumb","itemListElement":[{"@type":"ListItem","position":1,"name":"Portada","item":"https:\/\/www.sonoraenequipo.com.mx\/"},{"@type":"ListItem","position":2,"name":"Habr\u00e1 recursos para seguir atendiendo la pandemia de Coronavirus"}]},{"@type":"WebSite","@id":"https:\/\/www.sonoraenequipo.com.mx\/#website","url":"https:\/\/www.sonoraenequipo.com.mx\/","name":"Sonora en Equipo.","description":"Diario en l\u00ednea con Noticias desde Hermosillo, Sonora","publisher":{"@id":"https:\/\/www.sonoraenequipo.com.mx\/#organization"},"potentialAction":[{"@type":"SearchAction","target":{"@type":"EntryPoint","urlTemplate":"https:\/\/www.sonoraenequipo.com.mx\/?s={search_term_string}"},"query-input":{"@type":"PropertyValueSpecification","valueRequired":true,"valueName":"search_term_string"}}],"inLanguage":"es"},{"@type":"Organization","@id":"https:\/\/www.sonoraenequipo.com.mx\/#organization","name":"Sonoraenequipo.com.mx","url":"https:\/\/www.sonoraenequipo.com.mx\/","logo":{"@type":"ImageObject","inLanguage":"es","@id":"https:\/\/www.sonoraenequipo.com.mx\/#\/schema\/logo\/image\/","url":"https:\/\/www.sonoraenequipo.com.mx\/storage\/2019\/01\/sonoraenequipo_opt.png","contentUrl":"https:\/\/www.sonoraenequipo.com.mx\/storage\/2019\/01\/sonoraenequipo_opt.png","width":375,"height":125,"caption":"Sonoraenequipo.com.mx"},"image":{"@id":"https:\/\/www.sonoraenequipo.com.mx\/#\/schema\/logo\/image\/"},"sameAs":["https:\/\/www.facebook.com\/SonoraEE\/","https:\/\/x.com\/sonoraenequipo","https:\/\/www.youtube.com\/channel\/UC338nW-lPEYmJQs4ZABQ1SQ"]},{"@type":"Person","@id":"https:\/\/www.sonoraenequipo.com.mx\/#\/schema\/person\/50102df0fb23a8fa9e8effad8fa81386","name":"enequipo","image":{"@type":"ImageObject","inLanguage":"es","@id":"https:\/\/www.sonoraenequipo.com.mx\/#\/schema\/person\/image\/","url":"https:\/\/secure.gravatar.com\/avatar\/049821681b589dabc0bc20695993ccebb09f5b5d4d790cd9251b97faac7c652b?s=96&d=blank&r=g","contentUrl":"https:\/\/secure.gravatar.com\/avatar\/049821681b589dabc0bc20695993ccebb09f5b5d4d790cd9251b97faac7c652b?s=96&d=blank&r=g","caption":"enequipo"},"sameAs":["https:\/\/www.facebook.com\/SonoraEE"]}]}},"jetpack_featured_media_url":"https:\/\/www.sonoraenequipo.com.mx\/storage\/2021\/09\/hacienda_rogelio-ramirez-de-la-O_opt.jpg","_links":{"self":[{"href":"https:\/\/www.sonoraenequipo.com.mx\/api\/wp\/v2\/posts\/123440","targetHints":{"allow":["GET"]}}],"collection":[{"href":"https:\/\/www.sonoraenequipo.com.mx\/api\/wp\/v2\/posts"}],"about":[{"href":"https:\/\/www.sonoraenequipo.com.mx\/api\/wp\/v2\/types\/post"}],"author":[{"embeddable":true,"href":"https:\/\/www.sonoraenequipo.com.mx\/api\/wp\/v2\/users\/1"}],"replies":[{"embeddable":true,"href":"https:\/\/www.sonoraenequipo.com.mx\/api\/wp\/v2\/comments?post=123440"}],"version-history":[{"count":1,"href":"https:\/\/www.sonoraenequipo.com.mx\/api\/wp\/v2\/posts\/123440\/revisions"}],"predecessor-version":[{"id":123443,"href":"https:\/\/www.sonoraenequipo.com.mx\/api\/wp\/v2\/posts\/123440\/revisions\/123443"}],"wp:featuredmedia":[{"embeddable":true,"href":"https:\/\/www.sonoraenequipo.com.mx\/api\/wp\/v2\/media\/123442"}],"wp:attachment":[{"href":"https:\/\/www.sonoraenequipo.com.mx\/api\/wp\/v2\/media?parent=123440"}],"wp:term":[{"taxonomy":"category","embeddable":true,"href":"https:\/\/www.sonoraenequipo.com.mx\/api\/wp\/v2\/categories?post=123440"},{"taxonomy":"post_tag","embeddable":true,"href":"https:\/\/www.sonoraenequipo.com.mx\/api\/wp\/v2\/tags?post=123440"}],"curies":[{"name":"wp","href":"https:\/\/api.w.org\/{rel}","templated":true}]}}