{"id":123449,"date":"2021-09-23T13:50:23","date_gmt":"2021-09-23T20:50:23","guid":{"rendered":"https:\/\/www.sonoraenequipo.com.mx\/?p=123449"},"modified":"2021-09-23T19:01:30","modified_gmt":"2021-09-24T02:01:30","slug":"critica-pri-inequidad-presupuestaria-de-la-federacion-para-con-sonora","status":"publish","type":"post","link":"https:\/\/www.sonoraenequipo.com.mx\/critica-pri-inequidad-presupuestaria-de-la-federacion-para-con-sonora\/","title":{"rendered":"Critica PRI inequidad presupuestaria de la Federaci\u00f3n para con Sonora"},"content":{"rendered":"<p>HERMOSILLO, SONORA,MX. &#8212; En lo que se ha visto hasta ahora del presupuesto 2022 del gobierno federal existen grandes recortes a programas los cuales hacen que \u00e9stos pr\u00e1cticamente desaparezcan dijo en rueda de prensa ayer el dirigente estatal del PRI,Ernesto De Lucas Hopkins, el tambi\u00e9n diputado local ejemplific\u00f3 que\u00a0 rubros como microcr\u00e9ditos a empresas familiares en lugar de fortalecerlo se le reduce el 94 por ciento .<\/p>\n<p>En otros datos dijo que el ramo 33 no aument\u00f3 nada igual que el ramo 28 sufri\u00f3 un alto recortetampoco aparecen asegur\u00f3 los 2 mil millones de pesos que se requieren para el parque solar anunciado para Sonora de d\u00f3nde saldr\u00e1n esos recursos cuestion\u00f3,\u00a0 el legislador local asegur\u00f3 que todos estos recortes se est\u00e1n yendo a tres obras fara\u00f3nicas del presidente el tren maya, la refiner\u00eda de dos bocas y el aeropuerto de Santa Luc\u00eda.<\/p>\n<p>De Lucas cuestion\u00f3 a los 7 diputados federales representantes de Morena quienes le deben una explicaci\u00f3n a Sonora del porqu\u00e9 de este trato inequitativo de la federaci\u00f3n para el estado toda vez que de 2020 a 2021\u00a0 si bien hay incremento \u00e9ste es de apenas un uno por ciento.<\/p>\n<p>El legislador convoc\u00f3 a la unidad de las fuerzas para buscar revertir la situaci\u00f3n, presente estuvo la tambi\u00e9n diputada y secretaria general del partido Kitty Guti\u00e9rrez Maz\u00f3n.<\/p>\n<p>En otro tema sobre la\u00a0 posible aprobaci\u00f3n este jueves del matrimonio igualitario en Sonora De Lucas dijo que ya es cosa juzgada tras el fallo de la Suprema Corte por eso no estuvo de acuerdo en que se le diera calidad de obvia y pronta\u00a0 resoluci\u00f3n, cuando hay otros temas m\u00e1s importantes. en cuanto al sentido del voto expuso que cada uno de los tres diputados pri\u00edstas votar\u00e1 a t\u00edtulo personal y en base a los intereses del distrito que representa.<\/p>\n<p>Fecha de Publicaci\u00f3n\u00a0 jueves\u00a0 \/ 23\u00a0\u00a0 \/ septiembre \/ 2021<\/p>\n","protected":false},"excerpt":{"rendered":"<p>HERMOSILLO, SONORA,MX. &#8212; En lo que se ha visto hasta ahora del presupuesto 2022 del&#8230;<\/p>\n","protected":false},"author":6,"featured_media":123450,"comment_status":"open","ping_status":"open","sticky":false,"template":"","format":"standard","meta":{"_monsterinsights_skip_tracking":false,"_monsterinsights_sitenote_active":false,"_monsterinsights_sitenote_note":"","_monsterinsights_sitenote_category":0,"footnotes":""},"categories":[22],"tags":[2167,6161],"class_list":["post"],"yoast_head":" \n<title>Sonora en Equipo. Critica PRI inequidad presupuestaria de la Federaci\u00f3n para con Sonora Sonora<\/title>\n<meta name=\"description\" content=\"HERMOSILLO, SONORA,MX. -- En lo que se ha visto hasta ahora del presupuesto 2022 del gobierno federal existen grandes recortes a programas los cuales En Sonora en Equipo publicamos toda la informaci\u00f3n de Sonora, M\u00e9xico y el Mundo de manera oportuna y busca que la libertad de expresi\u00f3n sea real. Visita nuestro medio informativo publicado desde Hermosillo, Sonora. %\" \/>\n<meta name=\"robots\" content=\"index, follow, max-snippet:-1, max-image-preview:large, max-video-preview:-1\" \/>\n<link rel=\"canonical\" href=\"https:\/\/www.sonoraenequipo.com.mx\/critica-pri-inequidad-presupuestaria-de-la-federacion-para-con-sonora\/\" \/>\n<meta property=\"og:locale\" content=\"es_ES\" \/>\n<meta property=\"og:type\" content=\"article\" \/>\n<meta property=\"og:title\" content=\"Sonora en Equipo. Critica PRI inequidad presupuestaria de la Federaci\u00f3n para con Sonora Sonora\" \/>\n<meta property=\"og:description\" content=\"HERMOSILLO, SONORA,MX. -- En lo que se ha visto hasta ahora del presupuesto 2022 del gobierno federal existen grandes recortes a programas los cuales En Sonora en Equipo publicamos toda la informaci\u00f3n de Sonora, M\u00e9xico y el Mundo de manera oportuna y busca que la libertad de expresi\u00f3n sea real. Visita nuestro medio informativo publicado desde Hermosillo, Sonora. %\" \/>\n<meta property=\"og:url\" content=\"https:\/\/www.sonoraenequipo.com.mx\/critica-pri-inequidad-presupuestaria-de-la-federacion-para-con-sonora\/\" \/>\n<meta property=\"og:site_name\" content=\"Sonora en Equipo.\" \/>\n<meta property=\"article:publisher\" content=\"https:\/\/www.facebook.com\/SonoraEE\/\" \/>\n<meta property=\"article:published_time\" content=\"2021-09-23T20:50:23+00:00\" \/>\n<meta property=\"article:modified_time\" content=\"2021-09-24T02:01:30+00:00\" \/>\n<meta property=\"og:image\" content=\"https:\/\/www.sonoraenequipo.com.mx\/storage\/2021\/09\/pato-kitty.jpg\" \/>\n\t<meta property=\"og:image:width\" content=\"700\" \/>\n\t<meta property=\"og:image:height\" content=\"400\" \/>\n\t<meta property=\"og:image:type\" content=\"image\/jpeg\" \/>\n<meta name=\"author\" content=\"Nacho Bandin\" \/>\n<meta name=\"twitter:card\" content=\"summary_large_image\" \/>\n<meta name=\"twitter:creator\" content=\"@sonoraenequipo\" \/>\n<meta name=\"twitter:site\" content=\"@sonoraenequipo\" \/>\n<meta name=\"twitter:label1\" content=\"Escrito por\" \/>\n\t<meta name=\"twitter:data1\" content=\"Nacho Bandin\" \/>\n\t<meta name=\"twitter:label2\" content=\"Tiempo de lectura\" \/>\n\t<meta name=\"twitter:data2\" content=\"2 minutos\" \/>\n<script type=\"application\/ld+json\" class=\"yoast-schema-graph\">{\"@context\":\"https:\/\/schema.org\",\"@graph\":[{\"@type\":\"Article\",\"@id\":\"https:\/\/www.sonoraenequipo.com.mx\/critica-pri-inequidad-presupuestaria-de-la-federacion-para-con-sonora\/#article\",\"isPartOf\":{\"@id\":\"https:\/\/www.sonoraenequipo.com.mx\/critica-pri-inequidad-presupuestaria-de-la-federacion-para-con-sonora\/\"},\"author\":{\"name\":\"Nacho Bandin\",\"@id\":\"https:\/\/www.sonoraenequipo.com.mx\/#\/schema\/person\/fbd9952aca28efec00f1fb7fa9428cad\"},\"headline\":\"Critica PRI inequidad presupuestaria de la Federaci\u00f3n para con Sonora\",\"datePublished\":\"2021-09-23T20:50:23+00:00\",\"dateModified\":\"2021-09-24T02:01:30+00:00\",\"mainEntityOfPage\":{\"@id\":\"https:\/\/www.sonoraenequipo.com.mx\/critica-pri-inequidad-presupuestaria-de-la-federacion-para-con-sonora\/\"},\"wordCount\":329,\"commentCount\":0,\"publisher\":{\"@id\":\"https:\/\/www.sonoraenequipo.com.mx\/#organization\"},\"image\":{\"@id\":\"https:\/\/www.sonoraenequipo.com.mx\/critica-pri-inequidad-presupuestaria-de-la-federacion-para-con-sonora\/#primaryimage\"},\"thumbnailUrl\":\"https:\/\/www.sonoraenequipo.com.mx\/storage\/2021\/09\/pato-kitty.jpg\",\"keywords\":[\"De Lucas Hopkins\",\"presupuesto2022\"],\"articleSection\":[\"Sonora\"],\"inLanguage\":\"es\",\"potentialAction\":[{\"@type\":\"CommentAction\",\"name\":\"Comment\",\"target\":[\"https:\/\/www.sonoraenequipo.com.mx\/critica-pri-inequidad-presupuestaria-de-la-federacion-para-con-sonora\/#respond\"]}]},{\"@type\":\"WebPage\",\"@id\":\"https:\/\/www.sonoraenequipo.com.mx\/critica-pri-inequidad-presupuestaria-de-la-federacion-para-con-sonora\/\",\"url\":\"https:\/\/www.sonoraenequipo.com.mx\/critica-pri-inequidad-presupuestaria-de-la-federacion-para-con-sonora\/\",\"name\":\"Sonora en Equipo. Critica PRI inequidad presupuestaria de la Federaci\u00f3n para con Sonora Sonora\",\"isPartOf\":{\"@id\":\"https:\/\/www.sonoraenequipo.com.mx\/#website\"},\"primaryImageOfPage\":{\"@id\":\"https:\/\/www.sonoraenequipo.com.mx\/critica-pri-inequidad-presupuestaria-de-la-federacion-para-con-sonora\/#primaryimage\"},\"image\":{\"@id\":\"https:\/\/www.sonoraenequipo.com.mx\/critica-pri-inequidad-presupuestaria-de-la-federacion-para-con-sonora\/#primaryimage\"},\"thumbnailUrl\":\"https:\/\/www.sonoraenequipo.com.mx\/storage\/2021\/09\/pato-kitty.jpg\",\"datePublished\":\"2021-09-23T20:50:23+00:00\",\"dateModified\":\"2021-09-24T02:01:30+00:00\",\"description\":\"HERMOSILLO, SONORA,MX. -- En lo que se ha visto hasta ahora del presupuesto 2022 del gobierno federal existen grandes recortes a programas los cuales En Sonora en Equipo publicamos toda la informaci\u00f3n de Sonora, M\u00e9xico y el Mundo de manera oportuna y busca que la libertad de expresi\u00f3n sea real. Visita nuestro medio informativo publicado desde Hermosillo, Sonora. %\",\"breadcrumb\":{\"@id\":\"https:\/\/www.sonoraenequipo.com.mx\/critica-pri-inequidad-presupuestaria-de-la-federacion-para-con-sonora\/#breadcrumb\"},\"inLanguage\":\"es\",\"potentialAction\":[{\"@type\":\"ReadAction\",\"target\":[\"https:\/\/www.sonoraenequipo.com.mx\/critica-pri-inequidad-presupuestaria-de-la-federacion-para-con-sonora\/\"]}]},{\"@type\":\"ImageObject\",\"inLanguage\":\"es\",\"@id\":\"https:\/\/www.sonoraenequipo.com.mx\/critica-pri-inequidad-presupuestaria-de-la-federacion-para-con-sonora\/#primaryimage\",\"url\":\"https:\/\/www.sonoraenequipo.com.mx\/storage\/2021\/09\/pato-kitty.jpg\",\"contentUrl\":\"https:\/\/www.sonoraenequipo.com.mx\/storage\/2021\/09\/pato-kitty.jpg\",\"width\":700,\"height\":400},{\"@type\":\"BreadcrumbList\",\"@id\":\"https:\/\/www.sonoraenequipo.com.mx\/critica-pri-inequidad-presupuestaria-de-la-federacion-para-con-sonora\/#breadcrumb\",\"itemListElement\":[{\"@type\":\"ListItem\",\"position\":1,\"name\":\"Portada\",\"item\":\"https:\/\/www.sonoraenequipo.com.mx\/\"},{\"@type\":\"ListItem\",\"position\":2,\"name\":\"Critica PRI inequidad presupuestaria de la Federaci\u00f3n para con Sonora\"}]},{\"@type\":\"WebSite\",\"@id\":\"https:\/\/www.sonoraenequipo.com.mx\/#website\",\"url\":\"https:\/\/www.sonoraenequipo.com.mx\/\",\"name\":\"Sonora en Equipo.\",\"description\":\"Diario en l\u00ednea con Noticias desde Hermosillo, Sonora\",\"publisher\":{\"@id\":\"https:\/\/www.sonoraenequipo.com.mx\/#organization\"},\"potentialAction\":[{\"@type\":\"SearchAction\",\"target\":{\"@type\":\"EntryPoint\",\"urlTemplate\":\"https:\/\/www.sonoraenequipo.com.mx\/?s={search_term_string}\"},\"query-input\":{\"@type\":\"PropertyValueSpecification\",\"valueRequired\":true,\"valueName\":\"search_term_string\"}}],\"inLanguage\":\"es\"},{\"@type\":\"Organization\",\"@id\":\"https:\/\/www.sonoraenequipo.com.mx\/#organization\",\"name\":\"Sonoraenequipo.com.mx\",\"url\":\"https:\/\/www.sonoraenequipo.com.mx\/\",\"logo\":{\"@type\":\"ImageObject\",\"inLanguage\":\"es\",\"@id\":\"https:\/\/www.sonoraenequipo.com.mx\/#\/schema\/logo\/image\/\",\"url\":\"https:\/\/www.sonoraenequipo.com.mx\/storage\/2019\/01\/sonoraenequipo_opt.png\",\"contentUrl\":\"https:\/\/www.sonoraenequipo.com.mx\/storage\/2019\/01\/sonoraenequipo_opt.png\",\"width\":375,\"height\":125,\"caption\":\"Sonoraenequipo.com.mx\"},\"image\":{\"@id\":\"https:\/\/www.sonoraenequipo.com.mx\/#\/schema\/logo\/image\/\"},\"sameAs\":[\"https:\/\/www.facebook.com\/SonoraEE\/\",\"https:\/\/x.com\/sonoraenequipo\",\"https:\/\/www.youtube.com\/channel\/UC338nW-lPEYmJQs4ZABQ1SQ\"]},{\"@type\":\"Person\",\"@id\":\"https:\/\/www.sonoraenequipo.com.mx\/#\/schema\/person\/fbd9952aca28efec00f1fb7fa9428cad\",\"name\":\"Nacho Bandin\",\"image\":{\"@type\":\"ImageObject\",\"inLanguage\":\"es\",\"@id\":\"https:\/\/www.sonoraenequipo.com.mx\/#\/schema\/person\/image\/\",\"url\":\"https:\/\/secure.gravatar.com\/avatar\/aa8b9910cb9aca6bb907bea274a87d80d1290d00069310f251740e3ee0bf15f1?s=96&d=blank&r=g\",\"contentUrl\":\"https:\/\/secure.gravatar.com\/avatar\/aa8b9910cb9aca6bb907bea274a87d80d1290d00069310f251740e3ee0bf15f1?s=96&d=blank&r=g\",\"caption\":\"Nacho Bandin\"},\"sameAs\":[\"http:\/\/sonoraenequipo.com.mx\"]}]}<\/script>\n ","yoast_head_json":{"title":"Sonora en Equipo. Critica PRI inequidad presupuestaria de la Federaci\u00f3n para con Sonora Sonora","description":"HERMOSILLO, SONORA,MX. -- En lo que se ha visto hasta ahora del presupuesto 2022 del gobierno federal existen grandes recortes a programas los cuales En Sonora en Equipo publicamos toda la informaci\u00f3n de Sonora, M\u00e9xico y el Mundo de manera oportuna y busca que la libertad de expresi\u00f3n sea real. Visita nuestro medio informativo publicado desde Hermosillo, Sonora. %","robots":{"index":"index","follow":"follow","max-snippet":"max-snippet:-1","max-image-preview":"max-image-preview:large","max-video-preview":"max-video-preview:-1"},"canonical":"https:\/\/www.sonoraenequipo.com.mx\/critica-pri-inequidad-presupuestaria-de-la-federacion-para-con-sonora\/","og_locale":"es_ES","og_type":"article","og_title":"Sonora en Equipo. Critica PRI inequidad presupuestaria de la Federaci\u00f3n para con Sonora Sonora","og_description":"HERMOSILLO, SONORA,MX. -- En lo que se ha visto hasta ahora del presupuesto 2022 del gobierno federal existen grandes recortes a programas los cuales En Sonora en Equipo publicamos toda la informaci\u00f3n de Sonora, M\u00e9xico y el Mundo de manera oportuna y busca que la libertad de expresi\u00f3n sea real. Visita nuestro medio informativo publicado desde Hermosillo, Sonora. %","og_url":"https:\/\/www.sonoraenequipo.com.mx\/critica-pri-inequidad-presupuestaria-de-la-federacion-para-con-sonora\/","og_site_name":"Sonora en Equipo.","article_publisher":"https:\/\/www.facebook.com\/SonoraEE\/","article_published_time":"2021-09-23T20:50:23+00:00","article_modified_time":"2021-09-24T02:01:30+00:00","og_image":[{"width":700,"height":400,"url":"https:\/\/www.sonoraenequipo.com.mx\/storage\/2021\/09\/pato-kitty.jpg","type":"image\/jpeg"}],"author":"Nacho Bandin","twitter_card":"summary_large_image","twitter_creator":"@sonoraenequipo","twitter_site":"@sonoraenequipo","twitter_misc":{"Escrito por":"Nacho Bandin","Tiempo de lectura":"2 minutos"},"schema":{"@context":"https:\/\/schema.org","@graph":[{"@type":"Article","@id":"https:\/\/www.sonoraenequipo.com.mx\/critica-pri-inequidad-presupuestaria-de-la-federacion-para-con-sonora\/#article","isPartOf":{"@id":"https:\/\/www.sonoraenequipo.com.mx\/critica-pri-inequidad-presupuestaria-de-la-federacion-para-con-sonora\/"},"author":{"name":"Nacho Bandin","@id":"https:\/\/www.sonoraenequipo.com.mx\/#\/schema\/person\/fbd9952aca28efec00f1fb7fa9428cad"},"headline":"Critica PRI inequidad presupuestaria de la Federaci\u00f3n para con Sonora","datePublished":"2021-09-23T20:50:23+00:00","dateModified":"2021-09-24T02:01:30+00:00","mainEntityOfPage":{"@id":"https:\/\/www.sonoraenequipo.com.mx\/critica-pri-inequidad-presupuestaria-de-la-federacion-para-con-sonora\/"},"wordCount":329,"commentCount":0,"publisher":{"@id":"https:\/\/www.sonoraenequipo.com.mx\/#organization"},"image":{"@id":"https:\/\/www.sonoraenequipo.com.mx\/critica-pri-inequidad-presupuestaria-de-la-federacion-para-con-sonora\/#primaryimage"},"thumbnailUrl":"https:\/\/www.sonoraenequipo.com.mx\/storage\/2021\/09\/pato-kitty.jpg","keywords":["De Lucas Hopkins","presupuesto2022"],"articleSection":["Sonora"],"inLanguage":"es","potentialAction":[{"@type":"CommentAction","name":"Comment","target":["https:\/\/www.sonoraenequipo.com.mx\/critica-pri-inequidad-presupuestaria-de-la-federacion-para-con-sonora\/#respond"]}]},{"@type":"WebPage","@id":"https:\/\/www.sonoraenequipo.com.mx\/critica-pri-inequidad-presupuestaria-de-la-federacion-para-con-sonora\/","url":"https:\/\/www.sonoraenequipo.com.mx\/critica-pri-inequidad-presupuestaria-de-la-federacion-para-con-sonora\/","name":"Sonora en Equipo. Critica PRI inequidad presupuestaria de la Federaci\u00f3n para con Sonora Sonora","isPartOf":{"@id":"https:\/\/www.sonoraenequipo.com.mx\/#website"},"primaryImageOfPage":{"@id":"https:\/\/www.sonoraenequipo.com.mx\/critica-pri-inequidad-presupuestaria-de-la-federacion-para-con-sonora\/#primaryimage"},"image":{"@id":"https:\/\/www.sonoraenequipo.com.mx\/critica-pri-inequidad-presupuestaria-de-la-federacion-para-con-sonora\/#primaryimage"},"thumbnailUrl":"https:\/\/www.sonoraenequipo.com.mx\/storage\/2021\/09\/pato-kitty.jpg","datePublished":"2021-09-23T20:50:23+00:00","dateModified":"2021-09-24T02:01:30+00:00","description":"HERMOSILLO, SONORA,MX. -- En lo que se ha visto hasta ahora del presupuesto 2022 del gobierno federal existen grandes recortes a programas los cuales En Sonora en Equipo publicamos toda la informaci\u00f3n de Sonora, M\u00e9xico y el Mundo de manera oportuna y busca que la libertad de expresi\u00f3n sea real. Visita nuestro medio informativo publicado desde Hermosillo, Sonora. %","breadcrumb":{"@id":"https:\/\/www.sonoraenequipo.com.mx\/critica-pri-inequidad-presupuestaria-de-la-federacion-para-con-sonora\/#breadcrumb"},"inLanguage":"es","potentialAction":[{"@type":"ReadAction","target":["https:\/\/www.sonoraenequipo.com.mx\/critica-pri-inequidad-presupuestaria-de-la-federacion-para-con-sonora\/"]}]},{"@type":"ImageObject","inLanguage":"es","@id":"https:\/\/www.sonoraenequipo.com.mx\/critica-pri-inequidad-presupuestaria-de-la-federacion-para-con-sonora\/#primaryimage","url":"https:\/\/www.sonoraenequipo.com.mx\/storage\/2021\/09\/pato-kitty.jpg","contentUrl":"https:\/\/www.sonoraenequipo.com.mx\/storage\/2021\/09\/pato-kitty.jpg","width":700,"height":400},{"@type":"BreadcrumbList","@id":"https:\/\/www.sonoraenequipo.com.mx\/critica-pri-inequidad-presupuestaria-de-la-federacion-para-con-sonora\/#breadcrumb","itemListElement":[{"@type":"ListItem","position":1,"name":"Portada","item":"https:\/\/www.sonoraenequipo.com.mx\/"},{"@type":"ListItem","position":2,"name":"Critica PRI inequidad presupuestaria de la Federaci\u00f3n para con Sonora"}]},{"@type":"WebSite","@id":"https:\/\/www.sonoraenequipo.com.mx\/#website","url":"https:\/\/www.sonoraenequipo.com.mx\/","name":"Sonora en Equipo.","description":"Diario en l\u00ednea con Noticias desde Hermosillo, Sonora","publisher":{"@id":"https:\/\/www.sonoraenequipo.com.mx\/#organization"},"potentialAction":[{"@type":"SearchAction","target":{"@type":"EntryPoint","urlTemplate":"https:\/\/www.sonoraenequipo.com.mx\/?s={search_term_string}"},"query-input":{"@type":"PropertyValueSpecification","valueRequired":true,"valueName":"search_term_string"}}],"inLanguage":"es"},{"@type":"Organization","@id":"https:\/\/www.sonoraenequipo.com.mx\/#organization","name":"Sonoraenequipo.com.mx","url":"https:\/\/www.sonoraenequipo.com.mx\/","logo":{"@type":"ImageObject","inLanguage":"es","@id":"https:\/\/www.sonoraenequipo.com.mx\/#\/schema\/logo\/image\/","url":"https:\/\/www.sonoraenequipo.com.mx\/storage\/2019\/01\/sonoraenequipo_opt.png","contentUrl":"https:\/\/www.sonoraenequipo.com.mx\/storage\/2019\/01\/sonoraenequipo_opt.png","width":375,"height":125,"caption":"Sonoraenequipo.com.mx"},"image":{"@id":"https:\/\/www.sonoraenequipo.com.mx\/#\/schema\/logo\/image\/"},"sameAs":["https:\/\/www.facebook.com\/SonoraEE\/","https:\/\/x.com\/sonoraenequipo","https:\/\/www.youtube.com\/channel\/UC338nW-lPEYmJQs4ZABQ1SQ"]},{"@type":"Person","@id":"https:\/\/www.sonoraenequipo.com.mx\/#\/schema\/person\/fbd9952aca28efec00f1fb7fa9428cad","name":"Nacho Bandin","image":{"@type":"ImageObject","inLanguage":"es","@id":"https:\/\/www.sonoraenequipo.com.mx\/#\/schema\/person\/image\/","url":"https:\/\/secure.gravatar.com\/avatar\/aa8b9910cb9aca6bb907bea274a87d80d1290d00069310f251740e3ee0bf15f1?s=96&d=blank&r=g","contentUrl":"https:\/\/secure.gravatar.com\/avatar\/aa8b9910cb9aca6bb907bea274a87d80d1290d00069310f251740e3ee0bf15f1?s=96&d=blank&r=g","caption":"Nacho Bandin"},"sameAs":["http:\/\/sonoraenequipo.com.mx"]}]}},"jetpack_featured_media_url":"https:\/\/www.sonoraenequipo.com.mx\/storage\/2021\/09\/pato-kitty.jpg","_links":{"self":[{"href":"https:\/\/www.sonoraenequipo.com.mx\/api\/wp\/v2\/posts\/123449","targetHints":{"allow":["GET"]}}],"collection":[{"href":"https:\/\/www.sonoraenequipo.com.mx\/api\/wp\/v2\/posts"}],"about":[{"href":"https:\/\/www.sonoraenequipo.com.mx\/api\/wp\/v2\/types\/post"}],"author":[{"embeddable":true,"href":"https:\/\/www.sonoraenequipo.com.mx\/api\/wp\/v2\/users\/6"}],"replies":[{"embeddable":true,"href":"https:\/\/www.sonoraenequipo.com.mx\/api\/wp\/v2\/comments?post=123449"}],"version-history":[{"count":5,"href":"https:\/\/www.sonoraenequipo.com.mx\/api\/wp\/v2\/posts\/123449\/revisions"}],"predecessor-version":[{"id":123485,"href":"https:\/\/www.sonoraenequipo.com.mx\/api\/wp\/v2\/posts\/123449\/revisions\/123485"}],"wp:featuredmedia":[{"embeddable":true,"href":"https:\/\/www.sonoraenequipo.com.mx\/api\/wp\/v2\/media\/123450"}],"wp:attachment":[{"href":"https:\/\/www.sonoraenequipo.com.mx\/api\/wp\/v2\/media?parent=123449"}],"wp:term":[{"taxonomy":"category","embeddable":true,"href":"https:\/\/www.sonoraenequipo.com.mx\/api\/wp\/v2\/categories?post=123449"},{"taxonomy":"post_tag","embeddable":true,"href":"https:\/\/www.sonoraenequipo.com.mx\/api\/wp\/v2\/tags?post=123449"}],"curies":[{"name":"wp","href":"https:\/\/api.w.org\/{rel}","templated":true}]}}