{"id":123456,"date":"2021-09-23T11:20:34","date_gmt":"2021-09-23T18:20:34","guid":{"rendered":"https:\/\/www.sonoraenequipo.com.mx\/?p=123456"},"modified":"2021-09-23T13:16:52","modified_gmt":"2021-09-23T20:16:52","slug":"el-congreso-del-estado-de-sonora-voto-hoy-a-favor-del-matrimonio-igualitario","status":"publish","type":"post","link":"https:\/\/www.sonoraenequipo.com.mx\/el-congreso-del-estado-de-sonora-voto-hoy-a-favor-del-matrimonio-igualitario\/","title":{"rendered":"El Congreso del Estado de Sonora vot\u00f3 hoy a favor del matrimonio igualitario"},"content":{"rendered":"<p>HERMOSILLO, SONORA. MX. \u2014 La iniciativa presentada por las diputadas Celeste Taddei, de Morena y Rosa Elena Trujillo, de Movimiento Ciudadano, acerca del matrimonio igualitario en Sonora fue votada como urgente y obvia resoluci\u00f3n en la reuni\u00f3n de hoy, por lo que fue votada en el pleno y con 25 votos a favor fue aprobada en lo general.<\/p>\n<p>&nbsp;<\/p>\n<p> <\/p>\n<p>Los diputados del PAN, Alejandra L\u00f3pez y Ernesto Munro, as\u00ed como Hiram Solis del PT pidieron que la iniciativa se debe socializar ya que en la pasada legislatura no hubo foros con las personas que estaban en contra de la iniciativa.<\/p>\n<p>&nbsp;<\/p>\n<p>Esta iniciativa ya hab\u00eda sido tratada anteriormente por la pasada legislatura, la diputada Yumiko Palomares, de Morena, present\u00f3 la iniciativa en agosto de 2019, pero no fue aprobada en comisiones al no alcanzar la mayor\u00eda debido a la falla de Internet de uno de los diputados.<\/p>\n<p>La iniciativa no lleg\u00f3 al pleno y no se volvi\u00f3 a tocar el tema en las comisiones. Diferentes colectivos y organizaciones de la poblaci\u00f3n LGBTTTIQ+ han pedido esta reforma a varias legislaturas.<\/p>\n<p>&nbsp;<\/p>\n<p>Actualmente el matrimonio igualitario se permite en 23 estados de la Rep\u00fablica y en Sonora s\u00f3lo es posible mediante un amparo.<\/p>\n<p>&nbsp;<\/p>\n<p>La Suprema Corte de Justicia de la Naci\u00f3n ha declarado como discriminatorio el hecho de que no se permita el matrimonio entre personas del mismo sexo.<\/p>\n<p>&nbsp;<\/p>\n<p>Adem\u00e1s el presidente de la Comisi\u00f3n Estatal de Derechos Humanos, Pedro Avil\u00e9s, envi\u00f3 un escrito al Congreso en la pasada legislatura, para que esta reforma sea aprobada.<\/p>\n<p>&nbsp;<\/p>\n<p>&nbsp;<\/p>\n<p>(Publicada el 23\/09\/2021)<\/p>\n","protected":false},"excerpt":{"rendered":"<p>HERMOSILLO, SONORA. MX. \u2014 La iniciativa presentada por las diputadas Celeste Taddei, de Morena y&#8230;<\/p>\n","protected":false},"author":1,"featured_media":123457,"comment_status":"open","ping_status":"open","sticky":false,"template":"","format":"standard","meta":{"_monsterinsights_skip_tracking":false,"_monsterinsights_sitenote_active":false,"_monsterinsights_sitenote_note":"","_monsterinsights_sitenote_category":0,"footnotes":""},"categories":[3281],"tags":[],"class_list":["post"],"yoast_head":" \n<title>Sonora en Equipo. El Congreso del Estado de Sonora vot\u00f3 hoy a favor del matrimonio igualitario Congreso<\/title>\n<meta name=\"description\" content=\"HERMOSILLO, SONORA. MX. \u2014 La iniciativa presentada por las diputadas Celeste Taddei, de Morena y Rosa Elena Trujillo, de Movimiento Ciudadano, acerca del En Sonora en Equipo publicamos toda la informaci\u00f3n de Sonora, M\u00e9xico y el Mundo de manera oportuna y busca que la libertad de expresi\u00f3n sea real. Visita nuestro medio informativo publicado desde Hermosillo, Sonora. %\" \/>\n<meta name=\"robots\" content=\"index, follow, max-snippet:-1, max-image-preview:large, max-video-preview:-1\" \/>\n<link rel=\"canonical\" href=\"https:\/\/www.sonoraenequipo.com.mx\/el-congreso-del-estado-de-sonora-voto-hoy-a-favor-del-matrimonio-igualitario\/\" \/>\n<meta property=\"og:locale\" content=\"es_ES\" \/>\n<meta property=\"og:type\" content=\"article\" \/>\n<meta property=\"og:title\" content=\"Sonora en Equipo. El Congreso del Estado de Sonora vot\u00f3 hoy a favor del matrimonio igualitario Congreso\" \/>\n<meta property=\"og:description\" content=\"HERMOSILLO, SONORA. MX. \u2014 La iniciativa presentada por las diputadas Celeste Taddei, de Morena y Rosa Elena Trujillo, de Movimiento Ciudadano, acerca del En Sonora en Equipo publicamos toda la informaci\u00f3n de Sonora, M\u00e9xico y el Mundo de manera oportuna y busca que la libertad de expresi\u00f3n sea real. Visita nuestro medio informativo publicado desde Hermosillo, Sonora. %\" \/>\n<meta property=\"og:url\" content=\"https:\/\/www.sonoraenequipo.com.mx\/el-congreso-del-estado-de-sonora-voto-hoy-a-favor-del-matrimonio-igualitario\/\" \/>\n<meta property=\"og:site_name\" content=\"Sonora en Equipo.\" \/>\n<meta property=\"article:publisher\" content=\"https:\/\/www.facebook.com\/SonoraEE\/\" \/>\n<meta property=\"article:author\" content=\"https:\/\/www.facebook.com\/SonoraEE\" \/>\n<meta property=\"article:published_time\" content=\"2021-09-23T18:20:34+00:00\" \/>\n<meta property=\"article:modified_time\" content=\"2021-09-23T20:16:52+00:00\" \/>\n<meta property=\"og:image\" content=\"https:\/\/www.sonoraenequipo.com.mx\/storage\/2021\/09\/Marcha-gay-11_opt.jpg\" \/>\n\t<meta property=\"og:image:width\" content=\"700\" \/>\n\t<meta property=\"og:image:height\" content=\"400\" \/>\n\t<meta property=\"og:image:type\" content=\"image\/jpeg\" \/>\n<meta name=\"author\" content=\"enequipo\" \/>\n<meta name=\"twitter:card\" content=\"summary_large_image\" \/>\n<meta name=\"twitter:creator\" content=\"@sonoraenequipo\" \/>\n<meta name=\"twitter:site\" content=\"@sonoraenequipo\" \/>\n<meta name=\"twitter:label1\" content=\"Escrito por\" \/>\n\t<meta name=\"twitter:data1\" content=\"enequipo\" \/>\n\t<meta name=\"twitter:label2\" content=\"Tiempo de lectura\" \/>\n\t<meta name=\"twitter:data2\" content=\"1 minuto\" \/>\n<script type=\"application\/ld+json\" class=\"yoast-schema-graph\">{\"@context\":\"https:\/\/schema.org\",\"@graph\":[{\"@type\":\"Article\",\"@id\":\"https:\/\/www.sonoraenequipo.com.mx\/el-congreso-del-estado-de-sonora-voto-hoy-a-favor-del-matrimonio-igualitario\/#article\",\"isPartOf\":{\"@id\":\"https:\/\/www.sonoraenequipo.com.mx\/el-congreso-del-estado-de-sonora-voto-hoy-a-favor-del-matrimonio-igualitario\/\"},\"author\":{\"name\":\"enequipo\",\"@id\":\"https:\/\/www.sonoraenequipo.com.mx\/#\/schema\/person\/50102df0fb23a8fa9e8effad8fa81386\"},\"headline\":\"El Congreso del Estado de Sonora vot\u00f3 hoy a favor del matrimonio igualitario\",\"datePublished\":\"2021-09-23T18:20:34+00:00\",\"dateModified\":\"2021-09-23T20:16:52+00:00\",\"mainEntityOfPage\":{\"@id\":\"https:\/\/www.sonoraenequipo.com.mx\/el-congreso-del-estado-de-sonora-voto-hoy-a-favor-del-matrimonio-igualitario\/\"},\"wordCount\":281,\"commentCount\":0,\"publisher\":{\"@id\":\"https:\/\/www.sonoraenequipo.com.mx\/#organization\"},\"image\":{\"@id\":\"https:\/\/www.sonoraenequipo.com.mx\/el-congreso-del-estado-de-sonora-voto-hoy-a-favor-del-matrimonio-igualitario\/#primaryimage\"},\"thumbnailUrl\":\"https:\/\/www.sonoraenequipo.com.mx\/storage\/2021\/09\/Marcha-gay-11_opt.jpg\",\"articleSection\":[\"Congreso\"],\"inLanguage\":\"es\",\"potentialAction\":[{\"@type\":\"CommentAction\",\"name\":\"Comment\",\"target\":[\"https:\/\/www.sonoraenequipo.com.mx\/el-congreso-del-estado-de-sonora-voto-hoy-a-favor-del-matrimonio-igualitario\/#respond\"]}]},{\"@type\":\"WebPage\",\"@id\":\"https:\/\/www.sonoraenequipo.com.mx\/el-congreso-del-estado-de-sonora-voto-hoy-a-favor-del-matrimonio-igualitario\/\",\"url\":\"https:\/\/www.sonoraenequipo.com.mx\/el-congreso-del-estado-de-sonora-voto-hoy-a-favor-del-matrimonio-igualitario\/\",\"name\":\"Sonora en Equipo. El Congreso del Estado de Sonora vot\u00f3 hoy a favor del matrimonio igualitario Congreso\",\"isPartOf\":{\"@id\":\"https:\/\/www.sonoraenequipo.com.mx\/#website\"},\"primaryImageOfPage\":{\"@id\":\"https:\/\/www.sonoraenequipo.com.mx\/el-congreso-del-estado-de-sonora-voto-hoy-a-favor-del-matrimonio-igualitario\/#primaryimage\"},\"image\":{\"@id\":\"https:\/\/www.sonoraenequipo.com.mx\/el-congreso-del-estado-de-sonora-voto-hoy-a-favor-del-matrimonio-igualitario\/#primaryimage\"},\"thumbnailUrl\":\"https:\/\/www.sonoraenequipo.com.mx\/storage\/2021\/09\/Marcha-gay-11_opt.jpg\",\"datePublished\":\"2021-09-23T18:20:34+00:00\",\"dateModified\":\"2021-09-23T20:16:52+00:00\",\"description\":\"HERMOSILLO, SONORA. MX. \u2014 La iniciativa presentada por las diputadas Celeste Taddei, de Morena y Rosa Elena Trujillo, de Movimiento Ciudadano, acerca del En Sonora en Equipo publicamos toda la informaci\u00f3n de Sonora, M\u00e9xico y el Mundo de manera oportuna y busca que la libertad de expresi\u00f3n sea real. Visita nuestro medio informativo publicado desde Hermosillo, Sonora. %\",\"breadcrumb\":{\"@id\":\"https:\/\/www.sonoraenequipo.com.mx\/el-congreso-del-estado-de-sonora-voto-hoy-a-favor-del-matrimonio-igualitario\/#breadcrumb\"},\"inLanguage\":\"es\",\"potentialAction\":[{\"@type\":\"ReadAction\",\"target\":[\"https:\/\/www.sonoraenequipo.com.mx\/el-congreso-del-estado-de-sonora-voto-hoy-a-favor-del-matrimonio-igualitario\/\"]}]},{\"@type\":\"ImageObject\",\"inLanguage\":\"es\",\"@id\":\"https:\/\/www.sonoraenequipo.com.mx\/el-congreso-del-estado-de-sonora-voto-hoy-a-favor-del-matrimonio-igualitario\/#primaryimage\",\"url\":\"https:\/\/www.sonoraenequipo.com.mx\/storage\/2021\/09\/Marcha-gay-11_opt.jpg\",\"contentUrl\":\"https:\/\/www.sonoraenequipo.com.mx\/storage\/2021\/09\/Marcha-gay-11_opt.jpg\",\"width\":700,\"height\":400},{\"@type\":\"BreadcrumbList\",\"@id\":\"https:\/\/www.sonoraenequipo.com.mx\/el-congreso-del-estado-de-sonora-voto-hoy-a-favor-del-matrimonio-igualitario\/#breadcrumb\",\"itemListElement\":[{\"@type\":\"ListItem\",\"position\":1,\"name\":\"Portada\",\"item\":\"https:\/\/www.sonoraenequipo.com.mx\/\"},{\"@type\":\"ListItem\",\"position\":2,\"name\":\"El Congreso del Estado de Sonora vot\u00f3 hoy a favor del matrimonio igualitario\"}]},{\"@type\":\"WebSite\",\"@id\":\"https:\/\/www.sonoraenequipo.com.mx\/#website\",\"url\":\"https:\/\/www.sonoraenequipo.com.mx\/\",\"name\":\"Sonora en Equipo.\",\"description\":\"Diario en l\u00ednea con Noticias desde Hermosillo, Sonora\",\"publisher\":{\"@id\":\"https:\/\/www.sonoraenequipo.com.mx\/#organization\"},\"potentialAction\":[{\"@type\":\"SearchAction\",\"target\":{\"@type\":\"EntryPoint\",\"urlTemplate\":\"https:\/\/www.sonoraenequipo.com.mx\/?s={search_term_string}\"},\"query-input\":{\"@type\":\"PropertyValueSpecification\",\"valueRequired\":true,\"valueName\":\"search_term_string\"}}],\"inLanguage\":\"es\"},{\"@type\":\"Organization\",\"@id\":\"https:\/\/www.sonoraenequipo.com.mx\/#organization\",\"name\":\"Sonoraenequipo.com.mx\",\"url\":\"https:\/\/www.sonoraenequipo.com.mx\/\",\"logo\":{\"@type\":\"ImageObject\",\"inLanguage\":\"es\",\"@id\":\"https:\/\/www.sonoraenequipo.com.mx\/#\/schema\/logo\/image\/\",\"url\":\"https:\/\/www.sonoraenequipo.com.mx\/storage\/2019\/01\/sonoraenequipo_opt.png\",\"contentUrl\":\"https:\/\/www.sonoraenequipo.com.mx\/storage\/2019\/01\/sonoraenequipo_opt.png\",\"width\":375,\"height\":125,\"caption\":\"Sonoraenequipo.com.mx\"},\"image\":{\"@id\":\"https:\/\/www.sonoraenequipo.com.mx\/#\/schema\/logo\/image\/\"},\"sameAs\":[\"https:\/\/www.facebook.com\/SonoraEE\/\",\"https:\/\/x.com\/sonoraenequipo\",\"https:\/\/www.youtube.com\/channel\/UC338nW-lPEYmJQs4ZABQ1SQ\"]},{\"@type\":\"Person\",\"@id\":\"https:\/\/www.sonoraenequipo.com.mx\/#\/schema\/person\/50102df0fb23a8fa9e8effad8fa81386\",\"name\":\"enequipo\",\"image\":{\"@type\":\"ImageObject\",\"inLanguage\":\"es\",\"@id\":\"https:\/\/www.sonoraenequipo.com.mx\/#\/schema\/person\/image\/\",\"url\":\"https:\/\/secure.gravatar.com\/avatar\/049821681b589dabc0bc20695993ccebb09f5b5d4d790cd9251b97faac7c652b?s=96&d=blank&r=g\",\"contentUrl\":\"https:\/\/secure.gravatar.com\/avatar\/049821681b589dabc0bc20695993ccebb09f5b5d4d790cd9251b97faac7c652b?s=96&d=blank&r=g\",\"caption\":\"enequipo\"},\"sameAs\":[\"https:\/\/www.facebook.com\/SonoraEE\"]}]}<\/script>\n ","yoast_head_json":{"title":"Sonora en Equipo. El Congreso del Estado de Sonora vot\u00f3 hoy a favor del matrimonio igualitario Congreso","description":"HERMOSILLO, SONORA. MX. \u2014 La iniciativa presentada por las diputadas Celeste Taddei, de Morena y Rosa Elena Trujillo, de Movimiento Ciudadano, acerca del En Sonora en Equipo publicamos toda la informaci\u00f3n de Sonora, M\u00e9xico y el Mundo de manera oportuna y busca que la libertad de expresi\u00f3n sea real. Visita nuestro medio informativo publicado desde Hermosillo, Sonora. %","robots":{"index":"index","follow":"follow","max-snippet":"max-snippet:-1","max-image-preview":"max-image-preview:large","max-video-preview":"max-video-preview:-1"},"canonical":"https:\/\/www.sonoraenequipo.com.mx\/el-congreso-del-estado-de-sonora-voto-hoy-a-favor-del-matrimonio-igualitario\/","og_locale":"es_ES","og_type":"article","og_title":"Sonora en Equipo. El Congreso del Estado de Sonora vot\u00f3 hoy a favor del matrimonio igualitario Congreso","og_description":"HERMOSILLO, SONORA. MX. \u2014 La iniciativa presentada por las diputadas Celeste Taddei, de Morena y Rosa Elena Trujillo, de Movimiento Ciudadano, acerca del En Sonora en Equipo publicamos toda la informaci\u00f3n de Sonora, M\u00e9xico y el Mundo de manera oportuna y busca que la libertad de expresi\u00f3n sea real. Visita nuestro medio informativo publicado desde Hermosillo, Sonora. %","og_url":"https:\/\/www.sonoraenequipo.com.mx\/el-congreso-del-estado-de-sonora-voto-hoy-a-favor-del-matrimonio-igualitario\/","og_site_name":"Sonora en Equipo.","article_publisher":"https:\/\/www.facebook.com\/SonoraEE\/","article_author":"https:\/\/www.facebook.com\/SonoraEE","article_published_time":"2021-09-23T18:20:34+00:00","article_modified_time":"2021-09-23T20:16:52+00:00","og_image":[{"width":700,"height":400,"url":"https:\/\/www.sonoraenequipo.com.mx\/storage\/2021\/09\/Marcha-gay-11_opt.jpg","type":"image\/jpeg"}],"author":"enequipo","twitter_card":"summary_large_image","twitter_creator":"@sonoraenequipo","twitter_site":"@sonoraenequipo","twitter_misc":{"Escrito por":"enequipo","Tiempo de lectura":"1 minuto"},"schema":{"@context":"https:\/\/schema.org","@graph":[{"@type":"Article","@id":"https:\/\/www.sonoraenequipo.com.mx\/el-congreso-del-estado-de-sonora-voto-hoy-a-favor-del-matrimonio-igualitario\/#article","isPartOf":{"@id":"https:\/\/www.sonoraenequipo.com.mx\/el-congreso-del-estado-de-sonora-voto-hoy-a-favor-del-matrimonio-igualitario\/"},"author":{"name":"enequipo","@id":"https:\/\/www.sonoraenequipo.com.mx\/#\/schema\/person\/50102df0fb23a8fa9e8effad8fa81386"},"headline":"El Congreso del Estado de Sonora vot\u00f3 hoy a favor del matrimonio igualitario","datePublished":"2021-09-23T18:20:34+00:00","dateModified":"2021-09-23T20:16:52+00:00","mainEntityOfPage":{"@id":"https:\/\/www.sonoraenequipo.com.mx\/el-congreso-del-estado-de-sonora-voto-hoy-a-favor-del-matrimonio-igualitario\/"},"wordCount":281,"commentCount":0,"publisher":{"@id":"https:\/\/www.sonoraenequipo.com.mx\/#organization"},"image":{"@id":"https:\/\/www.sonoraenequipo.com.mx\/el-congreso-del-estado-de-sonora-voto-hoy-a-favor-del-matrimonio-igualitario\/#primaryimage"},"thumbnailUrl":"https:\/\/www.sonoraenequipo.com.mx\/storage\/2021\/09\/Marcha-gay-11_opt.jpg","articleSection":["Congreso"],"inLanguage":"es","potentialAction":[{"@type":"CommentAction","name":"Comment","target":["https:\/\/www.sonoraenequipo.com.mx\/el-congreso-del-estado-de-sonora-voto-hoy-a-favor-del-matrimonio-igualitario\/#respond"]}]},{"@type":"WebPage","@id":"https:\/\/www.sonoraenequipo.com.mx\/el-congreso-del-estado-de-sonora-voto-hoy-a-favor-del-matrimonio-igualitario\/","url":"https:\/\/www.sonoraenequipo.com.mx\/el-congreso-del-estado-de-sonora-voto-hoy-a-favor-del-matrimonio-igualitario\/","name":"Sonora en Equipo. El Congreso del Estado de Sonora vot\u00f3 hoy a favor del matrimonio igualitario Congreso","isPartOf":{"@id":"https:\/\/www.sonoraenequipo.com.mx\/#website"},"primaryImageOfPage":{"@id":"https:\/\/www.sonoraenequipo.com.mx\/el-congreso-del-estado-de-sonora-voto-hoy-a-favor-del-matrimonio-igualitario\/#primaryimage"},"image":{"@id":"https:\/\/www.sonoraenequipo.com.mx\/el-congreso-del-estado-de-sonora-voto-hoy-a-favor-del-matrimonio-igualitario\/#primaryimage"},"thumbnailUrl":"https:\/\/www.sonoraenequipo.com.mx\/storage\/2021\/09\/Marcha-gay-11_opt.jpg","datePublished":"2021-09-23T18:20:34+00:00","dateModified":"2021-09-23T20:16:52+00:00","description":"HERMOSILLO, SONORA. MX. \u2014 La iniciativa presentada por las diputadas Celeste Taddei, de Morena y Rosa Elena Trujillo, de Movimiento Ciudadano, acerca del En Sonora en Equipo publicamos toda la informaci\u00f3n de Sonora, M\u00e9xico y el Mundo de manera oportuna y busca que la libertad de expresi\u00f3n sea real. Visita nuestro medio informativo publicado desde Hermosillo, Sonora. %","breadcrumb":{"@id":"https:\/\/www.sonoraenequipo.com.mx\/el-congreso-del-estado-de-sonora-voto-hoy-a-favor-del-matrimonio-igualitario\/#breadcrumb"},"inLanguage":"es","potentialAction":[{"@type":"ReadAction","target":["https:\/\/www.sonoraenequipo.com.mx\/el-congreso-del-estado-de-sonora-voto-hoy-a-favor-del-matrimonio-igualitario\/"]}]},{"@type":"ImageObject","inLanguage":"es","@id":"https:\/\/www.sonoraenequipo.com.mx\/el-congreso-del-estado-de-sonora-voto-hoy-a-favor-del-matrimonio-igualitario\/#primaryimage","url":"https:\/\/www.sonoraenequipo.com.mx\/storage\/2021\/09\/Marcha-gay-11_opt.jpg","contentUrl":"https:\/\/www.sonoraenequipo.com.mx\/storage\/2021\/09\/Marcha-gay-11_opt.jpg","width":700,"height":400},{"@type":"BreadcrumbList","@id":"https:\/\/www.sonoraenequipo.com.mx\/el-congreso-del-estado-de-sonora-voto-hoy-a-favor-del-matrimonio-igualitario\/#breadcrumb","itemListElement":[{"@type":"ListItem","position":1,"name":"Portada","item":"https:\/\/www.sonoraenequipo.com.mx\/"},{"@type":"ListItem","position":2,"name":"El Congreso del Estado de Sonora vot\u00f3 hoy a favor del matrimonio igualitario"}]},{"@type":"WebSite","@id":"https:\/\/www.sonoraenequipo.com.mx\/#website","url":"https:\/\/www.sonoraenequipo.com.mx\/","name":"Sonora en Equipo.","description":"Diario en l\u00ednea con Noticias desde Hermosillo, Sonora","publisher":{"@id":"https:\/\/www.sonoraenequipo.com.mx\/#organization"},"potentialAction":[{"@type":"SearchAction","target":{"@type":"EntryPoint","urlTemplate":"https:\/\/www.sonoraenequipo.com.mx\/?s={search_term_string}"},"query-input":{"@type":"PropertyValueSpecification","valueRequired":true,"valueName":"search_term_string"}}],"inLanguage":"es"},{"@type":"Organization","@id":"https:\/\/www.sonoraenequipo.com.mx\/#organization","name":"Sonoraenequipo.com.mx","url":"https:\/\/www.sonoraenequipo.com.mx\/","logo":{"@type":"ImageObject","inLanguage":"es","@id":"https:\/\/www.sonoraenequipo.com.mx\/#\/schema\/logo\/image\/","url":"https:\/\/www.sonoraenequipo.com.mx\/storage\/2019\/01\/sonoraenequipo_opt.png","contentUrl":"https:\/\/www.sonoraenequipo.com.mx\/storage\/2019\/01\/sonoraenequipo_opt.png","width":375,"height":125,"caption":"Sonoraenequipo.com.mx"},"image":{"@id":"https:\/\/www.sonoraenequipo.com.mx\/#\/schema\/logo\/image\/"},"sameAs":["https:\/\/www.facebook.com\/SonoraEE\/","https:\/\/x.com\/sonoraenequipo","https:\/\/www.youtube.com\/channel\/UC338nW-lPEYmJQs4ZABQ1SQ"]},{"@type":"Person","@id":"https:\/\/www.sonoraenequipo.com.mx\/#\/schema\/person\/50102df0fb23a8fa9e8effad8fa81386","name":"enequipo","image":{"@type":"ImageObject","inLanguage":"es","@id":"https:\/\/www.sonoraenequipo.com.mx\/#\/schema\/person\/image\/","url":"https:\/\/secure.gravatar.com\/avatar\/049821681b589dabc0bc20695993ccebb09f5b5d4d790cd9251b97faac7c652b?s=96&d=blank&r=g","contentUrl":"https:\/\/secure.gravatar.com\/avatar\/049821681b589dabc0bc20695993ccebb09f5b5d4d790cd9251b97faac7c652b?s=96&d=blank&r=g","caption":"enequipo"},"sameAs":["https:\/\/www.facebook.com\/SonoraEE"]}]}},"jetpack_featured_media_url":"https:\/\/www.sonoraenequipo.com.mx\/storage\/2021\/09\/Marcha-gay-11_opt.jpg","_links":{"self":[{"href":"https:\/\/www.sonoraenequipo.com.mx\/api\/wp\/v2\/posts\/123456","targetHints":{"allow":["GET"]}}],"collection":[{"href":"https:\/\/www.sonoraenequipo.com.mx\/api\/wp\/v2\/posts"}],"about":[{"href":"https:\/\/www.sonoraenequipo.com.mx\/api\/wp\/v2\/types\/post"}],"author":[{"embeddable":true,"href":"https:\/\/www.sonoraenequipo.com.mx\/api\/wp\/v2\/users\/1"}],"replies":[{"embeddable":true,"href":"https:\/\/www.sonoraenequipo.com.mx\/api\/wp\/v2\/comments?post=123456"}],"version-history":[{"count":1,"href":"https:\/\/www.sonoraenequipo.com.mx\/api\/wp\/v2\/posts\/123456\/revisions"}],"predecessor-version":[{"id":123458,"href":"https:\/\/www.sonoraenequipo.com.mx\/api\/wp\/v2\/posts\/123456\/revisions\/123458"}],"wp:featuredmedia":[{"embeddable":true,"href":"https:\/\/www.sonoraenequipo.com.mx\/api\/wp\/v2\/media\/123457"}],"wp:attachment":[{"href":"https:\/\/www.sonoraenequipo.com.mx\/api\/wp\/v2\/media?parent=123456"}],"wp:term":[{"taxonomy":"category","embeddable":true,"href":"https:\/\/www.sonoraenequipo.com.mx\/api\/wp\/v2\/categories?post=123456"},{"taxonomy":"post_tag","embeddable":true,"href":"https:\/\/www.sonoraenequipo.com.mx\/api\/wp\/v2\/tags?post=123456"}],"curies":[{"name":"wp","href":"https:\/\/api.w.org\/{rel}","templated":true}]}}