{"id":123459,"date":"2021-09-23T13:25:48","date_gmt":"2021-09-23T20:25:48","guid":{"rendered":"https:\/\/www.sonoraenequipo.com.mx\/?p=123459"},"modified":"2021-09-23T17:13:03","modified_gmt":"2021-09-24T00:13:03","slug":"el-nuevo-gobierno-de-sonora-sera-de-puertas-abiertas-durazo-atiende-a-familiares-de-desaparecidos","status":"publish","type":"post","link":"https:\/\/www.sonoraenequipo.com.mx\/el-nuevo-gobierno-de-sonora-sera-de-puertas-abiertas-durazo-atiende-a-familiares-de-desaparecidos\/","title":{"rendered":"El nuevo gobierno de Sonora, ser\u00e1 de puertas abiertas. Durazo atiende a familiares de desaparecidos"},"content":{"rendered":"<p>HERMOSILLO, SONORA. MX. \u2014Familiares de las 10 personas desparecidas en B\u00e1cum, territorio Yaqui al sur de Sonora se manifestarion frente al Palacio de Gobierno en Hermosillo, para exigir al gobernador, resultados en la b\u00fasqueda de sus familiares.<\/p>\n<p>&nbsp;<\/p>\n<p> <\/p>\n<p>&nbsp;<\/p>\n<p><em>\u201cExigimos a Durazo justicia a corto plazo\u00bb<\/em> y \u201c<em>Yaqui unidos jam\u00e1s seremos desaparecidos\u201d<\/em> era lo que a gritos familiares de los desaparecidos e integrantes de la comunidad Yaqui dec\u00edan en la desesperaci\u00f3n de no saber del paradero de sus familiares.<\/p>\n<p>&nbsp;<\/p>\n<p>&nbsp;<\/p>\n<p>Seg\u00fan lo informado, fue el 14 de julio cuando 7 integrantes de la etnia adem\u00e1s de 3 personas ajenas desaparecieron de Loma de B\u00e1cum llevando hasta el d\u00eda de hoy, al menos 67 d\u00edas de haber desaparecido.<\/p>\n<p>&nbsp;<\/p>\n<p>En esta manifestaci\u00f3n tambi\u00e9n estuvieron presentes integrantes del colectivo Buscadoras por la Paz, quienes se dedican al rastreo de fosas clandestinas y b\u00fasqueda de desaparecidos.<\/p>\n<p>&nbsp;<\/p>\n<p>Ante las peticiones de las familias de los 10 desparecidos, el gobernador, Alfonso Durazo, acudi\u00f3 al llamado de los manifestantes que exig\u00edan el hallazgo de sus familiares.<\/p>\n<p>&nbsp;<\/p>\n<p>Una comitiva de alrededor de 30 personas integrada por gobernadores de la etnia Yaqui y familiares de las v\u00edctimas de desaparici\u00f3n forzada, entraron a Palacio de Gobierno para sostener una reuni\u00f3n con el Gobernador Alfonso Durazo, la secretaria de Seguridad P\u00fablica, Mar\u00eda Dolores del R\u00edo, la fiscal general del Estado, Claudia Indira Contreras C\u00f3rdoba, el secretario de Gobierno, \u00c1lvaro Bracamonte Sierra, sobre los avances de las investigaciones.<\/p>\n<p>&nbsp;<\/p>\n<p><em>\u201cInstru\u00ed sobre la instalaci\u00f3n de una comisi\u00f3n para atender de manera particular las demandas de los colectivos de las \u2018Madres Buscadoras\u2019 y la comitiva de los familiares de la comunidad Yaqui que se han visto afectadas recientemente. Reitero que mi gobierno es de puertas abiertas\u201d<\/em>, inform\u00f3 el mandatario estatal.<\/p>\n<p>&nbsp;<\/p>\n<p>Horas m\u00e1s tarde la Fiscal del Estado dar\u00eda a conocer que se localizaron los restos humanos de seis personas en el rancho Chichiquelite, una de las rutas trazadas para buscar a los desaparecidos y donde encontraron dos veh\u00edculos y otras cosas pertenecientes a los desaparecidos.<\/p>\n<p>&nbsp;<\/p>\n<p>&nbsp;<\/p>\n<p>(Publicada el 22\/09\/2021)<\/p>\n","protected":false},"excerpt":{"rendered":"<p>HERMOSILLO, SONORA. MX. \u2014Familiares de las 10 personas desparecidas en B\u00e1cum, territorio Yaqui al sur&#8230;<\/p>\n","protected":false},"author":1,"featured_media":123467,"comment_status":"open","ping_status":"open","sticky":false,"template":"","format":"standard","meta":{"_monsterinsights_skip_tracking":false,"_monsterinsights_sitenote_active":false,"_monsterinsights_sitenote_note":"","_monsterinsights_sitenote_category":0,"footnotes":""},"categories":[22],"tags":[],"class_list":["post"],"yoast_head":" \n<title>Sonora en Equipo. El nuevo gobierno de Sonora, ser\u00e1 de puertas abiertas. Durazo atiende a familiares de desaparecidos Sonora<\/title>\n<meta name=\"description\" content=\"HERMOSILLO, SONORA. MX. \u2014Familiares de las 10 personas desparecidas en B\u00e1cum, territorio Yaqui al sur de Sonora se manifestarion frente al Palacio de En Sonora en Equipo publicamos toda la informaci\u00f3n de Sonora, M\u00e9xico y el Mundo de manera oportuna y busca que la libertad de expresi\u00f3n sea real. Visita nuestro medio informativo publicado desde Hermosillo, Sonora. %\" \/>\n<meta name=\"robots\" content=\"index, follow, max-snippet:-1, max-image-preview:large, max-video-preview:-1\" \/>\n<link rel=\"canonical\" href=\"https:\/\/www.sonoraenequipo.com.mx\/el-nuevo-gobierno-de-sonora-sera-de-puertas-abiertas-durazo-atiende-a-familiares-de-desaparecidos\/\" \/>\n<meta property=\"og:locale\" content=\"es_ES\" \/>\n<meta property=\"og:type\" content=\"article\" \/>\n<meta property=\"og:title\" content=\"Sonora en Equipo. El nuevo gobierno de Sonora, ser\u00e1 de puertas abiertas. Durazo atiende a familiares de desaparecidos Sonora\" \/>\n<meta property=\"og:description\" content=\"HERMOSILLO, SONORA. MX. \u2014Familiares de las 10 personas desparecidas en B\u00e1cum, territorio Yaqui al sur de Sonora se manifestarion frente al Palacio de En Sonora en Equipo publicamos toda la informaci\u00f3n de Sonora, M\u00e9xico y el Mundo de manera oportuna y busca que la libertad de expresi\u00f3n sea real. Visita nuestro medio informativo publicado desde Hermosillo, Sonora. %\" \/>\n<meta property=\"og:url\" content=\"https:\/\/www.sonoraenequipo.com.mx\/el-nuevo-gobierno-de-sonora-sera-de-puertas-abiertas-durazo-atiende-a-familiares-de-desaparecidos\/\" \/>\n<meta property=\"og:site_name\" content=\"Sonora en Equipo.\" \/>\n<meta property=\"article:publisher\" content=\"https:\/\/www.facebook.com\/SonoraEE\/\" \/>\n<meta property=\"article:author\" content=\"https:\/\/www.facebook.com\/SonoraEE\" \/>\n<meta property=\"article:published_time\" content=\"2021-09-23T20:25:48+00:00\" \/>\n<meta property=\"article:modified_time\" content=\"2021-09-24T00:13:03+00:00\" \/>\n<meta property=\"og:image\" content=\"https:\/\/www.sonoraenequipo.com.mx\/storage\/2021\/09\/protestan-familires-bacum_opt.jpg\" \/>\n\t<meta property=\"og:image:width\" content=\"700\" \/>\n\t<meta property=\"og:image:height\" content=\"400\" \/>\n\t<meta property=\"og:image:type\" content=\"image\/jpeg\" \/>\n<meta name=\"author\" content=\"enequipo\" \/>\n<meta name=\"twitter:card\" content=\"summary_large_image\" \/>\n<meta name=\"twitter:creator\" content=\"@sonoraenequipo\" \/>\n<meta name=\"twitter:site\" content=\"@sonoraenequipo\" \/>\n<meta name=\"twitter:label1\" content=\"Escrito por\" \/>\n\t<meta name=\"twitter:data1\" content=\"enequipo\" \/>\n\t<meta name=\"twitter:label2\" content=\"Tiempo de lectura\" \/>\n\t<meta name=\"twitter:data2\" content=\"2 minutos\" \/>\n<script type=\"application\/ld+json\" class=\"yoast-schema-graph\">{\"@context\":\"https:\/\/schema.org\",\"@graph\":[{\"@type\":\"Article\",\"@id\":\"https:\/\/www.sonoraenequipo.com.mx\/el-nuevo-gobierno-de-sonora-sera-de-puertas-abiertas-durazo-atiende-a-familiares-de-desaparecidos\/#article\",\"isPartOf\":{\"@id\":\"https:\/\/www.sonoraenequipo.com.mx\/el-nuevo-gobierno-de-sonora-sera-de-puertas-abiertas-durazo-atiende-a-familiares-de-desaparecidos\/\"},\"author\":{\"name\":\"enequipo\",\"@id\":\"https:\/\/www.sonoraenequipo.com.mx\/#\/schema\/person\/50102df0fb23a8fa9e8effad8fa81386\"},\"headline\":\"El nuevo gobierno de Sonora, ser\u00e1 de puertas abiertas. Durazo atiende a familiares de desaparecidos\",\"datePublished\":\"2021-09-23T20:25:48+00:00\",\"dateModified\":\"2021-09-24T00:13:03+00:00\",\"mainEntityOfPage\":{\"@id\":\"https:\/\/www.sonoraenequipo.com.mx\/el-nuevo-gobierno-de-sonora-sera-de-puertas-abiertas-durazo-atiende-a-familiares-de-desaparecidos\/\"},\"wordCount\":374,\"commentCount\":0,\"publisher\":{\"@id\":\"https:\/\/www.sonoraenequipo.com.mx\/#organization\"},\"image\":{\"@id\":\"https:\/\/www.sonoraenequipo.com.mx\/el-nuevo-gobierno-de-sonora-sera-de-puertas-abiertas-durazo-atiende-a-familiares-de-desaparecidos\/#primaryimage\"},\"thumbnailUrl\":\"https:\/\/www.sonoraenequipo.com.mx\/storage\/2021\/09\/protestan-familires-bacum_opt.jpg\",\"articleSection\":[\"Sonora\"],\"inLanguage\":\"es\",\"potentialAction\":[{\"@type\":\"CommentAction\",\"name\":\"Comment\",\"target\":[\"https:\/\/www.sonoraenequipo.com.mx\/el-nuevo-gobierno-de-sonora-sera-de-puertas-abiertas-durazo-atiende-a-familiares-de-desaparecidos\/#respond\"]}]},{\"@type\":\"WebPage\",\"@id\":\"https:\/\/www.sonoraenequipo.com.mx\/el-nuevo-gobierno-de-sonora-sera-de-puertas-abiertas-durazo-atiende-a-familiares-de-desaparecidos\/\",\"url\":\"https:\/\/www.sonoraenequipo.com.mx\/el-nuevo-gobierno-de-sonora-sera-de-puertas-abiertas-durazo-atiende-a-familiares-de-desaparecidos\/\",\"name\":\"Sonora en Equipo. El nuevo gobierno de Sonora, ser\u00e1 de puertas abiertas. Durazo atiende a familiares de desaparecidos Sonora\",\"isPartOf\":{\"@id\":\"https:\/\/www.sonoraenequipo.com.mx\/#website\"},\"primaryImageOfPage\":{\"@id\":\"https:\/\/www.sonoraenequipo.com.mx\/el-nuevo-gobierno-de-sonora-sera-de-puertas-abiertas-durazo-atiende-a-familiares-de-desaparecidos\/#primaryimage\"},\"image\":{\"@id\":\"https:\/\/www.sonoraenequipo.com.mx\/el-nuevo-gobierno-de-sonora-sera-de-puertas-abiertas-durazo-atiende-a-familiares-de-desaparecidos\/#primaryimage\"},\"thumbnailUrl\":\"https:\/\/www.sonoraenequipo.com.mx\/storage\/2021\/09\/protestan-familires-bacum_opt.jpg\",\"datePublished\":\"2021-09-23T20:25:48+00:00\",\"dateModified\":\"2021-09-24T00:13:03+00:00\",\"description\":\"HERMOSILLO, SONORA. MX. \u2014Familiares de las 10 personas desparecidas en B\u00e1cum, territorio Yaqui al sur de Sonora se manifestarion frente al Palacio de En Sonora en Equipo publicamos toda la informaci\u00f3n de Sonora, M\u00e9xico y el Mundo de manera oportuna y busca que la libertad de expresi\u00f3n sea real. Visita nuestro medio informativo publicado desde Hermosillo, Sonora. %\",\"breadcrumb\":{\"@id\":\"https:\/\/www.sonoraenequipo.com.mx\/el-nuevo-gobierno-de-sonora-sera-de-puertas-abiertas-durazo-atiende-a-familiares-de-desaparecidos\/#breadcrumb\"},\"inLanguage\":\"es\",\"potentialAction\":[{\"@type\":\"ReadAction\",\"target\":[\"https:\/\/www.sonoraenequipo.com.mx\/el-nuevo-gobierno-de-sonora-sera-de-puertas-abiertas-durazo-atiende-a-familiares-de-desaparecidos\/\"]}]},{\"@type\":\"ImageObject\",\"inLanguage\":\"es\",\"@id\":\"https:\/\/www.sonoraenequipo.com.mx\/el-nuevo-gobierno-de-sonora-sera-de-puertas-abiertas-durazo-atiende-a-familiares-de-desaparecidos\/#primaryimage\",\"url\":\"https:\/\/www.sonoraenequipo.com.mx\/storage\/2021\/09\/protestan-familires-bacum_opt.jpg\",\"contentUrl\":\"https:\/\/www.sonoraenequipo.com.mx\/storage\/2021\/09\/protestan-familires-bacum_opt.jpg\",\"width\":700,\"height\":400},{\"@type\":\"BreadcrumbList\",\"@id\":\"https:\/\/www.sonoraenequipo.com.mx\/el-nuevo-gobierno-de-sonora-sera-de-puertas-abiertas-durazo-atiende-a-familiares-de-desaparecidos\/#breadcrumb\",\"itemListElement\":[{\"@type\":\"ListItem\",\"position\":1,\"name\":\"Portada\",\"item\":\"https:\/\/www.sonoraenequipo.com.mx\/\"},{\"@type\":\"ListItem\",\"position\":2,\"name\":\"El nuevo gobierno de Sonora, ser\u00e1 de puertas abiertas. Durazo atiende a familiares de desaparecidos\"}]},{\"@type\":\"WebSite\",\"@id\":\"https:\/\/www.sonoraenequipo.com.mx\/#website\",\"url\":\"https:\/\/www.sonoraenequipo.com.mx\/\",\"name\":\"Sonora en Equipo.\",\"description\":\"Diario en l\u00ednea con Noticias desde Hermosillo, Sonora\",\"publisher\":{\"@id\":\"https:\/\/www.sonoraenequipo.com.mx\/#organization\"},\"potentialAction\":[{\"@type\":\"SearchAction\",\"target\":{\"@type\":\"EntryPoint\",\"urlTemplate\":\"https:\/\/www.sonoraenequipo.com.mx\/?s={search_term_string}\"},\"query-input\":{\"@type\":\"PropertyValueSpecification\",\"valueRequired\":true,\"valueName\":\"search_term_string\"}}],\"inLanguage\":\"es\"},{\"@type\":\"Organization\",\"@id\":\"https:\/\/www.sonoraenequipo.com.mx\/#organization\",\"name\":\"Sonoraenequipo.com.mx\",\"url\":\"https:\/\/www.sonoraenequipo.com.mx\/\",\"logo\":{\"@type\":\"ImageObject\",\"inLanguage\":\"es\",\"@id\":\"https:\/\/www.sonoraenequipo.com.mx\/#\/schema\/logo\/image\/\",\"url\":\"https:\/\/www.sonoraenequipo.com.mx\/storage\/2019\/01\/sonoraenequipo_opt.png\",\"contentUrl\":\"https:\/\/www.sonoraenequipo.com.mx\/storage\/2019\/01\/sonoraenequipo_opt.png\",\"width\":375,\"height\":125,\"caption\":\"Sonoraenequipo.com.mx\"},\"image\":{\"@id\":\"https:\/\/www.sonoraenequipo.com.mx\/#\/schema\/logo\/image\/\"},\"sameAs\":[\"https:\/\/www.facebook.com\/SonoraEE\/\",\"https:\/\/x.com\/sonoraenequipo\",\"https:\/\/www.youtube.com\/channel\/UC338nW-lPEYmJQs4ZABQ1SQ\"]},{\"@type\":\"Person\",\"@id\":\"https:\/\/www.sonoraenequipo.com.mx\/#\/schema\/person\/50102df0fb23a8fa9e8effad8fa81386\",\"name\":\"enequipo\",\"image\":{\"@type\":\"ImageObject\",\"inLanguage\":\"es\",\"@id\":\"https:\/\/www.sonoraenequipo.com.mx\/#\/schema\/person\/image\/\",\"url\":\"https:\/\/secure.gravatar.com\/avatar\/049821681b589dabc0bc20695993ccebb09f5b5d4d790cd9251b97faac7c652b?s=96&d=blank&r=g\",\"contentUrl\":\"https:\/\/secure.gravatar.com\/avatar\/049821681b589dabc0bc20695993ccebb09f5b5d4d790cd9251b97faac7c652b?s=96&d=blank&r=g\",\"caption\":\"enequipo\"},\"sameAs\":[\"https:\/\/www.facebook.com\/SonoraEE\"]}]}<\/script>\n ","yoast_head_json":{"title":"Sonora en Equipo. El nuevo gobierno de Sonora, ser\u00e1 de puertas abiertas. Durazo atiende a familiares de desaparecidos Sonora","description":"HERMOSILLO, SONORA. MX. \u2014Familiares de las 10 personas desparecidas en B\u00e1cum, territorio Yaqui al sur de Sonora se manifestarion frente al Palacio de En Sonora en Equipo publicamos toda la informaci\u00f3n de Sonora, M\u00e9xico y el Mundo de manera oportuna y busca que la libertad de expresi\u00f3n sea real. Visita nuestro medio informativo publicado desde Hermosillo, Sonora. %","robots":{"index":"index","follow":"follow","max-snippet":"max-snippet:-1","max-image-preview":"max-image-preview:large","max-video-preview":"max-video-preview:-1"},"canonical":"https:\/\/www.sonoraenequipo.com.mx\/el-nuevo-gobierno-de-sonora-sera-de-puertas-abiertas-durazo-atiende-a-familiares-de-desaparecidos\/","og_locale":"es_ES","og_type":"article","og_title":"Sonora en Equipo. El nuevo gobierno de Sonora, ser\u00e1 de puertas abiertas. Durazo atiende a familiares de desaparecidos Sonora","og_description":"HERMOSILLO, SONORA. MX. \u2014Familiares de las 10 personas desparecidas en B\u00e1cum, territorio Yaqui al sur de Sonora se manifestarion frente al Palacio de En Sonora en Equipo publicamos toda la informaci\u00f3n de Sonora, M\u00e9xico y el Mundo de manera oportuna y busca que la libertad de expresi\u00f3n sea real. Visita nuestro medio informativo publicado desde Hermosillo, Sonora. %","og_url":"https:\/\/www.sonoraenequipo.com.mx\/el-nuevo-gobierno-de-sonora-sera-de-puertas-abiertas-durazo-atiende-a-familiares-de-desaparecidos\/","og_site_name":"Sonora en Equipo.","article_publisher":"https:\/\/www.facebook.com\/SonoraEE\/","article_author":"https:\/\/www.facebook.com\/SonoraEE","article_published_time":"2021-09-23T20:25:48+00:00","article_modified_time":"2021-09-24T00:13:03+00:00","og_image":[{"width":700,"height":400,"url":"https:\/\/www.sonoraenequipo.com.mx\/storage\/2021\/09\/protestan-familires-bacum_opt.jpg","type":"image\/jpeg"}],"author":"enequipo","twitter_card":"summary_large_image","twitter_creator":"@sonoraenequipo","twitter_site":"@sonoraenequipo","twitter_misc":{"Escrito por":"enequipo","Tiempo de lectura":"2 minutos"},"schema":{"@context":"https:\/\/schema.org","@graph":[{"@type":"Article","@id":"https:\/\/www.sonoraenequipo.com.mx\/el-nuevo-gobierno-de-sonora-sera-de-puertas-abiertas-durazo-atiende-a-familiares-de-desaparecidos\/#article","isPartOf":{"@id":"https:\/\/www.sonoraenequipo.com.mx\/el-nuevo-gobierno-de-sonora-sera-de-puertas-abiertas-durazo-atiende-a-familiares-de-desaparecidos\/"},"author":{"name":"enequipo","@id":"https:\/\/www.sonoraenequipo.com.mx\/#\/schema\/person\/50102df0fb23a8fa9e8effad8fa81386"},"headline":"El nuevo gobierno de Sonora, ser\u00e1 de puertas abiertas. Durazo atiende a familiares de desaparecidos","datePublished":"2021-09-23T20:25:48+00:00","dateModified":"2021-09-24T00:13:03+00:00","mainEntityOfPage":{"@id":"https:\/\/www.sonoraenequipo.com.mx\/el-nuevo-gobierno-de-sonora-sera-de-puertas-abiertas-durazo-atiende-a-familiares-de-desaparecidos\/"},"wordCount":374,"commentCount":0,"publisher":{"@id":"https:\/\/www.sonoraenequipo.com.mx\/#organization"},"image":{"@id":"https:\/\/www.sonoraenequipo.com.mx\/el-nuevo-gobierno-de-sonora-sera-de-puertas-abiertas-durazo-atiende-a-familiares-de-desaparecidos\/#primaryimage"},"thumbnailUrl":"https:\/\/www.sonoraenequipo.com.mx\/storage\/2021\/09\/protestan-familires-bacum_opt.jpg","articleSection":["Sonora"],"inLanguage":"es","potentialAction":[{"@type":"CommentAction","name":"Comment","target":["https:\/\/www.sonoraenequipo.com.mx\/el-nuevo-gobierno-de-sonora-sera-de-puertas-abiertas-durazo-atiende-a-familiares-de-desaparecidos\/#respond"]}]},{"@type":"WebPage","@id":"https:\/\/www.sonoraenequipo.com.mx\/el-nuevo-gobierno-de-sonora-sera-de-puertas-abiertas-durazo-atiende-a-familiares-de-desaparecidos\/","url":"https:\/\/www.sonoraenequipo.com.mx\/el-nuevo-gobierno-de-sonora-sera-de-puertas-abiertas-durazo-atiende-a-familiares-de-desaparecidos\/","name":"Sonora en Equipo. El nuevo gobierno de Sonora, ser\u00e1 de puertas abiertas. Durazo atiende a familiares de desaparecidos Sonora","isPartOf":{"@id":"https:\/\/www.sonoraenequipo.com.mx\/#website"},"primaryImageOfPage":{"@id":"https:\/\/www.sonoraenequipo.com.mx\/el-nuevo-gobierno-de-sonora-sera-de-puertas-abiertas-durazo-atiende-a-familiares-de-desaparecidos\/#primaryimage"},"image":{"@id":"https:\/\/www.sonoraenequipo.com.mx\/el-nuevo-gobierno-de-sonora-sera-de-puertas-abiertas-durazo-atiende-a-familiares-de-desaparecidos\/#primaryimage"},"thumbnailUrl":"https:\/\/www.sonoraenequipo.com.mx\/storage\/2021\/09\/protestan-familires-bacum_opt.jpg","datePublished":"2021-09-23T20:25:48+00:00","dateModified":"2021-09-24T00:13:03+00:00","description":"HERMOSILLO, SONORA. MX. \u2014Familiares de las 10 personas desparecidas en B\u00e1cum, territorio Yaqui al sur de Sonora se manifestarion frente al Palacio de En Sonora en Equipo publicamos toda la informaci\u00f3n de Sonora, M\u00e9xico y el Mundo de manera oportuna y busca que la libertad de expresi\u00f3n sea real. Visita nuestro medio informativo publicado desde Hermosillo, Sonora. %","breadcrumb":{"@id":"https:\/\/www.sonoraenequipo.com.mx\/el-nuevo-gobierno-de-sonora-sera-de-puertas-abiertas-durazo-atiende-a-familiares-de-desaparecidos\/#breadcrumb"},"inLanguage":"es","potentialAction":[{"@type":"ReadAction","target":["https:\/\/www.sonoraenequipo.com.mx\/el-nuevo-gobierno-de-sonora-sera-de-puertas-abiertas-durazo-atiende-a-familiares-de-desaparecidos\/"]}]},{"@type":"ImageObject","inLanguage":"es","@id":"https:\/\/www.sonoraenequipo.com.mx\/el-nuevo-gobierno-de-sonora-sera-de-puertas-abiertas-durazo-atiende-a-familiares-de-desaparecidos\/#primaryimage","url":"https:\/\/www.sonoraenequipo.com.mx\/storage\/2021\/09\/protestan-familires-bacum_opt.jpg","contentUrl":"https:\/\/www.sonoraenequipo.com.mx\/storage\/2021\/09\/protestan-familires-bacum_opt.jpg","width":700,"height":400},{"@type":"BreadcrumbList","@id":"https:\/\/www.sonoraenequipo.com.mx\/el-nuevo-gobierno-de-sonora-sera-de-puertas-abiertas-durazo-atiende-a-familiares-de-desaparecidos\/#breadcrumb","itemListElement":[{"@type":"ListItem","position":1,"name":"Portada","item":"https:\/\/www.sonoraenequipo.com.mx\/"},{"@type":"ListItem","position":2,"name":"El nuevo gobierno de Sonora, ser\u00e1 de puertas abiertas. Durazo atiende a familiares de desaparecidos"}]},{"@type":"WebSite","@id":"https:\/\/www.sonoraenequipo.com.mx\/#website","url":"https:\/\/www.sonoraenequipo.com.mx\/","name":"Sonora en Equipo.","description":"Diario en l\u00ednea con Noticias desde Hermosillo, Sonora","publisher":{"@id":"https:\/\/www.sonoraenequipo.com.mx\/#organization"},"potentialAction":[{"@type":"SearchAction","target":{"@type":"EntryPoint","urlTemplate":"https:\/\/www.sonoraenequipo.com.mx\/?s={search_term_string}"},"query-input":{"@type":"PropertyValueSpecification","valueRequired":true,"valueName":"search_term_string"}}],"inLanguage":"es"},{"@type":"Organization","@id":"https:\/\/www.sonoraenequipo.com.mx\/#organization","name":"Sonoraenequipo.com.mx","url":"https:\/\/www.sonoraenequipo.com.mx\/","logo":{"@type":"ImageObject","inLanguage":"es","@id":"https:\/\/www.sonoraenequipo.com.mx\/#\/schema\/logo\/image\/","url":"https:\/\/www.sonoraenequipo.com.mx\/storage\/2019\/01\/sonoraenequipo_opt.png","contentUrl":"https:\/\/www.sonoraenequipo.com.mx\/storage\/2019\/01\/sonoraenequipo_opt.png","width":375,"height":125,"caption":"Sonoraenequipo.com.mx"},"image":{"@id":"https:\/\/www.sonoraenequipo.com.mx\/#\/schema\/logo\/image\/"},"sameAs":["https:\/\/www.facebook.com\/SonoraEE\/","https:\/\/x.com\/sonoraenequipo","https:\/\/www.youtube.com\/channel\/UC338nW-lPEYmJQs4ZABQ1SQ"]},{"@type":"Person","@id":"https:\/\/www.sonoraenequipo.com.mx\/#\/schema\/person\/50102df0fb23a8fa9e8effad8fa81386","name":"enequipo","image":{"@type":"ImageObject","inLanguage":"es","@id":"https:\/\/www.sonoraenequipo.com.mx\/#\/schema\/person\/image\/","url":"https:\/\/secure.gravatar.com\/avatar\/049821681b589dabc0bc20695993ccebb09f5b5d4d790cd9251b97faac7c652b?s=96&d=blank&r=g","contentUrl":"https:\/\/secure.gravatar.com\/avatar\/049821681b589dabc0bc20695993ccebb09f5b5d4d790cd9251b97faac7c652b?s=96&d=blank&r=g","caption":"enequipo"},"sameAs":["https:\/\/www.facebook.com\/SonoraEE"]}]}},"jetpack_featured_media_url":"https:\/\/www.sonoraenequipo.com.mx\/storage\/2021\/09\/protestan-familires-bacum_opt.jpg","_links":{"self":[{"href":"https:\/\/www.sonoraenequipo.com.mx\/api\/wp\/v2\/posts\/123459","targetHints":{"allow":["GET"]}}],"collection":[{"href":"https:\/\/www.sonoraenequipo.com.mx\/api\/wp\/v2\/posts"}],"about":[{"href":"https:\/\/www.sonoraenequipo.com.mx\/api\/wp\/v2\/types\/post"}],"author":[{"embeddable":true,"href":"https:\/\/www.sonoraenequipo.com.mx\/api\/wp\/v2\/users\/1"}],"replies":[{"embeddable":true,"href":"https:\/\/www.sonoraenequipo.com.mx\/api\/wp\/v2\/comments?post=123459"}],"version-history":[{"count":1,"href":"https:\/\/www.sonoraenequipo.com.mx\/api\/wp\/v2\/posts\/123459\/revisions"}],"predecessor-version":[{"id":123466,"href":"https:\/\/www.sonoraenequipo.com.mx\/api\/wp\/v2\/posts\/123459\/revisions\/123466"}],"wp:featuredmedia":[{"embeddable":true,"href":"https:\/\/www.sonoraenequipo.com.mx\/api\/wp\/v2\/media\/123467"}],"wp:attachment":[{"href":"https:\/\/www.sonoraenequipo.com.mx\/api\/wp\/v2\/media?parent=123459"}],"wp:term":[{"taxonomy":"category","embeddable":true,"href":"https:\/\/www.sonoraenequipo.com.mx\/api\/wp\/v2\/categories?post=123459"},{"taxonomy":"post_tag","embeddable":true,"href":"https:\/\/www.sonoraenequipo.com.mx\/api\/wp\/v2\/tags?post=123459"}],"curies":[{"name":"wp","href":"https:\/\/api.w.org\/{rel}","templated":true}]}}