{"id":123468,"date":"2021-09-23T12:14:37","date_gmt":"2021-09-23T19:14:37","guid":{"rendered":"https:\/\/www.sonoraenequipo.com.mx\/?p=123468"},"modified":"2021-09-23T17:32:43","modified_gmt":"2021-09-24T00:32:43","slug":"antonio-astiazaran-analiza-los-proximos-pasos-a-seguir-con-ptar","status":"publish","type":"post","link":"https:\/\/www.sonoraenequipo.com.mx\/antonio-astiazaran-analiza-los-proximos-pasos-a-seguir-con-ptar\/","title":{"rendered":"Antonio Astiazar\u00e1n analiza los pr\u00f3ximos pasos a seguir con PTAR"},"content":{"rendered":"<p>HERMOSILLO, SONORA. MX. \u2014 A pesar de los tr\u00e1mites que realiz\u00f3 la pasada administraci\u00f3n de Hermosillo para rescindir del contrato \u2018leonino\u2019 que el municipio ten\u00eda con la Planta Tratadora de Aguas Residuales, el ahora alcalde de la capital, Antonio Astiazar\u00e1n Guti\u00e9rrez asegur\u00f3 que no es conveniente deshacer el convenio con la Planta Tratadora de Aguas Residuales (PTAR).<\/p>\n<p>&nbsp;<\/p>\n<p> <\/p>\n<p>Antonio Astiazar\u00e1n, detall\u00f3 que en caso de que el municipio insista en rescindir el contrato, el Fondo Nacional para la Implementaci\u00f3n estar\u00eda exigiendo de regreso a Agua de Hermosillo la inversi\u00f3n que realiz\u00f3 de entre 400 y 500 millones de pesos en este proyecto, significado un porcentaje del 49%.<\/p>\n<p>El Presidente Municipal indic\u00f3 que esto ser\u00eda un problema, ya que actualmente no se cuenta con los fondos suficientes para devolver el dinero a Fonadin, por lo cual se deber\u00e1 de replantear una soluci\u00f3n.<\/p>\n<p>&nbsp;<\/p>\n<p>El edil hermosillense coment\u00f3 que la Planta Tratadora sigue trabajando a pesar de los tr\u00e1mites legales en los cuales se ha visto involucrada, sin embargo To\u00f1o Astiazar\u00e1n destac\u00f3 que para dar una pronta soluci\u00f3n es necesario que se realice una mesa de trabajo para presentar el tema.<\/p>\n<p><em>\u201cLa Planta sigue trabajando, no con la calidad de agua qu\u00e9 deber\u00eda, yo he pedido como presidente de la junta de gobierno de Agua de Hermosillo, al director Renato Ulloa, a que lleve a cabo una mesa de trabajo precisamente para poder encontrar la mejor soluci\u00f3n para la ciudad\u201d,<\/em> dijo.<\/p>\n<p>&nbsp;<\/p>\n<p>Astiazar\u00e1n Guti\u00e9rrez explic\u00f3 que para poder llevar a cabo algunos de los proyectos en la ciudad, es necesaria la utilizaci\u00f3n de aguas tratadas, por lo cual busca una mejor calidad en este l\u00edquido y que sea lo menos costoso posible.<\/p>\n<p>&nbsp;<\/p>\n<p>Por \u00faltimo, a\u00f1adi\u00f3 que se est\u00e1n revisando los contratos se\u00f1alando los incumplimientos t\u00e9cnicos y legales, para as\u00ed determinar cu\u00e1les ser\u00e1n los pr\u00f3ximos pasos a seguir.<\/p>\n<p>&nbsp;<\/p>\n<p>&nbsp;<\/p>\n<p>(Publicada el 23\/09\/2021)<\/p>\n","protected":false},"excerpt":{"rendered":"<p>HERMOSILLO, SONORA. MX. \u2014 A pesar de los tr\u00e1mites que realiz\u00f3 la pasada administraci\u00f3n de&#8230;<\/p>\n","protected":false},"author":1,"featured_media":123469,"comment_status":"open","ping_status":"open","sticky":false,"template":"","format":"standard","meta":{"_monsterinsights_skip_tracking":false,"_monsterinsights_sitenote_active":false,"_monsterinsights_sitenote_note":"","_monsterinsights_sitenote_category":0,"footnotes":""},"categories":[4],"tags":[],"class_list":["post"],"yoast_head":" \n<title>Sonora en Equipo. Antonio Astiazar\u00e1n analiza los pr\u00f3ximos pasos a seguir con PTAR Municipios<\/title>\n<meta name=\"description\" content=\"HERMOSILLO, SONORA. MX. \u2014 A pesar de los tr\u00e1mites que realiz\u00f3 la pasada administraci\u00f3n de Hermosillo para rescindir del contrato \u2018leonino\u2019 que el En Sonora en Equipo publicamos toda la informaci\u00f3n de Sonora, M\u00e9xico y el Mundo de manera oportuna y busca que la libertad de expresi\u00f3n sea real. Visita nuestro medio informativo publicado desde Hermosillo, Sonora. %\" \/>\n<meta name=\"robots\" content=\"index, follow, max-snippet:-1, max-image-preview:large, max-video-preview:-1\" \/>\n<link rel=\"canonical\" href=\"https:\/\/www.sonoraenequipo.com.mx\/antonio-astiazaran-analiza-los-proximos-pasos-a-seguir-con-ptar\/\" \/>\n<meta property=\"og:locale\" content=\"es_ES\" \/>\n<meta property=\"og:type\" content=\"article\" \/>\n<meta property=\"og:title\" content=\"Sonora en Equipo. Antonio Astiazar\u00e1n analiza los pr\u00f3ximos pasos a seguir con PTAR Municipios\" \/>\n<meta property=\"og:description\" content=\"HERMOSILLO, SONORA. MX. \u2014 A pesar de los tr\u00e1mites que realiz\u00f3 la pasada administraci\u00f3n de Hermosillo para rescindir del contrato \u2018leonino\u2019 que el En Sonora en Equipo publicamos toda la informaci\u00f3n de Sonora, M\u00e9xico y el Mundo de manera oportuna y busca que la libertad de expresi\u00f3n sea real. Visita nuestro medio informativo publicado desde Hermosillo, Sonora. %\" \/>\n<meta property=\"og:url\" content=\"https:\/\/www.sonoraenequipo.com.mx\/antonio-astiazaran-analiza-los-proximos-pasos-a-seguir-con-ptar\/\" \/>\n<meta property=\"og:site_name\" content=\"Sonora en Equipo.\" \/>\n<meta property=\"article:publisher\" content=\"https:\/\/www.facebook.com\/SonoraEE\/\" \/>\n<meta property=\"article:author\" content=\"https:\/\/www.facebook.com\/SonoraEE\" \/>\n<meta property=\"article:published_time\" content=\"2021-09-23T19:14:37+00:00\" \/>\n<meta property=\"article:modified_time\" content=\"2021-09-24T00:32:43+00:00\" \/>\n<meta property=\"og:image\" content=\"https:\/\/www.sonoraenequipo.com.mx\/storage\/2021\/09\/ptar_opt.jpg\" \/>\n\t<meta property=\"og:image:width\" content=\"700\" \/>\n\t<meta property=\"og:image:height\" content=\"400\" \/>\n\t<meta property=\"og:image:type\" content=\"image\/jpeg\" \/>\n<meta name=\"author\" content=\"enequipo\" \/>\n<meta name=\"twitter:card\" content=\"summary_large_image\" \/>\n<meta name=\"twitter:creator\" content=\"@sonoraenequipo\" \/>\n<meta name=\"twitter:site\" content=\"@sonoraenequipo\" \/>\n<meta name=\"twitter:label1\" content=\"Escrito por\" \/>\n\t<meta name=\"twitter:data1\" content=\"enequipo\" \/>\n\t<meta name=\"twitter:label2\" content=\"Tiempo de lectura\" \/>\n\t<meta name=\"twitter:data2\" content=\"2 minutos\" \/>\n<script type=\"application\/ld+json\" class=\"yoast-schema-graph\">{\"@context\":\"https:\/\/schema.org\",\"@graph\":[{\"@type\":\"Article\",\"@id\":\"https:\/\/www.sonoraenequipo.com.mx\/antonio-astiazaran-analiza-los-proximos-pasos-a-seguir-con-ptar\/#article\",\"isPartOf\":{\"@id\":\"https:\/\/www.sonoraenequipo.com.mx\/antonio-astiazaran-analiza-los-proximos-pasos-a-seguir-con-ptar\/\"},\"author\":{\"name\":\"enequipo\",\"@id\":\"https:\/\/www.sonoraenequipo.com.mx\/#\/schema\/person\/50102df0fb23a8fa9e8effad8fa81386\"},\"headline\":\"Antonio Astiazar\u00e1n analiza los pr\u00f3ximos pasos a seguir con PTAR\",\"datePublished\":\"2021-09-23T19:14:37+00:00\",\"dateModified\":\"2021-09-24T00:32:43+00:00\",\"mainEntityOfPage\":{\"@id\":\"https:\/\/www.sonoraenequipo.com.mx\/antonio-astiazaran-analiza-los-proximos-pasos-a-seguir-con-ptar\/\"},\"wordCount\":346,\"commentCount\":0,\"publisher\":{\"@id\":\"https:\/\/www.sonoraenequipo.com.mx\/#organization\"},\"image\":{\"@id\":\"https:\/\/www.sonoraenequipo.com.mx\/antonio-astiazaran-analiza-los-proximos-pasos-a-seguir-con-ptar\/#primaryimage\"},\"thumbnailUrl\":\"https:\/\/www.sonoraenequipo.com.mx\/storage\/2021\/09\/ptar_opt.jpg\",\"articleSection\":[\"Municipios\"],\"inLanguage\":\"es\",\"potentialAction\":[{\"@type\":\"CommentAction\",\"name\":\"Comment\",\"target\":[\"https:\/\/www.sonoraenequipo.com.mx\/antonio-astiazaran-analiza-los-proximos-pasos-a-seguir-con-ptar\/#respond\"]}]},{\"@type\":\"WebPage\",\"@id\":\"https:\/\/www.sonoraenequipo.com.mx\/antonio-astiazaran-analiza-los-proximos-pasos-a-seguir-con-ptar\/\",\"url\":\"https:\/\/www.sonoraenequipo.com.mx\/antonio-astiazaran-analiza-los-proximos-pasos-a-seguir-con-ptar\/\",\"name\":\"Sonora en Equipo. Antonio Astiazar\u00e1n analiza los pr\u00f3ximos pasos a seguir con PTAR Municipios\",\"isPartOf\":{\"@id\":\"https:\/\/www.sonoraenequipo.com.mx\/#website\"},\"primaryImageOfPage\":{\"@id\":\"https:\/\/www.sonoraenequipo.com.mx\/antonio-astiazaran-analiza-los-proximos-pasos-a-seguir-con-ptar\/#primaryimage\"},\"image\":{\"@id\":\"https:\/\/www.sonoraenequipo.com.mx\/antonio-astiazaran-analiza-los-proximos-pasos-a-seguir-con-ptar\/#primaryimage\"},\"thumbnailUrl\":\"https:\/\/www.sonoraenequipo.com.mx\/storage\/2021\/09\/ptar_opt.jpg\",\"datePublished\":\"2021-09-23T19:14:37+00:00\",\"dateModified\":\"2021-09-24T00:32:43+00:00\",\"description\":\"HERMOSILLO, SONORA. MX. \u2014 A pesar de los tr\u00e1mites que realiz\u00f3 la pasada administraci\u00f3n de Hermosillo para rescindir del contrato \u2018leonino\u2019 que el En Sonora en Equipo publicamos toda la informaci\u00f3n de Sonora, M\u00e9xico y el Mundo de manera oportuna y busca que la libertad de expresi\u00f3n sea real. Visita nuestro medio informativo publicado desde Hermosillo, Sonora. %\",\"breadcrumb\":{\"@id\":\"https:\/\/www.sonoraenequipo.com.mx\/antonio-astiazaran-analiza-los-proximos-pasos-a-seguir-con-ptar\/#breadcrumb\"},\"inLanguage\":\"es\",\"potentialAction\":[{\"@type\":\"ReadAction\",\"target\":[\"https:\/\/www.sonoraenequipo.com.mx\/antonio-astiazaran-analiza-los-proximos-pasos-a-seguir-con-ptar\/\"]}]},{\"@type\":\"ImageObject\",\"inLanguage\":\"es\",\"@id\":\"https:\/\/www.sonoraenequipo.com.mx\/antonio-astiazaran-analiza-los-proximos-pasos-a-seguir-con-ptar\/#primaryimage\",\"url\":\"https:\/\/www.sonoraenequipo.com.mx\/storage\/2021\/09\/ptar_opt.jpg\",\"contentUrl\":\"https:\/\/www.sonoraenequipo.com.mx\/storage\/2021\/09\/ptar_opt.jpg\",\"width\":700,\"height\":400},{\"@type\":\"BreadcrumbList\",\"@id\":\"https:\/\/www.sonoraenequipo.com.mx\/antonio-astiazaran-analiza-los-proximos-pasos-a-seguir-con-ptar\/#breadcrumb\",\"itemListElement\":[{\"@type\":\"ListItem\",\"position\":1,\"name\":\"Portada\",\"item\":\"https:\/\/www.sonoraenequipo.com.mx\/\"},{\"@type\":\"ListItem\",\"position\":2,\"name\":\"Antonio Astiazar\u00e1n analiza los pr\u00f3ximos pasos a seguir con PTAR\"}]},{\"@type\":\"WebSite\",\"@id\":\"https:\/\/www.sonoraenequipo.com.mx\/#website\",\"url\":\"https:\/\/www.sonoraenequipo.com.mx\/\",\"name\":\"Sonora en Equipo.\",\"description\":\"Diario en l\u00ednea con Noticias desde Hermosillo, Sonora\",\"publisher\":{\"@id\":\"https:\/\/www.sonoraenequipo.com.mx\/#organization\"},\"potentialAction\":[{\"@type\":\"SearchAction\",\"target\":{\"@type\":\"EntryPoint\",\"urlTemplate\":\"https:\/\/www.sonoraenequipo.com.mx\/?s={search_term_string}\"},\"query-input\":{\"@type\":\"PropertyValueSpecification\",\"valueRequired\":true,\"valueName\":\"search_term_string\"}}],\"inLanguage\":\"es\"},{\"@type\":\"Organization\",\"@id\":\"https:\/\/www.sonoraenequipo.com.mx\/#organization\",\"name\":\"Sonoraenequipo.com.mx\",\"url\":\"https:\/\/www.sonoraenequipo.com.mx\/\",\"logo\":{\"@type\":\"ImageObject\",\"inLanguage\":\"es\",\"@id\":\"https:\/\/www.sonoraenequipo.com.mx\/#\/schema\/logo\/image\/\",\"url\":\"https:\/\/www.sonoraenequipo.com.mx\/storage\/2019\/01\/sonoraenequipo_opt.png\",\"contentUrl\":\"https:\/\/www.sonoraenequipo.com.mx\/storage\/2019\/01\/sonoraenequipo_opt.png\",\"width\":375,\"height\":125,\"caption\":\"Sonoraenequipo.com.mx\"},\"image\":{\"@id\":\"https:\/\/www.sonoraenequipo.com.mx\/#\/schema\/logo\/image\/\"},\"sameAs\":[\"https:\/\/www.facebook.com\/SonoraEE\/\",\"https:\/\/x.com\/sonoraenequipo\",\"https:\/\/www.youtube.com\/channel\/UC338nW-lPEYmJQs4ZABQ1SQ\"]},{\"@type\":\"Person\",\"@id\":\"https:\/\/www.sonoraenequipo.com.mx\/#\/schema\/person\/50102df0fb23a8fa9e8effad8fa81386\",\"name\":\"enequipo\",\"image\":{\"@type\":\"ImageObject\",\"inLanguage\":\"es\",\"@id\":\"https:\/\/www.sonoraenequipo.com.mx\/#\/schema\/person\/image\/\",\"url\":\"https:\/\/secure.gravatar.com\/avatar\/049821681b589dabc0bc20695993ccebb09f5b5d4d790cd9251b97faac7c652b?s=96&d=blank&r=g\",\"contentUrl\":\"https:\/\/secure.gravatar.com\/avatar\/049821681b589dabc0bc20695993ccebb09f5b5d4d790cd9251b97faac7c652b?s=96&d=blank&r=g\",\"caption\":\"enequipo\"},\"sameAs\":[\"https:\/\/www.facebook.com\/SonoraEE\"]}]}<\/script>\n ","yoast_head_json":{"title":"Sonora en Equipo. Antonio Astiazar\u00e1n analiza los pr\u00f3ximos pasos a seguir con PTAR Municipios","description":"HERMOSILLO, SONORA. MX. \u2014 A pesar de los tr\u00e1mites que realiz\u00f3 la pasada administraci\u00f3n de Hermosillo para rescindir del contrato \u2018leonino\u2019 que el En Sonora en Equipo publicamos toda la informaci\u00f3n de Sonora, M\u00e9xico y el Mundo de manera oportuna y busca que la libertad de expresi\u00f3n sea real. Visita nuestro medio informativo publicado desde Hermosillo, Sonora. %","robots":{"index":"index","follow":"follow","max-snippet":"max-snippet:-1","max-image-preview":"max-image-preview:large","max-video-preview":"max-video-preview:-1"},"canonical":"https:\/\/www.sonoraenequipo.com.mx\/antonio-astiazaran-analiza-los-proximos-pasos-a-seguir-con-ptar\/","og_locale":"es_ES","og_type":"article","og_title":"Sonora en Equipo. Antonio Astiazar\u00e1n analiza los pr\u00f3ximos pasos a seguir con PTAR Municipios","og_description":"HERMOSILLO, SONORA. MX. \u2014 A pesar de los tr\u00e1mites que realiz\u00f3 la pasada administraci\u00f3n de Hermosillo para rescindir del contrato \u2018leonino\u2019 que el En Sonora en Equipo publicamos toda la informaci\u00f3n de Sonora, M\u00e9xico y el Mundo de manera oportuna y busca que la libertad de expresi\u00f3n sea real. Visita nuestro medio informativo publicado desde Hermosillo, Sonora. %","og_url":"https:\/\/www.sonoraenequipo.com.mx\/antonio-astiazaran-analiza-los-proximos-pasos-a-seguir-con-ptar\/","og_site_name":"Sonora en Equipo.","article_publisher":"https:\/\/www.facebook.com\/SonoraEE\/","article_author":"https:\/\/www.facebook.com\/SonoraEE","article_published_time":"2021-09-23T19:14:37+00:00","article_modified_time":"2021-09-24T00:32:43+00:00","og_image":[{"width":700,"height":400,"url":"https:\/\/www.sonoraenequipo.com.mx\/storage\/2021\/09\/ptar_opt.jpg","type":"image\/jpeg"}],"author":"enequipo","twitter_card":"summary_large_image","twitter_creator":"@sonoraenequipo","twitter_site":"@sonoraenequipo","twitter_misc":{"Escrito por":"enequipo","Tiempo de lectura":"2 minutos"},"schema":{"@context":"https:\/\/schema.org","@graph":[{"@type":"Article","@id":"https:\/\/www.sonoraenequipo.com.mx\/antonio-astiazaran-analiza-los-proximos-pasos-a-seguir-con-ptar\/#article","isPartOf":{"@id":"https:\/\/www.sonoraenequipo.com.mx\/antonio-astiazaran-analiza-los-proximos-pasos-a-seguir-con-ptar\/"},"author":{"name":"enequipo","@id":"https:\/\/www.sonoraenequipo.com.mx\/#\/schema\/person\/50102df0fb23a8fa9e8effad8fa81386"},"headline":"Antonio Astiazar\u00e1n analiza los pr\u00f3ximos pasos a seguir con PTAR","datePublished":"2021-09-23T19:14:37+00:00","dateModified":"2021-09-24T00:32:43+00:00","mainEntityOfPage":{"@id":"https:\/\/www.sonoraenequipo.com.mx\/antonio-astiazaran-analiza-los-proximos-pasos-a-seguir-con-ptar\/"},"wordCount":346,"commentCount":0,"publisher":{"@id":"https:\/\/www.sonoraenequipo.com.mx\/#organization"},"image":{"@id":"https:\/\/www.sonoraenequipo.com.mx\/antonio-astiazaran-analiza-los-proximos-pasos-a-seguir-con-ptar\/#primaryimage"},"thumbnailUrl":"https:\/\/www.sonoraenequipo.com.mx\/storage\/2021\/09\/ptar_opt.jpg","articleSection":["Municipios"],"inLanguage":"es","potentialAction":[{"@type":"CommentAction","name":"Comment","target":["https:\/\/www.sonoraenequipo.com.mx\/antonio-astiazaran-analiza-los-proximos-pasos-a-seguir-con-ptar\/#respond"]}]},{"@type":"WebPage","@id":"https:\/\/www.sonoraenequipo.com.mx\/antonio-astiazaran-analiza-los-proximos-pasos-a-seguir-con-ptar\/","url":"https:\/\/www.sonoraenequipo.com.mx\/antonio-astiazaran-analiza-los-proximos-pasos-a-seguir-con-ptar\/","name":"Sonora en Equipo. Antonio Astiazar\u00e1n analiza los pr\u00f3ximos pasos a seguir con PTAR Municipios","isPartOf":{"@id":"https:\/\/www.sonoraenequipo.com.mx\/#website"},"primaryImageOfPage":{"@id":"https:\/\/www.sonoraenequipo.com.mx\/antonio-astiazaran-analiza-los-proximos-pasos-a-seguir-con-ptar\/#primaryimage"},"image":{"@id":"https:\/\/www.sonoraenequipo.com.mx\/antonio-astiazaran-analiza-los-proximos-pasos-a-seguir-con-ptar\/#primaryimage"},"thumbnailUrl":"https:\/\/www.sonoraenequipo.com.mx\/storage\/2021\/09\/ptar_opt.jpg","datePublished":"2021-09-23T19:14:37+00:00","dateModified":"2021-09-24T00:32:43+00:00","description":"HERMOSILLO, SONORA. MX. \u2014 A pesar de los tr\u00e1mites que realiz\u00f3 la pasada administraci\u00f3n de Hermosillo para rescindir del contrato \u2018leonino\u2019 que el En Sonora en Equipo publicamos toda la informaci\u00f3n de Sonora, M\u00e9xico y el Mundo de manera oportuna y busca que la libertad de expresi\u00f3n sea real. Visita nuestro medio informativo publicado desde Hermosillo, Sonora. %","breadcrumb":{"@id":"https:\/\/www.sonoraenequipo.com.mx\/antonio-astiazaran-analiza-los-proximos-pasos-a-seguir-con-ptar\/#breadcrumb"},"inLanguage":"es","potentialAction":[{"@type":"ReadAction","target":["https:\/\/www.sonoraenequipo.com.mx\/antonio-astiazaran-analiza-los-proximos-pasos-a-seguir-con-ptar\/"]}]},{"@type":"ImageObject","inLanguage":"es","@id":"https:\/\/www.sonoraenequipo.com.mx\/antonio-astiazaran-analiza-los-proximos-pasos-a-seguir-con-ptar\/#primaryimage","url":"https:\/\/www.sonoraenequipo.com.mx\/storage\/2021\/09\/ptar_opt.jpg","contentUrl":"https:\/\/www.sonoraenequipo.com.mx\/storage\/2021\/09\/ptar_opt.jpg","width":700,"height":400},{"@type":"BreadcrumbList","@id":"https:\/\/www.sonoraenequipo.com.mx\/antonio-astiazaran-analiza-los-proximos-pasos-a-seguir-con-ptar\/#breadcrumb","itemListElement":[{"@type":"ListItem","position":1,"name":"Portada","item":"https:\/\/www.sonoraenequipo.com.mx\/"},{"@type":"ListItem","position":2,"name":"Antonio Astiazar\u00e1n analiza los pr\u00f3ximos pasos a seguir con PTAR"}]},{"@type":"WebSite","@id":"https:\/\/www.sonoraenequipo.com.mx\/#website","url":"https:\/\/www.sonoraenequipo.com.mx\/","name":"Sonora en Equipo.","description":"Diario en l\u00ednea con Noticias desde Hermosillo, Sonora","publisher":{"@id":"https:\/\/www.sonoraenequipo.com.mx\/#organization"},"potentialAction":[{"@type":"SearchAction","target":{"@type":"EntryPoint","urlTemplate":"https:\/\/www.sonoraenequipo.com.mx\/?s={search_term_string}"},"query-input":{"@type":"PropertyValueSpecification","valueRequired":true,"valueName":"search_term_string"}}],"inLanguage":"es"},{"@type":"Organization","@id":"https:\/\/www.sonoraenequipo.com.mx\/#organization","name":"Sonoraenequipo.com.mx","url":"https:\/\/www.sonoraenequipo.com.mx\/","logo":{"@type":"ImageObject","inLanguage":"es","@id":"https:\/\/www.sonoraenequipo.com.mx\/#\/schema\/logo\/image\/","url":"https:\/\/www.sonoraenequipo.com.mx\/storage\/2019\/01\/sonoraenequipo_opt.png","contentUrl":"https:\/\/www.sonoraenequipo.com.mx\/storage\/2019\/01\/sonoraenequipo_opt.png","width":375,"height":125,"caption":"Sonoraenequipo.com.mx"},"image":{"@id":"https:\/\/www.sonoraenequipo.com.mx\/#\/schema\/logo\/image\/"},"sameAs":["https:\/\/www.facebook.com\/SonoraEE\/","https:\/\/x.com\/sonoraenequipo","https:\/\/www.youtube.com\/channel\/UC338nW-lPEYmJQs4ZABQ1SQ"]},{"@type":"Person","@id":"https:\/\/www.sonoraenequipo.com.mx\/#\/schema\/person\/50102df0fb23a8fa9e8effad8fa81386","name":"enequipo","image":{"@type":"ImageObject","inLanguage":"es","@id":"https:\/\/www.sonoraenequipo.com.mx\/#\/schema\/person\/image\/","url":"https:\/\/secure.gravatar.com\/avatar\/049821681b589dabc0bc20695993ccebb09f5b5d4d790cd9251b97faac7c652b?s=96&d=blank&r=g","contentUrl":"https:\/\/secure.gravatar.com\/avatar\/049821681b589dabc0bc20695993ccebb09f5b5d4d790cd9251b97faac7c652b?s=96&d=blank&r=g","caption":"enequipo"},"sameAs":["https:\/\/www.facebook.com\/SonoraEE"]}]}},"jetpack_featured_media_url":"https:\/\/www.sonoraenequipo.com.mx\/storage\/2021\/09\/ptar_opt.jpg","_links":{"self":[{"href":"https:\/\/www.sonoraenequipo.com.mx\/api\/wp\/v2\/posts\/123468","targetHints":{"allow":["GET"]}}],"collection":[{"href":"https:\/\/www.sonoraenequipo.com.mx\/api\/wp\/v2\/posts"}],"about":[{"href":"https:\/\/www.sonoraenequipo.com.mx\/api\/wp\/v2\/types\/post"}],"author":[{"embeddable":true,"href":"https:\/\/www.sonoraenequipo.com.mx\/api\/wp\/v2\/users\/1"}],"replies":[{"embeddable":true,"href":"https:\/\/www.sonoraenequipo.com.mx\/api\/wp\/v2\/comments?post=123468"}],"version-history":[{"count":1,"href":"https:\/\/www.sonoraenequipo.com.mx\/api\/wp\/v2\/posts\/123468\/revisions"}],"predecessor-version":[{"id":123470,"href":"https:\/\/www.sonoraenequipo.com.mx\/api\/wp\/v2\/posts\/123468\/revisions\/123470"}],"wp:featuredmedia":[{"embeddable":true,"href":"https:\/\/www.sonoraenequipo.com.mx\/api\/wp\/v2\/media\/123469"}],"wp:attachment":[{"href":"https:\/\/www.sonoraenequipo.com.mx\/api\/wp\/v2\/media?parent=123468"}],"wp:term":[{"taxonomy":"category","embeddable":true,"href":"https:\/\/www.sonoraenequipo.com.mx\/api\/wp\/v2\/categories?post=123468"},{"taxonomy":"post_tag","embeddable":true,"href":"https:\/\/www.sonoraenequipo.com.mx\/api\/wp\/v2\/tags?post=123468"}],"curies":[{"name":"wp","href":"https:\/\/api.w.org\/{rel}","templated":true}]}}