{"id":123483,"date":"2021-09-23T17:00:50","date_gmt":"2021-09-24T00:00:50","guid":{"rendered":"https:\/\/www.sonoraenequipo.com.mx\/?p=123483"},"modified":"2021-09-23T19:25:16","modified_gmt":"2021-09-24T02:25:16","slug":"tormenta-sam-se-intensifica-en-el-atlantico-sera-un-poderoso-huracan","status":"publish","type":"post","link":"https:\/\/www.sonoraenequipo.com.mx\/tormenta-sam-se-intensifica-en-el-atlantico-sera-un-poderoso-huracan\/","title":{"rendered":"Tormenta Sam se intensifica en el Atl\u00e1ntico, ser\u00e1 un poderoso hurac\u00e1n"},"content":{"rendered":"<p>ESTADOS UNIDOS. \u2014\u00a0 El jueves (23.09.2021) por la tarde, la tormenta tropical Sam estaba ganando intensidad en aguas abiertas del oc\u00e9ano Atl\u00e1ntico y se pronostica que se transformar\u00e1 en un poderoso hurac\u00e1n de categoria 3 el fin de semana. Las Bermudas, Bahamas, la costa este de EEUU y el Atl\u00e1ntico canadiense deben estar atentos al desarrollo del sistema.<\/p>\n<p>&nbsp;<\/p>\n<p> <\/p>\n<p>&nbsp;<\/p>\n<p>El Centro Nacional de Huracanes en Estados Unidos (NHC) inform\u00f3 que los vientos m\u00e1ximos sostenidos del sistema aumentaron a 60 mph (95 Km\/h) y el pronostico es un fortalecimiento importante en los pr\u00f3ximos d\u00edas.<\/p>\n<p>&nbsp;<\/p>\n<p><em>\u201cSe vaticina una r\u00e1pida intensificaci\u00f3n y Sam se convertir\u00eda en un hurac\u00e1n el viernes (24.09.2021) y podr\u00eda transformarse en un hurac\u00e1n de categor\u00eda mayor el s\u00e1bado\u201d<\/em> (25.09.2021), detall\u00f3.<\/p>\n<p>&nbsp;<\/p>\n<p>Los meteor\u00f3logos vaticinan que ser\u00e1 un hurac\u00e1n de categor\u00eda 3 con vientos m\u00e1ximos sostenidos de entre 111 a 129 mph.<\/p>\n<p>&nbsp;<\/p>\n<p>Rick Knabb, ex director del NHC, dijo que solo seis huracanes de categor\u00eda mayor en la escala de intensidad Saffir-Simpson de un m\u00e1ximo de 5 se han acercado a las Antillas menores en la segunda quincena de septiembre desde 1950.<\/p>\n<p>&nbsp;<\/p>\n<p>Uno de ellos, Teddy de categor\u00eda 4, se form\u00f3 en 2020 \u201cpeligrosamente\u201d en el extremo sur de las Antillas menores, agreg\u00f3.<\/p>\n<p>&nbsp;<\/p>\n<p>La tormenta estaba ubicada a 1,635 millas (2,635 Km) al este sureste del norte de las Antillas menores.<\/p>\n<p>&nbsp;<\/p>\n<p><em>Knabb, quien es un experto de huracanes en el Weather Channel, dijo que \u201cespero que el pron\u00f3stico del futuro #Sam muestre un fortalecimiento robusto. Este (sistema) es un candidato a convertirse en un hurac\u00e1n de categor\u00eda mayor\u201d.<\/em><\/p>\n<p>&nbsp;<\/p>\n<p><em>\u201cNo se sabe si afectar\u00e1 directamente o pasar\u00e1 al noreste de las Islas de Sotavento a mediados o finales de la pr\u00f3xima semana\u201d,<\/em> se\u00f1al\u00f3 en la ma\u00f1ana del jueves.<\/p>\n<blockquote class=\"twitter-tweet\" data-width=\"550\" data-dnt=\"true\">\n<p lang=\"en\" dir=\"ltr\">Sam-I-Am<br \/>Meet Tropical Storm <a href=\"https:\/\/twitter.com\/hashtag\/Sam?src=hash&amp;ref_src=twsrc%5Etfw\">#Sam<\/a> located north of the South America continent traveling northwest, the 18th named storm of the 2021 Atlantic Hurricane season forecast to become a hurricane tomorrow. <a href=\"https:\/\/t.co\/2bYLJap7kE\">https:\/\/t.co\/2bYLJap7kE<\/a> <a href=\"https:\/\/t.co\/rWaMYinUOS\">pic.twitter.com\/rWaMYinUOS<\/a><\/p>\n<p>&mdash; UW-Madison CIMSS (@UWCIMSS) <a href=\"https:\/\/twitter.com\/UWCIMSS\/status\/1441064525277671425?ref_src=twsrc%5Etfw\">September 23, 2021<\/a><\/p><\/blockquote>\n<p><script async src=\"https:\/\/platform.twitter.com\/widgets.js\" charset=\"utf-8\"><\/script><\/p>\n<p>&nbsp;<\/p>\n<p>&nbsp;<\/p>\n<p>En cuanto a la situaci\u00f3n con Estados Unidos, dijo que \u201cla versi\u00f3n abreviada es que todav\u00eda es bastante posible que #Sam llegue a EEUU continental.<\/p>\n<p>Los meteor\u00f3logos de AccuWeather dijeron que hay una variedad de posibilidades hacia d\u00f3nde se pueda dirigir el sistema tropical e instaron a los residentes de las Bermudas, Bahamas, la costa este de Estados Unidos y el Atl\u00e1ntico canadiense a monitorear el sistema.<\/p>\n<p>\u201cExiste la posibilidad de que el sistema contin\u00fae avanzando hacia el oeste a medida que se acerca a las islas del norte del Caribe y las Bahamas. En ese escenario, podr\u00eda deambular cerca de la costa este de EEUU\u201d, dijeron.<\/p>\n<p>La mayor\u00eda de los pron\u00f3sticos de modelos inform\u00e1ticos eventualmente alejar\u00e1n al sistema tropical de la costa este de Estados Unidos a fines de la pr\u00f3xima semana.<\/p>\n<p><a class=\"twitter-timeline\" data-width=\"640\" data-height=\"960\" data-dnt=\"true\" href=\"https:\/\/twitter.com\/UWCIMSS?ref_src=twsrc%5Etfw\">Tweets by UWCIMSS<\/a><script async src=\"https:\/\/platform.twitter.com\/widgets.js\" charset=\"utf-8\"><\/script><\/p>\n<p>\u201cSin embargo, es demasiado pronto para descartar por completo a Sam como una posible amenaza a Estados Unidos . Esto se debe a que el pron\u00f3stico de direcci\u00f3n a largo plazo para Sam podr\u00eda cambiar en futuras actualizaciones de los pron\u00f3sticos del modelo de computadora\u201d, indic\u00f3 el Weather Channel.<\/p>\n<p>Podr\u00eda al menos enviar una amenaza de fuerte oleaje y corrientes de resaca a la costa este dentro de m\u00e1s de una semana, incluso si se mantiene lejos de la costa.<\/p>\n<p>Los meteor\u00f3logos dijeron que Sam es uno de los \u00faltimos cuatro nombres que quedan en la lista designada \u201cpara la ajetreada temporada de huracanes\u201d del Atl\u00e1ntico de 2021.. Le siguen Teresa, V\u00edctor y Wanda.<\/p>\n<p>La tormenta es la decimoctava de la temporada en la cuenca atl\u00e1ntica de 2021.<\/p>\n<p>&nbsp;<\/p>\n<p>(Publicada el 23\/09\/2021 \/Con informaci\u00f3n de EFE)<\/p>\n","protected":false},"excerpt":{"rendered":"<p>ESTADOS UNIDOS. \u2014\u00a0 El jueves (23.09.2021) por la tarde, la tormenta tropical Sam estaba ganando&#8230;<\/p>\n","protected":false},"author":1,"featured_media":123487,"comment_status":"open","ping_status":"open","sticky":false,"template":"","format":"standard","meta":{"_monsterinsights_skip_tracking":false,"_monsterinsights_sitenote_active":false,"_monsterinsights_sitenote_note":"","_monsterinsights_sitenote_category":0,"footnotes":""},"categories":[3],"tags":[],"class_list":["post"],"yoast_head":" \n<title>Sonora en Equipo. Tormenta Sam se intensifica en el Atl\u00e1ntico, ser\u00e1 un poderoso hurac\u00e1n MUNDO<\/title>\n<meta name=\"description\" content=\"ESTADOS UNIDOS. \u2014\u00a0 El jueves (23.09.2021) por la tarde, la tormenta tropical Sam estaba ganando intensidad en aguas abiertas del oc\u00e9ano Atl\u00e1ntico y se En Sonora en Equipo publicamos toda la informaci\u00f3n de Sonora, M\u00e9xico y el Mundo de manera oportuna y busca que la libertad de expresi\u00f3n sea real. Visita nuestro medio informativo publicado desde Hermosillo, Sonora. %\" \/>\n<meta name=\"robots\" content=\"index, follow, max-snippet:-1, max-image-preview:large, max-video-preview:-1\" \/>\n<link rel=\"canonical\" href=\"https:\/\/www.sonoraenequipo.com.mx\/tormenta-sam-se-intensifica-en-el-atlantico-sera-un-poderoso-huracan\/\" \/>\n<meta property=\"og:locale\" content=\"es_ES\" \/>\n<meta property=\"og:type\" content=\"article\" \/>\n<meta property=\"og:title\" content=\"Sonora en Equipo. Tormenta Sam se intensifica en el Atl\u00e1ntico, ser\u00e1 un poderoso hurac\u00e1n MUNDO\" \/>\n<meta property=\"og:description\" content=\"ESTADOS UNIDOS. \u2014\u00a0 El jueves (23.09.2021) por la tarde, la tormenta tropical Sam estaba ganando intensidad en aguas abiertas del oc\u00e9ano Atl\u00e1ntico y se En Sonora en Equipo publicamos toda la informaci\u00f3n de Sonora, M\u00e9xico y el Mundo de manera oportuna y busca que la libertad de expresi\u00f3n sea real. Visita nuestro medio informativo publicado desde Hermosillo, Sonora. %\" \/>\n<meta property=\"og:url\" content=\"https:\/\/www.sonoraenequipo.com.mx\/tormenta-sam-se-intensifica-en-el-atlantico-sera-un-poderoso-huracan\/\" \/>\n<meta property=\"og:site_name\" content=\"Sonora en Equipo.\" \/>\n<meta property=\"article:publisher\" content=\"https:\/\/www.facebook.com\/SonoraEE\/\" \/>\n<meta property=\"article:author\" content=\"https:\/\/www.facebook.com\/SonoraEE\" \/>\n<meta property=\"article:published_time\" content=\"2021-09-24T00:00:50+00:00\" \/>\n<meta property=\"article:modified_time\" content=\"2021-09-24T02:25:16+00:00\" \/>\n<meta property=\"og:image\" content=\"https:\/\/www.sonoraenequipo.com.mx\/storage\/2021\/09\/Sam-huracan_opt.jpg\" \/>\n\t<meta property=\"og:image:width\" content=\"700\" \/>\n\t<meta property=\"og:image:height\" content=\"400\" \/>\n\t<meta property=\"og:image:type\" content=\"image\/jpeg\" \/>\n<meta name=\"author\" content=\"enequipo\" \/>\n<meta name=\"twitter:card\" content=\"summary_large_image\" \/>\n<meta name=\"twitter:creator\" content=\"@sonoraenequipo\" \/>\n<meta name=\"twitter:site\" content=\"@sonoraenequipo\" \/>\n<meta name=\"twitter:label1\" content=\"Escrito por\" \/>\n\t<meta name=\"twitter:data1\" content=\"enequipo\" \/>\n\t<meta name=\"twitter:label2\" content=\"Tiempo de lectura\" \/>\n\t<meta name=\"twitter:data2\" content=\"3 minutos\" \/>\n<script type=\"application\/ld+json\" class=\"yoast-schema-graph\">{\"@context\":\"https:\/\/schema.org\",\"@graph\":[{\"@type\":\"Article\",\"@id\":\"https:\/\/www.sonoraenequipo.com.mx\/tormenta-sam-se-intensifica-en-el-atlantico-sera-un-poderoso-huracan\/#article\",\"isPartOf\":{\"@id\":\"https:\/\/www.sonoraenequipo.com.mx\/tormenta-sam-se-intensifica-en-el-atlantico-sera-un-poderoso-huracan\/\"},\"author\":{\"name\":\"enequipo\",\"@id\":\"https:\/\/www.sonoraenequipo.com.mx\/#\/schema\/person\/50102df0fb23a8fa9e8effad8fa81386\"},\"headline\":\"Tormenta Sam se intensifica en el Atl\u00e1ntico, ser\u00e1 un poderoso hurac\u00e1n\",\"datePublished\":\"2021-09-24T00:00:50+00:00\",\"dateModified\":\"2021-09-24T02:25:16+00:00\",\"mainEntityOfPage\":{\"@id\":\"https:\/\/www.sonoraenequipo.com.mx\/tormenta-sam-se-intensifica-en-el-atlantico-sera-un-poderoso-huracan\/\"},\"wordCount\":620,\"commentCount\":0,\"publisher\":{\"@id\":\"https:\/\/www.sonoraenequipo.com.mx\/#organization\"},\"image\":{\"@id\":\"https:\/\/www.sonoraenequipo.com.mx\/tormenta-sam-se-intensifica-en-el-atlantico-sera-un-poderoso-huracan\/#primaryimage\"},\"thumbnailUrl\":\"https:\/\/www.sonoraenequipo.com.mx\/storage\/2021\/09\/Sam-huracan_opt.jpg\",\"articleSection\":[\"MUNDO\"],\"inLanguage\":\"es\",\"potentialAction\":[{\"@type\":\"CommentAction\",\"name\":\"Comment\",\"target\":[\"https:\/\/www.sonoraenequipo.com.mx\/tormenta-sam-se-intensifica-en-el-atlantico-sera-un-poderoso-huracan\/#respond\"]}]},{\"@type\":\"WebPage\",\"@id\":\"https:\/\/www.sonoraenequipo.com.mx\/tormenta-sam-se-intensifica-en-el-atlantico-sera-un-poderoso-huracan\/\",\"url\":\"https:\/\/www.sonoraenequipo.com.mx\/tormenta-sam-se-intensifica-en-el-atlantico-sera-un-poderoso-huracan\/\",\"name\":\"Sonora en Equipo. Tormenta Sam se intensifica en el Atl\u00e1ntico, ser\u00e1 un poderoso hurac\u00e1n MUNDO\",\"isPartOf\":{\"@id\":\"https:\/\/www.sonoraenequipo.com.mx\/#website\"},\"primaryImageOfPage\":{\"@id\":\"https:\/\/www.sonoraenequipo.com.mx\/tormenta-sam-se-intensifica-en-el-atlantico-sera-un-poderoso-huracan\/#primaryimage\"},\"image\":{\"@id\":\"https:\/\/www.sonoraenequipo.com.mx\/tormenta-sam-se-intensifica-en-el-atlantico-sera-un-poderoso-huracan\/#primaryimage\"},\"thumbnailUrl\":\"https:\/\/www.sonoraenequipo.com.mx\/storage\/2021\/09\/Sam-huracan_opt.jpg\",\"datePublished\":\"2021-09-24T00:00:50+00:00\",\"dateModified\":\"2021-09-24T02:25:16+00:00\",\"description\":\"ESTADOS UNIDOS. \u2014\u00a0 El jueves (23.09.2021) por la tarde, la tormenta tropical Sam estaba ganando intensidad en aguas abiertas del oc\u00e9ano Atl\u00e1ntico y se En Sonora en Equipo publicamos toda la informaci\u00f3n de Sonora, M\u00e9xico y el Mundo de manera oportuna y busca que la libertad de expresi\u00f3n sea real. Visita nuestro medio informativo publicado desde Hermosillo, Sonora. %\",\"breadcrumb\":{\"@id\":\"https:\/\/www.sonoraenequipo.com.mx\/tormenta-sam-se-intensifica-en-el-atlantico-sera-un-poderoso-huracan\/#breadcrumb\"},\"inLanguage\":\"es\",\"potentialAction\":[{\"@type\":\"ReadAction\",\"target\":[\"https:\/\/www.sonoraenequipo.com.mx\/tormenta-sam-se-intensifica-en-el-atlantico-sera-un-poderoso-huracan\/\"]}]},{\"@type\":\"ImageObject\",\"inLanguage\":\"es\",\"@id\":\"https:\/\/www.sonoraenequipo.com.mx\/tormenta-sam-se-intensifica-en-el-atlantico-sera-un-poderoso-huracan\/#primaryimage\",\"url\":\"https:\/\/www.sonoraenequipo.com.mx\/storage\/2021\/09\/Sam-huracan_opt.jpg\",\"contentUrl\":\"https:\/\/www.sonoraenequipo.com.mx\/storage\/2021\/09\/Sam-huracan_opt.jpg\",\"width\":700,\"height\":400},{\"@type\":\"BreadcrumbList\",\"@id\":\"https:\/\/www.sonoraenequipo.com.mx\/tormenta-sam-se-intensifica-en-el-atlantico-sera-un-poderoso-huracan\/#breadcrumb\",\"itemListElement\":[{\"@type\":\"ListItem\",\"position\":1,\"name\":\"Portada\",\"item\":\"https:\/\/www.sonoraenequipo.com.mx\/\"},{\"@type\":\"ListItem\",\"position\":2,\"name\":\"Tormenta Sam se intensifica en el Atl\u00e1ntico, ser\u00e1 un poderoso hurac\u00e1n\"}]},{\"@type\":\"WebSite\",\"@id\":\"https:\/\/www.sonoraenequipo.com.mx\/#website\",\"url\":\"https:\/\/www.sonoraenequipo.com.mx\/\",\"name\":\"Sonora en Equipo.\",\"description\":\"Diario en l\u00ednea con Noticias desde Hermosillo, Sonora\",\"publisher\":{\"@id\":\"https:\/\/www.sonoraenequipo.com.mx\/#organization\"},\"potentialAction\":[{\"@type\":\"SearchAction\",\"target\":{\"@type\":\"EntryPoint\",\"urlTemplate\":\"https:\/\/www.sonoraenequipo.com.mx\/?s={search_term_string}\"},\"query-input\":{\"@type\":\"PropertyValueSpecification\",\"valueRequired\":true,\"valueName\":\"search_term_string\"}}],\"inLanguage\":\"es\"},{\"@type\":\"Organization\",\"@id\":\"https:\/\/www.sonoraenequipo.com.mx\/#organization\",\"name\":\"Sonoraenequipo.com.mx\",\"url\":\"https:\/\/www.sonoraenequipo.com.mx\/\",\"logo\":{\"@type\":\"ImageObject\",\"inLanguage\":\"es\",\"@id\":\"https:\/\/www.sonoraenequipo.com.mx\/#\/schema\/logo\/image\/\",\"url\":\"https:\/\/www.sonoraenequipo.com.mx\/storage\/2019\/01\/sonoraenequipo_opt.png\",\"contentUrl\":\"https:\/\/www.sonoraenequipo.com.mx\/storage\/2019\/01\/sonoraenequipo_opt.png\",\"width\":375,\"height\":125,\"caption\":\"Sonoraenequipo.com.mx\"},\"image\":{\"@id\":\"https:\/\/www.sonoraenequipo.com.mx\/#\/schema\/logo\/image\/\"},\"sameAs\":[\"https:\/\/www.facebook.com\/SonoraEE\/\",\"https:\/\/x.com\/sonoraenequipo\",\"https:\/\/www.youtube.com\/channel\/UC338nW-lPEYmJQs4ZABQ1SQ\"]},{\"@type\":\"Person\",\"@id\":\"https:\/\/www.sonoraenequipo.com.mx\/#\/schema\/person\/50102df0fb23a8fa9e8effad8fa81386\",\"name\":\"enequipo\",\"image\":{\"@type\":\"ImageObject\",\"inLanguage\":\"es\",\"@id\":\"https:\/\/www.sonoraenequipo.com.mx\/#\/schema\/person\/image\/\",\"url\":\"https:\/\/secure.gravatar.com\/avatar\/049821681b589dabc0bc20695993ccebb09f5b5d4d790cd9251b97faac7c652b?s=96&d=blank&r=g\",\"contentUrl\":\"https:\/\/secure.gravatar.com\/avatar\/049821681b589dabc0bc20695993ccebb09f5b5d4d790cd9251b97faac7c652b?s=96&d=blank&r=g\",\"caption\":\"enequipo\"},\"sameAs\":[\"https:\/\/www.facebook.com\/SonoraEE\"]}]}<\/script>\n ","yoast_head_json":{"title":"Sonora en Equipo. Tormenta Sam se intensifica en el Atl\u00e1ntico, ser\u00e1 un poderoso hurac\u00e1n MUNDO","description":"ESTADOS UNIDOS. \u2014\u00a0 El jueves (23.09.2021) por la tarde, la tormenta tropical Sam estaba ganando intensidad en aguas abiertas del oc\u00e9ano Atl\u00e1ntico y se En Sonora en Equipo publicamos toda la informaci\u00f3n de Sonora, M\u00e9xico y el Mundo de manera oportuna y busca que la libertad de expresi\u00f3n sea real. Visita nuestro medio informativo publicado desde Hermosillo, Sonora. %","robots":{"index":"index","follow":"follow","max-snippet":"max-snippet:-1","max-image-preview":"max-image-preview:large","max-video-preview":"max-video-preview:-1"},"canonical":"https:\/\/www.sonoraenequipo.com.mx\/tormenta-sam-se-intensifica-en-el-atlantico-sera-un-poderoso-huracan\/","og_locale":"es_ES","og_type":"article","og_title":"Sonora en Equipo. Tormenta Sam se intensifica en el Atl\u00e1ntico, ser\u00e1 un poderoso hurac\u00e1n MUNDO","og_description":"ESTADOS UNIDOS. \u2014\u00a0 El jueves (23.09.2021) por la tarde, la tormenta tropical Sam estaba ganando intensidad en aguas abiertas del oc\u00e9ano Atl\u00e1ntico y se En Sonora en Equipo publicamos toda la informaci\u00f3n de Sonora, M\u00e9xico y el Mundo de manera oportuna y busca que la libertad de expresi\u00f3n sea real. Visita nuestro medio informativo publicado desde Hermosillo, Sonora. %","og_url":"https:\/\/www.sonoraenequipo.com.mx\/tormenta-sam-se-intensifica-en-el-atlantico-sera-un-poderoso-huracan\/","og_site_name":"Sonora en Equipo.","article_publisher":"https:\/\/www.facebook.com\/SonoraEE\/","article_author":"https:\/\/www.facebook.com\/SonoraEE","article_published_time":"2021-09-24T00:00:50+00:00","article_modified_time":"2021-09-24T02:25:16+00:00","og_image":[{"width":700,"height":400,"url":"https:\/\/www.sonoraenequipo.com.mx\/storage\/2021\/09\/Sam-huracan_opt.jpg","type":"image\/jpeg"}],"author":"enequipo","twitter_card":"summary_large_image","twitter_creator":"@sonoraenequipo","twitter_site":"@sonoraenequipo","twitter_misc":{"Escrito por":"enequipo","Tiempo de lectura":"3 minutos"},"schema":{"@context":"https:\/\/schema.org","@graph":[{"@type":"Article","@id":"https:\/\/www.sonoraenequipo.com.mx\/tormenta-sam-se-intensifica-en-el-atlantico-sera-un-poderoso-huracan\/#article","isPartOf":{"@id":"https:\/\/www.sonoraenequipo.com.mx\/tormenta-sam-se-intensifica-en-el-atlantico-sera-un-poderoso-huracan\/"},"author":{"name":"enequipo","@id":"https:\/\/www.sonoraenequipo.com.mx\/#\/schema\/person\/50102df0fb23a8fa9e8effad8fa81386"},"headline":"Tormenta Sam se intensifica en el Atl\u00e1ntico, ser\u00e1 un poderoso hurac\u00e1n","datePublished":"2021-09-24T00:00:50+00:00","dateModified":"2021-09-24T02:25:16+00:00","mainEntityOfPage":{"@id":"https:\/\/www.sonoraenequipo.com.mx\/tormenta-sam-se-intensifica-en-el-atlantico-sera-un-poderoso-huracan\/"},"wordCount":620,"commentCount":0,"publisher":{"@id":"https:\/\/www.sonoraenequipo.com.mx\/#organization"},"image":{"@id":"https:\/\/www.sonoraenequipo.com.mx\/tormenta-sam-se-intensifica-en-el-atlantico-sera-un-poderoso-huracan\/#primaryimage"},"thumbnailUrl":"https:\/\/www.sonoraenequipo.com.mx\/storage\/2021\/09\/Sam-huracan_opt.jpg","articleSection":["MUNDO"],"inLanguage":"es","potentialAction":[{"@type":"CommentAction","name":"Comment","target":["https:\/\/www.sonoraenequipo.com.mx\/tormenta-sam-se-intensifica-en-el-atlantico-sera-un-poderoso-huracan\/#respond"]}]},{"@type":"WebPage","@id":"https:\/\/www.sonoraenequipo.com.mx\/tormenta-sam-se-intensifica-en-el-atlantico-sera-un-poderoso-huracan\/","url":"https:\/\/www.sonoraenequipo.com.mx\/tormenta-sam-se-intensifica-en-el-atlantico-sera-un-poderoso-huracan\/","name":"Sonora en Equipo. Tormenta Sam se intensifica en el Atl\u00e1ntico, ser\u00e1 un poderoso hurac\u00e1n MUNDO","isPartOf":{"@id":"https:\/\/www.sonoraenequipo.com.mx\/#website"},"primaryImageOfPage":{"@id":"https:\/\/www.sonoraenequipo.com.mx\/tormenta-sam-se-intensifica-en-el-atlantico-sera-un-poderoso-huracan\/#primaryimage"},"image":{"@id":"https:\/\/www.sonoraenequipo.com.mx\/tormenta-sam-se-intensifica-en-el-atlantico-sera-un-poderoso-huracan\/#primaryimage"},"thumbnailUrl":"https:\/\/www.sonoraenequipo.com.mx\/storage\/2021\/09\/Sam-huracan_opt.jpg","datePublished":"2021-09-24T00:00:50+00:00","dateModified":"2021-09-24T02:25:16+00:00","description":"ESTADOS UNIDOS. \u2014\u00a0 El jueves (23.09.2021) por la tarde, la tormenta tropical Sam estaba ganando intensidad en aguas abiertas del oc\u00e9ano Atl\u00e1ntico y se En Sonora en Equipo publicamos toda la informaci\u00f3n de Sonora, M\u00e9xico y el Mundo de manera oportuna y busca que la libertad de expresi\u00f3n sea real. Visita nuestro medio informativo publicado desde Hermosillo, Sonora. %","breadcrumb":{"@id":"https:\/\/www.sonoraenequipo.com.mx\/tormenta-sam-se-intensifica-en-el-atlantico-sera-un-poderoso-huracan\/#breadcrumb"},"inLanguage":"es","potentialAction":[{"@type":"ReadAction","target":["https:\/\/www.sonoraenequipo.com.mx\/tormenta-sam-se-intensifica-en-el-atlantico-sera-un-poderoso-huracan\/"]}]},{"@type":"ImageObject","inLanguage":"es","@id":"https:\/\/www.sonoraenequipo.com.mx\/tormenta-sam-se-intensifica-en-el-atlantico-sera-un-poderoso-huracan\/#primaryimage","url":"https:\/\/www.sonoraenequipo.com.mx\/storage\/2021\/09\/Sam-huracan_opt.jpg","contentUrl":"https:\/\/www.sonoraenequipo.com.mx\/storage\/2021\/09\/Sam-huracan_opt.jpg","width":700,"height":400},{"@type":"BreadcrumbList","@id":"https:\/\/www.sonoraenequipo.com.mx\/tormenta-sam-se-intensifica-en-el-atlantico-sera-un-poderoso-huracan\/#breadcrumb","itemListElement":[{"@type":"ListItem","position":1,"name":"Portada","item":"https:\/\/www.sonoraenequipo.com.mx\/"},{"@type":"ListItem","position":2,"name":"Tormenta Sam se intensifica en el Atl\u00e1ntico, ser\u00e1 un poderoso hurac\u00e1n"}]},{"@type":"WebSite","@id":"https:\/\/www.sonoraenequipo.com.mx\/#website","url":"https:\/\/www.sonoraenequipo.com.mx\/","name":"Sonora en Equipo.","description":"Diario en l\u00ednea con Noticias desde Hermosillo, Sonora","publisher":{"@id":"https:\/\/www.sonoraenequipo.com.mx\/#organization"},"potentialAction":[{"@type":"SearchAction","target":{"@type":"EntryPoint","urlTemplate":"https:\/\/www.sonoraenequipo.com.mx\/?s={search_term_string}"},"query-input":{"@type":"PropertyValueSpecification","valueRequired":true,"valueName":"search_term_string"}}],"inLanguage":"es"},{"@type":"Organization","@id":"https:\/\/www.sonoraenequipo.com.mx\/#organization","name":"Sonoraenequipo.com.mx","url":"https:\/\/www.sonoraenequipo.com.mx\/","logo":{"@type":"ImageObject","inLanguage":"es","@id":"https:\/\/www.sonoraenequipo.com.mx\/#\/schema\/logo\/image\/","url":"https:\/\/www.sonoraenequipo.com.mx\/storage\/2019\/01\/sonoraenequipo_opt.png","contentUrl":"https:\/\/www.sonoraenequipo.com.mx\/storage\/2019\/01\/sonoraenequipo_opt.png","width":375,"height":125,"caption":"Sonoraenequipo.com.mx"},"image":{"@id":"https:\/\/www.sonoraenequipo.com.mx\/#\/schema\/logo\/image\/"},"sameAs":["https:\/\/www.facebook.com\/SonoraEE\/","https:\/\/x.com\/sonoraenequipo","https:\/\/www.youtube.com\/channel\/UC338nW-lPEYmJQs4ZABQ1SQ"]},{"@type":"Person","@id":"https:\/\/www.sonoraenequipo.com.mx\/#\/schema\/person\/50102df0fb23a8fa9e8effad8fa81386","name":"enequipo","image":{"@type":"ImageObject","inLanguage":"es","@id":"https:\/\/www.sonoraenequipo.com.mx\/#\/schema\/person\/image\/","url":"https:\/\/secure.gravatar.com\/avatar\/049821681b589dabc0bc20695993ccebb09f5b5d4d790cd9251b97faac7c652b?s=96&d=blank&r=g","contentUrl":"https:\/\/secure.gravatar.com\/avatar\/049821681b589dabc0bc20695993ccebb09f5b5d4d790cd9251b97faac7c652b?s=96&d=blank&r=g","caption":"enequipo"},"sameAs":["https:\/\/www.facebook.com\/SonoraEE"]}]}},"jetpack_featured_media_url":"https:\/\/www.sonoraenequipo.com.mx\/storage\/2021\/09\/Sam-huracan_opt.jpg","_links":{"self":[{"href":"https:\/\/www.sonoraenequipo.com.mx\/api\/wp\/v2\/posts\/123483","targetHints":{"allow":["GET"]}}],"collection":[{"href":"https:\/\/www.sonoraenequipo.com.mx\/api\/wp\/v2\/posts"}],"about":[{"href":"https:\/\/www.sonoraenequipo.com.mx\/api\/wp\/v2\/types\/post"}],"author":[{"embeddable":true,"href":"https:\/\/www.sonoraenequipo.com.mx\/api\/wp\/v2\/users\/1"}],"replies":[{"embeddable":true,"href":"https:\/\/www.sonoraenequipo.com.mx\/api\/wp\/v2\/comments?post=123483"}],"version-history":[{"count":1,"href":"https:\/\/www.sonoraenequipo.com.mx\/api\/wp\/v2\/posts\/123483\/revisions"}],"predecessor-version":[{"id":123489,"href":"https:\/\/www.sonoraenequipo.com.mx\/api\/wp\/v2\/posts\/123483\/revisions\/123489"}],"wp:featuredmedia":[{"embeddable":true,"href":"https:\/\/www.sonoraenequipo.com.mx\/api\/wp\/v2\/media\/123487"}],"wp:attachment":[{"href":"https:\/\/www.sonoraenequipo.com.mx\/api\/wp\/v2\/media?parent=123483"}],"wp:term":[{"taxonomy":"category","embeddable":true,"href":"https:\/\/www.sonoraenequipo.com.mx\/api\/wp\/v2\/categories?post=123483"},{"taxonomy":"post_tag","embeddable":true,"href":"https:\/\/www.sonoraenequipo.com.mx\/api\/wp\/v2\/tags?post=123483"}],"curies":[{"name":"wp","href":"https:\/\/api.w.org\/{rel}","templated":true}]}}