{"id":123488,"date":"2021-09-23T23:15:42","date_gmt":"2021-09-24T06:15:42","guid":{"rendered":"https:\/\/www.sonoraenequipo.com.mx\/?p=123488"},"modified":"2021-09-23T22:26:10","modified_gmt":"2021-09-24T05:26:10","slug":"busca-tono-astiazaran-mayor-coordinacion-con-seguridad-publica-estatal","status":"publish","type":"post","link":"https:\/\/www.sonoraenequipo.com.mx\/busca-tono-astiazaran-mayor-coordinacion-con-seguridad-publica-estatal\/","title":{"rendered":"Busca To\u00f1o Astiazar\u00e1n mayor coordinaci\u00f3n con Seguridad P\u00fablica Estatal"},"content":{"rendered":"<p>CAJEME, SONORA,MX.\u2500\u2500 Para trabajar en una estrategia de mayor coordinaci\u00f3n entre los tres niveles de gobierno el Presidente Municipal de Hermosillo, Antonio Astiazar\u00e1n se reuni\u00f3 aqu\u00ed con la Secretaria de Seguridad P\u00fablica, Mar\u00eda Dolores Del R\u00edo S\u00e1nchez.<\/p>\n<p>Lo que se busca para la capital de Sonora es reducir la incidencia de delitos a trav\u00e9s de un clara estrategia y coordinaci\u00f3n entre los distintos niveles de gobierno.<\/p>\n<p>Entre los acuerdos de coordinaci\u00f3n destaca tambi\u00e9n la recuperaci\u00f3n de espacios p\u00fablicos y deportivos para los ciudadanos.<\/p>\n<p>El encuentro se realiz\u00f3 en Ciudad Obreg\u00f3n, Sonora en el marco de la reuni\u00f3n estatal de Seguridad P\u00fablica y lo acompa\u00f1\u00f3 el Comisario de Seguridad P\u00fablica de Hermosillo, Manuel Emilio Hoyos.<\/p>\n<p>Fecha de Publicaci\u00f3n\u00a0 jueves\u00a0 \/ 23\u00a0\u00a0 \/ septiembre \/ 2021<\/p>\n","protected":false},"excerpt":{"rendered":"<p>CAJEME, SONORA,MX.\u2500\u2500 Para trabajar en una estrategia de mayor coordinaci\u00f3n entre los tres niveles de&#8230;<\/p>\n","protected":false},"author":1,"featured_media":123493,"comment_status":"open","ping_status":"open","sticky":false,"template":"","format":"standard","meta":{"_monsterinsights_skip_tracking":false,"_monsterinsights_sitenote_active":false,"_monsterinsights_sitenote_note":"","_monsterinsights_sitenote_category":0,"footnotes":""},"categories":[4],"tags":[35,170],"class_list":["post"],"yoast_head":" \n<title>Sonora en Equipo. Busca To\u00f1o Astiazar\u00e1n mayor coordinaci\u00f3n con Seguridad P\u00fablica Estatal Municipios<\/title>\n<meta name=\"description\" content=\"CAJEME, SONORA,MX.\u2500\u2500 Para trabajar en una estrategia de mayor coordinaci\u00f3n entre los tres niveles de gobierno el Presidente Municipal de Hermosillo, En Sonora en Equipo publicamos toda la informaci\u00f3n de Sonora, M\u00e9xico y el Mundo de manera oportuna y busca que la libertad de expresi\u00f3n sea real. Visita nuestro medio informativo publicado desde Hermosillo, Sonora. %\" \/>\n<meta name=\"robots\" content=\"index, follow, max-snippet:-1, max-image-preview:large, max-video-preview:-1\" \/>\n<link rel=\"canonical\" href=\"https:\/\/www.sonoraenequipo.com.mx\/busca-tono-astiazaran-mayor-coordinacion-con-seguridad-publica-estatal\/\" \/>\n<meta property=\"og:locale\" content=\"es_ES\" \/>\n<meta property=\"og:type\" content=\"article\" \/>\n<meta property=\"og:title\" content=\"Sonora en Equipo. Busca To\u00f1o Astiazar\u00e1n mayor coordinaci\u00f3n con Seguridad P\u00fablica Estatal Municipios\" \/>\n<meta property=\"og:description\" content=\"CAJEME, SONORA,MX.\u2500\u2500 Para trabajar en una estrategia de mayor coordinaci\u00f3n entre los tres niveles de gobierno el Presidente Municipal de Hermosillo, En Sonora en Equipo publicamos toda la informaci\u00f3n de Sonora, M\u00e9xico y el Mundo de manera oportuna y busca que la libertad de expresi\u00f3n sea real. Visita nuestro medio informativo publicado desde Hermosillo, Sonora. %\" \/>\n<meta property=\"og:url\" content=\"https:\/\/www.sonoraenequipo.com.mx\/busca-tono-astiazaran-mayor-coordinacion-con-seguridad-publica-estatal\/\" \/>\n<meta property=\"og:site_name\" content=\"Sonora en Equipo.\" \/>\n<meta property=\"article:publisher\" content=\"https:\/\/www.facebook.com\/SonoraEE\/\" \/>\n<meta property=\"article:author\" content=\"https:\/\/www.facebook.com\/SonoraEE\" \/>\n<meta property=\"article:published_time\" content=\"2021-09-24T06:15:42+00:00\" \/>\n<meta property=\"og:image\" content=\"https:\/\/www.sonoraenequipo.com.mx\/storage\/2021\/09\/tono-seguridad.jpg\" \/>\n\t<meta property=\"og:image:width\" content=\"700\" \/>\n\t<meta property=\"og:image:height\" content=\"400\" \/>\n\t<meta property=\"og:image:type\" content=\"image\/jpeg\" \/>\n<meta name=\"author\" content=\"enequipo\" \/>\n<meta name=\"twitter:card\" content=\"summary_large_image\" \/>\n<meta name=\"twitter:creator\" content=\"@sonoraenequipo\" \/>\n<meta name=\"twitter:site\" content=\"@sonoraenequipo\" \/>\n<meta name=\"twitter:label1\" content=\"Escrito por\" \/>\n\t<meta name=\"twitter:data1\" content=\"enequipo\" \/>\n\t<meta name=\"twitter:label2\" content=\"Tiempo de lectura\" \/>\n\t<meta name=\"twitter:data2\" content=\"1 minuto\" \/>\n<script type=\"application\/ld+json\" class=\"yoast-schema-graph\">{\"@context\":\"https:\/\/schema.org\",\"@graph\":[{\"@type\":\"Article\",\"@id\":\"https:\/\/www.sonoraenequipo.com.mx\/busca-tono-astiazaran-mayor-coordinacion-con-seguridad-publica-estatal\/#article\",\"isPartOf\":{\"@id\":\"https:\/\/www.sonoraenequipo.com.mx\/busca-tono-astiazaran-mayor-coordinacion-con-seguridad-publica-estatal\/\"},\"author\":{\"name\":\"enequipo\",\"@id\":\"https:\/\/www.sonoraenequipo.com.mx\/#\/schema\/person\/50102df0fb23a8fa9e8effad8fa81386\"},\"headline\":\"Busca To\u00f1o Astiazar\u00e1n mayor coordinaci\u00f3n con Seguridad P\u00fablica Estatal\",\"datePublished\":\"2021-09-24T06:15:42+00:00\",\"mainEntityOfPage\":{\"@id\":\"https:\/\/www.sonoraenequipo.com.mx\/busca-tono-astiazaran-mayor-coordinacion-con-seguridad-publica-estatal\/\"},\"wordCount\":150,\"commentCount\":0,\"publisher\":{\"@id\":\"https:\/\/www.sonoraenequipo.com.mx\/#organization\"},\"image\":{\"@id\":\"https:\/\/www.sonoraenequipo.com.mx\/busca-tono-astiazaran-mayor-coordinacion-con-seguridad-publica-estatal\/#primaryimage\"},\"thumbnailUrl\":\"https:\/\/www.sonoraenequipo.com.mx\/storage\/2021\/09\/tono-seguridad.jpg\",\"keywords\":[\"hermosillo\",\"Seguridad\"],\"articleSection\":[\"Municipios\"],\"inLanguage\":\"es\",\"potentialAction\":[{\"@type\":\"CommentAction\",\"name\":\"Comment\",\"target\":[\"https:\/\/www.sonoraenequipo.com.mx\/busca-tono-astiazaran-mayor-coordinacion-con-seguridad-publica-estatal\/#respond\"]}]},{\"@type\":\"WebPage\",\"@id\":\"https:\/\/www.sonoraenequipo.com.mx\/busca-tono-astiazaran-mayor-coordinacion-con-seguridad-publica-estatal\/\",\"url\":\"https:\/\/www.sonoraenequipo.com.mx\/busca-tono-astiazaran-mayor-coordinacion-con-seguridad-publica-estatal\/\",\"name\":\"Sonora en Equipo. Busca To\u00f1o Astiazar\u00e1n mayor coordinaci\u00f3n con Seguridad P\u00fablica Estatal Municipios\",\"isPartOf\":{\"@id\":\"https:\/\/www.sonoraenequipo.com.mx\/#website\"},\"primaryImageOfPage\":{\"@id\":\"https:\/\/www.sonoraenequipo.com.mx\/busca-tono-astiazaran-mayor-coordinacion-con-seguridad-publica-estatal\/#primaryimage\"},\"image\":{\"@id\":\"https:\/\/www.sonoraenequipo.com.mx\/busca-tono-astiazaran-mayor-coordinacion-con-seguridad-publica-estatal\/#primaryimage\"},\"thumbnailUrl\":\"https:\/\/www.sonoraenequipo.com.mx\/storage\/2021\/09\/tono-seguridad.jpg\",\"datePublished\":\"2021-09-24T06:15:42+00:00\",\"description\":\"CAJEME, SONORA,MX.\u2500\u2500 Para trabajar en una estrategia de mayor coordinaci\u00f3n entre los tres niveles de gobierno el Presidente Municipal de Hermosillo, En Sonora en Equipo publicamos toda la informaci\u00f3n de Sonora, M\u00e9xico y el Mundo de manera oportuna y busca que la libertad de expresi\u00f3n sea real. Visita nuestro medio informativo publicado desde Hermosillo, Sonora. %\",\"breadcrumb\":{\"@id\":\"https:\/\/www.sonoraenequipo.com.mx\/busca-tono-astiazaran-mayor-coordinacion-con-seguridad-publica-estatal\/#breadcrumb\"},\"inLanguage\":\"es\",\"potentialAction\":[{\"@type\":\"ReadAction\",\"target\":[\"https:\/\/www.sonoraenequipo.com.mx\/busca-tono-astiazaran-mayor-coordinacion-con-seguridad-publica-estatal\/\"]}]},{\"@type\":\"ImageObject\",\"inLanguage\":\"es\",\"@id\":\"https:\/\/www.sonoraenequipo.com.mx\/busca-tono-astiazaran-mayor-coordinacion-con-seguridad-publica-estatal\/#primaryimage\",\"url\":\"https:\/\/www.sonoraenequipo.com.mx\/storage\/2021\/09\/tono-seguridad.jpg\",\"contentUrl\":\"https:\/\/www.sonoraenequipo.com.mx\/storage\/2021\/09\/tono-seguridad.jpg\",\"width\":700,\"height\":400},{\"@type\":\"BreadcrumbList\",\"@id\":\"https:\/\/www.sonoraenequipo.com.mx\/busca-tono-astiazaran-mayor-coordinacion-con-seguridad-publica-estatal\/#breadcrumb\",\"itemListElement\":[{\"@type\":\"ListItem\",\"position\":1,\"name\":\"Portada\",\"item\":\"https:\/\/www.sonoraenequipo.com.mx\/\"},{\"@type\":\"ListItem\",\"position\":2,\"name\":\"Busca To\u00f1o Astiazar\u00e1n mayor coordinaci\u00f3n con Seguridad P\u00fablica Estatal\"}]},{\"@type\":\"WebSite\",\"@id\":\"https:\/\/www.sonoraenequipo.com.mx\/#website\",\"url\":\"https:\/\/www.sonoraenequipo.com.mx\/\",\"name\":\"Sonora en Equipo.\",\"description\":\"Diario en l\u00ednea con Noticias desde Hermosillo, Sonora\",\"publisher\":{\"@id\":\"https:\/\/www.sonoraenequipo.com.mx\/#organization\"},\"potentialAction\":[{\"@type\":\"SearchAction\",\"target\":{\"@type\":\"EntryPoint\",\"urlTemplate\":\"https:\/\/www.sonoraenequipo.com.mx\/?s={search_term_string}\"},\"query-input\":{\"@type\":\"PropertyValueSpecification\",\"valueRequired\":true,\"valueName\":\"search_term_string\"}}],\"inLanguage\":\"es\"},{\"@type\":\"Organization\",\"@id\":\"https:\/\/www.sonoraenequipo.com.mx\/#organization\",\"name\":\"Sonoraenequipo.com.mx\",\"url\":\"https:\/\/www.sonoraenequipo.com.mx\/\",\"logo\":{\"@type\":\"ImageObject\",\"inLanguage\":\"es\",\"@id\":\"https:\/\/www.sonoraenequipo.com.mx\/#\/schema\/logo\/image\/\",\"url\":\"https:\/\/www.sonoraenequipo.com.mx\/storage\/2019\/01\/sonoraenequipo_opt.png\",\"contentUrl\":\"https:\/\/www.sonoraenequipo.com.mx\/storage\/2019\/01\/sonoraenequipo_opt.png\",\"width\":375,\"height\":125,\"caption\":\"Sonoraenequipo.com.mx\"},\"image\":{\"@id\":\"https:\/\/www.sonoraenequipo.com.mx\/#\/schema\/logo\/image\/\"},\"sameAs\":[\"https:\/\/www.facebook.com\/SonoraEE\/\",\"https:\/\/x.com\/sonoraenequipo\",\"https:\/\/www.youtube.com\/channel\/UC338nW-lPEYmJQs4ZABQ1SQ\"]},{\"@type\":\"Person\",\"@id\":\"https:\/\/www.sonoraenequipo.com.mx\/#\/schema\/person\/50102df0fb23a8fa9e8effad8fa81386\",\"name\":\"enequipo\",\"image\":{\"@type\":\"ImageObject\",\"inLanguage\":\"es\",\"@id\":\"https:\/\/www.sonoraenequipo.com.mx\/#\/schema\/person\/image\/\",\"url\":\"https:\/\/secure.gravatar.com\/avatar\/049821681b589dabc0bc20695993ccebb09f5b5d4d790cd9251b97faac7c652b?s=96&d=blank&r=g\",\"contentUrl\":\"https:\/\/secure.gravatar.com\/avatar\/049821681b589dabc0bc20695993ccebb09f5b5d4d790cd9251b97faac7c652b?s=96&d=blank&r=g\",\"caption\":\"enequipo\"},\"sameAs\":[\"https:\/\/www.facebook.com\/SonoraEE\"]}]}<\/script>\n ","yoast_head_json":{"title":"Sonora en Equipo. Busca To\u00f1o Astiazar\u00e1n mayor coordinaci\u00f3n con Seguridad P\u00fablica Estatal Municipios","description":"CAJEME, SONORA,MX.\u2500\u2500 Para trabajar en una estrategia de mayor coordinaci\u00f3n entre los tres niveles de gobierno el Presidente Municipal de Hermosillo, En Sonora en Equipo publicamos toda la informaci\u00f3n de Sonora, M\u00e9xico y el Mundo de manera oportuna y busca que la libertad de expresi\u00f3n sea real. Visita nuestro medio informativo publicado desde Hermosillo, Sonora. %","robots":{"index":"index","follow":"follow","max-snippet":"max-snippet:-1","max-image-preview":"max-image-preview:large","max-video-preview":"max-video-preview:-1"},"canonical":"https:\/\/www.sonoraenequipo.com.mx\/busca-tono-astiazaran-mayor-coordinacion-con-seguridad-publica-estatal\/","og_locale":"es_ES","og_type":"article","og_title":"Sonora en Equipo. Busca To\u00f1o Astiazar\u00e1n mayor coordinaci\u00f3n con Seguridad P\u00fablica Estatal Municipios","og_description":"CAJEME, SONORA,MX.\u2500\u2500 Para trabajar en una estrategia de mayor coordinaci\u00f3n entre los tres niveles de gobierno el Presidente Municipal de Hermosillo, En Sonora en Equipo publicamos toda la informaci\u00f3n de Sonora, M\u00e9xico y el Mundo de manera oportuna y busca que la libertad de expresi\u00f3n sea real. Visita nuestro medio informativo publicado desde Hermosillo, Sonora. %","og_url":"https:\/\/www.sonoraenequipo.com.mx\/busca-tono-astiazaran-mayor-coordinacion-con-seguridad-publica-estatal\/","og_site_name":"Sonora en Equipo.","article_publisher":"https:\/\/www.facebook.com\/SonoraEE\/","article_author":"https:\/\/www.facebook.com\/SonoraEE","article_published_time":"2021-09-24T06:15:42+00:00","og_image":[{"width":700,"height":400,"url":"https:\/\/www.sonoraenequipo.com.mx\/storage\/2021\/09\/tono-seguridad.jpg","type":"image\/jpeg"}],"author":"enequipo","twitter_card":"summary_large_image","twitter_creator":"@sonoraenequipo","twitter_site":"@sonoraenequipo","twitter_misc":{"Escrito por":"enequipo","Tiempo de lectura":"1 minuto"},"schema":{"@context":"https:\/\/schema.org","@graph":[{"@type":"Article","@id":"https:\/\/www.sonoraenequipo.com.mx\/busca-tono-astiazaran-mayor-coordinacion-con-seguridad-publica-estatal\/#article","isPartOf":{"@id":"https:\/\/www.sonoraenequipo.com.mx\/busca-tono-astiazaran-mayor-coordinacion-con-seguridad-publica-estatal\/"},"author":{"name":"enequipo","@id":"https:\/\/www.sonoraenequipo.com.mx\/#\/schema\/person\/50102df0fb23a8fa9e8effad8fa81386"},"headline":"Busca To\u00f1o Astiazar\u00e1n mayor coordinaci\u00f3n con Seguridad P\u00fablica Estatal","datePublished":"2021-09-24T06:15:42+00:00","mainEntityOfPage":{"@id":"https:\/\/www.sonoraenequipo.com.mx\/busca-tono-astiazaran-mayor-coordinacion-con-seguridad-publica-estatal\/"},"wordCount":150,"commentCount":0,"publisher":{"@id":"https:\/\/www.sonoraenequipo.com.mx\/#organization"},"image":{"@id":"https:\/\/www.sonoraenequipo.com.mx\/busca-tono-astiazaran-mayor-coordinacion-con-seguridad-publica-estatal\/#primaryimage"},"thumbnailUrl":"https:\/\/www.sonoraenequipo.com.mx\/storage\/2021\/09\/tono-seguridad.jpg","keywords":["hermosillo","Seguridad"],"articleSection":["Municipios"],"inLanguage":"es","potentialAction":[{"@type":"CommentAction","name":"Comment","target":["https:\/\/www.sonoraenequipo.com.mx\/busca-tono-astiazaran-mayor-coordinacion-con-seguridad-publica-estatal\/#respond"]}]},{"@type":"WebPage","@id":"https:\/\/www.sonoraenequipo.com.mx\/busca-tono-astiazaran-mayor-coordinacion-con-seguridad-publica-estatal\/","url":"https:\/\/www.sonoraenequipo.com.mx\/busca-tono-astiazaran-mayor-coordinacion-con-seguridad-publica-estatal\/","name":"Sonora en Equipo. Busca To\u00f1o Astiazar\u00e1n mayor coordinaci\u00f3n con Seguridad P\u00fablica Estatal Municipios","isPartOf":{"@id":"https:\/\/www.sonoraenequipo.com.mx\/#website"},"primaryImageOfPage":{"@id":"https:\/\/www.sonoraenequipo.com.mx\/busca-tono-astiazaran-mayor-coordinacion-con-seguridad-publica-estatal\/#primaryimage"},"image":{"@id":"https:\/\/www.sonoraenequipo.com.mx\/busca-tono-astiazaran-mayor-coordinacion-con-seguridad-publica-estatal\/#primaryimage"},"thumbnailUrl":"https:\/\/www.sonoraenequipo.com.mx\/storage\/2021\/09\/tono-seguridad.jpg","datePublished":"2021-09-24T06:15:42+00:00","description":"CAJEME, SONORA,MX.\u2500\u2500 Para trabajar en una estrategia de mayor coordinaci\u00f3n entre los tres niveles de gobierno el Presidente Municipal de Hermosillo, En Sonora en Equipo publicamos toda la informaci\u00f3n de Sonora, M\u00e9xico y el Mundo de manera oportuna y busca que la libertad de expresi\u00f3n sea real. Visita nuestro medio informativo publicado desde Hermosillo, Sonora. %","breadcrumb":{"@id":"https:\/\/www.sonoraenequipo.com.mx\/busca-tono-astiazaran-mayor-coordinacion-con-seguridad-publica-estatal\/#breadcrumb"},"inLanguage":"es","potentialAction":[{"@type":"ReadAction","target":["https:\/\/www.sonoraenequipo.com.mx\/busca-tono-astiazaran-mayor-coordinacion-con-seguridad-publica-estatal\/"]}]},{"@type":"ImageObject","inLanguage":"es","@id":"https:\/\/www.sonoraenequipo.com.mx\/busca-tono-astiazaran-mayor-coordinacion-con-seguridad-publica-estatal\/#primaryimage","url":"https:\/\/www.sonoraenequipo.com.mx\/storage\/2021\/09\/tono-seguridad.jpg","contentUrl":"https:\/\/www.sonoraenequipo.com.mx\/storage\/2021\/09\/tono-seguridad.jpg","width":700,"height":400},{"@type":"BreadcrumbList","@id":"https:\/\/www.sonoraenequipo.com.mx\/busca-tono-astiazaran-mayor-coordinacion-con-seguridad-publica-estatal\/#breadcrumb","itemListElement":[{"@type":"ListItem","position":1,"name":"Portada","item":"https:\/\/www.sonoraenequipo.com.mx\/"},{"@type":"ListItem","position":2,"name":"Busca To\u00f1o Astiazar\u00e1n mayor coordinaci\u00f3n con Seguridad P\u00fablica Estatal"}]},{"@type":"WebSite","@id":"https:\/\/www.sonoraenequipo.com.mx\/#website","url":"https:\/\/www.sonoraenequipo.com.mx\/","name":"Sonora en Equipo.","description":"Diario en l\u00ednea con Noticias desde Hermosillo, Sonora","publisher":{"@id":"https:\/\/www.sonoraenequipo.com.mx\/#organization"},"potentialAction":[{"@type":"SearchAction","target":{"@type":"EntryPoint","urlTemplate":"https:\/\/www.sonoraenequipo.com.mx\/?s={search_term_string}"},"query-input":{"@type":"PropertyValueSpecification","valueRequired":true,"valueName":"search_term_string"}}],"inLanguage":"es"},{"@type":"Organization","@id":"https:\/\/www.sonoraenequipo.com.mx\/#organization","name":"Sonoraenequipo.com.mx","url":"https:\/\/www.sonoraenequipo.com.mx\/","logo":{"@type":"ImageObject","inLanguage":"es","@id":"https:\/\/www.sonoraenequipo.com.mx\/#\/schema\/logo\/image\/","url":"https:\/\/www.sonoraenequipo.com.mx\/storage\/2019\/01\/sonoraenequipo_opt.png","contentUrl":"https:\/\/www.sonoraenequipo.com.mx\/storage\/2019\/01\/sonoraenequipo_opt.png","width":375,"height":125,"caption":"Sonoraenequipo.com.mx"},"image":{"@id":"https:\/\/www.sonoraenequipo.com.mx\/#\/schema\/logo\/image\/"},"sameAs":["https:\/\/www.facebook.com\/SonoraEE\/","https:\/\/x.com\/sonoraenequipo","https:\/\/www.youtube.com\/channel\/UC338nW-lPEYmJQs4ZABQ1SQ"]},{"@type":"Person","@id":"https:\/\/www.sonoraenequipo.com.mx\/#\/schema\/person\/50102df0fb23a8fa9e8effad8fa81386","name":"enequipo","image":{"@type":"ImageObject","inLanguage":"es","@id":"https:\/\/www.sonoraenequipo.com.mx\/#\/schema\/person\/image\/","url":"https:\/\/secure.gravatar.com\/avatar\/049821681b589dabc0bc20695993ccebb09f5b5d4d790cd9251b97faac7c652b?s=96&d=blank&r=g","contentUrl":"https:\/\/secure.gravatar.com\/avatar\/049821681b589dabc0bc20695993ccebb09f5b5d4d790cd9251b97faac7c652b?s=96&d=blank&r=g","caption":"enequipo"},"sameAs":["https:\/\/www.facebook.com\/SonoraEE"]}]}},"jetpack_featured_media_url":"https:\/\/www.sonoraenequipo.com.mx\/storage\/2021\/09\/tono-seguridad.jpg","_links":{"self":[{"href":"https:\/\/www.sonoraenequipo.com.mx\/api\/wp\/v2\/posts\/123488","targetHints":{"allow":["GET"]}}],"collection":[{"href":"https:\/\/www.sonoraenequipo.com.mx\/api\/wp\/v2\/posts"}],"about":[{"href":"https:\/\/www.sonoraenequipo.com.mx\/api\/wp\/v2\/types\/post"}],"author":[{"embeddable":true,"href":"https:\/\/www.sonoraenequipo.com.mx\/api\/wp\/v2\/users\/1"}],"replies":[{"embeddable":true,"href":"https:\/\/www.sonoraenequipo.com.mx\/api\/wp\/v2\/comments?post=123488"}],"version-history":[{"count":1,"href":"https:\/\/www.sonoraenequipo.com.mx\/api\/wp\/v2\/posts\/123488\/revisions"}],"predecessor-version":[{"id":123496,"href":"https:\/\/www.sonoraenequipo.com.mx\/api\/wp\/v2\/posts\/123488\/revisions\/123496"}],"wp:featuredmedia":[{"embeddable":true,"href":"https:\/\/www.sonoraenequipo.com.mx\/api\/wp\/v2\/media\/123493"}],"wp:attachment":[{"href":"https:\/\/www.sonoraenequipo.com.mx\/api\/wp\/v2\/media?parent=123488"}],"wp:term":[{"taxonomy":"category","embeddable":true,"href":"https:\/\/www.sonoraenequipo.com.mx\/api\/wp\/v2\/categories?post=123488"},{"taxonomy":"post_tag","embeddable":true,"href":"https:\/\/www.sonoraenequipo.com.mx\/api\/wp\/v2\/tags?post=123488"}],"curies":[{"name":"wp","href":"https:\/\/api.w.org\/{rel}","templated":true}]}}