{"id":123502,"date":"2021-09-23T15:34:15","date_gmt":"2021-09-23T22:34:15","guid":{"rendered":"https:\/\/www.sonoraenequipo.com.mx\/?p=123502"},"modified":"2021-09-23T20:24:11","modified_gmt":"2021-09-24T03:24:11","slug":"se-deslinda-monreal-de-propuesta-de-morena-para-investigar-a-la-unam","status":"publish","type":"post","link":"https:\/\/www.sonoraenequipo.com.mx\/se-deslinda-monreal-de-propuesta-de-morena-para-investigar-a-la-unam\/","title":{"rendered":"Se deslinda Monreal de propuesta de Morena para investigar a la UNAM"},"content":{"rendered":"<p>CIUDAD DE M\u00c9XICO. MX. \u2014 El coordinador de Morena en el Senado de la Rep\u00fablica, Ricardo Monreal \u00c1vila se deslind\u00f3 de la propuesta de su compa\u00f1ero de bancada, Armando Guadiana, para que la Unidad de Inteligencia Financiera (UIF) investigue los recursos a la UNAM y a todas las universidades p\u00fablicas del pa\u00eds, al argumentar que se utilizan para lo que calific\u00f3 de \u201cturismo cient\u00edfico\u201d.<\/p>\n<p>&nbsp;<\/p>\n<p> <\/p>\n<p>&nbsp;<\/p>\n<p>Asimismo, Monreal, se solidariz\u00f3 con la comunidad cient\u00edfica acusada por la FGR por delincuencia organizada y confi\u00f3 en que se resolver\u00e1 favorablemente para ellos este proceso, as\u00ed como hizo un llamado a la FGR a la moderaci\u00f3n y a la prudencia en este caso.<\/p>\n<p>&nbsp;<\/p>\n<p>&nbsp;<\/p>\n<p><em>\u201cTengo una opini\u00f3n positiva del fiscal -Alejandro Gertz- pero los senadores hacemos un llamado a la revisi\u00f3n cuidadosa y prudente de este caso de los cient\u00edficos que est\u00e1n acusados de distintos delitos, que se act\u00fae con moderaci\u00f3n por parte del Ministerio P\u00fablico y del \u00f3rgano jurisdiccional. Hacemos un llamado a la moderaci\u00f3n y prudencia\u201d.<\/em><\/p>\n<p>&nbsp;<\/p>\n<p>Tambi\u00e9n exhort\u00f3 a la directora del Conacyt, Mar\u00eda Elena \u00c1lvarez-Buylla, que fue quien present\u00f3 dicha denuncia, act\u00fae con mayor prudencia para no generar m\u00e1s polarizaci\u00f3n con la comunidad cient\u00edfica del pa\u00eds.<\/p>\n<p>&nbsp;<\/p>\n<p>&nbsp;<\/p>\n<p>En rueda de prensa dijo que no es postura del grupo parlamentario la solicitud de investigaci\u00f3n a las universidades porque se estar\u00eda violando el principio de autonom\u00eda y dijo que de forma personal, como maestro de la UNAM,<em> \u201cexpreso mi solidaridad a los universitarios cient\u00edficos y espero que todo se resuelva\u201d.<\/em><\/p>\n<p>&nbsp;<\/p>\n<p><em>\u201cConozco a algunos de ellos, conozco su honestidad, su autoridad en las materias a las que se dedican. Normalmente est\u00e1n involucrados en la ciencia y no en la pol\u00edtica, ni creo yo en la delincuencia. No soy juez, no quiero asumir este papel, ni tampoco Ministerio P\u00fablico, no soy fiscal, pero ello no evita expresar mi solidaridad con ellos<\/em>\u201d, apunt\u00f3.<\/p>\n<p>&nbsp;<\/p>\n<p>Confi\u00f3 en que todo este proceso se aclarar\u00e1 para beneficio de los investigadores, sus familias y para que el entorno no se crispe m\u00e1s y se logre una conciliaci\u00f3n.<\/p>\n<p>&nbsp;<\/p>\n<p>&nbsp;<\/p>\n<p><em>\u201cPor eso no me sum\u00f3 a la iniciativa del senador Guadiana para que se haga una investigaci\u00f3n de las universidades y menos que la UIF investigue a los cient\u00edficos, lo cual es una exageraci\u00f3n y un desprop\u00f3sito\u201d.<\/em><\/p>\n<p>&nbsp;<\/p>\n<p>El tambi\u00e9n presidente de la Junta de Coordinaci\u00f3n Pol\u00edtica del Senado, dijo que hay que fortalecer a las universidades del pa\u00eds, \u201c<em>no hay que perseguirlas\u201d.<\/em><\/p>\n<p>&nbsp;<\/p>\n<p>&nbsp;<\/p>\n<p><em>\u201cComo universitario no puedo negar la cruz de mi parroquia, soy de la UNAM y siempre voy a defender a la UNAM\u201d<\/em>, dijo Monreal quien rechaz\u00f3 prejuzgar la labor del fiscal Alejandro Gertz Manero en este caso, pero dijo que debe prevalecer la presunci\u00f3n de inocencia de los maestros y cient\u00edficos.<\/p>\n<p>&nbsp;<\/p>\n<p>&nbsp;<\/p>\n<p>Monreal confi\u00f3 en la labor que realiza el Poder Judicial en este caso para aclarar las acusaciones en contra de los 31 cient\u00edficos.<\/p>\n<p>&nbsp;<\/p>\n<p>&nbsp;<\/p>\n<p>(Publicada el 23\/09\/2021)<\/p>\n","protected":false},"excerpt":{"rendered":"<p>CIUDAD DE M\u00c9XICO. MX. \u2014 El coordinador de Morena en el Senado de la Rep\u00fablica,&#8230;<\/p>\n","protected":false},"author":1,"featured_media":123503,"comment_status":"open","ping_status":"open","sticky":false,"template":"","format":"standard","meta":{"_monsterinsights_skip_tracking":false,"_monsterinsights_sitenote_active":false,"_monsterinsights_sitenote_note":"","_monsterinsights_sitenote_category":0,"footnotes":""},"categories":[5],"tags":[],"class_list":["post"],"yoast_head":" \n<title>Sonora en Equipo. Se deslinda Monreal de propuesta de Morena para investigar a la UNAM Rep\u00fablica<\/title>\n<meta name=\"description\" content=\"CIUDAD DE M\u00c9XICO. MX. \u2014 El coordinador de Morena en el Senado de la Rep\u00fablica, Ricardo Monreal \u00c1vila se deslind\u00f3 de la propuesta de su compa\u00f1ero de En Sonora en Equipo publicamos toda la informaci\u00f3n de Sonora, M\u00e9xico y el Mundo de manera oportuna y busca que la libertad de expresi\u00f3n sea real. Visita nuestro medio informativo publicado desde Hermosillo, Sonora. %\" \/>\n<meta name=\"robots\" content=\"index, follow, max-snippet:-1, max-image-preview:large, max-video-preview:-1\" \/>\n<link rel=\"canonical\" href=\"https:\/\/www.sonoraenequipo.com.mx\/se-deslinda-monreal-de-propuesta-de-morena-para-investigar-a-la-unam\/\" \/>\n<meta property=\"og:locale\" content=\"es_ES\" \/>\n<meta property=\"og:type\" content=\"article\" \/>\n<meta property=\"og:title\" content=\"Sonora en Equipo. Se deslinda Monreal de propuesta de Morena para investigar a la UNAM Rep\u00fablica\" \/>\n<meta property=\"og:description\" content=\"CIUDAD DE M\u00c9XICO. MX. \u2014 El coordinador de Morena en el Senado de la Rep\u00fablica, Ricardo Monreal \u00c1vila se deslind\u00f3 de la propuesta de su compa\u00f1ero de En Sonora en Equipo publicamos toda la informaci\u00f3n de Sonora, M\u00e9xico y el Mundo de manera oportuna y busca que la libertad de expresi\u00f3n sea real. Visita nuestro medio informativo publicado desde Hermosillo, Sonora. %\" \/>\n<meta property=\"og:url\" content=\"https:\/\/www.sonoraenequipo.com.mx\/se-deslinda-monreal-de-propuesta-de-morena-para-investigar-a-la-unam\/\" \/>\n<meta property=\"og:site_name\" content=\"Sonora en Equipo.\" \/>\n<meta property=\"article:publisher\" content=\"https:\/\/www.facebook.com\/SonoraEE\/\" \/>\n<meta property=\"article:author\" content=\"https:\/\/www.facebook.com\/SonoraEE\" \/>\n<meta property=\"article:published_time\" content=\"2021-09-23T22:34:15+00:00\" \/>\n<meta property=\"article:modified_time\" content=\"2021-09-24T03:24:11+00:00\" \/>\n<meta property=\"og:image\" content=\"https:\/\/www.sonoraenequipo.com.mx\/storage\/2021\/09\/monreal_opt.jpg\" \/>\n\t<meta property=\"og:image:width\" content=\"700\" \/>\n\t<meta property=\"og:image:height\" content=\"400\" \/>\n\t<meta property=\"og:image:type\" content=\"image\/jpeg\" \/>\n<meta name=\"author\" content=\"enequipo\" \/>\n<meta name=\"twitter:card\" content=\"summary_large_image\" \/>\n<meta name=\"twitter:creator\" content=\"@sonoraenequipo\" \/>\n<meta name=\"twitter:site\" content=\"@sonoraenequipo\" \/>\n<meta name=\"twitter:label1\" content=\"Escrito por\" \/>\n\t<meta name=\"twitter:data1\" content=\"enequipo\" \/>\n\t<meta name=\"twitter:label2\" content=\"Tiempo de lectura\" \/>\n\t<meta name=\"twitter:data2\" content=\"3 minutos\" \/>\n<script type=\"application\/ld+json\" class=\"yoast-schema-graph\">{\"@context\":\"https:\/\/schema.org\",\"@graph\":[{\"@type\":\"Article\",\"@id\":\"https:\/\/www.sonoraenequipo.com.mx\/se-deslinda-monreal-de-propuesta-de-morena-para-investigar-a-la-unam\/#article\",\"isPartOf\":{\"@id\":\"https:\/\/www.sonoraenequipo.com.mx\/se-deslinda-monreal-de-propuesta-de-morena-para-investigar-a-la-unam\/\"},\"author\":{\"name\":\"enequipo\",\"@id\":\"https:\/\/www.sonoraenequipo.com.mx\/#\/schema\/person\/50102df0fb23a8fa9e8effad8fa81386\"},\"headline\":\"Se deslinda Monreal de propuesta de Morena para investigar a la UNAM\",\"datePublished\":\"2021-09-23T22:34:15+00:00\",\"dateModified\":\"2021-09-24T03:24:11+00:00\",\"mainEntityOfPage\":{\"@id\":\"https:\/\/www.sonoraenequipo.com.mx\/se-deslinda-monreal-de-propuesta-de-morena-para-investigar-a-la-unam\/\"},\"wordCount\":542,\"commentCount\":0,\"publisher\":{\"@id\":\"https:\/\/www.sonoraenequipo.com.mx\/#organization\"},\"image\":{\"@id\":\"https:\/\/www.sonoraenequipo.com.mx\/se-deslinda-monreal-de-propuesta-de-morena-para-investigar-a-la-unam\/#primaryimage\"},\"thumbnailUrl\":\"https:\/\/www.sonoraenequipo.com.mx\/storage\/2021\/09\/monreal_opt.jpg\",\"articleSection\":[\"Rep\u00fablica\"],\"inLanguage\":\"es\",\"potentialAction\":[{\"@type\":\"CommentAction\",\"name\":\"Comment\",\"target\":[\"https:\/\/www.sonoraenequipo.com.mx\/se-deslinda-monreal-de-propuesta-de-morena-para-investigar-a-la-unam\/#respond\"]}]},{\"@type\":\"WebPage\",\"@id\":\"https:\/\/www.sonoraenequipo.com.mx\/se-deslinda-monreal-de-propuesta-de-morena-para-investigar-a-la-unam\/\",\"url\":\"https:\/\/www.sonoraenequipo.com.mx\/se-deslinda-monreal-de-propuesta-de-morena-para-investigar-a-la-unam\/\",\"name\":\"Sonora en Equipo. Se deslinda Monreal de propuesta de Morena para investigar a la UNAM Rep\u00fablica\",\"isPartOf\":{\"@id\":\"https:\/\/www.sonoraenequipo.com.mx\/#website\"},\"primaryImageOfPage\":{\"@id\":\"https:\/\/www.sonoraenequipo.com.mx\/se-deslinda-monreal-de-propuesta-de-morena-para-investigar-a-la-unam\/#primaryimage\"},\"image\":{\"@id\":\"https:\/\/www.sonoraenequipo.com.mx\/se-deslinda-monreal-de-propuesta-de-morena-para-investigar-a-la-unam\/#primaryimage\"},\"thumbnailUrl\":\"https:\/\/www.sonoraenequipo.com.mx\/storage\/2021\/09\/monreal_opt.jpg\",\"datePublished\":\"2021-09-23T22:34:15+00:00\",\"dateModified\":\"2021-09-24T03:24:11+00:00\",\"description\":\"CIUDAD DE M\u00c9XICO. MX. \u2014 El coordinador de Morena en el Senado de la Rep\u00fablica, Ricardo Monreal \u00c1vila se deslind\u00f3 de la propuesta de su compa\u00f1ero de En Sonora en Equipo publicamos toda la informaci\u00f3n de Sonora, M\u00e9xico y el Mundo de manera oportuna y busca que la libertad de expresi\u00f3n sea real. Visita nuestro medio informativo publicado desde Hermosillo, Sonora. %\",\"breadcrumb\":{\"@id\":\"https:\/\/www.sonoraenequipo.com.mx\/se-deslinda-monreal-de-propuesta-de-morena-para-investigar-a-la-unam\/#breadcrumb\"},\"inLanguage\":\"es\",\"potentialAction\":[{\"@type\":\"ReadAction\",\"target\":[\"https:\/\/www.sonoraenequipo.com.mx\/se-deslinda-monreal-de-propuesta-de-morena-para-investigar-a-la-unam\/\"]}]},{\"@type\":\"ImageObject\",\"inLanguage\":\"es\",\"@id\":\"https:\/\/www.sonoraenequipo.com.mx\/se-deslinda-monreal-de-propuesta-de-morena-para-investigar-a-la-unam\/#primaryimage\",\"url\":\"https:\/\/www.sonoraenequipo.com.mx\/storage\/2021\/09\/monreal_opt.jpg\",\"contentUrl\":\"https:\/\/www.sonoraenequipo.com.mx\/storage\/2021\/09\/monreal_opt.jpg\",\"width\":700,\"height\":400},{\"@type\":\"BreadcrumbList\",\"@id\":\"https:\/\/www.sonoraenequipo.com.mx\/se-deslinda-monreal-de-propuesta-de-morena-para-investigar-a-la-unam\/#breadcrumb\",\"itemListElement\":[{\"@type\":\"ListItem\",\"position\":1,\"name\":\"Portada\",\"item\":\"https:\/\/www.sonoraenequipo.com.mx\/\"},{\"@type\":\"ListItem\",\"position\":2,\"name\":\"Se deslinda Monreal de propuesta de Morena para investigar a la UNAM\"}]},{\"@type\":\"WebSite\",\"@id\":\"https:\/\/www.sonoraenequipo.com.mx\/#website\",\"url\":\"https:\/\/www.sonoraenequipo.com.mx\/\",\"name\":\"Sonora en Equipo.\",\"description\":\"Diario en l\u00ednea con Noticias desde Hermosillo, Sonora\",\"publisher\":{\"@id\":\"https:\/\/www.sonoraenequipo.com.mx\/#organization\"},\"potentialAction\":[{\"@type\":\"SearchAction\",\"target\":{\"@type\":\"EntryPoint\",\"urlTemplate\":\"https:\/\/www.sonoraenequipo.com.mx\/?s={search_term_string}\"},\"query-input\":{\"@type\":\"PropertyValueSpecification\",\"valueRequired\":true,\"valueName\":\"search_term_string\"}}],\"inLanguage\":\"es\"},{\"@type\":\"Organization\",\"@id\":\"https:\/\/www.sonoraenequipo.com.mx\/#organization\",\"name\":\"Sonoraenequipo.com.mx\",\"url\":\"https:\/\/www.sonoraenequipo.com.mx\/\",\"logo\":{\"@type\":\"ImageObject\",\"inLanguage\":\"es\",\"@id\":\"https:\/\/www.sonoraenequipo.com.mx\/#\/schema\/logo\/image\/\",\"url\":\"https:\/\/www.sonoraenequipo.com.mx\/storage\/2019\/01\/sonoraenequipo_opt.png\",\"contentUrl\":\"https:\/\/www.sonoraenequipo.com.mx\/storage\/2019\/01\/sonoraenequipo_opt.png\",\"width\":375,\"height\":125,\"caption\":\"Sonoraenequipo.com.mx\"},\"image\":{\"@id\":\"https:\/\/www.sonoraenequipo.com.mx\/#\/schema\/logo\/image\/\"},\"sameAs\":[\"https:\/\/www.facebook.com\/SonoraEE\/\",\"https:\/\/x.com\/sonoraenequipo\",\"https:\/\/www.youtube.com\/channel\/UC338nW-lPEYmJQs4ZABQ1SQ\"]},{\"@type\":\"Person\",\"@id\":\"https:\/\/www.sonoraenequipo.com.mx\/#\/schema\/person\/50102df0fb23a8fa9e8effad8fa81386\",\"name\":\"enequipo\",\"image\":{\"@type\":\"ImageObject\",\"inLanguage\":\"es\",\"@id\":\"https:\/\/www.sonoraenequipo.com.mx\/#\/schema\/person\/image\/\",\"url\":\"https:\/\/secure.gravatar.com\/avatar\/049821681b589dabc0bc20695993ccebb09f5b5d4d790cd9251b97faac7c652b?s=96&d=blank&r=g\",\"contentUrl\":\"https:\/\/secure.gravatar.com\/avatar\/049821681b589dabc0bc20695993ccebb09f5b5d4d790cd9251b97faac7c652b?s=96&d=blank&r=g\",\"caption\":\"enequipo\"},\"sameAs\":[\"https:\/\/www.facebook.com\/SonoraEE\"]}]}<\/script>\n ","yoast_head_json":{"title":"Sonora en Equipo. Se deslinda Monreal de propuesta de Morena para investigar a la UNAM Rep\u00fablica","description":"CIUDAD DE M\u00c9XICO. MX. \u2014 El coordinador de Morena en el Senado de la Rep\u00fablica, Ricardo Monreal \u00c1vila se deslind\u00f3 de la propuesta de su compa\u00f1ero de En Sonora en Equipo publicamos toda la informaci\u00f3n de Sonora, M\u00e9xico y el Mundo de manera oportuna y busca que la libertad de expresi\u00f3n sea real. Visita nuestro medio informativo publicado desde Hermosillo, Sonora. %","robots":{"index":"index","follow":"follow","max-snippet":"max-snippet:-1","max-image-preview":"max-image-preview:large","max-video-preview":"max-video-preview:-1"},"canonical":"https:\/\/www.sonoraenequipo.com.mx\/se-deslinda-monreal-de-propuesta-de-morena-para-investigar-a-la-unam\/","og_locale":"es_ES","og_type":"article","og_title":"Sonora en Equipo. Se deslinda Monreal de propuesta de Morena para investigar a la UNAM Rep\u00fablica","og_description":"CIUDAD DE M\u00c9XICO. MX. \u2014 El coordinador de Morena en el Senado de la Rep\u00fablica, Ricardo Monreal \u00c1vila se deslind\u00f3 de la propuesta de su compa\u00f1ero de En Sonora en Equipo publicamos toda la informaci\u00f3n de Sonora, M\u00e9xico y el Mundo de manera oportuna y busca que la libertad de expresi\u00f3n sea real. Visita nuestro medio informativo publicado desde Hermosillo, Sonora. %","og_url":"https:\/\/www.sonoraenequipo.com.mx\/se-deslinda-monreal-de-propuesta-de-morena-para-investigar-a-la-unam\/","og_site_name":"Sonora en Equipo.","article_publisher":"https:\/\/www.facebook.com\/SonoraEE\/","article_author":"https:\/\/www.facebook.com\/SonoraEE","article_published_time":"2021-09-23T22:34:15+00:00","article_modified_time":"2021-09-24T03:24:11+00:00","og_image":[{"width":700,"height":400,"url":"https:\/\/www.sonoraenequipo.com.mx\/storage\/2021\/09\/monreal_opt.jpg","type":"image\/jpeg"}],"author":"enequipo","twitter_card":"summary_large_image","twitter_creator":"@sonoraenequipo","twitter_site":"@sonoraenequipo","twitter_misc":{"Escrito por":"enequipo","Tiempo de lectura":"3 minutos"},"schema":{"@context":"https:\/\/schema.org","@graph":[{"@type":"Article","@id":"https:\/\/www.sonoraenequipo.com.mx\/se-deslinda-monreal-de-propuesta-de-morena-para-investigar-a-la-unam\/#article","isPartOf":{"@id":"https:\/\/www.sonoraenequipo.com.mx\/se-deslinda-monreal-de-propuesta-de-morena-para-investigar-a-la-unam\/"},"author":{"name":"enequipo","@id":"https:\/\/www.sonoraenequipo.com.mx\/#\/schema\/person\/50102df0fb23a8fa9e8effad8fa81386"},"headline":"Se deslinda Monreal de propuesta de Morena para investigar a la UNAM","datePublished":"2021-09-23T22:34:15+00:00","dateModified":"2021-09-24T03:24:11+00:00","mainEntityOfPage":{"@id":"https:\/\/www.sonoraenequipo.com.mx\/se-deslinda-monreal-de-propuesta-de-morena-para-investigar-a-la-unam\/"},"wordCount":542,"commentCount":0,"publisher":{"@id":"https:\/\/www.sonoraenequipo.com.mx\/#organization"},"image":{"@id":"https:\/\/www.sonoraenequipo.com.mx\/se-deslinda-monreal-de-propuesta-de-morena-para-investigar-a-la-unam\/#primaryimage"},"thumbnailUrl":"https:\/\/www.sonoraenequipo.com.mx\/storage\/2021\/09\/monreal_opt.jpg","articleSection":["Rep\u00fablica"],"inLanguage":"es","potentialAction":[{"@type":"CommentAction","name":"Comment","target":["https:\/\/www.sonoraenequipo.com.mx\/se-deslinda-monreal-de-propuesta-de-morena-para-investigar-a-la-unam\/#respond"]}]},{"@type":"WebPage","@id":"https:\/\/www.sonoraenequipo.com.mx\/se-deslinda-monreal-de-propuesta-de-morena-para-investigar-a-la-unam\/","url":"https:\/\/www.sonoraenequipo.com.mx\/se-deslinda-monreal-de-propuesta-de-morena-para-investigar-a-la-unam\/","name":"Sonora en Equipo. Se deslinda Monreal de propuesta de Morena para investigar a la UNAM Rep\u00fablica","isPartOf":{"@id":"https:\/\/www.sonoraenequipo.com.mx\/#website"},"primaryImageOfPage":{"@id":"https:\/\/www.sonoraenequipo.com.mx\/se-deslinda-monreal-de-propuesta-de-morena-para-investigar-a-la-unam\/#primaryimage"},"image":{"@id":"https:\/\/www.sonoraenequipo.com.mx\/se-deslinda-monreal-de-propuesta-de-morena-para-investigar-a-la-unam\/#primaryimage"},"thumbnailUrl":"https:\/\/www.sonoraenequipo.com.mx\/storage\/2021\/09\/monreal_opt.jpg","datePublished":"2021-09-23T22:34:15+00:00","dateModified":"2021-09-24T03:24:11+00:00","description":"CIUDAD DE M\u00c9XICO. MX. \u2014 El coordinador de Morena en el Senado de la Rep\u00fablica, Ricardo Monreal \u00c1vila se deslind\u00f3 de la propuesta de su compa\u00f1ero de En Sonora en Equipo publicamos toda la informaci\u00f3n de Sonora, M\u00e9xico y el Mundo de manera oportuna y busca que la libertad de expresi\u00f3n sea real. Visita nuestro medio informativo publicado desde Hermosillo, Sonora. %","breadcrumb":{"@id":"https:\/\/www.sonoraenequipo.com.mx\/se-deslinda-monreal-de-propuesta-de-morena-para-investigar-a-la-unam\/#breadcrumb"},"inLanguage":"es","potentialAction":[{"@type":"ReadAction","target":["https:\/\/www.sonoraenequipo.com.mx\/se-deslinda-monreal-de-propuesta-de-morena-para-investigar-a-la-unam\/"]}]},{"@type":"ImageObject","inLanguage":"es","@id":"https:\/\/www.sonoraenequipo.com.mx\/se-deslinda-monreal-de-propuesta-de-morena-para-investigar-a-la-unam\/#primaryimage","url":"https:\/\/www.sonoraenequipo.com.mx\/storage\/2021\/09\/monreal_opt.jpg","contentUrl":"https:\/\/www.sonoraenequipo.com.mx\/storage\/2021\/09\/monreal_opt.jpg","width":700,"height":400},{"@type":"BreadcrumbList","@id":"https:\/\/www.sonoraenequipo.com.mx\/se-deslinda-monreal-de-propuesta-de-morena-para-investigar-a-la-unam\/#breadcrumb","itemListElement":[{"@type":"ListItem","position":1,"name":"Portada","item":"https:\/\/www.sonoraenequipo.com.mx\/"},{"@type":"ListItem","position":2,"name":"Se deslinda Monreal de propuesta de Morena para investigar a la UNAM"}]},{"@type":"WebSite","@id":"https:\/\/www.sonoraenequipo.com.mx\/#website","url":"https:\/\/www.sonoraenequipo.com.mx\/","name":"Sonora en Equipo.","description":"Diario en l\u00ednea con Noticias desde Hermosillo, Sonora","publisher":{"@id":"https:\/\/www.sonoraenequipo.com.mx\/#organization"},"potentialAction":[{"@type":"SearchAction","target":{"@type":"EntryPoint","urlTemplate":"https:\/\/www.sonoraenequipo.com.mx\/?s={search_term_string}"},"query-input":{"@type":"PropertyValueSpecification","valueRequired":true,"valueName":"search_term_string"}}],"inLanguage":"es"},{"@type":"Organization","@id":"https:\/\/www.sonoraenequipo.com.mx\/#organization","name":"Sonoraenequipo.com.mx","url":"https:\/\/www.sonoraenequipo.com.mx\/","logo":{"@type":"ImageObject","inLanguage":"es","@id":"https:\/\/www.sonoraenequipo.com.mx\/#\/schema\/logo\/image\/","url":"https:\/\/www.sonoraenequipo.com.mx\/storage\/2019\/01\/sonoraenequipo_opt.png","contentUrl":"https:\/\/www.sonoraenequipo.com.mx\/storage\/2019\/01\/sonoraenequipo_opt.png","width":375,"height":125,"caption":"Sonoraenequipo.com.mx"},"image":{"@id":"https:\/\/www.sonoraenequipo.com.mx\/#\/schema\/logo\/image\/"},"sameAs":["https:\/\/www.facebook.com\/SonoraEE\/","https:\/\/x.com\/sonoraenequipo","https:\/\/www.youtube.com\/channel\/UC338nW-lPEYmJQs4ZABQ1SQ"]},{"@type":"Person","@id":"https:\/\/www.sonoraenequipo.com.mx\/#\/schema\/person\/50102df0fb23a8fa9e8effad8fa81386","name":"enequipo","image":{"@type":"ImageObject","inLanguage":"es","@id":"https:\/\/www.sonoraenequipo.com.mx\/#\/schema\/person\/image\/","url":"https:\/\/secure.gravatar.com\/avatar\/049821681b589dabc0bc20695993ccebb09f5b5d4d790cd9251b97faac7c652b?s=96&d=blank&r=g","contentUrl":"https:\/\/secure.gravatar.com\/avatar\/049821681b589dabc0bc20695993ccebb09f5b5d4d790cd9251b97faac7c652b?s=96&d=blank&r=g","caption":"enequipo"},"sameAs":["https:\/\/www.facebook.com\/SonoraEE"]}]}},"jetpack_featured_media_url":"https:\/\/www.sonoraenequipo.com.mx\/storage\/2021\/09\/monreal_opt.jpg","_links":{"self":[{"href":"https:\/\/www.sonoraenequipo.com.mx\/api\/wp\/v2\/posts\/123502","targetHints":{"allow":["GET"]}}],"collection":[{"href":"https:\/\/www.sonoraenequipo.com.mx\/api\/wp\/v2\/posts"}],"about":[{"href":"https:\/\/www.sonoraenequipo.com.mx\/api\/wp\/v2\/types\/post"}],"author":[{"embeddable":true,"href":"https:\/\/www.sonoraenequipo.com.mx\/api\/wp\/v2\/users\/1"}],"replies":[{"embeddable":true,"href":"https:\/\/www.sonoraenequipo.com.mx\/api\/wp\/v2\/comments?post=123502"}],"version-history":[{"count":1,"href":"https:\/\/www.sonoraenequipo.com.mx\/api\/wp\/v2\/posts\/123502\/revisions"}],"predecessor-version":[{"id":123504,"href":"https:\/\/www.sonoraenequipo.com.mx\/api\/wp\/v2\/posts\/123502\/revisions\/123504"}],"wp:featuredmedia":[{"embeddable":true,"href":"https:\/\/www.sonoraenequipo.com.mx\/api\/wp\/v2\/media\/123503"}],"wp:attachment":[{"href":"https:\/\/www.sonoraenequipo.com.mx\/api\/wp\/v2\/media?parent=123502"}],"wp:term":[{"taxonomy":"category","embeddable":true,"href":"https:\/\/www.sonoraenequipo.com.mx\/api\/wp\/v2\/categories?post=123502"},{"taxonomy":"post_tag","embeddable":true,"href":"https:\/\/www.sonoraenequipo.com.mx\/api\/wp\/v2\/tags?post=123502"}],"curies":[{"name":"wp","href":"https:\/\/api.w.org\/{rel}","templated":true}]}}