{"id":123522,"date":"2021-09-23T23:48:48","date_gmt":"2021-09-24T06:48:48","guid":{"rendered":"https:\/\/www.sonoraenequipo.com.mx\/?p=123522"},"modified":"2021-09-24T07:36:43","modified_gmt":"2021-09-24T14:36:43","slug":"miguel-angel-vasquez-debe-declarar-a-que-se-destino-el-recurso-por-el-que-es-investigado-sheinbaum","status":"publish","type":"post","link":"https:\/\/www.sonoraenequipo.com.mx\/miguel-angel-vasquez-debe-declarar-a-que-se-destino-el-recurso-por-el-que-es-investigado-sheinbaum\/","title":{"rendered":"Miguel \u00c1ngel V\u00e1squez debe declarar a qu\u00e9 se destin\u00f3 el recurso por el que es investigado: Sheinbaum"},"content":{"rendered":"<p>CIUDAD DE M\u00c9XICO. MX.\u00a0 \u2014 Luego de que se determin\u00f3 la salida de prisi\u00f3n de Miguel \u00c1ngel V\u00e1squez, subsecretario de capital humano en la Secretar\u00eda de Finanzas en la administraci\u00f3n pasada, por el criterio de oportunidad, la jefa de gobierno, Claudia Sheinbaum Pardo, indic\u00f3 que se esperar\u00e1n para que declare en qu\u00e9 se destin\u00f3 el recurso por el que es investigado.<\/p>\n<p>&nbsp;<\/p>\n<p> <\/p>\n<p><em>\u00abEntiendo que parte del tema es \u00bfa qu\u00e9 fue destinado este recurso y a qui\u00e9n?<\/em>\u00ab, indic\u00f3.<\/p>\n<p>&nbsp;<\/p>\n<p>Expuso que determinar el criterio de oportunidad fue una decisi\u00f3n de la Fiscal\u00eda General de Justicia, que fue presentada ante el Tribunal y aceptada por el Juez, adem\u00e1s de que resalt\u00f3 que se respetar\u00e1 la autonom\u00eda del organismo.<\/p>\n<p>&nbsp;<\/p>\n<p><em>\u00abEntiendo que \u00e9l, m\u00e1s que testigo protegido se llama criterio de oportunidad, se acoge a este criterio y presentar\u00e1 las pruebas que tenga que presentar, no conozco los detalles, en eso guardamos la autonom\u00eda de la Fiscal\u00eda frente a las personas en donde tienen pruebas contundentes, relacionadas con la investigaci\u00f3n original\u00bb,<\/em> inform\u00f3.<\/p>\n<p>&nbsp;<\/p>\n<p>Ayer, la Fiscal\u00eda capitalina indic\u00f3 que Miguel \u00c1ngel V\u00e1squez Reyes sali\u00f3 de prisi\u00f3n luego de que el Ministerio P\u00fablico consider\u00f3 su solicitud para acogerse a un criterio de oportunidad.<\/p>\n<p>&nbsp;<\/p>\n<p>Ante esta figura, Miguel \u00c1ngel acept\u00f3 ser un testigo colaborador, a fin de que proporcione informaci\u00f3n vital y fidedigna en la propia indagatoria que se tiene abierta en su contra, y ya ha dado algunos nombres y datos que ya se integran en la misma.<\/p>\n<p>&nbsp;<\/p>\n<p>El exfuncionario est\u00e1 vinculado a proceso por diversos delitos, entre ellos, la posible comisi\u00f3n de este il\u00edcito habr\u00eda provocado un detrimento a la Hacienda P\u00fablica por cerca de 266 millones 642 mil 356 pesos, tras suspender el pago por concepto de cuotas de los jubilados y pensionados, para la prestaci\u00f3n del servicio m\u00e9dico subrogado que se realiza al ISSSTE.<\/p>\n<p>&nbsp;<\/p>\n<p>Adem\u00e1s, en marzo de 2020, V\u00e1squez Reyes fue vinculado a proceso por otro delito similiar, ya que junto con otros servidores p\u00fablicos, como miembros directivos (el imputado como presidente suplente) de la CAPREPOL, posiblemente realizaron actos para dejar de pagar las aportaciones de jubilados y pensionados al ISSSTE, lo que ocasion\u00f3 un da\u00f1o a la hacienda p\u00fablica capitalina de m\u00e1s de 293 millones de pesos.<\/p>\n<p>&nbsp;<\/p>\n<p>(Publicada el 23\/09\/2021)<\/p>\n","protected":false},"excerpt":{"rendered":"<p>CIUDAD DE M\u00c9XICO. MX.\u00a0 \u2014 Luego de que se determin\u00f3 la salida de prisi\u00f3n de&#8230;<\/p>\n","protected":false},"author":1,"featured_media":123523,"comment_status":"open","ping_status":"open","sticky":false,"template":"","format":"standard","meta":{"_monsterinsights_skip_tracking":false,"_monsterinsights_sitenote_active":false,"_monsterinsights_sitenote_note":"","_monsterinsights_sitenote_category":0,"footnotes":""},"categories":[5],"tags":[],"class_list":["post"],"yoast_head":" \n<title>Sonora en Equipo. Miguel \u00c1ngel V\u00e1squez debe declarar a qu\u00e9 se destin\u00f3 el recurso por el que es investigado: Sheinbaum Rep\u00fablica<\/title>\n<meta name=\"description\" content=\"CIUDAD DE M\u00c9XICO. MX.\u00a0 \u2014 Luego de que se determin\u00f3 la salida de prisi\u00f3n de Miguel \u00c1ngel V\u00e1squez, subsecretario de capital humano en la Secretar\u00eda de En Sonora en Equipo publicamos toda la informaci\u00f3n de Sonora, M\u00e9xico y el Mundo de manera oportuna y busca que la libertad de expresi\u00f3n sea real. Visita nuestro medio informativo publicado desde Hermosillo, Sonora. %\" \/>\n<meta name=\"robots\" content=\"index, follow, max-snippet:-1, max-image-preview:large, max-video-preview:-1\" \/>\n<link rel=\"canonical\" href=\"https:\/\/www.sonoraenequipo.com.mx\/miguel-angel-vasquez-debe-declarar-a-que-se-destino-el-recurso-por-el-que-es-investigado-sheinbaum\/\" \/>\n<meta property=\"og:locale\" content=\"es_ES\" \/>\n<meta property=\"og:type\" content=\"article\" \/>\n<meta property=\"og:title\" content=\"Sonora en Equipo. Miguel \u00c1ngel V\u00e1squez debe declarar a qu\u00e9 se destin\u00f3 el recurso por el que es investigado: Sheinbaum Rep\u00fablica\" \/>\n<meta property=\"og:description\" content=\"CIUDAD DE M\u00c9XICO. MX.\u00a0 \u2014 Luego de que se determin\u00f3 la salida de prisi\u00f3n de Miguel \u00c1ngel V\u00e1squez, subsecretario de capital humano en la Secretar\u00eda de En Sonora en Equipo publicamos toda la informaci\u00f3n de Sonora, M\u00e9xico y el Mundo de manera oportuna y busca que la libertad de expresi\u00f3n sea real. Visita nuestro medio informativo publicado desde Hermosillo, Sonora. %\" \/>\n<meta property=\"og:url\" content=\"https:\/\/www.sonoraenequipo.com.mx\/miguel-angel-vasquez-debe-declarar-a-que-se-destino-el-recurso-por-el-que-es-investigado-sheinbaum\/\" \/>\n<meta property=\"og:site_name\" content=\"Sonora en Equipo.\" \/>\n<meta property=\"article:publisher\" content=\"https:\/\/www.facebook.com\/SonoraEE\/\" \/>\n<meta property=\"article:author\" content=\"https:\/\/www.facebook.com\/SonoraEE\" \/>\n<meta property=\"article:published_time\" content=\"2021-09-24T06:48:48+00:00\" \/>\n<meta property=\"article:modified_time\" content=\"2021-09-24T14:36:43+00:00\" \/>\n<meta property=\"og:image\" content=\"https:\/\/www.sonoraenequipo.com.mx\/storage\/2021\/09\/miguel_angel_vasquez_declaracion__opt.jpg\" \/>\n\t<meta property=\"og:image:width\" content=\"700\" \/>\n\t<meta property=\"og:image:height\" content=\"400\" \/>\n\t<meta property=\"og:image:type\" content=\"image\/jpeg\" \/>\n<meta name=\"author\" content=\"enequipo\" \/>\n<meta name=\"twitter:card\" content=\"summary_large_image\" \/>\n<meta name=\"twitter:creator\" content=\"@sonoraenequipo\" \/>\n<meta name=\"twitter:site\" content=\"@sonoraenequipo\" \/>\n<meta name=\"twitter:label1\" content=\"Escrito por\" \/>\n\t<meta name=\"twitter:data1\" content=\"enequipo\" \/>\n\t<meta name=\"twitter:label2\" content=\"Tiempo de lectura\" \/>\n\t<meta name=\"twitter:data2\" content=\"2 minutos\" \/>\n<script type=\"application\/ld+json\" class=\"yoast-schema-graph\">{\"@context\":\"https:\/\/schema.org\",\"@graph\":[{\"@type\":\"Article\",\"@id\":\"https:\/\/www.sonoraenequipo.com.mx\/miguel-angel-vasquez-debe-declarar-a-que-se-destino-el-recurso-por-el-que-es-investigado-sheinbaum\/#article\",\"isPartOf\":{\"@id\":\"https:\/\/www.sonoraenequipo.com.mx\/miguel-angel-vasquez-debe-declarar-a-que-se-destino-el-recurso-por-el-que-es-investigado-sheinbaum\/\"},\"author\":{\"name\":\"enequipo\",\"@id\":\"https:\/\/www.sonoraenequipo.com.mx\/#\/schema\/person\/50102df0fb23a8fa9e8effad8fa81386\"},\"headline\":\"Miguel \u00c1ngel V\u00e1squez debe declarar a qu\u00e9 se destin\u00f3 el recurso por el que es investigado: Sheinbaum\",\"datePublished\":\"2021-09-24T06:48:48+00:00\",\"dateModified\":\"2021-09-24T14:36:43+00:00\",\"mainEntityOfPage\":{\"@id\":\"https:\/\/www.sonoraenequipo.com.mx\/miguel-angel-vasquez-debe-declarar-a-que-se-destino-el-recurso-por-el-que-es-investigado-sheinbaum\/\"},\"wordCount\":419,\"commentCount\":0,\"publisher\":{\"@id\":\"https:\/\/www.sonoraenequipo.com.mx\/#organization\"},\"image\":{\"@id\":\"https:\/\/www.sonoraenequipo.com.mx\/miguel-angel-vasquez-debe-declarar-a-que-se-destino-el-recurso-por-el-que-es-investigado-sheinbaum\/#primaryimage\"},\"thumbnailUrl\":\"https:\/\/www.sonoraenequipo.com.mx\/storage\/2021\/09\/miguel_angel_vasquez_declaracion__opt.jpg\",\"articleSection\":[\"Rep\u00fablica\"],\"inLanguage\":\"es\",\"potentialAction\":[{\"@type\":\"CommentAction\",\"name\":\"Comment\",\"target\":[\"https:\/\/www.sonoraenequipo.com.mx\/miguel-angel-vasquez-debe-declarar-a-que-se-destino-el-recurso-por-el-que-es-investigado-sheinbaum\/#respond\"]}]},{\"@type\":\"WebPage\",\"@id\":\"https:\/\/www.sonoraenequipo.com.mx\/miguel-angel-vasquez-debe-declarar-a-que-se-destino-el-recurso-por-el-que-es-investigado-sheinbaum\/\",\"url\":\"https:\/\/www.sonoraenequipo.com.mx\/miguel-angel-vasquez-debe-declarar-a-que-se-destino-el-recurso-por-el-que-es-investigado-sheinbaum\/\",\"name\":\"Sonora en Equipo. Miguel \u00c1ngel V\u00e1squez debe declarar a qu\u00e9 se destin\u00f3 el recurso por el que es investigado: Sheinbaum Rep\u00fablica\",\"isPartOf\":{\"@id\":\"https:\/\/www.sonoraenequipo.com.mx\/#website\"},\"primaryImageOfPage\":{\"@id\":\"https:\/\/www.sonoraenequipo.com.mx\/miguel-angel-vasquez-debe-declarar-a-que-se-destino-el-recurso-por-el-que-es-investigado-sheinbaum\/#primaryimage\"},\"image\":{\"@id\":\"https:\/\/www.sonoraenequipo.com.mx\/miguel-angel-vasquez-debe-declarar-a-que-se-destino-el-recurso-por-el-que-es-investigado-sheinbaum\/#primaryimage\"},\"thumbnailUrl\":\"https:\/\/www.sonoraenequipo.com.mx\/storage\/2021\/09\/miguel_angel_vasquez_declaracion__opt.jpg\",\"datePublished\":\"2021-09-24T06:48:48+00:00\",\"dateModified\":\"2021-09-24T14:36:43+00:00\",\"description\":\"CIUDAD DE M\u00c9XICO. MX.\u00a0 \u2014 Luego de que se determin\u00f3 la salida de prisi\u00f3n de Miguel \u00c1ngel V\u00e1squez, subsecretario de capital humano en la Secretar\u00eda de En Sonora en Equipo publicamos toda la informaci\u00f3n de Sonora, M\u00e9xico y el Mundo de manera oportuna y busca que la libertad de expresi\u00f3n sea real. Visita nuestro medio informativo publicado desde Hermosillo, Sonora. %\",\"breadcrumb\":{\"@id\":\"https:\/\/www.sonoraenequipo.com.mx\/miguel-angel-vasquez-debe-declarar-a-que-se-destino-el-recurso-por-el-que-es-investigado-sheinbaum\/#breadcrumb\"},\"inLanguage\":\"es\",\"potentialAction\":[{\"@type\":\"ReadAction\",\"target\":[\"https:\/\/www.sonoraenequipo.com.mx\/miguel-angel-vasquez-debe-declarar-a-que-se-destino-el-recurso-por-el-que-es-investigado-sheinbaum\/\"]}]},{\"@type\":\"ImageObject\",\"inLanguage\":\"es\",\"@id\":\"https:\/\/www.sonoraenequipo.com.mx\/miguel-angel-vasquez-debe-declarar-a-que-se-destino-el-recurso-por-el-que-es-investigado-sheinbaum\/#primaryimage\",\"url\":\"https:\/\/www.sonoraenequipo.com.mx\/storage\/2021\/09\/miguel_angel_vasquez_declaracion__opt.jpg\",\"contentUrl\":\"https:\/\/www.sonoraenequipo.com.mx\/storage\/2021\/09\/miguel_angel_vasquez_declaracion__opt.jpg\",\"width\":700,\"height\":400},{\"@type\":\"BreadcrumbList\",\"@id\":\"https:\/\/www.sonoraenequipo.com.mx\/miguel-angel-vasquez-debe-declarar-a-que-se-destino-el-recurso-por-el-que-es-investigado-sheinbaum\/#breadcrumb\",\"itemListElement\":[{\"@type\":\"ListItem\",\"position\":1,\"name\":\"Portada\",\"item\":\"https:\/\/www.sonoraenequipo.com.mx\/\"},{\"@type\":\"ListItem\",\"position\":2,\"name\":\"Miguel \u00c1ngel V\u00e1squez debe declarar a qu\u00e9 se destin\u00f3 el recurso por el que es investigado: Sheinbaum\"}]},{\"@type\":\"WebSite\",\"@id\":\"https:\/\/www.sonoraenequipo.com.mx\/#website\",\"url\":\"https:\/\/www.sonoraenequipo.com.mx\/\",\"name\":\"Sonora en Equipo.\",\"description\":\"Diario en l\u00ednea con Noticias desde Hermosillo, Sonora\",\"publisher\":{\"@id\":\"https:\/\/www.sonoraenequipo.com.mx\/#organization\"},\"potentialAction\":[{\"@type\":\"SearchAction\",\"target\":{\"@type\":\"EntryPoint\",\"urlTemplate\":\"https:\/\/www.sonoraenequipo.com.mx\/?s={search_term_string}\"},\"query-input\":{\"@type\":\"PropertyValueSpecification\",\"valueRequired\":true,\"valueName\":\"search_term_string\"}}],\"inLanguage\":\"es\"},{\"@type\":\"Organization\",\"@id\":\"https:\/\/www.sonoraenequipo.com.mx\/#organization\",\"name\":\"Sonoraenequipo.com.mx\",\"url\":\"https:\/\/www.sonoraenequipo.com.mx\/\",\"logo\":{\"@type\":\"ImageObject\",\"inLanguage\":\"es\",\"@id\":\"https:\/\/www.sonoraenequipo.com.mx\/#\/schema\/logo\/image\/\",\"url\":\"https:\/\/www.sonoraenequipo.com.mx\/storage\/2019\/01\/sonoraenequipo_opt.png\",\"contentUrl\":\"https:\/\/www.sonoraenequipo.com.mx\/storage\/2019\/01\/sonoraenequipo_opt.png\",\"width\":375,\"height\":125,\"caption\":\"Sonoraenequipo.com.mx\"},\"image\":{\"@id\":\"https:\/\/www.sonoraenequipo.com.mx\/#\/schema\/logo\/image\/\"},\"sameAs\":[\"https:\/\/www.facebook.com\/SonoraEE\/\",\"https:\/\/x.com\/sonoraenequipo\",\"https:\/\/www.youtube.com\/channel\/UC338nW-lPEYmJQs4ZABQ1SQ\"]},{\"@type\":\"Person\",\"@id\":\"https:\/\/www.sonoraenequipo.com.mx\/#\/schema\/person\/50102df0fb23a8fa9e8effad8fa81386\",\"name\":\"enequipo\",\"image\":{\"@type\":\"ImageObject\",\"inLanguage\":\"es\",\"@id\":\"https:\/\/www.sonoraenequipo.com.mx\/#\/schema\/person\/image\/\",\"url\":\"https:\/\/secure.gravatar.com\/avatar\/049821681b589dabc0bc20695993ccebb09f5b5d4d790cd9251b97faac7c652b?s=96&d=blank&r=g\",\"contentUrl\":\"https:\/\/secure.gravatar.com\/avatar\/049821681b589dabc0bc20695993ccebb09f5b5d4d790cd9251b97faac7c652b?s=96&d=blank&r=g\",\"caption\":\"enequipo\"},\"sameAs\":[\"https:\/\/www.facebook.com\/SonoraEE\"]}]}<\/script>\n ","yoast_head_json":{"title":"Sonora en Equipo. Miguel \u00c1ngel V\u00e1squez debe declarar a qu\u00e9 se destin\u00f3 el recurso por el que es investigado: Sheinbaum Rep\u00fablica","description":"CIUDAD DE M\u00c9XICO. MX.\u00a0 \u2014 Luego de que se determin\u00f3 la salida de prisi\u00f3n de Miguel \u00c1ngel V\u00e1squez, subsecretario de capital humano en la Secretar\u00eda de En Sonora en Equipo publicamos toda la informaci\u00f3n de Sonora, M\u00e9xico y el Mundo de manera oportuna y busca que la libertad de expresi\u00f3n sea real. Visita nuestro medio informativo publicado desde Hermosillo, Sonora. %","robots":{"index":"index","follow":"follow","max-snippet":"max-snippet:-1","max-image-preview":"max-image-preview:large","max-video-preview":"max-video-preview:-1"},"canonical":"https:\/\/www.sonoraenequipo.com.mx\/miguel-angel-vasquez-debe-declarar-a-que-se-destino-el-recurso-por-el-que-es-investigado-sheinbaum\/","og_locale":"es_ES","og_type":"article","og_title":"Sonora en Equipo. Miguel \u00c1ngel V\u00e1squez debe declarar a qu\u00e9 se destin\u00f3 el recurso por el que es investigado: Sheinbaum Rep\u00fablica","og_description":"CIUDAD DE M\u00c9XICO. MX.\u00a0 \u2014 Luego de que se determin\u00f3 la salida de prisi\u00f3n de Miguel \u00c1ngel V\u00e1squez, subsecretario de capital humano en la Secretar\u00eda de En Sonora en Equipo publicamos toda la informaci\u00f3n de Sonora, M\u00e9xico y el Mundo de manera oportuna y busca que la libertad de expresi\u00f3n sea real. Visita nuestro medio informativo publicado desde Hermosillo, Sonora. %","og_url":"https:\/\/www.sonoraenequipo.com.mx\/miguel-angel-vasquez-debe-declarar-a-que-se-destino-el-recurso-por-el-que-es-investigado-sheinbaum\/","og_site_name":"Sonora en Equipo.","article_publisher":"https:\/\/www.facebook.com\/SonoraEE\/","article_author":"https:\/\/www.facebook.com\/SonoraEE","article_published_time":"2021-09-24T06:48:48+00:00","article_modified_time":"2021-09-24T14:36:43+00:00","og_image":[{"width":700,"height":400,"url":"https:\/\/www.sonoraenequipo.com.mx\/storage\/2021\/09\/miguel_angel_vasquez_declaracion__opt.jpg","type":"image\/jpeg"}],"author":"enequipo","twitter_card":"summary_large_image","twitter_creator":"@sonoraenequipo","twitter_site":"@sonoraenequipo","twitter_misc":{"Escrito por":"enequipo","Tiempo de lectura":"2 minutos"},"schema":{"@context":"https:\/\/schema.org","@graph":[{"@type":"Article","@id":"https:\/\/www.sonoraenequipo.com.mx\/miguel-angel-vasquez-debe-declarar-a-que-se-destino-el-recurso-por-el-que-es-investigado-sheinbaum\/#article","isPartOf":{"@id":"https:\/\/www.sonoraenequipo.com.mx\/miguel-angel-vasquez-debe-declarar-a-que-se-destino-el-recurso-por-el-que-es-investigado-sheinbaum\/"},"author":{"name":"enequipo","@id":"https:\/\/www.sonoraenequipo.com.mx\/#\/schema\/person\/50102df0fb23a8fa9e8effad8fa81386"},"headline":"Miguel \u00c1ngel V\u00e1squez debe declarar a qu\u00e9 se destin\u00f3 el recurso por el que es investigado: Sheinbaum","datePublished":"2021-09-24T06:48:48+00:00","dateModified":"2021-09-24T14:36:43+00:00","mainEntityOfPage":{"@id":"https:\/\/www.sonoraenequipo.com.mx\/miguel-angel-vasquez-debe-declarar-a-que-se-destino-el-recurso-por-el-que-es-investigado-sheinbaum\/"},"wordCount":419,"commentCount":0,"publisher":{"@id":"https:\/\/www.sonoraenequipo.com.mx\/#organization"},"image":{"@id":"https:\/\/www.sonoraenequipo.com.mx\/miguel-angel-vasquez-debe-declarar-a-que-se-destino-el-recurso-por-el-que-es-investigado-sheinbaum\/#primaryimage"},"thumbnailUrl":"https:\/\/www.sonoraenequipo.com.mx\/storage\/2021\/09\/miguel_angel_vasquez_declaracion__opt.jpg","articleSection":["Rep\u00fablica"],"inLanguage":"es","potentialAction":[{"@type":"CommentAction","name":"Comment","target":["https:\/\/www.sonoraenequipo.com.mx\/miguel-angel-vasquez-debe-declarar-a-que-se-destino-el-recurso-por-el-que-es-investigado-sheinbaum\/#respond"]}]},{"@type":"WebPage","@id":"https:\/\/www.sonoraenequipo.com.mx\/miguel-angel-vasquez-debe-declarar-a-que-se-destino-el-recurso-por-el-que-es-investigado-sheinbaum\/","url":"https:\/\/www.sonoraenequipo.com.mx\/miguel-angel-vasquez-debe-declarar-a-que-se-destino-el-recurso-por-el-que-es-investigado-sheinbaum\/","name":"Sonora en Equipo. Miguel \u00c1ngel V\u00e1squez debe declarar a qu\u00e9 se destin\u00f3 el recurso por el que es investigado: Sheinbaum Rep\u00fablica","isPartOf":{"@id":"https:\/\/www.sonoraenequipo.com.mx\/#website"},"primaryImageOfPage":{"@id":"https:\/\/www.sonoraenequipo.com.mx\/miguel-angel-vasquez-debe-declarar-a-que-se-destino-el-recurso-por-el-que-es-investigado-sheinbaum\/#primaryimage"},"image":{"@id":"https:\/\/www.sonoraenequipo.com.mx\/miguel-angel-vasquez-debe-declarar-a-que-se-destino-el-recurso-por-el-que-es-investigado-sheinbaum\/#primaryimage"},"thumbnailUrl":"https:\/\/www.sonoraenequipo.com.mx\/storage\/2021\/09\/miguel_angel_vasquez_declaracion__opt.jpg","datePublished":"2021-09-24T06:48:48+00:00","dateModified":"2021-09-24T14:36:43+00:00","description":"CIUDAD DE M\u00c9XICO. MX.\u00a0 \u2014 Luego de que se determin\u00f3 la salida de prisi\u00f3n de Miguel \u00c1ngel V\u00e1squez, subsecretario de capital humano en la Secretar\u00eda de En Sonora en Equipo publicamos toda la informaci\u00f3n de Sonora, M\u00e9xico y el Mundo de manera oportuna y busca que la libertad de expresi\u00f3n sea real. Visita nuestro medio informativo publicado desde Hermosillo, Sonora. %","breadcrumb":{"@id":"https:\/\/www.sonoraenequipo.com.mx\/miguel-angel-vasquez-debe-declarar-a-que-se-destino-el-recurso-por-el-que-es-investigado-sheinbaum\/#breadcrumb"},"inLanguage":"es","potentialAction":[{"@type":"ReadAction","target":["https:\/\/www.sonoraenequipo.com.mx\/miguel-angel-vasquez-debe-declarar-a-que-se-destino-el-recurso-por-el-que-es-investigado-sheinbaum\/"]}]},{"@type":"ImageObject","inLanguage":"es","@id":"https:\/\/www.sonoraenequipo.com.mx\/miguel-angel-vasquez-debe-declarar-a-que-se-destino-el-recurso-por-el-que-es-investigado-sheinbaum\/#primaryimage","url":"https:\/\/www.sonoraenequipo.com.mx\/storage\/2021\/09\/miguel_angel_vasquez_declaracion__opt.jpg","contentUrl":"https:\/\/www.sonoraenequipo.com.mx\/storage\/2021\/09\/miguel_angel_vasquez_declaracion__opt.jpg","width":700,"height":400},{"@type":"BreadcrumbList","@id":"https:\/\/www.sonoraenequipo.com.mx\/miguel-angel-vasquez-debe-declarar-a-que-se-destino-el-recurso-por-el-que-es-investigado-sheinbaum\/#breadcrumb","itemListElement":[{"@type":"ListItem","position":1,"name":"Portada","item":"https:\/\/www.sonoraenequipo.com.mx\/"},{"@type":"ListItem","position":2,"name":"Miguel \u00c1ngel V\u00e1squez debe declarar a qu\u00e9 se destin\u00f3 el recurso por el que es investigado: Sheinbaum"}]},{"@type":"WebSite","@id":"https:\/\/www.sonoraenequipo.com.mx\/#website","url":"https:\/\/www.sonoraenequipo.com.mx\/","name":"Sonora en Equipo.","description":"Diario en l\u00ednea con Noticias desde Hermosillo, Sonora","publisher":{"@id":"https:\/\/www.sonoraenequipo.com.mx\/#organization"},"potentialAction":[{"@type":"SearchAction","target":{"@type":"EntryPoint","urlTemplate":"https:\/\/www.sonoraenequipo.com.mx\/?s={search_term_string}"},"query-input":{"@type":"PropertyValueSpecification","valueRequired":true,"valueName":"search_term_string"}}],"inLanguage":"es"},{"@type":"Organization","@id":"https:\/\/www.sonoraenequipo.com.mx\/#organization","name":"Sonoraenequipo.com.mx","url":"https:\/\/www.sonoraenequipo.com.mx\/","logo":{"@type":"ImageObject","inLanguage":"es","@id":"https:\/\/www.sonoraenequipo.com.mx\/#\/schema\/logo\/image\/","url":"https:\/\/www.sonoraenequipo.com.mx\/storage\/2019\/01\/sonoraenequipo_opt.png","contentUrl":"https:\/\/www.sonoraenequipo.com.mx\/storage\/2019\/01\/sonoraenequipo_opt.png","width":375,"height":125,"caption":"Sonoraenequipo.com.mx"},"image":{"@id":"https:\/\/www.sonoraenequipo.com.mx\/#\/schema\/logo\/image\/"},"sameAs":["https:\/\/www.facebook.com\/SonoraEE\/","https:\/\/x.com\/sonoraenequipo","https:\/\/www.youtube.com\/channel\/UC338nW-lPEYmJQs4ZABQ1SQ"]},{"@type":"Person","@id":"https:\/\/www.sonoraenequipo.com.mx\/#\/schema\/person\/50102df0fb23a8fa9e8effad8fa81386","name":"enequipo","image":{"@type":"ImageObject","inLanguage":"es","@id":"https:\/\/www.sonoraenequipo.com.mx\/#\/schema\/person\/image\/","url":"https:\/\/secure.gravatar.com\/avatar\/049821681b589dabc0bc20695993ccebb09f5b5d4d790cd9251b97faac7c652b?s=96&d=blank&r=g","contentUrl":"https:\/\/secure.gravatar.com\/avatar\/049821681b589dabc0bc20695993ccebb09f5b5d4d790cd9251b97faac7c652b?s=96&d=blank&r=g","caption":"enequipo"},"sameAs":["https:\/\/www.facebook.com\/SonoraEE"]}]}},"jetpack_featured_media_url":"https:\/\/www.sonoraenequipo.com.mx\/storage\/2021\/09\/miguel_angel_vasquez_declaracion__opt.jpg","_links":{"self":[{"href":"https:\/\/www.sonoraenequipo.com.mx\/api\/wp\/v2\/posts\/123522","targetHints":{"allow":["GET"]}}],"collection":[{"href":"https:\/\/www.sonoraenequipo.com.mx\/api\/wp\/v2\/posts"}],"about":[{"href":"https:\/\/www.sonoraenequipo.com.mx\/api\/wp\/v2\/types\/post"}],"author":[{"embeddable":true,"href":"https:\/\/www.sonoraenequipo.com.mx\/api\/wp\/v2\/users\/1"}],"replies":[{"embeddable":true,"href":"https:\/\/www.sonoraenequipo.com.mx\/api\/wp\/v2\/comments?post=123522"}],"version-history":[{"count":1,"href":"https:\/\/www.sonoraenequipo.com.mx\/api\/wp\/v2\/posts\/123522\/revisions"}],"predecessor-version":[{"id":123524,"href":"https:\/\/www.sonoraenequipo.com.mx\/api\/wp\/v2\/posts\/123522\/revisions\/123524"}],"wp:featuredmedia":[{"embeddable":true,"href":"https:\/\/www.sonoraenequipo.com.mx\/api\/wp\/v2\/media\/123523"}],"wp:attachment":[{"href":"https:\/\/www.sonoraenequipo.com.mx\/api\/wp\/v2\/media?parent=123522"}],"wp:term":[{"taxonomy":"category","embeddable":true,"href":"https:\/\/www.sonoraenequipo.com.mx\/api\/wp\/v2\/categories?post=123522"},{"taxonomy":"post_tag","embeddable":true,"href":"https:\/\/www.sonoraenequipo.com.mx\/api\/wp\/v2\/tags?post=123522"}],"curies":[{"name":"wp","href":"https:\/\/api.w.org\/{rel}","templated":true}]}}