{"id":123528,"date":"2021-09-24T06:10:43","date_gmt":"2021-09-24T13:10:43","guid":{"rendered":"https:\/\/www.sonoraenequipo.com.mx\/?p=123528"},"modified":"2021-09-24T08:02:07","modified_gmt":"2021-09-24T15:02:07","slug":"fonden-no-desaparece-tendra-nueve-mil-055-mdp-en-2022-shcp","status":"publish","type":"post","link":"https:\/\/www.sonoraenequipo.com.mx\/fonden-no-desaparece-tendra-nueve-mil-055-mdp-en-2022-shcp\/","title":{"rendered":"Fonden no desaparece, tendr\u00e1 nueve mil 055 MDP en 2022: SHCP"},"content":{"rendered":"<p>CIUDAD DE M\u00c9XICO. MX. \u2014 El secretario de Hacienda, Rogelio Ram\u00edrez de la O, confirm\u00f3 ayer jueves (23.09.2021) al comparecer en la C\u00e1mara de Diputados con motivo de la presentaci\u00f3n del Paquete Econ\u00f3mico 2022 que el Fonden no desaparece y que tendr\u00e1 nueve mil 055 MDP en el 2022.<\/p>\n<p>&nbsp;<\/p>\n<p> <\/p>\n<p>&nbsp;<\/p>\n<p>Rogelio Ram\u00edrez de la O, confirm\u00f3 que el Fondo de Desastres Naturales (Fonden) nunca desapareci\u00f3 y que el a\u00f1o 2022 recibir\u00e1 un incremento con respecto a los recursos asignados al 2021.<\/p>\n<p>&nbsp;<\/p>\n<p>&nbsp;<\/p>\n<p>Al comparecer ante el Pleno de la C\u00e1mara de Diputados con motivo de la presentaci\u00f3n del Paquete Econ\u00f3mico 2022, Ram\u00edrez de la O dijo que lo m\u00e1s importante es que el gobierno Federal no va a rehuir su responsabilidad cuando se presenten desastres naturales en cualquier \u00e1mbito natural.<\/p>\n<p>&nbsp;<\/p>\n<p>&nbsp;<\/p>\n<p><em>\u00abEn efecto, no hay una desaparici\u00f3n del Fonden, lo que hay es que el fondo qued\u00f3 dentro de los recursos presupuestarios. Y, para 2022 se tienen recursos Fonden en el presupuesto de nueve mil 55 millones de pesos, con un incremento en t\u00e9rminos reales con respecto a 2021.<\/em><\/p>\n<p>&nbsp;<\/p>\n<p>&nbsp;<\/p>\n<p>En 2020 se aprobaron tres mil 353 millones de pesos y en 2021, ocho mil 727 millones de pesos. Entonces, no hay una desaparici\u00f3n de Fondos para Desastres Naturales. Pero lo m\u00e1s importante es que el gobierno no va rehuir su responsabilidad cuando se presenten desastres en cualquier \u00e1mbito natural\u00bb, dijo.<\/p>\n<p>&nbsp;<\/p>\n<p>El pasado 12 de septiembre, se inform\u00f3 que el gobierno de la Cuarta Transformaci\u00f3n que encabeza el Presidente Andr\u00e9s Manuel L\u00f3pez Obrador (AMLO) <em>\u00abrevivi\u00f3\u00bb<\/em> el Fondo de Desastres Naturales en su proyecto de Presupuesto de Egresos de la Federaci\u00f3n para el 2022, y le etiquet\u00f3 nueve mil 262 millones 390 mil 776 pesos.<\/p>\n<p>&nbsp;<\/p>\n<p>&nbsp;<\/p>\n<p>Sin embargo, este fondo carece de reglas detalladas de c\u00f3mo operar\u00e1, ni tampoco se conoce c\u00f3mo ser\u00e1n entregados recursos a municipios o estados, ni c\u00f3mo se emitir\u00e1n las declaraciones de emergencia. Cabe recordar que el pasado 28 de julio, la Secretar\u00eda de Hacienda oficializ\u00f3 la desaparici\u00f3n del Fonden, y abrog\u00f3 el acuerdo por el que se emitieron las Reglas Generales del Fondo de Desastres Naturales publicado el pasado 3 de diciembre del 2010.<\/p>\n<p>&nbsp;<\/p>\n<p>&nbsp;<\/p>\n<p>(Publicada el 24\/09\/2021)<\/p>\n","protected":false},"excerpt":{"rendered":"<p>CIUDAD DE M\u00c9XICO. MX. \u2014 El secretario de Hacienda, Rogelio Ram\u00edrez de la O, confirm\u00f3&#8230;<\/p>\n","protected":false},"author":1,"featured_media":123529,"comment_status":"open","ping_status":"open","sticky":false,"template":"","format":"standard","meta":{"_monsterinsights_skip_tracking":false,"_monsterinsights_sitenote_active":false,"_monsterinsights_sitenote_note":"","_monsterinsights_sitenote_category":0,"footnotes":""},"categories":[5],"tags":[],"class_list":["post"],"yoast_head":" \n<title>Sonora en Equipo. Fonden no desaparece, tendr\u00e1 nueve mil 055 MDP en 2022: SHCP Rep\u00fablica<\/title>\n<meta name=\"description\" content=\"CIUDAD DE M\u00c9XICO. MX. \u2014 El secretario de Hacienda, Rogelio Ram\u00edrez de la O, confirm\u00f3 ayer jueves (23.09.2021) al comparecer en la C\u00e1mara de Diputados con En Sonora en Equipo publicamos toda la informaci\u00f3n de Sonora, M\u00e9xico y el Mundo de manera oportuna y busca que la libertad de expresi\u00f3n sea real. Visita nuestro medio informativo publicado desde Hermosillo, Sonora. %\" \/>\n<meta name=\"robots\" content=\"index, follow, max-snippet:-1, max-image-preview:large, max-video-preview:-1\" \/>\n<link rel=\"canonical\" href=\"https:\/\/www.sonoraenequipo.com.mx\/fonden-no-desaparece-tendra-nueve-mil-055-mdp-en-2022-shcp\/\" \/>\n<meta property=\"og:locale\" content=\"es_ES\" \/>\n<meta property=\"og:type\" content=\"article\" \/>\n<meta property=\"og:title\" content=\"Sonora en Equipo. Fonden no desaparece, tendr\u00e1 nueve mil 055 MDP en 2022: SHCP Rep\u00fablica\" \/>\n<meta property=\"og:description\" content=\"CIUDAD DE M\u00c9XICO. MX. \u2014 El secretario de Hacienda, Rogelio Ram\u00edrez de la O, confirm\u00f3 ayer jueves (23.09.2021) al comparecer en la C\u00e1mara de Diputados con En Sonora en Equipo publicamos toda la informaci\u00f3n de Sonora, M\u00e9xico y el Mundo de manera oportuna y busca que la libertad de expresi\u00f3n sea real. Visita nuestro medio informativo publicado desde Hermosillo, Sonora. %\" \/>\n<meta property=\"og:url\" content=\"https:\/\/www.sonoraenequipo.com.mx\/fonden-no-desaparece-tendra-nueve-mil-055-mdp-en-2022-shcp\/\" \/>\n<meta property=\"og:site_name\" content=\"Sonora en Equipo.\" \/>\n<meta property=\"article:publisher\" content=\"https:\/\/www.facebook.com\/SonoraEE\/\" \/>\n<meta property=\"article:author\" content=\"https:\/\/www.facebook.com\/SonoraEE\" \/>\n<meta property=\"article:published_time\" content=\"2021-09-24T13:10:43+00:00\" \/>\n<meta property=\"article:modified_time\" content=\"2021-09-24T15:02:07+00:00\" \/>\n<meta property=\"og:image\" content=\"https:\/\/www.sonoraenequipo.com.mx\/storage\/2021\/09\/comparecencia-de-ramirez-de-la-O_opt.jpg\" \/>\n\t<meta property=\"og:image:width\" content=\"700\" \/>\n\t<meta property=\"og:image:height\" content=\"400\" \/>\n\t<meta property=\"og:image:type\" content=\"image\/jpeg\" \/>\n<meta name=\"author\" content=\"enequipo\" \/>\n<meta name=\"twitter:card\" content=\"summary_large_image\" \/>\n<meta name=\"twitter:creator\" content=\"@sonoraenequipo\" \/>\n<meta name=\"twitter:site\" content=\"@sonoraenequipo\" \/>\n<meta name=\"twitter:label1\" content=\"Escrito por\" \/>\n\t<meta name=\"twitter:data1\" content=\"enequipo\" \/>\n\t<meta name=\"twitter:label2\" content=\"Tiempo de lectura\" \/>\n\t<meta name=\"twitter:data2\" content=\"2 minutos\" \/>\n<script type=\"application\/ld+json\" class=\"yoast-schema-graph\">{\"@context\":\"https:\/\/schema.org\",\"@graph\":[{\"@type\":\"Article\",\"@id\":\"https:\/\/www.sonoraenequipo.com.mx\/fonden-no-desaparece-tendra-nueve-mil-055-mdp-en-2022-shcp\/#article\",\"isPartOf\":{\"@id\":\"https:\/\/www.sonoraenequipo.com.mx\/fonden-no-desaparece-tendra-nueve-mil-055-mdp-en-2022-shcp\/\"},\"author\":{\"name\":\"enequipo\",\"@id\":\"https:\/\/www.sonoraenequipo.com.mx\/#\/schema\/person\/50102df0fb23a8fa9e8effad8fa81386\"},\"headline\":\"Fonden no desaparece, tendr\u00e1 nueve mil 055 MDP en 2022: SHCP\",\"datePublished\":\"2021-09-24T13:10:43+00:00\",\"dateModified\":\"2021-09-24T15:02:07+00:00\",\"mainEntityOfPage\":{\"@id\":\"https:\/\/www.sonoraenequipo.com.mx\/fonden-no-desaparece-tendra-nueve-mil-055-mdp-en-2022-shcp\/\"},\"wordCount\":381,\"commentCount\":0,\"publisher\":{\"@id\":\"https:\/\/www.sonoraenequipo.com.mx\/#organization\"},\"image\":{\"@id\":\"https:\/\/www.sonoraenequipo.com.mx\/fonden-no-desaparece-tendra-nueve-mil-055-mdp-en-2022-shcp\/#primaryimage\"},\"thumbnailUrl\":\"https:\/\/www.sonoraenequipo.com.mx\/storage\/2021\/09\/comparecencia-de-ramirez-de-la-O_opt.jpg\",\"articleSection\":[\"Rep\u00fablica\"],\"inLanguage\":\"es\",\"potentialAction\":[{\"@type\":\"CommentAction\",\"name\":\"Comment\",\"target\":[\"https:\/\/www.sonoraenequipo.com.mx\/fonden-no-desaparece-tendra-nueve-mil-055-mdp-en-2022-shcp\/#respond\"]}]},{\"@type\":\"WebPage\",\"@id\":\"https:\/\/www.sonoraenequipo.com.mx\/fonden-no-desaparece-tendra-nueve-mil-055-mdp-en-2022-shcp\/\",\"url\":\"https:\/\/www.sonoraenequipo.com.mx\/fonden-no-desaparece-tendra-nueve-mil-055-mdp-en-2022-shcp\/\",\"name\":\"Sonora en Equipo. Fonden no desaparece, tendr\u00e1 nueve mil 055 MDP en 2022: SHCP Rep\u00fablica\",\"isPartOf\":{\"@id\":\"https:\/\/www.sonoraenequipo.com.mx\/#website\"},\"primaryImageOfPage\":{\"@id\":\"https:\/\/www.sonoraenequipo.com.mx\/fonden-no-desaparece-tendra-nueve-mil-055-mdp-en-2022-shcp\/#primaryimage\"},\"image\":{\"@id\":\"https:\/\/www.sonoraenequipo.com.mx\/fonden-no-desaparece-tendra-nueve-mil-055-mdp-en-2022-shcp\/#primaryimage\"},\"thumbnailUrl\":\"https:\/\/www.sonoraenequipo.com.mx\/storage\/2021\/09\/comparecencia-de-ramirez-de-la-O_opt.jpg\",\"datePublished\":\"2021-09-24T13:10:43+00:00\",\"dateModified\":\"2021-09-24T15:02:07+00:00\",\"description\":\"CIUDAD DE M\u00c9XICO. MX. \u2014 El secretario de Hacienda, Rogelio Ram\u00edrez de la O, confirm\u00f3 ayer jueves (23.09.2021) al comparecer en la C\u00e1mara de Diputados con En Sonora en Equipo publicamos toda la informaci\u00f3n de Sonora, M\u00e9xico y el Mundo de manera oportuna y busca que la libertad de expresi\u00f3n sea real. Visita nuestro medio informativo publicado desde Hermosillo, Sonora. %\",\"breadcrumb\":{\"@id\":\"https:\/\/www.sonoraenequipo.com.mx\/fonden-no-desaparece-tendra-nueve-mil-055-mdp-en-2022-shcp\/#breadcrumb\"},\"inLanguage\":\"es\",\"potentialAction\":[{\"@type\":\"ReadAction\",\"target\":[\"https:\/\/www.sonoraenequipo.com.mx\/fonden-no-desaparece-tendra-nueve-mil-055-mdp-en-2022-shcp\/\"]}]},{\"@type\":\"ImageObject\",\"inLanguage\":\"es\",\"@id\":\"https:\/\/www.sonoraenequipo.com.mx\/fonden-no-desaparece-tendra-nueve-mil-055-mdp-en-2022-shcp\/#primaryimage\",\"url\":\"https:\/\/www.sonoraenequipo.com.mx\/storage\/2021\/09\/comparecencia-de-ramirez-de-la-O_opt.jpg\",\"contentUrl\":\"https:\/\/www.sonoraenequipo.com.mx\/storage\/2021\/09\/comparecencia-de-ramirez-de-la-O_opt.jpg\",\"width\":700,\"height\":400},{\"@type\":\"BreadcrumbList\",\"@id\":\"https:\/\/www.sonoraenequipo.com.mx\/fonden-no-desaparece-tendra-nueve-mil-055-mdp-en-2022-shcp\/#breadcrumb\",\"itemListElement\":[{\"@type\":\"ListItem\",\"position\":1,\"name\":\"Portada\",\"item\":\"https:\/\/www.sonoraenequipo.com.mx\/\"},{\"@type\":\"ListItem\",\"position\":2,\"name\":\"Fonden no desaparece, tendr\u00e1 nueve mil 055 MDP en 2022: SHCP\"}]},{\"@type\":\"WebSite\",\"@id\":\"https:\/\/www.sonoraenequipo.com.mx\/#website\",\"url\":\"https:\/\/www.sonoraenequipo.com.mx\/\",\"name\":\"Sonora en Equipo.\",\"description\":\"Diario en l\u00ednea con Noticias desde Hermosillo, Sonora\",\"publisher\":{\"@id\":\"https:\/\/www.sonoraenequipo.com.mx\/#organization\"},\"potentialAction\":[{\"@type\":\"SearchAction\",\"target\":{\"@type\":\"EntryPoint\",\"urlTemplate\":\"https:\/\/www.sonoraenequipo.com.mx\/?s={search_term_string}\"},\"query-input\":{\"@type\":\"PropertyValueSpecification\",\"valueRequired\":true,\"valueName\":\"search_term_string\"}}],\"inLanguage\":\"es\"},{\"@type\":\"Organization\",\"@id\":\"https:\/\/www.sonoraenequipo.com.mx\/#organization\",\"name\":\"Sonoraenequipo.com.mx\",\"url\":\"https:\/\/www.sonoraenequipo.com.mx\/\",\"logo\":{\"@type\":\"ImageObject\",\"inLanguage\":\"es\",\"@id\":\"https:\/\/www.sonoraenequipo.com.mx\/#\/schema\/logo\/image\/\",\"url\":\"https:\/\/www.sonoraenequipo.com.mx\/storage\/2019\/01\/sonoraenequipo_opt.png\",\"contentUrl\":\"https:\/\/www.sonoraenequipo.com.mx\/storage\/2019\/01\/sonoraenequipo_opt.png\",\"width\":375,\"height\":125,\"caption\":\"Sonoraenequipo.com.mx\"},\"image\":{\"@id\":\"https:\/\/www.sonoraenequipo.com.mx\/#\/schema\/logo\/image\/\"},\"sameAs\":[\"https:\/\/www.facebook.com\/SonoraEE\/\",\"https:\/\/x.com\/sonoraenequipo\",\"https:\/\/www.youtube.com\/channel\/UC338nW-lPEYmJQs4ZABQ1SQ\"]},{\"@type\":\"Person\",\"@id\":\"https:\/\/www.sonoraenequipo.com.mx\/#\/schema\/person\/50102df0fb23a8fa9e8effad8fa81386\",\"name\":\"enequipo\",\"image\":{\"@type\":\"ImageObject\",\"inLanguage\":\"es\",\"@id\":\"https:\/\/www.sonoraenequipo.com.mx\/#\/schema\/person\/image\/\",\"url\":\"https:\/\/secure.gravatar.com\/avatar\/049821681b589dabc0bc20695993ccebb09f5b5d4d790cd9251b97faac7c652b?s=96&d=blank&r=g\",\"contentUrl\":\"https:\/\/secure.gravatar.com\/avatar\/049821681b589dabc0bc20695993ccebb09f5b5d4d790cd9251b97faac7c652b?s=96&d=blank&r=g\",\"caption\":\"enequipo\"},\"sameAs\":[\"https:\/\/www.facebook.com\/SonoraEE\"]}]}<\/script>\n ","yoast_head_json":{"title":"Sonora en Equipo. Fonden no desaparece, tendr\u00e1 nueve mil 055 MDP en 2022: SHCP Rep\u00fablica","description":"CIUDAD DE M\u00c9XICO. MX. \u2014 El secretario de Hacienda, Rogelio Ram\u00edrez de la O, confirm\u00f3 ayer jueves (23.09.2021) al comparecer en la C\u00e1mara de Diputados con En Sonora en Equipo publicamos toda la informaci\u00f3n de Sonora, M\u00e9xico y el Mundo de manera oportuna y busca que la libertad de expresi\u00f3n sea real. Visita nuestro medio informativo publicado desde Hermosillo, Sonora. %","robots":{"index":"index","follow":"follow","max-snippet":"max-snippet:-1","max-image-preview":"max-image-preview:large","max-video-preview":"max-video-preview:-1"},"canonical":"https:\/\/www.sonoraenequipo.com.mx\/fonden-no-desaparece-tendra-nueve-mil-055-mdp-en-2022-shcp\/","og_locale":"es_ES","og_type":"article","og_title":"Sonora en Equipo. Fonden no desaparece, tendr\u00e1 nueve mil 055 MDP en 2022: SHCP Rep\u00fablica","og_description":"CIUDAD DE M\u00c9XICO. MX. \u2014 El secretario de Hacienda, Rogelio Ram\u00edrez de la O, confirm\u00f3 ayer jueves (23.09.2021) al comparecer en la C\u00e1mara de Diputados con En Sonora en Equipo publicamos toda la informaci\u00f3n de Sonora, M\u00e9xico y el Mundo de manera oportuna y busca que la libertad de expresi\u00f3n sea real. Visita nuestro medio informativo publicado desde Hermosillo, Sonora. %","og_url":"https:\/\/www.sonoraenequipo.com.mx\/fonden-no-desaparece-tendra-nueve-mil-055-mdp-en-2022-shcp\/","og_site_name":"Sonora en Equipo.","article_publisher":"https:\/\/www.facebook.com\/SonoraEE\/","article_author":"https:\/\/www.facebook.com\/SonoraEE","article_published_time":"2021-09-24T13:10:43+00:00","article_modified_time":"2021-09-24T15:02:07+00:00","og_image":[{"width":700,"height":400,"url":"https:\/\/www.sonoraenequipo.com.mx\/storage\/2021\/09\/comparecencia-de-ramirez-de-la-O_opt.jpg","type":"image\/jpeg"}],"author":"enequipo","twitter_card":"summary_large_image","twitter_creator":"@sonoraenequipo","twitter_site":"@sonoraenequipo","twitter_misc":{"Escrito por":"enequipo","Tiempo de lectura":"2 minutos"},"schema":{"@context":"https:\/\/schema.org","@graph":[{"@type":"Article","@id":"https:\/\/www.sonoraenequipo.com.mx\/fonden-no-desaparece-tendra-nueve-mil-055-mdp-en-2022-shcp\/#article","isPartOf":{"@id":"https:\/\/www.sonoraenequipo.com.mx\/fonden-no-desaparece-tendra-nueve-mil-055-mdp-en-2022-shcp\/"},"author":{"name":"enequipo","@id":"https:\/\/www.sonoraenequipo.com.mx\/#\/schema\/person\/50102df0fb23a8fa9e8effad8fa81386"},"headline":"Fonden no desaparece, tendr\u00e1 nueve mil 055 MDP en 2022: SHCP","datePublished":"2021-09-24T13:10:43+00:00","dateModified":"2021-09-24T15:02:07+00:00","mainEntityOfPage":{"@id":"https:\/\/www.sonoraenequipo.com.mx\/fonden-no-desaparece-tendra-nueve-mil-055-mdp-en-2022-shcp\/"},"wordCount":381,"commentCount":0,"publisher":{"@id":"https:\/\/www.sonoraenequipo.com.mx\/#organization"},"image":{"@id":"https:\/\/www.sonoraenequipo.com.mx\/fonden-no-desaparece-tendra-nueve-mil-055-mdp-en-2022-shcp\/#primaryimage"},"thumbnailUrl":"https:\/\/www.sonoraenequipo.com.mx\/storage\/2021\/09\/comparecencia-de-ramirez-de-la-O_opt.jpg","articleSection":["Rep\u00fablica"],"inLanguage":"es","potentialAction":[{"@type":"CommentAction","name":"Comment","target":["https:\/\/www.sonoraenequipo.com.mx\/fonden-no-desaparece-tendra-nueve-mil-055-mdp-en-2022-shcp\/#respond"]}]},{"@type":"WebPage","@id":"https:\/\/www.sonoraenequipo.com.mx\/fonden-no-desaparece-tendra-nueve-mil-055-mdp-en-2022-shcp\/","url":"https:\/\/www.sonoraenequipo.com.mx\/fonden-no-desaparece-tendra-nueve-mil-055-mdp-en-2022-shcp\/","name":"Sonora en Equipo. Fonden no desaparece, tendr\u00e1 nueve mil 055 MDP en 2022: SHCP Rep\u00fablica","isPartOf":{"@id":"https:\/\/www.sonoraenequipo.com.mx\/#website"},"primaryImageOfPage":{"@id":"https:\/\/www.sonoraenequipo.com.mx\/fonden-no-desaparece-tendra-nueve-mil-055-mdp-en-2022-shcp\/#primaryimage"},"image":{"@id":"https:\/\/www.sonoraenequipo.com.mx\/fonden-no-desaparece-tendra-nueve-mil-055-mdp-en-2022-shcp\/#primaryimage"},"thumbnailUrl":"https:\/\/www.sonoraenequipo.com.mx\/storage\/2021\/09\/comparecencia-de-ramirez-de-la-O_opt.jpg","datePublished":"2021-09-24T13:10:43+00:00","dateModified":"2021-09-24T15:02:07+00:00","description":"CIUDAD DE M\u00c9XICO. MX. \u2014 El secretario de Hacienda, Rogelio Ram\u00edrez de la O, confirm\u00f3 ayer jueves (23.09.2021) al comparecer en la C\u00e1mara de Diputados con En Sonora en Equipo publicamos toda la informaci\u00f3n de Sonora, M\u00e9xico y el Mundo de manera oportuna y busca que la libertad de expresi\u00f3n sea real. Visita nuestro medio informativo publicado desde Hermosillo, Sonora. %","breadcrumb":{"@id":"https:\/\/www.sonoraenequipo.com.mx\/fonden-no-desaparece-tendra-nueve-mil-055-mdp-en-2022-shcp\/#breadcrumb"},"inLanguage":"es","potentialAction":[{"@type":"ReadAction","target":["https:\/\/www.sonoraenequipo.com.mx\/fonden-no-desaparece-tendra-nueve-mil-055-mdp-en-2022-shcp\/"]}]},{"@type":"ImageObject","inLanguage":"es","@id":"https:\/\/www.sonoraenequipo.com.mx\/fonden-no-desaparece-tendra-nueve-mil-055-mdp-en-2022-shcp\/#primaryimage","url":"https:\/\/www.sonoraenequipo.com.mx\/storage\/2021\/09\/comparecencia-de-ramirez-de-la-O_opt.jpg","contentUrl":"https:\/\/www.sonoraenequipo.com.mx\/storage\/2021\/09\/comparecencia-de-ramirez-de-la-O_opt.jpg","width":700,"height":400},{"@type":"BreadcrumbList","@id":"https:\/\/www.sonoraenequipo.com.mx\/fonden-no-desaparece-tendra-nueve-mil-055-mdp-en-2022-shcp\/#breadcrumb","itemListElement":[{"@type":"ListItem","position":1,"name":"Portada","item":"https:\/\/www.sonoraenequipo.com.mx\/"},{"@type":"ListItem","position":2,"name":"Fonden no desaparece, tendr\u00e1 nueve mil 055 MDP en 2022: SHCP"}]},{"@type":"WebSite","@id":"https:\/\/www.sonoraenequipo.com.mx\/#website","url":"https:\/\/www.sonoraenequipo.com.mx\/","name":"Sonora en Equipo.","description":"Diario en l\u00ednea con Noticias desde Hermosillo, Sonora","publisher":{"@id":"https:\/\/www.sonoraenequipo.com.mx\/#organization"},"potentialAction":[{"@type":"SearchAction","target":{"@type":"EntryPoint","urlTemplate":"https:\/\/www.sonoraenequipo.com.mx\/?s={search_term_string}"},"query-input":{"@type":"PropertyValueSpecification","valueRequired":true,"valueName":"search_term_string"}}],"inLanguage":"es"},{"@type":"Organization","@id":"https:\/\/www.sonoraenequipo.com.mx\/#organization","name":"Sonoraenequipo.com.mx","url":"https:\/\/www.sonoraenequipo.com.mx\/","logo":{"@type":"ImageObject","inLanguage":"es","@id":"https:\/\/www.sonoraenequipo.com.mx\/#\/schema\/logo\/image\/","url":"https:\/\/www.sonoraenequipo.com.mx\/storage\/2019\/01\/sonoraenequipo_opt.png","contentUrl":"https:\/\/www.sonoraenequipo.com.mx\/storage\/2019\/01\/sonoraenequipo_opt.png","width":375,"height":125,"caption":"Sonoraenequipo.com.mx"},"image":{"@id":"https:\/\/www.sonoraenequipo.com.mx\/#\/schema\/logo\/image\/"},"sameAs":["https:\/\/www.facebook.com\/SonoraEE\/","https:\/\/x.com\/sonoraenequipo","https:\/\/www.youtube.com\/channel\/UC338nW-lPEYmJQs4ZABQ1SQ"]},{"@type":"Person","@id":"https:\/\/www.sonoraenequipo.com.mx\/#\/schema\/person\/50102df0fb23a8fa9e8effad8fa81386","name":"enequipo","image":{"@type":"ImageObject","inLanguage":"es","@id":"https:\/\/www.sonoraenequipo.com.mx\/#\/schema\/person\/image\/","url":"https:\/\/secure.gravatar.com\/avatar\/049821681b589dabc0bc20695993ccebb09f5b5d4d790cd9251b97faac7c652b?s=96&d=blank&r=g","contentUrl":"https:\/\/secure.gravatar.com\/avatar\/049821681b589dabc0bc20695993ccebb09f5b5d4d790cd9251b97faac7c652b?s=96&d=blank&r=g","caption":"enequipo"},"sameAs":["https:\/\/www.facebook.com\/SonoraEE"]}]}},"jetpack_featured_media_url":"https:\/\/www.sonoraenequipo.com.mx\/storage\/2021\/09\/comparecencia-de-ramirez-de-la-O_opt.jpg","_links":{"self":[{"href":"https:\/\/www.sonoraenequipo.com.mx\/api\/wp\/v2\/posts\/123528","targetHints":{"allow":["GET"]}}],"collection":[{"href":"https:\/\/www.sonoraenequipo.com.mx\/api\/wp\/v2\/posts"}],"about":[{"href":"https:\/\/www.sonoraenequipo.com.mx\/api\/wp\/v2\/types\/post"}],"author":[{"embeddable":true,"href":"https:\/\/www.sonoraenequipo.com.mx\/api\/wp\/v2\/users\/1"}],"replies":[{"embeddable":true,"href":"https:\/\/www.sonoraenequipo.com.mx\/api\/wp\/v2\/comments?post=123528"}],"version-history":[{"count":1,"href":"https:\/\/www.sonoraenequipo.com.mx\/api\/wp\/v2\/posts\/123528\/revisions"}],"predecessor-version":[{"id":123530,"href":"https:\/\/www.sonoraenequipo.com.mx\/api\/wp\/v2\/posts\/123528\/revisions\/123530"}],"wp:featuredmedia":[{"embeddable":true,"href":"https:\/\/www.sonoraenequipo.com.mx\/api\/wp\/v2\/media\/123529"}],"wp:attachment":[{"href":"https:\/\/www.sonoraenequipo.com.mx\/api\/wp\/v2\/media?parent=123528"}],"wp:term":[{"taxonomy":"category","embeddable":true,"href":"https:\/\/www.sonoraenequipo.com.mx\/api\/wp\/v2\/categories?post=123528"},{"taxonomy":"post_tag","embeddable":true,"href":"https:\/\/www.sonoraenequipo.com.mx\/api\/wp\/v2\/tags?post=123528"}],"curies":[{"name":"wp","href":"https:\/\/api.w.org\/{rel}","templated":true}]}}