{"id":123531,"date":"2021-09-24T05:30:43","date_gmt":"2021-09-24T12:30:43","guid":{"rendered":"https:\/\/www.sonoraenequipo.com.mx\/?p=123531"},"modified":"2021-09-24T08:24:43","modified_gmt":"2021-09-24T15:24:43","slug":"fernandez-norona-critica-desayunos-escolares-de-gobiernos-panistas","status":"publish","type":"post","link":"https:\/\/www.sonoraenequipo.com.mx\/fernandez-norona-critica-desayunos-escolares-de-gobiernos-panistas\/","title":{"rendered":"Fern\u00e1ndez Noro\u00f1a critica desayunos escolares de gobiernos panistas"},"content":{"rendered":"<p>CIUDAD DE M\u00c9XICO.MX. \u2014 El legislador Gerardo Fern\u00e1ndez Noro\u00f1a encendi\u00f3 la sesi\u00f3n de hoy en la C\u00e1mara de Diputados al manifestar\u00a0 las se\u00f1as que la diputada Annia Sarahi G\u00f3mez, diputada del PAN, le hacia a \u00e9l mientras hac\u00eda su exposici\u00f3n\u00a0 en la tribuna.<\/p>\n<p>&nbsp;<\/p>\n<p> <\/p>\n<p>En el marco de la comparecencia del secretario de Hacienda, Rogelio Ram\u00edrez de la O, ante el Pleno de la C\u00e1mara de Diputados, el diputado del Partido del Trabajo (PT) intervino y desde la tribuna defendi\u00f3 las acciones del Gobierno de Andr\u00e9s Manuel L\u00f3pez Obrador (AMLO).<\/p>\n<p>&nbsp;<\/p>\n<p>Durante su intervenci\u00f3n de m\u00e1s de 12 minutos, diputados panistas lo interrumpieron con gritos de \u201c\u00a1fuera, fuera!\u201d, adem\u00e1s de otros reclamos.<\/p>\n<p>&nbsp;<\/p>\n<p>Al referirse a los apoyos en alimentos a estudiantes de escuelas p\u00fablicas, Fern\u00e1ndez Noro\u00f1a reproch\u00f3 <em><strong>\u00abla lechita y galleta pedorra\u00bb<\/strong><\/em> que se entregaban durante gobiernos panistas.<\/p>\n<p>&nbsp;<\/p>\n<p>Entre el continuo reclamo de diputados del PAN, se refiri\u00f3 al programa de guarder\u00edas de la administraci\u00f3n pasada.<\/p>\n<p>&nbsp;<\/p>\n<p><strong><em>\u00abHablan de guarder\u00edas. Los ni\u00f1os ni se guardan. Me grita hip\u00f3crita alguien que me hac\u00eda as\u00ed en la Legislatura pasada\u00bb<\/em><\/strong>, expres\u00f3 Fern\u00e1ndez Noro\u00f1a mientras hac\u00eda una se\u00f1a con el dedo medio de la mano derecha.<\/p>\n<p>&nbsp;<\/p>\n<p>El petista se refer\u00eda as\u00ed a un reclamo que ya hab\u00eda hecho a Annia Sarah\u00ed G\u00f3mez, diputada del PAN en la anterior Legislatura y presente en la sesi\u00f3n de hoy, pues es tambi\u00e9n diputada para el periodo 2021-2024.<\/p>\n<p><strong><em>\u00abY yo le dec\u00eda: compa\u00f1era, est\u00e1 usted mal de artritis, la voy a mandar al Seguro Social para que la atiendan\u00bb<\/em><\/strong>, a\u00f1adi\u00f3.<\/p>\n<p>&nbsp;<\/p>\n<p>La acci\u00f3n de Fern\u00e1ndez Noro\u00f1a levant\u00f3 cr\u00edticas entre los panistas.<\/p>\n<p><strong><em>\u00abUn Diputado del oficialismo me difama, tiene una fijaci\u00f3n conmigo as\u00ed como la tiene con (el expresidente Felipe) Calder\u00f3n. Est\u00e1 tan lleno de resentimiento que prefiere usar su tiempo en tribuna atac\u00e1ndome a\u00fan en presencia de un Secretario de Estado. Pobrecito\u00bb,<\/em><\/strong> public\u00f3 m\u00e1s tarde Annia Sarah\u00ed G\u00f3mez en su cuenta de Twitter.<\/p>\n<p>El propio PAN expres\u00f3 su solidaridad con G\u00f3mez a trav\u00e9s de sus redes sociales: \u00ab<em>Una vez m\u00e1s, el diputado Fern\u00e1ndez Noro\u00f1a ataca a la oposici\u00f3n y demuestra que el curso de g\u00e9nero que tom\u00f3 no le sirvi\u00f3 de nada. Los ataques e insultos vienen de quien no sabe dialogar ni escuchar\u00bb.<\/em><\/p>\n<p>Fernandez Noro\u00f1a niega que estuviera dirigido a diputada<\/p>\n<p>Luego de que se difundiera la informaci\u00f3n en varios medios, Fern\u00e1ndez Noro\u00f1a neg\u00f3 que la se\u00f1a fuera para Sarah\u00ed G\u00f3mez.<\/p>\n<p><strong><em>\u00abFalso. Justo lo que dije es que la diputada me hizo esta se\u00f1al desde su curul en la legislatura pasada y que, hoy otra vez estaba insultando desde su curul\u00bb<\/em><\/strong>, escribi\u00f3 en Twitter como comentario a una nota de refer\u00eda que el gesto fue hacia la diputada panista.<\/p>\n<p><iframe loading=\"lazy\" title=\"Dip. Gerardo Fern\u00e1ndez Noro\u00f1a (PT) \/ Comparecencia del Secretario de Hacienda y Cr\u00e9dito P\u00fablico.\" width=\"640\" height=\"360\" src=\"https:\/\/www.youtube.com\/embed\/NalGftG9jCc?start=637&#038;feature=oembed\" frameborder=\"0\" allow=\"accelerometer; autoplay; clipboard-write; encrypted-media; gyroscope; picture-in-picture; web-share\" referrerpolicy=\"strict-origin-when-cross-origin\" allowfullscreen><\/iframe><\/p>\n<p>(Publicada el 24\/09\/2021)<\/p>\n","protected":false},"excerpt":{"rendered":"<p>CIUDAD DE M\u00c9XICO.MX. \u2014 El legislador Gerardo Fern\u00e1ndez Noro\u00f1a encendi\u00f3 la sesi\u00f3n de hoy en&#8230;<\/p>\n","protected":false},"author":1,"featured_media":123532,"comment_status":"open","ping_status":"open","sticky":false,"template":"","format":"standard","meta":{"_monsterinsights_skip_tracking":false,"_monsterinsights_sitenote_active":false,"_monsterinsights_sitenote_note":"","_monsterinsights_sitenote_category":0,"footnotes":""},"categories":[5],"tags":[],"class_list":["post"],"yoast_head":" \n<title>Sonora en Equipo. Fern\u00e1ndez Noro\u00f1a critica desayunos escolares de gobiernos panistas Rep\u00fablica<\/title>\n<meta name=\"description\" content=\"CIUDAD DE M\u00c9XICO.MX. \u2014 El legislador Gerardo Fern\u00e1ndez Noro\u00f1a encendi\u00f3 la sesi\u00f3n de hoy en la C\u00e1mara de Diputados al manifestar\u00a0 las se\u00f1as que la diputada En Sonora en Equipo publicamos toda la informaci\u00f3n de Sonora, M\u00e9xico y el Mundo de manera oportuna y busca que la libertad de expresi\u00f3n sea real. Visita nuestro medio informativo publicado desde Hermosillo, Sonora. %\" \/>\n<meta name=\"robots\" content=\"index, follow, max-snippet:-1, max-image-preview:large, max-video-preview:-1\" \/>\n<link rel=\"canonical\" href=\"https:\/\/www.sonoraenequipo.com.mx\/fernandez-norona-critica-desayunos-escolares-de-gobiernos-panistas\/\" \/>\n<meta property=\"og:locale\" content=\"es_ES\" \/>\n<meta property=\"og:type\" content=\"article\" \/>\n<meta property=\"og:title\" content=\"Sonora en Equipo. Fern\u00e1ndez Noro\u00f1a critica desayunos escolares de gobiernos panistas Rep\u00fablica\" \/>\n<meta property=\"og:description\" content=\"CIUDAD DE M\u00c9XICO.MX. \u2014 El legislador Gerardo Fern\u00e1ndez Noro\u00f1a encendi\u00f3 la sesi\u00f3n de hoy en la C\u00e1mara de Diputados al manifestar\u00a0 las se\u00f1as que la diputada En Sonora en Equipo publicamos toda la informaci\u00f3n de Sonora, M\u00e9xico y el Mundo de manera oportuna y busca que la libertad de expresi\u00f3n sea real. Visita nuestro medio informativo publicado desde Hermosillo, Sonora. %\" \/>\n<meta property=\"og:url\" content=\"https:\/\/www.sonoraenequipo.com.mx\/fernandez-norona-critica-desayunos-escolares-de-gobiernos-panistas\/\" \/>\n<meta property=\"og:site_name\" content=\"Sonora en Equipo.\" \/>\n<meta property=\"article:publisher\" content=\"https:\/\/www.facebook.com\/SonoraEE\/\" \/>\n<meta property=\"article:author\" content=\"https:\/\/www.facebook.com\/SonoraEE\" \/>\n<meta property=\"article:published_time\" content=\"2021-09-24T12:30:43+00:00\" \/>\n<meta property=\"article:modified_time\" content=\"2021-09-24T15:24:43+00:00\" \/>\n<meta property=\"og:image\" content=\"https:\/\/www.sonoraenequipo.com.mx\/storage\/2021\/09\/gerardo_fernandez_norona_opt.jpg\" \/>\n\t<meta property=\"og:image:width\" content=\"700\" \/>\n\t<meta property=\"og:image:height\" content=\"400\" \/>\n\t<meta property=\"og:image:type\" content=\"image\/jpeg\" \/>\n<meta name=\"author\" content=\"enequipo\" \/>\n<meta name=\"twitter:card\" content=\"summary_large_image\" \/>\n<meta name=\"twitter:creator\" content=\"@sonoraenequipo\" \/>\n<meta name=\"twitter:site\" content=\"@sonoraenequipo\" \/>\n<meta name=\"twitter:label1\" content=\"Escrito por\" \/>\n\t<meta name=\"twitter:data1\" content=\"enequipo\" \/>\n\t<meta name=\"twitter:label2\" content=\"Tiempo de lectura\" \/>\n\t<meta name=\"twitter:data2\" content=\"2 minutos\" \/>\n<script type=\"application\/ld+json\" class=\"yoast-schema-graph\">{\"@context\":\"https:\/\/schema.org\",\"@graph\":[{\"@type\":\"Article\",\"@id\":\"https:\/\/www.sonoraenequipo.com.mx\/fernandez-norona-critica-desayunos-escolares-de-gobiernos-panistas\/#article\",\"isPartOf\":{\"@id\":\"https:\/\/www.sonoraenequipo.com.mx\/fernandez-norona-critica-desayunos-escolares-de-gobiernos-panistas\/\"},\"author\":{\"name\":\"enequipo\",\"@id\":\"https:\/\/www.sonoraenequipo.com.mx\/#\/schema\/person\/50102df0fb23a8fa9e8effad8fa81386\"},\"headline\":\"Fern\u00e1ndez Noro\u00f1a critica desayunos escolares de gobiernos panistas\",\"datePublished\":\"2021-09-24T12:30:43+00:00\",\"dateModified\":\"2021-09-24T15:24:43+00:00\",\"mainEntityOfPage\":{\"@id\":\"https:\/\/www.sonoraenequipo.com.mx\/fernandez-norona-critica-desayunos-escolares-de-gobiernos-panistas\/\"},\"wordCount\":529,\"commentCount\":0,\"publisher\":{\"@id\":\"https:\/\/www.sonoraenequipo.com.mx\/#organization\"},\"image\":{\"@id\":\"https:\/\/www.sonoraenequipo.com.mx\/fernandez-norona-critica-desayunos-escolares-de-gobiernos-panistas\/#primaryimage\"},\"thumbnailUrl\":\"https:\/\/www.sonoraenequipo.com.mx\/storage\/2021\/09\/gerardo_fernandez_norona_opt.jpg\",\"articleSection\":[\"Rep\u00fablica\"],\"inLanguage\":\"es\",\"potentialAction\":[{\"@type\":\"CommentAction\",\"name\":\"Comment\",\"target\":[\"https:\/\/www.sonoraenequipo.com.mx\/fernandez-norona-critica-desayunos-escolares-de-gobiernos-panistas\/#respond\"]}]},{\"@type\":\"WebPage\",\"@id\":\"https:\/\/www.sonoraenequipo.com.mx\/fernandez-norona-critica-desayunos-escolares-de-gobiernos-panistas\/\",\"url\":\"https:\/\/www.sonoraenequipo.com.mx\/fernandez-norona-critica-desayunos-escolares-de-gobiernos-panistas\/\",\"name\":\"Sonora en Equipo. Fern\u00e1ndez Noro\u00f1a critica desayunos escolares de gobiernos panistas Rep\u00fablica\",\"isPartOf\":{\"@id\":\"https:\/\/www.sonoraenequipo.com.mx\/#website\"},\"primaryImageOfPage\":{\"@id\":\"https:\/\/www.sonoraenequipo.com.mx\/fernandez-norona-critica-desayunos-escolares-de-gobiernos-panistas\/#primaryimage\"},\"image\":{\"@id\":\"https:\/\/www.sonoraenequipo.com.mx\/fernandez-norona-critica-desayunos-escolares-de-gobiernos-panistas\/#primaryimage\"},\"thumbnailUrl\":\"https:\/\/www.sonoraenequipo.com.mx\/storage\/2021\/09\/gerardo_fernandez_norona_opt.jpg\",\"datePublished\":\"2021-09-24T12:30:43+00:00\",\"dateModified\":\"2021-09-24T15:24:43+00:00\",\"description\":\"CIUDAD DE M\u00c9XICO.MX. \u2014 El legislador Gerardo Fern\u00e1ndez Noro\u00f1a encendi\u00f3 la sesi\u00f3n de hoy en la C\u00e1mara de Diputados al manifestar\u00a0 las se\u00f1as que la diputada En Sonora en Equipo publicamos toda la informaci\u00f3n de Sonora, M\u00e9xico y el Mundo de manera oportuna y busca que la libertad de expresi\u00f3n sea real. Visita nuestro medio informativo publicado desde Hermosillo, Sonora. %\",\"breadcrumb\":{\"@id\":\"https:\/\/www.sonoraenequipo.com.mx\/fernandez-norona-critica-desayunos-escolares-de-gobiernos-panistas\/#breadcrumb\"},\"inLanguage\":\"es\",\"potentialAction\":[{\"@type\":\"ReadAction\",\"target\":[\"https:\/\/www.sonoraenequipo.com.mx\/fernandez-norona-critica-desayunos-escolares-de-gobiernos-panistas\/\"]}]},{\"@type\":\"ImageObject\",\"inLanguage\":\"es\",\"@id\":\"https:\/\/www.sonoraenequipo.com.mx\/fernandez-norona-critica-desayunos-escolares-de-gobiernos-panistas\/#primaryimage\",\"url\":\"https:\/\/www.sonoraenequipo.com.mx\/storage\/2021\/09\/gerardo_fernandez_norona_opt.jpg\",\"contentUrl\":\"https:\/\/www.sonoraenequipo.com.mx\/storage\/2021\/09\/gerardo_fernandez_norona_opt.jpg\",\"width\":700,\"height\":400},{\"@type\":\"BreadcrumbList\",\"@id\":\"https:\/\/www.sonoraenequipo.com.mx\/fernandez-norona-critica-desayunos-escolares-de-gobiernos-panistas\/#breadcrumb\",\"itemListElement\":[{\"@type\":\"ListItem\",\"position\":1,\"name\":\"Portada\",\"item\":\"https:\/\/www.sonoraenequipo.com.mx\/\"},{\"@type\":\"ListItem\",\"position\":2,\"name\":\"Fern\u00e1ndez Noro\u00f1a critica desayunos escolares de gobiernos panistas\"}]},{\"@type\":\"WebSite\",\"@id\":\"https:\/\/www.sonoraenequipo.com.mx\/#website\",\"url\":\"https:\/\/www.sonoraenequipo.com.mx\/\",\"name\":\"Sonora en Equipo.\",\"description\":\"Diario en l\u00ednea con Noticias desde Hermosillo, Sonora\",\"publisher\":{\"@id\":\"https:\/\/www.sonoraenequipo.com.mx\/#organization\"},\"potentialAction\":[{\"@type\":\"SearchAction\",\"target\":{\"@type\":\"EntryPoint\",\"urlTemplate\":\"https:\/\/www.sonoraenequipo.com.mx\/?s={search_term_string}\"},\"query-input\":{\"@type\":\"PropertyValueSpecification\",\"valueRequired\":true,\"valueName\":\"search_term_string\"}}],\"inLanguage\":\"es\"},{\"@type\":\"Organization\",\"@id\":\"https:\/\/www.sonoraenequipo.com.mx\/#organization\",\"name\":\"Sonoraenequipo.com.mx\",\"url\":\"https:\/\/www.sonoraenequipo.com.mx\/\",\"logo\":{\"@type\":\"ImageObject\",\"inLanguage\":\"es\",\"@id\":\"https:\/\/www.sonoraenequipo.com.mx\/#\/schema\/logo\/image\/\",\"url\":\"https:\/\/www.sonoraenequipo.com.mx\/storage\/2019\/01\/sonoraenequipo_opt.png\",\"contentUrl\":\"https:\/\/www.sonoraenequipo.com.mx\/storage\/2019\/01\/sonoraenequipo_opt.png\",\"width\":375,\"height\":125,\"caption\":\"Sonoraenequipo.com.mx\"},\"image\":{\"@id\":\"https:\/\/www.sonoraenequipo.com.mx\/#\/schema\/logo\/image\/\"},\"sameAs\":[\"https:\/\/www.facebook.com\/SonoraEE\/\",\"https:\/\/x.com\/sonoraenequipo\",\"https:\/\/www.youtube.com\/channel\/UC338nW-lPEYmJQs4ZABQ1SQ\"]},{\"@type\":\"Person\",\"@id\":\"https:\/\/www.sonoraenequipo.com.mx\/#\/schema\/person\/50102df0fb23a8fa9e8effad8fa81386\",\"name\":\"enequipo\",\"image\":{\"@type\":\"ImageObject\",\"inLanguage\":\"es\",\"@id\":\"https:\/\/www.sonoraenequipo.com.mx\/#\/schema\/person\/image\/\",\"url\":\"https:\/\/secure.gravatar.com\/avatar\/049821681b589dabc0bc20695993ccebb09f5b5d4d790cd9251b97faac7c652b?s=96&d=blank&r=g\",\"contentUrl\":\"https:\/\/secure.gravatar.com\/avatar\/049821681b589dabc0bc20695993ccebb09f5b5d4d790cd9251b97faac7c652b?s=96&d=blank&r=g\",\"caption\":\"enequipo\"},\"sameAs\":[\"https:\/\/www.facebook.com\/SonoraEE\"]}]}<\/script>\n ","yoast_head_json":{"title":"Sonora en Equipo. Fern\u00e1ndez Noro\u00f1a critica desayunos escolares de gobiernos panistas Rep\u00fablica","description":"CIUDAD DE M\u00c9XICO.MX. \u2014 El legislador Gerardo Fern\u00e1ndez Noro\u00f1a encendi\u00f3 la sesi\u00f3n de hoy en la C\u00e1mara de Diputados al manifestar\u00a0 las se\u00f1as que la diputada En Sonora en Equipo publicamos toda la informaci\u00f3n de Sonora, M\u00e9xico y el Mundo de manera oportuna y busca que la libertad de expresi\u00f3n sea real. Visita nuestro medio informativo publicado desde Hermosillo, Sonora. %","robots":{"index":"index","follow":"follow","max-snippet":"max-snippet:-1","max-image-preview":"max-image-preview:large","max-video-preview":"max-video-preview:-1"},"canonical":"https:\/\/www.sonoraenequipo.com.mx\/fernandez-norona-critica-desayunos-escolares-de-gobiernos-panistas\/","og_locale":"es_ES","og_type":"article","og_title":"Sonora en Equipo. Fern\u00e1ndez Noro\u00f1a critica desayunos escolares de gobiernos panistas Rep\u00fablica","og_description":"CIUDAD DE M\u00c9XICO.MX. \u2014 El legislador Gerardo Fern\u00e1ndez Noro\u00f1a encendi\u00f3 la sesi\u00f3n de hoy en la C\u00e1mara de Diputados al manifestar\u00a0 las se\u00f1as que la diputada En Sonora en Equipo publicamos toda la informaci\u00f3n de Sonora, M\u00e9xico y el Mundo de manera oportuna y busca que la libertad de expresi\u00f3n sea real. Visita nuestro medio informativo publicado desde Hermosillo, Sonora. %","og_url":"https:\/\/www.sonoraenequipo.com.mx\/fernandez-norona-critica-desayunos-escolares-de-gobiernos-panistas\/","og_site_name":"Sonora en Equipo.","article_publisher":"https:\/\/www.facebook.com\/SonoraEE\/","article_author":"https:\/\/www.facebook.com\/SonoraEE","article_published_time":"2021-09-24T12:30:43+00:00","article_modified_time":"2021-09-24T15:24:43+00:00","og_image":[{"width":700,"height":400,"url":"https:\/\/www.sonoraenequipo.com.mx\/storage\/2021\/09\/gerardo_fernandez_norona_opt.jpg","type":"image\/jpeg"}],"author":"enequipo","twitter_card":"summary_large_image","twitter_creator":"@sonoraenequipo","twitter_site":"@sonoraenequipo","twitter_misc":{"Escrito por":"enequipo","Tiempo de lectura":"2 minutos"},"schema":{"@context":"https:\/\/schema.org","@graph":[{"@type":"Article","@id":"https:\/\/www.sonoraenequipo.com.mx\/fernandez-norona-critica-desayunos-escolares-de-gobiernos-panistas\/#article","isPartOf":{"@id":"https:\/\/www.sonoraenequipo.com.mx\/fernandez-norona-critica-desayunos-escolares-de-gobiernos-panistas\/"},"author":{"name":"enequipo","@id":"https:\/\/www.sonoraenequipo.com.mx\/#\/schema\/person\/50102df0fb23a8fa9e8effad8fa81386"},"headline":"Fern\u00e1ndez Noro\u00f1a critica desayunos escolares de gobiernos panistas","datePublished":"2021-09-24T12:30:43+00:00","dateModified":"2021-09-24T15:24:43+00:00","mainEntityOfPage":{"@id":"https:\/\/www.sonoraenequipo.com.mx\/fernandez-norona-critica-desayunos-escolares-de-gobiernos-panistas\/"},"wordCount":529,"commentCount":0,"publisher":{"@id":"https:\/\/www.sonoraenequipo.com.mx\/#organization"},"image":{"@id":"https:\/\/www.sonoraenequipo.com.mx\/fernandez-norona-critica-desayunos-escolares-de-gobiernos-panistas\/#primaryimage"},"thumbnailUrl":"https:\/\/www.sonoraenequipo.com.mx\/storage\/2021\/09\/gerardo_fernandez_norona_opt.jpg","articleSection":["Rep\u00fablica"],"inLanguage":"es","potentialAction":[{"@type":"CommentAction","name":"Comment","target":["https:\/\/www.sonoraenequipo.com.mx\/fernandez-norona-critica-desayunos-escolares-de-gobiernos-panistas\/#respond"]}]},{"@type":"WebPage","@id":"https:\/\/www.sonoraenequipo.com.mx\/fernandez-norona-critica-desayunos-escolares-de-gobiernos-panistas\/","url":"https:\/\/www.sonoraenequipo.com.mx\/fernandez-norona-critica-desayunos-escolares-de-gobiernos-panistas\/","name":"Sonora en Equipo. Fern\u00e1ndez Noro\u00f1a critica desayunos escolares de gobiernos panistas Rep\u00fablica","isPartOf":{"@id":"https:\/\/www.sonoraenequipo.com.mx\/#website"},"primaryImageOfPage":{"@id":"https:\/\/www.sonoraenequipo.com.mx\/fernandez-norona-critica-desayunos-escolares-de-gobiernos-panistas\/#primaryimage"},"image":{"@id":"https:\/\/www.sonoraenequipo.com.mx\/fernandez-norona-critica-desayunos-escolares-de-gobiernos-panistas\/#primaryimage"},"thumbnailUrl":"https:\/\/www.sonoraenequipo.com.mx\/storage\/2021\/09\/gerardo_fernandez_norona_opt.jpg","datePublished":"2021-09-24T12:30:43+00:00","dateModified":"2021-09-24T15:24:43+00:00","description":"CIUDAD DE M\u00c9XICO.MX. \u2014 El legislador Gerardo Fern\u00e1ndez Noro\u00f1a encendi\u00f3 la sesi\u00f3n de hoy en la C\u00e1mara de Diputados al manifestar\u00a0 las se\u00f1as que la diputada En Sonora en Equipo publicamos toda la informaci\u00f3n de Sonora, M\u00e9xico y el Mundo de manera oportuna y busca que la libertad de expresi\u00f3n sea real. Visita nuestro medio informativo publicado desde Hermosillo, Sonora. %","breadcrumb":{"@id":"https:\/\/www.sonoraenequipo.com.mx\/fernandez-norona-critica-desayunos-escolares-de-gobiernos-panistas\/#breadcrumb"},"inLanguage":"es","potentialAction":[{"@type":"ReadAction","target":["https:\/\/www.sonoraenequipo.com.mx\/fernandez-norona-critica-desayunos-escolares-de-gobiernos-panistas\/"]}]},{"@type":"ImageObject","inLanguage":"es","@id":"https:\/\/www.sonoraenequipo.com.mx\/fernandez-norona-critica-desayunos-escolares-de-gobiernos-panistas\/#primaryimage","url":"https:\/\/www.sonoraenequipo.com.mx\/storage\/2021\/09\/gerardo_fernandez_norona_opt.jpg","contentUrl":"https:\/\/www.sonoraenequipo.com.mx\/storage\/2021\/09\/gerardo_fernandez_norona_opt.jpg","width":700,"height":400},{"@type":"BreadcrumbList","@id":"https:\/\/www.sonoraenequipo.com.mx\/fernandez-norona-critica-desayunos-escolares-de-gobiernos-panistas\/#breadcrumb","itemListElement":[{"@type":"ListItem","position":1,"name":"Portada","item":"https:\/\/www.sonoraenequipo.com.mx\/"},{"@type":"ListItem","position":2,"name":"Fern\u00e1ndez Noro\u00f1a critica desayunos escolares de gobiernos panistas"}]},{"@type":"WebSite","@id":"https:\/\/www.sonoraenequipo.com.mx\/#website","url":"https:\/\/www.sonoraenequipo.com.mx\/","name":"Sonora en Equipo.","description":"Diario en l\u00ednea con Noticias desde Hermosillo, Sonora","publisher":{"@id":"https:\/\/www.sonoraenequipo.com.mx\/#organization"},"potentialAction":[{"@type":"SearchAction","target":{"@type":"EntryPoint","urlTemplate":"https:\/\/www.sonoraenequipo.com.mx\/?s={search_term_string}"},"query-input":{"@type":"PropertyValueSpecification","valueRequired":true,"valueName":"search_term_string"}}],"inLanguage":"es"},{"@type":"Organization","@id":"https:\/\/www.sonoraenequipo.com.mx\/#organization","name":"Sonoraenequipo.com.mx","url":"https:\/\/www.sonoraenequipo.com.mx\/","logo":{"@type":"ImageObject","inLanguage":"es","@id":"https:\/\/www.sonoraenequipo.com.mx\/#\/schema\/logo\/image\/","url":"https:\/\/www.sonoraenequipo.com.mx\/storage\/2019\/01\/sonoraenequipo_opt.png","contentUrl":"https:\/\/www.sonoraenequipo.com.mx\/storage\/2019\/01\/sonoraenequipo_opt.png","width":375,"height":125,"caption":"Sonoraenequipo.com.mx"},"image":{"@id":"https:\/\/www.sonoraenequipo.com.mx\/#\/schema\/logo\/image\/"},"sameAs":["https:\/\/www.facebook.com\/SonoraEE\/","https:\/\/x.com\/sonoraenequipo","https:\/\/www.youtube.com\/channel\/UC338nW-lPEYmJQs4ZABQ1SQ"]},{"@type":"Person","@id":"https:\/\/www.sonoraenequipo.com.mx\/#\/schema\/person\/50102df0fb23a8fa9e8effad8fa81386","name":"enequipo","image":{"@type":"ImageObject","inLanguage":"es","@id":"https:\/\/www.sonoraenequipo.com.mx\/#\/schema\/person\/image\/","url":"https:\/\/secure.gravatar.com\/avatar\/049821681b589dabc0bc20695993ccebb09f5b5d4d790cd9251b97faac7c652b?s=96&d=blank&r=g","contentUrl":"https:\/\/secure.gravatar.com\/avatar\/049821681b589dabc0bc20695993ccebb09f5b5d4d790cd9251b97faac7c652b?s=96&d=blank&r=g","caption":"enequipo"},"sameAs":["https:\/\/www.facebook.com\/SonoraEE"]}]}},"jetpack_featured_media_url":"https:\/\/www.sonoraenequipo.com.mx\/storage\/2021\/09\/gerardo_fernandez_norona_opt.jpg","_links":{"self":[{"href":"https:\/\/www.sonoraenequipo.com.mx\/api\/wp\/v2\/posts\/123531","targetHints":{"allow":["GET"]}}],"collection":[{"href":"https:\/\/www.sonoraenequipo.com.mx\/api\/wp\/v2\/posts"}],"about":[{"href":"https:\/\/www.sonoraenequipo.com.mx\/api\/wp\/v2\/types\/post"}],"author":[{"embeddable":true,"href":"https:\/\/www.sonoraenequipo.com.mx\/api\/wp\/v2\/users\/1"}],"replies":[{"embeddable":true,"href":"https:\/\/www.sonoraenequipo.com.mx\/api\/wp\/v2\/comments?post=123531"}],"version-history":[{"count":1,"href":"https:\/\/www.sonoraenequipo.com.mx\/api\/wp\/v2\/posts\/123531\/revisions"}],"predecessor-version":[{"id":123533,"href":"https:\/\/www.sonoraenequipo.com.mx\/api\/wp\/v2\/posts\/123531\/revisions\/123533"}],"wp:featuredmedia":[{"embeddable":true,"href":"https:\/\/www.sonoraenequipo.com.mx\/api\/wp\/v2\/media\/123532"}],"wp:attachment":[{"href":"https:\/\/www.sonoraenequipo.com.mx\/api\/wp\/v2\/media?parent=123531"}],"wp:term":[{"taxonomy":"category","embeddable":true,"href":"https:\/\/www.sonoraenequipo.com.mx\/api\/wp\/v2\/categories?post=123531"},{"taxonomy":"post_tag","embeddable":true,"href":"https:\/\/www.sonoraenequipo.com.mx\/api\/wp\/v2\/tags?post=123531"}],"curies":[{"name":"wp","href":"https:\/\/api.w.org\/{rel}","templated":true}]}}