{"id":123534,"date":"2021-09-24T06:30:34","date_gmt":"2021-09-24T13:30:34","guid":{"rendered":"https:\/\/www.sonoraenequipo.com.mx\/?p=123534"},"modified":"2021-09-24T09:20:18","modified_gmt":"2021-09-24T16:20:18","slug":"gobernador-durazo-lanza-primera-bola-en-jornada-inaugural-del-campeonato-mundial-de-beisbol-sub-23","status":"publish","type":"post","link":"https:\/\/www.sonoraenequipo.com.mx\/gobernador-durazo-lanza-primera-bola-en-jornada-inaugural-del-campeonato-mundial-de-beisbol-sub-23\/","title":{"rendered":"Gobernador Durazo lanza primera bola en jornada inaugural del Campeonato Mundial de B\u00e9isbol Sub-23"},"content":{"rendered":"<p>CAJEME, SONORA. MX. \u2014 Con la celebraci\u00f3n del Campeonato Mundial de B\u00e9isbol Sub-23 Sonora-M\u00e9xico 2020, celebramos una oportunidad extraordinaria para demostrarle al mundo de lo que est\u00e1 hecho el estado, asever\u00f3 el gobernador Alfonso Durazo Monta\u00f1o al lanzar la primera bola en el juego inaugural entre Rep\u00fablica Checa y M\u00e9xico.<\/p>\n<p>&nbsp;<\/p>\n<p> <\/p>\n<p>&nbsp;<\/p>\n<p>El mandatario estatal mencion\u00f3 que esta justa deportiva distingue a M\u00e9xico, a Sonora, y a Cajeme, ya que este tipo de eventos ayudan a mejorar el ambiente de econom\u00eda y empleo, para lo cual el estado est\u00e1 preparado para recibir a jugadores y visitantes de diferentes pa\u00edses.<\/p>\n<p>&nbsp;<\/p>\n<p>&nbsp;<\/p>\n<p><em>\u00abQue hayan distinguido al estado de Sonora con este honor, de ser sede de esta tercera copa de pa\u00edses participantes en este Mundial de B\u00e9isbol Sub 23, nos honra mucho y estaremos a la altura\u00bb<\/em>, indic\u00f3.<\/p>\n<p>&nbsp;<\/p>\n<p>&nbsp;<\/p>\n<p>Ana Gabriela Guevara, directora general de la Comisi\u00f3n Nacional de Cultura F\u00edsica y Deporte (Conade), resalt\u00f3 que con esta competencia el mundo ha venido a Sonora, ya que este tipo de eventos pueden unir a varios pa\u00edses.<\/p>\n<p>&nbsp;<\/p>\n<p>&nbsp;<\/p>\n<p><em>\u00abEl deporte tiene la capacidad de unir al mundo. Hoy el mundo ha venido a Sonora, aqu\u00ed a Obreg\u00f3n, Sonora. Que sea el mejor el que gane. Agradecer a todas las autoridades que han hecho posible que esto sea hoy una realidad y disfruten de 50 juegos de b\u00e9isbol, el rey de los deportes, y m\u00e1s diversi\u00f3n a todos los aficionados\u00bb<\/em>, se\u00f1al\u00f3.<\/p>\n<p>&nbsp;<\/p>\n<p>&nbsp;<\/p>\n<p>Willi Kaltschmitt, vicepresidente de la Confederaci\u00f3n Mundial de B\u00e9isbol y S\u00f3ftbol, agradeci\u00f3 a las autoridades por las facilidades para la celebraci\u00f3n de esta competencia, en la cual en su \u00faltima emisi\u00f3n, M\u00e9xico result\u00f3 campe\u00f3n.<\/p>\n<p>&nbsp;<\/p>\n<p>&nbsp;<\/p>\n<p><em>\u00abEstamos muy contentos que la confederaci\u00f3n mundial que se celebre aqu\u00ed, en Ciudad Obreg\u00f3n, y en Hermosillo, en el estado de Sonora, la Copa Mundial de Beisbol Sub-23, porque regresa nuevamente despu\u00e9s de dos a\u00f1os de no haberse realizado, en la cual M\u00e9xico se coron\u00f3 campe\u00f3n mundial\u00bb,<\/em> coment\u00f3.<\/p>\n<p>&nbsp;<\/p>\n<p>&nbsp;<\/p>\n<p>En la justa que se celebra del 23 de septiembre al 2 de octubre con sedes en Cajeme y en Hermosillo, en los estadios de los Yaquis de Ciudad Obreg\u00f3n y Naranjeros, participar\u00e1n en el grupo A: M\u00e9xico, Rep\u00fablica Checa, Rep\u00fablica Dominicana, Cuba, Alemania, y China Taip\u00e9i; mientras que el grupo B est\u00e1 conformado por Colombia, Corea, Holanda, Nicaragua, Panam\u00e1 y Venezuela.<\/p>\n<p>&nbsp;<\/p>\n<p>&nbsp;<\/p>\n<p>Presentes: Erubiel Durazo C\u00e1rdenas, director general de la CODESON; Javier Lamarque Cano, presidente municipal de Cajeme; Jacobo Mendoza Ruiz, presidente de la mesa directiva en el Congreso del Estado; Francisco Guti\u00e9rrez Rodr\u00edguez, presidente del Supremo Tribunal de Justicia del Estado; y Arturo Bours Griffith, senador de la Rep\u00fablica.<\/p>\n<p>&nbsp;<\/p>\n<p>&nbsp;<\/p>\n<p>(Publicada el 24\/09\/2021)<\/p>\n","protected":false},"excerpt":{"rendered":"<p>CAJEME, SONORA. MX. \u2014 Con la celebraci\u00f3n del Campeonato Mundial de B\u00e9isbol Sub-23 Sonora-M\u00e9xico 2020,&#8230;<\/p>\n","protected":false},"author":1,"featured_media":123536,"comment_status":"open","ping_status":"open","sticky":false,"template":"","format":"standard","meta":{"_monsterinsights_skip_tracking":false,"_monsterinsights_sitenote_active":false,"_monsterinsights_sitenote_note":"","_monsterinsights_sitenote_category":0,"footnotes":""},"categories":[22],"tags":[],"class_list":["post"],"yoast_head":" \n<title>Sonora en Equipo. Gobernador Durazo lanza primera bola en jornada inaugural del Campeonato Mundial de B\u00e9isbol Sub-23 Sonora<\/title>\n<meta name=\"description\" content=\"CAJEME, SONORA. MX. \u2014 Con la celebraci\u00f3n del Campeonato Mundial de B\u00e9isbol Sub-23 Sonora-M\u00e9xico 2020, celebramos una oportunidad extraordinaria para En Sonora en Equipo publicamos toda la informaci\u00f3n de Sonora, M\u00e9xico y el Mundo de manera oportuna y busca que la libertad de expresi\u00f3n sea real. Visita nuestro medio informativo publicado desde Hermosillo, Sonora. %\" \/>\n<meta name=\"robots\" content=\"index, follow, max-snippet:-1, max-image-preview:large, max-video-preview:-1\" \/>\n<link rel=\"canonical\" href=\"https:\/\/www.sonoraenequipo.com.mx\/gobernador-durazo-lanza-primera-bola-en-jornada-inaugural-del-campeonato-mundial-de-beisbol-sub-23\/\" \/>\n<meta property=\"og:locale\" content=\"es_ES\" \/>\n<meta property=\"og:type\" content=\"article\" \/>\n<meta property=\"og:title\" content=\"Sonora en Equipo. Gobernador Durazo lanza primera bola en jornada inaugural del Campeonato Mundial de B\u00e9isbol Sub-23 Sonora\" \/>\n<meta property=\"og:description\" content=\"CAJEME, SONORA. MX. \u2014 Con la celebraci\u00f3n del Campeonato Mundial de B\u00e9isbol Sub-23 Sonora-M\u00e9xico 2020, celebramos una oportunidad extraordinaria para En Sonora en Equipo publicamos toda la informaci\u00f3n de Sonora, M\u00e9xico y el Mundo de manera oportuna y busca que la libertad de expresi\u00f3n sea real. Visita nuestro medio informativo publicado desde Hermosillo, Sonora. %\" \/>\n<meta property=\"og:url\" content=\"https:\/\/www.sonoraenequipo.com.mx\/gobernador-durazo-lanza-primera-bola-en-jornada-inaugural-del-campeonato-mundial-de-beisbol-sub-23\/\" \/>\n<meta property=\"og:site_name\" content=\"Sonora en Equipo.\" \/>\n<meta property=\"article:publisher\" content=\"https:\/\/www.facebook.com\/SonoraEE\/\" \/>\n<meta property=\"article:author\" content=\"https:\/\/www.facebook.com\/SonoraEE\" \/>\n<meta property=\"article:published_time\" content=\"2021-09-24T13:30:34+00:00\" \/>\n<meta property=\"article:modified_time\" content=\"2021-09-24T16:20:18+00:00\" \/>\n<meta property=\"og:image\" content=\"https:\/\/www.sonoraenequipo.com.mx\/storage\/2021\/09\/alfonso_durazo-beis_opt.jpg\" \/>\n\t<meta property=\"og:image:width\" content=\"700\" \/>\n\t<meta property=\"og:image:height\" content=\"400\" \/>\n\t<meta property=\"og:image:type\" content=\"image\/jpeg\" \/>\n<meta name=\"author\" content=\"enequipo\" \/>\n<meta name=\"twitter:card\" content=\"summary_large_image\" \/>\n<meta name=\"twitter:creator\" content=\"@sonoraenequipo\" \/>\n<meta name=\"twitter:site\" content=\"@sonoraenequipo\" \/>\n<meta name=\"twitter:label1\" content=\"Escrito por\" \/>\n\t<meta name=\"twitter:data1\" content=\"enequipo\" \/>\n\t<meta name=\"twitter:label2\" content=\"Tiempo de lectura\" \/>\n\t<meta name=\"twitter:data2\" content=\"2 minutos\" \/>\n<script type=\"application\/ld+json\" class=\"yoast-schema-graph\">{\"@context\":\"https:\/\/schema.org\",\"@graph\":[{\"@type\":\"Article\",\"@id\":\"https:\/\/www.sonoraenequipo.com.mx\/gobernador-durazo-lanza-primera-bola-en-jornada-inaugural-del-campeonato-mundial-de-beisbol-sub-23\/#article\",\"isPartOf\":{\"@id\":\"https:\/\/www.sonoraenequipo.com.mx\/gobernador-durazo-lanza-primera-bola-en-jornada-inaugural-del-campeonato-mundial-de-beisbol-sub-23\/\"},\"author\":{\"name\":\"enequipo\",\"@id\":\"https:\/\/www.sonoraenequipo.com.mx\/#\/schema\/person\/50102df0fb23a8fa9e8effad8fa81386\"},\"headline\":\"Gobernador Durazo lanza primera bola en jornada inaugural del Campeonato Mundial de B\u00e9isbol Sub-23\",\"datePublished\":\"2021-09-24T13:30:34+00:00\",\"dateModified\":\"2021-09-24T16:20:18+00:00\",\"mainEntityOfPage\":{\"@id\":\"https:\/\/www.sonoraenequipo.com.mx\/gobernador-durazo-lanza-primera-bola-en-jornada-inaugural-del-campeonato-mundial-de-beisbol-sub-23\/\"},\"wordCount\":495,\"commentCount\":0,\"publisher\":{\"@id\":\"https:\/\/www.sonoraenequipo.com.mx\/#organization\"},\"image\":{\"@id\":\"https:\/\/www.sonoraenequipo.com.mx\/gobernador-durazo-lanza-primera-bola-en-jornada-inaugural-del-campeonato-mundial-de-beisbol-sub-23\/#primaryimage\"},\"thumbnailUrl\":\"https:\/\/www.sonoraenequipo.com.mx\/storage\/2021\/09\/alfonso_durazo-beis_opt.jpg\",\"articleSection\":[\"Sonora\"],\"inLanguage\":\"es\",\"potentialAction\":[{\"@type\":\"CommentAction\",\"name\":\"Comment\",\"target\":[\"https:\/\/www.sonoraenequipo.com.mx\/gobernador-durazo-lanza-primera-bola-en-jornada-inaugural-del-campeonato-mundial-de-beisbol-sub-23\/#respond\"]}]},{\"@type\":\"WebPage\",\"@id\":\"https:\/\/www.sonoraenequipo.com.mx\/gobernador-durazo-lanza-primera-bola-en-jornada-inaugural-del-campeonato-mundial-de-beisbol-sub-23\/\",\"url\":\"https:\/\/www.sonoraenequipo.com.mx\/gobernador-durazo-lanza-primera-bola-en-jornada-inaugural-del-campeonato-mundial-de-beisbol-sub-23\/\",\"name\":\"Sonora en Equipo. Gobernador Durazo lanza primera bola en jornada inaugural del Campeonato Mundial de B\u00e9isbol Sub-23 Sonora\",\"isPartOf\":{\"@id\":\"https:\/\/www.sonoraenequipo.com.mx\/#website\"},\"primaryImageOfPage\":{\"@id\":\"https:\/\/www.sonoraenequipo.com.mx\/gobernador-durazo-lanza-primera-bola-en-jornada-inaugural-del-campeonato-mundial-de-beisbol-sub-23\/#primaryimage\"},\"image\":{\"@id\":\"https:\/\/www.sonoraenequipo.com.mx\/gobernador-durazo-lanza-primera-bola-en-jornada-inaugural-del-campeonato-mundial-de-beisbol-sub-23\/#primaryimage\"},\"thumbnailUrl\":\"https:\/\/www.sonoraenequipo.com.mx\/storage\/2021\/09\/alfonso_durazo-beis_opt.jpg\",\"datePublished\":\"2021-09-24T13:30:34+00:00\",\"dateModified\":\"2021-09-24T16:20:18+00:00\",\"description\":\"CAJEME, SONORA. MX. \u2014 Con la celebraci\u00f3n del Campeonato Mundial de B\u00e9isbol Sub-23 Sonora-M\u00e9xico 2020, celebramos una oportunidad extraordinaria para En Sonora en Equipo publicamos toda la informaci\u00f3n de Sonora, M\u00e9xico y el Mundo de manera oportuna y busca que la libertad de expresi\u00f3n sea real. Visita nuestro medio informativo publicado desde Hermosillo, Sonora. %\",\"breadcrumb\":{\"@id\":\"https:\/\/www.sonoraenequipo.com.mx\/gobernador-durazo-lanza-primera-bola-en-jornada-inaugural-del-campeonato-mundial-de-beisbol-sub-23\/#breadcrumb\"},\"inLanguage\":\"es\",\"potentialAction\":[{\"@type\":\"ReadAction\",\"target\":[\"https:\/\/www.sonoraenequipo.com.mx\/gobernador-durazo-lanza-primera-bola-en-jornada-inaugural-del-campeonato-mundial-de-beisbol-sub-23\/\"]}]},{\"@type\":\"ImageObject\",\"inLanguage\":\"es\",\"@id\":\"https:\/\/www.sonoraenequipo.com.mx\/gobernador-durazo-lanza-primera-bola-en-jornada-inaugural-del-campeonato-mundial-de-beisbol-sub-23\/#primaryimage\",\"url\":\"https:\/\/www.sonoraenequipo.com.mx\/storage\/2021\/09\/alfonso_durazo-beis_opt.jpg\",\"contentUrl\":\"https:\/\/www.sonoraenequipo.com.mx\/storage\/2021\/09\/alfonso_durazo-beis_opt.jpg\",\"width\":700,\"height\":400},{\"@type\":\"BreadcrumbList\",\"@id\":\"https:\/\/www.sonoraenequipo.com.mx\/gobernador-durazo-lanza-primera-bola-en-jornada-inaugural-del-campeonato-mundial-de-beisbol-sub-23\/#breadcrumb\",\"itemListElement\":[{\"@type\":\"ListItem\",\"position\":1,\"name\":\"Portada\",\"item\":\"https:\/\/www.sonoraenequipo.com.mx\/\"},{\"@type\":\"ListItem\",\"position\":2,\"name\":\"Gobernador Durazo lanza primera bola en jornada inaugural del Campeonato Mundial de B\u00e9isbol Sub-23\"}]},{\"@type\":\"WebSite\",\"@id\":\"https:\/\/www.sonoraenequipo.com.mx\/#website\",\"url\":\"https:\/\/www.sonoraenequipo.com.mx\/\",\"name\":\"Sonora en Equipo.\",\"description\":\"Diario en l\u00ednea con Noticias desde Hermosillo, Sonora\",\"publisher\":{\"@id\":\"https:\/\/www.sonoraenequipo.com.mx\/#organization\"},\"potentialAction\":[{\"@type\":\"SearchAction\",\"target\":{\"@type\":\"EntryPoint\",\"urlTemplate\":\"https:\/\/www.sonoraenequipo.com.mx\/?s={search_term_string}\"},\"query-input\":{\"@type\":\"PropertyValueSpecification\",\"valueRequired\":true,\"valueName\":\"search_term_string\"}}],\"inLanguage\":\"es\"},{\"@type\":\"Organization\",\"@id\":\"https:\/\/www.sonoraenequipo.com.mx\/#organization\",\"name\":\"Sonoraenequipo.com.mx\",\"url\":\"https:\/\/www.sonoraenequipo.com.mx\/\",\"logo\":{\"@type\":\"ImageObject\",\"inLanguage\":\"es\",\"@id\":\"https:\/\/www.sonoraenequipo.com.mx\/#\/schema\/logo\/image\/\",\"url\":\"https:\/\/www.sonoraenequipo.com.mx\/storage\/2019\/01\/sonoraenequipo_opt.png\",\"contentUrl\":\"https:\/\/www.sonoraenequipo.com.mx\/storage\/2019\/01\/sonoraenequipo_opt.png\",\"width\":375,\"height\":125,\"caption\":\"Sonoraenequipo.com.mx\"},\"image\":{\"@id\":\"https:\/\/www.sonoraenequipo.com.mx\/#\/schema\/logo\/image\/\"},\"sameAs\":[\"https:\/\/www.facebook.com\/SonoraEE\/\",\"https:\/\/x.com\/sonoraenequipo\",\"https:\/\/www.youtube.com\/channel\/UC338nW-lPEYmJQs4ZABQ1SQ\"]},{\"@type\":\"Person\",\"@id\":\"https:\/\/www.sonoraenequipo.com.mx\/#\/schema\/person\/50102df0fb23a8fa9e8effad8fa81386\",\"name\":\"enequipo\",\"image\":{\"@type\":\"ImageObject\",\"inLanguage\":\"es\",\"@id\":\"https:\/\/www.sonoraenequipo.com.mx\/#\/schema\/person\/image\/\",\"url\":\"https:\/\/secure.gravatar.com\/avatar\/049821681b589dabc0bc20695993ccebb09f5b5d4d790cd9251b97faac7c652b?s=96&d=blank&r=g\",\"contentUrl\":\"https:\/\/secure.gravatar.com\/avatar\/049821681b589dabc0bc20695993ccebb09f5b5d4d790cd9251b97faac7c652b?s=96&d=blank&r=g\",\"caption\":\"enequipo\"},\"sameAs\":[\"https:\/\/www.facebook.com\/SonoraEE\"]}]}<\/script>\n ","yoast_head_json":{"title":"Sonora en Equipo. Gobernador Durazo lanza primera bola en jornada inaugural del Campeonato Mundial de B\u00e9isbol Sub-23 Sonora","description":"CAJEME, SONORA. MX. \u2014 Con la celebraci\u00f3n del Campeonato Mundial de B\u00e9isbol Sub-23 Sonora-M\u00e9xico 2020, celebramos una oportunidad extraordinaria para En Sonora en Equipo publicamos toda la informaci\u00f3n de Sonora, M\u00e9xico y el Mundo de manera oportuna y busca que la libertad de expresi\u00f3n sea real. Visita nuestro medio informativo publicado desde Hermosillo, Sonora. %","robots":{"index":"index","follow":"follow","max-snippet":"max-snippet:-1","max-image-preview":"max-image-preview:large","max-video-preview":"max-video-preview:-1"},"canonical":"https:\/\/www.sonoraenequipo.com.mx\/gobernador-durazo-lanza-primera-bola-en-jornada-inaugural-del-campeonato-mundial-de-beisbol-sub-23\/","og_locale":"es_ES","og_type":"article","og_title":"Sonora en Equipo. Gobernador Durazo lanza primera bola en jornada inaugural del Campeonato Mundial de B\u00e9isbol Sub-23 Sonora","og_description":"CAJEME, SONORA. MX. \u2014 Con la celebraci\u00f3n del Campeonato Mundial de B\u00e9isbol Sub-23 Sonora-M\u00e9xico 2020, celebramos una oportunidad extraordinaria para En Sonora en Equipo publicamos toda la informaci\u00f3n de Sonora, M\u00e9xico y el Mundo de manera oportuna y busca que la libertad de expresi\u00f3n sea real. Visita nuestro medio informativo publicado desde Hermosillo, Sonora. %","og_url":"https:\/\/www.sonoraenequipo.com.mx\/gobernador-durazo-lanza-primera-bola-en-jornada-inaugural-del-campeonato-mundial-de-beisbol-sub-23\/","og_site_name":"Sonora en Equipo.","article_publisher":"https:\/\/www.facebook.com\/SonoraEE\/","article_author":"https:\/\/www.facebook.com\/SonoraEE","article_published_time":"2021-09-24T13:30:34+00:00","article_modified_time":"2021-09-24T16:20:18+00:00","og_image":[{"width":700,"height":400,"url":"https:\/\/www.sonoraenequipo.com.mx\/storage\/2021\/09\/alfonso_durazo-beis_opt.jpg","type":"image\/jpeg"}],"author":"enequipo","twitter_card":"summary_large_image","twitter_creator":"@sonoraenequipo","twitter_site":"@sonoraenequipo","twitter_misc":{"Escrito por":"enequipo","Tiempo de lectura":"2 minutos"},"schema":{"@context":"https:\/\/schema.org","@graph":[{"@type":"Article","@id":"https:\/\/www.sonoraenequipo.com.mx\/gobernador-durazo-lanza-primera-bola-en-jornada-inaugural-del-campeonato-mundial-de-beisbol-sub-23\/#article","isPartOf":{"@id":"https:\/\/www.sonoraenequipo.com.mx\/gobernador-durazo-lanza-primera-bola-en-jornada-inaugural-del-campeonato-mundial-de-beisbol-sub-23\/"},"author":{"name":"enequipo","@id":"https:\/\/www.sonoraenequipo.com.mx\/#\/schema\/person\/50102df0fb23a8fa9e8effad8fa81386"},"headline":"Gobernador Durazo lanza primera bola en jornada inaugural del Campeonato Mundial de B\u00e9isbol Sub-23","datePublished":"2021-09-24T13:30:34+00:00","dateModified":"2021-09-24T16:20:18+00:00","mainEntityOfPage":{"@id":"https:\/\/www.sonoraenequipo.com.mx\/gobernador-durazo-lanza-primera-bola-en-jornada-inaugural-del-campeonato-mundial-de-beisbol-sub-23\/"},"wordCount":495,"commentCount":0,"publisher":{"@id":"https:\/\/www.sonoraenequipo.com.mx\/#organization"},"image":{"@id":"https:\/\/www.sonoraenequipo.com.mx\/gobernador-durazo-lanza-primera-bola-en-jornada-inaugural-del-campeonato-mundial-de-beisbol-sub-23\/#primaryimage"},"thumbnailUrl":"https:\/\/www.sonoraenequipo.com.mx\/storage\/2021\/09\/alfonso_durazo-beis_opt.jpg","articleSection":["Sonora"],"inLanguage":"es","potentialAction":[{"@type":"CommentAction","name":"Comment","target":["https:\/\/www.sonoraenequipo.com.mx\/gobernador-durazo-lanza-primera-bola-en-jornada-inaugural-del-campeonato-mundial-de-beisbol-sub-23\/#respond"]}]},{"@type":"WebPage","@id":"https:\/\/www.sonoraenequipo.com.mx\/gobernador-durazo-lanza-primera-bola-en-jornada-inaugural-del-campeonato-mundial-de-beisbol-sub-23\/","url":"https:\/\/www.sonoraenequipo.com.mx\/gobernador-durazo-lanza-primera-bola-en-jornada-inaugural-del-campeonato-mundial-de-beisbol-sub-23\/","name":"Sonora en Equipo. Gobernador Durazo lanza primera bola en jornada inaugural del Campeonato Mundial de B\u00e9isbol Sub-23 Sonora","isPartOf":{"@id":"https:\/\/www.sonoraenequipo.com.mx\/#website"},"primaryImageOfPage":{"@id":"https:\/\/www.sonoraenequipo.com.mx\/gobernador-durazo-lanza-primera-bola-en-jornada-inaugural-del-campeonato-mundial-de-beisbol-sub-23\/#primaryimage"},"image":{"@id":"https:\/\/www.sonoraenequipo.com.mx\/gobernador-durazo-lanza-primera-bola-en-jornada-inaugural-del-campeonato-mundial-de-beisbol-sub-23\/#primaryimage"},"thumbnailUrl":"https:\/\/www.sonoraenequipo.com.mx\/storage\/2021\/09\/alfonso_durazo-beis_opt.jpg","datePublished":"2021-09-24T13:30:34+00:00","dateModified":"2021-09-24T16:20:18+00:00","description":"CAJEME, SONORA. MX. \u2014 Con la celebraci\u00f3n del Campeonato Mundial de B\u00e9isbol Sub-23 Sonora-M\u00e9xico 2020, celebramos una oportunidad extraordinaria para En Sonora en Equipo publicamos toda la informaci\u00f3n de Sonora, M\u00e9xico y el Mundo de manera oportuna y busca que la libertad de expresi\u00f3n sea real. Visita nuestro medio informativo publicado desde Hermosillo, Sonora. %","breadcrumb":{"@id":"https:\/\/www.sonoraenequipo.com.mx\/gobernador-durazo-lanza-primera-bola-en-jornada-inaugural-del-campeonato-mundial-de-beisbol-sub-23\/#breadcrumb"},"inLanguage":"es","potentialAction":[{"@type":"ReadAction","target":["https:\/\/www.sonoraenequipo.com.mx\/gobernador-durazo-lanza-primera-bola-en-jornada-inaugural-del-campeonato-mundial-de-beisbol-sub-23\/"]}]},{"@type":"ImageObject","inLanguage":"es","@id":"https:\/\/www.sonoraenequipo.com.mx\/gobernador-durazo-lanza-primera-bola-en-jornada-inaugural-del-campeonato-mundial-de-beisbol-sub-23\/#primaryimage","url":"https:\/\/www.sonoraenequipo.com.mx\/storage\/2021\/09\/alfonso_durazo-beis_opt.jpg","contentUrl":"https:\/\/www.sonoraenequipo.com.mx\/storage\/2021\/09\/alfonso_durazo-beis_opt.jpg","width":700,"height":400},{"@type":"BreadcrumbList","@id":"https:\/\/www.sonoraenequipo.com.mx\/gobernador-durazo-lanza-primera-bola-en-jornada-inaugural-del-campeonato-mundial-de-beisbol-sub-23\/#breadcrumb","itemListElement":[{"@type":"ListItem","position":1,"name":"Portada","item":"https:\/\/www.sonoraenequipo.com.mx\/"},{"@type":"ListItem","position":2,"name":"Gobernador Durazo lanza primera bola en jornada inaugural del Campeonato Mundial de B\u00e9isbol Sub-23"}]},{"@type":"WebSite","@id":"https:\/\/www.sonoraenequipo.com.mx\/#website","url":"https:\/\/www.sonoraenequipo.com.mx\/","name":"Sonora en Equipo.","description":"Diario en l\u00ednea con Noticias desde Hermosillo, Sonora","publisher":{"@id":"https:\/\/www.sonoraenequipo.com.mx\/#organization"},"potentialAction":[{"@type":"SearchAction","target":{"@type":"EntryPoint","urlTemplate":"https:\/\/www.sonoraenequipo.com.mx\/?s={search_term_string}"},"query-input":{"@type":"PropertyValueSpecification","valueRequired":true,"valueName":"search_term_string"}}],"inLanguage":"es"},{"@type":"Organization","@id":"https:\/\/www.sonoraenequipo.com.mx\/#organization","name":"Sonoraenequipo.com.mx","url":"https:\/\/www.sonoraenequipo.com.mx\/","logo":{"@type":"ImageObject","inLanguage":"es","@id":"https:\/\/www.sonoraenequipo.com.mx\/#\/schema\/logo\/image\/","url":"https:\/\/www.sonoraenequipo.com.mx\/storage\/2019\/01\/sonoraenequipo_opt.png","contentUrl":"https:\/\/www.sonoraenequipo.com.mx\/storage\/2019\/01\/sonoraenequipo_opt.png","width":375,"height":125,"caption":"Sonoraenequipo.com.mx"},"image":{"@id":"https:\/\/www.sonoraenequipo.com.mx\/#\/schema\/logo\/image\/"},"sameAs":["https:\/\/www.facebook.com\/SonoraEE\/","https:\/\/x.com\/sonoraenequipo","https:\/\/www.youtube.com\/channel\/UC338nW-lPEYmJQs4ZABQ1SQ"]},{"@type":"Person","@id":"https:\/\/www.sonoraenequipo.com.mx\/#\/schema\/person\/50102df0fb23a8fa9e8effad8fa81386","name":"enequipo","image":{"@type":"ImageObject","inLanguage":"es","@id":"https:\/\/www.sonoraenequipo.com.mx\/#\/schema\/person\/image\/","url":"https:\/\/secure.gravatar.com\/avatar\/049821681b589dabc0bc20695993ccebb09f5b5d4d790cd9251b97faac7c652b?s=96&d=blank&r=g","contentUrl":"https:\/\/secure.gravatar.com\/avatar\/049821681b589dabc0bc20695993ccebb09f5b5d4d790cd9251b97faac7c652b?s=96&d=blank&r=g","caption":"enequipo"},"sameAs":["https:\/\/www.facebook.com\/SonoraEE"]}]}},"jetpack_featured_media_url":"https:\/\/www.sonoraenequipo.com.mx\/storage\/2021\/09\/alfonso_durazo-beis_opt.jpg","_links":{"self":[{"href":"https:\/\/www.sonoraenequipo.com.mx\/api\/wp\/v2\/posts\/123534","targetHints":{"allow":["GET"]}}],"collection":[{"href":"https:\/\/www.sonoraenequipo.com.mx\/api\/wp\/v2\/posts"}],"about":[{"href":"https:\/\/www.sonoraenequipo.com.mx\/api\/wp\/v2\/types\/post"}],"author":[{"embeddable":true,"href":"https:\/\/www.sonoraenequipo.com.mx\/api\/wp\/v2\/users\/1"}],"replies":[{"embeddable":true,"href":"https:\/\/www.sonoraenequipo.com.mx\/api\/wp\/v2\/comments?post=123534"}],"version-history":[{"count":1,"href":"https:\/\/www.sonoraenequipo.com.mx\/api\/wp\/v2\/posts\/123534\/revisions"}],"predecessor-version":[{"id":123537,"href":"https:\/\/www.sonoraenequipo.com.mx\/api\/wp\/v2\/posts\/123534\/revisions\/123537"}],"wp:featuredmedia":[{"embeddable":true,"href":"https:\/\/www.sonoraenequipo.com.mx\/api\/wp\/v2\/media\/123536"}],"wp:attachment":[{"href":"https:\/\/www.sonoraenequipo.com.mx\/api\/wp\/v2\/media?parent=123534"}],"wp:term":[{"taxonomy":"category","embeddable":true,"href":"https:\/\/www.sonoraenequipo.com.mx\/api\/wp\/v2\/categories?post=123534"},{"taxonomy":"post_tag","embeddable":true,"href":"https:\/\/www.sonoraenequipo.com.mx\/api\/wp\/v2\/tags?post=123534"}],"curies":[{"name":"wp","href":"https:\/\/api.w.org\/{rel}","templated":true}]}}