{"id":123538,"date":"2021-09-24T08:28:14","date_gmt":"2021-09-24T15:28:14","guid":{"rendered":"https:\/\/www.sonoraenequipo.com.mx\/?p=123538"},"modified":"2021-09-24T09:47:27","modified_gmt":"2021-09-24T16:47:27","slug":"en-octubre-inicia-vacunacion-a-menores-de-edad-con-comorbilidades-anuncia-presidente","status":"publish","type":"post","link":"https:\/\/www.sonoraenequipo.com.mx\/en-octubre-inicia-vacunacion-a-menores-de-edad-con-comorbilidades-anuncia-presidente\/","title":{"rendered":"En octubre inicia vacunaci\u00f3n a menores de edad con comorbilidades, anuncia presidente"},"content":{"rendered":"<p>CIUDAD DE M\u00c9XICO. MX. \u2014 El presidente Andr\u00e9s Manuel L\u00f3pez Obrador inform\u00f3 que ni\u00f1as, ni\u00f1os y adolescentes de 12 a 17 a\u00f1os con comorbilidades ser\u00e1n vacunados contra COVID-19 en octubre.<\/p>\n<p>&nbsp;<\/p>\n<p> <\/p>\n<p>Se inmunizar\u00e1 con la vacuna Pfizer BioNTech a 750 mil a un mill\u00f3n 500 mil personas pertenecientes a este sector de la poblaci\u00f3n, precis\u00f3 el subsecretario de Prevenci\u00f3n y Promoci\u00f3n de la Salud, Hugo L\u00f3pez-Gatell Ram\u00edrez, en conferencia de prensa matutina.<\/p>\n<p>&nbsp;<\/p>\n<p>Inform\u00f3 que el 1 de octubre iniciar\u00e1 el registro en mivacuna.covid.gob.mx. Se considerar\u00e1n como prioritarias las personas menores de edad cuyas enfermedades cr\u00f3nicas aumentan el riesgo de enfermedad grave, hospitalizaci\u00f3n y defunci\u00f3n:<\/p>\n<p>&nbsp;<\/p>\n<p><strong>Inmunosupresi\u00f3n (c\u00e1ncer, transplantes, VIH, entre otras).<\/strong><\/p>\n<p><strong>Enfermedad Pulmonar Cr\u00f3nica Grave<\/strong><\/p>\n<p><strong>Afecciones cr\u00f3nicas del ri\u00f1\u00f3n, h\u00edgado o sistema digestivo.<\/strong><\/p>\n<p><strong>Enfermedad neurol\u00f3gica cr\u00f3nica<\/strong><\/p>\n<p><strong>Enfermedades cardiovaculares<\/strong><\/p>\n<p><strong>Diabetes y otras enferemedades endocrinas (incluye obesidad grado 2 o mayor)<\/strong><\/p>\n<p><strong>Anomal\u00edas gen\u00e9ticas o cromos\u00f3micas<\/strong><\/p>\n<p><strong>Embarazo adolescente<\/strong><\/p>\n<p>&nbsp;<\/p>\n<p>&nbsp;<\/p>\n<p><em>\u201cHay que seguir priorizando el concretar la vacunaci\u00f3n en personas adultas de 18 y m\u00e1s a\u00f1os y considerar a quienes tienen estas enfermedades cr\u00f3nicas aun cuando sean menores de edad porque su riesgo es equivalente en t\u00e9rminos de la magnitud a lo que tienen las personas adultas del grupo de inicio<\/em>\u201d, enfatiz\u00f3.<\/p>\n<p>&nbsp;<\/p>\n<p>&nbsp;<\/p>\n<p>Explic\u00f3 que, dado el universo limitado e identificable de personas menores con comorbilidades, se aplicar\u00e1n las dosis en estaciones permanentes de vacunaci\u00f3n que se instalar\u00e1n en unidades m\u00e9dicas pertenencientes al sistema nacional de salud, es decir, hospitales de segundo nivel y de referencia.<\/p>\n<p>&nbsp;<\/p>\n<p>&nbsp;<\/p>\n<p>En la primera semana de octubre se preparar\u00e1n operativamente las unidades m\u00e9dicas seleccionadas. Las brigadas de vacunaci\u00f3n Correcaminos se coordinar\u00e1n con instituciones federales \u2014IMSS, ISSSTE y Pemex\u2014 y estatales.<\/p>\n<p>&nbsp;<\/p>\n<p>&nbsp;<\/p>\n<p>El 28 de septiembre se publicar\u00e1 el lineamiento t\u00e9cnico y la lista de enfermedades cr\u00f3nicas.<\/p>\n<p>&nbsp;<\/p>\n<p>&nbsp;<\/p>\n<p>El subsecretario record\u00f3 que, en el caso de M\u00e9xico, <em>\u201csolo podemos usar la vacuna Pfizer BioNTech porque es la \u00fanica que ha demostrado cient\u00edficamente ser segura y eficaz en ni\u00f1as, ni\u00f1os y adolescentes. Previamente ya se hab\u00eda registrado de 16 a\u00f1os en adelante\u201d.<\/em><\/p>\n<p>&nbsp;<\/p>\n<p>&nbsp;<\/p>\n<p>Indic\u00f3 que no se descarta que m\u00e1s adelante otras compa\u00f1\u00edas farmac\u00e9uticas tambi\u00e9n presenten sus expedientes y demuestren que sus vacunas pueden ser usadas en menores de edad.<\/p>\n<p><iframe loading=\"lazy\" title=\"Vacunaci\u00f3n contra COVID-19 a menores de edad con comorbilidades. Conferencia presidente AMLO\" width=\"640\" height=\"360\" src=\"https:\/\/www.youtube.com\/embed\/3EJn-nBo5vw?feature=oembed\" frameborder=\"0\" allow=\"accelerometer; autoplay; clipboard-write; encrypted-media; gyroscope; picture-in-picture; web-share\" referrerpolicy=\"strict-origin-when-cross-origin\" allowfullscreen><\/iframe><\/p>\n<p>&nbsp;<\/p>\n<p>&nbsp;<\/p>\n<p>(Publicada el 24\/09\/2021)<\/p>\n","protected":false},"excerpt":{"rendered":"<p>CIUDAD DE M\u00c9XICO. MX. \u2014 El presidente Andr\u00e9s Manuel L\u00f3pez Obrador inform\u00f3 que ni\u00f1as, ni\u00f1os&#8230;<\/p>\n","protected":false},"author":1,"featured_media":123539,"comment_status":"open","ping_status":"open","sticky":false,"template":"","format":"standard","meta":{"_monsterinsights_skip_tracking":false,"_monsterinsights_sitenote_active":false,"_monsterinsights_sitenote_note":"","_monsterinsights_sitenote_category":0,"footnotes":""},"categories":[5],"tags":[],"class_list":["post"],"yoast_head":" \n<title>Sonora en Equipo. En octubre inicia vacunaci\u00f3n a menores de edad con comorbilidades, anuncia presidente Rep\u00fablica<\/title>\n<meta name=\"description\" content=\"CIUDAD DE M\u00c9XICO. MX. \u2014 El presidente Andr\u00e9s Manuel L\u00f3pez Obrador inform\u00f3 que ni\u00f1as, ni\u00f1os y adolescentes de 12 a 17 a\u00f1os con comorbilidades ser\u00e1n En Sonora en Equipo publicamos toda la informaci\u00f3n de Sonora, M\u00e9xico y el Mundo de manera oportuna y busca que la libertad de expresi\u00f3n sea real. Visita nuestro medio informativo publicado desde Hermosillo, Sonora. %\" \/>\n<meta name=\"robots\" content=\"index, follow, max-snippet:-1, max-image-preview:large, max-video-preview:-1\" \/>\n<link rel=\"canonical\" href=\"https:\/\/www.sonoraenequipo.com.mx\/en-octubre-inicia-vacunacion-a-menores-de-edad-con-comorbilidades-anuncia-presidente\/\" \/>\n<meta property=\"og:locale\" content=\"es_ES\" \/>\n<meta property=\"og:type\" content=\"article\" \/>\n<meta property=\"og:title\" content=\"Sonora en Equipo. En octubre inicia vacunaci\u00f3n a menores de edad con comorbilidades, anuncia presidente Rep\u00fablica\" \/>\n<meta property=\"og:description\" content=\"CIUDAD DE M\u00c9XICO. MX. \u2014 El presidente Andr\u00e9s Manuel L\u00f3pez Obrador inform\u00f3 que ni\u00f1as, ni\u00f1os y adolescentes de 12 a 17 a\u00f1os con comorbilidades ser\u00e1n En Sonora en Equipo publicamos toda la informaci\u00f3n de Sonora, M\u00e9xico y el Mundo de manera oportuna y busca que la libertad de expresi\u00f3n sea real. Visita nuestro medio informativo publicado desde Hermosillo, Sonora. %\" \/>\n<meta property=\"og:url\" content=\"https:\/\/www.sonoraenequipo.com.mx\/en-octubre-inicia-vacunacion-a-menores-de-edad-con-comorbilidades-anuncia-presidente\/\" \/>\n<meta property=\"og:site_name\" content=\"Sonora en Equipo.\" \/>\n<meta property=\"article:publisher\" content=\"https:\/\/www.facebook.com\/SonoraEE\/\" \/>\n<meta property=\"article:author\" content=\"https:\/\/www.facebook.com\/SonoraEE\" \/>\n<meta property=\"article:published_time\" content=\"2021-09-24T15:28:14+00:00\" \/>\n<meta property=\"article:modified_time\" content=\"2021-09-24T16:47:27+00:00\" \/>\n<meta property=\"og:image\" content=\"https:\/\/www.sonoraenequipo.com.mx\/storage\/2021\/09\/Andres-Manuel-Lopez-Obrador2909_opt.jpg\" \/>\n\t<meta property=\"og:image:width\" content=\"700\" \/>\n\t<meta property=\"og:image:height\" content=\"400\" \/>\n\t<meta property=\"og:image:type\" content=\"image\/jpeg\" \/>\n<meta name=\"author\" content=\"enequipo\" \/>\n<meta name=\"twitter:card\" content=\"summary_large_image\" \/>\n<meta name=\"twitter:creator\" content=\"@sonoraenequipo\" \/>\n<meta name=\"twitter:site\" content=\"@sonoraenequipo\" \/>\n<meta name=\"twitter:label1\" content=\"Escrito por\" \/>\n\t<meta name=\"twitter:data1\" content=\"enequipo\" \/>\n\t<meta name=\"twitter:label2\" content=\"Tiempo de lectura\" \/>\n\t<meta name=\"twitter:data2\" content=\"2 minutos\" \/>\n<script type=\"application\/ld+json\" class=\"yoast-schema-graph\">{\"@context\":\"https:\/\/schema.org\",\"@graph\":[{\"@type\":\"Article\",\"@id\":\"https:\/\/www.sonoraenequipo.com.mx\/en-octubre-inicia-vacunacion-a-menores-de-edad-con-comorbilidades-anuncia-presidente\/#article\",\"isPartOf\":{\"@id\":\"https:\/\/www.sonoraenequipo.com.mx\/en-octubre-inicia-vacunacion-a-menores-de-edad-con-comorbilidades-anuncia-presidente\/\"},\"author\":{\"name\":\"enequipo\",\"@id\":\"https:\/\/www.sonoraenequipo.com.mx\/#\/schema\/person\/50102df0fb23a8fa9e8effad8fa81386\"},\"headline\":\"En octubre inicia vacunaci\u00f3n a menores de edad con comorbilidades, anuncia presidente\",\"datePublished\":\"2021-09-24T15:28:14+00:00\",\"dateModified\":\"2021-09-24T16:47:27+00:00\",\"mainEntityOfPage\":{\"@id\":\"https:\/\/www.sonoraenequipo.com.mx\/en-octubre-inicia-vacunacion-a-menores-de-edad-con-comorbilidades-anuncia-presidente\/\"},\"wordCount\":438,\"commentCount\":0,\"publisher\":{\"@id\":\"https:\/\/www.sonoraenequipo.com.mx\/#organization\"},\"image\":{\"@id\":\"https:\/\/www.sonoraenequipo.com.mx\/en-octubre-inicia-vacunacion-a-menores-de-edad-con-comorbilidades-anuncia-presidente\/#primaryimage\"},\"thumbnailUrl\":\"https:\/\/www.sonoraenequipo.com.mx\/storage\/2021\/09\/Andres-Manuel-Lopez-Obrador2909_opt.jpg\",\"articleSection\":[\"Rep\u00fablica\"],\"inLanguage\":\"es\",\"potentialAction\":[{\"@type\":\"CommentAction\",\"name\":\"Comment\",\"target\":[\"https:\/\/www.sonoraenequipo.com.mx\/en-octubre-inicia-vacunacion-a-menores-de-edad-con-comorbilidades-anuncia-presidente\/#respond\"]}]},{\"@type\":\"WebPage\",\"@id\":\"https:\/\/www.sonoraenequipo.com.mx\/en-octubre-inicia-vacunacion-a-menores-de-edad-con-comorbilidades-anuncia-presidente\/\",\"url\":\"https:\/\/www.sonoraenequipo.com.mx\/en-octubre-inicia-vacunacion-a-menores-de-edad-con-comorbilidades-anuncia-presidente\/\",\"name\":\"Sonora en Equipo. En octubre inicia vacunaci\u00f3n a menores de edad con comorbilidades, anuncia presidente Rep\u00fablica\",\"isPartOf\":{\"@id\":\"https:\/\/www.sonoraenequipo.com.mx\/#website\"},\"primaryImageOfPage\":{\"@id\":\"https:\/\/www.sonoraenequipo.com.mx\/en-octubre-inicia-vacunacion-a-menores-de-edad-con-comorbilidades-anuncia-presidente\/#primaryimage\"},\"image\":{\"@id\":\"https:\/\/www.sonoraenequipo.com.mx\/en-octubre-inicia-vacunacion-a-menores-de-edad-con-comorbilidades-anuncia-presidente\/#primaryimage\"},\"thumbnailUrl\":\"https:\/\/www.sonoraenequipo.com.mx\/storage\/2021\/09\/Andres-Manuel-Lopez-Obrador2909_opt.jpg\",\"datePublished\":\"2021-09-24T15:28:14+00:00\",\"dateModified\":\"2021-09-24T16:47:27+00:00\",\"description\":\"CIUDAD DE M\u00c9XICO. MX. \u2014 El presidente Andr\u00e9s Manuel L\u00f3pez Obrador inform\u00f3 que ni\u00f1as, ni\u00f1os y adolescentes de 12 a 17 a\u00f1os con comorbilidades ser\u00e1n En Sonora en Equipo publicamos toda la informaci\u00f3n de Sonora, M\u00e9xico y el Mundo de manera oportuna y busca que la libertad de expresi\u00f3n sea real. Visita nuestro medio informativo publicado desde Hermosillo, Sonora. %\",\"breadcrumb\":{\"@id\":\"https:\/\/www.sonoraenequipo.com.mx\/en-octubre-inicia-vacunacion-a-menores-de-edad-con-comorbilidades-anuncia-presidente\/#breadcrumb\"},\"inLanguage\":\"es\",\"potentialAction\":[{\"@type\":\"ReadAction\",\"target\":[\"https:\/\/www.sonoraenequipo.com.mx\/en-octubre-inicia-vacunacion-a-menores-de-edad-con-comorbilidades-anuncia-presidente\/\"]}]},{\"@type\":\"ImageObject\",\"inLanguage\":\"es\",\"@id\":\"https:\/\/www.sonoraenequipo.com.mx\/en-octubre-inicia-vacunacion-a-menores-de-edad-con-comorbilidades-anuncia-presidente\/#primaryimage\",\"url\":\"https:\/\/www.sonoraenequipo.com.mx\/storage\/2021\/09\/Andres-Manuel-Lopez-Obrador2909_opt.jpg\",\"contentUrl\":\"https:\/\/www.sonoraenequipo.com.mx\/storage\/2021\/09\/Andres-Manuel-Lopez-Obrador2909_opt.jpg\",\"width\":700,\"height\":400},{\"@type\":\"BreadcrumbList\",\"@id\":\"https:\/\/www.sonoraenequipo.com.mx\/en-octubre-inicia-vacunacion-a-menores-de-edad-con-comorbilidades-anuncia-presidente\/#breadcrumb\",\"itemListElement\":[{\"@type\":\"ListItem\",\"position\":1,\"name\":\"Portada\",\"item\":\"https:\/\/www.sonoraenequipo.com.mx\/\"},{\"@type\":\"ListItem\",\"position\":2,\"name\":\"En octubre inicia vacunaci\u00f3n a menores de edad con comorbilidades, anuncia presidente\"}]},{\"@type\":\"WebSite\",\"@id\":\"https:\/\/www.sonoraenequipo.com.mx\/#website\",\"url\":\"https:\/\/www.sonoraenequipo.com.mx\/\",\"name\":\"Sonora en Equipo.\",\"description\":\"Diario en l\u00ednea con Noticias desde Hermosillo, Sonora\",\"publisher\":{\"@id\":\"https:\/\/www.sonoraenequipo.com.mx\/#organization\"},\"potentialAction\":[{\"@type\":\"SearchAction\",\"target\":{\"@type\":\"EntryPoint\",\"urlTemplate\":\"https:\/\/www.sonoraenequipo.com.mx\/?s={search_term_string}\"},\"query-input\":{\"@type\":\"PropertyValueSpecification\",\"valueRequired\":true,\"valueName\":\"search_term_string\"}}],\"inLanguage\":\"es\"},{\"@type\":\"Organization\",\"@id\":\"https:\/\/www.sonoraenequipo.com.mx\/#organization\",\"name\":\"Sonoraenequipo.com.mx\",\"url\":\"https:\/\/www.sonoraenequipo.com.mx\/\",\"logo\":{\"@type\":\"ImageObject\",\"inLanguage\":\"es\",\"@id\":\"https:\/\/www.sonoraenequipo.com.mx\/#\/schema\/logo\/image\/\",\"url\":\"https:\/\/www.sonoraenequipo.com.mx\/storage\/2019\/01\/sonoraenequipo_opt.png\",\"contentUrl\":\"https:\/\/www.sonoraenequipo.com.mx\/storage\/2019\/01\/sonoraenequipo_opt.png\",\"width\":375,\"height\":125,\"caption\":\"Sonoraenequipo.com.mx\"},\"image\":{\"@id\":\"https:\/\/www.sonoraenequipo.com.mx\/#\/schema\/logo\/image\/\"},\"sameAs\":[\"https:\/\/www.facebook.com\/SonoraEE\/\",\"https:\/\/x.com\/sonoraenequipo\",\"https:\/\/www.youtube.com\/channel\/UC338nW-lPEYmJQs4ZABQ1SQ\"]},{\"@type\":\"Person\",\"@id\":\"https:\/\/www.sonoraenequipo.com.mx\/#\/schema\/person\/50102df0fb23a8fa9e8effad8fa81386\",\"name\":\"enequipo\",\"image\":{\"@type\":\"ImageObject\",\"inLanguage\":\"es\",\"@id\":\"https:\/\/www.sonoraenequipo.com.mx\/#\/schema\/person\/image\/\",\"url\":\"https:\/\/secure.gravatar.com\/avatar\/049821681b589dabc0bc20695993ccebb09f5b5d4d790cd9251b97faac7c652b?s=96&d=blank&r=g\",\"contentUrl\":\"https:\/\/secure.gravatar.com\/avatar\/049821681b589dabc0bc20695993ccebb09f5b5d4d790cd9251b97faac7c652b?s=96&d=blank&r=g\",\"caption\":\"enequipo\"},\"sameAs\":[\"https:\/\/www.facebook.com\/SonoraEE\"]}]}<\/script>\n ","yoast_head_json":{"title":"Sonora en Equipo. En octubre inicia vacunaci\u00f3n a menores de edad con comorbilidades, anuncia presidente Rep\u00fablica","description":"CIUDAD DE M\u00c9XICO. MX. \u2014 El presidente Andr\u00e9s Manuel L\u00f3pez Obrador inform\u00f3 que ni\u00f1as, ni\u00f1os y adolescentes de 12 a 17 a\u00f1os con comorbilidades ser\u00e1n En Sonora en Equipo publicamos toda la informaci\u00f3n de Sonora, M\u00e9xico y el Mundo de manera oportuna y busca que la libertad de expresi\u00f3n sea real. Visita nuestro medio informativo publicado desde Hermosillo, Sonora. %","robots":{"index":"index","follow":"follow","max-snippet":"max-snippet:-1","max-image-preview":"max-image-preview:large","max-video-preview":"max-video-preview:-1"},"canonical":"https:\/\/www.sonoraenequipo.com.mx\/en-octubre-inicia-vacunacion-a-menores-de-edad-con-comorbilidades-anuncia-presidente\/","og_locale":"es_ES","og_type":"article","og_title":"Sonora en Equipo. En octubre inicia vacunaci\u00f3n a menores de edad con comorbilidades, anuncia presidente Rep\u00fablica","og_description":"CIUDAD DE M\u00c9XICO. MX. \u2014 El presidente Andr\u00e9s Manuel L\u00f3pez Obrador inform\u00f3 que ni\u00f1as, ni\u00f1os y adolescentes de 12 a 17 a\u00f1os con comorbilidades ser\u00e1n En Sonora en Equipo publicamos toda la informaci\u00f3n de Sonora, M\u00e9xico y el Mundo de manera oportuna y busca que la libertad de expresi\u00f3n sea real. Visita nuestro medio informativo publicado desde Hermosillo, Sonora. %","og_url":"https:\/\/www.sonoraenequipo.com.mx\/en-octubre-inicia-vacunacion-a-menores-de-edad-con-comorbilidades-anuncia-presidente\/","og_site_name":"Sonora en Equipo.","article_publisher":"https:\/\/www.facebook.com\/SonoraEE\/","article_author":"https:\/\/www.facebook.com\/SonoraEE","article_published_time":"2021-09-24T15:28:14+00:00","article_modified_time":"2021-09-24T16:47:27+00:00","og_image":[{"width":700,"height":400,"url":"https:\/\/www.sonoraenequipo.com.mx\/storage\/2021\/09\/Andres-Manuel-Lopez-Obrador2909_opt.jpg","type":"image\/jpeg"}],"author":"enequipo","twitter_card":"summary_large_image","twitter_creator":"@sonoraenequipo","twitter_site":"@sonoraenequipo","twitter_misc":{"Escrito por":"enequipo","Tiempo de lectura":"2 minutos"},"schema":{"@context":"https:\/\/schema.org","@graph":[{"@type":"Article","@id":"https:\/\/www.sonoraenequipo.com.mx\/en-octubre-inicia-vacunacion-a-menores-de-edad-con-comorbilidades-anuncia-presidente\/#article","isPartOf":{"@id":"https:\/\/www.sonoraenequipo.com.mx\/en-octubre-inicia-vacunacion-a-menores-de-edad-con-comorbilidades-anuncia-presidente\/"},"author":{"name":"enequipo","@id":"https:\/\/www.sonoraenequipo.com.mx\/#\/schema\/person\/50102df0fb23a8fa9e8effad8fa81386"},"headline":"En octubre inicia vacunaci\u00f3n a menores de edad con comorbilidades, anuncia presidente","datePublished":"2021-09-24T15:28:14+00:00","dateModified":"2021-09-24T16:47:27+00:00","mainEntityOfPage":{"@id":"https:\/\/www.sonoraenequipo.com.mx\/en-octubre-inicia-vacunacion-a-menores-de-edad-con-comorbilidades-anuncia-presidente\/"},"wordCount":438,"commentCount":0,"publisher":{"@id":"https:\/\/www.sonoraenequipo.com.mx\/#organization"},"image":{"@id":"https:\/\/www.sonoraenequipo.com.mx\/en-octubre-inicia-vacunacion-a-menores-de-edad-con-comorbilidades-anuncia-presidente\/#primaryimage"},"thumbnailUrl":"https:\/\/www.sonoraenequipo.com.mx\/storage\/2021\/09\/Andres-Manuel-Lopez-Obrador2909_opt.jpg","articleSection":["Rep\u00fablica"],"inLanguage":"es","potentialAction":[{"@type":"CommentAction","name":"Comment","target":["https:\/\/www.sonoraenequipo.com.mx\/en-octubre-inicia-vacunacion-a-menores-de-edad-con-comorbilidades-anuncia-presidente\/#respond"]}]},{"@type":"WebPage","@id":"https:\/\/www.sonoraenequipo.com.mx\/en-octubre-inicia-vacunacion-a-menores-de-edad-con-comorbilidades-anuncia-presidente\/","url":"https:\/\/www.sonoraenequipo.com.mx\/en-octubre-inicia-vacunacion-a-menores-de-edad-con-comorbilidades-anuncia-presidente\/","name":"Sonora en Equipo. En octubre inicia vacunaci\u00f3n a menores de edad con comorbilidades, anuncia presidente Rep\u00fablica","isPartOf":{"@id":"https:\/\/www.sonoraenequipo.com.mx\/#website"},"primaryImageOfPage":{"@id":"https:\/\/www.sonoraenequipo.com.mx\/en-octubre-inicia-vacunacion-a-menores-de-edad-con-comorbilidades-anuncia-presidente\/#primaryimage"},"image":{"@id":"https:\/\/www.sonoraenequipo.com.mx\/en-octubre-inicia-vacunacion-a-menores-de-edad-con-comorbilidades-anuncia-presidente\/#primaryimage"},"thumbnailUrl":"https:\/\/www.sonoraenequipo.com.mx\/storage\/2021\/09\/Andres-Manuel-Lopez-Obrador2909_opt.jpg","datePublished":"2021-09-24T15:28:14+00:00","dateModified":"2021-09-24T16:47:27+00:00","description":"CIUDAD DE M\u00c9XICO. MX. \u2014 El presidente Andr\u00e9s Manuel L\u00f3pez Obrador inform\u00f3 que ni\u00f1as, ni\u00f1os y adolescentes de 12 a 17 a\u00f1os con comorbilidades ser\u00e1n En Sonora en Equipo publicamos toda la informaci\u00f3n de Sonora, M\u00e9xico y el Mundo de manera oportuna y busca que la libertad de expresi\u00f3n sea real. Visita nuestro medio informativo publicado desde Hermosillo, Sonora. %","breadcrumb":{"@id":"https:\/\/www.sonoraenequipo.com.mx\/en-octubre-inicia-vacunacion-a-menores-de-edad-con-comorbilidades-anuncia-presidente\/#breadcrumb"},"inLanguage":"es","potentialAction":[{"@type":"ReadAction","target":["https:\/\/www.sonoraenequipo.com.mx\/en-octubre-inicia-vacunacion-a-menores-de-edad-con-comorbilidades-anuncia-presidente\/"]}]},{"@type":"ImageObject","inLanguage":"es","@id":"https:\/\/www.sonoraenequipo.com.mx\/en-octubre-inicia-vacunacion-a-menores-de-edad-con-comorbilidades-anuncia-presidente\/#primaryimage","url":"https:\/\/www.sonoraenequipo.com.mx\/storage\/2021\/09\/Andres-Manuel-Lopez-Obrador2909_opt.jpg","contentUrl":"https:\/\/www.sonoraenequipo.com.mx\/storage\/2021\/09\/Andres-Manuel-Lopez-Obrador2909_opt.jpg","width":700,"height":400},{"@type":"BreadcrumbList","@id":"https:\/\/www.sonoraenequipo.com.mx\/en-octubre-inicia-vacunacion-a-menores-de-edad-con-comorbilidades-anuncia-presidente\/#breadcrumb","itemListElement":[{"@type":"ListItem","position":1,"name":"Portada","item":"https:\/\/www.sonoraenequipo.com.mx\/"},{"@type":"ListItem","position":2,"name":"En octubre inicia vacunaci\u00f3n a menores de edad con comorbilidades, anuncia presidente"}]},{"@type":"WebSite","@id":"https:\/\/www.sonoraenequipo.com.mx\/#website","url":"https:\/\/www.sonoraenequipo.com.mx\/","name":"Sonora en Equipo.","description":"Diario en l\u00ednea con Noticias desde Hermosillo, Sonora","publisher":{"@id":"https:\/\/www.sonoraenequipo.com.mx\/#organization"},"potentialAction":[{"@type":"SearchAction","target":{"@type":"EntryPoint","urlTemplate":"https:\/\/www.sonoraenequipo.com.mx\/?s={search_term_string}"},"query-input":{"@type":"PropertyValueSpecification","valueRequired":true,"valueName":"search_term_string"}}],"inLanguage":"es"},{"@type":"Organization","@id":"https:\/\/www.sonoraenequipo.com.mx\/#organization","name":"Sonoraenequipo.com.mx","url":"https:\/\/www.sonoraenequipo.com.mx\/","logo":{"@type":"ImageObject","inLanguage":"es","@id":"https:\/\/www.sonoraenequipo.com.mx\/#\/schema\/logo\/image\/","url":"https:\/\/www.sonoraenequipo.com.mx\/storage\/2019\/01\/sonoraenequipo_opt.png","contentUrl":"https:\/\/www.sonoraenequipo.com.mx\/storage\/2019\/01\/sonoraenequipo_opt.png","width":375,"height":125,"caption":"Sonoraenequipo.com.mx"},"image":{"@id":"https:\/\/www.sonoraenequipo.com.mx\/#\/schema\/logo\/image\/"},"sameAs":["https:\/\/www.facebook.com\/SonoraEE\/","https:\/\/x.com\/sonoraenequipo","https:\/\/www.youtube.com\/channel\/UC338nW-lPEYmJQs4ZABQ1SQ"]},{"@type":"Person","@id":"https:\/\/www.sonoraenequipo.com.mx\/#\/schema\/person\/50102df0fb23a8fa9e8effad8fa81386","name":"enequipo","image":{"@type":"ImageObject","inLanguage":"es","@id":"https:\/\/www.sonoraenequipo.com.mx\/#\/schema\/person\/image\/","url":"https:\/\/secure.gravatar.com\/avatar\/049821681b589dabc0bc20695993ccebb09f5b5d4d790cd9251b97faac7c652b?s=96&d=blank&r=g","contentUrl":"https:\/\/secure.gravatar.com\/avatar\/049821681b589dabc0bc20695993ccebb09f5b5d4d790cd9251b97faac7c652b?s=96&d=blank&r=g","caption":"enequipo"},"sameAs":["https:\/\/www.facebook.com\/SonoraEE"]}]}},"jetpack_featured_media_url":"https:\/\/www.sonoraenequipo.com.mx\/storage\/2021\/09\/Andres-Manuel-Lopez-Obrador2909_opt.jpg","_links":{"self":[{"href":"https:\/\/www.sonoraenequipo.com.mx\/api\/wp\/v2\/posts\/123538","targetHints":{"allow":["GET"]}}],"collection":[{"href":"https:\/\/www.sonoraenequipo.com.mx\/api\/wp\/v2\/posts"}],"about":[{"href":"https:\/\/www.sonoraenequipo.com.mx\/api\/wp\/v2\/types\/post"}],"author":[{"embeddable":true,"href":"https:\/\/www.sonoraenequipo.com.mx\/api\/wp\/v2\/users\/1"}],"replies":[{"embeddable":true,"href":"https:\/\/www.sonoraenequipo.com.mx\/api\/wp\/v2\/comments?post=123538"}],"version-history":[{"count":2,"href":"https:\/\/www.sonoraenequipo.com.mx\/api\/wp\/v2\/posts\/123538\/revisions"}],"predecessor-version":[{"id":123541,"href":"https:\/\/www.sonoraenequipo.com.mx\/api\/wp\/v2\/posts\/123538\/revisions\/123541"}],"wp:featuredmedia":[{"embeddable":true,"href":"https:\/\/www.sonoraenequipo.com.mx\/api\/wp\/v2\/media\/123539"}],"wp:attachment":[{"href":"https:\/\/www.sonoraenequipo.com.mx\/api\/wp\/v2\/media?parent=123538"}],"wp:term":[{"taxonomy":"category","embeddable":true,"href":"https:\/\/www.sonoraenequipo.com.mx\/api\/wp\/v2\/categories?post=123538"},{"taxonomy":"post_tag","embeddable":true,"href":"https:\/\/www.sonoraenequipo.com.mx\/api\/wp\/v2\/tags?post=123538"}],"curies":[{"name":"wp","href":"https:\/\/api.w.org\/{rel}","templated":true}]}}