{"id":123542,"date":"2021-09-24T09:15:42","date_gmt":"2021-09-24T16:15:42","guid":{"rendered":"https:\/\/www.sonoraenequipo.com.mx\/?p=123542"},"modified":"2021-09-24T12:10:00","modified_gmt":"2021-09-24T19:10:00","slug":"amlo-exhibe-insultos-de-un-academico-del-conacyt-los-grados-academicos-no-son-sinonimo-de-cultura","status":"publish","type":"post","link":"https:\/\/www.sonoraenequipo.com.mx\/amlo-exhibe-insultos-de-un-academico-del-conacyt-los-grados-academicos-no-son-sinonimo-de-cultura\/","title":{"rendered":"AMLO exhibe insultos de un \u00abacad\u00e9mico\u00bb del Conacyt: \u201cLos grados acad\u00e9micos no son sin\u00f3nimo de cultura\u201d"},"content":{"rendered":"<p>CIUDAD DE M\u00c9XICO. MX. \u2014 El presidente Andr\u00e9s Manuel L\u00f3pez Obrador (AMLO) habl\u00f3 de la inconformidad que se ha presentado en los \u00faltimos d\u00edas por la investigaci\u00f3n de la FGR, a algunos miembros del Conacyt, por el delito de lavado de dinero y malversaci\u00f3n de fondos.<\/p>\n<p>&nbsp;<\/p>\n<p> <\/p>\n<p>&nbsp;<\/p>\n<p>&nbsp;<\/p>\n<p>Hecho que ha incomodado a la comunidad cient\u00edfica ha mostrado su rechazo, y aseguran que es una persecuci\u00f3n pol\u00edtica contra ellos.<\/p>\n<p>&nbsp;<\/p>\n<p>Sin embargo, un supuesto miembro de la ONU ofendi\u00f3 tanto a la esposa del Presidente de M\u00e9xico y su esposa, la acad\u00e9mica Beatriz Gutierrez M\u00fcller.<\/p>\n<p>&nbsp;<\/p>\n<p>Por lo que esta ma\u00f1ana, el mandatario mexicano ley\u00f3 este viernes el tuit de un investigador que lo insult\u00f3 a \u00e9l y su esposa.<\/p>\n<p>&nbsp;<\/p>\n<p>Durante la conferencia matutina en Palacio Nacional, el mandatario pidi\u00f3 que fuera proyectado el mensaje de un acad\u00e9mico llamado: @AldoAdrete.<\/p>\n<p>&nbsp;<\/p>\n<p><em>\u201cUno de los investigadores supuestamente perseguido se avent\u00f3 un Twitter ayer, ojal\u00e1 y lo consigamos para que vean el nivel moral porque siempre he dicho que una cosa es la educaci\u00f3n y otra cosa es la cultura y que los grados acad\u00e9micos no son sin\u00f3nimo de cultura\u201d<\/em>, dijo.<\/p>\n<p>&nbsp;<\/p>\n<p><em>\u201cOfende a Beatriz y a m\u00ed, pero de manera vulgar. \u00bfQu\u00e9 tenemos que ver nosotros? Pero es producto de todo un proceso de deformaciones que se fueron creando durante el periodo neoliberal\u201d.<\/em><\/p>\n<p>&nbsp;<\/p>\n<p>El mandatario ley\u00f3 de manera \u00edntegra el mensaje en el que llamaban a su esposa \u201czopilota\u201d y a \u00e9l \u201cloco\u201d, entre otra serie de insultos.<\/p>\n<p>&nbsp;<\/p>\n<p><em>\u201cSe llama, si es real, Aldo Aldrete. F\u00edjense. Este es uno de este grupo\u201d,<\/em> se\u00f1al\u00f3 desde el sal\u00f3n Tesorer\u00eda.<\/p>\n<p>&nbsp;<\/p>\n<p><em>\u201cComo siempre hemos salido de la calumnia ilesos y tenemos tranquilidad en nuestras conciencias, pues no podemos poner (el tuit), pero esto es para que entre todos analicemos el grado de descomposici\u00f3n al que nos llevaron con la pol\u00edtica de pillaje\u201d.<\/em><\/p>\n<p>&nbsp;<\/p>\n<p>El titular del Ejecutivo se\u00f1al\u00f3 que en anteriores gobiernos se entregaron millones de pesos a una asociaci\u00f3n civil de investigadores de Conacyt para el pago de viajes, vi\u00e1ticos y coloquios.<\/p>\n<p>&nbsp;<\/p>\n<p><em>\u201cSe les ten\u00eda que pagar del presupuesto hasta para sus lujos y como ten\u00edan mucha influencia, y buenas agarraderas, buenas relaciones con los medios y la intelectualidad org\u00e1nica, era una especie de chantaje, se les ten\u00edan que entregar estos fondos, pero ahora ya no hay\u201d.<\/em><\/p>\n<p>&nbsp;<\/p>\n<p>Sin embargo, a pesar de la inconformidad de la comunidad cient\u00edfica, el mandatario asegur\u00f3 que el combate a la corrupci\u00f3n tiene que ser parejo.<\/p>\n<p>&nbsp;<\/p>\n<p><em>\u201cQue se investigue y si hay corrupci\u00f3n que se castigue\u201d,<\/em> expres\u00f3 el presidente L\u00f3pez Obrador (AMLO) de la denuncia que present\u00f3 la FGR en contra de 31 investigadores y cient\u00edficos del Conacyt\u201d.<\/p>\n<p>&nbsp;<\/p>\n<p>&nbsp;<\/p>\n<p>(Publicada el 24\/09\/2021)<\/p>\n","protected":false},"excerpt":{"rendered":"<p>CIUDAD DE M\u00c9XICO. MX. \u2014 El presidente Andr\u00e9s Manuel L\u00f3pez Obrador (AMLO) habl\u00f3 de la&#8230;<\/p>\n","protected":false},"author":1,"featured_media":123550,"comment_status":"open","ping_status":"open","sticky":false,"template":"","format":"standard","meta":{"_monsterinsights_skip_tracking":false,"_monsterinsights_sitenote_active":false,"_monsterinsights_sitenote_note":"","_monsterinsights_sitenote_category":0,"footnotes":""},"categories":[5],"tags":[],"class_list":["post"],"yoast_head":" \n<title>Sonora en Equipo. AMLO exhibe insultos de un &quot;acad\u00e9mico&quot; del Conacyt: \u201cLos grados acad\u00e9micos no son sin\u00f3nimo de cultura\u201d Rep\u00fablica<\/title>\n<meta name=\"description\" content=\"CIUDAD DE M\u00c9XICO. MX. \u2014 El presidente Andr\u00e9s Manuel L\u00f3pez Obrador (AMLO) habl\u00f3 de la inconformidad que se ha presentado en los \u00faltimos d\u00edas por la En Sonora en Equipo publicamos toda la informaci\u00f3n de Sonora, M\u00e9xico y el Mundo de manera oportuna y busca que la libertad de expresi\u00f3n sea real. Visita nuestro medio informativo publicado desde Hermosillo, Sonora. %\" \/>\n<meta name=\"robots\" content=\"index, follow, max-snippet:-1, max-image-preview:large, max-video-preview:-1\" \/>\n<link rel=\"canonical\" href=\"https:\/\/www.sonoraenequipo.com.mx\/amlo-exhibe-insultos-de-un-academico-del-conacyt-los-grados-academicos-no-son-sinonimo-de-cultura\/\" \/>\n<meta property=\"og:locale\" content=\"es_ES\" \/>\n<meta property=\"og:type\" content=\"article\" \/>\n<meta property=\"og:title\" content=\"Sonora en Equipo. AMLO exhibe insultos de un &quot;acad\u00e9mico&quot; del Conacyt: \u201cLos grados acad\u00e9micos no son sin\u00f3nimo de cultura\u201d Rep\u00fablica\" \/>\n<meta property=\"og:description\" content=\"CIUDAD DE M\u00c9XICO. MX. \u2014 El presidente Andr\u00e9s Manuel L\u00f3pez Obrador (AMLO) habl\u00f3 de la inconformidad que se ha presentado en los \u00faltimos d\u00edas por la En Sonora en Equipo publicamos toda la informaci\u00f3n de Sonora, M\u00e9xico y el Mundo de manera oportuna y busca que la libertad de expresi\u00f3n sea real. Visita nuestro medio informativo publicado desde Hermosillo, Sonora. %\" \/>\n<meta property=\"og:url\" content=\"https:\/\/www.sonoraenequipo.com.mx\/amlo-exhibe-insultos-de-un-academico-del-conacyt-los-grados-academicos-no-son-sinonimo-de-cultura\/\" \/>\n<meta property=\"og:site_name\" content=\"Sonora en Equipo.\" \/>\n<meta property=\"article:publisher\" content=\"https:\/\/www.facebook.com\/SonoraEE\/\" \/>\n<meta property=\"article:author\" content=\"https:\/\/www.facebook.com\/SonoraEE\" \/>\n<meta property=\"article:published_time\" content=\"2021-09-24T16:15:42+00:00\" \/>\n<meta property=\"article:modified_time\" content=\"2021-09-24T19:10:00+00:00\" \/>\n<meta property=\"og:image\" content=\"https:\/\/www.sonoraenequipo.com.mx\/storage\/2021\/09\/insulto-de-seudoinvestigaor_opt.jpg\" \/>\n\t<meta property=\"og:image:width\" content=\"700\" \/>\n\t<meta property=\"og:image:height\" content=\"400\" \/>\n\t<meta property=\"og:image:type\" content=\"image\/jpeg\" \/>\n<meta name=\"author\" content=\"enequipo\" \/>\n<meta name=\"twitter:card\" content=\"summary_large_image\" \/>\n<meta name=\"twitter:creator\" content=\"@sonoraenequipo\" \/>\n<meta name=\"twitter:site\" content=\"@sonoraenequipo\" \/>\n<meta name=\"twitter:label1\" content=\"Escrito por\" \/>\n\t<meta name=\"twitter:data1\" content=\"enequipo\" \/>\n\t<meta name=\"twitter:label2\" content=\"Tiempo de lectura\" \/>\n\t<meta name=\"twitter:data2\" content=\"2 minutos\" \/>\n<script type=\"application\/ld+json\" class=\"yoast-schema-graph\">{\"@context\":\"https:\/\/schema.org\",\"@graph\":[{\"@type\":\"Article\",\"@id\":\"https:\/\/www.sonoraenequipo.com.mx\/amlo-exhibe-insultos-de-un-academico-del-conacyt-los-grados-academicos-no-son-sinonimo-de-cultura\/#article\",\"isPartOf\":{\"@id\":\"https:\/\/www.sonoraenequipo.com.mx\/amlo-exhibe-insultos-de-un-academico-del-conacyt-los-grados-academicos-no-son-sinonimo-de-cultura\/\"},\"author\":{\"name\":\"enequipo\",\"@id\":\"https:\/\/www.sonoraenequipo.com.mx\/#\/schema\/person\/50102df0fb23a8fa9e8effad8fa81386\"},\"headline\":\"AMLO exhibe insultos de un \u00abacad\u00e9mico\u00bb del Conacyt: \u201cLos grados acad\u00e9micos no son sin\u00f3nimo de cultura\u201d\",\"datePublished\":\"2021-09-24T16:15:42+00:00\",\"dateModified\":\"2021-09-24T19:10:00+00:00\",\"mainEntityOfPage\":{\"@id\":\"https:\/\/www.sonoraenequipo.com.mx\/amlo-exhibe-insultos-de-un-academico-del-conacyt-los-grados-academicos-no-son-sinonimo-de-cultura\/\"},\"wordCount\":503,\"commentCount\":0,\"publisher\":{\"@id\":\"https:\/\/www.sonoraenequipo.com.mx\/#organization\"},\"image\":{\"@id\":\"https:\/\/www.sonoraenequipo.com.mx\/amlo-exhibe-insultos-de-un-academico-del-conacyt-los-grados-academicos-no-son-sinonimo-de-cultura\/#primaryimage\"},\"thumbnailUrl\":\"https:\/\/www.sonoraenequipo.com.mx\/storage\/2021\/09\/insulto-de-seudoinvestigaor_opt.jpg\",\"articleSection\":[\"Rep\u00fablica\"],\"inLanguage\":\"es\",\"potentialAction\":[{\"@type\":\"CommentAction\",\"name\":\"Comment\",\"target\":[\"https:\/\/www.sonoraenequipo.com.mx\/amlo-exhibe-insultos-de-un-academico-del-conacyt-los-grados-academicos-no-son-sinonimo-de-cultura\/#respond\"]}]},{\"@type\":\"WebPage\",\"@id\":\"https:\/\/www.sonoraenequipo.com.mx\/amlo-exhibe-insultos-de-un-academico-del-conacyt-los-grados-academicos-no-son-sinonimo-de-cultura\/\",\"url\":\"https:\/\/www.sonoraenequipo.com.mx\/amlo-exhibe-insultos-de-un-academico-del-conacyt-los-grados-academicos-no-son-sinonimo-de-cultura\/\",\"name\":\"Sonora en Equipo. AMLO exhibe insultos de un \\\"acad\u00e9mico\\\" del Conacyt: \u201cLos grados acad\u00e9micos no son sin\u00f3nimo de cultura\u201d Rep\u00fablica\",\"isPartOf\":{\"@id\":\"https:\/\/www.sonoraenequipo.com.mx\/#website\"},\"primaryImageOfPage\":{\"@id\":\"https:\/\/www.sonoraenequipo.com.mx\/amlo-exhibe-insultos-de-un-academico-del-conacyt-los-grados-academicos-no-son-sinonimo-de-cultura\/#primaryimage\"},\"image\":{\"@id\":\"https:\/\/www.sonoraenequipo.com.mx\/amlo-exhibe-insultos-de-un-academico-del-conacyt-los-grados-academicos-no-son-sinonimo-de-cultura\/#primaryimage\"},\"thumbnailUrl\":\"https:\/\/www.sonoraenequipo.com.mx\/storage\/2021\/09\/insulto-de-seudoinvestigaor_opt.jpg\",\"datePublished\":\"2021-09-24T16:15:42+00:00\",\"dateModified\":\"2021-09-24T19:10:00+00:00\",\"description\":\"CIUDAD DE M\u00c9XICO. MX. \u2014 El presidente Andr\u00e9s Manuel L\u00f3pez Obrador (AMLO) habl\u00f3 de la inconformidad que se ha presentado en los \u00faltimos d\u00edas por la En Sonora en Equipo publicamos toda la informaci\u00f3n de Sonora, M\u00e9xico y el Mundo de manera oportuna y busca que la libertad de expresi\u00f3n sea real. Visita nuestro medio informativo publicado desde Hermosillo, Sonora. %\",\"breadcrumb\":{\"@id\":\"https:\/\/www.sonoraenequipo.com.mx\/amlo-exhibe-insultos-de-un-academico-del-conacyt-los-grados-academicos-no-son-sinonimo-de-cultura\/#breadcrumb\"},\"inLanguage\":\"es\",\"potentialAction\":[{\"@type\":\"ReadAction\",\"target\":[\"https:\/\/www.sonoraenequipo.com.mx\/amlo-exhibe-insultos-de-un-academico-del-conacyt-los-grados-academicos-no-son-sinonimo-de-cultura\/\"]}]},{\"@type\":\"ImageObject\",\"inLanguage\":\"es\",\"@id\":\"https:\/\/www.sonoraenequipo.com.mx\/amlo-exhibe-insultos-de-un-academico-del-conacyt-los-grados-academicos-no-son-sinonimo-de-cultura\/#primaryimage\",\"url\":\"https:\/\/www.sonoraenequipo.com.mx\/storage\/2021\/09\/insulto-de-seudoinvestigaor_opt.jpg\",\"contentUrl\":\"https:\/\/www.sonoraenequipo.com.mx\/storage\/2021\/09\/insulto-de-seudoinvestigaor_opt.jpg\",\"width\":700,\"height\":400},{\"@type\":\"BreadcrumbList\",\"@id\":\"https:\/\/www.sonoraenequipo.com.mx\/amlo-exhibe-insultos-de-un-academico-del-conacyt-los-grados-academicos-no-son-sinonimo-de-cultura\/#breadcrumb\",\"itemListElement\":[{\"@type\":\"ListItem\",\"position\":1,\"name\":\"Portada\",\"item\":\"https:\/\/www.sonoraenequipo.com.mx\/\"},{\"@type\":\"ListItem\",\"position\":2,\"name\":\"AMLO exhibe insultos de un \u00abacad\u00e9mico\u00bb del Conacyt: \u201cLos grados acad\u00e9micos no son sin\u00f3nimo de cultura\u201d\"}]},{\"@type\":\"WebSite\",\"@id\":\"https:\/\/www.sonoraenequipo.com.mx\/#website\",\"url\":\"https:\/\/www.sonoraenequipo.com.mx\/\",\"name\":\"Sonora en Equipo.\",\"description\":\"Diario en l\u00ednea con Noticias desde Hermosillo, Sonora\",\"publisher\":{\"@id\":\"https:\/\/www.sonoraenequipo.com.mx\/#organization\"},\"potentialAction\":[{\"@type\":\"SearchAction\",\"target\":{\"@type\":\"EntryPoint\",\"urlTemplate\":\"https:\/\/www.sonoraenequipo.com.mx\/?s={search_term_string}\"},\"query-input\":{\"@type\":\"PropertyValueSpecification\",\"valueRequired\":true,\"valueName\":\"search_term_string\"}}],\"inLanguage\":\"es\"},{\"@type\":\"Organization\",\"@id\":\"https:\/\/www.sonoraenequipo.com.mx\/#organization\",\"name\":\"Sonoraenequipo.com.mx\",\"url\":\"https:\/\/www.sonoraenequipo.com.mx\/\",\"logo\":{\"@type\":\"ImageObject\",\"inLanguage\":\"es\",\"@id\":\"https:\/\/www.sonoraenequipo.com.mx\/#\/schema\/logo\/image\/\",\"url\":\"https:\/\/www.sonoraenequipo.com.mx\/storage\/2019\/01\/sonoraenequipo_opt.png\",\"contentUrl\":\"https:\/\/www.sonoraenequipo.com.mx\/storage\/2019\/01\/sonoraenequipo_opt.png\",\"width\":375,\"height\":125,\"caption\":\"Sonoraenequipo.com.mx\"},\"image\":{\"@id\":\"https:\/\/www.sonoraenequipo.com.mx\/#\/schema\/logo\/image\/\"},\"sameAs\":[\"https:\/\/www.facebook.com\/SonoraEE\/\",\"https:\/\/x.com\/sonoraenequipo\",\"https:\/\/www.youtube.com\/channel\/UC338nW-lPEYmJQs4ZABQ1SQ\"]},{\"@type\":\"Person\",\"@id\":\"https:\/\/www.sonoraenequipo.com.mx\/#\/schema\/person\/50102df0fb23a8fa9e8effad8fa81386\",\"name\":\"enequipo\",\"image\":{\"@type\":\"ImageObject\",\"inLanguage\":\"es\",\"@id\":\"https:\/\/www.sonoraenequipo.com.mx\/#\/schema\/person\/image\/\",\"url\":\"https:\/\/secure.gravatar.com\/avatar\/049821681b589dabc0bc20695993ccebb09f5b5d4d790cd9251b97faac7c652b?s=96&d=blank&r=g\",\"contentUrl\":\"https:\/\/secure.gravatar.com\/avatar\/049821681b589dabc0bc20695993ccebb09f5b5d4d790cd9251b97faac7c652b?s=96&d=blank&r=g\",\"caption\":\"enequipo\"},\"sameAs\":[\"https:\/\/www.facebook.com\/SonoraEE\"]}]}<\/script>\n ","yoast_head_json":{"title":"Sonora en Equipo. AMLO exhibe insultos de un \"acad\u00e9mico\" del Conacyt: \u201cLos grados acad\u00e9micos no son sin\u00f3nimo de cultura\u201d Rep\u00fablica","description":"CIUDAD DE M\u00c9XICO. MX. \u2014 El presidente Andr\u00e9s Manuel L\u00f3pez Obrador (AMLO) habl\u00f3 de la inconformidad que se ha presentado en los \u00faltimos d\u00edas por la En Sonora en Equipo publicamos toda la informaci\u00f3n de Sonora, M\u00e9xico y el Mundo de manera oportuna y busca que la libertad de expresi\u00f3n sea real. Visita nuestro medio informativo publicado desde Hermosillo, Sonora. %","robots":{"index":"index","follow":"follow","max-snippet":"max-snippet:-1","max-image-preview":"max-image-preview:large","max-video-preview":"max-video-preview:-1"},"canonical":"https:\/\/www.sonoraenequipo.com.mx\/amlo-exhibe-insultos-de-un-academico-del-conacyt-los-grados-academicos-no-son-sinonimo-de-cultura\/","og_locale":"es_ES","og_type":"article","og_title":"Sonora en Equipo. AMLO exhibe insultos de un \"acad\u00e9mico\" del Conacyt: \u201cLos grados acad\u00e9micos no son sin\u00f3nimo de cultura\u201d Rep\u00fablica","og_description":"CIUDAD DE M\u00c9XICO. MX. \u2014 El presidente Andr\u00e9s Manuel L\u00f3pez Obrador (AMLO) habl\u00f3 de la inconformidad que se ha presentado en los \u00faltimos d\u00edas por la En Sonora en Equipo publicamos toda la informaci\u00f3n de Sonora, M\u00e9xico y el Mundo de manera oportuna y busca que la libertad de expresi\u00f3n sea real. Visita nuestro medio informativo publicado desde Hermosillo, Sonora. %","og_url":"https:\/\/www.sonoraenequipo.com.mx\/amlo-exhibe-insultos-de-un-academico-del-conacyt-los-grados-academicos-no-son-sinonimo-de-cultura\/","og_site_name":"Sonora en Equipo.","article_publisher":"https:\/\/www.facebook.com\/SonoraEE\/","article_author":"https:\/\/www.facebook.com\/SonoraEE","article_published_time":"2021-09-24T16:15:42+00:00","article_modified_time":"2021-09-24T19:10:00+00:00","og_image":[{"width":700,"height":400,"url":"https:\/\/www.sonoraenequipo.com.mx\/storage\/2021\/09\/insulto-de-seudoinvestigaor_opt.jpg","type":"image\/jpeg"}],"author":"enequipo","twitter_card":"summary_large_image","twitter_creator":"@sonoraenequipo","twitter_site":"@sonoraenequipo","twitter_misc":{"Escrito por":"enequipo","Tiempo de lectura":"2 minutos"},"schema":{"@context":"https:\/\/schema.org","@graph":[{"@type":"Article","@id":"https:\/\/www.sonoraenequipo.com.mx\/amlo-exhibe-insultos-de-un-academico-del-conacyt-los-grados-academicos-no-son-sinonimo-de-cultura\/#article","isPartOf":{"@id":"https:\/\/www.sonoraenequipo.com.mx\/amlo-exhibe-insultos-de-un-academico-del-conacyt-los-grados-academicos-no-son-sinonimo-de-cultura\/"},"author":{"name":"enequipo","@id":"https:\/\/www.sonoraenequipo.com.mx\/#\/schema\/person\/50102df0fb23a8fa9e8effad8fa81386"},"headline":"AMLO exhibe insultos de un \u00abacad\u00e9mico\u00bb del Conacyt: \u201cLos grados acad\u00e9micos no son sin\u00f3nimo de cultura\u201d","datePublished":"2021-09-24T16:15:42+00:00","dateModified":"2021-09-24T19:10:00+00:00","mainEntityOfPage":{"@id":"https:\/\/www.sonoraenequipo.com.mx\/amlo-exhibe-insultos-de-un-academico-del-conacyt-los-grados-academicos-no-son-sinonimo-de-cultura\/"},"wordCount":503,"commentCount":0,"publisher":{"@id":"https:\/\/www.sonoraenequipo.com.mx\/#organization"},"image":{"@id":"https:\/\/www.sonoraenequipo.com.mx\/amlo-exhibe-insultos-de-un-academico-del-conacyt-los-grados-academicos-no-son-sinonimo-de-cultura\/#primaryimage"},"thumbnailUrl":"https:\/\/www.sonoraenequipo.com.mx\/storage\/2021\/09\/insulto-de-seudoinvestigaor_opt.jpg","articleSection":["Rep\u00fablica"],"inLanguage":"es","potentialAction":[{"@type":"CommentAction","name":"Comment","target":["https:\/\/www.sonoraenequipo.com.mx\/amlo-exhibe-insultos-de-un-academico-del-conacyt-los-grados-academicos-no-son-sinonimo-de-cultura\/#respond"]}]},{"@type":"WebPage","@id":"https:\/\/www.sonoraenequipo.com.mx\/amlo-exhibe-insultos-de-un-academico-del-conacyt-los-grados-academicos-no-son-sinonimo-de-cultura\/","url":"https:\/\/www.sonoraenequipo.com.mx\/amlo-exhibe-insultos-de-un-academico-del-conacyt-los-grados-academicos-no-son-sinonimo-de-cultura\/","name":"Sonora en Equipo. AMLO exhibe insultos de un \"acad\u00e9mico\" del Conacyt: \u201cLos grados acad\u00e9micos no son sin\u00f3nimo de cultura\u201d Rep\u00fablica","isPartOf":{"@id":"https:\/\/www.sonoraenequipo.com.mx\/#website"},"primaryImageOfPage":{"@id":"https:\/\/www.sonoraenequipo.com.mx\/amlo-exhibe-insultos-de-un-academico-del-conacyt-los-grados-academicos-no-son-sinonimo-de-cultura\/#primaryimage"},"image":{"@id":"https:\/\/www.sonoraenequipo.com.mx\/amlo-exhibe-insultos-de-un-academico-del-conacyt-los-grados-academicos-no-son-sinonimo-de-cultura\/#primaryimage"},"thumbnailUrl":"https:\/\/www.sonoraenequipo.com.mx\/storage\/2021\/09\/insulto-de-seudoinvestigaor_opt.jpg","datePublished":"2021-09-24T16:15:42+00:00","dateModified":"2021-09-24T19:10:00+00:00","description":"CIUDAD DE M\u00c9XICO. MX. \u2014 El presidente Andr\u00e9s Manuel L\u00f3pez Obrador (AMLO) habl\u00f3 de la inconformidad que se ha presentado en los \u00faltimos d\u00edas por la En Sonora en Equipo publicamos toda la informaci\u00f3n de Sonora, M\u00e9xico y el Mundo de manera oportuna y busca que la libertad de expresi\u00f3n sea real. Visita nuestro medio informativo publicado desde Hermosillo, Sonora. %","breadcrumb":{"@id":"https:\/\/www.sonoraenequipo.com.mx\/amlo-exhibe-insultos-de-un-academico-del-conacyt-los-grados-academicos-no-son-sinonimo-de-cultura\/#breadcrumb"},"inLanguage":"es","potentialAction":[{"@type":"ReadAction","target":["https:\/\/www.sonoraenequipo.com.mx\/amlo-exhibe-insultos-de-un-academico-del-conacyt-los-grados-academicos-no-son-sinonimo-de-cultura\/"]}]},{"@type":"ImageObject","inLanguage":"es","@id":"https:\/\/www.sonoraenequipo.com.mx\/amlo-exhibe-insultos-de-un-academico-del-conacyt-los-grados-academicos-no-son-sinonimo-de-cultura\/#primaryimage","url":"https:\/\/www.sonoraenequipo.com.mx\/storage\/2021\/09\/insulto-de-seudoinvestigaor_opt.jpg","contentUrl":"https:\/\/www.sonoraenequipo.com.mx\/storage\/2021\/09\/insulto-de-seudoinvestigaor_opt.jpg","width":700,"height":400},{"@type":"BreadcrumbList","@id":"https:\/\/www.sonoraenequipo.com.mx\/amlo-exhibe-insultos-de-un-academico-del-conacyt-los-grados-academicos-no-son-sinonimo-de-cultura\/#breadcrumb","itemListElement":[{"@type":"ListItem","position":1,"name":"Portada","item":"https:\/\/www.sonoraenequipo.com.mx\/"},{"@type":"ListItem","position":2,"name":"AMLO exhibe insultos de un \u00abacad\u00e9mico\u00bb del Conacyt: \u201cLos grados acad\u00e9micos no son sin\u00f3nimo de cultura\u201d"}]},{"@type":"WebSite","@id":"https:\/\/www.sonoraenequipo.com.mx\/#website","url":"https:\/\/www.sonoraenequipo.com.mx\/","name":"Sonora en Equipo.","description":"Diario en l\u00ednea con Noticias desde Hermosillo, Sonora","publisher":{"@id":"https:\/\/www.sonoraenequipo.com.mx\/#organization"},"potentialAction":[{"@type":"SearchAction","target":{"@type":"EntryPoint","urlTemplate":"https:\/\/www.sonoraenequipo.com.mx\/?s={search_term_string}"},"query-input":{"@type":"PropertyValueSpecification","valueRequired":true,"valueName":"search_term_string"}}],"inLanguage":"es"},{"@type":"Organization","@id":"https:\/\/www.sonoraenequipo.com.mx\/#organization","name":"Sonoraenequipo.com.mx","url":"https:\/\/www.sonoraenequipo.com.mx\/","logo":{"@type":"ImageObject","inLanguage":"es","@id":"https:\/\/www.sonoraenequipo.com.mx\/#\/schema\/logo\/image\/","url":"https:\/\/www.sonoraenequipo.com.mx\/storage\/2019\/01\/sonoraenequipo_opt.png","contentUrl":"https:\/\/www.sonoraenequipo.com.mx\/storage\/2019\/01\/sonoraenequipo_opt.png","width":375,"height":125,"caption":"Sonoraenequipo.com.mx"},"image":{"@id":"https:\/\/www.sonoraenequipo.com.mx\/#\/schema\/logo\/image\/"},"sameAs":["https:\/\/www.facebook.com\/SonoraEE\/","https:\/\/x.com\/sonoraenequipo","https:\/\/www.youtube.com\/channel\/UC338nW-lPEYmJQs4ZABQ1SQ"]},{"@type":"Person","@id":"https:\/\/www.sonoraenequipo.com.mx\/#\/schema\/person\/50102df0fb23a8fa9e8effad8fa81386","name":"enequipo","image":{"@type":"ImageObject","inLanguage":"es","@id":"https:\/\/www.sonoraenequipo.com.mx\/#\/schema\/person\/image\/","url":"https:\/\/secure.gravatar.com\/avatar\/049821681b589dabc0bc20695993ccebb09f5b5d4d790cd9251b97faac7c652b?s=96&d=blank&r=g","contentUrl":"https:\/\/secure.gravatar.com\/avatar\/049821681b589dabc0bc20695993ccebb09f5b5d4d790cd9251b97faac7c652b?s=96&d=blank&r=g","caption":"enequipo"},"sameAs":["https:\/\/www.facebook.com\/SonoraEE"]}]}},"jetpack_featured_media_url":"https:\/\/www.sonoraenequipo.com.mx\/storage\/2021\/09\/insulto-de-seudoinvestigaor_opt.jpg","_links":{"self":[{"href":"https:\/\/www.sonoraenequipo.com.mx\/api\/wp\/v2\/posts\/123542","targetHints":{"allow":["GET"]}}],"collection":[{"href":"https:\/\/www.sonoraenequipo.com.mx\/api\/wp\/v2\/posts"}],"about":[{"href":"https:\/\/www.sonoraenequipo.com.mx\/api\/wp\/v2\/types\/post"}],"author":[{"embeddable":true,"href":"https:\/\/www.sonoraenequipo.com.mx\/api\/wp\/v2\/users\/1"}],"replies":[{"embeddable":true,"href":"https:\/\/www.sonoraenequipo.com.mx\/api\/wp\/v2\/comments?post=123542"}],"version-history":[{"count":1,"href":"https:\/\/www.sonoraenequipo.com.mx\/api\/wp\/v2\/posts\/123542\/revisions"}],"predecessor-version":[{"id":123551,"href":"https:\/\/www.sonoraenequipo.com.mx\/api\/wp\/v2\/posts\/123542\/revisions\/123551"}],"wp:featuredmedia":[{"embeddable":true,"href":"https:\/\/www.sonoraenequipo.com.mx\/api\/wp\/v2\/media\/123550"}],"wp:attachment":[{"href":"https:\/\/www.sonoraenequipo.com.mx\/api\/wp\/v2\/media?parent=123542"}],"wp:term":[{"taxonomy":"category","embeddable":true,"href":"https:\/\/www.sonoraenequipo.com.mx\/api\/wp\/v2\/categories?post=123542"},{"taxonomy":"post_tag","embeddable":true,"href":"https:\/\/www.sonoraenequipo.com.mx\/api\/wp\/v2\/tags?post=123542"}],"curies":[{"name":"wp","href":"https:\/\/api.w.org\/{rel}","templated":true}]}}