{"id":123546,"date":"2021-09-24T11:23:45","date_gmt":"2021-09-24T18:23:45","guid":{"rendered":"https:\/\/www.sonoraenequipo.com.mx\/?p=123546"},"modified":"2021-09-24T11:23:45","modified_gmt":"2021-09-24T18:23:45","slug":"conafor-y-reforestamos-mexico-lanzan-la-6-edicion-del-concurso-de-fotografia-vision-forestal-y-centinelas-del-tiempo","status":"publish","type":"post","link":"https:\/\/www.sonoraenequipo.com.mx\/conafor-y-reforestamos-mexico-lanzan-la-6-edicion-del-concurso-de-fotografia-vision-forestal-y-centinelas-del-tiempo\/","title":{"rendered":"Conafor y Reforestamos M\u00e9xico lanzan la 6\u00b0 edici\u00f3n del concurso de fotograf\u00eda Visi\u00f3n Forestal y  Centinelas del Tiempo"},"content":{"rendered":"<ul>\n<li>El concurso tiene una bolsa de 535 mil pesos en premios.<\/li>\n<li>El objetivo es crear un registro fotogr\u00e1fico de los \u00e1rboles majestuosos y de los ecosistemas forestales de M\u00e9xico, as\u00ed como de las acciones para su preservaci\u00f3n.<\/li>\n<li>Podr\u00e1n participar mujeres y hombres, de nacionalidad mexicana, residentes en la Rep\u00fablica Mexicana.<\/li>\n<\/ul>\n<p>&nbsp;<\/p>\n<p>CIUDAD DE M\u00c9XICO.\u2500 \u00a0La Comisi\u00f3n Nacional Forestal (Conafor) y la organizaci\u00f3n civil Reforestamos M\u00e9xico lanzan la edici\u00f3n 2021 del Concurso Nacional de Fotograf\u00eda \u201cVisi\u00f3n Forestal y Centinelas del Tiempo\u201d. Podr\u00e1n participar mujeres y hombres, de nacionalidad mexicana, residentes en la Rep\u00fablica Mexicana.<\/p>\n<p>&nbsp;<\/p>\n<p>El objetivo de este concurso es incentivar, promover y difundir el aprecio por los \u00e1rboles majestuosos y ecosistemas forestales a trav\u00e9s de la fotograf\u00eda, as\u00ed como dar a conocer acciones y pr\u00e1cticas que impulsen el desarrollo forestal sustentable, la conservaci\u00f3n de los ecosistemas y su biodiversidad.<\/p>\n<p>&nbsp;<\/p>\n<p>Por segundo a\u00f1o consecutivo, y como medida precautoria debido a las restricciones originadas por la actual pandemia COVID-19, se promueve que los concursantes busquen en sus memorias y acervos de no m\u00e1s de cinco a\u00f1os de antig\u00fcedad, piezas que consideren relevantes y que cumplan con los requisitos plasmados en la convocatoria.<\/p>\n<p>&nbsp;<\/p>\n<p>La bolsa de premios de la edici\u00f3n 2021 asciende a 535 mil pesos, que se repartir\u00e1n en las tres categor\u00edas: Acciones Forestales, Paisaje Forestal y Centinelas del Tiempo, que a su vez se divide en tres modalidades: \u00c1rbol Urbano, \u00c1rbol Rural y \u00c1rbol Silvestre.<\/p>\n<p>&nbsp;<\/p>\n<p>Las bases del concurso de fotograf\u00eda se pueden consultar en www.gob.mx\/conafor, y en www.centinelasdeltiempo.org.<\/p>\n<p>&nbsp;<\/p>\n<p>La convocatoria permanecer\u00e1 abierta hasta el 17 de octubre.<\/p>\n<p>&nbsp;<\/p>\n<p>Lista de premios concurso de fotograf\u00eda:<\/p>\n<p>&nbsp;<\/p>\n<ol>\n<li>Categor\u00eda Acciones Forestales<\/li>\n<\/ol>\n<p>&nbsp;<\/p>\n<ol>\n<li>Primer lugar: 65,000 pesos<\/li>\n<\/ol>\n<p>&nbsp;<\/p>\n<ol start=\"2\">\n<li>Segundo lugar: 45,000 pesos<\/li>\n<\/ol>\n<p>&nbsp;<\/p>\n<p>&nbsp;<\/p>\n<ol>\n<li>Categor\u00eda Paisajes Forestales<\/li>\n<\/ol>\n<p>&nbsp;<\/p>\n<ol>\n<li>Primer lugar: 65,000 pesos<\/li>\n<\/ol>\n<p>&nbsp;<\/p>\n<ol start=\"2\">\n<li>Segundo lugar: 45,000 pesos<\/li>\n<\/ol>\n<p>&nbsp;<\/p>\n<p>&nbsp;<\/p>\n<ol>\n<li>Categor\u00eda Centinelas del tiempo: Modalidad \u00c1rbol Silvestre<\/li>\n<\/ol>\n<p>&nbsp;<\/p>\n<ol>\n<li>Primer lugar: 65,000 pesos<\/li>\n<\/ol>\n<p>&nbsp;<\/p>\n<ol start=\"2\">\n<li>Segundo lugar: 45,000 pesos<\/li>\n<\/ol>\n<p>&nbsp;<\/p>\n<p>&nbsp;<\/p>\n<ol>\n<li>Categor\u00eda Centinelas del tiempo: Modalidad \u00c1rbol Rural<\/li>\n<\/ol>\n<p>&nbsp;<\/p>\n<ol>\n<li>Primer lugar: 35,000 pesos<\/li>\n<\/ol>\n<p>&nbsp;<\/p>\n<ol start=\"2\">\n<li>Segundo lugar: 25,000 pesos<\/li>\n<\/ol>\n<p>&nbsp;<\/p>\n<p>III.\u00a0\u00a0\u00a0 Categor\u00eda Centinelas del tiempo: Modalidad \u00c1rbol Urbano<\/p>\n<p>&nbsp;<\/p>\n<ol>\n<li>Primer lugar: 35,000 pesos<\/li>\n<\/ol>\n<p>&nbsp;<\/p>\n<ol start=\"2\">\n<li>Segundo lugar: 20,000 pesos<\/li>\n<\/ol>\n<p>&nbsp;<\/p>\n<p>Menciones Honor\u00edficas<\/p>\n<p>Cada categor\u00eda tendr\u00e1 una menci\u00f3n honor\u00edfica, con los siguientes premios:<\/p>\n<p>Premio Menci\u00f3n Honor\u00edfica Acciones Forestales\u00a0\u00a0\u00a0\u00a0\u00a0\u00a0\u00a0\u00a0\u00a0\u00a0\u00a0\u00a0 $ 20,000.00<\/p>\n<p>Premio Menci\u00f3n Honor\u00edfica Paisajes Forestales\u00a0\u00a0\u00a0\u00a0\u00a0\u00a0\u00a0\u00a0\u00a0\u00a0\u00a0\u00a0\u00a0 $ 20,000.00<\/p>\n<p>Premio Menci\u00f3n Honor\u00edfica Centinelas \u00c1rbol Silvestre\u00a0\u00a0 \u00a0$ 20,000.00<\/p>\n<p>Premio Menci\u00f3n Honor\u00edfica Centinelas \u00c1rbol Rural\u00a0\u00a0\u00a0\u00a0\u00a0\u00a0\u00a0\u00a0 $ 15,000.00<\/p>\n<p>Premio Menci\u00f3n Honor\u00edfica Centinelas \u00c1rbol Urbano\u00a0\u00a0\u00a0\u00a0\u00a0 $ 15,000.00<\/p>\n<p>&nbsp;<\/p>\n<p>*La premiaci\u00f3n se llevar\u00e1 a cabo de manera virtual la tercera semana de noviembre 2021.<\/p>\n<p>Fecha de Publicaci\u00f3n\u00a0 viernes\u00a0 \/ 24\u00a0\u00a0 \/ septiembre \/ 2021<\/p>\n","protected":false},"excerpt":{"rendered":"<p>El concurso tiene una bolsa de 535 mil pesos en premios. El objetivo es crear&#8230;<\/p>\n","protected":false},"author":1,"featured_media":123548,"comment_status":"open","ping_status":"open","sticky":false,"template":"","format":"standard","meta":{"_monsterinsights_skip_tracking":false,"_monsterinsights_sitenote_active":false,"_monsterinsights_sitenote_note":"","_monsterinsights_sitenote_category":0,"footnotes":""},"categories":[5],"tags":[3313,6170],"class_list":["post"],"yoast_head":" \n<title>Sonora en Equipo. Conafor y Reforestamos M\u00e9xico lanzan la 6\u00b0 edici\u00f3n del concurso de fotograf\u00eda Visi\u00f3n Forestal y Centinelas del Tiempo Rep\u00fablica<\/title>\n<meta name=\"description\" content=\"El concurso tiene una bolsa de 535 mil pesos en premios. El objetivo es crear un registro fotogr\u00e1fico de los \u00e1rboles majestuosos y de los ecosistemas En Sonora en Equipo publicamos toda la informaci\u00f3n de Sonora, M\u00e9xico y el Mundo de manera oportuna y busca que la libertad de expresi\u00f3n sea real. Visita nuestro medio informativo publicado desde Hermosillo, Sonora. %\" \/>\n<meta name=\"robots\" content=\"index, follow, max-snippet:-1, max-image-preview:large, max-video-preview:-1\" \/>\n<link rel=\"canonical\" href=\"https:\/\/www.sonoraenequipo.com.mx\/conafor-y-reforestamos-mexico-lanzan-la-6-edicion-del-concurso-de-fotografia-vision-forestal-y-centinelas-del-tiempo\/\" \/>\n<meta property=\"og:locale\" content=\"es_ES\" \/>\n<meta property=\"og:type\" content=\"article\" \/>\n<meta property=\"og:title\" content=\"Sonora en Equipo. Conafor y Reforestamos M\u00e9xico lanzan la 6\u00b0 edici\u00f3n del concurso de fotograf\u00eda Visi\u00f3n Forestal y Centinelas del Tiempo Rep\u00fablica\" \/>\n<meta property=\"og:description\" content=\"El concurso tiene una bolsa de 535 mil pesos en premios. El objetivo es crear un registro fotogr\u00e1fico de los \u00e1rboles majestuosos y de los ecosistemas En Sonora en Equipo publicamos toda la informaci\u00f3n de Sonora, M\u00e9xico y el Mundo de manera oportuna y busca que la libertad de expresi\u00f3n sea real. Visita nuestro medio informativo publicado desde Hermosillo, Sonora. %\" \/>\n<meta property=\"og:url\" content=\"https:\/\/www.sonoraenequipo.com.mx\/conafor-y-reforestamos-mexico-lanzan-la-6-edicion-del-concurso-de-fotografia-vision-forestal-y-centinelas-del-tiempo\/\" \/>\n<meta property=\"og:site_name\" content=\"Sonora en Equipo.\" \/>\n<meta property=\"article:publisher\" content=\"https:\/\/www.facebook.com\/SonoraEE\/\" \/>\n<meta property=\"article:author\" content=\"https:\/\/www.facebook.com\/SonoraEE\" \/>\n<meta property=\"article:published_time\" content=\"2021-09-24T18:23:45+00:00\" \/>\n<meta property=\"og:image\" content=\"https:\/\/www.sonoraenequipo.com.mx\/storage\/2021\/09\/arbol.jpg\" \/>\n\t<meta property=\"og:image:width\" content=\"700\" \/>\n\t<meta property=\"og:image:height\" content=\"400\" \/>\n\t<meta property=\"og:image:type\" content=\"image\/jpeg\" \/>\n<meta name=\"author\" content=\"enequipo\" \/>\n<meta name=\"twitter:card\" content=\"summary_large_image\" \/>\n<meta name=\"twitter:creator\" content=\"@sonoraenequipo\" \/>\n<meta name=\"twitter:site\" content=\"@sonoraenequipo\" \/>\n<meta name=\"twitter:label1\" content=\"Escrito por\" \/>\n\t<meta name=\"twitter:data1\" content=\"enequipo\" \/>\n\t<meta name=\"twitter:label2\" content=\"Tiempo de lectura\" \/>\n\t<meta name=\"twitter:data2\" content=\"2 minutos\" \/>\n<script type=\"application\/ld+json\" class=\"yoast-schema-graph\">{\"@context\":\"https:\/\/schema.org\",\"@graph\":[{\"@type\":\"Article\",\"@id\":\"https:\/\/www.sonoraenequipo.com.mx\/conafor-y-reforestamos-mexico-lanzan-la-6-edicion-del-concurso-de-fotografia-vision-forestal-y-centinelas-del-tiempo\/#article\",\"isPartOf\":{\"@id\":\"https:\/\/www.sonoraenequipo.com.mx\/conafor-y-reforestamos-mexico-lanzan-la-6-edicion-del-concurso-de-fotografia-vision-forestal-y-centinelas-del-tiempo\/\"},\"author\":{\"name\":\"enequipo\",\"@id\":\"https:\/\/www.sonoraenequipo.com.mx\/#\/schema\/person\/50102df0fb23a8fa9e8effad8fa81386\"},\"headline\":\"Conafor y Reforestamos M\u00e9xico lanzan la 6\u00b0 edici\u00f3n del concurso de fotograf\u00eda Visi\u00f3n Forestal y Centinelas del Tiempo\",\"datePublished\":\"2021-09-24T18:23:45+00:00\",\"mainEntityOfPage\":{\"@id\":\"https:\/\/www.sonoraenequipo.com.mx\/conafor-y-reforestamos-mexico-lanzan-la-6-edicion-del-concurso-de-fotografia-vision-forestal-y-centinelas-del-tiempo\/\"},\"wordCount\":475,\"commentCount\":0,\"publisher\":{\"@id\":\"https:\/\/www.sonoraenequipo.com.mx\/#organization\"},\"image\":{\"@id\":\"https:\/\/www.sonoraenequipo.com.mx\/conafor-y-reforestamos-mexico-lanzan-la-6-edicion-del-concurso-de-fotografia-vision-forestal-y-centinelas-del-tiempo\/#primaryimage\"},\"thumbnailUrl\":\"https:\/\/www.sonoraenequipo.com.mx\/storage\/2021\/09\/arbol.jpg\",\"keywords\":[\"conafor\",\"reforestemos M\u00e9xico\"],\"articleSection\":[\"Rep\u00fablica\"],\"inLanguage\":\"es\",\"potentialAction\":[{\"@type\":\"CommentAction\",\"name\":\"Comment\",\"target\":[\"https:\/\/www.sonoraenequipo.com.mx\/conafor-y-reforestamos-mexico-lanzan-la-6-edicion-del-concurso-de-fotografia-vision-forestal-y-centinelas-del-tiempo\/#respond\"]}]},{\"@type\":\"WebPage\",\"@id\":\"https:\/\/www.sonoraenequipo.com.mx\/conafor-y-reforestamos-mexico-lanzan-la-6-edicion-del-concurso-de-fotografia-vision-forestal-y-centinelas-del-tiempo\/\",\"url\":\"https:\/\/www.sonoraenequipo.com.mx\/conafor-y-reforestamos-mexico-lanzan-la-6-edicion-del-concurso-de-fotografia-vision-forestal-y-centinelas-del-tiempo\/\",\"name\":\"Sonora en Equipo. Conafor y Reforestamos M\u00e9xico lanzan la 6\u00b0 edici\u00f3n del concurso de fotograf\u00eda Visi\u00f3n Forestal y Centinelas del Tiempo Rep\u00fablica\",\"isPartOf\":{\"@id\":\"https:\/\/www.sonoraenequipo.com.mx\/#website\"},\"primaryImageOfPage\":{\"@id\":\"https:\/\/www.sonoraenequipo.com.mx\/conafor-y-reforestamos-mexico-lanzan-la-6-edicion-del-concurso-de-fotografia-vision-forestal-y-centinelas-del-tiempo\/#primaryimage\"},\"image\":{\"@id\":\"https:\/\/www.sonoraenequipo.com.mx\/conafor-y-reforestamos-mexico-lanzan-la-6-edicion-del-concurso-de-fotografia-vision-forestal-y-centinelas-del-tiempo\/#primaryimage\"},\"thumbnailUrl\":\"https:\/\/www.sonoraenequipo.com.mx\/storage\/2021\/09\/arbol.jpg\",\"datePublished\":\"2021-09-24T18:23:45+00:00\",\"description\":\"El concurso tiene una bolsa de 535 mil pesos en premios. El objetivo es crear un registro fotogr\u00e1fico de los \u00e1rboles majestuosos y de los ecosistemas En Sonora en Equipo publicamos toda la informaci\u00f3n de Sonora, M\u00e9xico y el Mundo de manera oportuna y busca que la libertad de expresi\u00f3n sea real. Visita nuestro medio informativo publicado desde Hermosillo, Sonora. %\",\"breadcrumb\":{\"@id\":\"https:\/\/www.sonoraenequipo.com.mx\/conafor-y-reforestamos-mexico-lanzan-la-6-edicion-del-concurso-de-fotografia-vision-forestal-y-centinelas-del-tiempo\/#breadcrumb\"},\"inLanguage\":\"es\",\"potentialAction\":[{\"@type\":\"ReadAction\",\"target\":[\"https:\/\/www.sonoraenequipo.com.mx\/conafor-y-reforestamos-mexico-lanzan-la-6-edicion-del-concurso-de-fotografia-vision-forestal-y-centinelas-del-tiempo\/\"]}]},{\"@type\":\"ImageObject\",\"inLanguage\":\"es\",\"@id\":\"https:\/\/www.sonoraenequipo.com.mx\/conafor-y-reforestamos-mexico-lanzan-la-6-edicion-del-concurso-de-fotografia-vision-forestal-y-centinelas-del-tiempo\/#primaryimage\",\"url\":\"https:\/\/www.sonoraenequipo.com.mx\/storage\/2021\/09\/arbol.jpg\",\"contentUrl\":\"https:\/\/www.sonoraenequipo.com.mx\/storage\/2021\/09\/arbol.jpg\",\"width\":700,\"height\":400,\"caption\":\"Imagen: Conafor\"},{\"@type\":\"BreadcrumbList\",\"@id\":\"https:\/\/www.sonoraenequipo.com.mx\/conafor-y-reforestamos-mexico-lanzan-la-6-edicion-del-concurso-de-fotografia-vision-forestal-y-centinelas-del-tiempo\/#breadcrumb\",\"itemListElement\":[{\"@type\":\"ListItem\",\"position\":1,\"name\":\"Portada\",\"item\":\"https:\/\/www.sonoraenequipo.com.mx\/\"},{\"@type\":\"ListItem\",\"position\":2,\"name\":\"Conafor y Reforestamos M\u00e9xico lanzan la 6\u00b0 edici\u00f3n del concurso de fotograf\u00eda Visi\u00f3n Forestal y Centinelas del Tiempo\"}]},{\"@type\":\"WebSite\",\"@id\":\"https:\/\/www.sonoraenequipo.com.mx\/#website\",\"url\":\"https:\/\/www.sonoraenequipo.com.mx\/\",\"name\":\"Sonora en Equipo.\",\"description\":\"Diario en l\u00ednea con Noticias desde Hermosillo, Sonora\",\"publisher\":{\"@id\":\"https:\/\/www.sonoraenequipo.com.mx\/#organization\"},\"potentialAction\":[{\"@type\":\"SearchAction\",\"target\":{\"@type\":\"EntryPoint\",\"urlTemplate\":\"https:\/\/www.sonoraenequipo.com.mx\/?s={search_term_string}\"},\"query-input\":{\"@type\":\"PropertyValueSpecification\",\"valueRequired\":true,\"valueName\":\"search_term_string\"}}],\"inLanguage\":\"es\"},{\"@type\":\"Organization\",\"@id\":\"https:\/\/www.sonoraenequipo.com.mx\/#organization\",\"name\":\"Sonoraenequipo.com.mx\",\"url\":\"https:\/\/www.sonoraenequipo.com.mx\/\",\"logo\":{\"@type\":\"ImageObject\",\"inLanguage\":\"es\",\"@id\":\"https:\/\/www.sonoraenequipo.com.mx\/#\/schema\/logo\/image\/\",\"url\":\"https:\/\/www.sonoraenequipo.com.mx\/storage\/2019\/01\/sonoraenequipo_opt.png\",\"contentUrl\":\"https:\/\/www.sonoraenequipo.com.mx\/storage\/2019\/01\/sonoraenequipo_opt.png\",\"width\":375,\"height\":125,\"caption\":\"Sonoraenequipo.com.mx\"},\"image\":{\"@id\":\"https:\/\/www.sonoraenequipo.com.mx\/#\/schema\/logo\/image\/\"},\"sameAs\":[\"https:\/\/www.facebook.com\/SonoraEE\/\",\"https:\/\/x.com\/sonoraenequipo\",\"https:\/\/www.youtube.com\/channel\/UC338nW-lPEYmJQs4ZABQ1SQ\"]},{\"@type\":\"Person\",\"@id\":\"https:\/\/www.sonoraenequipo.com.mx\/#\/schema\/person\/50102df0fb23a8fa9e8effad8fa81386\",\"name\":\"enequipo\",\"image\":{\"@type\":\"ImageObject\",\"inLanguage\":\"es\",\"@id\":\"https:\/\/www.sonoraenequipo.com.mx\/#\/schema\/person\/image\/\",\"url\":\"https:\/\/secure.gravatar.com\/avatar\/049821681b589dabc0bc20695993ccebb09f5b5d4d790cd9251b97faac7c652b?s=96&d=blank&r=g\",\"contentUrl\":\"https:\/\/secure.gravatar.com\/avatar\/049821681b589dabc0bc20695993ccebb09f5b5d4d790cd9251b97faac7c652b?s=96&d=blank&r=g\",\"caption\":\"enequipo\"},\"sameAs\":[\"https:\/\/www.facebook.com\/SonoraEE\"]}]}<\/script>\n ","yoast_head_json":{"title":"Sonora en Equipo. Conafor y Reforestamos M\u00e9xico lanzan la 6\u00b0 edici\u00f3n del concurso de fotograf\u00eda Visi\u00f3n Forestal y Centinelas del Tiempo Rep\u00fablica","description":"El concurso tiene una bolsa de 535 mil pesos en premios. El objetivo es crear un registro fotogr\u00e1fico de los \u00e1rboles majestuosos y de los ecosistemas En Sonora en Equipo publicamos toda la informaci\u00f3n de Sonora, M\u00e9xico y el Mundo de manera oportuna y busca que la libertad de expresi\u00f3n sea real. Visita nuestro medio informativo publicado desde Hermosillo, Sonora. %","robots":{"index":"index","follow":"follow","max-snippet":"max-snippet:-1","max-image-preview":"max-image-preview:large","max-video-preview":"max-video-preview:-1"},"canonical":"https:\/\/www.sonoraenequipo.com.mx\/conafor-y-reforestamos-mexico-lanzan-la-6-edicion-del-concurso-de-fotografia-vision-forestal-y-centinelas-del-tiempo\/","og_locale":"es_ES","og_type":"article","og_title":"Sonora en Equipo. Conafor y Reforestamos M\u00e9xico lanzan la 6\u00b0 edici\u00f3n del concurso de fotograf\u00eda Visi\u00f3n Forestal y Centinelas del Tiempo Rep\u00fablica","og_description":"El concurso tiene una bolsa de 535 mil pesos en premios. El objetivo es crear un registro fotogr\u00e1fico de los \u00e1rboles majestuosos y de los ecosistemas En Sonora en Equipo publicamos toda la informaci\u00f3n de Sonora, M\u00e9xico y el Mundo de manera oportuna y busca que la libertad de expresi\u00f3n sea real. Visita nuestro medio informativo publicado desde Hermosillo, Sonora. %","og_url":"https:\/\/www.sonoraenequipo.com.mx\/conafor-y-reforestamos-mexico-lanzan-la-6-edicion-del-concurso-de-fotografia-vision-forestal-y-centinelas-del-tiempo\/","og_site_name":"Sonora en Equipo.","article_publisher":"https:\/\/www.facebook.com\/SonoraEE\/","article_author":"https:\/\/www.facebook.com\/SonoraEE","article_published_time":"2021-09-24T18:23:45+00:00","og_image":[{"width":700,"height":400,"url":"https:\/\/www.sonoraenequipo.com.mx\/storage\/2021\/09\/arbol.jpg","type":"image\/jpeg"}],"author":"enequipo","twitter_card":"summary_large_image","twitter_creator":"@sonoraenequipo","twitter_site":"@sonoraenequipo","twitter_misc":{"Escrito por":"enequipo","Tiempo de lectura":"2 minutos"},"schema":{"@context":"https:\/\/schema.org","@graph":[{"@type":"Article","@id":"https:\/\/www.sonoraenequipo.com.mx\/conafor-y-reforestamos-mexico-lanzan-la-6-edicion-del-concurso-de-fotografia-vision-forestal-y-centinelas-del-tiempo\/#article","isPartOf":{"@id":"https:\/\/www.sonoraenequipo.com.mx\/conafor-y-reforestamos-mexico-lanzan-la-6-edicion-del-concurso-de-fotografia-vision-forestal-y-centinelas-del-tiempo\/"},"author":{"name":"enequipo","@id":"https:\/\/www.sonoraenequipo.com.mx\/#\/schema\/person\/50102df0fb23a8fa9e8effad8fa81386"},"headline":"Conafor y Reforestamos M\u00e9xico lanzan la 6\u00b0 edici\u00f3n del concurso de fotograf\u00eda Visi\u00f3n Forestal y Centinelas del Tiempo","datePublished":"2021-09-24T18:23:45+00:00","mainEntityOfPage":{"@id":"https:\/\/www.sonoraenequipo.com.mx\/conafor-y-reforestamos-mexico-lanzan-la-6-edicion-del-concurso-de-fotografia-vision-forestal-y-centinelas-del-tiempo\/"},"wordCount":475,"commentCount":0,"publisher":{"@id":"https:\/\/www.sonoraenequipo.com.mx\/#organization"},"image":{"@id":"https:\/\/www.sonoraenequipo.com.mx\/conafor-y-reforestamos-mexico-lanzan-la-6-edicion-del-concurso-de-fotografia-vision-forestal-y-centinelas-del-tiempo\/#primaryimage"},"thumbnailUrl":"https:\/\/www.sonoraenequipo.com.mx\/storage\/2021\/09\/arbol.jpg","keywords":["conafor","reforestemos M\u00e9xico"],"articleSection":["Rep\u00fablica"],"inLanguage":"es","potentialAction":[{"@type":"CommentAction","name":"Comment","target":["https:\/\/www.sonoraenequipo.com.mx\/conafor-y-reforestamos-mexico-lanzan-la-6-edicion-del-concurso-de-fotografia-vision-forestal-y-centinelas-del-tiempo\/#respond"]}]},{"@type":"WebPage","@id":"https:\/\/www.sonoraenequipo.com.mx\/conafor-y-reforestamos-mexico-lanzan-la-6-edicion-del-concurso-de-fotografia-vision-forestal-y-centinelas-del-tiempo\/","url":"https:\/\/www.sonoraenequipo.com.mx\/conafor-y-reforestamos-mexico-lanzan-la-6-edicion-del-concurso-de-fotografia-vision-forestal-y-centinelas-del-tiempo\/","name":"Sonora en Equipo. Conafor y Reforestamos M\u00e9xico lanzan la 6\u00b0 edici\u00f3n del concurso de fotograf\u00eda Visi\u00f3n Forestal y Centinelas del Tiempo Rep\u00fablica","isPartOf":{"@id":"https:\/\/www.sonoraenequipo.com.mx\/#website"},"primaryImageOfPage":{"@id":"https:\/\/www.sonoraenequipo.com.mx\/conafor-y-reforestamos-mexico-lanzan-la-6-edicion-del-concurso-de-fotografia-vision-forestal-y-centinelas-del-tiempo\/#primaryimage"},"image":{"@id":"https:\/\/www.sonoraenequipo.com.mx\/conafor-y-reforestamos-mexico-lanzan-la-6-edicion-del-concurso-de-fotografia-vision-forestal-y-centinelas-del-tiempo\/#primaryimage"},"thumbnailUrl":"https:\/\/www.sonoraenequipo.com.mx\/storage\/2021\/09\/arbol.jpg","datePublished":"2021-09-24T18:23:45+00:00","description":"El concurso tiene una bolsa de 535 mil pesos en premios. El objetivo es crear un registro fotogr\u00e1fico de los \u00e1rboles majestuosos y de los ecosistemas En Sonora en Equipo publicamos toda la informaci\u00f3n de Sonora, M\u00e9xico y el Mundo de manera oportuna y busca que la libertad de expresi\u00f3n sea real. Visita nuestro medio informativo publicado desde Hermosillo, Sonora. %","breadcrumb":{"@id":"https:\/\/www.sonoraenequipo.com.mx\/conafor-y-reforestamos-mexico-lanzan-la-6-edicion-del-concurso-de-fotografia-vision-forestal-y-centinelas-del-tiempo\/#breadcrumb"},"inLanguage":"es","potentialAction":[{"@type":"ReadAction","target":["https:\/\/www.sonoraenequipo.com.mx\/conafor-y-reforestamos-mexico-lanzan-la-6-edicion-del-concurso-de-fotografia-vision-forestal-y-centinelas-del-tiempo\/"]}]},{"@type":"ImageObject","inLanguage":"es","@id":"https:\/\/www.sonoraenequipo.com.mx\/conafor-y-reforestamos-mexico-lanzan-la-6-edicion-del-concurso-de-fotografia-vision-forestal-y-centinelas-del-tiempo\/#primaryimage","url":"https:\/\/www.sonoraenequipo.com.mx\/storage\/2021\/09\/arbol.jpg","contentUrl":"https:\/\/www.sonoraenequipo.com.mx\/storage\/2021\/09\/arbol.jpg","width":700,"height":400,"caption":"Imagen: Conafor"},{"@type":"BreadcrumbList","@id":"https:\/\/www.sonoraenequipo.com.mx\/conafor-y-reforestamos-mexico-lanzan-la-6-edicion-del-concurso-de-fotografia-vision-forestal-y-centinelas-del-tiempo\/#breadcrumb","itemListElement":[{"@type":"ListItem","position":1,"name":"Portada","item":"https:\/\/www.sonoraenequipo.com.mx\/"},{"@type":"ListItem","position":2,"name":"Conafor y Reforestamos M\u00e9xico lanzan la 6\u00b0 edici\u00f3n del concurso de fotograf\u00eda Visi\u00f3n Forestal y Centinelas del Tiempo"}]},{"@type":"WebSite","@id":"https:\/\/www.sonoraenequipo.com.mx\/#website","url":"https:\/\/www.sonoraenequipo.com.mx\/","name":"Sonora en Equipo.","description":"Diario en l\u00ednea con Noticias desde Hermosillo, Sonora","publisher":{"@id":"https:\/\/www.sonoraenequipo.com.mx\/#organization"},"potentialAction":[{"@type":"SearchAction","target":{"@type":"EntryPoint","urlTemplate":"https:\/\/www.sonoraenequipo.com.mx\/?s={search_term_string}"},"query-input":{"@type":"PropertyValueSpecification","valueRequired":true,"valueName":"search_term_string"}}],"inLanguage":"es"},{"@type":"Organization","@id":"https:\/\/www.sonoraenequipo.com.mx\/#organization","name":"Sonoraenequipo.com.mx","url":"https:\/\/www.sonoraenequipo.com.mx\/","logo":{"@type":"ImageObject","inLanguage":"es","@id":"https:\/\/www.sonoraenequipo.com.mx\/#\/schema\/logo\/image\/","url":"https:\/\/www.sonoraenequipo.com.mx\/storage\/2019\/01\/sonoraenequipo_opt.png","contentUrl":"https:\/\/www.sonoraenequipo.com.mx\/storage\/2019\/01\/sonoraenequipo_opt.png","width":375,"height":125,"caption":"Sonoraenequipo.com.mx"},"image":{"@id":"https:\/\/www.sonoraenequipo.com.mx\/#\/schema\/logo\/image\/"},"sameAs":["https:\/\/www.facebook.com\/SonoraEE\/","https:\/\/x.com\/sonoraenequipo","https:\/\/www.youtube.com\/channel\/UC338nW-lPEYmJQs4ZABQ1SQ"]},{"@type":"Person","@id":"https:\/\/www.sonoraenequipo.com.mx\/#\/schema\/person\/50102df0fb23a8fa9e8effad8fa81386","name":"enequipo","image":{"@type":"ImageObject","inLanguage":"es","@id":"https:\/\/www.sonoraenequipo.com.mx\/#\/schema\/person\/image\/","url":"https:\/\/secure.gravatar.com\/avatar\/049821681b589dabc0bc20695993ccebb09f5b5d4d790cd9251b97faac7c652b?s=96&d=blank&r=g","contentUrl":"https:\/\/secure.gravatar.com\/avatar\/049821681b589dabc0bc20695993ccebb09f5b5d4d790cd9251b97faac7c652b?s=96&d=blank&r=g","caption":"enequipo"},"sameAs":["https:\/\/www.facebook.com\/SonoraEE"]}]}},"jetpack_featured_media_url":"https:\/\/www.sonoraenequipo.com.mx\/storage\/2021\/09\/arbol.jpg","_links":{"self":[{"href":"https:\/\/www.sonoraenequipo.com.mx\/api\/wp\/v2\/posts\/123546","targetHints":{"allow":["GET"]}}],"collection":[{"href":"https:\/\/www.sonoraenequipo.com.mx\/api\/wp\/v2\/posts"}],"about":[{"href":"https:\/\/www.sonoraenequipo.com.mx\/api\/wp\/v2\/types\/post"}],"author":[{"embeddable":true,"href":"https:\/\/www.sonoraenequipo.com.mx\/api\/wp\/v2\/users\/1"}],"replies":[{"embeddable":true,"href":"https:\/\/www.sonoraenequipo.com.mx\/api\/wp\/v2\/comments?post=123546"}],"version-history":[{"count":1,"href":"https:\/\/www.sonoraenequipo.com.mx\/api\/wp\/v2\/posts\/123546\/revisions"}],"predecessor-version":[{"id":123549,"href":"https:\/\/www.sonoraenequipo.com.mx\/api\/wp\/v2\/posts\/123546\/revisions\/123549"}],"wp:featuredmedia":[{"embeddable":true,"href":"https:\/\/www.sonoraenequipo.com.mx\/api\/wp\/v2\/media\/123548"}],"wp:attachment":[{"href":"https:\/\/www.sonoraenequipo.com.mx\/api\/wp\/v2\/media?parent=123546"}],"wp:term":[{"taxonomy":"category","embeddable":true,"href":"https:\/\/www.sonoraenequipo.com.mx\/api\/wp\/v2\/categories?post=123546"},{"taxonomy":"post_tag","embeddable":true,"href":"https:\/\/www.sonoraenequipo.com.mx\/api\/wp\/v2\/tags?post=123546"}],"curies":[{"name":"wp","href":"https:\/\/api.w.org\/{rel}","templated":true}]}}