{"id":123553,"date":"2021-09-24T12:40:28","date_gmt":"2021-09-24T19:40:28","guid":{"rendered":"https:\/\/www.sonoraenequipo.com.mx\/?p=123553"},"modified":"2021-09-24T12:41:25","modified_gmt":"2021-09-24T19:41:25","slug":"evacuan-barrios-por-aumento-de-la-explosividad-del-volcan-en-la-palma","status":"publish","type":"post","link":"https:\/\/www.sonoraenequipo.com.mx\/evacuan-barrios-por-aumento-de-la-explosividad-del-volcan-en-la-palma\/","title":{"rendered":"Evac\u00faan  barrios por aumento de la explosividad del volc\u00e1n en  La Palma"},"content":{"rendered":"<p>MADRID,ESPA\u00d1A.&#8211; La Direcci\u00f3n General de Seguridad y Emergencias del Gobierno de Canarias, en aplicaci\u00f3n del Pevolca, ha ordenado este viernes la evacuaci\u00f3n de los vecinos de los barrios de Tajuya y Tacande de Abajo y Tacande de Arriba &#8211;los que a\u00fan no hab\u00edan sido evacuados&#8211; debido a la intensificaci\u00f3n de la actividad explosiva en Cumbre Vieja, seg\u00fan inrm\u00f3 la Agencia Europa Press<\/p>\n<p>&nbsp;<\/p>\n<p>Adem\u00e1s, ha aumentado la inestabilidad del edificio volc\u00e1nico y los materiales emitidos pueden alcanzar una mayor distancia y producirse fen\u00f3menos como llegadas de cenizas y material volc\u00e1nico de alta temperatura m\u00e1s all\u00e1 de la zona establecida como zona de exclusi\u00f3n.<\/p>\n<p>&nbsp;<\/p>\n<p>Asimismo, resaltan desde el Ejecutivo canario, se pueden producir vibraciones y detonaciones.<\/p>\n<p>&nbsp;<\/p>\n<p>La decisi\u00f3n se toma apenas 15 minutos despu\u00e9s de que se hubiera ordenado el confinamiento de estos n\u00facleos y las personas evacuadas deben dirigirse al campo de f\u00fatbol de El Paso para coordinar el dispositivo.<\/p>\n<p>&nbsp;<\/p>\n<p>Federico Grillo, jefe de Emergencias del Cabildo de Gran Canaria y que se encontraba en el operativo de seguridad en la zona, ha indicado a los medios de comunicaci\u00f3n que la evacuaci\u00f3n se ha decidido por \u00abprecauci\u00f3n\u00bb ante el aumento de la explosividad del volc\u00e1n.<\/p>\n<p>&nbsp;<\/p>\n<p>\u00abSe ve y se siente\u00bb, ha se\u00f1alado, subrayando que lo mejor es \u00abser cautelosos y si se calma\u00bb, acabar con el desalojo y que la gente vuelva a sus casas &#8211;se han planteado un tiempo de espera de unas tres horas aproximadamente&#8211;.<\/p>\n<p>&nbsp;<\/p>\n<p>Grillo ha comentado que el volc\u00e1n \u00abtiene mayor alcance de lanzar cosas\u00bb, de ah\u00ed que sea m\u00e1s peligroso trabajar dentro del per\u00edmetro, aunque ha valorado que lo positivo es que el nuevo material \u00abno alimenta las coladas de lava\u00bb.<\/p>\n<p>&nbsp;<\/p>\n<p>Esta intensificaci\u00f3n de la actividad explosiva, ha indicado, se debe a un taponamiento del canal l\u00e1vico por la ca\u00edda de una gran estructura.<\/p>\n<p>Fecha de Publicaci\u00f3n\u00a0 viernes\u00a0 \/ 24\u00a0\u00a0 \/ septiembre \/ 2021\/\u00a0 ver m\u00e1s: <a href=\"https:\/\/www.europapress.es\/islas-canarias\/noticia-evacuan-barrios-tajuya-tacande-aumento-explosividad-volcan-20210924171952.html?utm_source=boletin&amp;utm_medium=email&amp;utm_campaign=usuariosboletin\">Evac\u00faan los barrios de Tajuya y Tacande por aumento de la explosividad del volc\u00e1n (europapress.es)<\/a><\/p>\n<p>&nbsp;<\/p>\n","protected":false},"excerpt":{"rendered":"<p>MADRID,ESPA\u00d1A.&#8211; La Direcci\u00f3n General de Seguridad y Emergencias del Gobierno de Canarias, en aplicaci\u00f3n del&#8230;<\/p>\n","protected":false},"author":1,"featured_media":123554,"comment_status":"open","ping_status":"open","sticky":false,"template":"","format":"standard","meta":{"_monsterinsights_skip_tracking":false,"_monsterinsights_sitenote_active":false,"_monsterinsights_sitenote_note":"","_monsterinsights_sitenote_category":0,"footnotes":""},"categories":[3],"tags":[6147],"class_list":["post"],"yoast_head":" \n<title>Sonora en Equipo. Evac\u00faan barrios por aumento de la explosividad del volc\u00e1n en La Palma MUNDO<\/title>\n<meta name=\"description\" content=\"MADRID,ESPA\u00d1A.-- La Direcci\u00f3n General de Seguridad y Emergencias del Gobierno de Canarias, en aplicaci\u00f3n del Pevolca, ha ordenado este viernes la En Sonora en Equipo publicamos toda la informaci\u00f3n de Sonora, M\u00e9xico y el Mundo de manera oportuna y busca que la libertad de expresi\u00f3n sea real. Visita nuestro medio informativo publicado desde Hermosillo, Sonora. %\" \/>\n<meta name=\"robots\" content=\"index, follow, max-snippet:-1, max-image-preview:large, max-video-preview:-1\" \/>\n<link rel=\"canonical\" href=\"https:\/\/www.sonoraenequipo.com.mx\/evacuan-barrios-por-aumento-de-la-explosividad-del-volcan-en-la-palma\/\" \/>\n<meta property=\"og:locale\" content=\"es_ES\" \/>\n<meta property=\"og:type\" content=\"article\" \/>\n<meta property=\"og:title\" content=\"Sonora en Equipo. Evac\u00faan barrios por aumento de la explosividad del volc\u00e1n en La Palma MUNDO\" \/>\n<meta property=\"og:description\" content=\"MADRID,ESPA\u00d1A.-- La Direcci\u00f3n General de Seguridad y Emergencias del Gobierno de Canarias, en aplicaci\u00f3n del Pevolca, ha ordenado este viernes la En Sonora en Equipo publicamos toda la informaci\u00f3n de Sonora, M\u00e9xico y el Mundo de manera oportuna y busca que la libertad de expresi\u00f3n sea real. Visita nuestro medio informativo publicado desde Hermosillo, Sonora. %\" \/>\n<meta property=\"og:url\" content=\"https:\/\/www.sonoraenequipo.com.mx\/evacuan-barrios-por-aumento-de-la-explosividad-del-volcan-en-la-palma\/\" \/>\n<meta property=\"og:site_name\" content=\"Sonora en Equipo.\" \/>\n<meta property=\"article:publisher\" content=\"https:\/\/www.facebook.com\/SonoraEE\/\" \/>\n<meta property=\"article:author\" content=\"https:\/\/www.facebook.com\/SonoraEE\" \/>\n<meta property=\"article:published_time\" content=\"2021-09-24T19:40:28+00:00\" \/>\n<meta property=\"article:modified_time\" content=\"2021-09-24T19:41:25+00:00\" \/>\n<meta property=\"og:image\" content=\"https:\/\/www.sonoraenequipo.com.mx\/storage\/2021\/09\/evacuacion-las-palmas.jpg\" \/>\n\t<meta property=\"og:image:width\" content=\"700\" \/>\n\t<meta property=\"og:image:height\" content=\"400\" \/>\n\t<meta property=\"og:image:type\" content=\"image\/jpeg\" \/>\n<meta name=\"author\" content=\"enequipo\" \/>\n<meta name=\"twitter:card\" content=\"summary_large_image\" \/>\n<meta name=\"twitter:creator\" content=\"@sonoraenequipo\" \/>\n<meta name=\"twitter:site\" content=\"@sonoraenequipo\" \/>\n<meta name=\"twitter:label1\" content=\"Escrito por\" \/>\n\t<meta name=\"twitter:data1\" content=\"enequipo\" \/>\n\t<meta name=\"twitter:label2\" content=\"Tiempo de lectura\" \/>\n\t<meta name=\"twitter:data2\" content=\"2 minutos\" \/>\n<script type=\"application\/ld+json\" class=\"yoast-schema-graph\">{\"@context\":\"https:\/\/schema.org\",\"@graph\":[{\"@type\":\"Article\",\"@id\":\"https:\/\/www.sonoraenequipo.com.mx\/evacuan-barrios-por-aumento-de-la-explosividad-del-volcan-en-la-palma\/#article\",\"isPartOf\":{\"@id\":\"https:\/\/www.sonoraenequipo.com.mx\/evacuan-barrios-por-aumento-de-la-explosividad-del-volcan-en-la-palma\/\"},\"author\":{\"name\":\"enequipo\",\"@id\":\"https:\/\/www.sonoraenequipo.com.mx\/#\/schema\/person\/50102df0fb23a8fa9e8effad8fa81386\"},\"headline\":\"Evac\u00faan barrios por aumento de la explosividad del volc\u00e1n en La Palma\",\"datePublished\":\"2021-09-24T19:40:28+00:00\",\"dateModified\":\"2021-09-24T19:41:25+00:00\",\"mainEntityOfPage\":{\"@id\":\"https:\/\/www.sonoraenequipo.com.mx\/evacuan-barrios-por-aumento-de-la-explosividad-del-volcan-en-la-palma\/\"},\"wordCount\":377,\"commentCount\":0,\"publisher\":{\"@id\":\"https:\/\/www.sonoraenequipo.com.mx\/#organization\"},\"image\":{\"@id\":\"https:\/\/www.sonoraenequipo.com.mx\/evacuan-barrios-por-aumento-de-la-explosividad-del-volcan-en-la-palma\/#primaryimage\"},\"thumbnailUrl\":\"https:\/\/www.sonoraenequipo.com.mx\/storage\/2021\/09\/evacuacion-las-palmas.jpg\",\"keywords\":[\"volcan la palma\"],\"articleSection\":[\"MUNDO\"],\"inLanguage\":\"es\",\"potentialAction\":[{\"@type\":\"CommentAction\",\"name\":\"Comment\",\"target\":[\"https:\/\/www.sonoraenequipo.com.mx\/evacuan-barrios-por-aumento-de-la-explosividad-del-volcan-en-la-palma\/#respond\"]}]},{\"@type\":\"WebPage\",\"@id\":\"https:\/\/www.sonoraenequipo.com.mx\/evacuan-barrios-por-aumento-de-la-explosividad-del-volcan-en-la-palma\/\",\"url\":\"https:\/\/www.sonoraenequipo.com.mx\/evacuan-barrios-por-aumento-de-la-explosividad-del-volcan-en-la-palma\/\",\"name\":\"Sonora en Equipo. Evac\u00faan barrios por aumento de la explosividad del volc\u00e1n en La Palma MUNDO\",\"isPartOf\":{\"@id\":\"https:\/\/www.sonoraenequipo.com.mx\/#website\"},\"primaryImageOfPage\":{\"@id\":\"https:\/\/www.sonoraenequipo.com.mx\/evacuan-barrios-por-aumento-de-la-explosividad-del-volcan-en-la-palma\/#primaryimage\"},\"image\":{\"@id\":\"https:\/\/www.sonoraenequipo.com.mx\/evacuan-barrios-por-aumento-de-la-explosividad-del-volcan-en-la-palma\/#primaryimage\"},\"thumbnailUrl\":\"https:\/\/www.sonoraenequipo.com.mx\/storage\/2021\/09\/evacuacion-las-palmas.jpg\",\"datePublished\":\"2021-09-24T19:40:28+00:00\",\"dateModified\":\"2021-09-24T19:41:25+00:00\",\"description\":\"MADRID,ESPA\u00d1A.-- La Direcci\u00f3n General de Seguridad y Emergencias del Gobierno de Canarias, en aplicaci\u00f3n del Pevolca, ha ordenado este viernes la En Sonora en Equipo publicamos toda la informaci\u00f3n de Sonora, M\u00e9xico y el Mundo de manera oportuna y busca que la libertad de expresi\u00f3n sea real. Visita nuestro medio informativo publicado desde Hermosillo, Sonora. %\",\"breadcrumb\":{\"@id\":\"https:\/\/www.sonoraenequipo.com.mx\/evacuan-barrios-por-aumento-de-la-explosividad-del-volcan-en-la-palma\/#breadcrumb\"},\"inLanguage\":\"es\",\"potentialAction\":[{\"@type\":\"ReadAction\",\"target\":[\"https:\/\/www.sonoraenequipo.com.mx\/evacuan-barrios-por-aumento-de-la-explosividad-del-volcan-en-la-palma\/\"]}]},{\"@type\":\"ImageObject\",\"inLanguage\":\"es\",\"@id\":\"https:\/\/www.sonoraenequipo.com.mx\/evacuan-barrios-por-aumento-de-la-explosividad-del-volcan-en-la-palma\/#primaryimage\",\"url\":\"https:\/\/www.sonoraenequipo.com.mx\/storage\/2021\/09\/evacuacion-las-palmas.jpg\",\"contentUrl\":\"https:\/\/www.sonoraenequipo.com.mx\/storage\/2021\/09\/evacuacion-las-palmas.jpg\",\"width\":700,\"height\":400,\"caption\":\"Cr\u00e9dito: Europa Press\"},{\"@type\":\"BreadcrumbList\",\"@id\":\"https:\/\/www.sonoraenequipo.com.mx\/evacuan-barrios-por-aumento-de-la-explosividad-del-volcan-en-la-palma\/#breadcrumb\",\"itemListElement\":[{\"@type\":\"ListItem\",\"position\":1,\"name\":\"Portada\",\"item\":\"https:\/\/www.sonoraenequipo.com.mx\/\"},{\"@type\":\"ListItem\",\"position\":2,\"name\":\"Evac\u00faan barrios por aumento de la explosividad del volc\u00e1n en La Palma\"}]},{\"@type\":\"WebSite\",\"@id\":\"https:\/\/www.sonoraenequipo.com.mx\/#website\",\"url\":\"https:\/\/www.sonoraenequipo.com.mx\/\",\"name\":\"Sonora en Equipo.\",\"description\":\"Diario en l\u00ednea con Noticias desde Hermosillo, Sonora\",\"publisher\":{\"@id\":\"https:\/\/www.sonoraenequipo.com.mx\/#organization\"},\"potentialAction\":[{\"@type\":\"SearchAction\",\"target\":{\"@type\":\"EntryPoint\",\"urlTemplate\":\"https:\/\/www.sonoraenequipo.com.mx\/?s={search_term_string}\"},\"query-input\":{\"@type\":\"PropertyValueSpecification\",\"valueRequired\":true,\"valueName\":\"search_term_string\"}}],\"inLanguage\":\"es\"},{\"@type\":\"Organization\",\"@id\":\"https:\/\/www.sonoraenequipo.com.mx\/#organization\",\"name\":\"Sonoraenequipo.com.mx\",\"url\":\"https:\/\/www.sonoraenequipo.com.mx\/\",\"logo\":{\"@type\":\"ImageObject\",\"inLanguage\":\"es\",\"@id\":\"https:\/\/www.sonoraenequipo.com.mx\/#\/schema\/logo\/image\/\",\"url\":\"https:\/\/www.sonoraenequipo.com.mx\/storage\/2019\/01\/sonoraenequipo_opt.png\",\"contentUrl\":\"https:\/\/www.sonoraenequipo.com.mx\/storage\/2019\/01\/sonoraenequipo_opt.png\",\"width\":375,\"height\":125,\"caption\":\"Sonoraenequipo.com.mx\"},\"image\":{\"@id\":\"https:\/\/www.sonoraenequipo.com.mx\/#\/schema\/logo\/image\/\"},\"sameAs\":[\"https:\/\/www.facebook.com\/SonoraEE\/\",\"https:\/\/x.com\/sonoraenequipo\",\"https:\/\/www.youtube.com\/channel\/UC338nW-lPEYmJQs4ZABQ1SQ\"]},{\"@type\":\"Person\",\"@id\":\"https:\/\/www.sonoraenequipo.com.mx\/#\/schema\/person\/50102df0fb23a8fa9e8effad8fa81386\",\"name\":\"enequipo\",\"image\":{\"@type\":\"ImageObject\",\"inLanguage\":\"es\",\"@id\":\"https:\/\/www.sonoraenequipo.com.mx\/#\/schema\/person\/image\/\",\"url\":\"https:\/\/secure.gravatar.com\/avatar\/049821681b589dabc0bc20695993ccebb09f5b5d4d790cd9251b97faac7c652b?s=96&d=blank&r=g\",\"contentUrl\":\"https:\/\/secure.gravatar.com\/avatar\/049821681b589dabc0bc20695993ccebb09f5b5d4d790cd9251b97faac7c652b?s=96&d=blank&r=g\",\"caption\":\"enequipo\"},\"sameAs\":[\"https:\/\/www.facebook.com\/SonoraEE\"]}]}<\/script>\n ","yoast_head_json":{"title":"Sonora en Equipo. Evac\u00faan barrios por aumento de la explosividad del volc\u00e1n en La Palma MUNDO","description":"MADRID,ESPA\u00d1A.-- La Direcci\u00f3n General de Seguridad y Emergencias del Gobierno de Canarias, en aplicaci\u00f3n del Pevolca, ha ordenado este viernes la En Sonora en Equipo publicamos toda la informaci\u00f3n de Sonora, M\u00e9xico y el Mundo de manera oportuna y busca que la libertad de expresi\u00f3n sea real. Visita nuestro medio informativo publicado desde Hermosillo, Sonora. %","robots":{"index":"index","follow":"follow","max-snippet":"max-snippet:-1","max-image-preview":"max-image-preview:large","max-video-preview":"max-video-preview:-1"},"canonical":"https:\/\/www.sonoraenequipo.com.mx\/evacuan-barrios-por-aumento-de-la-explosividad-del-volcan-en-la-palma\/","og_locale":"es_ES","og_type":"article","og_title":"Sonora en Equipo. Evac\u00faan barrios por aumento de la explosividad del volc\u00e1n en La Palma MUNDO","og_description":"MADRID,ESPA\u00d1A.-- La Direcci\u00f3n General de Seguridad y Emergencias del Gobierno de Canarias, en aplicaci\u00f3n del Pevolca, ha ordenado este viernes la En Sonora en Equipo publicamos toda la informaci\u00f3n de Sonora, M\u00e9xico y el Mundo de manera oportuna y busca que la libertad de expresi\u00f3n sea real. Visita nuestro medio informativo publicado desde Hermosillo, Sonora. %","og_url":"https:\/\/www.sonoraenequipo.com.mx\/evacuan-barrios-por-aumento-de-la-explosividad-del-volcan-en-la-palma\/","og_site_name":"Sonora en Equipo.","article_publisher":"https:\/\/www.facebook.com\/SonoraEE\/","article_author":"https:\/\/www.facebook.com\/SonoraEE","article_published_time":"2021-09-24T19:40:28+00:00","article_modified_time":"2021-09-24T19:41:25+00:00","og_image":[{"width":700,"height":400,"url":"https:\/\/www.sonoraenequipo.com.mx\/storage\/2021\/09\/evacuacion-las-palmas.jpg","type":"image\/jpeg"}],"author":"enequipo","twitter_card":"summary_large_image","twitter_creator":"@sonoraenequipo","twitter_site":"@sonoraenequipo","twitter_misc":{"Escrito por":"enequipo","Tiempo de lectura":"2 minutos"},"schema":{"@context":"https:\/\/schema.org","@graph":[{"@type":"Article","@id":"https:\/\/www.sonoraenequipo.com.mx\/evacuan-barrios-por-aumento-de-la-explosividad-del-volcan-en-la-palma\/#article","isPartOf":{"@id":"https:\/\/www.sonoraenequipo.com.mx\/evacuan-barrios-por-aumento-de-la-explosividad-del-volcan-en-la-palma\/"},"author":{"name":"enequipo","@id":"https:\/\/www.sonoraenequipo.com.mx\/#\/schema\/person\/50102df0fb23a8fa9e8effad8fa81386"},"headline":"Evac\u00faan barrios por aumento de la explosividad del volc\u00e1n en La Palma","datePublished":"2021-09-24T19:40:28+00:00","dateModified":"2021-09-24T19:41:25+00:00","mainEntityOfPage":{"@id":"https:\/\/www.sonoraenequipo.com.mx\/evacuan-barrios-por-aumento-de-la-explosividad-del-volcan-en-la-palma\/"},"wordCount":377,"commentCount":0,"publisher":{"@id":"https:\/\/www.sonoraenequipo.com.mx\/#organization"},"image":{"@id":"https:\/\/www.sonoraenequipo.com.mx\/evacuan-barrios-por-aumento-de-la-explosividad-del-volcan-en-la-palma\/#primaryimage"},"thumbnailUrl":"https:\/\/www.sonoraenequipo.com.mx\/storage\/2021\/09\/evacuacion-las-palmas.jpg","keywords":["volcan la palma"],"articleSection":["MUNDO"],"inLanguage":"es","potentialAction":[{"@type":"CommentAction","name":"Comment","target":["https:\/\/www.sonoraenequipo.com.mx\/evacuan-barrios-por-aumento-de-la-explosividad-del-volcan-en-la-palma\/#respond"]}]},{"@type":"WebPage","@id":"https:\/\/www.sonoraenequipo.com.mx\/evacuan-barrios-por-aumento-de-la-explosividad-del-volcan-en-la-palma\/","url":"https:\/\/www.sonoraenequipo.com.mx\/evacuan-barrios-por-aumento-de-la-explosividad-del-volcan-en-la-palma\/","name":"Sonora en Equipo. Evac\u00faan barrios por aumento de la explosividad del volc\u00e1n en La Palma MUNDO","isPartOf":{"@id":"https:\/\/www.sonoraenequipo.com.mx\/#website"},"primaryImageOfPage":{"@id":"https:\/\/www.sonoraenequipo.com.mx\/evacuan-barrios-por-aumento-de-la-explosividad-del-volcan-en-la-palma\/#primaryimage"},"image":{"@id":"https:\/\/www.sonoraenequipo.com.mx\/evacuan-barrios-por-aumento-de-la-explosividad-del-volcan-en-la-palma\/#primaryimage"},"thumbnailUrl":"https:\/\/www.sonoraenequipo.com.mx\/storage\/2021\/09\/evacuacion-las-palmas.jpg","datePublished":"2021-09-24T19:40:28+00:00","dateModified":"2021-09-24T19:41:25+00:00","description":"MADRID,ESPA\u00d1A.-- La Direcci\u00f3n General de Seguridad y Emergencias del Gobierno de Canarias, en aplicaci\u00f3n del Pevolca, ha ordenado este viernes la En Sonora en Equipo publicamos toda la informaci\u00f3n de Sonora, M\u00e9xico y el Mundo de manera oportuna y busca que la libertad de expresi\u00f3n sea real. Visita nuestro medio informativo publicado desde Hermosillo, Sonora. %","breadcrumb":{"@id":"https:\/\/www.sonoraenequipo.com.mx\/evacuan-barrios-por-aumento-de-la-explosividad-del-volcan-en-la-palma\/#breadcrumb"},"inLanguage":"es","potentialAction":[{"@type":"ReadAction","target":["https:\/\/www.sonoraenequipo.com.mx\/evacuan-barrios-por-aumento-de-la-explosividad-del-volcan-en-la-palma\/"]}]},{"@type":"ImageObject","inLanguage":"es","@id":"https:\/\/www.sonoraenequipo.com.mx\/evacuan-barrios-por-aumento-de-la-explosividad-del-volcan-en-la-palma\/#primaryimage","url":"https:\/\/www.sonoraenequipo.com.mx\/storage\/2021\/09\/evacuacion-las-palmas.jpg","contentUrl":"https:\/\/www.sonoraenequipo.com.mx\/storage\/2021\/09\/evacuacion-las-palmas.jpg","width":700,"height":400,"caption":"Cr\u00e9dito: Europa Press"},{"@type":"BreadcrumbList","@id":"https:\/\/www.sonoraenequipo.com.mx\/evacuan-barrios-por-aumento-de-la-explosividad-del-volcan-en-la-palma\/#breadcrumb","itemListElement":[{"@type":"ListItem","position":1,"name":"Portada","item":"https:\/\/www.sonoraenequipo.com.mx\/"},{"@type":"ListItem","position":2,"name":"Evac\u00faan barrios por aumento de la explosividad del volc\u00e1n en La Palma"}]},{"@type":"WebSite","@id":"https:\/\/www.sonoraenequipo.com.mx\/#website","url":"https:\/\/www.sonoraenequipo.com.mx\/","name":"Sonora en Equipo.","description":"Diario en l\u00ednea con Noticias desde Hermosillo, Sonora","publisher":{"@id":"https:\/\/www.sonoraenequipo.com.mx\/#organization"},"potentialAction":[{"@type":"SearchAction","target":{"@type":"EntryPoint","urlTemplate":"https:\/\/www.sonoraenequipo.com.mx\/?s={search_term_string}"},"query-input":{"@type":"PropertyValueSpecification","valueRequired":true,"valueName":"search_term_string"}}],"inLanguage":"es"},{"@type":"Organization","@id":"https:\/\/www.sonoraenequipo.com.mx\/#organization","name":"Sonoraenequipo.com.mx","url":"https:\/\/www.sonoraenequipo.com.mx\/","logo":{"@type":"ImageObject","inLanguage":"es","@id":"https:\/\/www.sonoraenequipo.com.mx\/#\/schema\/logo\/image\/","url":"https:\/\/www.sonoraenequipo.com.mx\/storage\/2019\/01\/sonoraenequipo_opt.png","contentUrl":"https:\/\/www.sonoraenequipo.com.mx\/storage\/2019\/01\/sonoraenequipo_opt.png","width":375,"height":125,"caption":"Sonoraenequipo.com.mx"},"image":{"@id":"https:\/\/www.sonoraenequipo.com.mx\/#\/schema\/logo\/image\/"},"sameAs":["https:\/\/www.facebook.com\/SonoraEE\/","https:\/\/x.com\/sonoraenequipo","https:\/\/www.youtube.com\/channel\/UC338nW-lPEYmJQs4ZABQ1SQ"]},{"@type":"Person","@id":"https:\/\/www.sonoraenequipo.com.mx\/#\/schema\/person\/50102df0fb23a8fa9e8effad8fa81386","name":"enequipo","image":{"@type":"ImageObject","inLanguage":"es","@id":"https:\/\/www.sonoraenequipo.com.mx\/#\/schema\/person\/image\/","url":"https:\/\/secure.gravatar.com\/avatar\/049821681b589dabc0bc20695993ccebb09f5b5d4d790cd9251b97faac7c652b?s=96&d=blank&r=g","contentUrl":"https:\/\/secure.gravatar.com\/avatar\/049821681b589dabc0bc20695993ccebb09f5b5d4d790cd9251b97faac7c652b?s=96&d=blank&r=g","caption":"enequipo"},"sameAs":["https:\/\/www.facebook.com\/SonoraEE"]}]}},"jetpack_featured_media_url":"https:\/\/www.sonoraenequipo.com.mx\/storage\/2021\/09\/evacuacion-las-palmas.jpg","_links":{"self":[{"href":"https:\/\/www.sonoraenequipo.com.mx\/api\/wp\/v2\/posts\/123553","targetHints":{"allow":["GET"]}}],"collection":[{"href":"https:\/\/www.sonoraenequipo.com.mx\/api\/wp\/v2\/posts"}],"about":[{"href":"https:\/\/www.sonoraenequipo.com.mx\/api\/wp\/v2\/types\/post"}],"author":[{"embeddable":true,"href":"https:\/\/www.sonoraenequipo.com.mx\/api\/wp\/v2\/users\/1"}],"replies":[{"embeddable":true,"href":"https:\/\/www.sonoraenequipo.com.mx\/api\/wp\/v2\/comments?post=123553"}],"version-history":[{"count":1,"href":"https:\/\/www.sonoraenequipo.com.mx\/api\/wp\/v2\/posts\/123553\/revisions"}],"predecessor-version":[{"id":123555,"href":"https:\/\/www.sonoraenequipo.com.mx\/api\/wp\/v2\/posts\/123553\/revisions\/123555"}],"wp:featuredmedia":[{"embeddable":true,"href":"https:\/\/www.sonoraenequipo.com.mx\/api\/wp\/v2\/media\/123554"}],"wp:attachment":[{"href":"https:\/\/www.sonoraenequipo.com.mx\/api\/wp\/v2\/media?parent=123553"}],"wp:term":[{"taxonomy":"category","embeddable":true,"href":"https:\/\/www.sonoraenequipo.com.mx\/api\/wp\/v2\/categories?post=123553"},{"taxonomy":"post_tag","embeddable":true,"href":"https:\/\/www.sonoraenequipo.com.mx\/api\/wp\/v2\/tags?post=123553"}],"curies":[{"name":"wp","href":"https:\/\/api.w.org\/{rel}","templated":true}]}}