{"id":123557,"date":"2021-09-24T13:00:27","date_gmt":"2021-09-24T20:00:27","guid":{"rendered":"https:\/\/www.sonoraenequipo.com.mx\/?p=123557"},"modified":"2021-09-24T13:00:46","modified_gmt":"2021-09-24T20:00:46","slug":"sera-en-el-cif-donde-se-determinen-causas-del-deceso-de-un-recien-nacido-localizado-en-un-lote-baldio-en-hermosillo","status":"publish","type":"post","link":"https:\/\/www.sonoraenequipo.com.mx\/sera-en-el-cif-donde-se-determinen-causas-del-deceso-de-un-recien-nacido-localizado-en-un-lote-baldio-en-hermosillo\/","title":{"rendered":"Ser\u00e1 en el CIF donde se determinen causas del deceso de un reci\u00e9n nacido localizado en un\u00a0 lote bald\u00edo en Hermosillo"},"content":{"rendered":"<p>&nbsp;<\/p>\n<p>Ser\u00e1 en el CIF donde se determinen causas del deceso de un reci\u00e9n nacido localizado en un\u00a0 lote bald\u00edo en Hermosillo<\/p>\n<p>HERMOSILLO, SONORA,MX.\u2500\u2500 \u00a0Ser\u00e1 en el Laboratorio de Inteligencia Cient\u00edfica Forense (CIF) donde se realice la autopsia legal, por personal de la Fiscal\u00eda Sonora, para determinar la causa de su muerte, se mantienen las investigaciones en una carpeta.<\/p>\n<p>&nbsp;<\/p>\n<p>A las 07:50 horas, de este viernes 24 de septiembre, se tuvo conocimiento del hallazgo realizado en un lote bald\u00edo ubicado a 400 metros al Oriente del bulevar Jos\u00e9 S. Healy, cerca de la entrada a la colonia Pueblitos.<\/p>\n<p>&nbsp;<\/p>\n<p>Se alert\u00f3 del descubrimiento al n\u00famero de Emergencias 9-1-1, personal del Centro de Control, Comando, Comunicaci\u00f3n, C\u00f3mputo, Coordinaci\u00f3n e Inteligencia (C5i) alert\u00f3 a los cuerpos de seguridad, acudiendo la Polic\u00eda Municipal como primer respondiente.<\/p>\n<p>&nbsp;<\/p>\n<p>El cuerpo de la persona menor de edad, reci\u00e9n nacido, del sexo masculino, fue localizado sobre un camino de terracer\u00eda, estaba desnudo y a\u00fan con el cord\u00f3n umbilical.<\/p>\n<p>&nbsp;<\/p>\n<p>Elementos de la Agencia Ministerial de Investigaci\u00f3n Criminal (AMIC) acudieron al sitio acompa\u00f1ando a personal de Servicios Periciales y del Servicio M\u00e9dico Forense (Semefo), de la Fiscal\u00eda de Sonora, quienes procesaron el \u00e1rea del hallazgo.<\/p>\n<p>Fecha de Publicaci\u00f3n\u00a0 viernes\u00a0 \/ 24\u00a0\u00a0 \/ septiembre \/ 2021<\/p>\n","protected":false},"excerpt":{"rendered":"<p>&nbsp; Ser\u00e1 en el CIF donde se determinen causas del deceso de un reci\u00e9n nacido&#8230;<\/p>\n","protected":false},"author":1,"featured_media":123558,"comment_status":"open","ping_status":"open","sticky":false,"template":"","format":"standard","meta":{"_monsterinsights_skip_tracking":false,"_monsterinsights_sitenote_active":false,"_monsterinsights_sitenote_note":"","_monsterinsights_sitenote_category":0,"footnotes":""},"categories":[3144],"tags":[35,6171],"class_list":["post"],"yoast_head":" \n<title>Sonora en Equipo. Ser\u00e1 en el CIF donde se determinen causas del deceso de un reci\u00e9n nacido localizado en un\u00a0 lote bald\u00edo en Hermosillo Polic\u00edaca<\/title>\n<meta name=\"description\" content=\"&nbsp; Ser\u00e1 en el CIF donde se determinen causas del deceso de un reci\u00e9n nacido localizado en un\u00a0 lote bald\u00edo en Hermosillo HERMOSILLO, SONORA,MX.\u2500\u2500 \u00a0Ser\u00e1 En Sonora en Equipo publicamos toda la informaci\u00f3n de Sonora, M\u00e9xico y el Mundo de manera oportuna y busca que la libertad de expresi\u00f3n sea real. Visita nuestro medio informativo publicado desde Hermosillo, Sonora. %\" \/>\n<meta name=\"robots\" content=\"index, follow, max-snippet:-1, max-image-preview:large, max-video-preview:-1\" \/>\n<link rel=\"canonical\" href=\"https:\/\/www.sonoraenequipo.com.mx\/sera-en-el-cif-donde-se-determinen-causas-del-deceso-de-un-recien-nacido-localizado-en-un-lote-baldio-en-hermosillo\/\" \/>\n<meta property=\"og:locale\" content=\"es_ES\" \/>\n<meta property=\"og:type\" content=\"article\" \/>\n<meta property=\"og:title\" content=\"Sonora en Equipo. Ser\u00e1 en el CIF donde se determinen causas del deceso de un reci\u00e9n nacido localizado en un\u00a0 lote bald\u00edo en Hermosillo Polic\u00edaca\" \/>\n<meta property=\"og:description\" content=\"&nbsp; Ser\u00e1 en el CIF donde se determinen causas del deceso de un reci\u00e9n nacido localizado en un\u00a0 lote bald\u00edo en Hermosillo HERMOSILLO, SONORA,MX.\u2500\u2500 \u00a0Ser\u00e1 En Sonora en Equipo publicamos toda la informaci\u00f3n de Sonora, M\u00e9xico y el Mundo de manera oportuna y busca que la libertad de expresi\u00f3n sea real. Visita nuestro medio informativo publicado desde Hermosillo, Sonora. %\" \/>\n<meta property=\"og:url\" content=\"https:\/\/www.sonoraenequipo.com.mx\/sera-en-el-cif-donde-se-determinen-causas-del-deceso-de-un-recien-nacido-localizado-en-un-lote-baldio-en-hermosillo\/\" \/>\n<meta property=\"og:site_name\" content=\"Sonora en Equipo.\" \/>\n<meta property=\"article:publisher\" content=\"https:\/\/www.facebook.com\/SonoraEE\/\" \/>\n<meta property=\"article:author\" content=\"https:\/\/www.facebook.com\/SonoraEE\" \/>\n<meta property=\"article:published_time\" content=\"2021-09-24T20:00:27+00:00\" \/>\n<meta property=\"article:modified_time\" content=\"2021-09-24T20:00:46+00:00\" \/>\n<meta property=\"og:image\" content=\"https:\/\/www.sonoraenequipo.com.mx\/storage\/2021\/09\/cuna.jpg\" \/>\n\t<meta property=\"og:image:width\" content=\"700\" \/>\n\t<meta property=\"og:image:height\" content=\"400\" \/>\n\t<meta property=\"og:image:type\" content=\"image\/jpeg\" \/>\n<meta name=\"author\" content=\"enequipo\" \/>\n<meta name=\"twitter:card\" content=\"summary_large_image\" \/>\n<meta name=\"twitter:creator\" content=\"@sonoraenequipo\" \/>\n<meta name=\"twitter:site\" content=\"@sonoraenequipo\" \/>\n<meta name=\"twitter:label1\" content=\"Escrito por\" \/>\n\t<meta name=\"twitter:data1\" content=\"enequipo\" \/>\n\t<meta name=\"twitter:label2\" content=\"Tiempo de lectura\" \/>\n\t<meta name=\"twitter:data2\" content=\"1 minuto\" \/>\n<script type=\"application\/ld+json\" class=\"yoast-schema-graph\">{\"@context\":\"https:\/\/schema.org\",\"@graph\":[{\"@type\":\"Article\",\"@id\":\"https:\/\/www.sonoraenequipo.com.mx\/sera-en-el-cif-donde-se-determinen-causas-del-deceso-de-un-recien-nacido-localizado-en-un-lote-baldio-en-hermosillo\/#article\",\"isPartOf\":{\"@id\":\"https:\/\/www.sonoraenequipo.com.mx\/sera-en-el-cif-donde-se-determinen-causas-del-deceso-de-un-recien-nacido-localizado-en-un-lote-baldio-en-hermosillo\/\"},\"author\":{\"name\":\"enequipo\",\"@id\":\"https:\/\/www.sonoraenequipo.com.mx\/#\/schema\/person\/50102df0fb23a8fa9e8effad8fa81386\"},\"headline\":\"Ser\u00e1 en el CIF donde se determinen causas del deceso de un reci\u00e9n nacido localizado en un\u00a0 lote bald\u00edo en Hermosillo\",\"datePublished\":\"2021-09-24T20:00:27+00:00\",\"dateModified\":\"2021-09-24T20:00:46+00:00\",\"mainEntityOfPage\":{\"@id\":\"https:\/\/www.sonoraenequipo.com.mx\/sera-en-el-cif-donde-se-determinen-causas-del-deceso-de-un-recien-nacido-localizado-en-un-lote-baldio-en-hermosillo\/\"},\"wordCount\":246,\"commentCount\":0,\"publisher\":{\"@id\":\"https:\/\/www.sonoraenequipo.com.mx\/#organization\"},\"image\":{\"@id\":\"https:\/\/www.sonoraenequipo.com.mx\/sera-en-el-cif-donde-se-determinen-causas-del-deceso-de-un-recien-nacido-localizado-en-un-lote-baldio-en-hermosillo\/#primaryimage\"},\"thumbnailUrl\":\"https:\/\/www.sonoraenequipo.com.mx\/storage\/2021\/09\/cuna.jpg\",\"keywords\":[\"hermosillo\",\"reci\u00e9n nacido\"],\"articleSection\":[\"Polic\u00edaca\"],\"inLanguage\":\"es\",\"potentialAction\":[{\"@type\":\"CommentAction\",\"name\":\"Comment\",\"target\":[\"https:\/\/www.sonoraenequipo.com.mx\/sera-en-el-cif-donde-se-determinen-causas-del-deceso-de-un-recien-nacido-localizado-en-un-lote-baldio-en-hermosillo\/#respond\"]}]},{\"@type\":\"WebPage\",\"@id\":\"https:\/\/www.sonoraenequipo.com.mx\/sera-en-el-cif-donde-se-determinen-causas-del-deceso-de-un-recien-nacido-localizado-en-un-lote-baldio-en-hermosillo\/\",\"url\":\"https:\/\/www.sonoraenequipo.com.mx\/sera-en-el-cif-donde-se-determinen-causas-del-deceso-de-un-recien-nacido-localizado-en-un-lote-baldio-en-hermosillo\/\",\"name\":\"Sonora en Equipo. Ser\u00e1 en el CIF donde se determinen causas del deceso de un reci\u00e9n nacido localizado en un\u00a0 lote bald\u00edo en Hermosillo Polic\u00edaca\",\"isPartOf\":{\"@id\":\"https:\/\/www.sonoraenequipo.com.mx\/#website\"},\"primaryImageOfPage\":{\"@id\":\"https:\/\/www.sonoraenequipo.com.mx\/sera-en-el-cif-donde-se-determinen-causas-del-deceso-de-un-recien-nacido-localizado-en-un-lote-baldio-en-hermosillo\/#primaryimage\"},\"image\":{\"@id\":\"https:\/\/www.sonoraenequipo.com.mx\/sera-en-el-cif-donde-se-determinen-causas-del-deceso-de-un-recien-nacido-localizado-en-un-lote-baldio-en-hermosillo\/#primaryimage\"},\"thumbnailUrl\":\"https:\/\/www.sonoraenequipo.com.mx\/storage\/2021\/09\/cuna.jpg\",\"datePublished\":\"2021-09-24T20:00:27+00:00\",\"dateModified\":\"2021-09-24T20:00:46+00:00\",\"description\":\"&nbsp; Ser\u00e1 en el CIF donde se determinen causas del deceso de un reci\u00e9n nacido localizado en un\u00a0 lote bald\u00edo en Hermosillo HERMOSILLO, SONORA,MX.\u2500\u2500 \u00a0Ser\u00e1 En Sonora en Equipo publicamos toda la informaci\u00f3n de Sonora, M\u00e9xico y el Mundo de manera oportuna y busca que la libertad de expresi\u00f3n sea real. Visita nuestro medio informativo publicado desde Hermosillo, Sonora. %\",\"breadcrumb\":{\"@id\":\"https:\/\/www.sonoraenequipo.com.mx\/sera-en-el-cif-donde-se-determinen-causas-del-deceso-de-un-recien-nacido-localizado-en-un-lote-baldio-en-hermosillo\/#breadcrumb\"},\"inLanguage\":\"es\",\"potentialAction\":[{\"@type\":\"ReadAction\",\"target\":[\"https:\/\/www.sonoraenequipo.com.mx\/sera-en-el-cif-donde-se-determinen-causas-del-deceso-de-un-recien-nacido-localizado-en-un-lote-baldio-en-hermosillo\/\"]}]},{\"@type\":\"ImageObject\",\"inLanguage\":\"es\",\"@id\":\"https:\/\/www.sonoraenequipo.com.mx\/sera-en-el-cif-donde-se-determinen-causas-del-deceso-de-un-recien-nacido-localizado-en-un-lote-baldio-en-hermosillo\/#primaryimage\",\"url\":\"https:\/\/www.sonoraenequipo.com.mx\/storage\/2021\/09\/cuna.jpg\",\"contentUrl\":\"https:\/\/www.sonoraenequipo.com.mx\/storage\/2021\/09\/cuna.jpg\",\"width\":700,\"height\":400,\"caption\":\"Imagen para ilustrar\"},{\"@type\":\"BreadcrumbList\",\"@id\":\"https:\/\/www.sonoraenequipo.com.mx\/sera-en-el-cif-donde-se-determinen-causas-del-deceso-de-un-recien-nacido-localizado-en-un-lote-baldio-en-hermosillo\/#breadcrumb\",\"itemListElement\":[{\"@type\":\"ListItem\",\"position\":1,\"name\":\"Portada\",\"item\":\"https:\/\/www.sonoraenequipo.com.mx\/\"},{\"@type\":\"ListItem\",\"position\":2,\"name\":\"Ser\u00e1 en el CIF donde se determinen causas del deceso de un reci\u00e9n nacido localizado en un\u00a0 lote bald\u00edo en Hermosillo\"}]},{\"@type\":\"WebSite\",\"@id\":\"https:\/\/www.sonoraenequipo.com.mx\/#website\",\"url\":\"https:\/\/www.sonoraenequipo.com.mx\/\",\"name\":\"Sonora en Equipo.\",\"description\":\"Diario en l\u00ednea con Noticias desde Hermosillo, Sonora\",\"publisher\":{\"@id\":\"https:\/\/www.sonoraenequipo.com.mx\/#organization\"},\"potentialAction\":[{\"@type\":\"SearchAction\",\"target\":{\"@type\":\"EntryPoint\",\"urlTemplate\":\"https:\/\/www.sonoraenequipo.com.mx\/?s={search_term_string}\"},\"query-input\":{\"@type\":\"PropertyValueSpecification\",\"valueRequired\":true,\"valueName\":\"search_term_string\"}}],\"inLanguage\":\"es\"},{\"@type\":\"Organization\",\"@id\":\"https:\/\/www.sonoraenequipo.com.mx\/#organization\",\"name\":\"Sonoraenequipo.com.mx\",\"url\":\"https:\/\/www.sonoraenequipo.com.mx\/\",\"logo\":{\"@type\":\"ImageObject\",\"inLanguage\":\"es\",\"@id\":\"https:\/\/www.sonoraenequipo.com.mx\/#\/schema\/logo\/image\/\",\"url\":\"https:\/\/www.sonoraenequipo.com.mx\/storage\/2019\/01\/sonoraenequipo_opt.png\",\"contentUrl\":\"https:\/\/www.sonoraenequipo.com.mx\/storage\/2019\/01\/sonoraenequipo_opt.png\",\"width\":375,\"height\":125,\"caption\":\"Sonoraenequipo.com.mx\"},\"image\":{\"@id\":\"https:\/\/www.sonoraenequipo.com.mx\/#\/schema\/logo\/image\/\"},\"sameAs\":[\"https:\/\/www.facebook.com\/SonoraEE\/\",\"https:\/\/x.com\/sonoraenequipo\",\"https:\/\/www.youtube.com\/channel\/UC338nW-lPEYmJQs4ZABQ1SQ\"]},{\"@type\":\"Person\",\"@id\":\"https:\/\/www.sonoraenequipo.com.mx\/#\/schema\/person\/50102df0fb23a8fa9e8effad8fa81386\",\"name\":\"enequipo\",\"image\":{\"@type\":\"ImageObject\",\"inLanguage\":\"es\",\"@id\":\"https:\/\/www.sonoraenequipo.com.mx\/#\/schema\/person\/image\/\",\"url\":\"https:\/\/secure.gravatar.com\/avatar\/049821681b589dabc0bc20695993ccebb09f5b5d4d790cd9251b97faac7c652b?s=96&d=blank&r=g\",\"contentUrl\":\"https:\/\/secure.gravatar.com\/avatar\/049821681b589dabc0bc20695993ccebb09f5b5d4d790cd9251b97faac7c652b?s=96&d=blank&r=g\",\"caption\":\"enequipo\"},\"sameAs\":[\"https:\/\/www.facebook.com\/SonoraEE\"]}]}<\/script>\n ","yoast_head_json":{"title":"Sonora en Equipo. Ser\u00e1 en el CIF donde se determinen causas del deceso de un reci\u00e9n nacido localizado en un\u00a0 lote bald\u00edo en Hermosillo Polic\u00edaca","description":"&nbsp; Ser\u00e1 en el CIF donde se determinen causas del deceso de un reci\u00e9n nacido localizado en un\u00a0 lote bald\u00edo en Hermosillo HERMOSILLO, SONORA,MX.\u2500\u2500 \u00a0Ser\u00e1 En Sonora en Equipo publicamos toda la informaci\u00f3n de Sonora, M\u00e9xico y el Mundo de manera oportuna y busca que la libertad de expresi\u00f3n sea real. Visita nuestro medio informativo publicado desde Hermosillo, Sonora. %","robots":{"index":"index","follow":"follow","max-snippet":"max-snippet:-1","max-image-preview":"max-image-preview:large","max-video-preview":"max-video-preview:-1"},"canonical":"https:\/\/www.sonoraenequipo.com.mx\/sera-en-el-cif-donde-se-determinen-causas-del-deceso-de-un-recien-nacido-localizado-en-un-lote-baldio-en-hermosillo\/","og_locale":"es_ES","og_type":"article","og_title":"Sonora en Equipo. Ser\u00e1 en el CIF donde se determinen causas del deceso de un reci\u00e9n nacido localizado en un\u00a0 lote bald\u00edo en Hermosillo Polic\u00edaca","og_description":"&nbsp; Ser\u00e1 en el CIF donde se determinen causas del deceso de un reci\u00e9n nacido localizado en un\u00a0 lote bald\u00edo en Hermosillo HERMOSILLO, SONORA,MX.\u2500\u2500 \u00a0Ser\u00e1 En Sonora en Equipo publicamos toda la informaci\u00f3n de Sonora, M\u00e9xico y el Mundo de manera oportuna y busca que la libertad de expresi\u00f3n sea real. Visita nuestro medio informativo publicado desde Hermosillo, Sonora. %","og_url":"https:\/\/www.sonoraenequipo.com.mx\/sera-en-el-cif-donde-se-determinen-causas-del-deceso-de-un-recien-nacido-localizado-en-un-lote-baldio-en-hermosillo\/","og_site_name":"Sonora en Equipo.","article_publisher":"https:\/\/www.facebook.com\/SonoraEE\/","article_author":"https:\/\/www.facebook.com\/SonoraEE","article_published_time":"2021-09-24T20:00:27+00:00","article_modified_time":"2021-09-24T20:00:46+00:00","og_image":[{"width":700,"height":400,"url":"https:\/\/www.sonoraenequipo.com.mx\/storage\/2021\/09\/cuna.jpg","type":"image\/jpeg"}],"author":"enequipo","twitter_card":"summary_large_image","twitter_creator":"@sonoraenequipo","twitter_site":"@sonoraenequipo","twitter_misc":{"Escrito por":"enequipo","Tiempo de lectura":"1 minuto"},"schema":{"@context":"https:\/\/schema.org","@graph":[{"@type":"Article","@id":"https:\/\/www.sonoraenequipo.com.mx\/sera-en-el-cif-donde-se-determinen-causas-del-deceso-de-un-recien-nacido-localizado-en-un-lote-baldio-en-hermosillo\/#article","isPartOf":{"@id":"https:\/\/www.sonoraenequipo.com.mx\/sera-en-el-cif-donde-se-determinen-causas-del-deceso-de-un-recien-nacido-localizado-en-un-lote-baldio-en-hermosillo\/"},"author":{"name":"enequipo","@id":"https:\/\/www.sonoraenequipo.com.mx\/#\/schema\/person\/50102df0fb23a8fa9e8effad8fa81386"},"headline":"Ser\u00e1 en el CIF donde se determinen causas del deceso de un reci\u00e9n nacido localizado en un\u00a0 lote bald\u00edo en Hermosillo","datePublished":"2021-09-24T20:00:27+00:00","dateModified":"2021-09-24T20:00:46+00:00","mainEntityOfPage":{"@id":"https:\/\/www.sonoraenequipo.com.mx\/sera-en-el-cif-donde-se-determinen-causas-del-deceso-de-un-recien-nacido-localizado-en-un-lote-baldio-en-hermosillo\/"},"wordCount":246,"commentCount":0,"publisher":{"@id":"https:\/\/www.sonoraenequipo.com.mx\/#organization"},"image":{"@id":"https:\/\/www.sonoraenequipo.com.mx\/sera-en-el-cif-donde-se-determinen-causas-del-deceso-de-un-recien-nacido-localizado-en-un-lote-baldio-en-hermosillo\/#primaryimage"},"thumbnailUrl":"https:\/\/www.sonoraenequipo.com.mx\/storage\/2021\/09\/cuna.jpg","keywords":["hermosillo","reci\u00e9n nacido"],"articleSection":["Polic\u00edaca"],"inLanguage":"es","potentialAction":[{"@type":"CommentAction","name":"Comment","target":["https:\/\/www.sonoraenequipo.com.mx\/sera-en-el-cif-donde-se-determinen-causas-del-deceso-de-un-recien-nacido-localizado-en-un-lote-baldio-en-hermosillo\/#respond"]}]},{"@type":"WebPage","@id":"https:\/\/www.sonoraenequipo.com.mx\/sera-en-el-cif-donde-se-determinen-causas-del-deceso-de-un-recien-nacido-localizado-en-un-lote-baldio-en-hermosillo\/","url":"https:\/\/www.sonoraenequipo.com.mx\/sera-en-el-cif-donde-se-determinen-causas-del-deceso-de-un-recien-nacido-localizado-en-un-lote-baldio-en-hermosillo\/","name":"Sonora en Equipo. Ser\u00e1 en el CIF donde se determinen causas del deceso de un reci\u00e9n nacido localizado en un\u00a0 lote bald\u00edo en Hermosillo Polic\u00edaca","isPartOf":{"@id":"https:\/\/www.sonoraenequipo.com.mx\/#website"},"primaryImageOfPage":{"@id":"https:\/\/www.sonoraenequipo.com.mx\/sera-en-el-cif-donde-se-determinen-causas-del-deceso-de-un-recien-nacido-localizado-en-un-lote-baldio-en-hermosillo\/#primaryimage"},"image":{"@id":"https:\/\/www.sonoraenequipo.com.mx\/sera-en-el-cif-donde-se-determinen-causas-del-deceso-de-un-recien-nacido-localizado-en-un-lote-baldio-en-hermosillo\/#primaryimage"},"thumbnailUrl":"https:\/\/www.sonoraenequipo.com.mx\/storage\/2021\/09\/cuna.jpg","datePublished":"2021-09-24T20:00:27+00:00","dateModified":"2021-09-24T20:00:46+00:00","description":"&nbsp; Ser\u00e1 en el CIF donde se determinen causas del deceso de un reci\u00e9n nacido localizado en un\u00a0 lote bald\u00edo en Hermosillo HERMOSILLO, SONORA,MX.\u2500\u2500 \u00a0Ser\u00e1 En Sonora en Equipo publicamos toda la informaci\u00f3n de Sonora, M\u00e9xico y el Mundo de manera oportuna y busca que la libertad de expresi\u00f3n sea real. Visita nuestro medio informativo publicado desde Hermosillo, Sonora. %","breadcrumb":{"@id":"https:\/\/www.sonoraenequipo.com.mx\/sera-en-el-cif-donde-se-determinen-causas-del-deceso-de-un-recien-nacido-localizado-en-un-lote-baldio-en-hermosillo\/#breadcrumb"},"inLanguage":"es","potentialAction":[{"@type":"ReadAction","target":["https:\/\/www.sonoraenequipo.com.mx\/sera-en-el-cif-donde-se-determinen-causas-del-deceso-de-un-recien-nacido-localizado-en-un-lote-baldio-en-hermosillo\/"]}]},{"@type":"ImageObject","inLanguage":"es","@id":"https:\/\/www.sonoraenequipo.com.mx\/sera-en-el-cif-donde-se-determinen-causas-del-deceso-de-un-recien-nacido-localizado-en-un-lote-baldio-en-hermosillo\/#primaryimage","url":"https:\/\/www.sonoraenequipo.com.mx\/storage\/2021\/09\/cuna.jpg","contentUrl":"https:\/\/www.sonoraenequipo.com.mx\/storage\/2021\/09\/cuna.jpg","width":700,"height":400,"caption":"Imagen para ilustrar"},{"@type":"BreadcrumbList","@id":"https:\/\/www.sonoraenequipo.com.mx\/sera-en-el-cif-donde-se-determinen-causas-del-deceso-de-un-recien-nacido-localizado-en-un-lote-baldio-en-hermosillo\/#breadcrumb","itemListElement":[{"@type":"ListItem","position":1,"name":"Portada","item":"https:\/\/www.sonoraenequipo.com.mx\/"},{"@type":"ListItem","position":2,"name":"Ser\u00e1 en el CIF donde se determinen causas del deceso de un reci\u00e9n nacido localizado en un\u00a0 lote bald\u00edo en Hermosillo"}]},{"@type":"WebSite","@id":"https:\/\/www.sonoraenequipo.com.mx\/#website","url":"https:\/\/www.sonoraenequipo.com.mx\/","name":"Sonora en Equipo.","description":"Diario en l\u00ednea con Noticias desde Hermosillo, Sonora","publisher":{"@id":"https:\/\/www.sonoraenequipo.com.mx\/#organization"},"potentialAction":[{"@type":"SearchAction","target":{"@type":"EntryPoint","urlTemplate":"https:\/\/www.sonoraenequipo.com.mx\/?s={search_term_string}"},"query-input":{"@type":"PropertyValueSpecification","valueRequired":true,"valueName":"search_term_string"}}],"inLanguage":"es"},{"@type":"Organization","@id":"https:\/\/www.sonoraenequipo.com.mx\/#organization","name":"Sonoraenequipo.com.mx","url":"https:\/\/www.sonoraenequipo.com.mx\/","logo":{"@type":"ImageObject","inLanguage":"es","@id":"https:\/\/www.sonoraenequipo.com.mx\/#\/schema\/logo\/image\/","url":"https:\/\/www.sonoraenequipo.com.mx\/storage\/2019\/01\/sonoraenequipo_opt.png","contentUrl":"https:\/\/www.sonoraenequipo.com.mx\/storage\/2019\/01\/sonoraenequipo_opt.png","width":375,"height":125,"caption":"Sonoraenequipo.com.mx"},"image":{"@id":"https:\/\/www.sonoraenequipo.com.mx\/#\/schema\/logo\/image\/"},"sameAs":["https:\/\/www.facebook.com\/SonoraEE\/","https:\/\/x.com\/sonoraenequipo","https:\/\/www.youtube.com\/channel\/UC338nW-lPEYmJQs4ZABQ1SQ"]},{"@type":"Person","@id":"https:\/\/www.sonoraenequipo.com.mx\/#\/schema\/person\/50102df0fb23a8fa9e8effad8fa81386","name":"enequipo","image":{"@type":"ImageObject","inLanguage":"es","@id":"https:\/\/www.sonoraenequipo.com.mx\/#\/schema\/person\/image\/","url":"https:\/\/secure.gravatar.com\/avatar\/049821681b589dabc0bc20695993ccebb09f5b5d4d790cd9251b97faac7c652b?s=96&d=blank&r=g","contentUrl":"https:\/\/secure.gravatar.com\/avatar\/049821681b589dabc0bc20695993ccebb09f5b5d4d790cd9251b97faac7c652b?s=96&d=blank&r=g","caption":"enequipo"},"sameAs":["https:\/\/www.facebook.com\/SonoraEE"]}]}},"jetpack_featured_media_url":"https:\/\/www.sonoraenequipo.com.mx\/storage\/2021\/09\/cuna.jpg","_links":{"self":[{"href":"https:\/\/www.sonoraenequipo.com.mx\/api\/wp\/v2\/posts\/123557","targetHints":{"allow":["GET"]}}],"collection":[{"href":"https:\/\/www.sonoraenequipo.com.mx\/api\/wp\/v2\/posts"}],"about":[{"href":"https:\/\/www.sonoraenequipo.com.mx\/api\/wp\/v2\/types\/post"}],"author":[{"embeddable":true,"href":"https:\/\/www.sonoraenequipo.com.mx\/api\/wp\/v2\/users\/1"}],"replies":[{"embeddable":true,"href":"https:\/\/www.sonoraenequipo.com.mx\/api\/wp\/v2\/comments?post=123557"}],"version-history":[{"count":1,"href":"https:\/\/www.sonoraenequipo.com.mx\/api\/wp\/v2\/posts\/123557\/revisions"}],"predecessor-version":[{"id":123559,"href":"https:\/\/www.sonoraenequipo.com.mx\/api\/wp\/v2\/posts\/123557\/revisions\/123559"}],"wp:featuredmedia":[{"embeddable":true,"href":"https:\/\/www.sonoraenequipo.com.mx\/api\/wp\/v2\/media\/123558"}],"wp:attachment":[{"href":"https:\/\/www.sonoraenequipo.com.mx\/api\/wp\/v2\/media?parent=123557"}],"wp:term":[{"taxonomy":"category","embeddable":true,"href":"https:\/\/www.sonoraenequipo.com.mx\/api\/wp\/v2\/categories?post=123557"},{"taxonomy":"post_tag","embeddable":true,"href":"https:\/\/www.sonoraenequipo.com.mx\/api\/wp\/v2\/tags?post=123557"}],"curies":[{"name":"wp","href":"https:\/\/api.w.org\/{rel}","templated":true}]}}