{"id":123560,"date":"2021-09-24T07:00:24","date_gmt":"2021-09-24T14:00:24","guid":{"rendered":"https:\/\/www.sonoraenequipo.com.mx\/?p=123560"},"modified":"2021-09-24T17:20:08","modified_gmt":"2021-09-25T00:20:08","slug":"contribuira-ipn-con-tecnologia-y-ciencia-para-transformar-a-vallejo-en-un-polo-de-innovacion","status":"publish","type":"post","link":"https:\/\/www.sonoraenequipo.com.mx\/contribuira-ipn-con-tecnologia-y-ciencia-para-transformar-a-vallejo-en-un-polo-de-innovacion\/","title":{"rendered":"Contribuir\u00e1 IPN con tecnolog\u00eda y ciencia para transformar a Vallejo en un polo de innovaci\u00f3n"},"content":{"rendered":"<p>CDMX. M\u00c9XICO. \u2014\u00a0 El Instituto Polit\u00e9cnico Nacional, junto con diversas Instituciones de Educaci\u00f3n Superior (IES), desplegar\u00e1n sus fortalezas cient\u00edficas, tecnol\u00f3gicas y educativas, para que el Centro de Desarrollo e Innovaci\u00f3n Tecnol\u00f3gica (CDIT Vallejo-i), que puso en marcha hoy el Gobierno de la Ciudad de M\u00e9xico (CDMX), transforme a la zona industrial m\u00e1s importante de la capital de pa\u00eds, en un destacado polo de innovaci\u00f3n, que detonar\u00e1 el desarrollo econ\u00f3mico y social, con beneficios ambientales, asegur\u00f3 el Director General del IPN, Arturo Reyes Sandoval.<\/p>\n<p>&nbsp;<\/p>\n<p> <\/p>\n<p>&nbsp;<\/p>\n<p>La Secretaria de Educaci\u00f3n P\u00fablica, Delfina G\u00f3mez \u00c1lvarez, ha subrayado que las IES han logrado vincular a la educaci\u00f3n con la soluci\u00f3n de grandes problemas sociales y han contribuido al combate de la pandemia desde diversas trincheras, con lo cual han demostrado su compromiso con el pueblo de M\u00e9xico.<\/p>\n<p>&nbsp;<\/p>\n<p>&nbsp;<\/p>\n<p>Ante la Jefa de Gobierno de la CDMX, Claudia Sheinbaum Pardo, la Directora General del Consejo Nacional de Ciencia y Tecnolog\u00eda (Conacyt), Mar\u00eda Elena \u00c1lvarez-Buylla Roces, y el Alcalde de Azcapotzalco, Vidal Llerenas Morales, el Titular del Polit\u00e9cnico asever\u00f3 que el CDIT constituye un determinante apoyo para apuntalar la innovaci\u00f3n e impactar el desarrollo econ\u00f3mico, social y el beneficio ambiental, para crear un polo de innovaci\u00f3n en beneficio de la poblaci\u00f3n.<\/p>\n<p>&nbsp;<\/p>\n<p>Al reconocer que Vallejo ha sido un referente en la industrializaci\u00f3n de la CDMX, desde hace casi 100 a\u00f1os, donde destaca la presencia de infraestructura del transporte y de instituciones de educaci\u00f3n superior, como el IPN con la Escuela Superior de Ingenier\u00eda Mec\u00e1nica y El\u00e9ctrica (ESIME), Unidad Azcapotzalco, Reyes Sandoval subray\u00f3 que a pesar de las condiciones determinadas por la pandemia derivada del COVID-19, con el CDIT Vallejo-i se tiene la gran oportunidad de sumar esfuerzos y aportar a la innovaci\u00f3n, para dar esa ganancia adicional a la industria y al conocimiento, en favor de esta regi\u00f3n.<\/p>\n<p>&nbsp;<\/p>\n<p>&nbsp;<\/p>\n<p>Explic\u00f3 que el CDIT Vallejo-i adopta un cimiento que se conoce como el modelo de la triple h\u00e9lice, el cual est\u00e1 en el coraz\u00f3n del mismo y hace que se potencien cada uno de los esfuerzos que se desarrollen, toda vez que participan tres actores o agentes de cambio: El gobierno, la industria y la academia. <em>\u201cConformamos con ello una entidad com\u00fan en aras de contribuir al progreso y al bien social, y le damos un gran impulso a la innovaci\u00f3n, a trav\u00e9s de sinergias. Estamos en un ambiente abierto donde podemos colaborar no solamente de forma intrainstitucional sino interinstitucional y eso le da una din\u00e1mica muy buena\u201d.<\/em><\/p>\n<p>&nbsp;<\/p>\n<p>La m\u00e1xima autoridad del IPN detall\u00f3 que las contribuciones de las Instituciones de Educaci\u00f3n Superior al CDIT Vallejo-i se har\u00e1n patente, a trav\u00e9s de los esfuerzos que se concentrar\u00e1n en los Laboratorios: de Nuevos Materiales y Prototipado, Nacional de Geo-Inteligencia, de la Industria 4.0, de C\u00f3mputo y en el Espacio de Innovaci\u00f3n y Actividades Negocio a Negocio.<\/p>\n<p>&nbsp;<\/p>\n<p>A nombre de las instituciones educativas que colaboran en el CDIT Vallejo-i, Reyes Sandoval agradeci\u00f3 al Gobierno de la CDMX, al Consejo Nacional de Ciencia y Tecnolog\u00eda (Conacyt), a la Confederaci\u00f3n de C\u00e1maras Industriales de los Estados Unidos Mexicanos (CONCAMIN) y a la Alcald\u00eda de Azcapotzalco por conformar esta triple h\u00e9lice que opera a partir de hoy en la Ciudad de M\u00e9xico.<\/p>\n<p>&nbsp;<\/p>\n<p>&nbsp;<\/p>\n<p>Por su parte, la Jefa de Gobierno de la CDMX, Claudia Sheinbaum Pardo, enfatiz\u00f3 que desde hace tres a\u00f1os se conform\u00f3 la idea de replantear y repotenciar Vallejo, que es una zona sumamente importante para la ciudad. Sostuvo que el modelo de triple h\u00e9lice es fundamental, porque se vincula la academia al gobierno y a la industria. \u201c<em>Esto no s\u00f3lo crea desarrollo en ciencia y tecnolog\u00eda, crea desarrollo y bienestar si se hace de manera adecuada\u201d<\/em>, subray\u00f3.<\/p>\n<p>&nbsp;<\/p>\n<p>&nbsp;<\/p>\n<p>(Publicada el 24\/09\/2021)<\/p>\n","protected":false},"excerpt":{"rendered":"<p>CDMX. M\u00c9XICO. \u2014\u00a0 El Instituto Polit\u00e9cnico Nacional, junto con diversas Instituciones de Educaci\u00f3n Superior (IES),&#8230;<\/p>\n","protected":false},"author":1,"featured_media":123561,"comment_status":"open","ping_status":"open","sticky":false,"template":"","format":"standard","meta":{"_monsterinsights_skip_tracking":false,"_monsterinsights_sitenote_active":false,"_monsterinsights_sitenote_note":"","_monsterinsights_sitenote_category":0,"footnotes":""},"categories":[5],"tags":[],"class_list":["post"],"yoast_head":" \n<title>Sonora en Equipo. Contribuir\u00e1 IPN con tecnolog\u00eda y ciencia para transformar a Vallejo en un polo de innovaci\u00f3n Rep\u00fablica<\/title>\n<meta name=\"description\" content=\"CDMX. M\u00c9XICO. \u2014\u00a0 El Instituto Polit\u00e9cnico Nacional, junto con diversas Instituciones de Educaci\u00f3n Superior (IES), desplegar\u00e1n sus fortalezas cient\u00edficas, En Sonora en Equipo publicamos toda la informaci\u00f3n de Sonora, M\u00e9xico y el Mundo de manera oportuna y busca que la libertad de expresi\u00f3n sea real. Visita nuestro medio informativo publicado desde Hermosillo, Sonora. %\" \/>\n<meta name=\"robots\" content=\"index, follow, max-snippet:-1, max-image-preview:large, max-video-preview:-1\" \/>\n<link rel=\"canonical\" href=\"https:\/\/www.sonoraenequipo.com.mx\/contribuira-ipn-con-tecnologia-y-ciencia-para-transformar-a-vallejo-en-un-polo-de-innovacion\/\" \/>\n<meta property=\"og:locale\" content=\"es_ES\" \/>\n<meta property=\"og:type\" content=\"article\" \/>\n<meta property=\"og:title\" content=\"Sonora en Equipo. Contribuir\u00e1 IPN con tecnolog\u00eda y ciencia para transformar a Vallejo en un polo de innovaci\u00f3n Rep\u00fablica\" \/>\n<meta property=\"og:description\" content=\"CDMX. M\u00c9XICO. \u2014\u00a0 El Instituto Polit\u00e9cnico Nacional, junto con diversas Instituciones de Educaci\u00f3n Superior (IES), desplegar\u00e1n sus fortalezas cient\u00edficas, En Sonora en Equipo publicamos toda la informaci\u00f3n de Sonora, M\u00e9xico y el Mundo de manera oportuna y busca que la libertad de expresi\u00f3n sea real. Visita nuestro medio informativo publicado desde Hermosillo, Sonora. %\" \/>\n<meta property=\"og:url\" content=\"https:\/\/www.sonoraenequipo.com.mx\/contribuira-ipn-con-tecnologia-y-ciencia-para-transformar-a-vallejo-en-un-polo-de-innovacion\/\" \/>\n<meta property=\"og:site_name\" content=\"Sonora en Equipo.\" \/>\n<meta property=\"article:publisher\" content=\"https:\/\/www.facebook.com\/SonoraEE\/\" \/>\n<meta property=\"article:author\" content=\"https:\/\/www.facebook.com\/SonoraEE\" \/>\n<meta property=\"article:published_time\" content=\"2021-09-24T14:00:24+00:00\" \/>\n<meta property=\"article:modified_time\" content=\"2021-09-25T00:20:08+00:00\" \/>\n<meta property=\"og:image\" content=\"https:\/\/www.sonoraenequipo.com.mx\/storage\/2021\/09\/Contribuira-IPN_opt.jpg\" \/>\n\t<meta property=\"og:image:width\" content=\"700\" \/>\n\t<meta property=\"og:image:height\" content=\"400\" \/>\n\t<meta property=\"og:image:type\" content=\"image\/jpeg\" \/>\n<meta name=\"author\" content=\"enequipo\" \/>\n<meta name=\"twitter:card\" content=\"summary_large_image\" \/>\n<meta name=\"twitter:creator\" content=\"@sonoraenequipo\" \/>\n<meta name=\"twitter:site\" content=\"@sonoraenequipo\" \/>\n<meta name=\"twitter:label1\" content=\"Escrito por\" \/>\n\t<meta name=\"twitter:data1\" content=\"enequipo\" \/>\n\t<meta name=\"twitter:label2\" content=\"Tiempo de lectura\" \/>\n\t<meta name=\"twitter:data2\" content=\"3 minutos\" \/>\n<script type=\"application\/ld+json\" class=\"yoast-schema-graph\">{\"@context\":\"https:\/\/schema.org\",\"@graph\":[{\"@type\":\"Article\",\"@id\":\"https:\/\/www.sonoraenequipo.com.mx\/contribuira-ipn-con-tecnologia-y-ciencia-para-transformar-a-vallejo-en-un-polo-de-innovacion\/#article\",\"isPartOf\":{\"@id\":\"https:\/\/www.sonoraenequipo.com.mx\/contribuira-ipn-con-tecnologia-y-ciencia-para-transformar-a-vallejo-en-un-polo-de-innovacion\/\"},\"author\":{\"name\":\"enequipo\",\"@id\":\"https:\/\/www.sonoraenequipo.com.mx\/#\/schema\/person\/50102df0fb23a8fa9e8effad8fa81386\"},\"headline\":\"Contribuir\u00e1 IPN con tecnolog\u00eda y ciencia para transformar a Vallejo en un polo de innovaci\u00f3n\",\"datePublished\":\"2021-09-24T14:00:24+00:00\",\"dateModified\":\"2021-09-25T00:20:08+00:00\",\"mainEntityOfPage\":{\"@id\":\"https:\/\/www.sonoraenequipo.com.mx\/contribuira-ipn-con-tecnologia-y-ciencia-para-transformar-a-vallejo-en-un-polo-de-innovacion\/\"},\"wordCount\":690,\"commentCount\":0,\"publisher\":{\"@id\":\"https:\/\/www.sonoraenequipo.com.mx\/#organization\"},\"image\":{\"@id\":\"https:\/\/www.sonoraenequipo.com.mx\/contribuira-ipn-con-tecnologia-y-ciencia-para-transformar-a-vallejo-en-un-polo-de-innovacion\/#primaryimage\"},\"thumbnailUrl\":\"https:\/\/www.sonoraenequipo.com.mx\/storage\/2021\/09\/Contribuira-IPN_opt.jpg\",\"articleSection\":[\"Rep\u00fablica\"],\"inLanguage\":\"es\",\"potentialAction\":[{\"@type\":\"CommentAction\",\"name\":\"Comment\",\"target\":[\"https:\/\/www.sonoraenequipo.com.mx\/contribuira-ipn-con-tecnologia-y-ciencia-para-transformar-a-vallejo-en-un-polo-de-innovacion\/#respond\"]}]},{\"@type\":\"WebPage\",\"@id\":\"https:\/\/www.sonoraenequipo.com.mx\/contribuira-ipn-con-tecnologia-y-ciencia-para-transformar-a-vallejo-en-un-polo-de-innovacion\/\",\"url\":\"https:\/\/www.sonoraenequipo.com.mx\/contribuira-ipn-con-tecnologia-y-ciencia-para-transformar-a-vallejo-en-un-polo-de-innovacion\/\",\"name\":\"Sonora en Equipo. Contribuir\u00e1 IPN con tecnolog\u00eda y ciencia para transformar a Vallejo en un polo de innovaci\u00f3n Rep\u00fablica\",\"isPartOf\":{\"@id\":\"https:\/\/www.sonoraenequipo.com.mx\/#website\"},\"primaryImageOfPage\":{\"@id\":\"https:\/\/www.sonoraenequipo.com.mx\/contribuira-ipn-con-tecnologia-y-ciencia-para-transformar-a-vallejo-en-un-polo-de-innovacion\/#primaryimage\"},\"image\":{\"@id\":\"https:\/\/www.sonoraenequipo.com.mx\/contribuira-ipn-con-tecnologia-y-ciencia-para-transformar-a-vallejo-en-un-polo-de-innovacion\/#primaryimage\"},\"thumbnailUrl\":\"https:\/\/www.sonoraenequipo.com.mx\/storage\/2021\/09\/Contribuira-IPN_opt.jpg\",\"datePublished\":\"2021-09-24T14:00:24+00:00\",\"dateModified\":\"2021-09-25T00:20:08+00:00\",\"description\":\"CDMX. M\u00c9XICO. \u2014\u00a0 El Instituto Polit\u00e9cnico Nacional, junto con diversas Instituciones de Educaci\u00f3n Superior (IES), desplegar\u00e1n sus fortalezas cient\u00edficas, En Sonora en Equipo publicamos toda la informaci\u00f3n de Sonora, M\u00e9xico y el Mundo de manera oportuna y busca que la libertad de expresi\u00f3n sea real. Visita nuestro medio informativo publicado desde Hermosillo, Sonora. %\",\"breadcrumb\":{\"@id\":\"https:\/\/www.sonoraenequipo.com.mx\/contribuira-ipn-con-tecnologia-y-ciencia-para-transformar-a-vallejo-en-un-polo-de-innovacion\/#breadcrumb\"},\"inLanguage\":\"es\",\"potentialAction\":[{\"@type\":\"ReadAction\",\"target\":[\"https:\/\/www.sonoraenequipo.com.mx\/contribuira-ipn-con-tecnologia-y-ciencia-para-transformar-a-vallejo-en-un-polo-de-innovacion\/\"]}]},{\"@type\":\"ImageObject\",\"inLanguage\":\"es\",\"@id\":\"https:\/\/www.sonoraenequipo.com.mx\/contribuira-ipn-con-tecnologia-y-ciencia-para-transformar-a-vallejo-en-un-polo-de-innovacion\/#primaryimage\",\"url\":\"https:\/\/www.sonoraenequipo.com.mx\/storage\/2021\/09\/Contribuira-IPN_opt.jpg\",\"contentUrl\":\"https:\/\/www.sonoraenequipo.com.mx\/storage\/2021\/09\/Contribuira-IPN_opt.jpg\",\"width\":700,\"height\":400},{\"@type\":\"BreadcrumbList\",\"@id\":\"https:\/\/www.sonoraenequipo.com.mx\/contribuira-ipn-con-tecnologia-y-ciencia-para-transformar-a-vallejo-en-un-polo-de-innovacion\/#breadcrumb\",\"itemListElement\":[{\"@type\":\"ListItem\",\"position\":1,\"name\":\"Portada\",\"item\":\"https:\/\/www.sonoraenequipo.com.mx\/\"},{\"@type\":\"ListItem\",\"position\":2,\"name\":\"Contribuir\u00e1 IPN con tecnolog\u00eda y ciencia para transformar a Vallejo en un polo de innovaci\u00f3n\"}]},{\"@type\":\"WebSite\",\"@id\":\"https:\/\/www.sonoraenequipo.com.mx\/#website\",\"url\":\"https:\/\/www.sonoraenequipo.com.mx\/\",\"name\":\"Sonora en Equipo.\",\"description\":\"Diario en l\u00ednea con Noticias desde Hermosillo, Sonora\",\"publisher\":{\"@id\":\"https:\/\/www.sonoraenequipo.com.mx\/#organization\"},\"potentialAction\":[{\"@type\":\"SearchAction\",\"target\":{\"@type\":\"EntryPoint\",\"urlTemplate\":\"https:\/\/www.sonoraenequipo.com.mx\/?s={search_term_string}\"},\"query-input\":{\"@type\":\"PropertyValueSpecification\",\"valueRequired\":true,\"valueName\":\"search_term_string\"}}],\"inLanguage\":\"es\"},{\"@type\":\"Organization\",\"@id\":\"https:\/\/www.sonoraenequipo.com.mx\/#organization\",\"name\":\"Sonoraenequipo.com.mx\",\"url\":\"https:\/\/www.sonoraenequipo.com.mx\/\",\"logo\":{\"@type\":\"ImageObject\",\"inLanguage\":\"es\",\"@id\":\"https:\/\/www.sonoraenequipo.com.mx\/#\/schema\/logo\/image\/\",\"url\":\"https:\/\/www.sonoraenequipo.com.mx\/storage\/2019\/01\/sonoraenequipo_opt.png\",\"contentUrl\":\"https:\/\/www.sonoraenequipo.com.mx\/storage\/2019\/01\/sonoraenequipo_opt.png\",\"width\":375,\"height\":125,\"caption\":\"Sonoraenequipo.com.mx\"},\"image\":{\"@id\":\"https:\/\/www.sonoraenequipo.com.mx\/#\/schema\/logo\/image\/\"},\"sameAs\":[\"https:\/\/www.facebook.com\/SonoraEE\/\",\"https:\/\/x.com\/sonoraenequipo\",\"https:\/\/www.youtube.com\/channel\/UC338nW-lPEYmJQs4ZABQ1SQ\"]},{\"@type\":\"Person\",\"@id\":\"https:\/\/www.sonoraenequipo.com.mx\/#\/schema\/person\/50102df0fb23a8fa9e8effad8fa81386\",\"name\":\"enequipo\",\"image\":{\"@type\":\"ImageObject\",\"inLanguage\":\"es\",\"@id\":\"https:\/\/www.sonoraenequipo.com.mx\/#\/schema\/person\/image\/\",\"url\":\"https:\/\/secure.gravatar.com\/avatar\/049821681b589dabc0bc20695993ccebb09f5b5d4d790cd9251b97faac7c652b?s=96&d=blank&r=g\",\"contentUrl\":\"https:\/\/secure.gravatar.com\/avatar\/049821681b589dabc0bc20695993ccebb09f5b5d4d790cd9251b97faac7c652b?s=96&d=blank&r=g\",\"caption\":\"enequipo\"},\"sameAs\":[\"https:\/\/www.facebook.com\/SonoraEE\"]}]}<\/script>\n ","yoast_head_json":{"title":"Sonora en Equipo. Contribuir\u00e1 IPN con tecnolog\u00eda y ciencia para transformar a Vallejo en un polo de innovaci\u00f3n Rep\u00fablica","description":"CDMX. M\u00c9XICO. \u2014\u00a0 El Instituto Polit\u00e9cnico Nacional, junto con diversas Instituciones de Educaci\u00f3n Superior (IES), desplegar\u00e1n sus fortalezas cient\u00edficas, En Sonora en Equipo publicamos toda la informaci\u00f3n de Sonora, M\u00e9xico y el Mundo de manera oportuna y busca que la libertad de expresi\u00f3n sea real. Visita nuestro medio informativo publicado desde Hermosillo, Sonora. %","robots":{"index":"index","follow":"follow","max-snippet":"max-snippet:-1","max-image-preview":"max-image-preview:large","max-video-preview":"max-video-preview:-1"},"canonical":"https:\/\/www.sonoraenequipo.com.mx\/contribuira-ipn-con-tecnologia-y-ciencia-para-transformar-a-vallejo-en-un-polo-de-innovacion\/","og_locale":"es_ES","og_type":"article","og_title":"Sonora en Equipo. Contribuir\u00e1 IPN con tecnolog\u00eda y ciencia para transformar a Vallejo en un polo de innovaci\u00f3n Rep\u00fablica","og_description":"CDMX. M\u00c9XICO. \u2014\u00a0 El Instituto Polit\u00e9cnico Nacional, junto con diversas Instituciones de Educaci\u00f3n Superior (IES), desplegar\u00e1n sus fortalezas cient\u00edficas, En Sonora en Equipo publicamos toda la informaci\u00f3n de Sonora, M\u00e9xico y el Mundo de manera oportuna y busca que la libertad de expresi\u00f3n sea real. Visita nuestro medio informativo publicado desde Hermosillo, Sonora. %","og_url":"https:\/\/www.sonoraenequipo.com.mx\/contribuira-ipn-con-tecnologia-y-ciencia-para-transformar-a-vallejo-en-un-polo-de-innovacion\/","og_site_name":"Sonora en Equipo.","article_publisher":"https:\/\/www.facebook.com\/SonoraEE\/","article_author":"https:\/\/www.facebook.com\/SonoraEE","article_published_time":"2021-09-24T14:00:24+00:00","article_modified_time":"2021-09-25T00:20:08+00:00","og_image":[{"width":700,"height":400,"url":"https:\/\/www.sonoraenequipo.com.mx\/storage\/2021\/09\/Contribuira-IPN_opt.jpg","type":"image\/jpeg"}],"author":"enequipo","twitter_card":"summary_large_image","twitter_creator":"@sonoraenequipo","twitter_site":"@sonoraenequipo","twitter_misc":{"Escrito por":"enequipo","Tiempo de lectura":"3 minutos"},"schema":{"@context":"https:\/\/schema.org","@graph":[{"@type":"Article","@id":"https:\/\/www.sonoraenequipo.com.mx\/contribuira-ipn-con-tecnologia-y-ciencia-para-transformar-a-vallejo-en-un-polo-de-innovacion\/#article","isPartOf":{"@id":"https:\/\/www.sonoraenequipo.com.mx\/contribuira-ipn-con-tecnologia-y-ciencia-para-transformar-a-vallejo-en-un-polo-de-innovacion\/"},"author":{"name":"enequipo","@id":"https:\/\/www.sonoraenequipo.com.mx\/#\/schema\/person\/50102df0fb23a8fa9e8effad8fa81386"},"headline":"Contribuir\u00e1 IPN con tecnolog\u00eda y ciencia para transformar a Vallejo en un polo de innovaci\u00f3n","datePublished":"2021-09-24T14:00:24+00:00","dateModified":"2021-09-25T00:20:08+00:00","mainEntityOfPage":{"@id":"https:\/\/www.sonoraenequipo.com.mx\/contribuira-ipn-con-tecnologia-y-ciencia-para-transformar-a-vallejo-en-un-polo-de-innovacion\/"},"wordCount":690,"commentCount":0,"publisher":{"@id":"https:\/\/www.sonoraenequipo.com.mx\/#organization"},"image":{"@id":"https:\/\/www.sonoraenequipo.com.mx\/contribuira-ipn-con-tecnologia-y-ciencia-para-transformar-a-vallejo-en-un-polo-de-innovacion\/#primaryimage"},"thumbnailUrl":"https:\/\/www.sonoraenequipo.com.mx\/storage\/2021\/09\/Contribuira-IPN_opt.jpg","articleSection":["Rep\u00fablica"],"inLanguage":"es","potentialAction":[{"@type":"CommentAction","name":"Comment","target":["https:\/\/www.sonoraenequipo.com.mx\/contribuira-ipn-con-tecnologia-y-ciencia-para-transformar-a-vallejo-en-un-polo-de-innovacion\/#respond"]}]},{"@type":"WebPage","@id":"https:\/\/www.sonoraenequipo.com.mx\/contribuira-ipn-con-tecnologia-y-ciencia-para-transformar-a-vallejo-en-un-polo-de-innovacion\/","url":"https:\/\/www.sonoraenequipo.com.mx\/contribuira-ipn-con-tecnologia-y-ciencia-para-transformar-a-vallejo-en-un-polo-de-innovacion\/","name":"Sonora en Equipo. Contribuir\u00e1 IPN con tecnolog\u00eda y ciencia para transformar a Vallejo en un polo de innovaci\u00f3n Rep\u00fablica","isPartOf":{"@id":"https:\/\/www.sonoraenequipo.com.mx\/#website"},"primaryImageOfPage":{"@id":"https:\/\/www.sonoraenequipo.com.mx\/contribuira-ipn-con-tecnologia-y-ciencia-para-transformar-a-vallejo-en-un-polo-de-innovacion\/#primaryimage"},"image":{"@id":"https:\/\/www.sonoraenequipo.com.mx\/contribuira-ipn-con-tecnologia-y-ciencia-para-transformar-a-vallejo-en-un-polo-de-innovacion\/#primaryimage"},"thumbnailUrl":"https:\/\/www.sonoraenequipo.com.mx\/storage\/2021\/09\/Contribuira-IPN_opt.jpg","datePublished":"2021-09-24T14:00:24+00:00","dateModified":"2021-09-25T00:20:08+00:00","description":"CDMX. M\u00c9XICO. \u2014\u00a0 El Instituto Polit\u00e9cnico Nacional, junto con diversas Instituciones de Educaci\u00f3n Superior (IES), desplegar\u00e1n sus fortalezas cient\u00edficas, En Sonora en Equipo publicamos toda la informaci\u00f3n de Sonora, M\u00e9xico y el Mundo de manera oportuna y busca que la libertad de expresi\u00f3n sea real. Visita nuestro medio informativo publicado desde Hermosillo, Sonora. %","breadcrumb":{"@id":"https:\/\/www.sonoraenequipo.com.mx\/contribuira-ipn-con-tecnologia-y-ciencia-para-transformar-a-vallejo-en-un-polo-de-innovacion\/#breadcrumb"},"inLanguage":"es","potentialAction":[{"@type":"ReadAction","target":["https:\/\/www.sonoraenequipo.com.mx\/contribuira-ipn-con-tecnologia-y-ciencia-para-transformar-a-vallejo-en-un-polo-de-innovacion\/"]}]},{"@type":"ImageObject","inLanguage":"es","@id":"https:\/\/www.sonoraenequipo.com.mx\/contribuira-ipn-con-tecnologia-y-ciencia-para-transformar-a-vallejo-en-un-polo-de-innovacion\/#primaryimage","url":"https:\/\/www.sonoraenequipo.com.mx\/storage\/2021\/09\/Contribuira-IPN_opt.jpg","contentUrl":"https:\/\/www.sonoraenequipo.com.mx\/storage\/2021\/09\/Contribuira-IPN_opt.jpg","width":700,"height":400},{"@type":"BreadcrumbList","@id":"https:\/\/www.sonoraenequipo.com.mx\/contribuira-ipn-con-tecnologia-y-ciencia-para-transformar-a-vallejo-en-un-polo-de-innovacion\/#breadcrumb","itemListElement":[{"@type":"ListItem","position":1,"name":"Portada","item":"https:\/\/www.sonoraenequipo.com.mx\/"},{"@type":"ListItem","position":2,"name":"Contribuir\u00e1 IPN con tecnolog\u00eda y ciencia para transformar a Vallejo en un polo de innovaci\u00f3n"}]},{"@type":"WebSite","@id":"https:\/\/www.sonoraenequipo.com.mx\/#website","url":"https:\/\/www.sonoraenequipo.com.mx\/","name":"Sonora en Equipo.","description":"Diario en l\u00ednea con Noticias desde Hermosillo, Sonora","publisher":{"@id":"https:\/\/www.sonoraenequipo.com.mx\/#organization"},"potentialAction":[{"@type":"SearchAction","target":{"@type":"EntryPoint","urlTemplate":"https:\/\/www.sonoraenequipo.com.mx\/?s={search_term_string}"},"query-input":{"@type":"PropertyValueSpecification","valueRequired":true,"valueName":"search_term_string"}}],"inLanguage":"es"},{"@type":"Organization","@id":"https:\/\/www.sonoraenequipo.com.mx\/#organization","name":"Sonoraenequipo.com.mx","url":"https:\/\/www.sonoraenequipo.com.mx\/","logo":{"@type":"ImageObject","inLanguage":"es","@id":"https:\/\/www.sonoraenequipo.com.mx\/#\/schema\/logo\/image\/","url":"https:\/\/www.sonoraenequipo.com.mx\/storage\/2019\/01\/sonoraenequipo_opt.png","contentUrl":"https:\/\/www.sonoraenequipo.com.mx\/storage\/2019\/01\/sonoraenequipo_opt.png","width":375,"height":125,"caption":"Sonoraenequipo.com.mx"},"image":{"@id":"https:\/\/www.sonoraenequipo.com.mx\/#\/schema\/logo\/image\/"},"sameAs":["https:\/\/www.facebook.com\/SonoraEE\/","https:\/\/x.com\/sonoraenequipo","https:\/\/www.youtube.com\/channel\/UC338nW-lPEYmJQs4ZABQ1SQ"]},{"@type":"Person","@id":"https:\/\/www.sonoraenequipo.com.mx\/#\/schema\/person\/50102df0fb23a8fa9e8effad8fa81386","name":"enequipo","image":{"@type":"ImageObject","inLanguage":"es","@id":"https:\/\/www.sonoraenequipo.com.mx\/#\/schema\/person\/image\/","url":"https:\/\/secure.gravatar.com\/avatar\/049821681b589dabc0bc20695993ccebb09f5b5d4d790cd9251b97faac7c652b?s=96&d=blank&r=g","contentUrl":"https:\/\/secure.gravatar.com\/avatar\/049821681b589dabc0bc20695993ccebb09f5b5d4d790cd9251b97faac7c652b?s=96&d=blank&r=g","caption":"enequipo"},"sameAs":["https:\/\/www.facebook.com\/SonoraEE"]}]}},"jetpack_featured_media_url":"https:\/\/www.sonoraenequipo.com.mx\/storage\/2021\/09\/Contribuira-IPN_opt.jpg","_links":{"self":[{"href":"https:\/\/www.sonoraenequipo.com.mx\/api\/wp\/v2\/posts\/123560","targetHints":{"allow":["GET"]}}],"collection":[{"href":"https:\/\/www.sonoraenequipo.com.mx\/api\/wp\/v2\/posts"}],"about":[{"href":"https:\/\/www.sonoraenequipo.com.mx\/api\/wp\/v2\/types\/post"}],"author":[{"embeddable":true,"href":"https:\/\/www.sonoraenequipo.com.mx\/api\/wp\/v2\/users\/1"}],"replies":[{"embeddable":true,"href":"https:\/\/www.sonoraenequipo.com.mx\/api\/wp\/v2\/comments?post=123560"}],"version-history":[{"count":2,"href":"https:\/\/www.sonoraenequipo.com.mx\/api\/wp\/v2\/posts\/123560\/revisions"}],"predecessor-version":[{"id":123563,"href":"https:\/\/www.sonoraenequipo.com.mx\/api\/wp\/v2\/posts\/123560\/revisions\/123563"}],"wp:featuredmedia":[{"embeddable":true,"href":"https:\/\/www.sonoraenequipo.com.mx\/api\/wp\/v2\/media\/123561"}],"wp:attachment":[{"href":"https:\/\/www.sonoraenequipo.com.mx\/api\/wp\/v2\/media?parent=123560"}],"wp:term":[{"taxonomy":"category","embeddable":true,"href":"https:\/\/www.sonoraenequipo.com.mx\/api\/wp\/v2\/categories?post=123560"},{"taxonomy":"post_tag","embeddable":true,"href":"https:\/\/www.sonoraenequipo.com.mx\/api\/wp\/v2\/tags?post=123560"}],"curies":[{"name":"wp","href":"https:\/\/api.w.org\/{rel}","templated":true}]}}