{"id":123568,"date":"2021-09-24T14:08:41","date_gmt":"2021-09-24T21:08:41","guid":{"rendered":"https:\/\/www.sonoraenequipo.com.mx\/?p=123568"},"modified":"2021-09-24T17:35:47","modified_gmt":"2021-09-25T00:35:47","slug":"se-compromete-presidente-municipal-de-huatabampo-con-asociacion-civil","status":"publish","type":"post","link":"https:\/\/www.sonoraenequipo.com.mx\/se-compromete-presidente-municipal-de-huatabampo-con-asociacion-civil\/","title":{"rendered":"Se compromete presidente municipal de Huatabampo con Asociaci\u00f3n Civil"},"content":{"rendered":"<p>HUATABAMPO, SONORA. MX. \u2014 El presidente municipal de Huatabampo, Juan Jes\u00fas Flores fue contundente el d\u00eda de hoy al se\u00f1alar que en su gobierno no se escatimaran recursos para ni\u00f1os con discapacidad.<\/p>\n<p>&nbsp;<\/p>\n<p> <\/p>\n<p>&nbsp;<\/p>\n<p>Durante un encuentro en las instalaciones del DIF municipal con la <strong>Asociaci\u00f3n de Madres con Ni\u00f1os con discapacidad,<\/strong> el municipe dijo que estar\u00e1n atentos para resolver cualquier contingencia que se presente.<\/p>\n<p>&nbsp;<\/p>\n<p>Ah\u00ed se tuvo la presencia de la <em>presidenta de DIF municipal,<\/em> <strong>Ang\u00e9lica Mendivil Zamora,<\/strong> la directora,<strong> Ver\u00f3nica Castro Valdez<\/strong>, el presidente del CAM, <strong>profesor, Cristino Nieblas,<\/strong> la presidenta de la Asociaci\u00f3n de Madres con Discapacidad, <strong>Jes\u00fas Yadira Verdugo Escalante.<\/strong><\/p>\n<p>Como parte de su mensaje,<strong> Juan Jes\u00fas Flores<\/strong> dijo que las madres de ni\u00f1os con discapacidad diferentes no van estar solas, tendr\u00e1n muy de cerca a su presidente municipal para resolver cualquier contingencia, siendo la mejor manera de caminar unidos y fortalecidos para que sigan avanzando para mejores perspectivas de vida de los ni\u00f1os.<\/p>\n<p>&nbsp;<\/p>\n<p>En tanto que la presidenta de DIF municipal, Ang\u00e9lica Mendivil Zamora, en su mensaje dijo;<em> \u201cdesde el primer d\u00eda en que nos hicimos responsables de la conducci\u00f3n y funcionamiento de DIF nos ha quedado claro la gran oportunidad de ser una instancia que apoye, que respalde y que se sume sin distinci\u00f3n apoyar a los que menos tienen\u201d.<\/em><\/p>\n<p>&nbsp;<\/p>\n<p>Al reiterar su apoyo para la asociaci\u00f3n de madres con ni\u00f1os con alguna discapacidad se\u00f1al\u00f3 que trabajar\u00e1 de manera especial para que todos esos infantes tengan una vida digna y llena de alegr\u00edas.<\/p>\n<p>&nbsp;<\/p>\n<p>Por su parte la presidente de la Asociac\u00f3n, Jes\u00fas Yadira Verduzco Escalante, expres\u00f3 que esperan mucho del presidente municipal Juan Jes\u00fas Flores Mendoza y de su esposa y presidenta de DIF, Ang\u00e9lica Mendivil, porque son personas humildes, honestas y sensibles ante situaciones vulnerables.<\/p>\n<p>&nbsp;<\/p>\n<p>Durante el evento los presidentes municipales en compa\u00f1\u00eda de su esposa entregaron despensas y dulces a los presentes.<\/p>\n<p>&nbsp;<\/p>\n<p>(Publicada el 24\/09\/2021)<\/p>\n","protected":false},"excerpt":{"rendered":"<p>HUATABAMPO, SONORA. MX. \u2014 El presidente municipal de Huatabampo, Juan Jes\u00fas Flores fue contundente el&#8230;<\/p>\n","protected":false},"author":1,"featured_media":123570,"comment_status":"open","ping_status":"open","sticky":false,"template":"","format":"standard","meta":{"_monsterinsights_skip_tracking":false,"_monsterinsights_sitenote_active":false,"_monsterinsights_sitenote_note":"","_monsterinsights_sitenote_category":0,"footnotes":""},"categories":[4],"tags":[],"class_list":["post"],"yoast_head":" \n<title>Sonora en Equipo. Se compromete presidente municipal de Huatabampo con Asociaci\u00f3n Civil Municipios<\/title>\n<meta name=\"description\" content=\"HUATABAMPO, SONORA. MX. \u2014 El presidente municipal de Huatabampo, Juan Jes\u00fas Flores fue contundente el d\u00eda de hoy al se\u00f1alar que en su gobierno no se En Sonora en Equipo publicamos toda la informaci\u00f3n de Sonora, M\u00e9xico y el Mundo de manera oportuna y busca que la libertad de expresi\u00f3n sea real. Visita nuestro medio informativo publicado desde Hermosillo, Sonora. %\" \/>\n<meta name=\"robots\" content=\"index, follow, max-snippet:-1, max-image-preview:large, max-video-preview:-1\" \/>\n<link rel=\"canonical\" href=\"https:\/\/www.sonoraenequipo.com.mx\/se-compromete-presidente-municipal-de-huatabampo-con-asociacion-civil\/\" \/>\n<meta property=\"og:locale\" content=\"es_ES\" \/>\n<meta property=\"og:type\" content=\"article\" \/>\n<meta property=\"og:title\" content=\"Sonora en Equipo. Se compromete presidente municipal de Huatabampo con Asociaci\u00f3n Civil Municipios\" \/>\n<meta property=\"og:description\" content=\"HUATABAMPO, SONORA. MX. \u2014 El presidente municipal de Huatabampo, Juan Jes\u00fas Flores fue contundente el d\u00eda de hoy al se\u00f1alar que en su gobierno no se En Sonora en Equipo publicamos toda la informaci\u00f3n de Sonora, M\u00e9xico y el Mundo de manera oportuna y busca que la libertad de expresi\u00f3n sea real. Visita nuestro medio informativo publicado desde Hermosillo, Sonora. %\" \/>\n<meta property=\"og:url\" content=\"https:\/\/www.sonoraenequipo.com.mx\/se-compromete-presidente-municipal-de-huatabampo-con-asociacion-civil\/\" \/>\n<meta property=\"og:site_name\" content=\"Sonora en Equipo.\" \/>\n<meta property=\"article:publisher\" content=\"https:\/\/www.facebook.com\/SonoraEE\/\" \/>\n<meta property=\"article:author\" content=\"https:\/\/www.facebook.com\/SonoraEE\" \/>\n<meta property=\"article:published_time\" content=\"2021-09-24T21:08:41+00:00\" \/>\n<meta property=\"article:modified_time\" content=\"2021-09-25T00:35:47+00:00\" \/>\n<meta property=\"og:image\" content=\"https:\/\/www.sonoraenequipo.com.mx\/storage\/2021\/09\/dif-huatabampo_opt.jpg\" \/>\n\t<meta property=\"og:image:width\" content=\"700\" \/>\n\t<meta property=\"og:image:height\" content=\"400\" \/>\n\t<meta property=\"og:image:type\" content=\"image\/jpeg\" \/>\n<meta name=\"author\" content=\"enequipo\" \/>\n<meta name=\"twitter:card\" content=\"summary_large_image\" \/>\n<meta name=\"twitter:creator\" content=\"@sonoraenequipo\" \/>\n<meta name=\"twitter:site\" content=\"@sonoraenequipo\" \/>\n<meta name=\"twitter:label1\" content=\"Escrito por\" \/>\n\t<meta name=\"twitter:data1\" content=\"enequipo\" \/>\n\t<meta name=\"twitter:label2\" content=\"Tiempo de lectura\" \/>\n\t<meta name=\"twitter:data2\" content=\"2 minutos\" \/>\n<script type=\"application\/ld+json\" class=\"yoast-schema-graph\">{\"@context\":\"https:\/\/schema.org\",\"@graph\":[{\"@type\":\"Article\",\"@id\":\"https:\/\/www.sonoraenequipo.com.mx\/se-compromete-presidente-municipal-de-huatabampo-con-asociacion-civil\/#article\",\"isPartOf\":{\"@id\":\"https:\/\/www.sonoraenequipo.com.mx\/se-compromete-presidente-municipal-de-huatabampo-con-asociacion-civil\/\"},\"author\":{\"name\":\"enequipo\",\"@id\":\"https:\/\/www.sonoraenequipo.com.mx\/#\/schema\/person\/50102df0fb23a8fa9e8effad8fa81386\"},\"headline\":\"Se compromete presidente municipal de Huatabampo con Asociaci\u00f3n Civil\",\"datePublished\":\"2021-09-24T21:08:41+00:00\",\"dateModified\":\"2021-09-25T00:35:47+00:00\",\"mainEntityOfPage\":{\"@id\":\"https:\/\/www.sonoraenequipo.com.mx\/se-compromete-presidente-municipal-de-huatabampo-con-asociacion-civil\/\"},\"wordCount\":355,\"commentCount\":0,\"publisher\":{\"@id\":\"https:\/\/www.sonoraenequipo.com.mx\/#organization\"},\"image\":{\"@id\":\"https:\/\/www.sonoraenequipo.com.mx\/se-compromete-presidente-municipal-de-huatabampo-con-asociacion-civil\/#primaryimage\"},\"thumbnailUrl\":\"https:\/\/www.sonoraenequipo.com.mx\/storage\/2021\/09\/dif-huatabampo_opt.jpg\",\"articleSection\":[\"Municipios\"],\"inLanguage\":\"es\",\"potentialAction\":[{\"@type\":\"CommentAction\",\"name\":\"Comment\",\"target\":[\"https:\/\/www.sonoraenequipo.com.mx\/se-compromete-presidente-municipal-de-huatabampo-con-asociacion-civil\/#respond\"]}]},{\"@type\":\"WebPage\",\"@id\":\"https:\/\/www.sonoraenequipo.com.mx\/se-compromete-presidente-municipal-de-huatabampo-con-asociacion-civil\/\",\"url\":\"https:\/\/www.sonoraenequipo.com.mx\/se-compromete-presidente-municipal-de-huatabampo-con-asociacion-civil\/\",\"name\":\"Sonora en Equipo. Se compromete presidente municipal de Huatabampo con Asociaci\u00f3n Civil Municipios\",\"isPartOf\":{\"@id\":\"https:\/\/www.sonoraenequipo.com.mx\/#website\"},\"primaryImageOfPage\":{\"@id\":\"https:\/\/www.sonoraenequipo.com.mx\/se-compromete-presidente-municipal-de-huatabampo-con-asociacion-civil\/#primaryimage\"},\"image\":{\"@id\":\"https:\/\/www.sonoraenequipo.com.mx\/se-compromete-presidente-municipal-de-huatabampo-con-asociacion-civil\/#primaryimage\"},\"thumbnailUrl\":\"https:\/\/www.sonoraenequipo.com.mx\/storage\/2021\/09\/dif-huatabampo_opt.jpg\",\"datePublished\":\"2021-09-24T21:08:41+00:00\",\"dateModified\":\"2021-09-25T00:35:47+00:00\",\"description\":\"HUATABAMPO, SONORA. MX. \u2014 El presidente municipal de Huatabampo, Juan Jes\u00fas Flores fue contundente el d\u00eda de hoy al se\u00f1alar que en su gobierno no se En Sonora en Equipo publicamos toda la informaci\u00f3n de Sonora, M\u00e9xico y el Mundo de manera oportuna y busca que la libertad de expresi\u00f3n sea real. Visita nuestro medio informativo publicado desde Hermosillo, Sonora. %\",\"breadcrumb\":{\"@id\":\"https:\/\/www.sonoraenequipo.com.mx\/se-compromete-presidente-municipal-de-huatabampo-con-asociacion-civil\/#breadcrumb\"},\"inLanguage\":\"es\",\"potentialAction\":[{\"@type\":\"ReadAction\",\"target\":[\"https:\/\/www.sonoraenequipo.com.mx\/se-compromete-presidente-municipal-de-huatabampo-con-asociacion-civil\/\"]}]},{\"@type\":\"ImageObject\",\"inLanguage\":\"es\",\"@id\":\"https:\/\/www.sonoraenequipo.com.mx\/se-compromete-presidente-municipal-de-huatabampo-con-asociacion-civil\/#primaryimage\",\"url\":\"https:\/\/www.sonoraenequipo.com.mx\/storage\/2021\/09\/dif-huatabampo_opt.jpg\",\"contentUrl\":\"https:\/\/www.sonoraenequipo.com.mx\/storage\/2021\/09\/dif-huatabampo_opt.jpg\",\"width\":700,\"height\":400},{\"@type\":\"BreadcrumbList\",\"@id\":\"https:\/\/www.sonoraenequipo.com.mx\/se-compromete-presidente-municipal-de-huatabampo-con-asociacion-civil\/#breadcrumb\",\"itemListElement\":[{\"@type\":\"ListItem\",\"position\":1,\"name\":\"Portada\",\"item\":\"https:\/\/www.sonoraenequipo.com.mx\/\"},{\"@type\":\"ListItem\",\"position\":2,\"name\":\"Se compromete presidente municipal de Huatabampo con Asociaci\u00f3n Civil\"}]},{\"@type\":\"WebSite\",\"@id\":\"https:\/\/www.sonoraenequipo.com.mx\/#website\",\"url\":\"https:\/\/www.sonoraenequipo.com.mx\/\",\"name\":\"Sonora en Equipo.\",\"description\":\"Diario en l\u00ednea con Noticias desde Hermosillo, Sonora\",\"publisher\":{\"@id\":\"https:\/\/www.sonoraenequipo.com.mx\/#organization\"},\"potentialAction\":[{\"@type\":\"SearchAction\",\"target\":{\"@type\":\"EntryPoint\",\"urlTemplate\":\"https:\/\/www.sonoraenequipo.com.mx\/?s={search_term_string}\"},\"query-input\":{\"@type\":\"PropertyValueSpecification\",\"valueRequired\":true,\"valueName\":\"search_term_string\"}}],\"inLanguage\":\"es\"},{\"@type\":\"Organization\",\"@id\":\"https:\/\/www.sonoraenequipo.com.mx\/#organization\",\"name\":\"Sonoraenequipo.com.mx\",\"url\":\"https:\/\/www.sonoraenequipo.com.mx\/\",\"logo\":{\"@type\":\"ImageObject\",\"inLanguage\":\"es\",\"@id\":\"https:\/\/www.sonoraenequipo.com.mx\/#\/schema\/logo\/image\/\",\"url\":\"https:\/\/www.sonoraenequipo.com.mx\/storage\/2019\/01\/sonoraenequipo_opt.png\",\"contentUrl\":\"https:\/\/www.sonoraenequipo.com.mx\/storage\/2019\/01\/sonoraenequipo_opt.png\",\"width\":375,\"height\":125,\"caption\":\"Sonoraenequipo.com.mx\"},\"image\":{\"@id\":\"https:\/\/www.sonoraenequipo.com.mx\/#\/schema\/logo\/image\/\"},\"sameAs\":[\"https:\/\/www.facebook.com\/SonoraEE\/\",\"https:\/\/x.com\/sonoraenequipo\",\"https:\/\/www.youtube.com\/channel\/UC338nW-lPEYmJQs4ZABQ1SQ\"]},{\"@type\":\"Person\",\"@id\":\"https:\/\/www.sonoraenequipo.com.mx\/#\/schema\/person\/50102df0fb23a8fa9e8effad8fa81386\",\"name\":\"enequipo\",\"image\":{\"@type\":\"ImageObject\",\"inLanguage\":\"es\",\"@id\":\"https:\/\/www.sonoraenequipo.com.mx\/#\/schema\/person\/image\/\",\"url\":\"https:\/\/secure.gravatar.com\/avatar\/049821681b589dabc0bc20695993ccebb09f5b5d4d790cd9251b97faac7c652b?s=96&d=blank&r=g\",\"contentUrl\":\"https:\/\/secure.gravatar.com\/avatar\/049821681b589dabc0bc20695993ccebb09f5b5d4d790cd9251b97faac7c652b?s=96&d=blank&r=g\",\"caption\":\"enequipo\"},\"sameAs\":[\"https:\/\/www.facebook.com\/SonoraEE\"]}]}<\/script>\n ","yoast_head_json":{"title":"Sonora en Equipo. Se compromete presidente municipal de Huatabampo con Asociaci\u00f3n Civil Municipios","description":"HUATABAMPO, SONORA. MX. \u2014 El presidente municipal de Huatabampo, Juan Jes\u00fas Flores fue contundente el d\u00eda de hoy al se\u00f1alar que en su gobierno no se En Sonora en Equipo publicamos toda la informaci\u00f3n de Sonora, M\u00e9xico y el Mundo de manera oportuna y busca que la libertad de expresi\u00f3n sea real. Visita nuestro medio informativo publicado desde Hermosillo, Sonora. %","robots":{"index":"index","follow":"follow","max-snippet":"max-snippet:-1","max-image-preview":"max-image-preview:large","max-video-preview":"max-video-preview:-1"},"canonical":"https:\/\/www.sonoraenequipo.com.mx\/se-compromete-presidente-municipal-de-huatabampo-con-asociacion-civil\/","og_locale":"es_ES","og_type":"article","og_title":"Sonora en Equipo. Se compromete presidente municipal de Huatabampo con Asociaci\u00f3n Civil Municipios","og_description":"HUATABAMPO, SONORA. MX. \u2014 El presidente municipal de Huatabampo, Juan Jes\u00fas Flores fue contundente el d\u00eda de hoy al se\u00f1alar que en su gobierno no se En Sonora en Equipo publicamos toda la informaci\u00f3n de Sonora, M\u00e9xico y el Mundo de manera oportuna y busca que la libertad de expresi\u00f3n sea real. Visita nuestro medio informativo publicado desde Hermosillo, Sonora. %","og_url":"https:\/\/www.sonoraenequipo.com.mx\/se-compromete-presidente-municipal-de-huatabampo-con-asociacion-civil\/","og_site_name":"Sonora en Equipo.","article_publisher":"https:\/\/www.facebook.com\/SonoraEE\/","article_author":"https:\/\/www.facebook.com\/SonoraEE","article_published_time":"2021-09-24T21:08:41+00:00","article_modified_time":"2021-09-25T00:35:47+00:00","og_image":[{"width":700,"height":400,"url":"https:\/\/www.sonoraenequipo.com.mx\/storage\/2021\/09\/dif-huatabampo_opt.jpg","type":"image\/jpeg"}],"author":"enequipo","twitter_card":"summary_large_image","twitter_creator":"@sonoraenequipo","twitter_site":"@sonoraenequipo","twitter_misc":{"Escrito por":"enequipo","Tiempo de lectura":"2 minutos"},"schema":{"@context":"https:\/\/schema.org","@graph":[{"@type":"Article","@id":"https:\/\/www.sonoraenequipo.com.mx\/se-compromete-presidente-municipal-de-huatabampo-con-asociacion-civil\/#article","isPartOf":{"@id":"https:\/\/www.sonoraenequipo.com.mx\/se-compromete-presidente-municipal-de-huatabampo-con-asociacion-civil\/"},"author":{"name":"enequipo","@id":"https:\/\/www.sonoraenequipo.com.mx\/#\/schema\/person\/50102df0fb23a8fa9e8effad8fa81386"},"headline":"Se compromete presidente municipal de Huatabampo con Asociaci\u00f3n Civil","datePublished":"2021-09-24T21:08:41+00:00","dateModified":"2021-09-25T00:35:47+00:00","mainEntityOfPage":{"@id":"https:\/\/www.sonoraenequipo.com.mx\/se-compromete-presidente-municipal-de-huatabampo-con-asociacion-civil\/"},"wordCount":355,"commentCount":0,"publisher":{"@id":"https:\/\/www.sonoraenequipo.com.mx\/#organization"},"image":{"@id":"https:\/\/www.sonoraenequipo.com.mx\/se-compromete-presidente-municipal-de-huatabampo-con-asociacion-civil\/#primaryimage"},"thumbnailUrl":"https:\/\/www.sonoraenequipo.com.mx\/storage\/2021\/09\/dif-huatabampo_opt.jpg","articleSection":["Municipios"],"inLanguage":"es","potentialAction":[{"@type":"CommentAction","name":"Comment","target":["https:\/\/www.sonoraenequipo.com.mx\/se-compromete-presidente-municipal-de-huatabampo-con-asociacion-civil\/#respond"]}]},{"@type":"WebPage","@id":"https:\/\/www.sonoraenequipo.com.mx\/se-compromete-presidente-municipal-de-huatabampo-con-asociacion-civil\/","url":"https:\/\/www.sonoraenequipo.com.mx\/se-compromete-presidente-municipal-de-huatabampo-con-asociacion-civil\/","name":"Sonora en Equipo. Se compromete presidente municipal de Huatabampo con Asociaci\u00f3n Civil Municipios","isPartOf":{"@id":"https:\/\/www.sonoraenequipo.com.mx\/#website"},"primaryImageOfPage":{"@id":"https:\/\/www.sonoraenequipo.com.mx\/se-compromete-presidente-municipal-de-huatabampo-con-asociacion-civil\/#primaryimage"},"image":{"@id":"https:\/\/www.sonoraenequipo.com.mx\/se-compromete-presidente-municipal-de-huatabampo-con-asociacion-civil\/#primaryimage"},"thumbnailUrl":"https:\/\/www.sonoraenequipo.com.mx\/storage\/2021\/09\/dif-huatabampo_opt.jpg","datePublished":"2021-09-24T21:08:41+00:00","dateModified":"2021-09-25T00:35:47+00:00","description":"HUATABAMPO, SONORA. MX. \u2014 El presidente municipal de Huatabampo, Juan Jes\u00fas Flores fue contundente el d\u00eda de hoy al se\u00f1alar que en su gobierno no se En Sonora en Equipo publicamos toda la informaci\u00f3n de Sonora, M\u00e9xico y el Mundo de manera oportuna y busca que la libertad de expresi\u00f3n sea real. Visita nuestro medio informativo publicado desde Hermosillo, Sonora. %","breadcrumb":{"@id":"https:\/\/www.sonoraenequipo.com.mx\/se-compromete-presidente-municipal-de-huatabampo-con-asociacion-civil\/#breadcrumb"},"inLanguage":"es","potentialAction":[{"@type":"ReadAction","target":["https:\/\/www.sonoraenequipo.com.mx\/se-compromete-presidente-municipal-de-huatabampo-con-asociacion-civil\/"]}]},{"@type":"ImageObject","inLanguage":"es","@id":"https:\/\/www.sonoraenequipo.com.mx\/se-compromete-presidente-municipal-de-huatabampo-con-asociacion-civil\/#primaryimage","url":"https:\/\/www.sonoraenequipo.com.mx\/storage\/2021\/09\/dif-huatabampo_opt.jpg","contentUrl":"https:\/\/www.sonoraenequipo.com.mx\/storage\/2021\/09\/dif-huatabampo_opt.jpg","width":700,"height":400},{"@type":"BreadcrumbList","@id":"https:\/\/www.sonoraenequipo.com.mx\/se-compromete-presidente-municipal-de-huatabampo-con-asociacion-civil\/#breadcrumb","itemListElement":[{"@type":"ListItem","position":1,"name":"Portada","item":"https:\/\/www.sonoraenequipo.com.mx\/"},{"@type":"ListItem","position":2,"name":"Se compromete presidente municipal de Huatabampo con Asociaci\u00f3n Civil"}]},{"@type":"WebSite","@id":"https:\/\/www.sonoraenequipo.com.mx\/#website","url":"https:\/\/www.sonoraenequipo.com.mx\/","name":"Sonora en Equipo.","description":"Diario en l\u00ednea con Noticias desde Hermosillo, Sonora","publisher":{"@id":"https:\/\/www.sonoraenequipo.com.mx\/#organization"},"potentialAction":[{"@type":"SearchAction","target":{"@type":"EntryPoint","urlTemplate":"https:\/\/www.sonoraenequipo.com.mx\/?s={search_term_string}"},"query-input":{"@type":"PropertyValueSpecification","valueRequired":true,"valueName":"search_term_string"}}],"inLanguage":"es"},{"@type":"Organization","@id":"https:\/\/www.sonoraenequipo.com.mx\/#organization","name":"Sonoraenequipo.com.mx","url":"https:\/\/www.sonoraenequipo.com.mx\/","logo":{"@type":"ImageObject","inLanguage":"es","@id":"https:\/\/www.sonoraenequipo.com.mx\/#\/schema\/logo\/image\/","url":"https:\/\/www.sonoraenequipo.com.mx\/storage\/2019\/01\/sonoraenequipo_opt.png","contentUrl":"https:\/\/www.sonoraenequipo.com.mx\/storage\/2019\/01\/sonoraenequipo_opt.png","width":375,"height":125,"caption":"Sonoraenequipo.com.mx"},"image":{"@id":"https:\/\/www.sonoraenequipo.com.mx\/#\/schema\/logo\/image\/"},"sameAs":["https:\/\/www.facebook.com\/SonoraEE\/","https:\/\/x.com\/sonoraenequipo","https:\/\/www.youtube.com\/channel\/UC338nW-lPEYmJQs4ZABQ1SQ"]},{"@type":"Person","@id":"https:\/\/www.sonoraenequipo.com.mx\/#\/schema\/person\/50102df0fb23a8fa9e8effad8fa81386","name":"enequipo","image":{"@type":"ImageObject","inLanguage":"es","@id":"https:\/\/www.sonoraenequipo.com.mx\/#\/schema\/person\/image\/","url":"https:\/\/secure.gravatar.com\/avatar\/049821681b589dabc0bc20695993ccebb09f5b5d4d790cd9251b97faac7c652b?s=96&d=blank&r=g","contentUrl":"https:\/\/secure.gravatar.com\/avatar\/049821681b589dabc0bc20695993ccebb09f5b5d4d790cd9251b97faac7c652b?s=96&d=blank&r=g","caption":"enequipo"},"sameAs":["https:\/\/www.facebook.com\/SonoraEE"]}]}},"jetpack_featured_media_url":"https:\/\/www.sonoraenequipo.com.mx\/storage\/2021\/09\/dif-huatabampo_opt.jpg","_links":{"self":[{"href":"https:\/\/www.sonoraenequipo.com.mx\/api\/wp\/v2\/posts\/123568","targetHints":{"allow":["GET"]}}],"collection":[{"href":"https:\/\/www.sonoraenequipo.com.mx\/api\/wp\/v2\/posts"}],"about":[{"href":"https:\/\/www.sonoraenequipo.com.mx\/api\/wp\/v2\/types\/post"}],"author":[{"embeddable":true,"href":"https:\/\/www.sonoraenequipo.com.mx\/api\/wp\/v2\/users\/1"}],"replies":[{"embeddable":true,"href":"https:\/\/www.sonoraenequipo.com.mx\/api\/wp\/v2\/comments?post=123568"}],"version-history":[{"count":2,"href":"https:\/\/www.sonoraenequipo.com.mx\/api\/wp\/v2\/posts\/123568\/revisions"}],"predecessor-version":[{"id":123571,"href":"https:\/\/www.sonoraenequipo.com.mx\/api\/wp\/v2\/posts\/123568\/revisions\/123571"}],"wp:featuredmedia":[{"embeddable":true,"href":"https:\/\/www.sonoraenequipo.com.mx\/api\/wp\/v2\/media\/123570"}],"wp:attachment":[{"href":"https:\/\/www.sonoraenequipo.com.mx\/api\/wp\/v2\/media?parent=123568"}],"wp:term":[{"taxonomy":"category","embeddable":true,"href":"https:\/\/www.sonoraenequipo.com.mx\/api\/wp\/v2\/categories?post=123568"},{"taxonomy":"post_tag","embeddable":true,"href":"https:\/\/www.sonoraenequipo.com.mx\/api\/wp\/v2\/tags?post=123568"}],"curies":[{"name":"wp","href":"https:\/\/api.w.org\/{rel}","templated":true}]}}