{"id":123928,"date":"2021-09-29T23:48:54","date_gmt":"2021-09-30T06:48:54","guid":{"rendered":"https:\/\/www.sonoraenequipo.com.mx\/?p=123928"},"modified":"2021-09-29T22:39:52","modified_gmt":"2021-09-30T05:39:52","slug":"carretera-sonoyta-puerto-penasco-beneficiara-al-turismo-de-la-region-gobernador-alfonso-durazo","status":"publish","type":"post","link":"https:\/\/www.sonoraenequipo.com.mx\/carretera-sonoyta-puerto-penasco-beneficiara-al-turismo-de-la-region-gobernador-alfonso-durazo\/","title":{"rendered":"Carretera Sonoyta-Puerto Pe\u00f1asco beneficiar\u00e1 al turismo de la regi\u00f3n: gobernador Alfonso Durazo"},"content":{"rendered":"<p>HERMOSILLO, SONORA MX. \u2014 Como parte de las acciones de apoyo a la infraestructura tur\u00edstica, en esta administraci\u00f3n se construir\u00e1 una carretera de cuatro carriles en el tramo Sonoyta-Puerto Pe\u00f1asco, al tratarse de un corredor por donde transitan un gran n\u00famero de turistas, inform\u00f3 el gobernador Alfonso Durazo Monta\u00f1o.<\/p>\n<p>&nbsp;<\/p>\n<p> <\/p>\n<p>&nbsp;<\/p>\n<p>Expuso que esta nueva r\u00faa estar\u00e1 concesionada, y tendr\u00e1 participaci\u00f3n del sector privado, adem\u00e1s de que contar\u00e1 con casetas para su recuperaci\u00f3n, mientras que la carretera actual se preservar\u00e1 en buenas condiciones para que, quien no pueda o no quiera pagar, tenga una v\u00eda alterna de traslado.<\/p>\n<p><em><img loading=\"lazy\" decoding=\"async\" class=\"size-full  x-left\" src=\"https:\/\/sonmx.mx\/storage\/2021\/09\/Alfonso-Durazo29092021_opt.jpg\" alt=\"\" width=\"400\" height=\"602\" \/>\u201cCon esa modificaci\u00f3n de la aduana, y la carretera, vamos a acercar a tres horas la zona conurbada de Phoenix, que la integran seis millones de habitantes, y con esos beneficios tur\u00edsticos casi tendr\u00edamos los sonorenses para vivir con dignidad\u201d,<\/em> se\u00f1al\u00f3.<\/p>\n<p>&nbsp;<\/p>\n<p>El gobernador Durazo Monta\u00f1o agreg\u00f3 que como parte de este proyecto se ampliar\u00e1 tambi\u00e9n la garita de Sonoyta, empatada con los planes de ampliaci\u00f3n que tienen las autoridades estadounidenses, con lo cual se reducir\u00e1n los tiempos de espera en los cruces fronterizos.<\/p>\n<p>&nbsp;<\/p>\n<p>\u201c\u00bf<em>Qui\u00e9n tiene ganas de venir un fin de semana a pagar una cuota de seis horas? \u00bfDe una cola de seis horas? Muy poca gente. Aun as\u00ed, ustedes no consiguen un cuarto en Puerto Pe\u00f1asco\u201d,<\/em> coment\u00f3.<\/p>\n<p>&nbsp;<\/p>\n<p>A\u00f1adi\u00f3 que en Puerto Pe\u00f1asco se terminar\u00e1 la obra del Home Port la cual, dijo, se har\u00e1 bajo un proceso transparente para que alcance el presupuesto.<\/p>\n<p>&nbsp;<\/p>\n<p>&nbsp;<\/p>\n<p>(Publicada el 29\/09\/2021<\/p>\n","protected":false},"excerpt":{"rendered":"<p>HERMOSILLO, SONORA MX. \u2014 Como parte de las acciones de apoyo a la infraestructura tur\u00edstica,&#8230;<\/p>\n","protected":false},"author":1,"featured_media":123930,"comment_status":"open","ping_status":"open","sticky":false,"template":"","format":"standard","meta":{"_monsterinsights_skip_tracking":false,"_monsterinsights_sitenote_active":false,"_monsterinsights_sitenote_note":"","_monsterinsights_sitenote_category":0,"footnotes":""},"categories":[22],"tags":[],"class_list":["post"],"yoast_head":" \n<title>Sonora en Equipo. Carretera Sonoyta-Puerto Pe\u00f1asco beneficiar\u00e1 al turismo de la regi\u00f3n: gobernador Alfonso Durazo Sonora<\/title>\n<meta name=\"description\" content=\"HERMOSILLO, SONORA MX. \u2014 Como parte de las acciones de apoyo a la infraestructura tur\u00edstica, en esta administraci\u00f3n se construir\u00e1 una carretera de cuatro En Sonora en Equipo publicamos toda la informaci\u00f3n de Sonora, M\u00e9xico y el Mundo de manera oportuna y busca que la libertad de expresi\u00f3n sea real. Visita nuestro medio informativo publicado desde Hermosillo, Sonora. %\" \/>\n<meta name=\"robots\" content=\"index, follow, max-snippet:-1, max-image-preview:large, max-video-preview:-1\" \/>\n<link rel=\"canonical\" href=\"https:\/\/www.sonoraenequipo.com.mx\/carretera-sonoyta-puerto-penasco-beneficiara-al-turismo-de-la-region-gobernador-alfonso-durazo\/\" \/>\n<meta property=\"og:locale\" content=\"es_ES\" \/>\n<meta property=\"og:type\" content=\"article\" \/>\n<meta property=\"og:title\" content=\"Sonora en Equipo. Carretera Sonoyta-Puerto Pe\u00f1asco beneficiar\u00e1 al turismo de la regi\u00f3n: gobernador Alfonso Durazo Sonora\" \/>\n<meta property=\"og:description\" content=\"HERMOSILLO, SONORA MX. \u2014 Como parte de las acciones de apoyo a la infraestructura tur\u00edstica, en esta administraci\u00f3n se construir\u00e1 una carretera de cuatro En Sonora en Equipo publicamos toda la informaci\u00f3n de Sonora, M\u00e9xico y el Mundo de manera oportuna y busca que la libertad de expresi\u00f3n sea real. Visita nuestro medio informativo publicado desde Hermosillo, Sonora. %\" \/>\n<meta property=\"og:url\" content=\"https:\/\/www.sonoraenequipo.com.mx\/carretera-sonoyta-puerto-penasco-beneficiara-al-turismo-de-la-region-gobernador-alfonso-durazo\/\" \/>\n<meta property=\"og:site_name\" content=\"Sonora en Equipo.\" \/>\n<meta property=\"article:publisher\" content=\"https:\/\/www.facebook.com\/SonoraEE\/\" \/>\n<meta property=\"article:author\" content=\"https:\/\/www.facebook.com\/SonoraEE\" \/>\n<meta property=\"article:published_time\" content=\"2021-09-30T06:48:54+00:00\" \/>\n<meta property=\"og:image\" content=\"https:\/\/www.sonoraenequipo.com.mx\/storage\/2021\/09\/Alfonso-Durazo2909_opt.jpg\" \/>\n\t<meta property=\"og:image:width\" content=\"700\" \/>\n\t<meta property=\"og:image:height\" content=\"400\" \/>\n\t<meta property=\"og:image:type\" content=\"image\/jpeg\" \/>\n<meta name=\"author\" content=\"enequipo\" \/>\n<meta name=\"twitter:card\" content=\"summary_large_image\" \/>\n<meta name=\"twitter:creator\" content=\"@sonoraenequipo\" \/>\n<meta name=\"twitter:site\" content=\"@sonoraenequipo\" \/>\n<meta name=\"twitter:label1\" content=\"Escrito por\" \/>\n\t<meta name=\"twitter:data1\" content=\"enequipo\" \/>\n\t<meta name=\"twitter:label2\" content=\"Tiempo de lectura\" \/>\n\t<meta name=\"twitter:data2\" content=\"1 minuto\" \/>\n<script type=\"application\/ld+json\" class=\"yoast-schema-graph\">{\"@context\":\"https:\/\/schema.org\",\"@graph\":[{\"@type\":\"Article\",\"@id\":\"https:\/\/www.sonoraenequipo.com.mx\/carretera-sonoyta-puerto-penasco-beneficiara-al-turismo-de-la-region-gobernador-alfonso-durazo\/#article\",\"isPartOf\":{\"@id\":\"https:\/\/www.sonoraenequipo.com.mx\/carretera-sonoyta-puerto-penasco-beneficiara-al-turismo-de-la-region-gobernador-alfonso-durazo\/\"},\"author\":{\"name\":\"enequipo\",\"@id\":\"https:\/\/www.sonoraenequipo.com.mx\/#\/schema\/person\/50102df0fb23a8fa9e8effad8fa81386\"},\"headline\":\"Carretera Sonoyta-Puerto Pe\u00f1asco beneficiar\u00e1 al turismo de la regi\u00f3n: gobernador Alfonso Durazo\",\"datePublished\":\"2021-09-30T06:48:54+00:00\",\"mainEntityOfPage\":{\"@id\":\"https:\/\/www.sonoraenequipo.com.mx\/carretera-sonoyta-puerto-penasco-beneficiara-al-turismo-de-la-region-gobernador-alfonso-durazo\/\"},\"wordCount\":285,\"commentCount\":0,\"publisher\":{\"@id\":\"https:\/\/www.sonoraenequipo.com.mx\/#organization\"},\"image\":{\"@id\":\"https:\/\/www.sonoraenequipo.com.mx\/carretera-sonoyta-puerto-penasco-beneficiara-al-turismo-de-la-region-gobernador-alfonso-durazo\/#primaryimage\"},\"thumbnailUrl\":\"https:\/\/www.sonoraenequipo.com.mx\/storage\/2021\/09\/Alfonso-Durazo2909_opt.jpg\",\"articleSection\":[\"Sonora\"],\"inLanguage\":\"es\",\"potentialAction\":[{\"@type\":\"CommentAction\",\"name\":\"Comment\",\"target\":[\"https:\/\/www.sonoraenequipo.com.mx\/carretera-sonoyta-puerto-penasco-beneficiara-al-turismo-de-la-region-gobernador-alfonso-durazo\/#respond\"]}]},{\"@type\":\"WebPage\",\"@id\":\"https:\/\/www.sonoraenequipo.com.mx\/carretera-sonoyta-puerto-penasco-beneficiara-al-turismo-de-la-region-gobernador-alfonso-durazo\/\",\"url\":\"https:\/\/www.sonoraenequipo.com.mx\/carretera-sonoyta-puerto-penasco-beneficiara-al-turismo-de-la-region-gobernador-alfonso-durazo\/\",\"name\":\"Sonora en Equipo. Carretera Sonoyta-Puerto Pe\u00f1asco beneficiar\u00e1 al turismo de la regi\u00f3n: gobernador Alfonso Durazo Sonora\",\"isPartOf\":{\"@id\":\"https:\/\/www.sonoraenequipo.com.mx\/#website\"},\"primaryImageOfPage\":{\"@id\":\"https:\/\/www.sonoraenequipo.com.mx\/carretera-sonoyta-puerto-penasco-beneficiara-al-turismo-de-la-region-gobernador-alfonso-durazo\/#primaryimage\"},\"image\":{\"@id\":\"https:\/\/www.sonoraenequipo.com.mx\/carretera-sonoyta-puerto-penasco-beneficiara-al-turismo-de-la-region-gobernador-alfonso-durazo\/#primaryimage\"},\"thumbnailUrl\":\"https:\/\/www.sonoraenequipo.com.mx\/storage\/2021\/09\/Alfonso-Durazo2909_opt.jpg\",\"datePublished\":\"2021-09-30T06:48:54+00:00\",\"description\":\"HERMOSILLO, SONORA MX. \u2014 Como parte de las acciones de apoyo a la infraestructura tur\u00edstica, en esta administraci\u00f3n se construir\u00e1 una carretera de cuatro En Sonora en Equipo publicamos toda la informaci\u00f3n de Sonora, M\u00e9xico y el Mundo de manera oportuna y busca que la libertad de expresi\u00f3n sea real. Visita nuestro medio informativo publicado desde Hermosillo, Sonora. %\",\"breadcrumb\":{\"@id\":\"https:\/\/www.sonoraenequipo.com.mx\/carretera-sonoyta-puerto-penasco-beneficiara-al-turismo-de-la-region-gobernador-alfonso-durazo\/#breadcrumb\"},\"inLanguage\":\"es\",\"potentialAction\":[{\"@type\":\"ReadAction\",\"target\":[\"https:\/\/www.sonoraenequipo.com.mx\/carretera-sonoyta-puerto-penasco-beneficiara-al-turismo-de-la-region-gobernador-alfonso-durazo\/\"]}]},{\"@type\":\"ImageObject\",\"inLanguage\":\"es\",\"@id\":\"https:\/\/www.sonoraenequipo.com.mx\/carretera-sonoyta-puerto-penasco-beneficiara-al-turismo-de-la-region-gobernador-alfonso-durazo\/#primaryimage\",\"url\":\"https:\/\/www.sonoraenequipo.com.mx\/storage\/2021\/09\/Alfonso-Durazo2909_opt.jpg\",\"contentUrl\":\"https:\/\/www.sonoraenequipo.com.mx\/storage\/2021\/09\/Alfonso-Durazo2909_opt.jpg\",\"width\":700,\"height\":400},{\"@type\":\"BreadcrumbList\",\"@id\":\"https:\/\/www.sonoraenequipo.com.mx\/carretera-sonoyta-puerto-penasco-beneficiara-al-turismo-de-la-region-gobernador-alfonso-durazo\/#breadcrumb\",\"itemListElement\":[{\"@type\":\"ListItem\",\"position\":1,\"name\":\"Portada\",\"item\":\"https:\/\/www.sonoraenequipo.com.mx\/\"},{\"@type\":\"ListItem\",\"position\":2,\"name\":\"Carretera Sonoyta-Puerto Pe\u00f1asco beneficiar\u00e1 al turismo de la regi\u00f3n: gobernador Alfonso Durazo\"}]},{\"@type\":\"WebSite\",\"@id\":\"https:\/\/www.sonoraenequipo.com.mx\/#website\",\"url\":\"https:\/\/www.sonoraenequipo.com.mx\/\",\"name\":\"Sonora en Equipo.\",\"description\":\"Diario en l\u00ednea con Noticias desde Hermosillo, Sonora\",\"publisher\":{\"@id\":\"https:\/\/www.sonoraenequipo.com.mx\/#organization\"},\"potentialAction\":[{\"@type\":\"SearchAction\",\"target\":{\"@type\":\"EntryPoint\",\"urlTemplate\":\"https:\/\/www.sonoraenequipo.com.mx\/?s={search_term_string}\"},\"query-input\":{\"@type\":\"PropertyValueSpecification\",\"valueRequired\":true,\"valueName\":\"search_term_string\"}}],\"inLanguage\":\"es\"},{\"@type\":\"Organization\",\"@id\":\"https:\/\/www.sonoraenequipo.com.mx\/#organization\",\"name\":\"Sonoraenequipo.com.mx\",\"url\":\"https:\/\/www.sonoraenequipo.com.mx\/\",\"logo\":{\"@type\":\"ImageObject\",\"inLanguage\":\"es\",\"@id\":\"https:\/\/www.sonoraenequipo.com.mx\/#\/schema\/logo\/image\/\",\"url\":\"https:\/\/www.sonoraenequipo.com.mx\/storage\/2019\/01\/sonoraenequipo_opt.png\",\"contentUrl\":\"https:\/\/www.sonoraenequipo.com.mx\/storage\/2019\/01\/sonoraenequipo_opt.png\",\"width\":375,\"height\":125,\"caption\":\"Sonoraenequipo.com.mx\"},\"image\":{\"@id\":\"https:\/\/www.sonoraenequipo.com.mx\/#\/schema\/logo\/image\/\"},\"sameAs\":[\"https:\/\/www.facebook.com\/SonoraEE\/\",\"https:\/\/x.com\/sonoraenequipo\",\"https:\/\/www.youtube.com\/channel\/UC338nW-lPEYmJQs4ZABQ1SQ\"]},{\"@type\":\"Person\",\"@id\":\"https:\/\/www.sonoraenequipo.com.mx\/#\/schema\/person\/50102df0fb23a8fa9e8effad8fa81386\",\"name\":\"enequipo\",\"image\":{\"@type\":\"ImageObject\",\"inLanguage\":\"es\",\"@id\":\"https:\/\/www.sonoraenequipo.com.mx\/#\/schema\/person\/image\/\",\"url\":\"https:\/\/secure.gravatar.com\/avatar\/049821681b589dabc0bc20695993ccebb09f5b5d4d790cd9251b97faac7c652b?s=96&d=blank&r=g\",\"contentUrl\":\"https:\/\/secure.gravatar.com\/avatar\/049821681b589dabc0bc20695993ccebb09f5b5d4d790cd9251b97faac7c652b?s=96&d=blank&r=g\",\"caption\":\"enequipo\"},\"sameAs\":[\"https:\/\/www.facebook.com\/SonoraEE\"]}]}<\/script>\n ","yoast_head_json":{"title":"Sonora en Equipo. Carretera Sonoyta-Puerto Pe\u00f1asco beneficiar\u00e1 al turismo de la regi\u00f3n: gobernador Alfonso Durazo Sonora","description":"HERMOSILLO, SONORA MX. \u2014 Como parte de las acciones de apoyo a la infraestructura tur\u00edstica, en esta administraci\u00f3n se construir\u00e1 una carretera de cuatro En Sonora en Equipo publicamos toda la informaci\u00f3n de Sonora, M\u00e9xico y el Mundo de manera oportuna y busca que la libertad de expresi\u00f3n sea real. Visita nuestro medio informativo publicado desde Hermosillo, Sonora. %","robots":{"index":"index","follow":"follow","max-snippet":"max-snippet:-1","max-image-preview":"max-image-preview:large","max-video-preview":"max-video-preview:-1"},"canonical":"https:\/\/www.sonoraenequipo.com.mx\/carretera-sonoyta-puerto-penasco-beneficiara-al-turismo-de-la-region-gobernador-alfonso-durazo\/","og_locale":"es_ES","og_type":"article","og_title":"Sonora en Equipo. Carretera Sonoyta-Puerto Pe\u00f1asco beneficiar\u00e1 al turismo de la regi\u00f3n: gobernador Alfonso Durazo Sonora","og_description":"HERMOSILLO, SONORA MX. \u2014 Como parte de las acciones de apoyo a la infraestructura tur\u00edstica, en esta administraci\u00f3n se construir\u00e1 una carretera de cuatro En Sonora en Equipo publicamos toda la informaci\u00f3n de Sonora, M\u00e9xico y el Mundo de manera oportuna y busca que la libertad de expresi\u00f3n sea real. Visita nuestro medio informativo publicado desde Hermosillo, Sonora. %","og_url":"https:\/\/www.sonoraenequipo.com.mx\/carretera-sonoyta-puerto-penasco-beneficiara-al-turismo-de-la-region-gobernador-alfonso-durazo\/","og_site_name":"Sonora en Equipo.","article_publisher":"https:\/\/www.facebook.com\/SonoraEE\/","article_author":"https:\/\/www.facebook.com\/SonoraEE","article_published_time":"2021-09-30T06:48:54+00:00","og_image":[{"width":700,"height":400,"url":"https:\/\/www.sonoraenequipo.com.mx\/storage\/2021\/09\/Alfonso-Durazo2909_opt.jpg","type":"image\/jpeg"}],"author":"enequipo","twitter_card":"summary_large_image","twitter_creator":"@sonoraenequipo","twitter_site":"@sonoraenequipo","twitter_misc":{"Escrito por":"enequipo","Tiempo de lectura":"1 minuto"},"schema":{"@context":"https:\/\/schema.org","@graph":[{"@type":"Article","@id":"https:\/\/www.sonoraenequipo.com.mx\/carretera-sonoyta-puerto-penasco-beneficiara-al-turismo-de-la-region-gobernador-alfonso-durazo\/#article","isPartOf":{"@id":"https:\/\/www.sonoraenequipo.com.mx\/carretera-sonoyta-puerto-penasco-beneficiara-al-turismo-de-la-region-gobernador-alfonso-durazo\/"},"author":{"name":"enequipo","@id":"https:\/\/www.sonoraenequipo.com.mx\/#\/schema\/person\/50102df0fb23a8fa9e8effad8fa81386"},"headline":"Carretera Sonoyta-Puerto Pe\u00f1asco beneficiar\u00e1 al turismo de la regi\u00f3n: gobernador Alfonso Durazo","datePublished":"2021-09-30T06:48:54+00:00","mainEntityOfPage":{"@id":"https:\/\/www.sonoraenequipo.com.mx\/carretera-sonoyta-puerto-penasco-beneficiara-al-turismo-de-la-region-gobernador-alfonso-durazo\/"},"wordCount":285,"commentCount":0,"publisher":{"@id":"https:\/\/www.sonoraenequipo.com.mx\/#organization"},"image":{"@id":"https:\/\/www.sonoraenequipo.com.mx\/carretera-sonoyta-puerto-penasco-beneficiara-al-turismo-de-la-region-gobernador-alfonso-durazo\/#primaryimage"},"thumbnailUrl":"https:\/\/www.sonoraenequipo.com.mx\/storage\/2021\/09\/Alfonso-Durazo2909_opt.jpg","articleSection":["Sonora"],"inLanguage":"es","potentialAction":[{"@type":"CommentAction","name":"Comment","target":["https:\/\/www.sonoraenequipo.com.mx\/carretera-sonoyta-puerto-penasco-beneficiara-al-turismo-de-la-region-gobernador-alfonso-durazo\/#respond"]}]},{"@type":"WebPage","@id":"https:\/\/www.sonoraenequipo.com.mx\/carretera-sonoyta-puerto-penasco-beneficiara-al-turismo-de-la-region-gobernador-alfonso-durazo\/","url":"https:\/\/www.sonoraenequipo.com.mx\/carretera-sonoyta-puerto-penasco-beneficiara-al-turismo-de-la-region-gobernador-alfonso-durazo\/","name":"Sonora en Equipo. Carretera Sonoyta-Puerto Pe\u00f1asco beneficiar\u00e1 al turismo de la regi\u00f3n: gobernador Alfonso Durazo Sonora","isPartOf":{"@id":"https:\/\/www.sonoraenequipo.com.mx\/#website"},"primaryImageOfPage":{"@id":"https:\/\/www.sonoraenequipo.com.mx\/carretera-sonoyta-puerto-penasco-beneficiara-al-turismo-de-la-region-gobernador-alfonso-durazo\/#primaryimage"},"image":{"@id":"https:\/\/www.sonoraenequipo.com.mx\/carretera-sonoyta-puerto-penasco-beneficiara-al-turismo-de-la-region-gobernador-alfonso-durazo\/#primaryimage"},"thumbnailUrl":"https:\/\/www.sonoraenequipo.com.mx\/storage\/2021\/09\/Alfonso-Durazo2909_opt.jpg","datePublished":"2021-09-30T06:48:54+00:00","description":"HERMOSILLO, SONORA MX. \u2014 Como parte de las acciones de apoyo a la infraestructura tur\u00edstica, en esta administraci\u00f3n se construir\u00e1 una carretera de cuatro En Sonora en Equipo publicamos toda la informaci\u00f3n de Sonora, M\u00e9xico y el Mundo de manera oportuna y busca que la libertad de expresi\u00f3n sea real. Visita nuestro medio informativo publicado desde Hermosillo, Sonora. %","breadcrumb":{"@id":"https:\/\/www.sonoraenequipo.com.mx\/carretera-sonoyta-puerto-penasco-beneficiara-al-turismo-de-la-region-gobernador-alfonso-durazo\/#breadcrumb"},"inLanguage":"es","potentialAction":[{"@type":"ReadAction","target":["https:\/\/www.sonoraenequipo.com.mx\/carretera-sonoyta-puerto-penasco-beneficiara-al-turismo-de-la-region-gobernador-alfonso-durazo\/"]}]},{"@type":"ImageObject","inLanguage":"es","@id":"https:\/\/www.sonoraenequipo.com.mx\/carretera-sonoyta-puerto-penasco-beneficiara-al-turismo-de-la-region-gobernador-alfonso-durazo\/#primaryimage","url":"https:\/\/www.sonoraenequipo.com.mx\/storage\/2021\/09\/Alfonso-Durazo2909_opt.jpg","contentUrl":"https:\/\/www.sonoraenequipo.com.mx\/storage\/2021\/09\/Alfonso-Durazo2909_opt.jpg","width":700,"height":400},{"@type":"BreadcrumbList","@id":"https:\/\/www.sonoraenequipo.com.mx\/carretera-sonoyta-puerto-penasco-beneficiara-al-turismo-de-la-region-gobernador-alfonso-durazo\/#breadcrumb","itemListElement":[{"@type":"ListItem","position":1,"name":"Portada","item":"https:\/\/www.sonoraenequipo.com.mx\/"},{"@type":"ListItem","position":2,"name":"Carretera Sonoyta-Puerto Pe\u00f1asco beneficiar\u00e1 al turismo de la regi\u00f3n: gobernador Alfonso Durazo"}]},{"@type":"WebSite","@id":"https:\/\/www.sonoraenequipo.com.mx\/#website","url":"https:\/\/www.sonoraenequipo.com.mx\/","name":"Sonora en Equipo.","description":"Diario en l\u00ednea con Noticias desde Hermosillo, Sonora","publisher":{"@id":"https:\/\/www.sonoraenequipo.com.mx\/#organization"},"potentialAction":[{"@type":"SearchAction","target":{"@type":"EntryPoint","urlTemplate":"https:\/\/www.sonoraenequipo.com.mx\/?s={search_term_string}"},"query-input":{"@type":"PropertyValueSpecification","valueRequired":true,"valueName":"search_term_string"}}],"inLanguage":"es"},{"@type":"Organization","@id":"https:\/\/www.sonoraenequipo.com.mx\/#organization","name":"Sonoraenequipo.com.mx","url":"https:\/\/www.sonoraenequipo.com.mx\/","logo":{"@type":"ImageObject","inLanguage":"es","@id":"https:\/\/www.sonoraenequipo.com.mx\/#\/schema\/logo\/image\/","url":"https:\/\/www.sonoraenequipo.com.mx\/storage\/2019\/01\/sonoraenequipo_opt.png","contentUrl":"https:\/\/www.sonoraenequipo.com.mx\/storage\/2019\/01\/sonoraenequipo_opt.png","width":375,"height":125,"caption":"Sonoraenequipo.com.mx"},"image":{"@id":"https:\/\/www.sonoraenequipo.com.mx\/#\/schema\/logo\/image\/"},"sameAs":["https:\/\/www.facebook.com\/SonoraEE\/","https:\/\/x.com\/sonoraenequipo","https:\/\/www.youtube.com\/channel\/UC338nW-lPEYmJQs4ZABQ1SQ"]},{"@type":"Person","@id":"https:\/\/www.sonoraenequipo.com.mx\/#\/schema\/person\/50102df0fb23a8fa9e8effad8fa81386","name":"enequipo","image":{"@type":"ImageObject","inLanguage":"es","@id":"https:\/\/www.sonoraenequipo.com.mx\/#\/schema\/person\/image\/","url":"https:\/\/secure.gravatar.com\/avatar\/049821681b589dabc0bc20695993ccebb09f5b5d4d790cd9251b97faac7c652b?s=96&d=blank&r=g","contentUrl":"https:\/\/secure.gravatar.com\/avatar\/049821681b589dabc0bc20695993ccebb09f5b5d4d790cd9251b97faac7c652b?s=96&d=blank&r=g","caption":"enequipo"},"sameAs":["https:\/\/www.facebook.com\/SonoraEE"]}]}},"jetpack_featured_media_url":"https:\/\/www.sonoraenequipo.com.mx\/storage\/2021\/09\/Alfonso-Durazo2909_opt.jpg","_links":{"self":[{"href":"https:\/\/www.sonoraenequipo.com.mx\/api\/wp\/v2\/posts\/123928","targetHints":{"allow":["GET"]}}],"collection":[{"href":"https:\/\/www.sonoraenequipo.com.mx\/api\/wp\/v2\/posts"}],"about":[{"href":"https:\/\/www.sonoraenequipo.com.mx\/api\/wp\/v2\/types\/post"}],"author":[{"embeddable":true,"href":"https:\/\/www.sonoraenequipo.com.mx\/api\/wp\/v2\/users\/1"}],"replies":[{"embeddable":true,"href":"https:\/\/www.sonoraenequipo.com.mx\/api\/wp\/v2\/comments?post=123928"}],"version-history":[{"count":1,"href":"https:\/\/www.sonoraenequipo.com.mx\/api\/wp\/v2\/posts\/123928\/revisions"}],"predecessor-version":[{"id":123931,"href":"https:\/\/www.sonoraenequipo.com.mx\/api\/wp\/v2\/posts\/123928\/revisions\/123931"}],"wp:featuredmedia":[{"embeddable":true,"href":"https:\/\/www.sonoraenequipo.com.mx\/api\/wp\/v2\/media\/123930"}],"wp:attachment":[{"href":"https:\/\/www.sonoraenequipo.com.mx\/api\/wp\/v2\/media?parent=123928"}],"wp:term":[{"taxonomy":"category","embeddable":true,"href":"https:\/\/www.sonoraenequipo.com.mx\/api\/wp\/v2\/categories?post=123928"},{"taxonomy":"post_tag","embeddable":true,"href":"https:\/\/www.sonoraenequipo.com.mx\/api\/wp\/v2\/tags?post=123928"}],"curies":[{"name":"wp","href":"https:\/\/api.w.org\/{rel}","templated":true}]}}