{"id":123952,"date":"2021-09-30T06:15:47","date_gmt":"2021-09-30T13:15:47","guid":{"rendered":"https:\/\/www.sonoraenequipo.com.mx\/?p=123952"},"modified":"2021-09-30T09:15:14","modified_gmt":"2021-09-30T16:15:14","slug":"el-consejo-de-salubridad-general-de-mexico-llevara-a-cabo-un-censo-sobre-enfermedades-raras","status":"publish","type":"post","link":"https:\/\/www.sonoraenequipo.com.mx\/el-consejo-de-salubridad-general-de-mexico-llevara-a-cabo-un-censo-sobre-enfermedades-raras\/","title":{"rendered":"El Consejo de Salubridad General de M\u00e9xico llevar\u00e1 a cabo un censo sobre enfermedades raras"},"content":{"rendered":"<p>CIUDAD DE M\u00c9XICO. MX. \u2014 El Consejo de Salubridad General (CSG), que encabeza el secretario de Salud, Jorge Alcocer Varela, llevar\u00e1 a cabo el primer Censo Nacional de Pacientes con Enfermedades Raras, del 1\u00ba de octubre del 2021 al 15 de enero del 2022, que permitir\u00e1 contar por primera vez con informaci\u00f3n para la construcci\u00f3n de un registro nacional que ser\u00e1 p\u00fablico.<\/p>\n<p>&nbsp;<\/p>\n<p> <\/p>\n<p>&nbsp;<\/p>\n<p>Durante la primera sesi\u00f3n plenaria 2021 del Consejo de Salubridad General, que se llev\u00f3 a cabo el 11 de agosto, se aprob\u00f3 la realizaci\u00f3n del primer censo que se levantar\u00e1 de forma virtual a trav\u00e9s del dominio www.csg.gob.mx localizado en la p\u00e1gina oficial del CSG, con los m\u00e1s altos niveles de certificaci\u00f3n en protecci\u00f3n de datos personales.<\/p>\n<p>&nbsp;<\/p>\n<p>Para el registro, las personas participantes solo requieren contar con su Clave \u00danica de Registro de Poblaci\u00f3n (CURP), y datos de la enfermedad que padecen, a partir de los cuales se realizar\u00e1 la captura e identificaci\u00f3n de pacientes.<\/p>\n<p>&nbsp;<\/p>\n<p>Las enfermedades raras, de origen desconocido y escasa evidencia cient\u00edfica para el diagn\u00f3stico y tratamiento, tienen en com\u00fan el peligro de muerte o invalidez cr\u00f3nica, debido a que suelen confundirse o asociarse con otros padecimientos m\u00e1s conocidos.<\/p>\n<p>&nbsp;<\/p>\n<p>En el art\u00edculo 224 de la Ley General de Salud se define a las enfermedades raras como aquellas que tienen baja incidencia, es decir, se presentan pocos casos en un a\u00f1o, y baja prevalencia -pocas personas las padecen- de no m\u00e1s de cinco registros por cada 10 mil habitantes.<\/p>\n<p>&nbsp;<\/p>\n<p>La mayor\u00eda tiene causas gen\u00e9ticas; sin embargo, 20 por ciento corresponde a inmunodeficiencias, enfermedades autoinmunes e infecciones. Por el grado de complejidad, muchas de las y los pacientes son diagnosticados hasta despu\u00e9s de cinco a\u00f1os y, en uno de cada cinco casos, despu\u00e9s de 10 o m\u00e1s a\u00f1os.<\/p>\n<p>&nbsp;<\/p>\n<p>Para coordinar esfuerzos de atenci\u00f3n a esta problem\u00e1tica y brindar atenci\u00f3n integral, en 2017 se cre\u00f3 la Comisi\u00f3n para el An\u00e1lisis, Evaluaci\u00f3n, Registro y Seguimiento de las Enfermedades Raras, actualmente integrada por los titulares del Instituto de Salud para el Bienestar (Insabi) y la Comisi\u00f3n Federal para la Protecci\u00f3n contra Riesgos Sanitarios (Cofepris), como representantes de la Secretar\u00eda de Salud.<\/p>\n<p>&nbsp;<\/p>\n<p>Tambi\u00e9n participan las secretar\u00edas de la Defensa Nacional (Sedena) y de Marina (Semar), as\u00ed como el Instituto Mexicano del Seguro Social (IMSS); Instituto de Seguridad y Servicios Sociales de los Trabajadores del Estado (Issste) y Petr\u00f3leos Mexicanos (Pemex), y como invitados permanentes: la Subsecretar\u00eda de Prevenci\u00f3n y Promoci\u00f3n de la Salud y la Comisi\u00f3n Coordinadora de Institutos Nacionales de Salud y Hospitales de Alta Especialidad (CCINSHAE), entre otros.<\/p>\n<p>&nbsp;<\/p>\n<p>El 14 de junio del 2018, la Comisi\u00f3n para el An\u00e1lisis, Evaluaci\u00f3n, Registro y Seguimiento de las Enfermedades Raras dio a conocer el \u00faltimo listado oficial donde consigna que se tienen documentadas 20 enfermedades raras.<\/p>\n<p>&nbsp;<\/p>\n<p>Esta comisi\u00f3n integr\u00f3 un grupo de personas expertas para el diagn\u00f3stico temprano de enfermedades raras, mediante el fortalecimiento del tamiz neonatal; mejora de criterios de referencia y contrarreferencia, as\u00ed como la consolidaci\u00f3n de medidas de control en ni\u00f1as y ni\u00f1os para la detecci\u00f3n temprana de posibles deficiencias gen\u00e9ticas.<\/p>\n<p>&nbsp;<\/p>\n<p>El trabajo de la comisi\u00f3n tambi\u00e9n se enfoca en impulsar lineamientos para la integraci\u00f3n del asesoramiento gen\u00e9tico que evite la aparici\u00f3n de nuevos casos de enfermedades raras, entre las que se encuentran la mucopolisacaridosis, enfermedad de Gaucher, s\u00edndrome de Turner, espina b\u00edfida, fibrosis qu\u00edstica, histiocitosis, fenilcetonuria, galactosemia y homocistinuria.<\/p>\n<p>&nbsp;<\/p>\n<p>(Publicada el 30\/09\/2021)<\/p>\n","protected":false},"excerpt":{"rendered":"<p>CIUDAD DE M\u00c9XICO. MX. \u2014 El Consejo de Salubridad General (CSG), que encabeza el secretario&#8230;<\/p>\n","protected":false},"author":1,"featured_media":123954,"comment_status":"open","ping_status":"open","sticky":false,"template":"","format":"standard","meta":{"_monsterinsights_skip_tracking":false,"_monsterinsights_sitenote_active":false,"_monsterinsights_sitenote_note":"","_monsterinsights_sitenote_category":0,"footnotes":""},"categories":[5],"tags":[],"class_list":["post"],"yoast_head":" \n<title>Sonora en Equipo. El Consejo de Salubridad General de M\u00e9xico llevar\u00e1 a cabo un censo sobre enfermedades raras Rep\u00fablica<\/title>\n<meta name=\"description\" content=\"CIUDAD DE M\u00c9XICO. MX. \u2014 El Consejo de Salubridad General (CSG), que encabeza el secretario de Salud, Jorge Alcocer Varela, llevar\u00e1 a cabo el primer Censo En Sonora en Equipo publicamos toda la informaci\u00f3n de Sonora, M\u00e9xico y el Mundo de manera oportuna y busca que la libertad de expresi\u00f3n sea real. Visita nuestro medio informativo publicado desde Hermosillo, Sonora. %\" \/>\n<meta name=\"robots\" content=\"index, follow, max-snippet:-1, max-image-preview:large, max-video-preview:-1\" \/>\n<link rel=\"canonical\" href=\"https:\/\/www.sonoraenequipo.com.mx\/el-consejo-de-salubridad-general-de-mexico-llevara-a-cabo-un-censo-sobre-enfermedades-raras\/\" \/>\n<meta property=\"og:locale\" content=\"es_ES\" \/>\n<meta property=\"og:type\" content=\"article\" \/>\n<meta property=\"og:title\" content=\"Sonora en Equipo. El Consejo de Salubridad General de M\u00e9xico llevar\u00e1 a cabo un censo sobre enfermedades raras Rep\u00fablica\" \/>\n<meta property=\"og:description\" content=\"CIUDAD DE M\u00c9XICO. MX. \u2014 El Consejo de Salubridad General (CSG), que encabeza el secretario de Salud, Jorge Alcocer Varela, llevar\u00e1 a cabo el primer Censo En Sonora en Equipo publicamos toda la informaci\u00f3n de Sonora, M\u00e9xico y el Mundo de manera oportuna y busca que la libertad de expresi\u00f3n sea real. Visita nuestro medio informativo publicado desde Hermosillo, Sonora. %\" \/>\n<meta property=\"og:url\" content=\"https:\/\/www.sonoraenequipo.com.mx\/el-consejo-de-salubridad-general-de-mexico-llevara-a-cabo-un-censo-sobre-enfermedades-raras\/\" \/>\n<meta property=\"og:site_name\" content=\"Sonora en Equipo.\" \/>\n<meta property=\"article:publisher\" content=\"https:\/\/www.facebook.com\/SonoraEE\/\" \/>\n<meta property=\"article:author\" content=\"https:\/\/www.facebook.com\/SonoraEE\" \/>\n<meta property=\"article:published_time\" content=\"2021-09-30T13:15:47+00:00\" \/>\n<meta property=\"article:modified_time\" content=\"2021-09-30T16:15:14+00:00\" \/>\n<meta property=\"og:image\" content=\"https:\/\/www.sonoraenequipo.com.mx\/storage\/2021\/09\/enfermedades-raras_opt.jpg\" \/>\n\t<meta property=\"og:image:width\" content=\"700\" \/>\n\t<meta property=\"og:image:height\" content=\"400\" \/>\n\t<meta property=\"og:image:type\" content=\"image\/jpeg\" \/>\n<meta name=\"author\" content=\"enequipo\" \/>\n<meta name=\"twitter:card\" content=\"summary_large_image\" \/>\n<meta name=\"twitter:creator\" content=\"@sonoraenequipo\" \/>\n<meta name=\"twitter:site\" content=\"@sonoraenequipo\" \/>\n<meta name=\"twitter:label1\" content=\"Escrito por\" \/>\n\t<meta name=\"twitter:data1\" content=\"enequipo\" \/>\n\t<meta name=\"twitter:label2\" content=\"Tiempo de lectura\" \/>\n\t<meta name=\"twitter:data2\" content=\"3 minutos\" \/>\n<script type=\"application\/ld+json\" class=\"yoast-schema-graph\">{\"@context\":\"https:\/\/schema.org\",\"@graph\":[{\"@type\":\"Article\",\"@id\":\"https:\/\/www.sonoraenequipo.com.mx\/el-consejo-de-salubridad-general-de-mexico-llevara-a-cabo-un-censo-sobre-enfermedades-raras\/#article\",\"isPartOf\":{\"@id\":\"https:\/\/www.sonoraenequipo.com.mx\/el-consejo-de-salubridad-general-de-mexico-llevara-a-cabo-un-censo-sobre-enfermedades-raras\/\"},\"author\":{\"name\":\"enequipo\",\"@id\":\"https:\/\/www.sonoraenequipo.com.mx\/#\/schema\/person\/50102df0fb23a8fa9e8effad8fa81386\"},\"headline\":\"El Consejo de Salubridad General de M\u00e9xico llevar\u00e1 a cabo un censo sobre enfermedades raras\",\"datePublished\":\"2021-09-30T13:15:47+00:00\",\"dateModified\":\"2021-09-30T16:15:14+00:00\",\"mainEntityOfPage\":{\"@id\":\"https:\/\/www.sonoraenequipo.com.mx\/el-consejo-de-salubridad-general-de-mexico-llevara-a-cabo-un-censo-sobre-enfermedades-raras\/\"},\"wordCount\":631,\"commentCount\":0,\"publisher\":{\"@id\":\"https:\/\/www.sonoraenequipo.com.mx\/#organization\"},\"image\":{\"@id\":\"https:\/\/www.sonoraenequipo.com.mx\/el-consejo-de-salubridad-general-de-mexico-llevara-a-cabo-un-censo-sobre-enfermedades-raras\/#primaryimage\"},\"thumbnailUrl\":\"https:\/\/www.sonoraenequipo.com.mx\/storage\/2021\/09\/enfermedades-raras_opt.jpg\",\"articleSection\":[\"Rep\u00fablica\"],\"inLanguage\":\"es\",\"potentialAction\":[{\"@type\":\"CommentAction\",\"name\":\"Comment\",\"target\":[\"https:\/\/www.sonoraenequipo.com.mx\/el-consejo-de-salubridad-general-de-mexico-llevara-a-cabo-un-censo-sobre-enfermedades-raras\/#respond\"]}]},{\"@type\":\"WebPage\",\"@id\":\"https:\/\/www.sonoraenequipo.com.mx\/el-consejo-de-salubridad-general-de-mexico-llevara-a-cabo-un-censo-sobre-enfermedades-raras\/\",\"url\":\"https:\/\/www.sonoraenequipo.com.mx\/el-consejo-de-salubridad-general-de-mexico-llevara-a-cabo-un-censo-sobre-enfermedades-raras\/\",\"name\":\"Sonora en Equipo. El Consejo de Salubridad General de M\u00e9xico llevar\u00e1 a cabo un censo sobre enfermedades raras Rep\u00fablica\",\"isPartOf\":{\"@id\":\"https:\/\/www.sonoraenequipo.com.mx\/#website\"},\"primaryImageOfPage\":{\"@id\":\"https:\/\/www.sonoraenequipo.com.mx\/el-consejo-de-salubridad-general-de-mexico-llevara-a-cabo-un-censo-sobre-enfermedades-raras\/#primaryimage\"},\"image\":{\"@id\":\"https:\/\/www.sonoraenequipo.com.mx\/el-consejo-de-salubridad-general-de-mexico-llevara-a-cabo-un-censo-sobre-enfermedades-raras\/#primaryimage\"},\"thumbnailUrl\":\"https:\/\/www.sonoraenequipo.com.mx\/storage\/2021\/09\/enfermedades-raras_opt.jpg\",\"datePublished\":\"2021-09-30T13:15:47+00:00\",\"dateModified\":\"2021-09-30T16:15:14+00:00\",\"description\":\"CIUDAD DE M\u00c9XICO. MX. \u2014 El Consejo de Salubridad General (CSG), que encabeza el secretario de Salud, Jorge Alcocer Varela, llevar\u00e1 a cabo el primer Censo En Sonora en Equipo publicamos toda la informaci\u00f3n de Sonora, M\u00e9xico y el Mundo de manera oportuna y busca que la libertad de expresi\u00f3n sea real. Visita nuestro medio informativo publicado desde Hermosillo, Sonora. %\",\"breadcrumb\":{\"@id\":\"https:\/\/www.sonoraenequipo.com.mx\/el-consejo-de-salubridad-general-de-mexico-llevara-a-cabo-un-censo-sobre-enfermedades-raras\/#breadcrumb\"},\"inLanguage\":\"es\",\"potentialAction\":[{\"@type\":\"ReadAction\",\"target\":[\"https:\/\/www.sonoraenequipo.com.mx\/el-consejo-de-salubridad-general-de-mexico-llevara-a-cabo-un-censo-sobre-enfermedades-raras\/\"]}]},{\"@type\":\"ImageObject\",\"inLanguage\":\"es\",\"@id\":\"https:\/\/www.sonoraenequipo.com.mx\/el-consejo-de-salubridad-general-de-mexico-llevara-a-cabo-un-censo-sobre-enfermedades-raras\/#primaryimage\",\"url\":\"https:\/\/www.sonoraenequipo.com.mx\/storage\/2021\/09\/enfermedades-raras_opt.jpg\",\"contentUrl\":\"https:\/\/www.sonoraenequipo.com.mx\/storage\/2021\/09\/enfermedades-raras_opt.jpg\",\"width\":700,\"height\":400},{\"@type\":\"BreadcrumbList\",\"@id\":\"https:\/\/www.sonoraenequipo.com.mx\/el-consejo-de-salubridad-general-de-mexico-llevara-a-cabo-un-censo-sobre-enfermedades-raras\/#breadcrumb\",\"itemListElement\":[{\"@type\":\"ListItem\",\"position\":1,\"name\":\"Portada\",\"item\":\"https:\/\/www.sonoraenequipo.com.mx\/\"},{\"@type\":\"ListItem\",\"position\":2,\"name\":\"El Consejo de Salubridad General de M\u00e9xico llevar\u00e1 a cabo un censo sobre enfermedades raras\"}]},{\"@type\":\"WebSite\",\"@id\":\"https:\/\/www.sonoraenequipo.com.mx\/#website\",\"url\":\"https:\/\/www.sonoraenequipo.com.mx\/\",\"name\":\"Sonora en Equipo.\",\"description\":\"Diario en l\u00ednea con Noticias desde Hermosillo, Sonora\",\"publisher\":{\"@id\":\"https:\/\/www.sonoraenequipo.com.mx\/#organization\"},\"potentialAction\":[{\"@type\":\"SearchAction\",\"target\":{\"@type\":\"EntryPoint\",\"urlTemplate\":\"https:\/\/www.sonoraenequipo.com.mx\/?s={search_term_string}\"},\"query-input\":{\"@type\":\"PropertyValueSpecification\",\"valueRequired\":true,\"valueName\":\"search_term_string\"}}],\"inLanguage\":\"es\"},{\"@type\":\"Organization\",\"@id\":\"https:\/\/www.sonoraenequipo.com.mx\/#organization\",\"name\":\"Sonoraenequipo.com.mx\",\"url\":\"https:\/\/www.sonoraenequipo.com.mx\/\",\"logo\":{\"@type\":\"ImageObject\",\"inLanguage\":\"es\",\"@id\":\"https:\/\/www.sonoraenequipo.com.mx\/#\/schema\/logo\/image\/\",\"url\":\"https:\/\/www.sonoraenequipo.com.mx\/storage\/2019\/01\/sonoraenequipo_opt.png\",\"contentUrl\":\"https:\/\/www.sonoraenequipo.com.mx\/storage\/2019\/01\/sonoraenequipo_opt.png\",\"width\":375,\"height\":125,\"caption\":\"Sonoraenequipo.com.mx\"},\"image\":{\"@id\":\"https:\/\/www.sonoraenequipo.com.mx\/#\/schema\/logo\/image\/\"},\"sameAs\":[\"https:\/\/www.facebook.com\/SonoraEE\/\",\"https:\/\/x.com\/sonoraenequipo\",\"https:\/\/www.youtube.com\/channel\/UC338nW-lPEYmJQs4ZABQ1SQ\"]},{\"@type\":\"Person\",\"@id\":\"https:\/\/www.sonoraenequipo.com.mx\/#\/schema\/person\/50102df0fb23a8fa9e8effad8fa81386\",\"name\":\"enequipo\",\"image\":{\"@type\":\"ImageObject\",\"inLanguage\":\"es\",\"@id\":\"https:\/\/www.sonoraenequipo.com.mx\/#\/schema\/person\/image\/\",\"url\":\"https:\/\/secure.gravatar.com\/avatar\/049821681b589dabc0bc20695993ccebb09f5b5d4d790cd9251b97faac7c652b?s=96&d=blank&r=g\",\"contentUrl\":\"https:\/\/secure.gravatar.com\/avatar\/049821681b589dabc0bc20695993ccebb09f5b5d4d790cd9251b97faac7c652b?s=96&d=blank&r=g\",\"caption\":\"enequipo\"},\"sameAs\":[\"https:\/\/www.facebook.com\/SonoraEE\"]}]}<\/script>\n ","yoast_head_json":{"title":"Sonora en Equipo. El Consejo de Salubridad General de M\u00e9xico llevar\u00e1 a cabo un censo sobre enfermedades raras Rep\u00fablica","description":"CIUDAD DE M\u00c9XICO. MX. \u2014 El Consejo de Salubridad General (CSG), que encabeza el secretario de Salud, Jorge Alcocer Varela, llevar\u00e1 a cabo el primer Censo En Sonora en Equipo publicamos toda la informaci\u00f3n de Sonora, M\u00e9xico y el Mundo de manera oportuna y busca que la libertad de expresi\u00f3n sea real. Visita nuestro medio informativo publicado desde Hermosillo, Sonora. %","robots":{"index":"index","follow":"follow","max-snippet":"max-snippet:-1","max-image-preview":"max-image-preview:large","max-video-preview":"max-video-preview:-1"},"canonical":"https:\/\/www.sonoraenequipo.com.mx\/el-consejo-de-salubridad-general-de-mexico-llevara-a-cabo-un-censo-sobre-enfermedades-raras\/","og_locale":"es_ES","og_type":"article","og_title":"Sonora en Equipo. El Consejo de Salubridad General de M\u00e9xico llevar\u00e1 a cabo un censo sobre enfermedades raras Rep\u00fablica","og_description":"CIUDAD DE M\u00c9XICO. MX. \u2014 El Consejo de Salubridad General (CSG), que encabeza el secretario de Salud, Jorge Alcocer Varela, llevar\u00e1 a cabo el primer Censo En Sonora en Equipo publicamos toda la informaci\u00f3n de Sonora, M\u00e9xico y el Mundo de manera oportuna y busca que la libertad de expresi\u00f3n sea real. Visita nuestro medio informativo publicado desde Hermosillo, Sonora. %","og_url":"https:\/\/www.sonoraenequipo.com.mx\/el-consejo-de-salubridad-general-de-mexico-llevara-a-cabo-un-censo-sobre-enfermedades-raras\/","og_site_name":"Sonora en Equipo.","article_publisher":"https:\/\/www.facebook.com\/SonoraEE\/","article_author":"https:\/\/www.facebook.com\/SonoraEE","article_published_time":"2021-09-30T13:15:47+00:00","article_modified_time":"2021-09-30T16:15:14+00:00","og_image":[{"width":700,"height":400,"url":"https:\/\/www.sonoraenequipo.com.mx\/storage\/2021\/09\/enfermedades-raras_opt.jpg","type":"image\/jpeg"}],"author":"enequipo","twitter_card":"summary_large_image","twitter_creator":"@sonoraenequipo","twitter_site":"@sonoraenequipo","twitter_misc":{"Escrito por":"enequipo","Tiempo de lectura":"3 minutos"},"schema":{"@context":"https:\/\/schema.org","@graph":[{"@type":"Article","@id":"https:\/\/www.sonoraenequipo.com.mx\/el-consejo-de-salubridad-general-de-mexico-llevara-a-cabo-un-censo-sobre-enfermedades-raras\/#article","isPartOf":{"@id":"https:\/\/www.sonoraenequipo.com.mx\/el-consejo-de-salubridad-general-de-mexico-llevara-a-cabo-un-censo-sobre-enfermedades-raras\/"},"author":{"name":"enequipo","@id":"https:\/\/www.sonoraenequipo.com.mx\/#\/schema\/person\/50102df0fb23a8fa9e8effad8fa81386"},"headline":"El Consejo de Salubridad General de M\u00e9xico llevar\u00e1 a cabo un censo sobre enfermedades raras","datePublished":"2021-09-30T13:15:47+00:00","dateModified":"2021-09-30T16:15:14+00:00","mainEntityOfPage":{"@id":"https:\/\/www.sonoraenequipo.com.mx\/el-consejo-de-salubridad-general-de-mexico-llevara-a-cabo-un-censo-sobre-enfermedades-raras\/"},"wordCount":631,"commentCount":0,"publisher":{"@id":"https:\/\/www.sonoraenequipo.com.mx\/#organization"},"image":{"@id":"https:\/\/www.sonoraenequipo.com.mx\/el-consejo-de-salubridad-general-de-mexico-llevara-a-cabo-un-censo-sobre-enfermedades-raras\/#primaryimage"},"thumbnailUrl":"https:\/\/www.sonoraenequipo.com.mx\/storage\/2021\/09\/enfermedades-raras_opt.jpg","articleSection":["Rep\u00fablica"],"inLanguage":"es","potentialAction":[{"@type":"CommentAction","name":"Comment","target":["https:\/\/www.sonoraenequipo.com.mx\/el-consejo-de-salubridad-general-de-mexico-llevara-a-cabo-un-censo-sobre-enfermedades-raras\/#respond"]}]},{"@type":"WebPage","@id":"https:\/\/www.sonoraenequipo.com.mx\/el-consejo-de-salubridad-general-de-mexico-llevara-a-cabo-un-censo-sobre-enfermedades-raras\/","url":"https:\/\/www.sonoraenequipo.com.mx\/el-consejo-de-salubridad-general-de-mexico-llevara-a-cabo-un-censo-sobre-enfermedades-raras\/","name":"Sonora en Equipo. El Consejo de Salubridad General de M\u00e9xico llevar\u00e1 a cabo un censo sobre enfermedades raras Rep\u00fablica","isPartOf":{"@id":"https:\/\/www.sonoraenequipo.com.mx\/#website"},"primaryImageOfPage":{"@id":"https:\/\/www.sonoraenequipo.com.mx\/el-consejo-de-salubridad-general-de-mexico-llevara-a-cabo-un-censo-sobre-enfermedades-raras\/#primaryimage"},"image":{"@id":"https:\/\/www.sonoraenequipo.com.mx\/el-consejo-de-salubridad-general-de-mexico-llevara-a-cabo-un-censo-sobre-enfermedades-raras\/#primaryimage"},"thumbnailUrl":"https:\/\/www.sonoraenequipo.com.mx\/storage\/2021\/09\/enfermedades-raras_opt.jpg","datePublished":"2021-09-30T13:15:47+00:00","dateModified":"2021-09-30T16:15:14+00:00","description":"CIUDAD DE M\u00c9XICO. MX. \u2014 El Consejo de Salubridad General (CSG), que encabeza el secretario de Salud, Jorge Alcocer Varela, llevar\u00e1 a cabo el primer Censo En Sonora en Equipo publicamos toda la informaci\u00f3n de Sonora, M\u00e9xico y el Mundo de manera oportuna y busca que la libertad de expresi\u00f3n sea real. Visita nuestro medio informativo publicado desde Hermosillo, Sonora. %","breadcrumb":{"@id":"https:\/\/www.sonoraenequipo.com.mx\/el-consejo-de-salubridad-general-de-mexico-llevara-a-cabo-un-censo-sobre-enfermedades-raras\/#breadcrumb"},"inLanguage":"es","potentialAction":[{"@type":"ReadAction","target":["https:\/\/www.sonoraenequipo.com.mx\/el-consejo-de-salubridad-general-de-mexico-llevara-a-cabo-un-censo-sobre-enfermedades-raras\/"]}]},{"@type":"ImageObject","inLanguage":"es","@id":"https:\/\/www.sonoraenequipo.com.mx\/el-consejo-de-salubridad-general-de-mexico-llevara-a-cabo-un-censo-sobre-enfermedades-raras\/#primaryimage","url":"https:\/\/www.sonoraenequipo.com.mx\/storage\/2021\/09\/enfermedades-raras_opt.jpg","contentUrl":"https:\/\/www.sonoraenequipo.com.mx\/storage\/2021\/09\/enfermedades-raras_opt.jpg","width":700,"height":400},{"@type":"BreadcrumbList","@id":"https:\/\/www.sonoraenequipo.com.mx\/el-consejo-de-salubridad-general-de-mexico-llevara-a-cabo-un-censo-sobre-enfermedades-raras\/#breadcrumb","itemListElement":[{"@type":"ListItem","position":1,"name":"Portada","item":"https:\/\/www.sonoraenequipo.com.mx\/"},{"@type":"ListItem","position":2,"name":"El Consejo de Salubridad General de M\u00e9xico llevar\u00e1 a cabo un censo sobre enfermedades raras"}]},{"@type":"WebSite","@id":"https:\/\/www.sonoraenequipo.com.mx\/#website","url":"https:\/\/www.sonoraenequipo.com.mx\/","name":"Sonora en Equipo.","description":"Diario en l\u00ednea con Noticias desde Hermosillo, Sonora","publisher":{"@id":"https:\/\/www.sonoraenequipo.com.mx\/#organization"},"potentialAction":[{"@type":"SearchAction","target":{"@type":"EntryPoint","urlTemplate":"https:\/\/www.sonoraenequipo.com.mx\/?s={search_term_string}"},"query-input":{"@type":"PropertyValueSpecification","valueRequired":true,"valueName":"search_term_string"}}],"inLanguage":"es"},{"@type":"Organization","@id":"https:\/\/www.sonoraenequipo.com.mx\/#organization","name":"Sonoraenequipo.com.mx","url":"https:\/\/www.sonoraenequipo.com.mx\/","logo":{"@type":"ImageObject","inLanguage":"es","@id":"https:\/\/www.sonoraenequipo.com.mx\/#\/schema\/logo\/image\/","url":"https:\/\/www.sonoraenequipo.com.mx\/storage\/2019\/01\/sonoraenequipo_opt.png","contentUrl":"https:\/\/www.sonoraenequipo.com.mx\/storage\/2019\/01\/sonoraenequipo_opt.png","width":375,"height":125,"caption":"Sonoraenequipo.com.mx"},"image":{"@id":"https:\/\/www.sonoraenequipo.com.mx\/#\/schema\/logo\/image\/"},"sameAs":["https:\/\/www.facebook.com\/SonoraEE\/","https:\/\/x.com\/sonoraenequipo","https:\/\/www.youtube.com\/channel\/UC338nW-lPEYmJQs4ZABQ1SQ"]},{"@type":"Person","@id":"https:\/\/www.sonoraenequipo.com.mx\/#\/schema\/person\/50102df0fb23a8fa9e8effad8fa81386","name":"enequipo","image":{"@type":"ImageObject","inLanguage":"es","@id":"https:\/\/www.sonoraenequipo.com.mx\/#\/schema\/person\/image\/","url":"https:\/\/secure.gravatar.com\/avatar\/049821681b589dabc0bc20695993ccebb09f5b5d4d790cd9251b97faac7c652b?s=96&d=blank&r=g","contentUrl":"https:\/\/secure.gravatar.com\/avatar\/049821681b589dabc0bc20695993ccebb09f5b5d4d790cd9251b97faac7c652b?s=96&d=blank&r=g","caption":"enequipo"},"sameAs":["https:\/\/www.facebook.com\/SonoraEE"]}]}},"jetpack_featured_media_url":"https:\/\/www.sonoraenequipo.com.mx\/storage\/2021\/09\/enfermedades-raras_opt.jpg","_links":{"self":[{"href":"https:\/\/www.sonoraenequipo.com.mx\/api\/wp\/v2\/posts\/123952","targetHints":{"allow":["GET"]}}],"collection":[{"href":"https:\/\/www.sonoraenequipo.com.mx\/api\/wp\/v2\/posts"}],"about":[{"href":"https:\/\/www.sonoraenequipo.com.mx\/api\/wp\/v2\/types\/post"}],"author":[{"embeddable":true,"href":"https:\/\/www.sonoraenequipo.com.mx\/api\/wp\/v2\/users\/1"}],"replies":[{"embeddable":true,"href":"https:\/\/www.sonoraenequipo.com.mx\/api\/wp\/v2\/comments?post=123952"}],"version-history":[{"count":1,"href":"https:\/\/www.sonoraenequipo.com.mx\/api\/wp\/v2\/posts\/123952\/revisions"}],"predecessor-version":[{"id":123955,"href":"https:\/\/www.sonoraenequipo.com.mx\/api\/wp\/v2\/posts\/123952\/revisions\/123955"}],"wp:featuredmedia":[{"embeddable":true,"href":"https:\/\/www.sonoraenequipo.com.mx\/api\/wp\/v2\/media\/123954"}],"wp:attachment":[{"href":"https:\/\/www.sonoraenequipo.com.mx\/api\/wp\/v2\/media?parent=123952"}],"wp:term":[{"taxonomy":"category","embeddable":true,"href":"https:\/\/www.sonoraenequipo.com.mx\/api\/wp\/v2\/categories?post=123952"},{"taxonomy":"post_tag","embeddable":true,"href":"https:\/\/www.sonoraenequipo.com.mx\/api\/wp\/v2\/tags?post=123952"}],"curies":[{"name":"wp","href":"https:\/\/api.w.org\/{rel}","templated":true}]}}