{"id":123964,"date":"2021-09-30T07:17:25","date_gmt":"2021-09-30T14:17:25","guid":{"rendered":"https:\/\/www.sonoraenequipo.com.mx\/?p=123964"},"modified":"2021-09-30T13:04:00","modified_gmt":"2021-09-30T20:04:00","slug":"es-el-momento-de-la-esperanza-del-cancun-que-viene-mara-lezama","status":"publish","type":"post","link":"https:\/\/www.sonoraenequipo.com.mx\/es-el-momento-de-la-esperanza-del-cancun-que-viene-mara-lezama\/","title":{"rendered":"Es el momento de la esperanza, del Canc\u00fan que viene: Mara Lezama"},"content":{"rendered":"<p>CANC\u00daN, QUINTANA ROO. MX. \u2014 \u00a0 \u201c<em>Vamos juntos con un gobierno probado, con la confianza que me han refrendado. Vamos a seguir construyendo sin descanso un municipio con un futuro m\u00e1s pr\u00f3spero y equitativo\u201d,<\/em> sostuvo la Presidenta Municipal Mara Lezama, al tomar protesta de ley al frente del H. Ayuntamiento Constitucional de Benito Ju\u00e1rez 2021-2024.<\/p>\n<p>&nbsp;<\/p>\n<p> <\/p>\n<p>&nbsp;<\/p>\n<p>La ceremonia p\u00fablica de Toma de Protesta se realiz\u00f3 en la Plaza de la Reforma del Palacio Municipal, con la honrosa presencia del gobernador Carlos Joaqu\u00edn Gonz\u00e1lez; el magistrado presidente del Tribunal Superior de Justicia y Consejo de la Judicatura, Jos\u00e9 Antonio Le\u00f3n Ruiz; y el presidente de la Junta de Gobierno y Coordinaci\u00f3n Pol\u00edtica de la XVI Legislatura del Congreso del Estado, Eduardo Mart\u00ednez Arcila.<\/p>\n<p>&nbsp;<\/p>\n<p>Mara Lezama recibi\u00f3 el respaldo total del presidente nacional y la secretaria general de Morena, Mario Delgado Carrillo y Citlalli Hern\u00e1ndez Mora, respectivamente; los diputados federales de la LXV Legislatura de la C\u00e1mara de Diputados: Yeidckol Polevnsky Gurwitz, Antonio P\u00e9rez Garibay, Santy Montemayor Castillo, Laura Fern\u00e1ndez Pi\u00f1a, Anah\u00ed Gonz\u00e1lez Hern\u00e1ndez, Alberto Bat\u00fan Chulim y Manuel Alejandro Robles G\u00f3mez; de legisladores federales y locales as\u00ed como de figuras empresariales y sociales.<\/p>\n<p>&nbsp;<\/p>\n<p>La Presidenta Municipal se\u00f1al\u00f3 que en esta fecha se comienza una nueva etapa de generaci\u00f3n pol\u00edtica y fuerza constructora para dar continuidad al compromiso adquirido en la administraci\u00f3n 2018-2021.<\/p>\n<p>&nbsp;<\/p>\n<p><em>\u201cEn tres a\u00f1os construimos los cimientos de buen gobierno, cercan\u00eda ciudadana, orden jur\u00eddico, transparencia, finanzas sanas, seriedad pol\u00edtica, honestidad, que hacen posible la transformaci\u00f3n<\/em>\u201d, dijo.<\/p>\n<p>&nbsp;<\/p>\n<p>Ante, su familia e invitados espaciales que siguieron protocolos sanitarios, expuso que ahora sigue darle forma definitiva y construir sobre esa gran base la casa com\u00fan que nos incluya a todos, especialmente a quienes no tiene m\u00e1s riqueza que sus ganas de trabajar por el bienestar de los suyos.<\/p>\n<p>&nbsp;<\/p>\n<p>Mara Lezama expres\u00f3 a los benitojuarenses su agradecimiento por la renovaci\u00f3n de confianza para seguirles dando voz, llevar la luz de la esperanza a todos los rincones del municipio, as\u00ed como responder con resultados concretos para acabar con el desorden y las brechas de desigualdad que d\u00e9cadas afectaron a este para\u00edso.<\/p>\n<p>&nbsp;<\/p>\n<p><em>\u201cHoy me presento ante ustedes, frente a la encomienda que por segunda ocasi\u00f3n ponen en mis manos, una responsabilidad que asumo con entusiasmo y humildad. Soy la misma Mara de palabra y entrega, siempre trabajando a ras de piso, del lado de las causas ciudadanas, dispuesta al di\u00e1logo y a la suma de esfuerzos\u201d<\/em>, destac\u00f3.<\/p>\n<p>&nbsp;<\/p>\n<p>Afirm\u00f3 que <em>\u201ccomo Presidenta Municipal, reitero mi permanente disposici\u00f3n al encuentro, al entendimiento con todas y cada una de las fuerzas y corrientes pol\u00edticas que en esta tierra convergen\u201d.<\/em><\/p>\n<p>&nbsp;<\/p>\n<p>&nbsp;<\/p>\n<p>Agreg\u00f3 que este proyecto democr\u00e1tico que representa la administraci\u00f3n 2021-2024, refleja los ideales de trabajo y honestidad del presidente de la Rep\u00fablica, Andr\u00e9s Manuel L\u00f3pez Obrador.<\/p>\n<p>&nbsp;<\/p>\n<p><em>\u201cCon el pueblo todo, sin el pueblo nada. Por Canc\u00fan siempre, sin su gente nunca. En esta nueva etapa debemos entender y asumir claramente, que por encima de cualquier diferencia, est\u00e1 el bien superior, que es el pueblo de Benito Ju\u00e1rez\u201d,<\/em> reafirm\u00f3.<\/p>\n<p>&nbsp;<\/p>\n<p>De igual forma, la Presidenta Municipal agradeci\u00f3 la adecuada coordinaci\u00f3n y trabajo con el titular del Ejecutivo Estatal, que permiti\u00f3 la implementaci\u00f3n de estrategias en materia de recuperaci\u00f3n econ\u00f3mica, apoyos sociales y cuidado de la salud como las campa\u00f1as de vacunaci\u00f3n, para hacerle frente a las adversidades de la pandemia.<\/p>\n<p>&nbsp;<\/p>\n<p>Tomando como base las caracter\u00edsticas de Benito Ju\u00e1rez como un destino que trabaja, crece y avanza r\u00e1pido, que apuesta por la competitividad y la diversificaci\u00f3n en su econom\u00eda, Mara Lezama record\u00f3 que ya se han dado los primeros pasos para afianzar el liderazgo tur\u00edstico nacional e internacional que le caracteriza, al poner en marcha el proyecto integral \u201cDistrito Canc\u00fan\u201d para convertir el centro de la ciudad en el verdadero epicentro de la identidad cancunense.<\/p>\n<p>&nbsp;<\/p>\n<p><em>\u201cCon el mejoramiento de las vialidades, la apertura de nuevos emprendimientos, cambios en la se\u00f1al\u00e9tica y el redise\u00f1o de la imagen urbana, siempre inclusiva y responsable con el ambiente, vamos a convertir este espacio fundacional en referente de turismo urbano, gastron\u00f3mico y cultural, para que sea un valor agregado a nuestra oferta y a la vez, contribuir a cerrar las brechas de desigualdad\u201d,<\/em> asegur\u00f3.<\/p>\n<p>&nbsp;<\/p>\n<p>La Presidenta Municipal destac\u00f3 que para refrendar el orgullo de ser la cara de M\u00e9xico ante el mundo y la puerta de entrada al Caribe Mexicano, gracias al apoyo e inversi\u00f3n del Gobierno de M\u00e9xico, se consolidar\u00e1 la renovaci\u00f3n y modernizaci\u00f3n del Bulevar Colosio para recibir a millones de turistas nacionales y extranjeros, al igual que se realizar\u00e1n acciones de mejoramiento en el Malec\u00f3n Tajamar, un espacio colectivo recuperado por y para los benitojuarenses.<\/p>\n<p>&nbsp;<\/p>\n<p><em>\u201cHoy somos testigos de un trato gubernamental federal m\u00e1s justo con la regi\u00f3n sureste del pa\u00eds. La estaci\u00f3n proyectada en el Aeropuerto Internacional de Canc\u00fan constituye el coraz\u00f3n mismo del Tren Maya, situando a nuestra ciudad en el centro de los m\u00e1s de mil 500 kil\u00f3metros de esperanza que van a unir y acercar a los estados de la Rep\u00fablica\u201d,<\/em> indic\u00f3.<\/p>\n<p>&nbsp;<\/p>\n<p>Para cerrar su mensaje a la poblaci\u00f3n, Mara Lezama convoc\u00f3 a los servidores p\u00fablicos a sumarse al esfuerzo colectivo para beneficio de Benito Ju\u00e1rez, al ser parte de una nueva generaci\u00f3n con una actitud de pensamiento diferente y acci\u00f3n en la pol\u00edtica, para que la sociedad sienta el cumplimiento de los compromisos con cabalidad y respeto.<\/p>\n<p>&nbsp;<\/p>\n<p><em>\u201cYa hicimos de Canc\u00fan tierra de todas y de todos; ahora, es justo que tambi\u00e9n sea tierra de todas nuestras esperanzas. El nuestro ha sido y ser\u00e1 un gobierno guiado por las y los habitantes, que coloca en la prioridad de lo p\u00fablico las aspiraciones de una mejor calidad de vida y que se ocupa de la ciudadan\u00eda con la fuerza del activismo social\u201d,<\/em> enfatiz\u00f3.<\/p>\n<p>&nbsp;<\/p>\n<p>En la misma Plaza de la Reforma, la Presidenta Municipal Mara Lezama ratific\u00f3 el mando de la Secretar\u00eda Municipal de Seguridad P\u00fablica y Tr\u00e1nsito, a cargo del Capit\u00e1n Rub\u00e9n Oyarvide, a fin de dar seguimiento a las acciones de prevenci\u00f3n en materia de seguridad p\u00fablica.<\/p>\n<p>&nbsp;<\/p>\n<p>\u201c<em>Asumo nuevamente el mando de la Secretar\u00eda Municipal de Seguridad P\u00fablica y Tr\u00e1nsito y de manera decidida, ratifico mi permanente disposici\u00f3n para procurar la seguridad colectiva bajo el esquema del Mando \u00danico, coordin\u00e1ndonos con el Gobierno de M\u00e9xico, el Gobierno del Estado, el Ej\u00e9rcito Mexicano, la Marina Armada y la Guardia Nacional\u201d,<\/em> dijo.<\/p>\n<p>&nbsp;<\/p>\n<p>Como parte del protocolo oficial, en la Primera Sesi\u00f3n Solemne de Instalaci\u00f3n del Honorable Ayuntamiento Constitucional 2021 \u2013 2024 tambi\u00e9n tomaron protesta de ley tambi\u00e9n el S\u00edndico y regidores como integrantes del Cabildo.<\/p>\n<p>&nbsp;<\/p>\n<p>Posteriormente, como un ejercicio de rendici\u00f3n de cuentas, tambi\u00e9n Mara Lezama firm\u00f3 el acta administrativa de entrega y recepci\u00f3n por transici\u00f3n con la modalidad de elecci\u00f3n consecutiva, en presencia del Comit\u00e9 de Participaci\u00f3n Ciudadana para la Transparencia del Proceso de Entrega y Recepci\u00f3n.<\/p>\n<p>&nbsp;<\/p>\n<p>Adem\u00e1s, recibi\u00f3 de parte de la representante de la Auditor\u00eda Superior del Estado de Quintana Roo (ASEQROO) y directora de Innovaci\u00f3n y Desarrollo Institucional, Cristhy Idaly Morales L\u00f3pez, el informe del monitoreo que realiz\u00f3 este \u00f3rgano aut\u00f3nomo al Ayuntamiento sobre el estado que guarda la administraci\u00f3n p\u00fablica en todas sus dependencias.<\/p>\n<p>&nbsp;<\/p>\n<p>&nbsp;<\/p>\n<p>&nbsp;<\/p>\n<p>&nbsp;<\/p>\n<p>(Publicada el 30\/09\/2021)<\/p>\n","protected":false},"excerpt":{"rendered":"<p>CANC\u00daN, QUINTANA ROO. MX. \u2014 \u00a0 \u201cVamos juntos con un gobierno probado, con la confianza&#8230;<\/p>\n","protected":false},"author":1,"featured_media":123976,"comment_status":"open","ping_status":"open","sticky":false,"template":"","format":"standard","meta":{"_monsterinsights_skip_tracking":false,"_monsterinsights_sitenote_active":false,"_monsterinsights_sitenote_note":"","_monsterinsights_sitenote_category":0,"footnotes":""},"categories":[5],"tags":[],"class_list":["post"],"yoast_head":" \n<title>Sonora en Equipo. Es el momento de la esperanza, del Canc\u00fan que viene: Mara Lezama Rep\u00fablica<\/title>\n<meta name=\"description\" content=\"CANC\u00daN, QUINTANA ROO. MX. \u2014 \u00a0 \u201cVamos juntos con un gobierno probado, con la confianza que me han refrendado. Vamos a seguir construyendo sin descanso un En Sonora en Equipo publicamos toda la informaci\u00f3n de Sonora, M\u00e9xico y el Mundo de manera oportuna y busca que la libertad de expresi\u00f3n sea real. Visita nuestro medio informativo publicado desde Hermosillo, Sonora. %\" \/>\n<meta name=\"robots\" content=\"index, follow, max-snippet:-1, max-image-preview:large, max-video-preview:-1\" \/>\n<link rel=\"canonical\" href=\"https:\/\/www.sonoraenequipo.com.mx\/es-el-momento-de-la-esperanza-del-cancun-que-viene-mara-lezama\/\" \/>\n<meta property=\"og:locale\" content=\"es_ES\" \/>\n<meta property=\"og:type\" content=\"article\" \/>\n<meta property=\"og:title\" content=\"Sonora en Equipo. Es el momento de la esperanza, del Canc\u00fan que viene: Mara Lezama Rep\u00fablica\" \/>\n<meta property=\"og:description\" content=\"CANC\u00daN, QUINTANA ROO. MX. \u2014 \u00a0 \u201cVamos juntos con un gobierno probado, con la confianza que me han refrendado. Vamos a seguir construyendo sin descanso un En Sonora en Equipo publicamos toda la informaci\u00f3n de Sonora, M\u00e9xico y el Mundo de manera oportuna y busca que la libertad de expresi\u00f3n sea real. Visita nuestro medio informativo publicado desde Hermosillo, Sonora. %\" \/>\n<meta property=\"og:url\" content=\"https:\/\/www.sonoraenequipo.com.mx\/es-el-momento-de-la-esperanza-del-cancun-que-viene-mara-lezama\/\" \/>\n<meta property=\"og:site_name\" content=\"Sonora en Equipo.\" \/>\n<meta property=\"article:publisher\" content=\"https:\/\/www.facebook.com\/SonoraEE\/\" \/>\n<meta property=\"article:author\" content=\"https:\/\/www.facebook.com\/SonoraEE\" \/>\n<meta property=\"article:published_time\" content=\"2021-09-30T14:17:25+00:00\" \/>\n<meta property=\"article:modified_time\" content=\"2021-09-30T20:04:00+00:00\" \/>\n<meta property=\"og:image\" content=\"https:\/\/www.sonoraenequipo.com.mx\/storage\/2021\/09\/Mara-Lezama30_opt.jpg\" \/>\n\t<meta property=\"og:image:width\" content=\"700\" \/>\n\t<meta property=\"og:image:height\" content=\"400\" \/>\n\t<meta property=\"og:image:type\" content=\"image\/jpeg\" \/>\n<meta name=\"author\" content=\"enequipo\" \/>\n<meta name=\"twitter:card\" content=\"summary_large_image\" \/>\n<meta name=\"twitter:creator\" content=\"@sonoraenequipo\" \/>\n<meta name=\"twitter:site\" content=\"@sonoraenequipo\" \/>\n<meta name=\"twitter:label1\" content=\"Escrito por\" \/>\n\t<meta name=\"twitter:data1\" content=\"enequipo\" \/>\n\t<meta name=\"twitter:label2\" content=\"Tiempo de lectura\" \/>\n\t<meta name=\"twitter:data2\" content=\"6 minutos\" \/>\n<script type=\"application\/ld+json\" class=\"yoast-schema-graph\">{\"@context\":\"https:\/\/schema.org\",\"@graph\":[{\"@type\":\"Article\",\"@id\":\"https:\/\/www.sonoraenequipo.com.mx\/es-el-momento-de-la-esperanza-del-cancun-que-viene-mara-lezama\/#article\",\"isPartOf\":{\"@id\":\"https:\/\/www.sonoraenequipo.com.mx\/es-el-momento-de-la-esperanza-del-cancun-que-viene-mara-lezama\/\"},\"author\":{\"name\":\"enequipo\",\"@id\":\"https:\/\/www.sonoraenequipo.com.mx\/#\/schema\/person\/50102df0fb23a8fa9e8effad8fa81386\"},\"headline\":\"Es el momento de la esperanza, del Canc\u00fan que viene: Mara Lezama\",\"datePublished\":\"2021-09-30T14:17:25+00:00\",\"dateModified\":\"2021-09-30T20:04:00+00:00\",\"mainEntityOfPage\":{\"@id\":\"https:\/\/www.sonoraenequipo.com.mx\/es-el-momento-de-la-esperanza-del-cancun-que-viene-mara-lezama\/\"},\"wordCount\":1324,\"commentCount\":0,\"publisher\":{\"@id\":\"https:\/\/www.sonoraenequipo.com.mx\/#organization\"},\"image\":{\"@id\":\"https:\/\/www.sonoraenequipo.com.mx\/es-el-momento-de-la-esperanza-del-cancun-que-viene-mara-lezama\/#primaryimage\"},\"thumbnailUrl\":\"https:\/\/www.sonoraenequipo.com.mx\/storage\/2021\/09\/Mara-Lezama30_opt.jpg\",\"articleSection\":[\"Rep\u00fablica\"],\"inLanguage\":\"es\",\"potentialAction\":[{\"@type\":\"CommentAction\",\"name\":\"Comment\",\"target\":[\"https:\/\/www.sonoraenequipo.com.mx\/es-el-momento-de-la-esperanza-del-cancun-que-viene-mara-lezama\/#respond\"]}]},{\"@type\":\"WebPage\",\"@id\":\"https:\/\/www.sonoraenequipo.com.mx\/es-el-momento-de-la-esperanza-del-cancun-que-viene-mara-lezama\/\",\"url\":\"https:\/\/www.sonoraenequipo.com.mx\/es-el-momento-de-la-esperanza-del-cancun-que-viene-mara-lezama\/\",\"name\":\"Sonora en Equipo. Es el momento de la esperanza, del Canc\u00fan que viene: Mara Lezama Rep\u00fablica\",\"isPartOf\":{\"@id\":\"https:\/\/www.sonoraenequipo.com.mx\/#website\"},\"primaryImageOfPage\":{\"@id\":\"https:\/\/www.sonoraenequipo.com.mx\/es-el-momento-de-la-esperanza-del-cancun-que-viene-mara-lezama\/#primaryimage\"},\"image\":{\"@id\":\"https:\/\/www.sonoraenequipo.com.mx\/es-el-momento-de-la-esperanza-del-cancun-que-viene-mara-lezama\/#primaryimage\"},\"thumbnailUrl\":\"https:\/\/www.sonoraenequipo.com.mx\/storage\/2021\/09\/Mara-Lezama30_opt.jpg\",\"datePublished\":\"2021-09-30T14:17:25+00:00\",\"dateModified\":\"2021-09-30T20:04:00+00:00\",\"description\":\"CANC\u00daN, QUINTANA ROO. MX. \u2014 \u00a0 \u201cVamos juntos con un gobierno probado, con la confianza que me han refrendado. Vamos a seguir construyendo sin descanso un En Sonora en Equipo publicamos toda la informaci\u00f3n de Sonora, M\u00e9xico y el Mundo de manera oportuna y busca que la libertad de expresi\u00f3n sea real. Visita nuestro medio informativo publicado desde Hermosillo, Sonora. %\",\"breadcrumb\":{\"@id\":\"https:\/\/www.sonoraenequipo.com.mx\/es-el-momento-de-la-esperanza-del-cancun-que-viene-mara-lezama\/#breadcrumb\"},\"inLanguage\":\"es\",\"potentialAction\":[{\"@type\":\"ReadAction\",\"target\":[\"https:\/\/www.sonoraenequipo.com.mx\/es-el-momento-de-la-esperanza-del-cancun-que-viene-mara-lezama\/\"]}]},{\"@type\":\"ImageObject\",\"inLanguage\":\"es\",\"@id\":\"https:\/\/www.sonoraenequipo.com.mx\/es-el-momento-de-la-esperanza-del-cancun-que-viene-mara-lezama\/#primaryimage\",\"url\":\"https:\/\/www.sonoraenequipo.com.mx\/storage\/2021\/09\/Mara-Lezama30_opt.jpg\",\"contentUrl\":\"https:\/\/www.sonoraenequipo.com.mx\/storage\/2021\/09\/Mara-Lezama30_opt.jpg\",\"width\":700,\"height\":400},{\"@type\":\"BreadcrumbList\",\"@id\":\"https:\/\/www.sonoraenequipo.com.mx\/es-el-momento-de-la-esperanza-del-cancun-que-viene-mara-lezama\/#breadcrumb\",\"itemListElement\":[{\"@type\":\"ListItem\",\"position\":1,\"name\":\"Portada\",\"item\":\"https:\/\/www.sonoraenequipo.com.mx\/\"},{\"@type\":\"ListItem\",\"position\":2,\"name\":\"Es el momento de la esperanza, del Canc\u00fan que viene: Mara Lezama\"}]},{\"@type\":\"WebSite\",\"@id\":\"https:\/\/www.sonoraenequipo.com.mx\/#website\",\"url\":\"https:\/\/www.sonoraenequipo.com.mx\/\",\"name\":\"Sonora en Equipo.\",\"description\":\"Diario en l\u00ednea con Noticias desde Hermosillo, Sonora\",\"publisher\":{\"@id\":\"https:\/\/www.sonoraenequipo.com.mx\/#organization\"},\"potentialAction\":[{\"@type\":\"SearchAction\",\"target\":{\"@type\":\"EntryPoint\",\"urlTemplate\":\"https:\/\/www.sonoraenequipo.com.mx\/?s={search_term_string}\"},\"query-input\":{\"@type\":\"PropertyValueSpecification\",\"valueRequired\":true,\"valueName\":\"search_term_string\"}}],\"inLanguage\":\"es\"},{\"@type\":\"Organization\",\"@id\":\"https:\/\/www.sonoraenequipo.com.mx\/#organization\",\"name\":\"Sonoraenequipo.com.mx\",\"url\":\"https:\/\/www.sonoraenequipo.com.mx\/\",\"logo\":{\"@type\":\"ImageObject\",\"inLanguage\":\"es\",\"@id\":\"https:\/\/www.sonoraenequipo.com.mx\/#\/schema\/logo\/image\/\",\"url\":\"https:\/\/www.sonoraenequipo.com.mx\/storage\/2019\/01\/sonoraenequipo_opt.png\",\"contentUrl\":\"https:\/\/www.sonoraenequipo.com.mx\/storage\/2019\/01\/sonoraenequipo_opt.png\",\"width\":375,\"height\":125,\"caption\":\"Sonoraenequipo.com.mx\"},\"image\":{\"@id\":\"https:\/\/www.sonoraenequipo.com.mx\/#\/schema\/logo\/image\/\"},\"sameAs\":[\"https:\/\/www.facebook.com\/SonoraEE\/\",\"https:\/\/x.com\/sonoraenequipo\",\"https:\/\/www.youtube.com\/channel\/UC338nW-lPEYmJQs4ZABQ1SQ\"]},{\"@type\":\"Person\",\"@id\":\"https:\/\/www.sonoraenequipo.com.mx\/#\/schema\/person\/50102df0fb23a8fa9e8effad8fa81386\",\"name\":\"enequipo\",\"image\":{\"@type\":\"ImageObject\",\"inLanguage\":\"es\",\"@id\":\"https:\/\/www.sonoraenequipo.com.mx\/#\/schema\/person\/image\/\",\"url\":\"https:\/\/secure.gravatar.com\/avatar\/049821681b589dabc0bc20695993ccebb09f5b5d4d790cd9251b97faac7c652b?s=96&d=blank&r=g\",\"contentUrl\":\"https:\/\/secure.gravatar.com\/avatar\/049821681b589dabc0bc20695993ccebb09f5b5d4d790cd9251b97faac7c652b?s=96&d=blank&r=g\",\"caption\":\"enequipo\"},\"sameAs\":[\"https:\/\/www.facebook.com\/SonoraEE\"]}]}<\/script>\n ","yoast_head_json":{"title":"Sonora en Equipo. Es el momento de la esperanza, del Canc\u00fan que viene: Mara Lezama Rep\u00fablica","description":"CANC\u00daN, QUINTANA ROO. MX. \u2014 \u00a0 \u201cVamos juntos con un gobierno probado, con la confianza que me han refrendado. Vamos a seguir construyendo sin descanso un En Sonora en Equipo publicamos toda la informaci\u00f3n de Sonora, M\u00e9xico y el Mundo de manera oportuna y busca que la libertad de expresi\u00f3n sea real. Visita nuestro medio informativo publicado desde Hermosillo, Sonora. %","robots":{"index":"index","follow":"follow","max-snippet":"max-snippet:-1","max-image-preview":"max-image-preview:large","max-video-preview":"max-video-preview:-1"},"canonical":"https:\/\/www.sonoraenequipo.com.mx\/es-el-momento-de-la-esperanza-del-cancun-que-viene-mara-lezama\/","og_locale":"es_ES","og_type":"article","og_title":"Sonora en Equipo. Es el momento de la esperanza, del Canc\u00fan que viene: Mara Lezama Rep\u00fablica","og_description":"CANC\u00daN, QUINTANA ROO. MX. \u2014 \u00a0 \u201cVamos juntos con un gobierno probado, con la confianza que me han refrendado. Vamos a seguir construyendo sin descanso un En Sonora en Equipo publicamos toda la informaci\u00f3n de Sonora, M\u00e9xico y el Mundo de manera oportuna y busca que la libertad de expresi\u00f3n sea real. Visita nuestro medio informativo publicado desde Hermosillo, Sonora. %","og_url":"https:\/\/www.sonoraenequipo.com.mx\/es-el-momento-de-la-esperanza-del-cancun-que-viene-mara-lezama\/","og_site_name":"Sonora en Equipo.","article_publisher":"https:\/\/www.facebook.com\/SonoraEE\/","article_author":"https:\/\/www.facebook.com\/SonoraEE","article_published_time":"2021-09-30T14:17:25+00:00","article_modified_time":"2021-09-30T20:04:00+00:00","og_image":[{"width":700,"height":400,"url":"https:\/\/www.sonoraenequipo.com.mx\/storage\/2021\/09\/Mara-Lezama30_opt.jpg","type":"image\/jpeg"}],"author":"enequipo","twitter_card":"summary_large_image","twitter_creator":"@sonoraenequipo","twitter_site":"@sonoraenequipo","twitter_misc":{"Escrito por":"enequipo","Tiempo de lectura":"6 minutos"},"schema":{"@context":"https:\/\/schema.org","@graph":[{"@type":"Article","@id":"https:\/\/www.sonoraenequipo.com.mx\/es-el-momento-de-la-esperanza-del-cancun-que-viene-mara-lezama\/#article","isPartOf":{"@id":"https:\/\/www.sonoraenequipo.com.mx\/es-el-momento-de-la-esperanza-del-cancun-que-viene-mara-lezama\/"},"author":{"name":"enequipo","@id":"https:\/\/www.sonoraenequipo.com.mx\/#\/schema\/person\/50102df0fb23a8fa9e8effad8fa81386"},"headline":"Es el momento de la esperanza, del Canc\u00fan que viene: Mara Lezama","datePublished":"2021-09-30T14:17:25+00:00","dateModified":"2021-09-30T20:04:00+00:00","mainEntityOfPage":{"@id":"https:\/\/www.sonoraenequipo.com.mx\/es-el-momento-de-la-esperanza-del-cancun-que-viene-mara-lezama\/"},"wordCount":1324,"commentCount":0,"publisher":{"@id":"https:\/\/www.sonoraenequipo.com.mx\/#organization"},"image":{"@id":"https:\/\/www.sonoraenequipo.com.mx\/es-el-momento-de-la-esperanza-del-cancun-que-viene-mara-lezama\/#primaryimage"},"thumbnailUrl":"https:\/\/www.sonoraenequipo.com.mx\/storage\/2021\/09\/Mara-Lezama30_opt.jpg","articleSection":["Rep\u00fablica"],"inLanguage":"es","potentialAction":[{"@type":"CommentAction","name":"Comment","target":["https:\/\/www.sonoraenequipo.com.mx\/es-el-momento-de-la-esperanza-del-cancun-que-viene-mara-lezama\/#respond"]}]},{"@type":"WebPage","@id":"https:\/\/www.sonoraenequipo.com.mx\/es-el-momento-de-la-esperanza-del-cancun-que-viene-mara-lezama\/","url":"https:\/\/www.sonoraenequipo.com.mx\/es-el-momento-de-la-esperanza-del-cancun-que-viene-mara-lezama\/","name":"Sonora en Equipo. Es el momento de la esperanza, del Canc\u00fan que viene: Mara Lezama Rep\u00fablica","isPartOf":{"@id":"https:\/\/www.sonoraenequipo.com.mx\/#website"},"primaryImageOfPage":{"@id":"https:\/\/www.sonoraenequipo.com.mx\/es-el-momento-de-la-esperanza-del-cancun-que-viene-mara-lezama\/#primaryimage"},"image":{"@id":"https:\/\/www.sonoraenequipo.com.mx\/es-el-momento-de-la-esperanza-del-cancun-que-viene-mara-lezama\/#primaryimage"},"thumbnailUrl":"https:\/\/www.sonoraenequipo.com.mx\/storage\/2021\/09\/Mara-Lezama30_opt.jpg","datePublished":"2021-09-30T14:17:25+00:00","dateModified":"2021-09-30T20:04:00+00:00","description":"CANC\u00daN, QUINTANA ROO. MX. \u2014 \u00a0 \u201cVamos juntos con un gobierno probado, con la confianza que me han refrendado. Vamos a seguir construyendo sin descanso un En Sonora en Equipo publicamos toda la informaci\u00f3n de Sonora, M\u00e9xico y el Mundo de manera oportuna y busca que la libertad de expresi\u00f3n sea real. Visita nuestro medio informativo publicado desde Hermosillo, Sonora. %","breadcrumb":{"@id":"https:\/\/www.sonoraenequipo.com.mx\/es-el-momento-de-la-esperanza-del-cancun-que-viene-mara-lezama\/#breadcrumb"},"inLanguage":"es","potentialAction":[{"@type":"ReadAction","target":["https:\/\/www.sonoraenequipo.com.mx\/es-el-momento-de-la-esperanza-del-cancun-que-viene-mara-lezama\/"]}]},{"@type":"ImageObject","inLanguage":"es","@id":"https:\/\/www.sonoraenequipo.com.mx\/es-el-momento-de-la-esperanza-del-cancun-que-viene-mara-lezama\/#primaryimage","url":"https:\/\/www.sonoraenequipo.com.mx\/storage\/2021\/09\/Mara-Lezama30_opt.jpg","contentUrl":"https:\/\/www.sonoraenequipo.com.mx\/storage\/2021\/09\/Mara-Lezama30_opt.jpg","width":700,"height":400},{"@type":"BreadcrumbList","@id":"https:\/\/www.sonoraenequipo.com.mx\/es-el-momento-de-la-esperanza-del-cancun-que-viene-mara-lezama\/#breadcrumb","itemListElement":[{"@type":"ListItem","position":1,"name":"Portada","item":"https:\/\/www.sonoraenequipo.com.mx\/"},{"@type":"ListItem","position":2,"name":"Es el momento de la esperanza, del Canc\u00fan que viene: Mara Lezama"}]},{"@type":"WebSite","@id":"https:\/\/www.sonoraenequipo.com.mx\/#website","url":"https:\/\/www.sonoraenequipo.com.mx\/","name":"Sonora en Equipo.","description":"Diario en l\u00ednea con Noticias desde Hermosillo, Sonora","publisher":{"@id":"https:\/\/www.sonoraenequipo.com.mx\/#organization"},"potentialAction":[{"@type":"SearchAction","target":{"@type":"EntryPoint","urlTemplate":"https:\/\/www.sonoraenequipo.com.mx\/?s={search_term_string}"},"query-input":{"@type":"PropertyValueSpecification","valueRequired":true,"valueName":"search_term_string"}}],"inLanguage":"es"},{"@type":"Organization","@id":"https:\/\/www.sonoraenequipo.com.mx\/#organization","name":"Sonoraenequipo.com.mx","url":"https:\/\/www.sonoraenequipo.com.mx\/","logo":{"@type":"ImageObject","inLanguage":"es","@id":"https:\/\/www.sonoraenequipo.com.mx\/#\/schema\/logo\/image\/","url":"https:\/\/www.sonoraenequipo.com.mx\/storage\/2019\/01\/sonoraenequipo_opt.png","contentUrl":"https:\/\/www.sonoraenequipo.com.mx\/storage\/2019\/01\/sonoraenequipo_opt.png","width":375,"height":125,"caption":"Sonoraenequipo.com.mx"},"image":{"@id":"https:\/\/www.sonoraenequipo.com.mx\/#\/schema\/logo\/image\/"},"sameAs":["https:\/\/www.facebook.com\/SonoraEE\/","https:\/\/x.com\/sonoraenequipo","https:\/\/www.youtube.com\/channel\/UC338nW-lPEYmJQs4ZABQ1SQ"]},{"@type":"Person","@id":"https:\/\/www.sonoraenequipo.com.mx\/#\/schema\/person\/50102df0fb23a8fa9e8effad8fa81386","name":"enequipo","image":{"@type":"ImageObject","inLanguage":"es","@id":"https:\/\/www.sonoraenequipo.com.mx\/#\/schema\/person\/image\/","url":"https:\/\/secure.gravatar.com\/avatar\/049821681b589dabc0bc20695993ccebb09f5b5d4d790cd9251b97faac7c652b?s=96&d=blank&r=g","contentUrl":"https:\/\/secure.gravatar.com\/avatar\/049821681b589dabc0bc20695993ccebb09f5b5d4d790cd9251b97faac7c652b?s=96&d=blank&r=g","caption":"enequipo"},"sameAs":["https:\/\/www.facebook.com\/SonoraEE"]}]}},"jetpack_featured_media_url":"https:\/\/www.sonoraenequipo.com.mx\/storage\/2021\/09\/Mara-Lezama30_opt.jpg","_links":{"self":[{"href":"https:\/\/www.sonoraenequipo.com.mx\/api\/wp\/v2\/posts\/123964","targetHints":{"allow":["GET"]}}],"collection":[{"href":"https:\/\/www.sonoraenequipo.com.mx\/api\/wp\/v2\/posts"}],"about":[{"href":"https:\/\/www.sonoraenequipo.com.mx\/api\/wp\/v2\/types\/post"}],"author":[{"embeddable":true,"href":"https:\/\/www.sonoraenequipo.com.mx\/api\/wp\/v2\/users\/1"}],"replies":[{"embeddable":true,"href":"https:\/\/www.sonoraenequipo.com.mx\/api\/wp\/v2\/comments?post=123964"}],"version-history":[{"count":2,"href":"https:\/\/www.sonoraenequipo.com.mx\/api\/wp\/v2\/posts\/123964\/revisions"}],"predecessor-version":[{"id":123978,"href":"https:\/\/www.sonoraenequipo.com.mx\/api\/wp\/v2\/posts\/123964\/revisions\/123978"}],"wp:featuredmedia":[{"embeddable":true,"href":"https:\/\/www.sonoraenequipo.com.mx\/api\/wp\/v2\/media\/123976"}],"wp:attachment":[{"href":"https:\/\/www.sonoraenequipo.com.mx\/api\/wp\/v2\/media?parent=123964"}],"wp:term":[{"taxonomy":"category","embeddable":true,"href":"https:\/\/www.sonoraenequipo.com.mx\/api\/wp\/v2\/categories?post=123964"},{"taxonomy":"post_tag","embeddable":true,"href":"https:\/\/www.sonoraenequipo.com.mx\/api\/wp\/v2\/tags?post=123964"}],"curies":[{"name":"wp","href":"https:\/\/api.w.org\/{rel}","templated":true}]}}